{"id":5633,"date":"2024-09-03T08:24:00","date_gmt":"2024-09-03T06:24:00","guid":{"rendered":"https:\/\/fdd-ihedn.fr\/?p=5633"},"modified":"2024-09-24T11:30:19","modified_gmt":"2024-09-24T09:30:19","slug":"chaire-ecodef-julien-malizard-devient-titulaire-de-la-chaire-economie-de-defense-ihedn","status":"publish","type":"post","link":"https:\/\/fdd-ihedn.fr\/en\/chaire-ecodef-julien-malizard-devient-titulaire-de-la-chaire-economie-de-defense-ihedn\/","title":{"rendered":"[chaire ECODEF] Julien Malizard devient titulaire de la chaire \u00c9conomie de d\u00e9fense &#8211; IHEDN !"},"content":{"rendered":"<p>After more than ten years at the head of the chair, <strong>Jean Belin hands over to <a href=\"https:\/\/www.linkedin.com\/company\/28502662\/admin\/page-posts\/published\/?share=true#\">Julien Malizard<\/a><\/strong>, who until now has been deputy chairman.<\/p>\n\n\n\n<figure class=\"wp-block-image size-full\"><img loading=\"lazy\" decoding=\"async\" width=\"921\" height=\"658\" src=\"https:\/\/fdd-ihedn.fr\/wp-content\/uploads\/2024\/09\/JB-JM-7-5.png\" alt=\"\" class=\"wp-image-5634\" srcset=\"https:\/\/fdd-ihedn.fr\/wp-content\/uploads\/2024\/09\/JB-JM-7-5.png 921w, https:\/\/fdd-ihedn.fr\/wp-content\/uploads\/2024\/09\/JB-JM-7-5-300x214.png 300w, https:\/\/fdd-ihedn.fr\/wp-content\/uploads\/2024\/09\/JB-JM-7-5-768x549.png 768w, https:\/\/fdd-ihedn.fr\/wp-content\/uploads\/2024\/09\/JB-JM-7-5-588x420.png 588w, https:\/\/fdd-ihedn.fr\/wp-content\/uploads\/2024\/09\/JB-JM-7-5-696x497.png 696w, https:\/\/fdd-ihedn.fr\/wp-content\/uploads\/2024\/09\/JB-JM-7-5-100x70.png 100w\" sizes=\"auto, (max-width: 921px) 100vw, 921px\" \/><\/figure>\n\n\n\n<p>Since its creation in January 2014, the Defence Economics Chair at\u2019<a href=\"https:\/\/www.linkedin.com\/company\/28502662\/admin\/page-posts\/published\/?share=true#\">Institut des hautes \u00e9tudes de d\u00e9fense nationale IHEDN<\/a> has never stopped <strong>produce benchmark academic research<\/strong>, This has resulted in numerous publications (books, articles, analyses, etc.) of recognised quality by public and private decision-makers, as well as the scientific community.<\/p>\n\n\n\n<p>It is for this reason that the Chair - which in 2023 was one of the <strong>founding members of\u2019<a href=\"https:\/\/www.linkedin.com\/company\/28502662\/admin\/page-posts\/published\/?share=true#\">\u00c9cole Militaire Defence Academy<\/a><\/strong> - is now invited to take part in major international events dedicated to research into defence and security issues.<\/p>\n\n\n\n<p>This expertise also enabled the organisation of <strong>numerous large-scale events<\/strong> (conferences, webinars, etc.) which have helped to disseminate defence economics thinking to an ever-growing audience.<\/p>\n\n\n\n<p>L\u2019<strong>uninterrupted investment by the research team<\/strong> has made the chair a <strong>key player<\/strong> in the French and European strategic landscape.<\/p>\n\n\n\n<p><strong>All the members and partners of the Chair would like to extend their warmest thanks to Jean Belin<\/strong> for all this and wish him all the best for the future.<\/p>\n\n\n\n<p>Le <strong>project led by <a href=\"https:\/\/www.linkedin.com\/company\/28502662\/admin\/page-posts\/published\/?share=true#\">Julien Malizard<\/a> and <a href=\"https:\/\/www.linkedin.com\/company\/28502662\/admin\/page-posts\/published\/?share=true#\">Josselin Droff<\/a><\/strong>&nbsp;will enable the chair to <strong>pursue and expand its actions<\/strong> in terms of disseminating academic thinking, in order to promote the defence economy ever more widely.<\/p>","protected":false},"excerpt":{"rendered":"<p>Apr\u00e8s plus dix ann\u00e9es \u00e0 la t\u00eate de la chaire, Jean Belin passe la main \u00e0 Julien Malizard, qui \u00e9tait jusqu\u2019\u00e0 pr\u00e9sent titulaire adjoint. Depuis sa cr\u00e9ation en janvier 2014, la chaire \u00c9conomie de d\u00e9fense de l&rsquo;Institut des hautes \u00e9tudes de d\u00e9fense nationale IHEDN n\u2019a eu de cesse de produire une recherche universitaire de r\u00e9f\u00e9rence, [&hellip;]<\/p>\n","protected":false},"author":2,"featured_media":5634,"comment_status":"open","ping_status":"open","sticky":false,"template":"","format":"standard","meta":{"footnotes":""},"categories":[34,425,438],"tags":[448,83,562,287,202,86,349,563],"class_list":{"0":"post-5633","1":"post","2":"type-post","3":"status-publish","4":"format-standard","5":"has-post-thumbnail","7":"category-activites","8":"category-actualites","9":"category-chaire-economie-de-defense","10":"tag-ecodef","11":"tag-equipe","12":"tag-gouvernance","13":"tag-jean-belin","14":"tag-josselin-droff","15":"tag-julien-malizard","16":"tag-nomination","17":"tag-titulaire"},"yoast_head":"<!-- This site is optimized with the Yoast SEO plugin v27.4 - https:\/\/yoast.com\/product\/yoast-seo-wordpress\/ -->\n<title>[chaire ECODEF] Julien Malizard devient titulaire de la chaire \u00c9conomie de d\u00e9fense - IHEDN ! - Fonds de dotation de l&#039;IHEDN<\/title>\n<meta name=\"robots\" content=\"index, follow, max-snippet:-1, max-image-preview:large, max-video-preview:-1\" \/>\n<link rel=\"canonical\" href=\"https:\/\/fdd-ihedn.fr\/en\/chaire-ecodef-julien-malizard-devient-titulaire-de-la-chaire-economie-de-defense-ihedn\/\" \/>\n<meta property=\"og:locale\" content=\"en_GB\" \/>\n<meta property=\"og:type\" content=\"article\" \/>\n<meta property=\"og:title\" content=\"[chaire ECODEF] Julien Malizard devient titulaire de la chaire \u00c9conomie de d\u00e9fense - IHEDN ! - Fonds de dotation de l&#039;IHEDN\" \/>\n<meta property=\"og:description\" content=\"Apr\u00e8s plus dix ann\u00e9es \u00e0 la t\u00eate de la chaire, Jean Belin passe la main \u00e0 Julien Malizard, qui \u00e9tait jusqu\u2019\u00e0 pr\u00e9sent titulaire adjoint. Depuis sa cr\u00e9ation en janvier 2014, la chaire \u00c9conomie de d\u00e9fense de l&rsquo;Institut des hautes \u00e9tudes de d\u00e9fense nationale IHEDN n\u2019a eu de cesse de produire une recherche universitaire de r\u00e9f\u00e9rence, [&hellip;]\" \/>\n<meta property=\"og:url\" content=\"https:\/\/fdd-ihedn.fr\/en\/chaire-ecodef-julien-malizard-devient-titulaire-de-la-chaire-economie-de-defense-ihedn\/\" \/>\n<meta property=\"og:site_name\" content=\"Fonds de dotation de l&#039;IHEDN\" \/>\n<meta property=\"article:published_time\" content=\"2024-09-03T06:24:00+00:00\" \/>\n<meta property=\"article:modified_time\" content=\"2024-09-24T09:30:19+00:00\" \/>\n<meta property=\"og:image\" content=\"https:\/\/fdd-ihedn.fr\/wp-content\/uploads\/2024\/09\/JB-JM-7-5.png\" \/>\n\t<meta property=\"og:image:width\" content=\"921\" \/>\n\t<meta property=\"og:image:height\" content=\"658\" \/>\n\t<meta property=\"og:image:type\" content=\"image\/png\" \/>\n<meta name=\"author\" content=\"Bertrand Demandre\" \/>\n<meta name=\"twitter:card\" content=\"summary_large_image\" \/>\n<meta name=\"twitter:creator\" content=\"@Chaire_Ecodef\" \/>\n<meta name=\"twitter:site\" content=\"@Chaire_Ecodef\" \/>\n<meta name=\"twitter:label1\" content=\"Written by\" \/>\n\t<meta name=\"twitter:data1\" content=\"Bertrand Demandre\" \/>\n\t<meta name=\"twitter:label2\" content=\"Estimated reading time\" \/>\n\t<meta name=\"twitter:data2\" content=\"2 minutes\" \/>\n<script type=\"application\/ld+json\" class=\"yoast-schema-graph\">{\"@context\":\"https:\\\/\\\/schema.org\",\"@graph\":[{\"@type\":\"Article\",\"@id\":\"https:\\\/\\\/fdd-ihedn.fr\\\/chaire-ecodef-julien-malizard-devient-titulaire-de-la-chaire-economie-de-defense-ihedn\\\/#article\",\"isPartOf\":{\"@id\":\"https:\\\/\\\/fdd-ihedn.fr\\\/chaire-ecodef-julien-malizard-devient-titulaire-de-la-chaire-economie-de-defense-ihedn\\\/\"},\"author\":{\"name\":\"Bertrand Demandre\",\"@id\":\"https:\\\/\\\/fdd-ihedn.fr\\\/#\\\/schema\\\/person\\\/9fe23d397304e152668f6ba7966b1a64\"},\"headline\":\"[chaire ECODEF] Julien Malizard devient titulaire de la chaire \u00c9conomie de d\u00e9fense &#8211; IHEDN !\",\"datePublished\":\"2024-09-03T06:24:00+00:00\",\"dateModified\":\"2024-09-24T09:30:19+00:00\",\"mainEntityOfPage\":{\"@id\":\"https:\\\/\\\/fdd-ihedn.fr\\\/chaire-ecodef-julien-malizard-devient-titulaire-de-la-chaire-economie-de-defense-ihedn\\\/\"},\"wordCount\":289,\"commentCount\":0,\"publisher\":{\"@id\":\"https:\\\/\\\/fdd-ihedn.fr\\\/#organization\"},\"image\":{\"@id\":\"https:\\\/\\\/fdd-ihedn.fr\\\/chaire-ecodef-julien-malizard-devient-titulaire-de-la-chaire-economie-de-defense-ihedn\\\/#primaryimage\"},\"thumbnailUrl\":\"https:\\\/\\\/fdd-ihedn.fr\\\/wp-content\\\/uploads\\\/2024\\\/09\\\/JB-JM-7-5.png\",\"keywords\":[\"ECODEF\",\"\u00e9quipe\",\"gouvernance\",\"Jean Belin\",\"Josselin Droff\",\"Julien Malizard\",\"nomination\",\"titulaire\"],\"articleSection\":[\"Activit\u00e9s\",\"Actualit\u00e9s\",\"Chaire \u00c9conomie de d\u00e9fense\"],\"inLanguage\":\"en-GB\",\"potentialAction\":[{\"@type\":\"CommentAction\",\"name\":\"Comment\",\"target\":[\"https:\\\/\\\/fdd-ihedn.fr\\\/chaire-ecodef-julien-malizard-devient-titulaire-de-la-chaire-economie-de-defense-ihedn\\\/#respond\"]}]},{\"@type\":\"WebPage\",\"@id\":\"https:\\\/\\\/fdd-ihedn.fr\\\/chaire-ecodef-julien-malizard-devient-titulaire-de-la-chaire-economie-de-defense-ihedn\\\/\",\"url\":\"https:\\\/\\\/fdd-ihedn.fr\\\/chaire-ecodef-julien-malizard-devient-titulaire-de-la-chaire-economie-de-defense-ihedn\\\/\",\"name\":\"[chaire ECODEF] Julien Malizard devient titulaire de la chaire \u00c9conomie de d\u00e9fense - IHEDN ! - Fonds de dotation de l&#039;IHEDN\",\"isPartOf\":{\"@id\":\"https:\\\/\\\/fdd-ihedn.fr\\\/#website\"},\"primaryImageOfPage\":{\"@id\":\"https:\\\/\\\/fdd-ihedn.fr\\\/chaire-ecodef-julien-malizard-devient-titulaire-de-la-chaire-economie-de-defense-ihedn\\\/#primaryimage\"},\"image\":{\"@id\":\"https:\\\/\\\/fdd-ihedn.fr\\\/chaire-ecodef-julien-malizard-devient-titulaire-de-la-chaire-economie-de-defense-ihedn\\\/#primaryimage\"},\"thumbnailUrl\":\"https:\\\/\\\/fdd-ihedn.fr\\\/wp-content\\\/uploads\\\/2024\\\/09\\\/JB-JM-7-5.png\",\"datePublished\":\"2024-09-03T06:24:00+00:00\",\"dateModified\":\"2024-09-24T09:30:19+00:00\",\"breadcrumb\":{\"@id\":\"https:\\\/\\\/fdd-ihedn.fr\\\/chaire-ecodef-julien-malizard-devient-titulaire-de-la-chaire-economie-de-defense-ihedn\\\/#breadcrumb\"},\"inLanguage\":\"en-GB\",\"potentialAction\":[{\"@type\":\"ReadAction\",\"target\":[\"https:\\\/\\\/fdd-ihedn.fr\\\/chaire-ecodef-julien-malizard-devient-titulaire-de-la-chaire-economie-de-defense-ihedn\\\/\"]}]},{\"@type\":\"ImageObject\",\"inLanguage\":\"en-GB\",\"@id\":\"https:\\\/\\\/fdd-ihedn.fr\\\/chaire-ecodef-julien-malizard-devient-titulaire-de-la-chaire-economie-de-defense-ihedn\\\/#primaryimage\",\"url\":\"https:\\\/\\\/fdd-ihedn.fr\\\/wp-content\\\/uploads\\\/2024\\\/09\\\/JB-JM-7-5.png\",\"contentUrl\":\"https:\\\/\\\/fdd-ihedn.fr\\\/wp-content\\\/uploads\\\/2024\\\/09\\\/JB-JM-7-5.png\",\"width\":921,\"height\":658},{\"@type\":\"BreadcrumbList\",\"@id\":\"https:\\\/\\\/fdd-ihedn.fr\\\/chaire-ecodef-julien-malizard-devient-titulaire-de-la-chaire-economie-de-defense-ihedn\\\/#breadcrumb\",\"itemListElement\":[{\"@type\":\"ListItem\",\"position\":1,\"name\":\"Accueil\",\"item\":\"https:\\\/\\\/fdd-ihedn.fr\\\/\"},{\"@type\":\"ListItem\",\"position\":2,\"name\":\"[chaire ECODEF] Julien Malizard devient titulaire de la chaire \u00c9conomie de d\u00e9fense &#8211; IHEDN !\"}]},{\"@type\":\"WebSite\",\"@id\":\"https:\\\/\\\/fdd-ihedn.fr\\\/#website\",\"url\":\"https:\\\/\\\/fdd-ihedn.fr\\\/\",\"name\":\"Fonds de dotation de l&#039;IHEDN\",\"description\":\"Des projets innovants d\u00e9velopp\u00e9s pour l&#039;IHEDN gr\u00e2ce au m\u00e9c\u00e9nat\",\"publisher\":{\"@id\":\"https:\\\/\\\/fdd-ihedn.fr\\\/#organization\"},\"potentialAction\":[{\"@type\":\"SearchAction\",\"target\":{\"@type\":\"EntryPoint\",\"urlTemplate\":\"https:\\\/\\\/fdd-ihedn.fr\\\/?s={search_term_string}\"},\"query-input\":{\"@type\":\"PropertyValueSpecification\",\"valueRequired\":true,\"valueName\":\"search_term_string\"}}],\"inLanguage\":\"en-GB\"},{\"@type\":\"Organization\",\"@id\":\"https:\\\/\\\/fdd-ihedn.fr\\\/#organization\",\"name\":\"Chaire \u00c9conomie de d\u00e9fense - IHEDN\",\"url\":\"https:\\\/\\\/fdd-ihedn.fr\\\/\",\"logo\":{\"@type\":\"ImageObject\",\"inLanguage\":\"en-GB\",\"@id\":\"https:\\\/\\\/fdd-ihedn.fr\\\/#\\\/schema\\\/logo\\\/image\\\/\",\"url\":\"https:\\\/\\\/fdd-ihedn.fr\\\/wp-content\\\/uploads\\\/2020\\\/04\\\/logoEcodef9.jpg\",\"contentUrl\":\"https:\\\/\\\/fdd-ihedn.fr\\\/wp-content\\\/uploads\\\/2020\\\/04\\\/logoEcodef9.jpg\",\"width\":410,\"height\":212,\"caption\":\"Chaire \u00c9conomie de d\u00e9fense - IHEDN\"},\"image\":{\"@id\":\"https:\\\/\\\/fdd-ihedn.fr\\\/#\\\/schema\\\/logo\\\/image\\\/\"},\"sameAs\":[\"https:\\\/\\\/x.com\\\/Chaire_Ecodef\",\"https:\\\/\\\/www.linkedin.com\\\/company\\\/chaire-ecodef-ihedn\\\/\"]},{\"@type\":\"Person\",\"@id\":\"https:\\\/\\\/fdd-ihedn.fr\\\/#\\\/schema\\\/person\\\/9fe23d397304e152668f6ba7966b1a64\",\"name\":\"Bertrand Demandre\",\"image\":{\"@type\":\"ImageObject\",\"inLanguage\":\"en-GB\",\"@id\":\"https:\\\/\\\/secure.gravatar.com\\\/avatar\\\/d9c9746d6c900ab5b9c0f9b1fa3932e369da923da247d624b8f7ab4ba8a3c093?s=96&d=mm&r=g\",\"url\":\"https:\\\/\\\/secure.gravatar.com\\\/avatar\\\/d9c9746d6c900ab5b9c0f9b1fa3932e369da923da247d624b8f7ab4ba8a3c093?s=96&d=mm&r=g\",\"contentUrl\":\"https:\\\/\\\/secure.gravatar.com\\\/avatar\\\/d9c9746d6c900ab5b9c0f9b1fa3932e369da923da247d624b8f7ab4ba8a3c093?s=96&d=mm&r=g\",\"caption\":\"Bertrand Demandre\"},\"url\":\"https:\\\/\\\/fdd-ihedn.fr\\\/en\\\/author\\\/bertrand\\\/\"}]}<\/script>\n<!-- \/ Yoast SEO plugin. -->","yoast_head_json":{"title":"[chaire ECODEF] Julien Malizard devient titulaire de la chaire \u00c9conomie de d\u00e9fense - IHEDN ! - Fonds de dotation de l&#039;IHEDN","robots":{"index":"index","follow":"follow","max-snippet":"max-snippet:-1","max-image-preview":"max-image-preview:large","max-video-preview":"max-video-preview:-1"},"canonical":"https:\/\/fdd-ihedn.fr\/en\/chaire-ecodef-julien-malizard-devient-titulaire-de-la-chaire-economie-de-defense-ihedn\/","og_locale":"en_GB","og_type":"article","og_title":"[chaire ECODEF] Julien Malizard devient titulaire de la chaire \u00c9conomie de d\u00e9fense - IHEDN ! - Fonds de dotation de l&#039;IHEDN","og_description":"Apr\u00e8s plus dix ann\u00e9es \u00e0 la t\u00eate de la chaire, Jean Belin passe la main \u00e0 Julien Malizard, qui \u00e9tait jusqu\u2019\u00e0 pr\u00e9sent titulaire adjoint. Depuis sa cr\u00e9ation en janvier 2014, la chaire \u00c9conomie de d\u00e9fense de l&rsquo;Institut des hautes \u00e9tudes de d\u00e9fense nationale IHEDN n\u2019a eu de cesse de produire une recherche universitaire de r\u00e9f\u00e9rence, [&hellip;]","og_url":"https:\/\/fdd-ihedn.fr\/en\/chaire-ecodef-julien-malizard-devient-titulaire-de-la-chaire-economie-de-defense-ihedn\/","og_site_name":"Fonds de dotation de l&#039;IHEDN","article_published_time":"2024-09-03T06:24:00+00:00","article_modified_time":"2024-09-24T09:30:19+00:00","og_image":[{"width":921,"height":658,"url":"https:\/\/fdd-ihedn.fr\/wp-content\/uploads\/2024\/09\/JB-JM-7-5.png","type":"image\/png"}],"author":"Bertrand Demandre","twitter_card":"summary_large_image","twitter_creator":"@Chaire_Ecodef","twitter_site":"@Chaire_Ecodef","twitter_misc":{"Written by":"Bertrand Demandre","Estimated reading time":"2 minutes"},"schema":{"@context":"https:\/\/schema.org","@graph":[{"@type":"Article","@id":"https:\/\/fdd-ihedn.fr\/chaire-ecodef-julien-malizard-devient-titulaire-de-la-chaire-economie-de-defense-ihedn\/#article","isPartOf":{"@id":"https:\/\/fdd-ihedn.fr\/chaire-ecodef-julien-malizard-devient-titulaire-de-la-chaire-economie-de-defense-ihedn\/"},"author":{"name":"Bertrand Demandre","@id":"https:\/\/fdd-ihedn.fr\/#\/schema\/person\/9fe23d397304e152668f6ba7966b1a64"},"headline":"[chaire ECODEF] Julien Malizard devient titulaire de la chaire \u00c9conomie de d\u00e9fense &#8211; IHEDN !","datePublished":"2024-09-03T06:24:00+00:00","dateModified":"2024-09-24T09:30:19+00:00","mainEntityOfPage":{"@id":"https:\/\/fdd-ihedn.fr\/chaire-ecodef-julien-malizard-devient-titulaire-de-la-chaire-economie-de-defense-ihedn\/"},"wordCount":289,"commentCount":0,"publisher":{"@id":"https:\/\/fdd-ihedn.fr\/#organization"},"image":{"@id":"https:\/\/fdd-ihedn.fr\/chaire-ecodef-julien-malizard-devient-titulaire-de-la-chaire-economie-de-defense-ihedn\/#primaryimage"},"thumbnailUrl":"https:\/\/fdd-ihedn.fr\/wp-content\/uploads\/2024\/09\/JB-JM-7-5.png","keywords":["ECODEF","\u00e9quipe","gouvernance","Jean Belin","Josselin Droff","Julien Malizard","nomination","titulaire"],"articleSection":["Activit\u00e9s","Actualit\u00e9s","Chaire \u00c9conomie de d\u00e9fense"],"inLanguage":"en-GB","potentialAction":[{"@type":"CommentAction","name":"Comment","target":["https:\/\/fdd-ihedn.fr\/chaire-ecodef-julien-malizard-devient-titulaire-de-la-chaire-economie-de-defense-ihedn\/#respond"]}]},{"@type":"WebPage","@id":"https:\/\/fdd-ihedn.fr\/chaire-ecodef-julien-malizard-devient-titulaire-de-la-chaire-economie-de-defense-ihedn\/","url":"https:\/\/fdd-ihedn.fr\/chaire-ecodef-julien-malizard-devient-titulaire-de-la-chaire-economie-de-defense-ihedn\/","name":"[chaire ECODEF] Julien Malizard devient titulaire de la chaire \u00c9conomie de d\u00e9fense - IHEDN ! - Fonds de dotation de l&#039;IHEDN","isPartOf":{"@id":"https:\/\/fdd-ihedn.fr\/#website"},"primaryImageOfPage":{"@id":"https:\/\/fdd-ihedn.fr\/chaire-ecodef-julien-malizard-devient-titulaire-de-la-chaire-economie-de-defense-ihedn\/#primaryimage"},"image":{"@id":"https:\/\/fdd-ihedn.fr\/chaire-ecodef-julien-malizard-devient-titulaire-de-la-chaire-economie-de-defense-ihedn\/#primaryimage"},"thumbnailUrl":"https:\/\/fdd-ihedn.fr\/wp-content\/uploads\/2024\/09\/JB-JM-7-5.png","datePublished":"2024-09-03T06:24:00+00:00","dateModified":"2024-09-24T09:30:19+00:00","breadcrumb":{"@id":"https:\/\/fdd-ihedn.fr\/chaire-ecodef-julien-malizard-devient-titulaire-de-la-chaire-economie-de-defense-ihedn\/#breadcrumb"},"inLanguage":"en-GB","potentialAction":[{"@type":"ReadAction","target":["https:\/\/fdd-ihedn.fr\/chaire-ecodef-julien-malizard-devient-titulaire-de-la-chaire-economie-de-defense-ihedn\/"]}]},{"@type":"ImageObject","inLanguage":"en-GB","@id":"https:\/\/fdd-ihedn.fr\/chaire-ecodef-julien-malizard-devient-titulaire-de-la-chaire-economie-de-defense-ihedn\/#primaryimage","url":"https:\/\/fdd-ihedn.fr\/wp-content\/uploads\/2024\/09\/JB-JM-7-5.png","contentUrl":"https:\/\/fdd-ihedn.fr\/wp-content\/uploads\/2024\/09\/JB-JM-7-5.png","width":921,"height":658},{"@type":"BreadcrumbList","@id":"https:\/\/fdd-ihedn.fr\/chaire-ecodef-julien-malizard-devient-titulaire-de-la-chaire-economie-de-defense-ihedn\/#breadcrumb","itemListElement":[{"@type":"ListItem","position":1,"name":"Accueil","item":"https:\/\/fdd-ihedn.fr\/"},{"@type":"ListItem","position":2,"name":"[chaire ECODEF] Julien Malizard devient titulaire de la chaire \u00c9conomie de d\u00e9fense &#8211; IHEDN !"}]},{"@type":"WebSite","@id":"https:\/\/fdd-ihedn.fr\/#website","url":"https:\/\/fdd-ihedn.fr\/","name":"IHEDN Endowment Fund","description":"Innovative projects developed for IHEDN thanks to sponsorship","publisher":{"@id":"https:\/\/fdd-ihedn.fr\/#organization"},"potentialAction":[{"@type":"SearchAction","target":{"@type":"EntryPoint","urlTemplate":"https:\/\/fdd-ihedn.fr\/?s={search_term_string}"},"query-input":{"@type":"PropertyValueSpecification","valueRequired":true,"valueName":"search_term_string"}}],"inLanguage":"en-GB"},{"@type":"Organization","@id":"https:\/\/fdd-ihedn.fr\/#organization","name":"Chair in Defence Economics - IHEDN","url":"https:\/\/fdd-ihedn.fr\/","logo":{"@type":"ImageObject","inLanguage":"en-GB","@id":"https:\/\/fdd-ihedn.fr\/#\/schema\/logo\/image\/","url":"https:\/\/fdd-ihedn.fr\/wp-content\/uploads\/2020\/04\/logoEcodef9.jpg","contentUrl":"https:\/\/fdd-ihedn.fr\/wp-content\/uploads\/2020\/04\/logoEcodef9.jpg","width":410,"height":212,"caption":"Chaire \u00c9conomie de d\u00e9fense - IHEDN"},"image":{"@id":"https:\/\/fdd-ihedn.fr\/#\/schema\/logo\/image\/"},"sameAs":["https:\/\/x.com\/Chaire_Ecodef","https:\/\/www.linkedin.com\/company\/chaire-ecodef-ihedn\/"]},{"@type":"Person","@id":"https:\/\/fdd-ihedn.fr\/#\/schema\/person\/9fe23d397304e152668f6ba7966b1a64","name":"Bertrand Demandre","image":{"@type":"ImageObject","inLanguage":"en-GB","@id":"https:\/\/secure.gravatar.com\/avatar\/d9c9746d6c900ab5b9c0f9b1fa3932e369da923da247d624b8f7ab4ba8a3c093?s=96&d=mm&r=g","url":"https:\/\/secure.gravatar.com\/avatar\/d9c9746d6c900ab5b9c0f9b1fa3932e369da923da247d624b8f7ab4ba8a3c093?s=96&d=mm&r=g","contentUrl":"https:\/\/secure.gravatar.com\/avatar\/d9c9746d6c900ab5b9c0f9b1fa3932e369da923da247d624b8f7ab4ba8a3c093?s=96&d=mm&r=g","caption":"Bertrand Demandre"},"url":"https:\/\/fdd-ihedn.fr\/en\/author\/bertrand\/"}]}},"_links":{"self":[{"href":"https:\/\/fdd-ihedn.fr\/en\/wp-json\/wp\/v2\/posts\/5633","targetHints":{"allow":["GET"]}}],"collection":[{"href":"https:\/\/fdd-ihedn.fr\/en\/wp-json\/wp\/v2\/posts"}],"about":[{"href":"https:\/\/fdd-ihedn.fr\/en\/wp-json\/wp\/v2\/types\/post"}],"author":[{"embeddable":true,"href":"https:\/\/fdd-ihedn.fr\/en\/wp-json\/wp\/v2\/users\/2"}],"replies":[{"embeddable":true,"href":"https:\/\/fdd-ihedn.fr\/en\/wp-json\/wp\/v2\/comments?post=5633"}],"version-history":[{"count":1,"href":"https:\/\/fdd-ihedn.fr\/en\/wp-json\/wp\/v2\/posts\/5633\/revisions"}],"predecessor-version":[{"id":5635,"href":"https:\/\/fdd-ihedn.fr\/en\/wp-json\/wp\/v2\/posts\/5633\/revisions\/5635"}],"wp:featuredmedia":[{"embeddable":true,"href":"https:\/\/fdd-ihedn.fr\/en\/wp-json\/wp\/v2\/media\/5634"}],"wp:attachment":[{"href":"https:\/\/fdd-ihedn.fr\/en\/wp-json\/wp\/v2\/media?parent=5633"}],"wp:term":[{"taxonomy":"category","embeddable":true,"href":"https:\/\/fdd-ihedn.fr\/en\/wp-json\/wp\/v2\/categories?post=5633"},{"taxonomy":"post_tag","embeddable":true,"href":"https:\/\/fdd-ihedn.fr\/en\/wp-json\/wp\/v2\/tags?post=5633"}],"curies":[{"name":"wp","href":"https:\/\/api.w.org\/{rel}","templated":true}]}}