{"id":5109,"date":"2022-06-10T11:55:47","date_gmt":"2022-06-10T09:55:47","guid":{"rendered":"https:\/\/fdd-ihedn.fr\/?p=5109"},"modified":"2024-09-24T13:58:01","modified_gmt":"2024-09-24T11:58:01","slug":"chaire-cyber-fic-2022-intervention-de-jean-peeters-sur-la-realite-virtuelle","status":"publish","type":"post","link":"https:\/\/fdd-ihedn.fr\/en\/chaire-cyber-fic-2022-intervention-de-jean-peeters-sur-la-realite-virtuelle\/","title":{"rendered":"[chaire CYBER] FIC 2022 : Intervention de Jean Peeters sur la r\u00e9alit\u00e9 virtuelle"},"content":{"rendered":"<h1 style=\"text-align: center;\">\u00abVirtuality: tomorrow's reality?\u00bb<\/h1>\n<p><strong>Jean Peeters<\/strong>, Chairholder, took part in the workshop <strong class=\"ql-hashtag\">PhilosoFIC<\/strong>, organised on 8 June by the <a class=\"ql-mention\" spellcheck=\"false\" href=\"https:\/\/www.linkedin.com\/company\/37450184\/admin\/#\" target=\"_blank\" rel=\"noopener\" data-entity-urn=\"urn:li:fsd_company:18409410\" data-guid=\"1\" data-object-urn=\"urn:li:organization:18409410\" data-original-text=\"Centre de recherche de l'EOGN (CREOGN)\"><strong>EOGN Research Centre<\/strong> (CREOGN)<\/a> as part of FIC 2022.<\/p>\n<p><img loading=\"lazy\" decoding=\"async\" class=\"size-full wp-image-3600 aligncenter\" src=\"https:\/\/cyber-ihedn.fr\/wp-content\/uploads\/2022\/06\/IMG_20220608_163653-scaled.jpg\" alt=\"\" width=\"2560\" height=\"1920\" \/><\/p>\n<p>\u00abVirtuality: the reality of tomorrow? This theme, introduced by the <strong>general <a class=\"ql-mention\" spellcheck=\"false\" href=\"https:\/\/www.linkedin.com\/company\/37450184\/admin\/#\" target=\"_blank\" rel=\"noopener\" data-entity-urn=\"urn:li:fsd_profile:ACoAADAmi8YBWZwsU9T8Fqz43OYPEtkWppd5jDE\" data-guid=\"6\" data-object-urn=\"urn:li:member:807832518\" data-original-text=\"marc watin augouard\">Marc Watin-Augouard<\/a><\/strong>, The three speakers were:<\/p>\n<ul>\n<li><a href=\"https:\/\/philo.unistra.fr\/personnes\/enseignants-chercheurs\/francoise-longy\/\" target=\"_blank\" rel=\"noopener\"><strong>Fran\u00e7oise Longy<\/strong><\/a>, a lecturer at the University of Strasbourg and former head of the philosophy department,<\/li>\n<li><a href=\"https:\/\/www.jurisdefense-avocats.com\/associes\/maitre-cecile-doutriaux\" target=\"_blank\" rel=\"noopener\"><strong>C\u00e9cile Doutriaux<\/strong><\/a>, The French Supreme Court has ruled in favour of the European Commission's proposal for a Directive on the protection of intellectual property rights in the European Union (ECHR), and the European Court of Human Rights (ECtHR),<\/li>\n<li><a class=\"ql-mention\" spellcheck=\"false\" href=\"https:\/\/www.linkedin.com\/company\/37450184\/admin\/#\" target=\"_blank\" rel=\"noopener\" data-entity-urn=\"urn:li:fsd_profile:ACoAAAApOOYByiIrUXMS_h0aOkmOMsVtMFU1UFQ\" data-guid=\"3\" data-object-urn=\"urn:li:member:2701542\" data-original-text=\"Herve Le Jouan\"><strong>Herv\u00e9 Le Jouan<\/strong><\/a>, founder of new technology companies and managing director of Herv\u00e9 Le Jouan Advisory.<\/li>\n<\/ul>\n<p><strong>Jean Peeters<\/strong> concluded the discussions by proposing <strong>a summary and perspective<\/strong>.<\/p>\n<p>The subject was approached from a number of different angles. Fran\u00e7oise Longy took a philosophical view of virtuality, while C\u00e9cile Doutriaux looked at the law applied to avatars and metaverses, and Herv\u00e9 Le Jouan focused on the changes brought about by Web3.<\/p>\n<p>The key points to emerge from these presentations are <strong>virtuality is part of the very nature of humanity<\/strong> since language enabled the emergence of fiction. However, virtual reality, like a new technological and human revolution, goes beyond mere simulation of reality.<\/p>\n<p>This is not without echoes in the use of avatars, by which we embody ourselves in a virtual character. However, only the natural or legal person is subject to the law. Therefore, <strong>what stance to adopt when offences are committed by avatars<\/strong> in the metaverse? Because obviously, what happens in a virtual reality has tangible repercussions on people's physical and social reality. So the law, which is based on texts, must be able to protect people in any place, whether real or virtual. The law therefore needs to be rapidly adapted to this new situation, and all spaces need to be regulated.<\/p>\n<p>However, the digital revolution is moving fast, very fast. Like smartphones, which have become indispensable to our daily lives since they first appeared less than 15 years ago, to the point of creating real dependency situations, <strong>virtual reality is already plunging us into a new technological breakthrough<\/strong>, aided by the rapid emergence of Web3. This new revolution may seem frightening, given the extent to which it challenges our reference points and our need to control our environment.<\/p>\n<p>It gives rise to <strong>many questions<\/strong> :<\/p>\n<ul>\n<li>Economic: will we have to resign ourselves to remaining dependent on technologies held exclusively by the few major American and Chinese digital players, or can we and do we want to give ourselves the means to allow French and European players to emerge and create value?<\/li>\n<li>Politics: will we continue to let these companies suck up our data and erode our sovereignty?<\/li>\n<li>Ethical and cultural: will we accept that the values of these companies impose themselves on us and govern future social standards?<\/li>\n<\/ul>\n<p>Ultimately, virtual reality questions our humanity as much as our social regulation, our system of values, our ownership and our ability to decide for ourselves.<\/p>\n<p>In this sense, <strong>securing the various dimensions of virtual reality<\/strong> has a lot to do with cyber security.<\/p>\n<p style=\"text-align: center;\"><a href=\"https:\/\/cyber-ihedn.fr\/wp-content\/uploads\/2022\/06\/Programme-PhilosoFIC-2022.pdf\" target=\"_blank\" rel=\"noopener\"><span class=\"td_btn td_btn_md td_default_btn\">download the workshop presentation<\/span><\/a><\/p>","protected":false},"excerpt":{"rendered":"<p>\u00ab\u00a0La virtualit\u00e9 : la r\u00e9alit\u00e9 de demain ?\u00a0\u00bb Jean Peeters, Titulaire de la Chaire, a particip\u00e9 \u00e0 l&rsquo;atelier PhilosoFIC, organis\u00e9 le 8 juin par le Centre de recherche de l&rsquo;EOGN (CREOGN) dans le cadre du FIC 2022. \u00ab\u00a0La virtualit\u00e9 : la r\u00e9alit\u00e9 de demain ?\u00a0\u00bb. C&rsquo;est sur ce th\u00e8me, introduit par le g\u00e9n\u00e9ral Marc Watin-Augouard, [&hellip;]<\/p>\n","protected":false},"author":2,"featured_media":5110,"comment_status":"open","ping_status":"open","sticky":false,"template":"","format":"standard","meta":{"footnotes":""},"categories":[34,457],"tags":[528,517,498,524,527,529,427,531,516,530,526,297,455,525],"class_list":{"0":"post-5109","1":"post","2":"type-post","3":"status-publish","4":"format-standard","5":"has-post-thumbnail","7":"category-activites","8":"category-chaire-cyber-et-souverainete-numerique","9":"tag-cecile-doutriaux","10":"tag-chaire-cyber-et-souverainete-numerique","11":"tag-fic","12":"tag-fic-2022","13":"tag-fracoise-longy","14":"tag-herve-le-jouan","15":"tag-jean-peeters","16":"tag-lille","17":"tag-marc-watin-augouard","18":"tag-metavers","19":"tag-philiosfic","20":"tag-realite-virtuelle","21":"tag-souverainete-numerique","22":"tag-vr"},"yoast_head":"<!-- This site is optimized with the Yoast SEO plugin v27.4 - https:\/\/yoast.com\/product\/yoast-seo-wordpress\/ -->\n<title>[chaire CYBER] FIC 2022 : Intervention de Jean Peeters sur la r\u00e9alit\u00e9 virtuelle - Fonds de dotation de l&#039;IHEDN<\/title>\n<meta name=\"robots\" content=\"index, follow, max-snippet:-1, max-image-preview:large, max-video-preview:-1\" \/>\n<link rel=\"canonical\" href=\"https:\/\/fdd-ihedn.fr\/en\/chaire-cyber-fic-2022-intervention-de-jean-peeters-sur-la-realite-virtuelle\/\" \/>\n<meta property=\"og:locale\" content=\"en_GB\" \/>\n<meta property=\"og:type\" content=\"article\" \/>\n<meta property=\"og:title\" content=\"[chaire CYBER] FIC 2022 : Intervention de Jean Peeters sur la r\u00e9alit\u00e9 virtuelle - Fonds de dotation de l&#039;IHEDN\" \/>\n<meta property=\"og:description\" content=\"\u00ab\u00a0La virtualit\u00e9 : la r\u00e9alit\u00e9 de demain ?\u00a0\u00bb Jean Peeters, Titulaire de la Chaire, a particip\u00e9 \u00e0 l&rsquo;atelier PhilosoFIC, organis\u00e9 le 8 juin par le Centre de recherche de l&rsquo;EOGN (CREOGN) dans le cadre du FIC 2022. \u00ab\u00a0La virtualit\u00e9 : la r\u00e9alit\u00e9 de demain ?\u00a0\u00bb. C&rsquo;est sur ce th\u00e8me, introduit par le g\u00e9n\u00e9ral Marc Watin-Augouard, [&hellip;]\" \/>\n<meta property=\"og:url\" content=\"https:\/\/fdd-ihedn.fr\/en\/chaire-cyber-fic-2022-intervention-de-jean-peeters-sur-la-realite-virtuelle\/\" \/>\n<meta property=\"og:site_name\" content=\"Fonds de dotation de l&#039;IHEDN\" \/>\n<meta property=\"article:published_time\" content=\"2022-06-10T09:55:47+00:00\" \/>\n<meta property=\"article:modified_time\" content=\"2024-09-24T11:58:01+00:00\" \/>\n<meta property=\"og:image\" content=\"https:\/\/fdd-ihedn.fr\/wp-content\/uploads\/2022\/10\/IMG_20220608_163653-scaled.jpg\" \/>\n\t<meta property=\"og:image:width\" content=\"2560\" \/>\n\t<meta property=\"og:image:height\" content=\"1920\" \/>\n\t<meta property=\"og:image:type\" content=\"image\/jpeg\" \/>\n<meta name=\"author\" content=\"Bertrand Demandre\" \/>\n<meta name=\"twitter:card\" content=\"summary_large_image\" \/>\n<meta name=\"twitter:creator\" content=\"@Chaire_Ecodef\" \/>\n<meta name=\"twitter:site\" content=\"@Chaire_Ecodef\" \/>\n<meta name=\"twitter:label1\" content=\"Written by\" \/>\n\t<meta name=\"twitter:data1\" content=\"Bertrand Demandre\" \/>\n\t<meta name=\"twitter:label2\" content=\"Estimated reading time\" \/>\n\t<meta name=\"twitter:data2\" content=\"3 minutes\" \/>\n<script type=\"application\/ld+json\" class=\"yoast-schema-graph\">{\"@context\":\"https:\\\/\\\/schema.org\",\"@graph\":[{\"@type\":\"Article\",\"@id\":\"https:\\\/\\\/fdd-ihedn.fr\\\/chaire-cyber-fic-2022-intervention-de-jean-peeters-sur-la-realite-virtuelle\\\/#article\",\"isPartOf\":{\"@id\":\"https:\\\/\\\/fdd-ihedn.fr\\\/chaire-cyber-fic-2022-intervention-de-jean-peeters-sur-la-realite-virtuelle\\\/\"},\"author\":{\"name\":\"Bertrand Demandre\",\"@id\":\"https:\\\/\\\/fdd-ihedn.fr\\\/#\\\/schema\\\/person\\\/9fe23d397304e152668f6ba7966b1a64\"},\"headline\":\"[chaire CYBER] FIC 2022 : Intervention de Jean Peeters sur la r\u00e9alit\u00e9 virtuelle\",\"datePublished\":\"2022-06-10T09:55:47+00:00\",\"dateModified\":\"2024-09-24T11:58:01+00:00\",\"mainEntityOfPage\":{\"@id\":\"https:\\\/\\\/fdd-ihedn.fr\\\/chaire-cyber-fic-2022-intervention-de-jean-peeters-sur-la-realite-virtuelle\\\/\"},\"wordCount\":632,\"commentCount\":0,\"publisher\":{\"@id\":\"https:\\\/\\\/fdd-ihedn.fr\\\/#organization\"},\"image\":{\"@id\":\"https:\\\/\\\/fdd-ihedn.fr\\\/chaire-cyber-fic-2022-intervention-de-jean-peeters-sur-la-realite-virtuelle\\\/#primaryimage\"},\"thumbnailUrl\":\"https:\\\/\\\/fdd-ihedn.fr\\\/wp-content\\\/uploads\\\/2022\\\/10\\\/IMG_20220608_163653-scaled.jpg\",\"keywords\":[\"C\u00e9cile Doutriaux\",\"chaire Cyber et souverainet\u00e9 num\u00e9rique\",\"fic\",\"FIC 2022\",\"Fra\u00e7oise Longy\",\"Herv\u00e9 Le Jouan\",\"Jean Peeters\",\"Lille\",\"Marc Watin-Augouard\",\"m\u00e9tavers\",\"PhiliosFIC\",\"R\u00e9alit\u00e9 virtuelle\",\"souverainet\u00e9 num\u00e9rique\",\"VR\"],\"articleSection\":[\"Activit\u00e9s\",\"Chaire Cyber et souverainet\u00e9 num\u00e9rique\"],\"inLanguage\":\"en-GB\",\"potentialAction\":[{\"@type\":\"CommentAction\",\"name\":\"Comment\",\"target\":[\"https:\\\/\\\/fdd-ihedn.fr\\\/chaire-cyber-fic-2022-intervention-de-jean-peeters-sur-la-realite-virtuelle\\\/#respond\"]}]},{\"@type\":\"WebPage\",\"@id\":\"https:\\\/\\\/fdd-ihedn.fr\\\/chaire-cyber-fic-2022-intervention-de-jean-peeters-sur-la-realite-virtuelle\\\/\",\"url\":\"https:\\\/\\\/fdd-ihedn.fr\\\/chaire-cyber-fic-2022-intervention-de-jean-peeters-sur-la-realite-virtuelle\\\/\",\"name\":\"[chaire CYBER] FIC 2022 : Intervention de Jean Peeters sur la r\u00e9alit\u00e9 virtuelle - Fonds de dotation de l&#039;IHEDN\",\"isPartOf\":{\"@id\":\"https:\\\/\\\/fdd-ihedn.fr\\\/#website\"},\"primaryImageOfPage\":{\"@id\":\"https:\\\/\\\/fdd-ihedn.fr\\\/chaire-cyber-fic-2022-intervention-de-jean-peeters-sur-la-realite-virtuelle\\\/#primaryimage\"},\"image\":{\"@id\":\"https:\\\/\\\/fdd-ihedn.fr\\\/chaire-cyber-fic-2022-intervention-de-jean-peeters-sur-la-realite-virtuelle\\\/#primaryimage\"},\"thumbnailUrl\":\"https:\\\/\\\/fdd-ihedn.fr\\\/wp-content\\\/uploads\\\/2022\\\/10\\\/IMG_20220608_163653-scaled.jpg\",\"datePublished\":\"2022-06-10T09:55:47+00:00\",\"dateModified\":\"2024-09-24T11:58:01+00:00\",\"breadcrumb\":{\"@id\":\"https:\\\/\\\/fdd-ihedn.fr\\\/chaire-cyber-fic-2022-intervention-de-jean-peeters-sur-la-realite-virtuelle\\\/#breadcrumb\"},\"inLanguage\":\"en-GB\",\"potentialAction\":[{\"@type\":\"ReadAction\",\"target\":[\"https:\\\/\\\/fdd-ihedn.fr\\\/chaire-cyber-fic-2022-intervention-de-jean-peeters-sur-la-realite-virtuelle\\\/\"]}]},{\"@type\":\"ImageObject\",\"inLanguage\":\"en-GB\",\"@id\":\"https:\\\/\\\/fdd-ihedn.fr\\\/chaire-cyber-fic-2022-intervention-de-jean-peeters-sur-la-realite-virtuelle\\\/#primaryimage\",\"url\":\"https:\\\/\\\/fdd-ihedn.fr\\\/wp-content\\\/uploads\\\/2022\\\/10\\\/IMG_20220608_163653-scaled.jpg\",\"contentUrl\":\"https:\\\/\\\/fdd-ihedn.fr\\\/wp-content\\\/uploads\\\/2022\\\/10\\\/IMG_20220608_163653-scaled.jpg\",\"width\":2560,\"height\":1920},{\"@type\":\"BreadcrumbList\",\"@id\":\"https:\\\/\\\/fdd-ihedn.fr\\\/chaire-cyber-fic-2022-intervention-de-jean-peeters-sur-la-realite-virtuelle\\\/#breadcrumb\",\"itemListElement\":[{\"@type\":\"ListItem\",\"position\":1,\"name\":\"Accueil\",\"item\":\"https:\\\/\\\/fdd-ihedn.fr\\\/\"},{\"@type\":\"ListItem\",\"position\":2,\"name\":\"[chaire CYBER] FIC 2022 : Intervention de Jean Peeters sur la r\u00e9alit\u00e9 virtuelle\"}]},{\"@type\":\"WebSite\",\"@id\":\"https:\\\/\\\/fdd-ihedn.fr\\\/#website\",\"url\":\"https:\\\/\\\/fdd-ihedn.fr\\\/\",\"name\":\"Fonds de dotation de l&#039;IHEDN\",\"description\":\"Des projets innovants d\u00e9velopp\u00e9s pour l&#039;IHEDN gr\u00e2ce au m\u00e9c\u00e9nat\",\"publisher\":{\"@id\":\"https:\\\/\\\/fdd-ihedn.fr\\\/#organization\"},\"potentialAction\":[{\"@type\":\"SearchAction\",\"target\":{\"@type\":\"EntryPoint\",\"urlTemplate\":\"https:\\\/\\\/fdd-ihedn.fr\\\/?s={search_term_string}\"},\"query-input\":{\"@type\":\"PropertyValueSpecification\",\"valueRequired\":true,\"valueName\":\"search_term_string\"}}],\"inLanguage\":\"en-GB\"},{\"@type\":\"Organization\",\"@id\":\"https:\\\/\\\/fdd-ihedn.fr\\\/#organization\",\"name\":\"Chaire \u00c9conomie de d\u00e9fense - IHEDN\",\"url\":\"https:\\\/\\\/fdd-ihedn.fr\\\/\",\"logo\":{\"@type\":\"ImageObject\",\"inLanguage\":\"en-GB\",\"@id\":\"https:\\\/\\\/fdd-ihedn.fr\\\/#\\\/schema\\\/logo\\\/image\\\/\",\"url\":\"https:\\\/\\\/fdd-ihedn.fr\\\/wp-content\\\/uploads\\\/2020\\\/04\\\/logoEcodef9.jpg\",\"contentUrl\":\"https:\\\/\\\/fdd-ihedn.fr\\\/wp-content\\\/uploads\\\/2020\\\/04\\\/logoEcodef9.jpg\",\"width\":410,\"height\":212,\"caption\":\"Chaire \u00c9conomie de d\u00e9fense - IHEDN\"},\"image\":{\"@id\":\"https:\\\/\\\/fdd-ihedn.fr\\\/#\\\/schema\\\/logo\\\/image\\\/\"},\"sameAs\":[\"https:\\\/\\\/x.com\\\/Chaire_Ecodef\",\"https:\\\/\\\/www.linkedin.com\\\/company\\\/chaire-ecodef-ihedn\\\/\"]},{\"@type\":\"Person\",\"@id\":\"https:\\\/\\\/fdd-ihedn.fr\\\/#\\\/schema\\\/person\\\/9fe23d397304e152668f6ba7966b1a64\",\"name\":\"Bertrand Demandre\",\"image\":{\"@type\":\"ImageObject\",\"inLanguage\":\"en-GB\",\"@id\":\"https:\\\/\\\/secure.gravatar.com\\\/avatar\\\/d9c9746d6c900ab5b9c0f9b1fa3932e369da923da247d624b8f7ab4ba8a3c093?s=96&d=mm&r=g\",\"url\":\"https:\\\/\\\/secure.gravatar.com\\\/avatar\\\/d9c9746d6c900ab5b9c0f9b1fa3932e369da923da247d624b8f7ab4ba8a3c093?s=96&d=mm&r=g\",\"contentUrl\":\"https:\\\/\\\/secure.gravatar.com\\\/avatar\\\/d9c9746d6c900ab5b9c0f9b1fa3932e369da923da247d624b8f7ab4ba8a3c093?s=96&d=mm&r=g\",\"caption\":\"Bertrand Demandre\"},\"url\":\"https:\\\/\\\/fdd-ihedn.fr\\\/en\\\/author\\\/bertrand\\\/\"}]}<\/script>\n<!-- \/ Yoast SEO plugin. -->","yoast_head_json":{"title":"[chaire CYBER] FIC 2022 : Intervention de Jean Peeters sur la r\u00e9alit\u00e9 virtuelle - Fonds de dotation de l&#039;IHEDN","robots":{"index":"index","follow":"follow","max-snippet":"max-snippet:-1","max-image-preview":"max-image-preview:large","max-video-preview":"max-video-preview:-1"},"canonical":"https:\/\/fdd-ihedn.fr\/en\/chaire-cyber-fic-2022-intervention-de-jean-peeters-sur-la-realite-virtuelle\/","og_locale":"en_GB","og_type":"article","og_title":"[chaire CYBER] FIC 2022 : Intervention de Jean Peeters sur la r\u00e9alit\u00e9 virtuelle - Fonds de dotation de l&#039;IHEDN","og_description":"\u00ab\u00a0La virtualit\u00e9 : la r\u00e9alit\u00e9 de demain ?\u00a0\u00bb Jean Peeters, Titulaire de la Chaire, a particip\u00e9 \u00e0 l&rsquo;atelier PhilosoFIC, organis\u00e9 le 8 juin par le Centre de recherche de l&rsquo;EOGN (CREOGN) dans le cadre du FIC 2022. \u00ab\u00a0La virtualit\u00e9 : la r\u00e9alit\u00e9 de demain ?\u00a0\u00bb. C&rsquo;est sur ce th\u00e8me, introduit par le g\u00e9n\u00e9ral Marc Watin-Augouard, [&hellip;]","og_url":"https:\/\/fdd-ihedn.fr\/en\/chaire-cyber-fic-2022-intervention-de-jean-peeters-sur-la-realite-virtuelle\/","og_site_name":"Fonds de dotation de l&#039;IHEDN","article_published_time":"2022-06-10T09:55:47+00:00","article_modified_time":"2024-09-24T11:58:01+00:00","og_image":[{"width":2560,"height":1920,"url":"https:\/\/fdd-ihedn.fr\/wp-content\/uploads\/2022\/10\/IMG_20220608_163653-scaled.jpg","type":"image\/jpeg"}],"author":"Bertrand Demandre","twitter_card":"summary_large_image","twitter_creator":"@Chaire_Ecodef","twitter_site":"@Chaire_Ecodef","twitter_misc":{"Written by":"Bertrand Demandre","Estimated reading time":"3 minutes"},"schema":{"@context":"https:\/\/schema.org","@graph":[{"@type":"Article","@id":"https:\/\/fdd-ihedn.fr\/chaire-cyber-fic-2022-intervention-de-jean-peeters-sur-la-realite-virtuelle\/#article","isPartOf":{"@id":"https:\/\/fdd-ihedn.fr\/chaire-cyber-fic-2022-intervention-de-jean-peeters-sur-la-realite-virtuelle\/"},"author":{"name":"Bertrand Demandre","@id":"https:\/\/fdd-ihedn.fr\/#\/schema\/person\/9fe23d397304e152668f6ba7966b1a64"},"headline":"[chaire CYBER] FIC 2022 : Intervention de Jean Peeters sur la r\u00e9alit\u00e9 virtuelle","datePublished":"2022-06-10T09:55:47+00:00","dateModified":"2024-09-24T11:58:01+00:00","mainEntityOfPage":{"@id":"https:\/\/fdd-ihedn.fr\/chaire-cyber-fic-2022-intervention-de-jean-peeters-sur-la-realite-virtuelle\/"},"wordCount":632,"commentCount":0,"publisher":{"@id":"https:\/\/fdd-ihedn.fr\/#organization"},"image":{"@id":"https:\/\/fdd-ihedn.fr\/chaire-cyber-fic-2022-intervention-de-jean-peeters-sur-la-realite-virtuelle\/#primaryimage"},"thumbnailUrl":"https:\/\/fdd-ihedn.fr\/wp-content\/uploads\/2022\/10\/IMG_20220608_163653-scaled.jpg","keywords":["C\u00e9cile Doutriaux","chaire Cyber et souverainet\u00e9 num\u00e9rique","fic","FIC 2022","Fra\u00e7oise Longy","Herv\u00e9 Le Jouan","Jean Peeters","Lille","Marc Watin-Augouard","m\u00e9tavers","PhiliosFIC","R\u00e9alit\u00e9 virtuelle","souverainet\u00e9 num\u00e9rique","VR"],"articleSection":["Activit\u00e9s","Chaire Cyber et souverainet\u00e9 num\u00e9rique"],"inLanguage":"en-GB","potentialAction":[{"@type":"CommentAction","name":"Comment","target":["https:\/\/fdd-ihedn.fr\/chaire-cyber-fic-2022-intervention-de-jean-peeters-sur-la-realite-virtuelle\/#respond"]}]},{"@type":"WebPage","@id":"https:\/\/fdd-ihedn.fr\/chaire-cyber-fic-2022-intervention-de-jean-peeters-sur-la-realite-virtuelle\/","url":"https:\/\/fdd-ihedn.fr\/chaire-cyber-fic-2022-intervention-de-jean-peeters-sur-la-realite-virtuelle\/","name":"[chaire CYBER] FIC 2022 : Intervention de Jean Peeters sur la r\u00e9alit\u00e9 virtuelle - Fonds de dotation de l&#039;IHEDN","isPartOf":{"@id":"https:\/\/fdd-ihedn.fr\/#website"},"primaryImageOfPage":{"@id":"https:\/\/fdd-ihedn.fr\/chaire-cyber-fic-2022-intervention-de-jean-peeters-sur-la-realite-virtuelle\/#primaryimage"},"image":{"@id":"https:\/\/fdd-ihedn.fr\/chaire-cyber-fic-2022-intervention-de-jean-peeters-sur-la-realite-virtuelle\/#primaryimage"},"thumbnailUrl":"https:\/\/fdd-ihedn.fr\/wp-content\/uploads\/2022\/10\/IMG_20220608_163653-scaled.jpg","datePublished":"2022-06-10T09:55:47+00:00","dateModified":"2024-09-24T11:58:01+00:00","breadcrumb":{"@id":"https:\/\/fdd-ihedn.fr\/chaire-cyber-fic-2022-intervention-de-jean-peeters-sur-la-realite-virtuelle\/#breadcrumb"},"inLanguage":"en-GB","potentialAction":[{"@type":"ReadAction","target":["https:\/\/fdd-ihedn.fr\/chaire-cyber-fic-2022-intervention-de-jean-peeters-sur-la-realite-virtuelle\/"]}]},{"@type":"ImageObject","inLanguage":"en-GB","@id":"https:\/\/fdd-ihedn.fr\/chaire-cyber-fic-2022-intervention-de-jean-peeters-sur-la-realite-virtuelle\/#primaryimage","url":"https:\/\/fdd-ihedn.fr\/wp-content\/uploads\/2022\/10\/IMG_20220608_163653-scaled.jpg","contentUrl":"https:\/\/fdd-ihedn.fr\/wp-content\/uploads\/2022\/10\/IMG_20220608_163653-scaled.jpg","width":2560,"height":1920},{"@type":"BreadcrumbList","@id":"https:\/\/fdd-ihedn.fr\/chaire-cyber-fic-2022-intervention-de-jean-peeters-sur-la-realite-virtuelle\/#breadcrumb","itemListElement":[{"@type":"ListItem","position":1,"name":"Accueil","item":"https:\/\/fdd-ihedn.fr\/"},{"@type":"ListItem","position":2,"name":"[chaire CYBER] FIC 2022 : Intervention de Jean Peeters sur la r\u00e9alit\u00e9 virtuelle"}]},{"@type":"WebSite","@id":"https:\/\/fdd-ihedn.fr\/#website","url":"https:\/\/fdd-ihedn.fr\/","name":"IHEDN Endowment Fund","description":"Innovative projects developed for IHEDN thanks to sponsorship","publisher":{"@id":"https:\/\/fdd-ihedn.fr\/#organization"},"potentialAction":[{"@type":"SearchAction","target":{"@type":"EntryPoint","urlTemplate":"https:\/\/fdd-ihedn.fr\/?s={search_term_string}"},"query-input":{"@type":"PropertyValueSpecification","valueRequired":true,"valueName":"search_term_string"}}],"inLanguage":"en-GB"},{"@type":"Organization","@id":"https:\/\/fdd-ihedn.fr\/#organization","name":"Chair in Defence Economics - IHEDN","url":"https:\/\/fdd-ihedn.fr\/","logo":{"@type":"ImageObject","inLanguage":"en-GB","@id":"https:\/\/fdd-ihedn.fr\/#\/schema\/logo\/image\/","url":"https:\/\/fdd-ihedn.fr\/wp-content\/uploads\/2020\/04\/logoEcodef9.jpg","contentUrl":"https:\/\/fdd-ihedn.fr\/wp-content\/uploads\/2020\/04\/logoEcodef9.jpg","width":410,"height":212,"caption":"Chaire \u00c9conomie de d\u00e9fense - IHEDN"},"image":{"@id":"https:\/\/fdd-ihedn.fr\/#\/schema\/logo\/image\/"},"sameAs":["https:\/\/x.com\/Chaire_Ecodef","https:\/\/www.linkedin.com\/company\/chaire-ecodef-ihedn\/"]},{"@type":"Person","@id":"https:\/\/fdd-ihedn.fr\/#\/schema\/person\/9fe23d397304e152668f6ba7966b1a64","name":"Bertrand Demandre","image":{"@type":"ImageObject","inLanguage":"en-GB","@id":"https:\/\/secure.gravatar.com\/avatar\/d9c9746d6c900ab5b9c0f9b1fa3932e369da923da247d624b8f7ab4ba8a3c093?s=96&d=mm&r=g","url":"https:\/\/secure.gravatar.com\/avatar\/d9c9746d6c900ab5b9c0f9b1fa3932e369da923da247d624b8f7ab4ba8a3c093?s=96&d=mm&r=g","contentUrl":"https:\/\/secure.gravatar.com\/avatar\/d9c9746d6c900ab5b9c0f9b1fa3932e369da923da247d624b8f7ab4ba8a3c093?s=96&d=mm&r=g","caption":"Bertrand Demandre"},"url":"https:\/\/fdd-ihedn.fr\/en\/author\/bertrand\/"}]}},"_links":{"self":[{"href":"https:\/\/fdd-ihedn.fr\/en\/wp-json\/wp\/v2\/posts\/5109","targetHints":{"allow":["GET"]}}],"collection":[{"href":"https:\/\/fdd-ihedn.fr\/en\/wp-json\/wp\/v2\/posts"}],"about":[{"href":"https:\/\/fdd-ihedn.fr\/en\/wp-json\/wp\/v2\/types\/post"}],"author":[{"embeddable":true,"href":"https:\/\/fdd-ihedn.fr\/en\/wp-json\/wp\/v2\/users\/2"}],"replies":[{"embeddable":true,"href":"https:\/\/fdd-ihedn.fr\/en\/wp-json\/wp\/v2\/comments?post=5109"}],"version-history":[{"count":3,"href":"https:\/\/fdd-ihedn.fr\/en\/wp-json\/wp\/v2\/posts\/5109\/revisions"}],"predecessor-version":[{"id":5643,"href":"https:\/\/fdd-ihedn.fr\/en\/wp-json\/wp\/v2\/posts\/5109\/revisions\/5643"}],"wp:featuredmedia":[{"embeddable":true,"href":"https:\/\/fdd-ihedn.fr\/en\/wp-json\/wp\/v2\/media\/5110"}],"wp:attachment":[{"href":"https:\/\/fdd-ihedn.fr\/en\/wp-json\/wp\/v2\/media?parent=5109"}],"wp:term":[{"taxonomy":"category","embeddable":true,"href":"https:\/\/fdd-ihedn.fr\/en\/wp-json\/wp\/v2\/categories?post=5109"},{"taxonomy":"post_tag","embeddable":true,"href":"https:\/\/fdd-ihedn.fr\/en\/wp-json\/wp\/v2\/tags?post=5109"}],"curies":[{"name":"wp","href":"https:\/\/api.w.org\/{rel}","templated":true}]}}