{"id":5106,"date":"2022-04-20T11:44:19","date_gmt":"2022-04-20T09:44:19","guid":{"rendered":"https:\/\/fdd-ihedn.fr\/?p=5106"},"modified":"2024-09-24T13:58:08","modified_gmt":"2024-09-24T11:58:08","slug":"chaire-cyber-video-de-la-table-ronde-reconquete-de-la-souverainete-numerique-paris-13-avril-2022","status":"publish","type":"post","link":"https:\/\/fdd-ihedn.fr\/en\/chaire-cyber-video-de-la-table-ronde-reconquete-de-la-souverainete-numerique-paris-13-avril-2022\/","title":{"rendered":"[chaire CYBER] Vid\u00e9o de la table ronde \u201cReconqu\u00eate de la souverainet\u00e9 num\u00e9rique\u201d (Paris, 13 avril 2022)"},"content":{"rendered":"<p><img loading=\"lazy\" decoding=\"async\" class=\"alignnone size-full wp-image-3542\" src=\"https:\/\/cyber-ihedn.fr\/wp-content\/uploads\/2022\/03\/logo-CHAIRE-AGORA-CERCLE.png\" alt=\"\" width=\"900\" height=\"300\" \/><\/p>\n<p>In the presence of Lieutenant General Beno\u00eet Durieux, Director of the IHEDN and Higher Military Education (EMS), who came to give a welcome speech, the participants, who were mainly from the <a href=\"https:\/\/ihedn.fr\/formation\/souverainete-numerique-et-cybersecurite\/\" target=\"_blank\" rel=\"noopener\">Digital Sovereignty and Cybersecurity major at the IHEDN National Session<\/a> attended a round-table discussion on Wednesday 13 April focusing on the collective work <a href=\"https:\/\/www.lecercledeladonnee.org\/souverainete-numerique-essai-pour-une-reconquete\/\" target=\"_blank\" rel=\"noopener\"><em>Digital sovereignty: an attempt to reclaim it<\/em><\/a>.<\/p>\n<p><img loading=\"lazy\" decoding=\"async\" class=\"alignnone size-full wp-image-3579\" src=\"https:\/\/cyber-ihedn.fr\/wp-content\/uploads\/2022\/05\/IHEDN-13042022-_HRE5797-scaled.jpg\" alt=\"\" width=\"2560\" height=\"1703\" \/><\/p>\n<p>Co-organised by the Cyber and Digital Sovereignty Chair - IHEDN, the\u2019<a href=\"https:\/\/2z9yo.r.a.d.sendibm1.com\/mk\/cl\/f\/QF8b4aRE-DxK7_PvopHJBuNxZytI3ZuNuIsA91-SW5NeFoA3Hk7zWYNP6qEol0oKfroNfPr8RUFpvlaNM2bTpBSvIqQfvunje0BRd0PAiI8tjb4ZidfjGu80R4lu5rm2C2H7il-AL3A-qgcos4qOnPRNRfSTwFonlb01dHarppTM5T1fc8z9Pgk\" target=\"_blank\" rel=\"noopener\">AGORA 41<\/a>, ANSSI think tank, and the <a href=\"https:\/\/www.lecercledeladonnee.org\/\" target=\"_blank\" rel=\"noopener\">Data circle<\/a>, the \u00abReconquering Digital Sovereignty\u00bb round table featured the following speakers <a href=\"https:\/\/www.linkedin.com\/in\/bernard-de-courr%C3%A8ges-d-ustou\/\" target=\"_blank\" rel=\"noopener\">Lieutenant General Bernard de Courr\u00e8ges d'Ustou<\/a>, Inspecteur G\u00e9n\u00e9ral des Finances and former Director of the IHEDN, and to\u00a0<a href=\"https:\/\/www.linkedin.com\/in\/matthieu-bourgeois\/\" target=\"_blank\" rel=\"noopener\">Matthieu Bourgeois<\/a>, a lawyer specialising in digital and communications law, Vice-Chairman of the Cercle de la donn\u00e9e and a member of AGORA 41.<\/p>\n<p><img loading=\"lazy\" decoding=\"async\" class=\"alignnone size-full wp-image-3580\" src=\"https:\/\/cyber-ihedn.fr\/wp-content\/uploads\/2022\/05\/IHEDN-13042022-_HRE5805-scaled.jpg\" alt=\"\" width=\"2560\" height=\"1703\" \/><\/p>\n<p>After outlining the reasons that led AGORA 41 and the Cercle de la donn\u00e9e to publish this essay, the speakers presented the conclusions of this well-documented work and set out their proposals in 3 parts:<\/p>\n<ul>\n<li>Economic: (1) stimulate digital investment (i) by extending the IR-PME tax exemption scheme (ii) and the research tax credit (CIR), and (iii) by reforming property tax; (2) extend merger control by adding, for example, an alternative criterion to sales, corresponding to market share; (3) create regulated professions for the digital sector such as \u00abdigital auditor\u00bb or \u00abalgorithm auditor\u00bb.<\/li>\n<li>Education and research: (4) set up an investment fund to support basic research and create mechanisms to publicise and promote this basic research; (5) publish a digital civics booklet for people of different ages, launched by means of a vast communication campaign.<\/li>\n<li>Legal and digital aspects: (6) impose conditions on all operations involving certain essential data, so that they are subject only to European texts to the exclusion of any other foreign legislation; (7) assign the steering of e-governance to a dedicated body coordinated and directed at the highest level of government.<\/li>\n<\/ul>\n<p>The presentation was followed by a discussion with the audience.<\/p>\n<p>General Marc Watin-Augouard, Head of the Digital Sovereignty and Cybersecurity major at the IHEDN National Session, brought the event to a close.<\/p>\n<p><img loading=\"lazy\" decoding=\"async\" class=\"alignnone size-full wp-image-3581\" src=\"https:\/\/cyber-ihedn.fr\/wp-content\/uploads\/2022\/05\/IHEDN-13042022-_HRE5875-scaled.jpg\" alt=\"\" width=\"2560\" height=\"1707\" \/><\/p>\n<p style=\"text-align: center;\"><a href=\"https:\/\/youtu.be\/WWKGEnyVs_0\" target=\"_blank\" rel=\"noopener\"><span class=\"td_btn td_btn_md td_round_btn\">watch the video<\/span><\/a><\/p>\n<p style=\"text-align: center;\"><a href=\"https:\/\/www.lecercledeladonnee.org\/souverainete-numerique-essai-pour-une-reconquete\/\" target=\"_blank\" rel=\"noopener\"><span class=\"td_btn td_btn_md td_round_btn\">download test<\/span><\/a><\/p>","protected":false},"excerpt":{"rendered":"<p>En pr\u00e9sence du G\u00e9n\u00e9ral de corps d&rsquo;arm\u00e9e Beno\u00eet Durieux, Directeur de l\u2019IHEDN et de l\u2019Enseignement militaire sup\u00e9rieur (EMS), venu prononcer un mot d&rsquo;accueil, les participants majoritairement issus de la majeure Souverainet\u00e9 num\u00e9rique et cybers\u00e9curit\u00e9 de la Session nationale de l\u2019IHEDN ont assist\u00e9 mercredi 13 avril \u00e0 une table ronde centr\u00e9e sur l\u2019ouvrage collectif Souverainet\u00e9 num\u00e9rique [&hellip;]<\/p>\n","protected":false},"author":2,"featured_media":5108,"comment_status":"open","ping_status":"open","sticky":false,"template":"","format":"standard","meta":{"footnotes":""},"categories":[34,457],"tags":[521,519,520,517,426,427,516,518,522,455,523],"class_list":{"0":"post-5106","1":"post","2":"type-post","3":"status-publish","4":"format-standard","5":"has-post-thumbnail","7":"category-activites","8":"category-chaire-cyber-et-souverainete-numerique","9":"tag-agora-41","10":"tag-bernard-de-courreges-dustou","11":"tag-cercle-de-la-donnee","12":"tag-chaire-cyber-et-souverainete-numerique","13":"tag-cyber","14":"tag-jean-peeters","15":"tag-marc-watin-augouard","16":"tag-matthieu-bourgeois","17":"tag-philippe-lavault","18":"tag-souverainete-numerique","19":"tag-table-ronde"},"yoast_head":"<!-- This site is optimized with the Yoast SEO plugin v27.4 - https:\/\/yoast.com\/product\/yoast-seo-wordpress\/ -->\n<title>[chaire CYBER] Vid\u00e9o de la table ronde \u201cReconqu\u00eate de la souverainet\u00e9 num\u00e9rique\u201d (Paris, 13 avril 2022) - Fonds de dotation de l&#039;IHEDN<\/title>\n<meta name=\"robots\" content=\"index, follow, max-snippet:-1, max-image-preview:large, max-video-preview:-1\" \/>\n<link rel=\"canonical\" href=\"https:\/\/fdd-ihedn.fr\/en\/chaire-cyber-video-de-la-table-ronde-reconquete-de-la-souverainete-numerique-paris-13-avril-2022\/\" \/>\n<meta property=\"og:locale\" content=\"en_GB\" \/>\n<meta property=\"og:type\" content=\"article\" \/>\n<meta property=\"og:title\" content=\"[chaire CYBER] Vid\u00e9o de la table ronde \u201cReconqu\u00eate de la souverainet\u00e9 num\u00e9rique\u201d (Paris, 13 avril 2022) - Fonds de dotation de l&#039;IHEDN\" \/>\n<meta property=\"og:description\" content=\"En pr\u00e9sence du G\u00e9n\u00e9ral de corps d&rsquo;arm\u00e9e Beno\u00eet Durieux, Directeur de l\u2019IHEDN et de l\u2019Enseignement militaire sup\u00e9rieur (EMS), venu prononcer un mot d&rsquo;accueil, les participants majoritairement issus de la majeure Souverainet\u00e9 num\u00e9rique et cybers\u00e9curit\u00e9 de la Session nationale de l\u2019IHEDN ont assist\u00e9 mercredi 13 avril \u00e0 une table ronde centr\u00e9e sur l\u2019ouvrage collectif Souverainet\u00e9 num\u00e9rique [&hellip;]\" \/>\n<meta property=\"og:url\" content=\"https:\/\/fdd-ihedn.fr\/en\/chaire-cyber-video-de-la-table-ronde-reconquete-de-la-souverainete-numerique-paris-13-avril-2022\/\" \/>\n<meta property=\"og:site_name\" content=\"Fonds de dotation de l&#039;IHEDN\" \/>\n<meta property=\"article:published_time\" content=\"2022-04-20T09:44:19+00:00\" \/>\n<meta property=\"article:modified_time\" content=\"2024-09-24T11:58:08+00:00\" \/>\n<meta property=\"og:image\" content=\"https:\/\/fdd-ihedn.fr\/wp-content\/uploads\/2022\/04\/IHEDN-13042022-_HRD0062-scaled.jpg\" \/>\n\t<meta property=\"og:image:width\" content=\"2560\" \/>\n\t<meta property=\"og:image:height\" content=\"1706\" \/>\n\t<meta property=\"og:image:type\" content=\"image\/jpeg\" \/>\n<meta name=\"author\" content=\"Bertrand Demandre\" \/>\n<meta name=\"twitter:card\" content=\"summary_large_image\" \/>\n<meta name=\"twitter:creator\" content=\"@Chaire_Ecodef\" \/>\n<meta name=\"twitter:site\" content=\"@Chaire_Ecodef\" \/>\n<meta name=\"twitter:label1\" content=\"Written by\" \/>\n\t<meta name=\"twitter:data1\" content=\"Bertrand Demandre\" \/>\n\t<meta name=\"twitter:label2\" content=\"Estimated reading time\" \/>\n\t<meta name=\"twitter:data2\" content=\"3 minutes\" \/>\n<script type=\"application\/ld+json\" class=\"yoast-schema-graph\">{\"@context\":\"https:\\\/\\\/schema.org\",\"@graph\":[{\"@type\":\"Article\",\"@id\":\"https:\\\/\\\/fdd-ihedn.fr\\\/chaire-cyber-video-de-la-table-ronde-reconquete-de-la-souverainete-numerique-paris-13-avril-2022\\\/#article\",\"isPartOf\":{\"@id\":\"https:\\\/\\\/fdd-ihedn.fr\\\/chaire-cyber-video-de-la-table-ronde-reconquete-de-la-souverainete-numerique-paris-13-avril-2022\\\/\"},\"author\":{\"name\":\"Bertrand Demandre\",\"@id\":\"https:\\\/\\\/fdd-ihedn.fr\\\/#\\\/schema\\\/person\\\/9fe23d397304e152668f6ba7966b1a64\"},\"headline\":\"[chaire CYBER] Vid\u00e9o de la table ronde \u201cReconqu\u00eate de la souverainet\u00e9 num\u00e9rique\u201d (Paris, 13 avril 2022)\",\"datePublished\":\"2022-04-20T09:44:19+00:00\",\"dateModified\":\"2024-09-24T11:58:08+00:00\",\"mainEntityOfPage\":{\"@id\":\"https:\\\/\\\/fdd-ihedn.fr\\\/chaire-cyber-video-de-la-table-ronde-reconquete-de-la-souverainete-numerique-paris-13-avril-2022\\\/\"},\"wordCount\":479,\"commentCount\":0,\"publisher\":{\"@id\":\"https:\\\/\\\/fdd-ihedn.fr\\\/#organization\"},\"image\":{\"@id\":\"https:\\\/\\\/fdd-ihedn.fr\\\/chaire-cyber-video-de-la-table-ronde-reconquete-de-la-souverainete-numerique-paris-13-avril-2022\\\/#primaryimage\"},\"thumbnailUrl\":\"https:\\\/\\\/fdd-ihedn.fr\\\/wp-content\\\/uploads\\\/2022\\\/04\\\/IHEDN-13042022-_HRD0062-scaled.jpg\",\"keywords\":[\"AGORA 41\",\"Bernard de Courr\u00e8ges d'Ustou\",\"Cercle de la donn\u00e9e\",\"chaire Cyber et souverainet\u00e9 num\u00e9rique\",\"cyber\",\"Jean Peeters\",\"Marc Watin-Augouard\",\"Matthieu Bourgeois\",\"Philippe Lavault\",\"souverainet\u00e9 num\u00e9rique\",\"table ronde\"],\"articleSection\":[\"Activit\u00e9s\",\"Chaire Cyber et souverainet\u00e9 num\u00e9rique\"],\"inLanguage\":\"en-GB\",\"potentialAction\":[{\"@type\":\"CommentAction\",\"name\":\"Comment\",\"target\":[\"https:\\\/\\\/fdd-ihedn.fr\\\/chaire-cyber-video-de-la-table-ronde-reconquete-de-la-souverainete-numerique-paris-13-avril-2022\\\/#respond\"]}]},{\"@type\":\"WebPage\",\"@id\":\"https:\\\/\\\/fdd-ihedn.fr\\\/chaire-cyber-video-de-la-table-ronde-reconquete-de-la-souverainete-numerique-paris-13-avril-2022\\\/\",\"url\":\"https:\\\/\\\/fdd-ihedn.fr\\\/chaire-cyber-video-de-la-table-ronde-reconquete-de-la-souverainete-numerique-paris-13-avril-2022\\\/\",\"name\":\"[chaire CYBER] Vid\u00e9o de la table ronde \u201cReconqu\u00eate de la souverainet\u00e9 num\u00e9rique\u201d (Paris, 13 avril 2022) - Fonds de dotation de l&#039;IHEDN\",\"isPartOf\":{\"@id\":\"https:\\\/\\\/fdd-ihedn.fr\\\/#website\"},\"primaryImageOfPage\":{\"@id\":\"https:\\\/\\\/fdd-ihedn.fr\\\/chaire-cyber-video-de-la-table-ronde-reconquete-de-la-souverainete-numerique-paris-13-avril-2022\\\/#primaryimage\"},\"image\":{\"@id\":\"https:\\\/\\\/fdd-ihedn.fr\\\/chaire-cyber-video-de-la-table-ronde-reconquete-de-la-souverainete-numerique-paris-13-avril-2022\\\/#primaryimage\"},\"thumbnailUrl\":\"https:\\\/\\\/fdd-ihedn.fr\\\/wp-content\\\/uploads\\\/2022\\\/04\\\/IHEDN-13042022-_HRD0062-scaled.jpg\",\"datePublished\":\"2022-04-20T09:44:19+00:00\",\"dateModified\":\"2024-09-24T11:58:08+00:00\",\"breadcrumb\":{\"@id\":\"https:\\\/\\\/fdd-ihedn.fr\\\/chaire-cyber-video-de-la-table-ronde-reconquete-de-la-souverainete-numerique-paris-13-avril-2022\\\/#breadcrumb\"},\"inLanguage\":\"en-GB\",\"potentialAction\":[{\"@type\":\"ReadAction\",\"target\":[\"https:\\\/\\\/fdd-ihedn.fr\\\/chaire-cyber-video-de-la-table-ronde-reconquete-de-la-souverainete-numerique-paris-13-avril-2022\\\/\"]}]},{\"@type\":\"ImageObject\",\"inLanguage\":\"en-GB\",\"@id\":\"https:\\\/\\\/fdd-ihedn.fr\\\/chaire-cyber-video-de-la-table-ronde-reconquete-de-la-souverainete-numerique-paris-13-avril-2022\\\/#primaryimage\",\"url\":\"https:\\\/\\\/fdd-ihedn.fr\\\/wp-content\\\/uploads\\\/2022\\\/04\\\/IHEDN-13042022-_HRD0062-scaled.jpg\",\"contentUrl\":\"https:\\\/\\\/fdd-ihedn.fr\\\/wp-content\\\/uploads\\\/2022\\\/04\\\/IHEDN-13042022-_HRD0062-scaled.jpg\",\"width\":2560,\"height\":1706},{\"@type\":\"BreadcrumbList\",\"@id\":\"https:\\\/\\\/fdd-ihedn.fr\\\/chaire-cyber-video-de-la-table-ronde-reconquete-de-la-souverainete-numerique-paris-13-avril-2022\\\/#breadcrumb\",\"itemListElement\":[{\"@type\":\"ListItem\",\"position\":1,\"name\":\"Accueil\",\"item\":\"https:\\\/\\\/fdd-ihedn.fr\\\/\"},{\"@type\":\"ListItem\",\"position\":2,\"name\":\"[chaire CYBER] Vid\u00e9o de la table ronde \u201cReconqu\u00eate de la souverainet\u00e9 num\u00e9rique\u201d (Paris, 13 avril 2022)\"}]},{\"@type\":\"WebSite\",\"@id\":\"https:\\\/\\\/fdd-ihedn.fr\\\/#website\",\"url\":\"https:\\\/\\\/fdd-ihedn.fr\\\/\",\"name\":\"Fonds de dotation de l&#039;IHEDN\",\"description\":\"Des projets innovants d\u00e9velopp\u00e9s pour l&#039;IHEDN gr\u00e2ce au m\u00e9c\u00e9nat\",\"publisher\":{\"@id\":\"https:\\\/\\\/fdd-ihedn.fr\\\/#organization\"},\"potentialAction\":[{\"@type\":\"SearchAction\",\"target\":{\"@type\":\"EntryPoint\",\"urlTemplate\":\"https:\\\/\\\/fdd-ihedn.fr\\\/?s={search_term_string}\"},\"query-input\":{\"@type\":\"PropertyValueSpecification\",\"valueRequired\":true,\"valueName\":\"search_term_string\"}}],\"inLanguage\":\"en-GB\"},{\"@type\":\"Organization\",\"@id\":\"https:\\\/\\\/fdd-ihedn.fr\\\/#organization\",\"name\":\"Chaire \u00c9conomie de d\u00e9fense - IHEDN\",\"url\":\"https:\\\/\\\/fdd-ihedn.fr\\\/\",\"logo\":{\"@type\":\"ImageObject\",\"inLanguage\":\"en-GB\",\"@id\":\"https:\\\/\\\/fdd-ihedn.fr\\\/#\\\/schema\\\/logo\\\/image\\\/\",\"url\":\"https:\\\/\\\/fdd-ihedn.fr\\\/wp-content\\\/uploads\\\/2020\\\/04\\\/logoEcodef9.jpg\",\"contentUrl\":\"https:\\\/\\\/fdd-ihedn.fr\\\/wp-content\\\/uploads\\\/2020\\\/04\\\/logoEcodef9.jpg\",\"width\":410,\"height\":212,\"caption\":\"Chaire \u00c9conomie de d\u00e9fense - IHEDN\"},\"image\":{\"@id\":\"https:\\\/\\\/fdd-ihedn.fr\\\/#\\\/schema\\\/logo\\\/image\\\/\"},\"sameAs\":[\"https:\\\/\\\/x.com\\\/Chaire_Ecodef\",\"https:\\\/\\\/www.linkedin.com\\\/company\\\/chaire-ecodef-ihedn\\\/\"]},{\"@type\":\"Person\",\"@id\":\"https:\\\/\\\/fdd-ihedn.fr\\\/#\\\/schema\\\/person\\\/9fe23d397304e152668f6ba7966b1a64\",\"name\":\"Bertrand Demandre\",\"image\":{\"@type\":\"ImageObject\",\"inLanguage\":\"en-GB\",\"@id\":\"https:\\\/\\\/secure.gravatar.com\\\/avatar\\\/d9c9746d6c900ab5b9c0f9b1fa3932e369da923da247d624b8f7ab4ba8a3c093?s=96&d=mm&r=g\",\"url\":\"https:\\\/\\\/secure.gravatar.com\\\/avatar\\\/d9c9746d6c900ab5b9c0f9b1fa3932e369da923da247d624b8f7ab4ba8a3c093?s=96&d=mm&r=g\",\"contentUrl\":\"https:\\\/\\\/secure.gravatar.com\\\/avatar\\\/d9c9746d6c900ab5b9c0f9b1fa3932e369da923da247d624b8f7ab4ba8a3c093?s=96&d=mm&r=g\",\"caption\":\"Bertrand Demandre\"},\"url\":\"https:\\\/\\\/fdd-ihedn.fr\\\/en\\\/author\\\/bertrand\\\/\"}]}<\/script>\n<!-- \/ Yoast SEO plugin. -->","yoast_head_json":{"title":"[chaire CYBER] Vid\u00e9o de la table ronde \u201cReconqu\u00eate de la souverainet\u00e9 num\u00e9rique\u201d (Paris, 13 avril 2022) - Fonds de dotation de l&#039;IHEDN","robots":{"index":"index","follow":"follow","max-snippet":"max-snippet:-1","max-image-preview":"max-image-preview:large","max-video-preview":"max-video-preview:-1"},"canonical":"https:\/\/fdd-ihedn.fr\/en\/chaire-cyber-video-de-la-table-ronde-reconquete-de-la-souverainete-numerique-paris-13-avril-2022\/","og_locale":"en_GB","og_type":"article","og_title":"[chaire CYBER] Vid\u00e9o de la table ronde \u201cReconqu\u00eate de la souverainet\u00e9 num\u00e9rique\u201d (Paris, 13 avril 2022) - Fonds de dotation de l&#039;IHEDN","og_description":"En pr\u00e9sence du G\u00e9n\u00e9ral de corps d&rsquo;arm\u00e9e Beno\u00eet Durieux, Directeur de l\u2019IHEDN et de l\u2019Enseignement militaire sup\u00e9rieur (EMS), venu prononcer un mot d&rsquo;accueil, les participants majoritairement issus de la majeure Souverainet\u00e9 num\u00e9rique et cybers\u00e9curit\u00e9 de la Session nationale de l\u2019IHEDN ont assist\u00e9 mercredi 13 avril \u00e0 une table ronde centr\u00e9e sur l\u2019ouvrage collectif Souverainet\u00e9 num\u00e9rique [&hellip;]","og_url":"https:\/\/fdd-ihedn.fr\/en\/chaire-cyber-video-de-la-table-ronde-reconquete-de-la-souverainete-numerique-paris-13-avril-2022\/","og_site_name":"Fonds de dotation de l&#039;IHEDN","article_published_time":"2022-04-20T09:44:19+00:00","article_modified_time":"2024-09-24T11:58:08+00:00","og_image":[{"width":2560,"height":1706,"url":"https:\/\/fdd-ihedn.fr\/wp-content\/uploads\/2022\/04\/IHEDN-13042022-_HRD0062-scaled.jpg","type":"image\/jpeg"}],"author":"Bertrand Demandre","twitter_card":"summary_large_image","twitter_creator":"@Chaire_Ecodef","twitter_site":"@Chaire_Ecodef","twitter_misc":{"Written by":"Bertrand Demandre","Estimated reading time":"3 minutes"},"schema":{"@context":"https:\/\/schema.org","@graph":[{"@type":"Article","@id":"https:\/\/fdd-ihedn.fr\/chaire-cyber-video-de-la-table-ronde-reconquete-de-la-souverainete-numerique-paris-13-avril-2022\/#article","isPartOf":{"@id":"https:\/\/fdd-ihedn.fr\/chaire-cyber-video-de-la-table-ronde-reconquete-de-la-souverainete-numerique-paris-13-avril-2022\/"},"author":{"name":"Bertrand Demandre","@id":"https:\/\/fdd-ihedn.fr\/#\/schema\/person\/9fe23d397304e152668f6ba7966b1a64"},"headline":"[chaire CYBER] Vid\u00e9o de la table ronde \u201cReconqu\u00eate de la souverainet\u00e9 num\u00e9rique\u201d (Paris, 13 avril 2022)","datePublished":"2022-04-20T09:44:19+00:00","dateModified":"2024-09-24T11:58:08+00:00","mainEntityOfPage":{"@id":"https:\/\/fdd-ihedn.fr\/chaire-cyber-video-de-la-table-ronde-reconquete-de-la-souverainete-numerique-paris-13-avril-2022\/"},"wordCount":479,"commentCount":0,"publisher":{"@id":"https:\/\/fdd-ihedn.fr\/#organization"},"image":{"@id":"https:\/\/fdd-ihedn.fr\/chaire-cyber-video-de-la-table-ronde-reconquete-de-la-souverainete-numerique-paris-13-avril-2022\/#primaryimage"},"thumbnailUrl":"https:\/\/fdd-ihedn.fr\/wp-content\/uploads\/2022\/04\/IHEDN-13042022-_HRD0062-scaled.jpg","keywords":["AGORA 41","Bernard de Courr\u00e8ges d'Ustou","Cercle de la donn\u00e9e","chaire Cyber et souverainet\u00e9 num\u00e9rique","cyber","Jean Peeters","Marc Watin-Augouard","Matthieu Bourgeois","Philippe Lavault","souverainet\u00e9 num\u00e9rique","table ronde"],"articleSection":["Activit\u00e9s","Chaire Cyber et souverainet\u00e9 num\u00e9rique"],"inLanguage":"en-GB","potentialAction":[{"@type":"CommentAction","name":"Comment","target":["https:\/\/fdd-ihedn.fr\/chaire-cyber-video-de-la-table-ronde-reconquete-de-la-souverainete-numerique-paris-13-avril-2022\/#respond"]}]},{"@type":"WebPage","@id":"https:\/\/fdd-ihedn.fr\/chaire-cyber-video-de-la-table-ronde-reconquete-de-la-souverainete-numerique-paris-13-avril-2022\/","url":"https:\/\/fdd-ihedn.fr\/chaire-cyber-video-de-la-table-ronde-reconquete-de-la-souverainete-numerique-paris-13-avril-2022\/","name":"[chaire CYBER] Vid\u00e9o de la table ronde \u201cReconqu\u00eate de la souverainet\u00e9 num\u00e9rique\u201d (Paris, 13 avril 2022) - Fonds de dotation de l&#039;IHEDN","isPartOf":{"@id":"https:\/\/fdd-ihedn.fr\/#website"},"primaryImageOfPage":{"@id":"https:\/\/fdd-ihedn.fr\/chaire-cyber-video-de-la-table-ronde-reconquete-de-la-souverainete-numerique-paris-13-avril-2022\/#primaryimage"},"image":{"@id":"https:\/\/fdd-ihedn.fr\/chaire-cyber-video-de-la-table-ronde-reconquete-de-la-souverainete-numerique-paris-13-avril-2022\/#primaryimage"},"thumbnailUrl":"https:\/\/fdd-ihedn.fr\/wp-content\/uploads\/2022\/04\/IHEDN-13042022-_HRD0062-scaled.jpg","datePublished":"2022-04-20T09:44:19+00:00","dateModified":"2024-09-24T11:58:08+00:00","breadcrumb":{"@id":"https:\/\/fdd-ihedn.fr\/chaire-cyber-video-de-la-table-ronde-reconquete-de-la-souverainete-numerique-paris-13-avril-2022\/#breadcrumb"},"inLanguage":"en-GB","potentialAction":[{"@type":"ReadAction","target":["https:\/\/fdd-ihedn.fr\/chaire-cyber-video-de-la-table-ronde-reconquete-de-la-souverainete-numerique-paris-13-avril-2022\/"]}]},{"@type":"ImageObject","inLanguage":"en-GB","@id":"https:\/\/fdd-ihedn.fr\/chaire-cyber-video-de-la-table-ronde-reconquete-de-la-souverainete-numerique-paris-13-avril-2022\/#primaryimage","url":"https:\/\/fdd-ihedn.fr\/wp-content\/uploads\/2022\/04\/IHEDN-13042022-_HRD0062-scaled.jpg","contentUrl":"https:\/\/fdd-ihedn.fr\/wp-content\/uploads\/2022\/04\/IHEDN-13042022-_HRD0062-scaled.jpg","width":2560,"height":1706},{"@type":"BreadcrumbList","@id":"https:\/\/fdd-ihedn.fr\/chaire-cyber-video-de-la-table-ronde-reconquete-de-la-souverainete-numerique-paris-13-avril-2022\/#breadcrumb","itemListElement":[{"@type":"ListItem","position":1,"name":"Accueil","item":"https:\/\/fdd-ihedn.fr\/"},{"@type":"ListItem","position":2,"name":"[chaire CYBER] Vid\u00e9o de la table ronde \u201cReconqu\u00eate de la souverainet\u00e9 num\u00e9rique\u201d (Paris, 13 avril 2022)"}]},{"@type":"WebSite","@id":"https:\/\/fdd-ihedn.fr\/#website","url":"https:\/\/fdd-ihedn.fr\/","name":"IHEDN Endowment Fund","description":"Innovative projects developed for IHEDN thanks to sponsorship","publisher":{"@id":"https:\/\/fdd-ihedn.fr\/#organization"},"potentialAction":[{"@type":"SearchAction","target":{"@type":"EntryPoint","urlTemplate":"https:\/\/fdd-ihedn.fr\/?s={search_term_string}"},"query-input":{"@type":"PropertyValueSpecification","valueRequired":true,"valueName":"search_term_string"}}],"inLanguage":"en-GB"},{"@type":"Organization","@id":"https:\/\/fdd-ihedn.fr\/#organization","name":"Chair in Defence Economics - IHEDN","url":"https:\/\/fdd-ihedn.fr\/","logo":{"@type":"ImageObject","inLanguage":"en-GB","@id":"https:\/\/fdd-ihedn.fr\/#\/schema\/logo\/image\/","url":"https:\/\/fdd-ihedn.fr\/wp-content\/uploads\/2020\/04\/logoEcodef9.jpg","contentUrl":"https:\/\/fdd-ihedn.fr\/wp-content\/uploads\/2020\/04\/logoEcodef9.jpg","width":410,"height":212,"caption":"Chaire \u00c9conomie de d\u00e9fense - IHEDN"},"image":{"@id":"https:\/\/fdd-ihedn.fr\/#\/schema\/logo\/image\/"},"sameAs":["https:\/\/x.com\/Chaire_Ecodef","https:\/\/www.linkedin.com\/company\/chaire-ecodef-ihedn\/"]},{"@type":"Person","@id":"https:\/\/fdd-ihedn.fr\/#\/schema\/person\/9fe23d397304e152668f6ba7966b1a64","name":"Bertrand Demandre","image":{"@type":"ImageObject","inLanguage":"en-GB","@id":"https:\/\/secure.gravatar.com\/avatar\/d9c9746d6c900ab5b9c0f9b1fa3932e369da923da247d624b8f7ab4ba8a3c093?s=96&d=mm&r=g","url":"https:\/\/secure.gravatar.com\/avatar\/d9c9746d6c900ab5b9c0f9b1fa3932e369da923da247d624b8f7ab4ba8a3c093?s=96&d=mm&r=g","contentUrl":"https:\/\/secure.gravatar.com\/avatar\/d9c9746d6c900ab5b9c0f9b1fa3932e369da923da247d624b8f7ab4ba8a3c093?s=96&d=mm&r=g","caption":"Bertrand Demandre"},"url":"https:\/\/fdd-ihedn.fr\/en\/author\/bertrand\/"}]}},"_links":{"self":[{"href":"https:\/\/fdd-ihedn.fr\/en\/wp-json\/wp\/v2\/posts\/5106","targetHints":{"allow":["GET"]}}],"collection":[{"href":"https:\/\/fdd-ihedn.fr\/en\/wp-json\/wp\/v2\/posts"}],"about":[{"href":"https:\/\/fdd-ihedn.fr\/en\/wp-json\/wp\/v2\/types\/post"}],"author":[{"embeddable":true,"href":"https:\/\/fdd-ihedn.fr\/en\/wp-json\/wp\/v2\/users\/2"}],"replies":[{"embeddable":true,"href":"https:\/\/fdd-ihedn.fr\/en\/wp-json\/wp\/v2\/comments?post=5106"}],"version-history":[{"count":3,"href":"https:\/\/fdd-ihedn.fr\/en\/wp-json\/wp\/v2\/posts\/5106\/revisions"}],"predecessor-version":[{"id":5644,"href":"https:\/\/fdd-ihedn.fr\/en\/wp-json\/wp\/v2\/posts\/5106\/revisions\/5644"}],"wp:featuredmedia":[{"embeddable":true,"href":"https:\/\/fdd-ihedn.fr\/en\/wp-json\/wp\/v2\/media\/5108"}],"wp:attachment":[{"href":"https:\/\/fdd-ihedn.fr\/en\/wp-json\/wp\/v2\/media?parent=5106"}],"wp:term":[{"taxonomy":"category","embeddable":true,"href":"https:\/\/fdd-ihedn.fr\/en\/wp-json\/wp\/v2\/categories?post=5106"},{"taxonomy":"post_tag","embeddable":true,"href":"https:\/\/fdd-ihedn.fr\/en\/wp-json\/wp\/v2\/tags?post=5106"}],"curies":[{"name":"wp","href":"https:\/\/api.w.org\/{rel}","templated":true}]}}