{"id":4981,"date":"2021-12-20T14:31:04","date_gmt":"2021-12-20T13:31:04","guid":{"rendered":"https:\/\/fdd-ihedn.fr\/?p=4981"},"modified":"2024-09-24T13:58:54","modified_gmt":"2024-09-24T11:58:54","slug":"chaire-ecodef-video-de-la-conference-annuelle-quelle-politique-dexportation-de-defense-pour-la-france-15-decembre-2021-a-lecole-militaire","status":"publish","type":"post","link":"https:\/\/fdd-ihedn.fr\/en\/chaire-ecodef-video-de-la-conference-annuelle-quelle-politique-dexportation-de-defense-pour-la-france-15-decembre-2021-a-lecole-militaire\/","title":{"rendered":"[chaire ECODEF] Vid\u00e9o de la Conf\u00e9rence annuelle \u201cQuelle politique d&rsquo;exportation de d\u00e9fense pour la France ?\u201d (15 d\u00e9cembre 2021 \u00e0 l\u2019\u00c9cole militaire)"},"content":{"rendered":"<p><strong>Read all about the debates on\u00a0<a href=\"https:\/\/www.youtube.com\/watch?v=1dltUTcXr9Q&amp;list=PLzMFMsSJpwt_Wo0Ti9fP1AHV2-OhXHNmK\" target=\"_blank\" rel=\"noreferrer noopener\">the Chair's YouTube channel<\/a>.<\/strong><\/p>\r\n\r\n\r\n\r\n<div class=\"wp-block-image\">\r\n<figure class=\"aligncenter size-large is-resized\"><img loading=\"lazy\" decoding=\"async\" class=\"wp-image-4181\" src=\"https:\/\/ecodef-ihedn.fr\/wp-content\/uploads\/2021\/12\/101-conference-ihedn-sb20211215474-light-1024x683.jpg\" alt=\"\" width=\"512\" height=\"342\" \/><\/figure>\r\n<\/div>\r\n\r\n\r\n\r\n<p>La\u00a0<strong>Chair in Defence Economics - IHEDN<\/strong>\u00a0organised\u00a0<strong>its 2021 annual conference on 15 December<\/strong>\u00a0afternoon, at the \u00c9cole Militaire (Foch amphitheatre) and online. It brought together <strong>nearly 500 participants <\/strong>around the theme\u00a0<em>\u201cWhat kind of defence export policy for France?\u201d<\/em>.<\/p>\r\n\r\n\r\n\r\n<p>The programme focused on <a href=\"https:\/\/ecodef-ihedn.fr\/15-decembre-2021-conference-annuelle-de-la-chaire-economie-de-defense-ihedn\/\">two round tables<\/a>, These included contributions from high-level speakers (researchers, government and industry): \u00ab\u00a0<strong>What role do defence exports play in France's sovereignty?<\/strong>\u00a0\u00bband\u00ab\u00a0<strong>What model for defence exports in today's changing environment?<\/strong>\u00a0\u00bb .<\/p>\r\n\r\n\r\n\r\n<p><strong>Mrs Fran\u00e7oise Dumas<\/strong>, Chairwoman of the National Assembly's Committee on National Defence and the Armed Forces, brought the day's proceedings to a close.<\/p>\r\n<p>The Chair organised its <a href=\"https:\/\/ecodef-ihedn.fr\/conference-annuelle-chaire-economie-defense\/\" target=\"_blank\" rel=\"noreferrer noopener\">2020 annual conference <\/a>on the subject of defence industrial policy in Europe. <a href=\"https:\/\/www.youtube.com\/watch?v=Am0Vt1yRft0&amp;list=PLzMFMsSJpwt96VLXAjoUrdOsizTxK-D7o\" target=\"_blank\" rel=\"noreferrer noopener\">This conference<\/a> and previous ones are also available on the <a href=\"https:\/\/www.youtube.com\/channel\/UC_dKcdKpWM-Cfk7gujhqXtA\/featured\" target=\"_blank\" rel=\"noreferrer noopener\">YouTube channel of the Chair<\/a>.<\/p>\r\n\r\n\r\n\r\n<div class=\"wp-block-buttons is-horizontal is-content-justification-center is-layout-flex wp-container-core-buttons-is-layout-499968f5 wp-block-buttons-is-layout-flex\">\r\n<div class=\"wp-block-button\"><a class=\"wp-block-button__link\" href=\"https:\/\/www.youtube.com\/playlist?list=PLzMFMsSJpwt_Wo0Ti9fP1AHV2-OhXHNmK\" target=\"_blank\" rel=\"noreferrer noopener\">see or re-watch the conference <\/a><\/div>\r\n<div>\u00a0<\/div>\r\n<\/div>\r\n<!-- \/wp:post-content -->\r\n\r\n<!-- wp:paragraph -->\r\n<p>&nbsp;<\/p>\r\n<!-- \/wp:paragraph -->","protected":false},"excerpt":{"rendered":"<p>Retrouvez l\u2019int\u00e9gralit\u00e9 des d\u00e9bats sur\u00a0la cha\u00eene YouTube de la Chaire. La\u00a0Chaire \u00c9conomie de D\u00e9fense \u2013 IHEDN\u00a0a organis\u00e9\u00a0sa conf\u00e9rence annuelle 2021 le 15 d\u00e9cembre\u00a0apr\u00e8s-midi, \u00e0 l\u2019\u00c9cole militaire (amphith\u00e9\u00e2tre Foch) et en ligne. Elle a rassembl\u00e9 pr\u00e8s de 500 participants autour du th\u00e8me\u00a0\u201cQuelle politique d&rsquo;exportation de d\u00e9fense pour la France ?\u201d. Le programme s\u2019est articul\u00e9 autour de [&hellip;]<\/p>\n","protected":false},"author":2,"featured_media":4985,"comment_status":"open","ping_status":"open","sticky":false,"template":"","format":"standard","meta":{"footnotes":""},"categories":[438],"tags":[162,41,163,36,47,52,38,149,514,515],"class_list":{"0":"post-4981","1":"post","2":"type-post","3":"status-publish","4":"format-standard","5":"has-post-thumbnail","7":"category-chaire-economie-de-defense","8":"tag-chaire-economie-de-defense","9":"tag-conference","10":"tag-conference-annuelle","11":"tag-defense","12":"tag-economie-de-defense","13":"tag-exportations-darmes","14":"tag-ihedn","15":"tag-industrie-de-defense","16":"tag-replay","17":"tag-video"},"yoast_head":"<!-- This site is optimized with the Yoast SEO plugin v27.4 - https:\/\/yoast.com\/product\/yoast-seo-wordpress\/ -->\n<title>[chaire ECODEF] Vid\u00e9o de la Conf\u00e9rence annuelle \u201cQuelle politique d&#039;exportation de d\u00e9fense pour la France ?\u201d (15 d\u00e9cembre 2021 \u00e0 l\u2019\u00c9cole militaire) - Fonds de dotation de l&#039;IHEDN<\/title>\n<meta name=\"robots\" content=\"index, follow, max-snippet:-1, max-image-preview:large, max-video-preview:-1\" \/>\n<link rel=\"canonical\" href=\"https:\/\/fdd-ihedn.fr\/en\/chaire-ecodef-video-de-la-conference-annuelle-quelle-politique-dexportation-de-defense-pour-la-france-15-decembre-2021-a-lecole-militaire\/\" \/>\n<meta property=\"og:locale\" content=\"en_GB\" \/>\n<meta property=\"og:type\" content=\"article\" \/>\n<meta property=\"og:title\" content=\"[chaire ECODEF] Vid\u00e9o de la Conf\u00e9rence annuelle \u201cQuelle politique d&#039;exportation de d\u00e9fense pour la France ?\u201d (15 d\u00e9cembre 2021 \u00e0 l\u2019\u00c9cole militaire) - Fonds de dotation de l&#039;IHEDN\" \/>\n<meta property=\"og:description\" content=\"Retrouvez l\u2019int\u00e9gralit\u00e9 des d\u00e9bats sur\u00a0la cha\u00eene YouTube de la Chaire. La\u00a0Chaire \u00c9conomie de D\u00e9fense \u2013 IHEDN\u00a0a organis\u00e9\u00a0sa conf\u00e9rence annuelle 2021 le 15 d\u00e9cembre\u00a0apr\u00e8s-midi, \u00e0 l\u2019\u00c9cole militaire (amphith\u00e9\u00e2tre Foch) et en ligne. Elle a rassembl\u00e9 pr\u00e8s de 500 participants autour du th\u00e8me\u00a0\u201cQuelle politique d&rsquo;exportation de d\u00e9fense pour la France ?\u201d. Le programme s\u2019est articul\u00e9 autour de [&hellip;]\" \/>\n<meta property=\"og:url\" content=\"https:\/\/fdd-ihedn.fr\/en\/chaire-ecodef-video-de-la-conference-annuelle-quelle-politique-dexportation-de-defense-pour-la-france-15-decembre-2021-a-lecole-militaire\/\" \/>\n<meta property=\"og:site_name\" content=\"Fonds de dotation de l&#039;IHEDN\" \/>\n<meta property=\"article:published_time\" content=\"2021-12-20T13:31:04+00:00\" \/>\n<meta property=\"article:modified_time\" content=\"2024-09-24T11:58:54+00:00\" \/>\n<meta property=\"og:image\" content=\"https:\/\/fdd-ihedn.fr\/wp-content\/uploads\/2022\/02\/47-conference-ihedn-sb20211215205-light.jpg\" \/>\n\t<meta property=\"og:image:width\" content=\"1500\" \/>\n\t<meta property=\"og:image:height\" content=\"1000\" \/>\n\t<meta property=\"og:image:type\" content=\"image\/jpeg\" \/>\n<meta name=\"author\" content=\"Bertrand Demandre\" \/>\n<meta name=\"twitter:card\" content=\"summary_large_image\" \/>\n<meta name=\"twitter:creator\" content=\"@Chaire_Ecodef\" \/>\n<meta name=\"twitter:site\" content=\"@Chaire_Ecodef\" \/>\n<meta name=\"twitter:label1\" content=\"Written by\" \/>\n\t<meta name=\"twitter:data1\" content=\"Bertrand Demandre\" \/>\n\t<meta name=\"twitter:label2\" content=\"Estimated reading time\" \/>\n\t<meta name=\"twitter:data2\" content=\"2 minutes\" \/>\n<script type=\"application\/ld+json\" class=\"yoast-schema-graph\">{\"@context\":\"https:\\\/\\\/schema.org\",\"@graph\":[{\"@type\":\"Article\",\"@id\":\"https:\\\/\\\/fdd-ihedn.fr\\\/chaire-ecodef-video-de-la-conference-annuelle-quelle-politique-dexportation-de-defense-pour-la-france-15-decembre-2021-a-lecole-militaire\\\/#article\",\"isPartOf\":{\"@id\":\"https:\\\/\\\/fdd-ihedn.fr\\\/chaire-ecodef-video-de-la-conference-annuelle-quelle-politique-dexportation-de-defense-pour-la-france-15-decembre-2021-a-lecole-militaire\\\/\"},\"author\":{\"name\":\"Bertrand Demandre\",\"@id\":\"https:\\\/\\\/fdd-ihedn.fr\\\/#\\\/schema\\\/person\\\/9fe23d397304e152668f6ba7966b1a64\"},\"headline\":\"[chaire ECODEF] Vid\u00e9o de la Conf\u00e9rence annuelle \u201cQuelle politique d&rsquo;exportation de d\u00e9fense pour la France ?\u201d (15 d\u00e9cembre 2021 \u00e0 l\u2019\u00c9cole militaire)\",\"datePublished\":\"2021-12-20T13:31:04+00:00\",\"dateModified\":\"2024-09-24T11:58:54+00:00\",\"mainEntityOfPage\":{\"@id\":\"https:\\\/\\\/fdd-ihedn.fr\\\/chaire-ecodef-video-de-la-conference-annuelle-quelle-politique-dexportation-de-defense-pour-la-france-15-decembre-2021-a-lecole-militaire\\\/\"},\"wordCount\":220,\"commentCount\":0,\"publisher\":{\"@id\":\"https:\\\/\\\/fdd-ihedn.fr\\\/#organization\"},\"image\":{\"@id\":\"https:\\\/\\\/fdd-ihedn.fr\\\/chaire-ecodef-video-de-la-conference-annuelle-quelle-politique-dexportation-de-defense-pour-la-france-15-decembre-2021-a-lecole-militaire\\\/#primaryimage\"},\"thumbnailUrl\":\"https:\\\/\\\/fdd-ihedn.fr\\\/wp-content\\\/uploads\\\/2022\\\/02\\\/47-conference-ihedn-sb20211215205-light.jpg\",\"keywords\":[\"chaire \u00e9conomie de d\u00e9fense\",\"conf\u00e9rence\",\"conf\u00e9rence annuelle\",\"D\u00e9fense\",\"\u00e9conomie de d\u00e9fense\",\"exportations d'armes\",\"IHEDN\",\"industrie de d\u00e9fense\",\"replay\",\"vid\u00e9o\"],\"articleSection\":[\"Chaire \u00c9conomie de d\u00e9fense\"],\"inLanguage\":\"en-GB\",\"potentialAction\":[{\"@type\":\"CommentAction\",\"name\":\"Comment\",\"target\":[\"https:\\\/\\\/fdd-ihedn.fr\\\/chaire-ecodef-video-de-la-conference-annuelle-quelle-politique-dexportation-de-defense-pour-la-france-15-decembre-2021-a-lecole-militaire\\\/#respond\"]}]},{\"@type\":\"WebPage\",\"@id\":\"https:\\\/\\\/fdd-ihedn.fr\\\/chaire-ecodef-video-de-la-conference-annuelle-quelle-politique-dexportation-de-defense-pour-la-france-15-decembre-2021-a-lecole-militaire\\\/\",\"url\":\"https:\\\/\\\/fdd-ihedn.fr\\\/chaire-ecodef-video-de-la-conference-annuelle-quelle-politique-dexportation-de-defense-pour-la-france-15-decembre-2021-a-lecole-militaire\\\/\",\"name\":\"[chaire ECODEF] Vid\u00e9o de la Conf\u00e9rence annuelle \u201cQuelle politique d'exportation de d\u00e9fense pour la France ?\u201d (15 d\u00e9cembre 2021 \u00e0 l\u2019\u00c9cole militaire) - Fonds de dotation de l&#039;IHEDN\",\"isPartOf\":{\"@id\":\"https:\\\/\\\/fdd-ihedn.fr\\\/#website\"},\"primaryImageOfPage\":{\"@id\":\"https:\\\/\\\/fdd-ihedn.fr\\\/chaire-ecodef-video-de-la-conference-annuelle-quelle-politique-dexportation-de-defense-pour-la-france-15-decembre-2021-a-lecole-militaire\\\/#primaryimage\"},\"image\":{\"@id\":\"https:\\\/\\\/fdd-ihedn.fr\\\/chaire-ecodef-video-de-la-conference-annuelle-quelle-politique-dexportation-de-defense-pour-la-france-15-decembre-2021-a-lecole-militaire\\\/#primaryimage\"},\"thumbnailUrl\":\"https:\\\/\\\/fdd-ihedn.fr\\\/wp-content\\\/uploads\\\/2022\\\/02\\\/47-conference-ihedn-sb20211215205-light.jpg\",\"datePublished\":\"2021-12-20T13:31:04+00:00\",\"dateModified\":\"2024-09-24T11:58:54+00:00\",\"breadcrumb\":{\"@id\":\"https:\\\/\\\/fdd-ihedn.fr\\\/chaire-ecodef-video-de-la-conference-annuelle-quelle-politique-dexportation-de-defense-pour-la-france-15-decembre-2021-a-lecole-militaire\\\/#breadcrumb\"},\"inLanguage\":\"en-GB\",\"potentialAction\":[{\"@type\":\"ReadAction\",\"target\":[\"https:\\\/\\\/fdd-ihedn.fr\\\/chaire-ecodef-video-de-la-conference-annuelle-quelle-politique-dexportation-de-defense-pour-la-france-15-decembre-2021-a-lecole-militaire\\\/\"]}]},{\"@type\":\"ImageObject\",\"inLanguage\":\"en-GB\",\"@id\":\"https:\\\/\\\/fdd-ihedn.fr\\\/chaire-ecodef-video-de-la-conference-annuelle-quelle-politique-dexportation-de-defense-pour-la-france-15-decembre-2021-a-lecole-militaire\\\/#primaryimage\",\"url\":\"https:\\\/\\\/fdd-ihedn.fr\\\/wp-content\\\/uploads\\\/2022\\\/02\\\/47-conference-ihedn-sb20211215205-light.jpg\",\"contentUrl\":\"https:\\\/\\\/fdd-ihedn.fr\\\/wp-content\\\/uploads\\\/2022\\\/02\\\/47-conference-ihedn-sb20211215205-light.jpg\",\"width\":1500,\"height\":1000},{\"@type\":\"BreadcrumbList\",\"@id\":\"https:\\\/\\\/fdd-ihedn.fr\\\/chaire-ecodef-video-de-la-conference-annuelle-quelle-politique-dexportation-de-defense-pour-la-france-15-decembre-2021-a-lecole-militaire\\\/#breadcrumb\",\"itemListElement\":[{\"@type\":\"ListItem\",\"position\":1,\"name\":\"Accueil\",\"item\":\"https:\\\/\\\/fdd-ihedn.fr\\\/\"},{\"@type\":\"ListItem\",\"position\":2,\"name\":\"[chaire ECODEF] Vid\u00e9o de la Conf\u00e9rence annuelle \u201cQuelle politique d&#8217;exportation de d\u00e9fense pour la France ?\u201d (15 d\u00e9cembre 2021 \u00e0 l\u2019\u00c9cole militaire)\"}]},{\"@type\":\"WebSite\",\"@id\":\"https:\\\/\\\/fdd-ihedn.fr\\\/#website\",\"url\":\"https:\\\/\\\/fdd-ihedn.fr\\\/\",\"name\":\"Fonds de dotation de l&#039;IHEDN\",\"description\":\"Des projets innovants d\u00e9velopp\u00e9s pour l&#039;IHEDN gr\u00e2ce au m\u00e9c\u00e9nat\",\"publisher\":{\"@id\":\"https:\\\/\\\/fdd-ihedn.fr\\\/#organization\"},\"potentialAction\":[{\"@type\":\"SearchAction\",\"target\":{\"@type\":\"EntryPoint\",\"urlTemplate\":\"https:\\\/\\\/fdd-ihedn.fr\\\/?s={search_term_string}\"},\"query-input\":{\"@type\":\"PropertyValueSpecification\",\"valueRequired\":true,\"valueName\":\"search_term_string\"}}],\"inLanguage\":\"en-GB\"},{\"@type\":\"Organization\",\"@id\":\"https:\\\/\\\/fdd-ihedn.fr\\\/#organization\",\"name\":\"Chaire \u00c9conomie de d\u00e9fense - IHEDN\",\"url\":\"https:\\\/\\\/fdd-ihedn.fr\\\/\",\"logo\":{\"@type\":\"ImageObject\",\"inLanguage\":\"en-GB\",\"@id\":\"https:\\\/\\\/fdd-ihedn.fr\\\/#\\\/schema\\\/logo\\\/image\\\/\",\"url\":\"https:\\\/\\\/fdd-ihedn.fr\\\/wp-content\\\/uploads\\\/2020\\\/04\\\/logoEcodef9.jpg\",\"contentUrl\":\"https:\\\/\\\/fdd-ihedn.fr\\\/wp-content\\\/uploads\\\/2020\\\/04\\\/logoEcodef9.jpg\",\"width\":410,\"height\":212,\"caption\":\"Chaire \u00c9conomie de d\u00e9fense - IHEDN\"},\"image\":{\"@id\":\"https:\\\/\\\/fdd-ihedn.fr\\\/#\\\/schema\\\/logo\\\/image\\\/\"},\"sameAs\":[\"https:\\\/\\\/x.com\\\/Chaire_Ecodef\",\"https:\\\/\\\/www.linkedin.com\\\/company\\\/chaire-ecodef-ihedn\\\/\"]},{\"@type\":\"Person\",\"@id\":\"https:\\\/\\\/fdd-ihedn.fr\\\/#\\\/schema\\\/person\\\/9fe23d397304e152668f6ba7966b1a64\",\"name\":\"Bertrand Demandre\",\"image\":{\"@type\":\"ImageObject\",\"inLanguage\":\"en-GB\",\"@id\":\"https:\\\/\\\/secure.gravatar.com\\\/avatar\\\/d9c9746d6c900ab5b9c0f9b1fa3932e369da923da247d624b8f7ab4ba8a3c093?s=96&d=mm&r=g\",\"url\":\"https:\\\/\\\/secure.gravatar.com\\\/avatar\\\/d9c9746d6c900ab5b9c0f9b1fa3932e369da923da247d624b8f7ab4ba8a3c093?s=96&d=mm&r=g\",\"contentUrl\":\"https:\\\/\\\/secure.gravatar.com\\\/avatar\\\/d9c9746d6c900ab5b9c0f9b1fa3932e369da923da247d624b8f7ab4ba8a3c093?s=96&d=mm&r=g\",\"caption\":\"Bertrand Demandre\"},\"url\":\"https:\\\/\\\/fdd-ihedn.fr\\\/en\\\/author\\\/bertrand\\\/\"}]}<\/script>\n<!-- \/ Yoast SEO plugin. -->","yoast_head_json":{"title":"[chaire ECODEF] Vid\u00e9o de la Conf\u00e9rence annuelle \u201cQuelle politique d'exportation de d\u00e9fense pour la France ?\u201d (15 d\u00e9cembre 2021 \u00e0 l\u2019\u00c9cole militaire) - Fonds de dotation de l&#039;IHEDN","robots":{"index":"index","follow":"follow","max-snippet":"max-snippet:-1","max-image-preview":"max-image-preview:large","max-video-preview":"max-video-preview:-1"},"canonical":"https:\/\/fdd-ihedn.fr\/en\/chaire-ecodef-video-de-la-conference-annuelle-quelle-politique-dexportation-de-defense-pour-la-france-15-decembre-2021-a-lecole-militaire\/","og_locale":"en_GB","og_type":"article","og_title":"[chaire ECODEF] Vid\u00e9o de la Conf\u00e9rence annuelle \u201cQuelle politique d'exportation de d\u00e9fense pour la France ?\u201d (15 d\u00e9cembre 2021 \u00e0 l\u2019\u00c9cole militaire) - Fonds de dotation de l&#039;IHEDN","og_description":"Retrouvez l\u2019int\u00e9gralit\u00e9 des d\u00e9bats sur\u00a0la cha\u00eene YouTube de la Chaire. La\u00a0Chaire \u00c9conomie de D\u00e9fense \u2013 IHEDN\u00a0a organis\u00e9\u00a0sa conf\u00e9rence annuelle 2021 le 15 d\u00e9cembre\u00a0apr\u00e8s-midi, \u00e0 l\u2019\u00c9cole militaire (amphith\u00e9\u00e2tre Foch) et en ligne. Elle a rassembl\u00e9 pr\u00e8s de 500 participants autour du th\u00e8me\u00a0\u201cQuelle politique d&rsquo;exportation de d\u00e9fense pour la France ?\u201d. Le programme s\u2019est articul\u00e9 autour de [&hellip;]","og_url":"https:\/\/fdd-ihedn.fr\/en\/chaire-ecodef-video-de-la-conference-annuelle-quelle-politique-dexportation-de-defense-pour-la-france-15-decembre-2021-a-lecole-militaire\/","og_site_name":"Fonds de dotation de l&#039;IHEDN","article_published_time":"2021-12-20T13:31:04+00:00","article_modified_time":"2024-09-24T11:58:54+00:00","og_image":[{"width":1500,"height":1000,"url":"https:\/\/fdd-ihedn.fr\/wp-content\/uploads\/2022\/02\/47-conference-ihedn-sb20211215205-light.jpg","type":"image\/jpeg"}],"author":"Bertrand Demandre","twitter_card":"summary_large_image","twitter_creator":"@Chaire_Ecodef","twitter_site":"@Chaire_Ecodef","twitter_misc":{"Written by":"Bertrand Demandre","Estimated reading time":"2 minutes"},"schema":{"@context":"https:\/\/schema.org","@graph":[{"@type":"Article","@id":"https:\/\/fdd-ihedn.fr\/chaire-ecodef-video-de-la-conference-annuelle-quelle-politique-dexportation-de-defense-pour-la-france-15-decembre-2021-a-lecole-militaire\/#article","isPartOf":{"@id":"https:\/\/fdd-ihedn.fr\/chaire-ecodef-video-de-la-conference-annuelle-quelle-politique-dexportation-de-defense-pour-la-france-15-decembre-2021-a-lecole-militaire\/"},"author":{"name":"Bertrand Demandre","@id":"https:\/\/fdd-ihedn.fr\/#\/schema\/person\/9fe23d397304e152668f6ba7966b1a64"},"headline":"[chaire ECODEF] Vid\u00e9o de la Conf\u00e9rence annuelle \u201cQuelle politique d&rsquo;exportation de d\u00e9fense pour la France ?\u201d (15 d\u00e9cembre 2021 \u00e0 l\u2019\u00c9cole militaire)","datePublished":"2021-12-20T13:31:04+00:00","dateModified":"2024-09-24T11:58:54+00:00","mainEntityOfPage":{"@id":"https:\/\/fdd-ihedn.fr\/chaire-ecodef-video-de-la-conference-annuelle-quelle-politique-dexportation-de-defense-pour-la-france-15-decembre-2021-a-lecole-militaire\/"},"wordCount":220,"commentCount":0,"publisher":{"@id":"https:\/\/fdd-ihedn.fr\/#organization"},"image":{"@id":"https:\/\/fdd-ihedn.fr\/chaire-ecodef-video-de-la-conference-annuelle-quelle-politique-dexportation-de-defense-pour-la-france-15-decembre-2021-a-lecole-militaire\/#primaryimage"},"thumbnailUrl":"https:\/\/fdd-ihedn.fr\/wp-content\/uploads\/2022\/02\/47-conference-ihedn-sb20211215205-light.jpg","keywords":["chaire \u00e9conomie de d\u00e9fense","conf\u00e9rence","conf\u00e9rence annuelle","D\u00e9fense","\u00e9conomie de d\u00e9fense","exportations d'armes","IHEDN","industrie de d\u00e9fense","replay","vid\u00e9o"],"articleSection":["Chaire \u00c9conomie de d\u00e9fense"],"inLanguage":"en-GB","potentialAction":[{"@type":"CommentAction","name":"Comment","target":["https:\/\/fdd-ihedn.fr\/chaire-ecodef-video-de-la-conference-annuelle-quelle-politique-dexportation-de-defense-pour-la-france-15-decembre-2021-a-lecole-militaire\/#respond"]}]},{"@type":"WebPage","@id":"https:\/\/fdd-ihedn.fr\/chaire-ecodef-video-de-la-conference-annuelle-quelle-politique-dexportation-de-defense-pour-la-france-15-decembre-2021-a-lecole-militaire\/","url":"https:\/\/fdd-ihedn.fr\/chaire-ecodef-video-de-la-conference-annuelle-quelle-politique-dexportation-de-defense-pour-la-france-15-decembre-2021-a-lecole-militaire\/","name":"[chaire ECODEF] Vid\u00e9o de la Conf\u00e9rence annuelle \u201cQuelle politique d'exportation de d\u00e9fense pour la France ?\u201d (15 d\u00e9cembre 2021 \u00e0 l\u2019\u00c9cole militaire) - Fonds de dotation de l&#039;IHEDN","isPartOf":{"@id":"https:\/\/fdd-ihedn.fr\/#website"},"primaryImageOfPage":{"@id":"https:\/\/fdd-ihedn.fr\/chaire-ecodef-video-de-la-conference-annuelle-quelle-politique-dexportation-de-defense-pour-la-france-15-decembre-2021-a-lecole-militaire\/#primaryimage"},"image":{"@id":"https:\/\/fdd-ihedn.fr\/chaire-ecodef-video-de-la-conference-annuelle-quelle-politique-dexportation-de-defense-pour-la-france-15-decembre-2021-a-lecole-militaire\/#primaryimage"},"thumbnailUrl":"https:\/\/fdd-ihedn.fr\/wp-content\/uploads\/2022\/02\/47-conference-ihedn-sb20211215205-light.jpg","datePublished":"2021-12-20T13:31:04+00:00","dateModified":"2024-09-24T11:58:54+00:00","breadcrumb":{"@id":"https:\/\/fdd-ihedn.fr\/chaire-ecodef-video-de-la-conference-annuelle-quelle-politique-dexportation-de-defense-pour-la-france-15-decembre-2021-a-lecole-militaire\/#breadcrumb"},"inLanguage":"en-GB","potentialAction":[{"@type":"ReadAction","target":["https:\/\/fdd-ihedn.fr\/chaire-ecodef-video-de-la-conference-annuelle-quelle-politique-dexportation-de-defense-pour-la-france-15-decembre-2021-a-lecole-militaire\/"]}]},{"@type":"ImageObject","inLanguage":"en-GB","@id":"https:\/\/fdd-ihedn.fr\/chaire-ecodef-video-de-la-conference-annuelle-quelle-politique-dexportation-de-defense-pour-la-france-15-decembre-2021-a-lecole-militaire\/#primaryimage","url":"https:\/\/fdd-ihedn.fr\/wp-content\/uploads\/2022\/02\/47-conference-ihedn-sb20211215205-light.jpg","contentUrl":"https:\/\/fdd-ihedn.fr\/wp-content\/uploads\/2022\/02\/47-conference-ihedn-sb20211215205-light.jpg","width":1500,"height":1000},{"@type":"BreadcrumbList","@id":"https:\/\/fdd-ihedn.fr\/chaire-ecodef-video-de-la-conference-annuelle-quelle-politique-dexportation-de-defense-pour-la-france-15-decembre-2021-a-lecole-militaire\/#breadcrumb","itemListElement":[{"@type":"ListItem","position":1,"name":"Accueil","item":"https:\/\/fdd-ihedn.fr\/"},{"@type":"ListItem","position":2,"name":"[chaire ECODEF] Vid\u00e9o de la Conf\u00e9rence annuelle \u201cQuelle politique d&#8217;exportation de d\u00e9fense pour la France ?\u201d (15 d\u00e9cembre 2021 \u00e0 l\u2019\u00c9cole militaire)"}]},{"@type":"WebSite","@id":"https:\/\/fdd-ihedn.fr\/#website","url":"https:\/\/fdd-ihedn.fr\/","name":"IHEDN Endowment Fund","description":"Innovative projects developed for IHEDN thanks to sponsorship","publisher":{"@id":"https:\/\/fdd-ihedn.fr\/#organization"},"potentialAction":[{"@type":"SearchAction","target":{"@type":"EntryPoint","urlTemplate":"https:\/\/fdd-ihedn.fr\/?s={search_term_string}"},"query-input":{"@type":"PropertyValueSpecification","valueRequired":true,"valueName":"search_term_string"}}],"inLanguage":"en-GB"},{"@type":"Organization","@id":"https:\/\/fdd-ihedn.fr\/#organization","name":"Chair in Defence Economics - IHEDN","url":"https:\/\/fdd-ihedn.fr\/","logo":{"@type":"ImageObject","inLanguage":"en-GB","@id":"https:\/\/fdd-ihedn.fr\/#\/schema\/logo\/image\/","url":"https:\/\/fdd-ihedn.fr\/wp-content\/uploads\/2020\/04\/logoEcodef9.jpg","contentUrl":"https:\/\/fdd-ihedn.fr\/wp-content\/uploads\/2020\/04\/logoEcodef9.jpg","width":410,"height":212,"caption":"Chaire \u00c9conomie de d\u00e9fense - IHEDN"},"image":{"@id":"https:\/\/fdd-ihedn.fr\/#\/schema\/logo\/image\/"},"sameAs":["https:\/\/x.com\/Chaire_Ecodef","https:\/\/www.linkedin.com\/company\/chaire-ecodef-ihedn\/"]},{"@type":"Person","@id":"https:\/\/fdd-ihedn.fr\/#\/schema\/person\/9fe23d397304e152668f6ba7966b1a64","name":"Bertrand Demandre","image":{"@type":"ImageObject","inLanguage":"en-GB","@id":"https:\/\/secure.gravatar.com\/avatar\/d9c9746d6c900ab5b9c0f9b1fa3932e369da923da247d624b8f7ab4ba8a3c093?s=96&d=mm&r=g","url":"https:\/\/secure.gravatar.com\/avatar\/d9c9746d6c900ab5b9c0f9b1fa3932e369da923da247d624b8f7ab4ba8a3c093?s=96&d=mm&r=g","contentUrl":"https:\/\/secure.gravatar.com\/avatar\/d9c9746d6c900ab5b9c0f9b1fa3932e369da923da247d624b8f7ab4ba8a3c093?s=96&d=mm&r=g","caption":"Bertrand Demandre"},"url":"https:\/\/fdd-ihedn.fr\/en\/author\/bertrand\/"}]}},"_links":{"self":[{"href":"https:\/\/fdd-ihedn.fr\/en\/wp-json\/wp\/v2\/posts\/4981","targetHints":{"allow":["GET"]}}],"collection":[{"href":"https:\/\/fdd-ihedn.fr\/en\/wp-json\/wp\/v2\/posts"}],"about":[{"href":"https:\/\/fdd-ihedn.fr\/en\/wp-json\/wp\/v2\/types\/post"}],"author":[{"embeddable":true,"href":"https:\/\/fdd-ihedn.fr\/en\/wp-json\/wp\/v2\/users\/2"}],"replies":[{"embeddable":true,"href":"https:\/\/fdd-ihedn.fr\/en\/wp-json\/wp\/v2\/comments?post=4981"}],"version-history":[{"count":6,"href":"https:\/\/fdd-ihedn.fr\/en\/wp-json\/wp\/v2\/posts\/4981\/revisions"}],"predecessor-version":[{"id":5647,"href":"https:\/\/fdd-ihedn.fr\/en\/wp-json\/wp\/v2\/posts\/4981\/revisions\/5647"}],"wp:featuredmedia":[{"embeddable":true,"href":"https:\/\/fdd-ihedn.fr\/en\/wp-json\/wp\/v2\/media\/4985"}],"wp:attachment":[{"href":"https:\/\/fdd-ihedn.fr\/en\/wp-json\/wp\/v2\/media?parent=4981"}],"wp:term":[{"taxonomy":"category","embeddable":true,"href":"https:\/\/fdd-ihedn.fr\/en\/wp-json\/wp\/v2\/categories?post=4981"},{"taxonomy":"post_tag","embeddable":true,"href":"https:\/\/fdd-ihedn.fr\/en\/wp-json\/wp\/v2\/tags?post=4981"}],"curies":[{"name":"wp","href":"https:\/\/api.w.org\/{rel}","templated":true}]}}