{"id":4919,"date":"2021-11-18T10:38:37","date_gmt":"2021-11-18T09:38:37","guid":{"rendered":"https:\/\/fdd-ihedn.fr\/?p=4919"},"modified":"2024-09-24T13:59:01","modified_gmt":"2024-09-24T11:59:01","slug":"15-decembre-2021-conference-annuelle-de-la-chaire-economie-de-defense-ihedn","status":"publish","type":"post","link":"https:\/\/fdd-ihedn.fr\/en\/15-decembre-2021-conference-annuelle-de-la-chaire-economie-de-defense-ihedn\/","title":{"rendered":"[chaire ECODEF] 15 d\u00e9cembre 2021 : Conf\u00e9rence annuelle de la Chaire \u00c9conomie de d\u00e9fense \u2013 IHEDN"},"content":{"rendered":"<div class=\"wp-block-image\">\r\n<figure class=\"aligncenter size-large\"><img decoding=\"async\" class=\"wp-image-4018\" src=\"https:\/\/ecodef-ihedn.fr\/wp-content\/uploads\/2021\/11\/Invitation-Conf-ECODEF-15-decembre-2021-V4-2-1024x512.jpg\" alt=\"\" \/><\/figure>\r\n<\/div>\r\n\r\n\r\n\r\n<p class=\"has-text-align-center\"><strong>Wednesday 15 December 2021 from 2 pm<\/strong><\/p>\r\n\r\n\r\n\r\n<p class=\"has-text-align-center\"><strong>\u00c9cole militaire (Paris 7e) - Foch amphitheatre <\/strong>(also available by videoconference)<\/p>\r\n\r\n\r\n\r\n<p><strong>The Defence Economics Chair - IHEDN<\/strong> is pleased to invite you to the <a href=\"https:\/\/ecodef-ihedn.fr\/conference-annuelle-chaire-economie-defense\/\" target=\"_blank\" rel=\"noreferrer noopener\">conference<\/a> that it organises <strong>15 December 2021<\/strong> afternoon at the \u00c9cole Militaire on the theme :<\/p>\r\n\r\n\r\n\r\n<h2 class=\"has-text-align-center wp-block-heading\">What is France's defence export policy?<\/h2>\r\n\r\n\r\n\r\n<p>The conference will conclude with <strong>Florence Parly, Minister for the Armed Forces<\/strong>.<\/p>\r\n<p><a class=\"wp-block-button__link\" href=\"https:\/\/e0f9a6fe.sibforms.com\/serve\/MUIEACmLSJBJx5G3TfwD0IciCm86NCothhisx8sQBrFtsTKZl-myEUtTIX5Voqg9XQvjRG-ztH_ziAmQOyEabMYzK3oZ6V5P52_qzjqLc2t164iAMzHHlfErMNkzAWi-GoTpUYSJ2-BEmLbhwJeVy5n6TiTueKgMYFsHpQHPtAfBQN6MG6v0l3R2U2aggy3lrTwrIQtVrNopbsQC\" target=\"_blank\" rel=\"noreferrer noopener\">Click here to make a REGISTRATION REQUEST (face-to-face \/ distance learning) <\/a><\/p>\r\n<div class=\"wp-block-buttons is-content-justification-center\"><\/div>\r\n<!-- \/wp:post-content -->\r\n\r\n<!-- wp:paragraph {\"align\":\"center\"} -->\r\n<p class=\"has-text-align-center\"><em>Applications will close on 8 December 2021.<\/em><\/p>\r\n<!-- \/wp:paragraph -->\r\n<p>Speech by Fran\u00e7oise Dumas, Chairwoman of the National Defence and Armed Forces Committee (National Assembly)<\/p>\r\n<!-- wp:paragraph -->\r\n<p>Round Table 2: <strong>What model for defence exports in today's changing environment?<br \/><\/strong>With Jean-Marc Duquesne (GICAT), Marion Paradas (Thales), Claudia Major (SWP), Philippe Coq (Airbus)<\/p>\r\n<!-- wp:paragraph -->\r\n<p>Conclusion by Florence Parly, Minister for the Armed Forces<\/p>\r\n<!-- wp:paragraph -->\r\n<p><strong>The detailed programme and practical details will be sent to those whose registration has been confirmed.<\/strong><\/p>\r\n<!-- wp:paragraph -->\r\n<p><em>IMPORTANT: Attendance at this event will be possible both face-to-face and remotely. Please make sure you indicate your choice on the registration form.<\/em><\/p>\r\n<p><a class=\"wp-block-button__link\" href=\"https:\/\/e0f9a6fe.sibforms.com\/serve\/MUIEACmLSJBJx5G3TfwD0IciCm86NCothhisx8sQBrFtsTKZl-myEUtTIX5Voqg9XQvjRG-ztH_ziAmQOyEabMYzK3oZ6V5P52_qzjqLc2t164iAMzHHlfErMNkzAWi-GoTpUYSJ2-BEmLbhwJeVy5n6TiTueKgMYFsHpQHPtAfBQN6MG6v0l3R2U2aggy3lrTwrIQtVrNopbsQC\" target=\"_blank\" rel=\"noreferrer noopener\">Click here to make a REGISTRATION REQUEST (face-to-face \/ distance learning) <\/a><\/p>\r\n<div class=\"wp-block-buttons is-content-justification-center\"><!-- \/wp:paragraph --><\/div>\r\n<!-- \/wp:paragraph -->\r\n\r\n<!-- wp:paragraph -->\r\n<p>&nbsp;<\/p>\r\n<!-- \/wp:paragraph --><!-- \/wp:paragraph --><!-- \/wp:paragraph -->\r\n<p>Round Table 1: <strong>What role do defence exports play in France's sovereignty?<br \/><\/strong>With Lucie B\u00e9raud-Sudreau (SIPRI), Thierry Carlier (DGA), Bertrand Le Meur (DGRIS), Nicolas Chamussy (Nexter)<\/p>\r\n<!-- wp:paragraph -->\r\n<p>Speech by Fran\u00e7oise Dumas, Chairwoman of the National Defence and Armed Forces Committee (National Assembly)<\/p>\r\n<!-- wp:paragraph -->\r\n<p>Round Table 2: <strong>What model for defence exports in today's changing environment?<br \/><\/strong>With Jean-Marc Duquesne (GICAT), Marion Paradas (Thales), Claudia Major (SWP), Philippe Coq (Airbus)<\/p>\r\n<!-- wp:paragraph -->\r\n<p>Conclusion by Florence Parly, Minister for the Armed Forces<\/p>\r\n<!-- wp:paragraph -->\r\n<p><strong>The detailed programme and practical details will be sent to those whose registration has been confirmed.<\/strong><\/p>\r\n<!-- wp:paragraph -->\r\n<p><em>IMPORTANT: Attendance at this event will be possible both face-to-face and remotely. Please make sure you indicate your choice on the registration form.<\/em><\/p>\r\n<p><a class=\"wp-block-button__link\" href=\"https:\/\/e0f9a6fe.sibforms.com\/serve\/MUIEACmLSJBJx5G3TfwD0IciCm86NCothhisx8sQBrFtsTKZl-myEUtTIX5Voqg9XQvjRG-ztH_ziAmQOyEabMYzK3oZ6V5P52_qzjqLc2t164iAMzHHlfErMNkzAWi-GoTpUYSJ2-BEmLbhwJeVy5n6TiTueKgMYFsHpQHPtAfBQN6MG6v0l3R2U2aggy3lrTwrIQtVrNopbsQC\" target=\"_blank\" rel=\"noreferrer noopener\">Click here to make a REGISTRATION REQUEST (face-to-face \/ distance learning) <\/a><\/p>\r\n<div class=\"wp-block-buttons is-content-justification-center\"><!-- \/wp:button --><\/div>\r\n<!-- \/wp:buttons -->\r\n\r\n<!-- wp:paragraph -->\r\n<p>&nbsp;<\/p>\r\n<!-- \/wp:paragraph --><!-- \/wp:post-content --><!-- \/wp:paragraph -->\r\n<p>Introduction by Christian de Boissieu, Chairman of the Chair's Scientific Advisory Board<\/p>\r\n<!-- wp:paragraph -->\r\n<p>Round Table 1: <strong>What role do defence exports play in France's sovereignty?<br \/><\/strong>With Lucie B\u00e9raud-Sudreau (SIPRI), Thierry Carlier (DGA), Bertrand Le Meur (DGRIS), Nicolas Chamussy (Nexter)<\/p>\r\n<!-- wp:paragraph -->\r\n<p>Speech by Fran\u00e7oise Dumas, Chairwoman of the National Defence and Armed Forces Committee (National Assembly)<\/p>\r\n<!-- wp:paragraph -->\r\n<p>Round Table 2: <strong>What model for defence exports in today's changing environment?<br \/><\/strong>With Jean-Marc Duquesne (GICAT), Marion Paradas (Thales), Claudia Major (SWP), Philippe Coq (Airbus)<\/p>\r\n<!-- wp:paragraph -->\r\n<p>Conclusion by Florence Parly, Minister for the Armed Forces<\/p>\r\n<!-- wp:paragraph -->\r\n<p><strong>The detailed programme and practical details will be sent to those whose registration has been confirmed.<\/strong><\/p>\r\n<!-- wp:paragraph -->\r\n<p><em>IMPORTANT: Attendance at this event will be possible both face-to-face and remotely. Please make sure you indicate your choice on the registration form.<\/em><\/p>\r\n<p><a class=\"wp-block-button__link\" href=\"https:\/\/e0f9a6fe.sibforms.com\/serve\/MUIEACmLSJBJx5G3TfwD0IciCm86NCothhisx8sQBrFtsTKZl-myEUtTIX5Voqg9XQvjRG-ztH_ziAmQOyEabMYzK3oZ6V5P52_qzjqLc2t164iAMzHHlfErMNkzAWi-GoTpUYSJ2-BEmLbhwJeVy5n6TiTueKgMYFsHpQHPtAfBQN6MG6v0l3R2U2aggy3lrTwrIQtVrNopbsQC\" target=\"_blank\" rel=\"noreferrer noopener\">Click here to make a REGISTRATION REQUEST (face-to-face \/ distance learning) <\/a><\/p>\r\n<div class=\"wp-block-buttons is-content-justification-center\"><!-- \/wp:button --><\/div>\r\n<!-- \/wp:buttons -->\r\n\r\n<!-- wp:paragraph -->\r\n<p>&nbsp;<\/p>\r\n<!-- \/wp:paragraph --><!-- \/wp:post-content --><!-- \/wp:paragraph -->\r\n<p>Welcome by Lieutenant General Beno\u00eet Durieux, Director of IHEDN<\/p>\r\n<!-- wp:paragraph -->\r\n<p>Introduction by Christian de Boissieu, Chairman of the Chair's Scientific Advisory Board<\/p>\r\n<!-- wp:paragraph -->\r\n<p>Round Table 1: <strong>What role do defence exports play in France's sovereignty?<br \/><\/strong>With Lucie B\u00e9raud-Sudreau (SIPRI), Thierry Carlier (DGA), Bertrand Le Meur (DGRIS), Nicolas Chamussy (Nexter)<\/p>\r\n<!-- wp:paragraph -->\r\n<p>Speech by Fran\u00e7oise Dumas, Chairwoman of the National Defence and Armed Forces Committee (National Assembly)<\/p>\r\n<!-- wp:paragraph -->\r\n<p>Round Table 2: <strong>What model for defence exports in today's changing environment?<br \/><\/strong>With Jean-Marc Duquesne (GICAT), Marion Paradas (Thales), Claudia Major (SWP), Philippe Coq (Airbus)<\/p>\r\n<!-- wp:paragraph -->\r\n<p>Conclusion by Florence Parly, Minister for the Armed Forces<\/p>\r\n<!-- wp:paragraph -->\r\n<p><strong>The detailed programme and practical details will be sent to those whose registration has been confirmed.<\/strong><\/p>\r\n<!-- wp:paragraph -->\r\n<p><em>IMPORTANT: Attendance at this event will be possible both face-to-face and remotely. Please make sure you indicate your choice on the registration form.<\/em><\/p>\r\n<p><a class=\"wp-block-button__link\" href=\"https:\/\/e0f9a6fe.sibforms.com\/serve\/MUIEACmLSJBJx5G3TfwD0IciCm86NCothhisx8sQBrFtsTKZl-myEUtTIX5Voqg9XQvjRG-ztH_ziAmQOyEabMYzK3oZ6V5P52_qzjqLc2t164iAMzHHlfErMNkzAWi-GoTpUYSJ2-BEmLbhwJeVy5n6TiTueKgMYFsHpQHPtAfBQN6MG6v0l3R2U2aggy3lrTwrIQtVrNopbsQC\" target=\"_blank\" rel=\"noreferrer noopener\">Click here to make a REGISTRATION REQUEST (face-to-face \/ distance learning) <\/a><\/p>\r\n<div class=\"wp-block-buttons is-content-justification-center\"><!-- \/wp:button --><\/div>\r\n<!-- \/wp:buttons -->\r\n\r\n<!-- wp:paragraph -->\r\n<p>&nbsp;<\/p>\r\n<!-- \/wp:paragraph --><!-- \/wp:post-content --><!-- \/wp:paragraph -->\r\n<p><strong>Provisional programme<\/strong><\/p>\r\n<!-- wp:paragraph -->\r\n<p>Welcome by Lieutenant General Beno\u00eet Durieux, Director of IHEDN<\/p>\r\n<!-- wp:paragraph -->\r\n<p>Introduction by Christian de Boissieu, Chairman of the Chair's Scientific Advisory Board<\/p>\r\n<!-- wp:paragraph -->\r\n<p>Round Table 1: <strong>What role do defence exports play in France's sovereignty?<br \/><\/strong>With Lucie B\u00e9raud-Sudreau (SIPRI), Thierry Carlier (DGA), Bertrand Le Meur (DGRIS), Nicolas Chamussy (Nexter)<\/p>\r\n<!-- wp:paragraph -->\r\n<p>Speech by Fran\u00e7oise Dumas, Chairwoman of the National Defence and Armed Forces Committee (National Assembly)<\/p>\r\n<!-- wp:paragraph -->\r\n<p>Round Table 2: <strong>What model for defence exports in today's changing environment?<br \/><\/strong>With Jean-Marc Duquesne (GICAT), Marion Paradas (Thales), Claudia Major (SWP), Philippe Coq (Airbus)<\/p>\r\n<!-- wp:paragraph -->\r\n<p>Conclusion by Florence Parly, Minister for the Armed Forces<\/p>\r\n<!-- wp:paragraph -->\r\n<p><strong>The detailed programme and practical details will be sent to those whose registration has been confirmed.<\/strong><\/p>\r\n<!-- wp:paragraph -->\r\n<p><em>IMPORTANT: Attendance at this event will be possible both face-to-face and remotely. Please make sure you indicate your choice on the registration form.<\/em><\/p>\r\n<p><a class=\"wp-block-button__link\" href=\"https:\/\/e0f9a6fe.sibforms.com\/serve\/MUIEACmLSJBJx5G3TfwD0IciCm86NCothhisx8sQBrFtsTKZl-myEUtTIX5Voqg9XQvjRG-ztH_ziAmQOyEabMYzK3oZ6V5P52_qzjqLc2t164iAMzHHlfErMNkzAWi-GoTpUYSJ2-BEmLbhwJeVy5n6TiTueKgMYFsHpQHPtAfBQN6MG6v0l3R2U2aggy3lrTwrIQtVrNopbsQC\" target=\"_blank\" rel=\"noreferrer noopener\">Click here to make a REGISTRATION REQUEST (face-to-face \/ distance learning) <\/a><\/p>\r\n<div class=\"wp-block-buttons is-content-justification-center\"><!-- \/wp:button --><\/div>\r\n<!-- \/wp:buttons -->\r\n\r\n<!-- wp:paragraph -->\r\n<p>&nbsp;<\/p>\r\n<!-- \/wp:paragraph --><!-- \/wp:post-content --><!-- \/wp:paragraph -->\r\n\r\n<!-- wp:paragraph -->\r\n<p><strong>Provisional programme<\/strong><\/p>\r\n<!-- wp:paragraph -->\r\n<p>Welcome by Lieutenant General Beno\u00eet Durieux, Director of IHEDN<\/p>\r\n<!-- wp:paragraph -->\r\n<p>Introduction by Christian de Boissieu, Chairman of the Chair's Scientific Advisory Board<\/p>\r\n<!-- wp:paragraph -->\r\n<p>Round Table 1: <strong>What role do defence exports play in France's sovereignty?<br \/><\/strong>With Lucie B\u00e9raud-Sudreau (SIPRI), Thierry Carlier (DGA), Bertrand Le Meur (DGRIS), Nicolas Chamussy (Nexter)<\/p>\r\n<!-- wp:paragraph -->\r\n<p>Speech by Fran\u00e7oise Dumas, Chairwoman of the National Defence and Armed Forces Committee (National Assembly)<\/p>\r\n<!-- wp:paragraph -->\r\n<p>Round Table 2: <strong>What model for defence exports in today's changing environment?<br \/><\/strong>With Jean-Marc Duquesne (GICAT), Marion Paradas (Thales), Claudia Major (SWP), Philippe Coq (Airbus)<\/p>\r\n<!-- wp:paragraph -->\r\n<p>Conclusion by Florence Parly, Minister for the Armed Forces<\/p>\r\n<!-- wp:paragraph -->\r\n<p><strong>The detailed programme and practical details will be sent to those whose registration has been confirmed.<\/strong><\/p>\r\n<!-- wp:paragraph -->\r\n<p><em>IMPORTANT: Attendance at this event will be possible both face-to-face and remotely. Please make sure you indicate your choice on the registration form.<\/em><\/p>\r\n<p><a class=\"wp-block-button__link\" href=\"https:\/\/e0f9a6fe.sibforms.com\/serve\/MUIEACmLSJBJx5G3TfwD0IciCm86NCothhisx8sQBrFtsTKZl-myEUtTIX5Voqg9XQvjRG-ztH_ziAmQOyEabMYzK3oZ6V5P52_qzjqLc2t164iAMzHHlfErMNkzAWi-GoTpUYSJ2-BEmLbhwJeVy5n6TiTueKgMYFsHpQHPtAfBQN6MG6v0l3R2U2aggy3lrTwrIQtVrNopbsQC\" target=\"_blank\" rel=\"noreferrer noopener\">Click here to make a REGISTRATION REQUEST (face-to-face \/ distance learning) <\/a><\/p>\r\n<div class=\"wp-block-buttons is-content-justification-center\"><!-- \/wp:button --><\/div>\r\n<!-- \/wp:buttons -->\r\n\r\n<!-- wp:paragraph -->\r\n<p>&nbsp;<\/p>\r\n<!-- \/wp:paragraph --><!-- \/wp:post-content -->","protected":false},"excerpt":{"rendered":"<p>Mercredi 15 d\u00e9cembre 2021 \u00e0 partir de 14 h \u00c9cole militaire (Paris 7e) \u2013 amphith\u00e9\u00e2tre Foch (\u00e9galement accessible en visioconf\u00e9rence) La Chaire \u00c9conomie de d\u00e9fense &#8211; IHEDN a le plaisir de vous inviter \u00e0 la conf\u00e9rence qu\u2019elle organise le 15 d\u00e9cembre 2021 apr\u00e8s-midi \u00e0 l&rsquo;\u00c9cole militaire sur le th\u00e8me : Quelle politique d&rsquo;exportation de d\u00e9fense [&hellip;]<\/p>\n","protected":false},"author":2,"featured_media":4920,"comment_status":"open","ping_status":"open","sticky":false,"template":"","format":"standard","meta":{"footnotes":""},"categories":[34,438],"tags":[162,41,163,448,47,508,509,52,133,366,38,149],"class_list":{"0":"post-4919","1":"post","2":"type-post","3":"status-publish","4":"format-standard","5":"has-post-thumbnail","7":"category-activites","8":"category-chaire-economie-de-defense","9":"tag-chaire-economie-de-defense","10":"tag-conference","11":"tag-conference-annuelle","12":"tag-ecodef","13":"tag-economie-de-defense","14":"tag-exportations","15":"tag-exportations-darmement","16":"tag-exportations-darmes","17":"tag-florence-parly","18":"tag-france","19":"tag-ihedn","20":"tag-industrie-de-defense"},"yoast_head":"<!-- This site is optimized with the Yoast SEO plugin v27.4 - https:\/\/yoast.com\/product\/yoast-seo-wordpress\/ -->\n<title>[chaire ECODEF] 15 d\u00e9cembre 2021 : Conf\u00e9rence annuelle de la Chaire \u00c9conomie de d\u00e9fense \u2013 IHEDN - Fonds de dotation de l&#039;IHEDN<\/title>\n<meta name=\"robots\" content=\"index, follow, max-snippet:-1, max-image-preview:large, max-video-preview:-1\" \/>\n<link rel=\"canonical\" href=\"https:\/\/fdd-ihedn.fr\/en\/15-decembre-2021-conference-annuelle-de-la-chaire-economie-de-defense-ihedn\/\" \/>\n<meta property=\"og:locale\" content=\"en_GB\" \/>\n<meta property=\"og:type\" content=\"article\" \/>\n<meta property=\"og:title\" content=\"[chaire ECODEF] 15 d\u00e9cembre 2021 : Conf\u00e9rence annuelle de la Chaire \u00c9conomie de d\u00e9fense \u2013 IHEDN - Fonds de dotation de l&#039;IHEDN\" \/>\n<meta property=\"og:description\" content=\"Mercredi 15 d\u00e9cembre 2021 \u00e0 partir de 14 h \u00c9cole militaire (Paris 7e) \u2013 amphith\u00e9\u00e2tre Foch (\u00e9galement accessible en visioconf\u00e9rence) La Chaire \u00c9conomie de d\u00e9fense &#8211; IHEDN a le plaisir de vous inviter \u00e0 la conf\u00e9rence qu\u2019elle organise le 15 d\u00e9cembre 2021 apr\u00e8s-midi \u00e0 l&rsquo;\u00c9cole militaire sur le th\u00e8me : Quelle politique d&rsquo;exportation de d\u00e9fense [&hellip;]\" \/>\n<meta property=\"og:url\" content=\"https:\/\/fdd-ihedn.fr\/en\/15-decembre-2021-conference-annuelle-de-la-chaire-economie-de-defense-ihedn\/\" \/>\n<meta property=\"og:site_name\" content=\"Fonds de dotation de l&#039;IHEDN\" \/>\n<meta property=\"article:published_time\" content=\"2021-11-18T09:38:37+00:00\" \/>\n<meta property=\"article:modified_time\" content=\"2024-09-24T11:59:01+00:00\" \/>\n<meta property=\"og:image\" content=\"https:\/\/fdd-ihedn.fr\/wp-content\/uploads\/2021\/11\/IMG_5746-scaled-1.jpg\" \/>\n\t<meta property=\"og:image:width\" content=\"2560\" \/>\n\t<meta property=\"og:image:height\" content=\"1920\" \/>\n\t<meta property=\"og:image:type\" content=\"image\/jpeg\" \/>\n<meta name=\"author\" content=\"Bertrand Demandre\" \/>\n<meta name=\"twitter:card\" content=\"summary_large_image\" \/>\n<meta name=\"twitter:creator\" content=\"@Chaire_Ecodef\" \/>\n<meta name=\"twitter:site\" content=\"@Chaire_Ecodef\" \/>\n<meta name=\"twitter:label1\" content=\"Written by\" \/>\n\t<meta name=\"twitter:data1\" content=\"Bertrand Demandre\" \/>\n\t<meta name=\"twitter:label2\" content=\"Estimated reading time\" \/>\n\t<meta name=\"twitter:data2\" content=\"2 minutes\" \/>\n<script type=\"application\/ld+json\" class=\"yoast-schema-graph\">{\"@context\":\"https:\\\/\\\/schema.org\",\"@graph\":[{\"@type\":\"Article\",\"@id\":\"https:\\\/\\\/fdd-ihedn.fr\\\/15-decembre-2021-conference-annuelle-de-la-chaire-economie-de-defense-ihedn\\\/#article\",\"isPartOf\":{\"@id\":\"https:\\\/\\\/fdd-ihedn.fr\\\/15-decembre-2021-conference-annuelle-de-la-chaire-economie-de-defense-ihedn\\\/\"},\"author\":{\"name\":\"Bertrand Demandre\",\"@id\":\"https:\\\/\\\/fdd-ihedn.fr\\\/#\\\/schema\\\/person\\\/9fe23d397304e152668f6ba7966b1a64\"},\"headline\":\"[chaire ECODEF] 15 d\u00e9cembre 2021 : Conf\u00e9rence annuelle de la Chaire \u00c9conomie de d\u00e9fense \u2013 IHEDN\",\"datePublished\":\"2021-11-18T09:38:37+00:00\",\"dateModified\":\"2024-09-24T11:59:01+00:00\",\"mainEntityOfPage\":{\"@id\":\"https:\\\/\\\/fdd-ihedn.fr\\\/15-decembre-2021-conference-annuelle-de-la-chaire-economie-de-defense-ihedn\\\/\"},\"wordCount\":295,\"commentCount\":0,\"publisher\":{\"@id\":\"https:\\\/\\\/fdd-ihedn.fr\\\/#organization\"},\"image\":{\"@id\":\"https:\\\/\\\/fdd-ihedn.fr\\\/15-decembre-2021-conference-annuelle-de-la-chaire-economie-de-defense-ihedn\\\/#primaryimage\"},\"thumbnailUrl\":\"https:\\\/\\\/fdd-ihedn.fr\\\/wp-content\\\/uploads\\\/2021\\\/11\\\/IMG_5746-scaled-1.jpg\",\"keywords\":[\"chaire \u00e9conomie de d\u00e9fense\",\"conf\u00e9rence\",\"conf\u00e9rence annuelle\",\"ECODEF\",\"\u00e9conomie de d\u00e9fense\",\"exportations\",\"exportations d'armement\",\"exportations d'armes\",\"Florence Parly\",\"France\",\"IHEDN\",\"industrie de d\u00e9fense\"],\"articleSection\":[\"Activit\u00e9s\",\"Chaire \u00c9conomie de d\u00e9fense\"],\"inLanguage\":\"en-GB\",\"potentialAction\":[{\"@type\":\"CommentAction\",\"name\":\"Comment\",\"target\":[\"https:\\\/\\\/fdd-ihedn.fr\\\/15-decembre-2021-conference-annuelle-de-la-chaire-economie-de-defense-ihedn\\\/#respond\"]}]},{\"@type\":\"WebPage\",\"@id\":\"https:\\\/\\\/fdd-ihedn.fr\\\/15-decembre-2021-conference-annuelle-de-la-chaire-economie-de-defense-ihedn\\\/\",\"url\":\"https:\\\/\\\/fdd-ihedn.fr\\\/15-decembre-2021-conference-annuelle-de-la-chaire-economie-de-defense-ihedn\\\/\",\"name\":\"[chaire ECODEF] 15 d\u00e9cembre 2021 : Conf\u00e9rence annuelle de la Chaire \u00c9conomie de d\u00e9fense \u2013 IHEDN - Fonds de dotation de l&#039;IHEDN\",\"isPartOf\":{\"@id\":\"https:\\\/\\\/fdd-ihedn.fr\\\/#website\"},\"primaryImageOfPage\":{\"@id\":\"https:\\\/\\\/fdd-ihedn.fr\\\/15-decembre-2021-conference-annuelle-de-la-chaire-economie-de-defense-ihedn\\\/#primaryimage\"},\"image\":{\"@id\":\"https:\\\/\\\/fdd-ihedn.fr\\\/15-decembre-2021-conference-annuelle-de-la-chaire-economie-de-defense-ihedn\\\/#primaryimage\"},\"thumbnailUrl\":\"https:\\\/\\\/fdd-ihedn.fr\\\/wp-content\\\/uploads\\\/2021\\\/11\\\/IMG_5746-scaled-1.jpg\",\"datePublished\":\"2021-11-18T09:38:37+00:00\",\"dateModified\":\"2024-09-24T11:59:01+00:00\",\"breadcrumb\":{\"@id\":\"https:\\\/\\\/fdd-ihedn.fr\\\/15-decembre-2021-conference-annuelle-de-la-chaire-economie-de-defense-ihedn\\\/#breadcrumb\"},\"inLanguage\":\"en-GB\",\"potentialAction\":[{\"@type\":\"ReadAction\",\"target\":[\"https:\\\/\\\/fdd-ihedn.fr\\\/15-decembre-2021-conference-annuelle-de-la-chaire-economie-de-defense-ihedn\\\/\"]}]},{\"@type\":\"ImageObject\",\"inLanguage\":\"en-GB\",\"@id\":\"https:\\\/\\\/fdd-ihedn.fr\\\/15-decembre-2021-conference-annuelle-de-la-chaire-economie-de-defense-ihedn\\\/#primaryimage\",\"url\":\"https:\\\/\\\/fdd-ihedn.fr\\\/wp-content\\\/uploads\\\/2021\\\/11\\\/IMG_5746-scaled-1.jpg\",\"contentUrl\":\"https:\\\/\\\/fdd-ihedn.fr\\\/wp-content\\\/uploads\\\/2021\\\/11\\\/IMG_5746-scaled-1.jpg\",\"width\":2560,\"height\":1920},{\"@type\":\"BreadcrumbList\",\"@id\":\"https:\\\/\\\/fdd-ihedn.fr\\\/15-decembre-2021-conference-annuelle-de-la-chaire-economie-de-defense-ihedn\\\/#breadcrumb\",\"itemListElement\":[{\"@type\":\"ListItem\",\"position\":1,\"name\":\"Accueil\",\"item\":\"https:\\\/\\\/fdd-ihedn.fr\\\/\"},{\"@type\":\"ListItem\",\"position\":2,\"name\":\"[chaire ECODEF] 15 d\u00e9cembre 2021 : Conf\u00e9rence annuelle de la Chaire \u00c9conomie de d\u00e9fense \u2013 IHEDN\"}]},{\"@type\":\"WebSite\",\"@id\":\"https:\\\/\\\/fdd-ihedn.fr\\\/#website\",\"url\":\"https:\\\/\\\/fdd-ihedn.fr\\\/\",\"name\":\"Fonds de dotation de l&#039;IHEDN\",\"description\":\"Des projets innovants d\u00e9velopp\u00e9s pour l&#039;IHEDN gr\u00e2ce au m\u00e9c\u00e9nat\",\"publisher\":{\"@id\":\"https:\\\/\\\/fdd-ihedn.fr\\\/#organization\"},\"potentialAction\":[{\"@type\":\"SearchAction\",\"target\":{\"@type\":\"EntryPoint\",\"urlTemplate\":\"https:\\\/\\\/fdd-ihedn.fr\\\/?s={search_term_string}\"},\"query-input\":{\"@type\":\"PropertyValueSpecification\",\"valueRequired\":true,\"valueName\":\"search_term_string\"}}],\"inLanguage\":\"en-GB\"},{\"@type\":\"Organization\",\"@id\":\"https:\\\/\\\/fdd-ihedn.fr\\\/#organization\",\"name\":\"Chaire \u00c9conomie de d\u00e9fense - IHEDN\",\"url\":\"https:\\\/\\\/fdd-ihedn.fr\\\/\",\"logo\":{\"@type\":\"ImageObject\",\"inLanguage\":\"en-GB\",\"@id\":\"https:\\\/\\\/fdd-ihedn.fr\\\/#\\\/schema\\\/logo\\\/image\\\/\",\"url\":\"https:\\\/\\\/fdd-ihedn.fr\\\/wp-content\\\/uploads\\\/2020\\\/04\\\/logoEcodef9.jpg\",\"contentUrl\":\"https:\\\/\\\/fdd-ihedn.fr\\\/wp-content\\\/uploads\\\/2020\\\/04\\\/logoEcodef9.jpg\",\"width\":410,\"height\":212,\"caption\":\"Chaire \u00c9conomie de d\u00e9fense - IHEDN\"},\"image\":{\"@id\":\"https:\\\/\\\/fdd-ihedn.fr\\\/#\\\/schema\\\/logo\\\/image\\\/\"},\"sameAs\":[\"https:\\\/\\\/x.com\\\/Chaire_Ecodef\",\"https:\\\/\\\/www.linkedin.com\\\/company\\\/chaire-ecodef-ihedn\\\/\"]},{\"@type\":\"Person\",\"@id\":\"https:\\\/\\\/fdd-ihedn.fr\\\/#\\\/schema\\\/person\\\/9fe23d397304e152668f6ba7966b1a64\",\"name\":\"Bertrand Demandre\",\"image\":{\"@type\":\"ImageObject\",\"inLanguage\":\"en-GB\",\"@id\":\"https:\\\/\\\/secure.gravatar.com\\\/avatar\\\/d9c9746d6c900ab5b9c0f9b1fa3932e369da923da247d624b8f7ab4ba8a3c093?s=96&d=mm&r=g\",\"url\":\"https:\\\/\\\/secure.gravatar.com\\\/avatar\\\/d9c9746d6c900ab5b9c0f9b1fa3932e369da923da247d624b8f7ab4ba8a3c093?s=96&d=mm&r=g\",\"contentUrl\":\"https:\\\/\\\/secure.gravatar.com\\\/avatar\\\/d9c9746d6c900ab5b9c0f9b1fa3932e369da923da247d624b8f7ab4ba8a3c093?s=96&d=mm&r=g\",\"caption\":\"Bertrand Demandre\"},\"url\":\"https:\\\/\\\/fdd-ihedn.fr\\\/en\\\/author\\\/bertrand\\\/\"}]}<\/script>\n<!-- \/ Yoast SEO plugin. -->","yoast_head_json":{"title":"[chaire ECODEF] 15 d\u00e9cembre 2021 : Conf\u00e9rence annuelle de la Chaire \u00c9conomie de d\u00e9fense \u2013 IHEDN - Fonds de dotation de l&#039;IHEDN","robots":{"index":"index","follow":"follow","max-snippet":"max-snippet:-1","max-image-preview":"max-image-preview:large","max-video-preview":"max-video-preview:-1"},"canonical":"https:\/\/fdd-ihedn.fr\/en\/15-decembre-2021-conference-annuelle-de-la-chaire-economie-de-defense-ihedn\/","og_locale":"en_GB","og_type":"article","og_title":"[chaire ECODEF] 15 d\u00e9cembre 2021 : Conf\u00e9rence annuelle de la Chaire \u00c9conomie de d\u00e9fense \u2013 IHEDN - Fonds de dotation de l&#039;IHEDN","og_description":"Mercredi 15 d\u00e9cembre 2021 \u00e0 partir de 14 h \u00c9cole militaire (Paris 7e) \u2013 amphith\u00e9\u00e2tre Foch (\u00e9galement accessible en visioconf\u00e9rence) La Chaire \u00c9conomie de d\u00e9fense &#8211; IHEDN a le plaisir de vous inviter \u00e0 la conf\u00e9rence qu\u2019elle organise le 15 d\u00e9cembre 2021 apr\u00e8s-midi \u00e0 l&rsquo;\u00c9cole militaire sur le th\u00e8me : Quelle politique d&rsquo;exportation de d\u00e9fense [&hellip;]","og_url":"https:\/\/fdd-ihedn.fr\/en\/15-decembre-2021-conference-annuelle-de-la-chaire-economie-de-defense-ihedn\/","og_site_name":"Fonds de dotation de l&#039;IHEDN","article_published_time":"2021-11-18T09:38:37+00:00","article_modified_time":"2024-09-24T11:59:01+00:00","og_image":[{"width":2560,"height":1920,"url":"https:\/\/fdd-ihedn.fr\/wp-content\/uploads\/2021\/11\/IMG_5746-scaled-1.jpg","type":"image\/jpeg"}],"author":"Bertrand Demandre","twitter_card":"summary_large_image","twitter_creator":"@Chaire_Ecodef","twitter_site":"@Chaire_Ecodef","twitter_misc":{"Written by":"Bertrand Demandre","Estimated reading time":"2 minutes"},"schema":{"@context":"https:\/\/schema.org","@graph":[{"@type":"Article","@id":"https:\/\/fdd-ihedn.fr\/15-decembre-2021-conference-annuelle-de-la-chaire-economie-de-defense-ihedn\/#article","isPartOf":{"@id":"https:\/\/fdd-ihedn.fr\/15-decembre-2021-conference-annuelle-de-la-chaire-economie-de-defense-ihedn\/"},"author":{"name":"Bertrand Demandre","@id":"https:\/\/fdd-ihedn.fr\/#\/schema\/person\/9fe23d397304e152668f6ba7966b1a64"},"headline":"[chaire ECODEF] 15 d\u00e9cembre 2021 : Conf\u00e9rence annuelle de la Chaire \u00c9conomie de d\u00e9fense \u2013 IHEDN","datePublished":"2021-11-18T09:38:37+00:00","dateModified":"2024-09-24T11:59:01+00:00","mainEntityOfPage":{"@id":"https:\/\/fdd-ihedn.fr\/15-decembre-2021-conference-annuelle-de-la-chaire-economie-de-defense-ihedn\/"},"wordCount":295,"commentCount":0,"publisher":{"@id":"https:\/\/fdd-ihedn.fr\/#organization"},"image":{"@id":"https:\/\/fdd-ihedn.fr\/15-decembre-2021-conference-annuelle-de-la-chaire-economie-de-defense-ihedn\/#primaryimage"},"thumbnailUrl":"https:\/\/fdd-ihedn.fr\/wp-content\/uploads\/2021\/11\/IMG_5746-scaled-1.jpg","keywords":["chaire \u00e9conomie de d\u00e9fense","conf\u00e9rence","conf\u00e9rence annuelle","ECODEF","\u00e9conomie de d\u00e9fense","exportations","exportations d'armement","exportations d'armes","Florence Parly","France","IHEDN","industrie de d\u00e9fense"],"articleSection":["Activit\u00e9s","Chaire \u00c9conomie de d\u00e9fense"],"inLanguage":"en-GB","potentialAction":[{"@type":"CommentAction","name":"Comment","target":["https:\/\/fdd-ihedn.fr\/15-decembre-2021-conference-annuelle-de-la-chaire-economie-de-defense-ihedn\/#respond"]}]},{"@type":"WebPage","@id":"https:\/\/fdd-ihedn.fr\/15-decembre-2021-conference-annuelle-de-la-chaire-economie-de-defense-ihedn\/","url":"https:\/\/fdd-ihedn.fr\/15-decembre-2021-conference-annuelle-de-la-chaire-economie-de-defense-ihedn\/","name":"[chaire ECODEF] 15 d\u00e9cembre 2021 : Conf\u00e9rence annuelle de la Chaire \u00c9conomie de d\u00e9fense \u2013 IHEDN - Fonds de dotation de l&#039;IHEDN","isPartOf":{"@id":"https:\/\/fdd-ihedn.fr\/#website"},"primaryImageOfPage":{"@id":"https:\/\/fdd-ihedn.fr\/15-decembre-2021-conference-annuelle-de-la-chaire-economie-de-defense-ihedn\/#primaryimage"},"image":{"@id":"https:\/\/fdd-ihedn.fr\/15-decembre-2021-conference-annuelle-de-la-chaire-economie-de-defense-ihedn\/#primaryimage"},"thumbnailUrl":"https:\/\/fdd-ihedn.fr\/wp-content\/uploads\/2021\/11\/IMG_5746-scaled-1.jpg","datePublished":"2021-11-18T09:38:37+00:00","dateModified":"2024-09-24T11:59:01+00:00","breadcrumb":{"@id":"https:\/\/fdd-ihedn.fr\/15-decembre-2021-conference-annuelle-de-la-chaire-economie-de-defense-ihedn\/#breadcrumb"},"inLanguage":"en-GB","potentialAction":[{"@type":"ReadAction","target":["https:\/\/fdd-ihedn.fr\/15-decembre-2021-conference-annuelle-de-la-chaire-economie-de-defense-ihedn\/"]}]},{"@type":"ImageObject","inLanguage":"en-GB","@id":"https:\/\/fdd-ihedn.fr\/15-decembre-2021-conference-annuelle-de-la-chaire-economie-de-defense-ihedn\/#primaryimage","url":"https:\/\/fdd-ihedn.fr\/wp-content\/uploads\/2021\/11\/IMG_5746-scaled-1.jpg","contentUrl":"https:\/\/fdd-ihedn.fr\/wp-content\/uploads\/2021\/11\/IMG_5746-scaled-1.jpg","width":2560,"height":1920},{"@type":"BreadcrumbList","@id":"https:\/\/fdd-ihedn.fr\/15-decembre-2021-conference-annuelle-de-la-chaire-economie-de-defense-ihedn\/#breadcrumb","itemListElement":[{"@type":"ListItem","position":1,"name":"Accueil","item":"https:\/\/fdd-ihedn.fr\/"},{"@type":"ListItem","position":2,"name":"[chaire ECODEF] 15 d\u00e9cembre 2021 : Conf\u00e9rence annuelle de la Chaire \u00c9conomie de d\u00e9fense \u2013 IHEDN"}]},{"@type":"WebSite","@id":"https:\/\/fdd-ihedn.fr\/#website","url":"https:\/\/fdd-ihedn.fr\/","name":"IHEDN Endowment Fund","description":"Innovative projects developed for IHEDN thanks to sponsorship","publisher":{"@id":"https:\/\/fdd-ihedn.fr\/#organization"},"potentialAction":[{"@type":"SearchAction","target":{"@type":"EntryPoint","urlTemplate":"https:\/\/fdd-ihedn.fr\/?s={search_term_string}"},"query-input":{"@type":"PropertyValueSpecification","valueRequired":true,"valueName":"search_term_string"}}],"inLanguage":"en-GB"},{"@type":"Organization","@id":"https:\/\/fdd-ihedn.fr\/#organization","name":"Chair in Defence Economics - IHEDN","url":"https:\/\/fdd-ihedn.fr\/","logo":{"@type":"ImageObject","inLanguage":"en-GB","@id":"https:\/\/fdd-ihedn.fr\/#\/schema\/logo\/image\/","url":"https:\/\/fdd-ihedn.fr\/wp-content\/uploads\/2020\/04\/logoEcodef9.jpg","contentUrl":"https:\/\/fdd-ihedn.fr\/wp-content\/uploads\/2020\/04\/logoEcodef9.jpg","width":410,"height":212,"caption":"Chaire \u00c9conomie de d\u00e9fense - IHEDN"},"image":{"@id":"https:\/\/fdd-ihedn.fr\/#\/schema\/logo\/image\/"},"sameAs":["https:\/\/x.com\/Chaire_Ecodef","https:\/\/www.linkedin.com\/company\/chaire-ecodef-ihedn\/"]},{"@type":"Person","@id":"https:\/\/fdd-ihedn.fr\/#\/schema\/person\/9fe23d397304e152668f6ba7966b1a64","name":"Bertrand Demandre","image":{"@type":"ImageObject","inLanguage":"en-GB","@id":"https:\/\/secure.gravatar.com\/avatar\/d9c9746d6c900ab5b9c0f9b1fa3932e369da923da247d624b8f7ab4ba8a3c093?s=96&d=mm&r=g","url":"https:\/\/secure.gravatar.com\/avatar\/d9c9746d6c900ab5b9c0f9b1fa3932e369da923da247d624b8f7ab4ba8a3c093?s=96&d=mm&r=g","contentUrl":"https:\/\/secure.gravatar.com\/avatar\/d9c9746d6c900ab5b9c0f9b1fa3932e369da923da247d624b8f7ab4ba8a3c093?s=96&d=mm&r=g","caption":"Bertrand Demandre"},"url":"https:\/\/fdd-ihedn.fr\/en\/author\/bertrand\/"}]}},"_links":{"self":[{"href":"https:\/\/fdd-ihedn.fr\/en\/wp-json\/wp\/v2\/posts\/4919","targetHints":{"allow":["GET"]}}],"collection":[{"href":"https:\/\/fdd-ihedn.fr\/en\/wp-json\/wp\/v2\/posts"}],"about":[{"href":"https:\/\/fdd-ihedn.fr\/en\/wp-json\/wp\/v2\/types\/post"}],"author":[{"embeddable":true,"href":"https:\/\/fdd-ihedn.fr\/en\/wp-json\/wp\/v2\/users\/2"}],"replies":[{"embeddable":true,"href":"https:\/\/fdd-ihedn.fr\/en\/wp-json\/wp\/v2\/comments?post=4919"}],"version-history":[{"count":6,"href":"https:\/\/fdd-ihedn.fr\/en\/wp-json\/wp\/v2\/posts\/4919\/revisions"}],"predecessor-version":[{"id":5648,"href":"https:\/\/fdd-ihedn.fr\/en\/wp-json\/wp\/v2\/posts\/4919\/revisions\/5648"}],"wp:featuredmedia":[{"embeddable":true,"href":"https:\/\/fdd-ihedn.fr\/en\/wp-json\/wp\/v2\/media\/4920"}],"wp:attachment":[{"href":"https:\/\/fdd-ihedn.fr\/en\/wp-json\/wp\/v2\/media?parent=4919"}],"wp:term":[{"taxonomy":"category","embeddable":true,"href":"https:\/\/fdd-ihedn.fr\/en\/wp-json\/wp\/v2\/categories?post=4919"},{"taxonomy":"post_tag","embeddable":true,"href":"https:\/\/fdd-ihedn.fr\/en\/wp-json\/wp\/v2\/tags?post=4919"}],"curies":[{"name":"wp","href":"https:\/\/api.w.org\/{rel}","templated":true}]}}