{"id":4879,"date":"2021-10-06T12:31:38","date_gmt":"2021-10-06T10:31:38","guid":{"rendered":"https:\/\/fdd-ihedn.fr\/?p=4879"},"modified":"2024-09-24T13:59:21","modified_gmt":"2024-09-24T11:59:21","slug":"chaire-ecodef-crise-des-sous-marins-intervention-de-julien-malizard-sur-france-culture","status":"publish","type":"post","link":"https:\/\/fdd-ihedn.fr\/en\/chaire-ecodef-crise-des-sous-marins-intervention-de-julien-malizard-sur-france-culture\/","title":{"rendered":"[chaire ECODEF] Crise des sous-marins : Intervention de Julien Malizard sur France Culture"},"content":{"rendered":"<p><strong>Julien Malizard, Deputy Chair of Defence Economics - IHEDN, was invited to France Culture to talk about the French defence industry in the context of the Australian submarine crisis. <\/strong><\/p>\r\n\r\n\r\n\r\n<div class=\"wp-block-image\">\r\n<figure class=\"aligncenter size-large is-resized\"><img loading=\"lazy\" decoding=\"async\" class=\"wp-image-3833\" src=\"https:\/\/ecodef-ihedn.fr\/wp-content\/uploads\/2021\/10\/838_cultures-monde-1.jpg\" alt=\"\" width=\"419\" height=\"419\" \/><\/figure>\r\n<\/div>\r\n\r\n\r\n\r\n<p><strong>Julien Malizard<\/strong> appeared on France Culture's Cultures Mondes programme, presented by Florian Delorme, on Tuesday 28 September at 11am.<\/p>\r\n<p>As part of a series devoted to Australia's cancellation of the contract to acquire French submarines, this episode entitled \u00abDefence industry: is \u00abmade in France\u00bb pass\u00e9?\u00bb also featured Lucie B\u00e9raud-Sudreau, Director of the Stockholm International Peace Research Institute's (SIPRI) Military Expenditure and Armaments Industry Programme, and Mathieu Duch\u00e2tel, Director of the Asia Programme at the Institut Montaigne.<\/p>\r\n\r\n\r\n\r\n<p>At a time when France claims to have a strong defence industry, the driving force behind its strategic autonomy, Australia's breach of contract threatens not only diplomatic relations but also French arms exports, which are vital if France is to continue to innovate and develop. <a href=\"https:\/\/ecodef-ihedn.fr\/lindustrie-de-defense-en-europe-la-cooperation-ou-le-declassement\/\" target=\"_blank\" rel=\"noreferrer noopener\">remain competitive<\/a>. As Julien Malizard points out,<em> \u00abFrance is probably the only European country capable of producing the whole spectrum of equipment: submarines, aircraft, land vehicles, etc. The French market is too small to maintain the industrial skills needed to produce the whole spectrum. Exports enable us to maintain these skills\u00bb.<\/em> To what extent does the breakdown of the Australian contract reveal the limits of this approach? Can we talk about strategic autonomy when it depends on exports?<\/p>\r\n<p style=\"text-align: center;\"><a class=\"wp-block-button__link\" href=\"https:\/\/www.franceculture.fr\/emissions\/cultures-monde\/industrie-de-defense-le-made-in-france-depasse\" target=\"_blank\" rel=\"noreferrer noopener\">Listen to the replay of the show<\/a><\/p>\r\n<div class=\"wp-block-buttons is-content-justification-center\"><\/div>\r\n<!-- \/wp:post-content -->\r\n\r\n<!-- wp:paragraph -->\r\n<p>&nbsp;<\/p>\r\n<!-- \/wp:paragraph -->","protected":false},"excerpt":{"rendered":"<p>Julien Malizard, titulaire adjoint de la Chaire \u00c9conomie de d\u00e9fense &#8211; IHEDN, a \u00e9t\u00e9 invit\u00e9 \u00e0 l&rsquo;antenne de France Culture afin de s&rsquo;exprimer sur l&rsquo;industrie de d\u00e9fense fran\u00e7aise dans le contexte de la crise des sous-marins australiens. Julien Malizard est intervenu sur France Culture dans l&rsquo;\u00e9mission Cultures Mondes, pr\u00e9sent\u00e9e par Florian Delorme, le mardi 28 [&hellip;]<\/p>\n","protected":false},"author":2,"featured_media":4880,"comment_status":"open","ping_status":"open","sticky":false,"template":"","format":"standard","meta":{"footnotes":""},"categories":[34,438],"tags":[502,409,503,448,47,52,504,38,241,86,505,506],"class_list":{"0":"post-4879","1":"post","2":"type-post","3":"status-publish","4":"format-standard","5":"has-post-thumbnail","7":"category-activites","8":"category-chaire-economie-de-defense","9":"tag-australie","10":"tag-autonomie-strategique","11":"tag-contrat-darmement","12":"tag-ecodef","13":"tag-economie-de-defense","14":"tag-exportations-darmes","15":"tag-france-culture","16":"tag-ihedn","17":"tag-intervention","18":"tag-julien-malizard","19":"tag-medias","20":"tag-sous-marins"},"yoast_head":"<!-- This site is optimized with the Yoast SEO plugin v27.4 - https:\/\/yoast.com\/product\/yoast-seo-wordpress\/ -->\n<title>[chaire ECODEF] Crise des sous-marins : Intervention de Julien Malizard sur France Culture - Fonds de dotation de l&#039;IHEDN<\/title>\n<meta name=\"robots\" content=\"index, follow, max-snippet:-1, max-image-preview:large, max-video-preview:-1\" \/>\n<link rel=\"canonical\" href=\"https:\/\/fdd-ihedn.fr\/en\/chaire-ecodef-crise-des-sous-marins-intervention-de-julien-malizard-sur-france-culture\/\" \/>\n<meta property=\"og:locale\" content=\"en_GB\" \/>\n<meta property=\"og:type\" content=\"article\" \/>\n<meta property=\"og:title\" content=\"[chaire ECODEF] Crise des sous-marins : Intervention de Julien Malizard sur France Culture - Fonds de dotation de l&#039;IHEDN\" \/>\n<meta property=\"og:description\" content=\"Julien Malizard, titulaire adjoint de la Chaire \u00c9conomie de d\u00e9fense &#8211; IHEDN, a \u00e9t\u00e9 invit\u00e9 \u00e0 l&rsquo;antenne de France Culture afin de s&rsquo;exprimer sur l&rsquo;industrie de d\u00e9fense fran\u00e7aise dans le contexte de la crise des sous-marins australiens. Julien Malizard est intervenu sur France Culture dans l&rsquo;\u00e9mission Cultures Mondes, pr\u00e9sent\u00e9e par Florian Delorme, le mardi 28 [&hellip;]\" \/>\n<meta property=\"og:url\" content=\"https:\/\/fdd-ihedn.fr\/en\/chaire-ecodef-crise-des-sous-marins-intervention-de-julien-malizard-sur-france-culture\/\" \/>\n<meta property=\"og:site_name\" content=\"Fonds de dotation de l&#039;IHEDN\" \/>\n<meta property=\"article:published_time\" content=\"2021-10-06T10:31:38+00:00\" \/>\n<meta property=\"article:modified_time\" content=\"2024-09-24T11:59:21+00:00\" \/>\n<meta property=\"og:image\" content=\"https:\/\/fdd-ihedn.fr\/wp-content\/uploads\/2021\/10\/838_cultures-monde-e1633340972992.jpg\" \/>\n\t<meta property=\"og:image:width\" content=\"785\" \/>\n\t<meta property=\"og:image:height\" content=\"588\" \/>\n\t<meta property=\"og:image:type\" content=\"image\/jpeg\" \/>\n<meta name=\"author\" content=\"Bertrand Demandre\" \/>\n<meta name=\"twitter:card\" content=\"summary_large_image\" \/>\n<meta name=\"twitter:creator\" content=\"@Chaire_Ecodef\" \/>\n<meta name=\"twitter:site\" content=\"@Chaire_Ecodef\" \/>\n<meta name=\"twitter:label1\" content=\"Written by\" \/>\n\t<meta name=\"twitter:data1\" content=\"Bertrand Demandre\" \/>\n\t<meta name=\"twitter:label2\" content=\"Estimated reading time\" \/>\n\t<meta name=\"twitter:data2\" content=\"2 minutes\" \/>\n<script type=\"application\/ld+json\" class=\"yoast-schema-graph\">{\"@context\":\"https:\\\/\\\/schema.org\",\"@graph\":[{\"@type\":\"Article\",\"@id\":\"https:\\\/\\\/fdd-ihedn.fr\\\/chaire-ecodef-crise-des-sous-marins-intervention-de-julien-malizard-sur-france-culture\\\/#article\",\"isPartOf\":{\"@id\":\"https:\\\/\\\/fdd-ihedn.fr\\\/chaire-ecodef-crise-des-sous-marins-intervention-de-julien-malizard-sur-france-culture\\\/\"},\"author\":{\"name\":\"Bertrand Demandre\",\"@id\":\"https:\\\/\\\/fdd-ihedn.fr\\\/#\\\/schema\\\/person\\\/9fe23d397304e152668f6ba7966b1a64\"},\"headline\":\"[chaire ECODEF] Crise des sous-marins : Intervention de Julien Malizard sur France Culture\",\"datePublished\":\"2021-10-06T10:31:38+00:00\",\"dateModified\":\"2024-09-24T11:59:21+00:00\",\"mainEntityOfPage\":{\"@id\":\"https:\\\/\\\/fdd-ihedn.fr\\\/chaire-ecodef-crise-des-sous-marins-intervention-de-julien-malizard-sur-france-culture\\\/\"},\"wordCount\":295,\"commentCount\":0,\"publisher\":{\"@id\":\"https:\\\/\\\/fdd-ihedn.fr\\\/#organization\"},\"image\":{\"@id\":\"https:\\\/\\\/fdd-ihedn.fr\\\/chaire-ecodef-crise-des-sous-marins-intervention-de-julien-malizard-sur-france-culture\\\/#primaryimage\"},\"thumbnailUrl\":\"https:\\\/\\\/fdd-ihedn.fr\\\/wp-content\\\/uploads\\\/2021\\\/10\\\/838_cultures-monde-e1633340972992.jpg\",\"keywords\":[\"Australie\",\"autonomie strat\u00e9gique\",\"contrat d'armement\",\"ECODEF\",\"\u00e9conomie de d\u00e9fense\",\"exportations d'armes\",\"France Culture\",\"IHEDN\",\"Intervention\",\"Julien Malizard\",\"m\u00e9dias\",\"sous-marins\"],\"articleSection\":[\"Activit\u00e9s\",\"Chaire \u00c9conomie de d\u00e9fense\"],\"inLanguage\":\"en-GB\",\"potentialAction\":[{\"@type\":\"CommentAction\",\"name\":\"Comment\",\"target\":[\"https:\\\/\\\/fdd-ihedn.fr\\\/chaire-ecodef-crise-des-sous-marins-intervention-de-julien-malizard-sur-france-culture\\\/#respond\"]}]},{\"@type\":\"WebPage\",\"@id\":\"https:\\\/\\\/fdd-ihedn.fr\\\/chaire-ecodef-crise-des-sous-marins-intervention-de-julien-malizard-sur-france-culture\\\/\",\"url\":\"https:\\\/\\\/fdd-ihedn.fr\\\/chaire-ecodef-crise-des-sous-marins-intervention-de-julien-malizard-sur-france-culture\\\/\",\"name\":\"[chaire ECODEF] Crise des sous-marins : Intervention de Julien Malizard sur France Culture - Fonds de dotation de l&#039;IHEDN\",\"isPartOf\":{\"@id\":\"https:\\\/\\\/fdd-ihedn.fr\\\/#website\"},\"primaryImageOfPage\":{\"@id\":\"https:\\\/\\\/fdd-ihedn.fr\\\/chaire-ecodef-crise-des-sous-marins-intervention-de-julien-malizard-sur-france-culture\\\/#primaryimage\"},\"image\":{\"@id\":\"https:\\\/\\\/fdd-ihedn.fr\\\/chaire-ecodef-crise-des-sous-marins-intervention-de-julien-malizard-sur-france-culture\\\/#primaryimage\"},\"thumbnailUrl\":\"https:\\\/\\\/fdd-ihedn.fr\\\/wp-content\\\/uploads\\\/2021\\\/10\\\/838_cultures-monde-e1633340972992.jpg\",\"datePublished\":\"2021-10-06T10:31:38+00:00\",\"dateModified\":\"2024-09-24T11:59:21+00:00\",\"breadcrumb\":{\"@id\":\"https:\\\/\\\/fdd-ihedn.fr\\\/chaire-ecodef-crise-des-sous-marins-intervention-de-julien-malizard-sur-france-culture\\\/#breadcrumb\"},\"inLanguage\":\"en-GB\",\"potentialAction\":[{\"@type\":\"ReadAction\",\"target\":[\"https:\\\/\\\/fdd-ihedn.fr\\\/chaire-ecodef-crise-des-sous-marins-intervention-de-julien-malizard-sur-france-culture\\\/\"]}]},{\"@type\":\"ImageObject\",\"inLanguage\":\"en-GB\",\"@id\":\"https:\\\/\\\/fdd-ihedn.fr\\\/chaire-ecodef-crise-des-sous-marins-intervention-de-julien-malizard-sur-france-culture\\\/#primaryimage\",\"url\":\"https:\\\/\\\/fdd-ihedn.fr\\\/wp-content\\\/uploads\\\/2021\\\/10\\\/838_cultures-monde-e1633340972992.jpg\",\"contentUrl\":\"https:\\\/\\\/fdd-ihedn.fr\\\/wp-content\\\/uploads\\\/2021\\\/10\\\/838_cultures-monde-e1633340972992.jpg\",\"width\":785,\"height\":588},{\"@type\":\"BreadcrumbList\",\"@id\":\"https:\\\/\\\/fdd-ihedn.fr\\\/chaire-ecodef-crise-des-sous-marins-intervention-de-julien-malizard-sur-france-culture\\\/#breadcrumb\",\"itemListElement\":[{\"@type\":\"ListItem\",\"position\":1,\"name\":\"Accueil\",\"item\":\"https:\\\/\\\/fdd-ihedn.fr\\\/\"},{\"@type\":\"ListItem\",\"position\":2,\"name\":\"[chaire ECODEF] Crise des sous-marins : Intervention de Julien Malizard sur France Culture\"}]},{\"@type\":\"WebSite\",\"@id\":\"https:\\\/\\\/fdd-ihedn.fr\\\/#website\",\"url\":\"https:\\\/\\\/fdd-ihedn.fr\\\/\",\"name\":\"Fonds de dotation de l&#039;IHEDN\",\"description\":\"Des projets innovants d\u00e9velopp\u00e9s pour l&#039;IHEDN gr\u00e2ce au m\u00e9c\u00e9nat\",\"publisher\":{\"@id\":\"https:\\\/\\\/fdd-ihedn.fr\\\/#organization\"},\"potentialAction\":[{\"@type\":\"SearchAction\",\"target\":{\"@type\":\"EntryPoint\",\"urlTemplate\":\"https:\\\/\\\/fdd-ihedn.fr\\\/?s={search_term_string}\"},\"query-input\":{\"@type\":\"PropertyValueSpecification\",\"valueRequired\":true,\"valueName\":\"search_term_string\"}}],\"inLanguage\":\"en-GB\"},{\"@type\":\"Organization\",\"@id\":\"https:\\\/\\\/fdd-ihedn.fr\\\/#organization\",\"name\":\"Chaire \u00c9conomie de d\u00e9fense - IHEDN\",\"url\":\"https:\\\/\\\/fdd-ihedn.fr\\\/\",\"logo\":{\"@type\":\"ImageObject\",\"inLanguage\":\"en-GB\",\"@id\":\"https:\\\/\\\/fdd-ihedn.fr\\\/#\\\/schema\\\/logo\\\/image\\\/\",\"url\":\"https:\\\/\\\/fdd-ihedn.fr\\\/wp-content\\\/uploads\\\/2020\\\/04\\\/logoEcodef9.jpg\",\"contentUrl\":\"https:\\\/\\\/fdd-ihedn.fr\\\/wp-content\\\/uploads\\\/2020\\\/04\\\/logoEcodef9.jpg\",\"width\":410,\"height\":212,\"caption\":\"Chaire \u00c9conomie de d\u00e9fense - IHEDN\"},\"image\":{\"@id\":\"https:\\\/\\\/fdd-ihedn.fr\\\/#\\\/schema\\\/logo\\\/image\\\/\"},\"sameAs\":[\"https:\\\/\\\/x.com\\\/Chaire_Ecodef\",\"https:\\\/\\\/www.linkedin.com\\\/company\\\/chaire-ecodef-ihedn\\\/\"]},{\"@type\":\"Person\",\"@id\":\"https:\\\/\\\/fdd-ihedn.fr\\\/#\\\/schema\\\/person\\\/9fe23d397304e152668f6ba7966b1a64\",\"name\":\"Bertrand Demandre\",\"image\":{\"@type\":\"ImageObject\",\"inLanguage\":\"en-GB\",\"@id\":\"https:\\\/\\\/secure.gravatar.com\\\/avatar\\\/d9c9746d6c900ab5b9c0f9b1fa3932e369da923da247d624b8f7ab4ba8a3c093?s=96&d=mm&r=g\",\"url\":\"https:\\\/\\\/secure.gravatar.com\\\/avatar\\\/d9c9746d6c900ab5b9c0f9b1fa3932e369da923da247d624b8f7ab4ba8a3c093?s=96&d=mm&r=g\",\"contentUrl\":\"https:\\\/\\\/secure.gravatar.com\\\/avatar\\\/d9c9746d6c900ab5b9c0f9b1fa3932e369da923da247d624b8f7ab4ba8a3c093?s=96&d=mm&r=g\",\"caption\":\"Bertrand Demandre\"},\"url\":\"https:\\\/\\\/fdd-ihedn.fr\\\/en\\\/author\\\/bertrand\\\/\"}]}<\/script>\n<!-- \/ Yoast SEO plugin. -->","yoast_head_json":{"title":"[chaire ECODEF] Crise des sous-marins : Intervention de Julien Malizard sur France Culture - Fonds de dotation de l&#039;IHEDN","robots":{"index":"index","follow":"follow","max-snippet":"max-snippet:-1","max-image-preview":"max-image-preview:large","max-video-preview":"max-video-preview:-1"},"canonical":"https:\/\/fdd-ihedn.fr\/en\/chaire-ecodef-crise-des-sous-marins-intervention-de-julien-malizard-sur-france-culture\/","og_locale":"en_GB","og_type":"article","og_title":"[chaire ECODEF] Crise des sous-marins : Intervention de Julien Malizard sur France Culture - Fonds de dotation de l&#039;IHEDN","og_description":"Julien Malizard, titulaire adjoint de la Chaire \u00c9conomie de d\u00e9fense &#8211; IHEDN, a \u00e9t\u00e9 invit\u00e9 \u00e0 l&rsquo;antenne de France Culture afin de s&rsquo;exprimer sur l&rsquo;industrie de d\u00e9fense fran\u00e7aise dans le contexte de la crise des sous-marins australiens. Julien Malizard est intervenu sur France Culture dans l&rsquo;\u00e9mission Cultures Mondes, pr\u00e9sent\u00e9e par Florian Delorme, le mardi 28 [&hellip;]","og_url":"https:\/\/fdd-ihedn.fr\/en\/chaire-ecodef-crise-des-sous-marins-intervention-de-julien-malizard-sur-france-culture\/","og_site_name":"Fonds de dotation de l&#039;IHEDN","article_published_time":"2021-10-06T10:31:38+00:00","article_modified_time":"2024-09-24T11:59:21+00:00","og_image":[{"width":785,"height":588,"url":"https:\/\/fdd-ihedn.fr\/wp-content\/uploads\/2021\/10\/838_cultures-monde-e1633340972992.jpg","type":"image\/jpeg"}],"author":"Bertrand Demandre","twitter_card":"summary_large_image","twitter_creator":"@Chaire_Ecodef","twitter_site":"@Chaire_Ecodef","twitter_misc":{"Written by":"Bertrand Demandre","Estimated reading time":"2 minutes"},"schema":{"@context":"https:\/\/schema.org","@graph":[{"@type":"Article","@id":"https:\/\/fdd-ihedn.fr\/chaire-ecodef-crise-des-sous-marins-intervention-de-julien-malizard-sur-france-culture\/#article","isPartOf":{"@id":"https:\/\/fdd-ihedn.fr\/chaire-ecodef-crise-des-sous-marins-intervention-de-julien-malizard-sur-france-culture\/"},"author":{"name":"Bertrand Demandre","@id":"https:\/\/fdd-ihedn.fr\/#\/schema\/person\/9fe23d397304e152668f6ba7966b1a64"},"headline":"[chaire ECODEF] Crise des sous-marins : Intervention de Julien Malizard sur France Culture","datePublished":"2021-10-06T10:31:38+00:00","dateModified":"2024-09-24T11:59:21+00:00","mainEntityOfPage":{"@id":"https:\/\/fdd-ihedn.fr\/chaire-ecodef-crise-des-sous-marins-intervention-de-julien-malizard-sur-france-culture\/"},"wordCount":295,"commentCount":0,"publisher":{"@id":"https:\/\/fdd-ihedn.fr\/#organization"},"image":{"@id":"https:\/\/fdd-ihedn.fr\/chaire-ecodef-crise-des-sous-marins-intervention-de-julien-malizard-sur-france-culture\/#primaryimage"},"thumbnailUrl":"https:\/\/fdd-ihedn.fr\/wp-content\/uploads\/2021\/10\/838_cultures-monde-e1633340972992.jpg","keywords":["Australie","autonomie strat\u00e9gique","contrat d'armement","ECODEF","\u00e9conomie de d\u00e9fense","exportations d'armes","France Culture","IHEDN","Intervention","Julien Malizard","m\u00e9dias","sous-marins"],"articleSection":["Activit\u00e9s","Chaire \u00c9conomie de d\u00e9fense"],"inLanguage":"en-GB","potentialAction":[{"@type":"CommentAction","name":"Comment","target":["https:\/\/fdd-ihedn.fr\/chaire-ecodef-crise-des-sous-marins-intervention-de-julien-malizard-sur-france-culture\/#respond"]}]},{"@type":"WebPage","@id":"https:\/\/fdd-ihedn.fr\/chaire-ecodef-crise-des-sous-marins-intervention-de-julien-malizard-sur-france-culture\/","url":"https:\/\/fdd-ihedn.fr\/chaire-ecodef-crise-des-sous-marins-intervention-de-julien-malizard-sur-france-culture\/","name":"[chaire ECODEF] Crise des sous-marins : Intervention de Julien Malizard sur France Culture - Fonds de dotation de l&#039;IHEDN","isPartOf":{"@id":"https:\/\/fdd-ihedn.fr\/#website"},"primaryImageOfPage":{"@id":"https:\/\/fdd-ihedn.fr\/chaire-ecodef-crise-des-sous-marins-intervention-de-julien-malizard-sur-france-culture\/#primaryimage"},"image":{"@id":"https:\/\/fdd-ihedn.fr\/chaire-ecodef-crise-des-sous-marins-intervention-de-julien-malizard-sur-france-culture\/#primaryimage"},"thumbnailUrl":"https:\/\/fdd-ihedn.fr\/wp-content\/uploads\/2021\/10\/838_cultures-monde-e1633340972992.jpg","datePublished":"2021-10-06T10:31:38+00:00","dateModified":"2024-09-24T11:59:21+00:00","breadcrumb":{"@id":"https:\/\/fdd-ihedn.fr\/chaire-ecodef-crise-des-sous-marins-intervention-de-julien-malizard-sur-france-culture\/#breadcrumb"},"inLanguage":"en-GB","potentialAction":[{"@type":"ReadAction","target":["https:\/\/fdd-ihedn.fr\/chaire-ecodef-crise-des-sous-marins-intervention-de-julien-malizard-sur-france-culture\/"]}]},{"@type":"ImageObject","inLanguage":"en-GB","@id":"https:\/\/fdd-ihedn.fr\/chaire-ecodef-crise-des-sous-marins-intervention-de-julien-malizard-sur-france-culture\/#primaryimage","url":"https:\/\/fdd-ihedn.fr\/wp-content\/uploads\/2021\/10\/838_cultures-monde-e1633340972992.jpg","contentUrl":"https:\/\/fdd-ihedn.fr\/wp-content\/uploads\/2021\/10\/838_cultures-monde-e1633340972992.jpg","width":785,"height":588},{"@type":"BreadcrumbList","@id":"https:\/\/fdd-ihedn.fr\/chaire-ecodef-crise-des-sous-marins-intervention-de-julien-malizard-sur-france-culture\/#breadcrumb","itemListElement":[{"@type":"ListItem","position":1,"name":"Accueil","item":"https:\/\/fdd-ihedn.fr\/"},{"@type":"ListItem","position":2,"name":"[chaire ECODEF] Crise des sous-marins : Intervention de Julien Malizard sur France Culture"}]},{"@type":"WebSite","@id":"https:\/\/fdd-ihedn.fr\/#website","url":"https:\/\/fdd-ihedn.fr\/","name":"IHEDN Endowment Fund","description":"Innovative projects developed for IHEDN thanks to sponsorship","publisher":{"@id":"https:\/\/fdd-ihedn.fr\/#organization"},"potentialAction":[{"@type":"SearchAction","target":{"@type":"EntryPoint","urlTemplate":"https:\/\/fdd-ihedn.fr\/?s={search_term_string}"},"query-input":{"@type":"PropertyValueSpecification","valueRequired":true,"valueName":"search_term_string"}}],"inLanguage":"en-GB"},{"@type":"Organization","@id":"https:\/\/fdd-ihedn.fr\/#organization","name":"Chair in Defence Economics - IHEDN","url":"https:\/\/fdd-ihedn.fr\/","logo":{"@type":"ImageObject","inLanguage":"en-GB","@id":"https:\/\/fdd-ihedn.fr\/#\/schema\/logo\/image\/","url":"https:\/\/fdd-ihedn.fr\/wp-content\/uploads\/2020\/04\/logoEcodef9.jpg","contentUrl":"https:\/\/fdd-ihedn.fr\/wp-content\/uploads\/2020\/04\/logoEcodef9.jpg","width":410,"height":212,"caption":"Chaire \u00c9conomie de d\u00e9fense - IHEDN"},"image":{"@id":"https:\/\/fdd-ihedn.fr\/#\/schema\/logo\/image\/"},"sameAs":["https:\/\/x.com\/Chaire_Ecodef","https:\/\/www.linkedin.com\/company\/chaire-ecodef-ihedn\/"]},{"@type":"Person","@id":"https:\/\/fdd-ihedn.fr\/#\/schema\/person\/9fe23d397304e152668f6ba7966b1a64","name":"Bertrand Demandre","image":{"@type":"ImageObject","inLanguage":"en-GB","@id":"https:\/\/secure.gravatar.com\/avatar\/d9c9746d6c900ab5b9c0f9b1fa3932e369da923da247d624b8f7ab4ba8a3c093?s=96&d=mm&r=g","url":"https:\/\/secure.gravatar.com\/avatar\/d9c9746d6c900ab5b9c0f9b1fa3932e369da923da247d624b8f7ab4ba8a3c093?s=96&d=mm&r=g","contentUrl":"https:\/\/secure.gravatar.com\/avatar\/d9c9746d6c900ab5b9c0f9b1fa3932e369da923da247d624b8f7ab4ba8a3c093?s=96&d=mm&r=g","caption":"Bertrand Demandre"},"url":"https:\/\/fdd-ihedn.fr\/en\/author\/bertrand\/"}]}},"_links":{"self":[{"href":"https:\/\/fdd-ihedn.fr\/en\/wp-json\/wp\/v2\/posts\/4879","targetHints":{"allow":["GET"]}}],"collection":[{"href":"https:\/\/fdd-ihedn.fr\/en\/wp-json\/wp\/v2\/posts"}],"about":[{"href":"https:\/\/fdd-ihedn.fr\/en\/wp-json\/wp\/v2\/types\/post"}],"author":[{"embeddable":true,"href":"https:\/\/fdd-ihedn.fr\/en\/wp-json\/wp\/v2\/users\/2"}],"replies":[{"embeddable":true,"href":"https:\/\/fdd-ihedn.fr\/en\/wp-json\/wp\/v2\/comments?post=4879"}],"version-history":[{"count":5,"href":"https:\/\/fdd-ihedn.fr\/en\/wp-json\/wp\/v2\/posts\/4879\/revisions"}],"predecessor-version":[{"id":5650,"href":"https:\/\/fdd-ihedn.fr\/en\/wp-json\/wp\/v2\/posts\/4879\/revisions\/5650"}],"wp:featuredmedia":[{"embeddable":true,"href":"https:\/\/fdd-ihedn.fr\/en\/wp-json\/wp\/v2\/media\/4880"}],"wp:attachment":[{"href":"https:\/\/fdd-ihedn.fr\/en\/wp-json\/wp\/v2\/media?parent=4879"}],"wp:term":[{"taxonomy":"category","embeddable":true,"href":"https:\/\/fdd-ihedn.fr\/en\/wp-json\/wp\/v2\/categories?post=4879"},{"taxonomy":"post_tag","embeddable":true,"href":"https:\/\/fdd-ihedn.fr\/en\/wp-json\/wp\/v2\/tags?post=4879"}],"curies":[{"name":"wp","href":"https:\/\/api.w.org\/{rel}","templated":true}]}}