{"id":4870,"date":"2021-09-29T12:04:49","date_gmt":"2021-09-29T10:04:49","guid":{"rendered":"https:\/\/fdd-ihedn.fr\/?p=4870"},"modified":"2024-09-24T13:59:28","modified_gmt":"2024-09-24T11:59:28","slug":"chaire-ecodef-les-entretiens-de-lecodef-2-sur-le-theme-du-financement-des-entreprises-de-defense-le-mercredi-13-octobre-a-8h30","status":"publish","type":"post","link":"https:\/\/fdd-ihedn.fr\/en\/chaire-ecodef-les-entretiens-de-lecodef-2-sur-le-theme-du-financement-des-entreprises-de-defense-le-mercredi-13-octobre-a-8h30\/","title":{"rendered":"[chaire ECODEF] Les entretiens de l\u2019ECODEF #2 sur le th\u00e8me du financement des entreprises de d\u00e9fense, le mercredi 13 octobre \u00e0 8h30"},"content":{"rendered":"\r\n<div class=\"wp-block-image\">\r\n<figure class=\"aligncenter size-large\"><img decoding=\"async\" class=\"wp-image-3791\" src=\"https:\/\/ecodef-ihedn.fr\/wp-content\/uploads\/2021\/09\/CHAIRE-ECODEF-Webinaire-10-21VFF@500x-100-1024x512.jpg\" alt=\"\" \/><\/figure>\r\n<\/div>\r\n\r\n\r\n\r\n<p class=\"has-text-align-center\"><strong>Mercredi 13 octobre 2021 | 8h30 \u2013 9h30 <\/strong>En ligne<\/p>\r\n\r\n\r\n\r\n<p>&nbsp;<\/p>\r\n\r\n\r\n\r\n<p>Afin de mieux faire conna\u00eetre les enjeux \u00e9conomiques des activit\u00e9s de d\u00e9fense, la <strong>Chaire \u00c9conomie de d\u00e9fense &#8211; IHEDN<\/strong> a pris l&rsquo;initiative de proposer <strong>\u00ab\u00a0Les entretiens de l&rsquo;ECODEF\u00a0\u00bb<\/strong>. Cette s\u00e9rie de webinaires met en lumi\u00e8re les r\u00e9sultats des travaux de la Chaire, qui vous sont pr\u00e9sent\u00e9s sous forme d&rsquo;entretien.<\/p>\r\n\r\n\r\n\r\n<p>\u00c0 ce titre, nous vous invitons \u00e0 participer le <strong>mercredi 13 octobre \u00e0 8h30<\/strong> \u00e0 notre prochain webinaire sur le th\u00e8me :<\/p>\r\n\r\n\r\n\r\n<h4 class=\"has-text-align-center wp-block-heading\"><strong><em>Le financement des entreprises de d\u00e9fense<\/em><\/strong><\/h4>\r\n\r\n\r\n\r\n<p><em>Les entreprises doivent financer leur cycle de production, leurs investissements et leurs activit\u00e9s de recherche et d\u2019innovation. Plusieurs rapports parlementaires ont mis en avant des difficult\u00e9s de financement croissantes pour les entreprises de d\u00e9fense. Ce webinaire permettra de faire un bilan des travaux de la Chaire sur ce sujet et de discuter des difficult\u00e9s croissantes de financement dans ce domaine.<\/em><\/p>\r\n\r\n\r\n\r\n<p><strong>Discutants :<\/strong><\/p>\r\n\r\n\r\n\r\n<ul>\r\n<li><strong>Jean Belin<\/strong> (Titulaire de la Chaire \u00c9conomie de d\u00e9fense &#8211; IHEDN)<\/li>\r\n<li><strong>Victor Raffour<\/strong> (Responsable financements &amp; strat\u00e9gies, ARQUUS)<\/li>\r\n<\/ul>\r\n\r\n\r\n\r\n<p><strong>Animateur : <\/strong><strong>Olivier Martin<\/strong> (Pr\u00e9sident du Comit\u00e9 de pilotage de la Chaire \u00c9conomie de d\u00e9fense &#8211; IHEDN)<\/p>\r\n\r\n\r\n\r\n<p style=\"text-align: center;\"><a class=\"wp-block-button__link\" href=\"https:\/\/e0f9a6fe.sibforms.com\/serve\/MUIEALnrXFRDa-ku51eAHhRxywBAL-gzJ7R6Yh5JZ_bovKF4Y2npf7jgeXVWhxHUUHFo4pqeTza1K1z3tR2oGLxZty1jDr0dY5U5ol60n4TbcB1xMIRgvl8dfGbE_8jka2oxsiLnSnT7ZinSbn9BTSryIMQsGPTY5owGMgJj5npFjSX7ZsyVpC41-r2ESphy1FqFyeZezTsOU8dL\" target=\"_blank\" rel=\"noreferrer noopener\">Faire une demande d&rsquo;inscription<\/a><\/p>\r\n<div class=\"wp-block-buttons is-content-justification-center\"><\/div>\r\n<!-- \/wp:post-content -->\r\n\r\n<!-- wp:paragraph -->\r\n<p><em>Les modalit\u00e9s de connexion seront communiqu\u00e9es la veille de l\u2019\u00e9v\u00e9nement aux personnes dont l\u2019inscription aura \u00e9t\u00e9 confirm\u00e9e.<\/em><\/p>\r\n<!-- \/wp:paragraph -->\r\n\r\n<!-- wp:gallery {\"ids\":[3385,3793,3794],\"linkTo\":\"none\",\"sizeSlug\":\"medium\",\"align\":\"center\"} -->\r\n<figure class=\"wp-block-gallery aligncenter columns-3 is-cropped\">\r\n<ul class=\"blocks-gallery-grid\">\r\n<li class=\"blocks-gallery-item\">\r\n<figure><img decoding=\"async\" class=\"wp-image-3385\" src=\"https:\/\/ecodef-ihedn.fr\/wp-content\/uploads\/2021\/03\/Jean-BELIN-300x200.jpg\" alt=\"\" data-id=\"3385\" data-full-url=\"https:\/\/ecodef-ihedn.fr\/wp-content\/uploads\/2021\/03\/Jean-BELIN.jpg\" data-link=\"https:\/\/ecodef-ihedn.fr\/nomination-jean-belin-membre-du-jury-du-prix-deconomie-de-la-defense\/jean-belin-4\/\" \/>\r\n<figcaption class=\"blocks-gallery-item__caption\"><strong>Jean Belin<\/strong>, Titulaire de la Chaire \u00c9conomie de d\u00e9fense &#8211; IHEDN<\/figcaption>\r\n<\/figure>\r\n<\/li>\r\n<li class=\"blocks-gallery-item\">\r\n<figure><img decoding=\"async\" class=\"wp-image-3793\" src=\"https:\/\/ecodef-ihedn.fr\/wp-content\/uploads\/2021\/09\/614d98e62e77a4193869ff71-300x225.jpg\" alt=\"\" data-id=\"3793\" data-link=\"https:\/\/ecodef-ihedn.fr\/?attachment_id=3793\" \/>\r\n<figcaption class=\"blocks-gallery-item__caption\"><strong>Victor Raffour<\/strong>, Responsable financements &amp; strat\u00e9gies, ARQUUS<\/figcaption>\r\n<\/figure>\r\n<\/li>\r\n<li class=\"blocks-gallery-item\">\r\n<figure><img decoding=\"async\" class=\"wp-image-3794\" src=\"https:\/\/ecodef-ihedn.fr\/wp-content\/uploads\/2021\/09\/614da07b2073cd7c1e457d04-300x225.png\" alt=\"\" data-id=\"3794\" data-full-url=\"https:\/\/ecodef-ihedn.fr\/wp-content\/uploads\/2021\/09\/614da07b2073cd7c1e457d04.png\" data-link=\"https:\/\/ecodef-ihedn.fr\/?attachment_id=3794\" \/>\r\n<figcaption class=\"blocks-gallery-item__caption\"><strong>Olivier Martin<\/strong>, Pr\u00e9sident du Comit\u00e9 de pilotage de la Chaire \u00c9conomie de d\u00e9fense &#8211; IHEDN<\/figcaption>\r\n<\/figure>\r\n<\/li>\r\n<\/ul>\r\n<\/figure>\r\n<!-- \/wp:gallery -->\r\n\r\n<!-- wp:paragraph -->\r\n<p>Le premier num\u00e9ro des <strong>\u00ab\u00a0Entretiens de l&rsquo;ECODEF\u00a0\u00bb<\/strong>, sur le th\u00e8me <em>\u00ab\u00a0Investissements de d\u00e9fense : Quelle contribution face aux enjeux \u00e9conomiques actuels ?\u00a0\u00bb<\/em>, est disponible en replay <a href=\"https:\/\/ecodef-ihedn.fr\/video-webinaire-investissements-de-defense-quelle-contribution-face-aux-enjeux-economiques-actuels-les-entretiens-de-lecodef-7-juillet-2021\/\" target=\"_blank\" rel=\"noreferrer noopener\">ici<\/a>.<\/p>\r\n<!-- \/wp:paragraph -->","protected":false},"excerpt":{"rendered":"<p>Mercredi 13 octobre 2021 | 8h30 \u2013 9h30 En ligne &nbsp; Afin de mieux faire conna\u00eetre les enjeux \u00e9conomiques des activit\u00e9s de d\u00e9fense, la Chaire \u00c9conomie de d\u00e9fense &#8211; IHEDN a pris l&rsquo;initiative de proposer \u00ab\u00a0Les entretiens de l&rsquo;ECODEF\u00a0\u00bb. Cette s\u00e9rie de webinaires met en lumi\u00e8re les r\u00e9sultats des travaux de la Chaire, qui vous [&hellip;]<\/p>\n","protected":false},"author":2,"featured_media":4874,"comment_status":"open","ping_status":"open","sticky":false,"template":"","format":"standard","meta":{"footnotes":""},"categories":[34,438],"tags":[501,162,448,47,500,141,38,287,496,497],"class_list":{"0":"post-4870","1":"post","2":"type-post","3":"status-publish","4":"format-standard","5":"has-post-thumbnail","7":"category-activites","8":"category-chaire-economie-de-defense","9":"tag-arquus","10":"tag-chaire-economie-de-defense","11":"tag-ecodef","12":"tag-economie-de-defense","13":"tag-entreprise-de-defense","14":"tag-financement-de-la-defense","15":"tag-ihedn","16":"tag-jean-belin","17":"tag-les-entretiens-de-lecodef","18":"tag-webinaire"},"yoast_head":"<!-- This site is optimized with the Yoast SEO plugin v27.4 - https:\/\/yoast.com\/product\/yoast-seo-wordpress\/ -->\n<title>[chaire ECODEF] Les entretiens de l\u2019ECODEF #2 sur le th\u00e8me du financement des entreprises de d\u00e9fense, le mercredi 13 octobre \u00e0 8h30 - Fonds de dotation de l&#039;IHEDN<\/title>\n<meta name=\"robots\" content=\"index, follow, max-snippet:-1, max-image-preview:large, max-video-preview:-1\" \/>\n<link rel=\"canonical\" href=\"https:\/\/fdd-ihedn.fr\/en\/chaire-ecodef-les-entretiens-de-lecodef-2-sur-le-theme-du-financement-des-entreprises-de-defense-le-mercredi-13-octobre-a-8h30\/\" \/>\n<meta property=\"og:locale\" content=\"en_GB\" \/>\n<meta property=\"og:type\" content=\"article\" \/>\n<meta property=\"og:title\" content=\"[chaire ECODEF] Les entretiens de l\u2019ECODEF #2 sur le th\u00e8me du financement des entreprises de d\u00e9fense, le mercredi 13 octobre \u00e0 8h30 - Fonds de dotation de l&#039;IHEDN\" \/>\n<meta property=\"og:description\" content=\"Mercredi 13 octobre 2021 | 8h30 \u2013 9h30 En ligne &nbsp; Afin de mieux faire conna\u00eetre les enjeux \u00e9conomiques des activit\u00e9s de d\u00e9fense, la Chaire \u00c9conomie de d\u00e9fense &#8211; IHEDN a pris l&rsquo;initiative de proposer \u00ab\u00a0Les entretiens de l&rsquo;ECODEF\u00a0\u00bb. Cette s\u00e9rie de webinaires met en lumi\u00e8re les r\u00e9sultats des travaux de la Chaire, qui vous [&hellip;]\" \/>\n<meta property=\"og:url\" content=\"https:\/\/fdd-ihedn.fr\/en\/chaire-ecodef-les-entretiens-de-lecodef-2-sur-le-theme-du-financement-des-entreprises-de-defense-le-mercredi-13-octobre-a-8h30\/\" \/>\n<meta property=\"og:site_name\" content=\"Fonds de dotation de l&#039;IHEDN\" \/>\n<meta property=\"article:published_time\" content=\"2021-09-29T10:04:49+00:00\" \/>\n<meta property=\"article:modified_time\" content=\"2024-09-24T11:59:28+00:00\" \/>\n<meta property=\"og:image\" content=\"https:\/\/fdd-ihedn.fr\/wp-content\/uploads\/2021\/09\/Entretien-ECODEF-2.jpg\" \/>\n\t<meta property=\"og:image:width\" content=\"1743\" \/>\n\t<meta property=\"og:image:height\" content=\"1308\" \/>\n\t<meta property=\"og:image:type\" content=\"image\/jpeg\" \/>\n<meta name=\"author\" content=\"Bertrand Demandre\" \/>\n<meta name=\"twitter:card\" content=\"summary_large_image\" \/>\n<meta name=\"twitter:creator\" content=\"@Chaire_Ecodef\" \/>\n<meta name=\"twitter:site\" content=\"@Chaire_Ecodef\" \/>\n<meta name=\"twitter:label1\" content=\"Written by\" \/>\n\t<meta name=\"twitter:data1\" content=\"Bertrand Demandre\" \/>\n\t<meta name=\"twitter:label2\" content=\"Estimated reading time\" \/>\n\t<meta name=\"twitter:data2\" content=\"2 minutes\" \/>\n<script type=\"application\/ld+json\" class=\"yoast-schema-graph\">{\"@context\":\"https:\\\/\\\/schema.org\",\"@graph\":[{\"@type\":\"Article\",\"@id\":\"https:\\\/\\\/fdd-ihedn.fr\\\/chaire-ecodef-les-entretiens-de-lecodef-2-sur-le-theme-du-financement-des-entreprises-de-defense-le-mercredi-13-octobre-a-8h30\\\/#article\",\"isPartOf\":{\"@id\":\"https:\\\/\\\/fdd-ihedn.fr\\\/chaire-ecodef-les-entretiens-de-lecodef-2-sur-le-theme-du-financement-des-entreprises-de-defense-le-mercredi-13-octobre-a-8h30\\\/\"},\"author\":{\"name\":\"Bertrand Demandre\",\"@id\":\"https:\\\/\\\/fdd-ihedn.fr\\\/#\\\/schema\\\/person\\\/9fe23d397304e152668f6ba7966b1a64\"},\"headline\":\"[chaire ECODEF] Les entretiens de l\u2019ECODEF #2 sur le th\u00e8me du financement des entreprises de d\u00e9fense, le mercredi 13 octobre \u00e0 8h30\",\"datePublished\":\"2021-09-29T10:04:49+00:00\",\"dateModified\":\"2024-09-24T11:59:28+00:00\",\"mainEntityOfPage\":{\"@id\":\"https:\\\/\\\/fdd-ihedn.fr\\\/chaire-ecodef-les-entretiens-de-lecodef-2-sur-le-theme-du-financement-des-entreprises-de-defense-le-mercredi-13-octobre-a-8h30\\\/\"},\"wordCount\":312,\"commentCount\":0,\"publisher\":{\"@id\":\"https:\\\/\\\/fdd-ihedn.fr\\\/#organization\"},\"image\":{\"@id\":\"https:\\\/\\\/fdd-ihedn.fr\\\/chaire-ecodef-les-entretiens-de-lecodef-2-sur-le-theme-du-financement-des-entreprises-de-defense-le-mercredi-13-octobre-a-8h30\\\/#primaryimage\"},\"thumbnailUrl\":\"https:\\\/\\\/fdd-ihedn.fr\\\/wp-content\\\/uploads\\\/2021\\\/09\\\/Entretien-ECODEF-2.jpg\",\"keywords\":[\"Arquus\",\"chaire \u00e9conomie de d\u00e9fense\",\"ECODEF\",\"\u00e9conomie de d\u00e9fense\",\"entreprise de d\u00e9fense\",\"financement de la d\u00e9fense\",\"IHEDN\",\"Jean Belin\",\"les entretiens de l'ecodef\",\"webinaire\"],\"articleSection\":[\"Activit\u00e9s\",\"Chaire \u00c9conomie de d\u00e9fense\"],\"inLanguage\":\"en-GB\",\"potentialAction\":[{\"@type\":\"CommentAction\",\"name\":\"Comment\",\"target\":[\"https:\\\/\\\/fdd-ihedn.fr\\\/chaire-ecodef-les-entretiens-de-lecodef-2-sur-le-theme-du-financement-des-entreprises-de-defense-le-mercredi-13-octobre-a-8h30\\\/#respond\"]}]},{\"@type\":\"WebPage\",\"@id\":\"https:\\\/\\\/fdd-ihedn.fr\\\/chaire-ecodef-les-entretiens-de-lecodef-2-sur-le-theme-du-financement-des-entreprises-de-defense-le-mercredi-13-octobre-a-8h30\\\/\",\"url\":\"https:\\\/\\\/fdd-ihedn.fr\\\/chaire-ecodef-les-entretiens-de-lecodef-2-sur-le-theme-du-financement-des-entreprises-de-defense-le-mercredi-13-octobre-a-8h30\\\/\",\"name\":\"[chaire ECODEF] Les entretiens de l\u2019ECODEF #2 sur le th\u00e8me du financement des entreprises de d\u00e9fense, le mercredi 13 octobre \u00e0 8h30 - Fonds de dotation de l&#039;IHEDN\",\"isPartOf\":{\"@id\":\"https:\\\/\\\/fdd-ihedn.fr\\\/#website\"},\"primaryImageOfPage\":{\"@id\":\"https:\\\/\\\/fdd-ihedn.fr\\\/chaire-ecodef-les-entretiens-de-lecodef-2-sur-le-theme-du-financement-des-entreprises-de-defense-le-mercredi-13-octobre-a-8h30\\\/#primaryimage\"},\"image\":{\"@id\":\"https:\\\/\\\/fdd-ihedn.fr\\\/chaire-ecodef-les-entretiens-de-lecodef-2-sur-le-theme-du-financement-des-entreprises-de-defense-le-mercredi-13-octobre-a-8h30\\\/#primaryimage\"},\"thumbnailUrl\":\"https:\\\/\\\/fdd-ihedn.fr\\\/wp-content\\\/uploads\\\/2021\\\/09\\\/Entretien-ECODEF-2.jpg\",\"datePublished\":\"2021-09-29T10:04:49+00:00\",\"dateModified\":\"2024-09-24T11:59:28+00:00\",\"breadcrumb\":{\"@id\":\"https:\\\/\\\/fdd-ihedn.fr\\\/chaire-ecodef-les-entretiens-de-lecodef-2-sur-le-theme-du-financement-des-entreprises-de-defense-le-mercredi-13-octobre-a-8h30\\\/#breadcrumb\"},\"inLanguage\":\"en-GB\",\"potentialAction\":[{\"@type\":\"ReadAction\",\"target\":[\"https:\\\/\\\/fdd-ihedn.fr\\\/chaire-ecodef-les-entretiens-de-lecodef-2-sur-le-theme-du-financement-des-entreprises-de-defense-le-mercredi-13-octobre-a-8h30\\\/\"]}]},{\"@type\":\"ImageObject\",\"inLanguage\":\"en-GB\",\"@id\":\"https:\\\/\\\/fdd-ihedn.fr\\\/chaire-ecodef-les-entretiens-de-lecodef-2-sur-le-theme-du-financement-des-entreprises-de-defense-le-mercredi-13-octobre-a-8h30\\\/#primaryimage\",\"url\":\"https:\\\/\\\/fdd-ihedn.fr\\\/wp-content\\\/uploads\\\/2021\\\/09\\\/Entretien-ECODEF-2.jpg\",\"contentUrl\":\"https:\\\/\\\/fdd-ihedn.fr\\\/wp-content\\\/uploads\\\/2021\\\/09\\\/Entretien-ECODEF-2.jpg\",\"width\":1743,\"height\":1308},{\"@type\":\"BreadcrumbList\",\"@id\":\"https:\\\/\\\/fdd-ihedn.fr\\\/chaire-ecodef-les-entretiens-de-lecodef-2-sur-le-theme-du-financement-des-entreprises-de-defense-le-mercredi-13-octobre-a-8h30\\\/#breadcrumb\",\"itemListElement\":[{\"@type\":\"ListItem\",\"position\":1,\"name\":\"Accueil\",\"item\":\"https:\\\/\\\/fdd-ihedn.fr\\\/\"},{\"@type\":\"ListItem\",\"position\":2,\"name\":\"[chaire ECODEF] Les entretiens de l\u2019ECODEF #2 sur le th\u00e8me du financement des entreprises de d\u00e9fense, le mercredi 13 octobre \u00e0 8h30\"}]},{\"@type\":\"WebSite\",\"@id\":\"https:\\\/\\\/fdd-ihedn.fr\\\/#website\",\"url\":\"https:\\\/\\\/fdd-ihedn.fr\\\/\",\"name\":\"Fonds de dotation de l&#039;IHEDN\",\"description\":\"Des projets innovants d\u00e9velopp\u00e9s pour l&#039;IHEDN gr\u00e2ce au m\u00e9c\u00e9nat\",\"publisher\":{\"@id\":\"https:\\\/\\\/fdd-ihedn.fr\\\/#organization\"},\"potentialAction\":[{\"@type\":\"SearchAction\",\"target\":{\"@type\":\"EntryPoint\",\"urlTemplate\":\"https:\\\/\\\/fdd-ihedn.fr\\\/?s={search_term_string}\"},\"query-input\":{\"@type\":\"PropertyValueSpecification\",\"valueRequired\":true,\"valueName\":\"search_term_string\"}}],\"inLanguage\":\"en-GB\"},{\"@type\":\"Organization\",\"@id\":\"https:\\\/\\\/fdd-ihedn.fr\\\/#organization\",\"name\":\"Chaire \u00c9conomie de d\u00e9fense - IHEDN\",\"url\":\"https:\\\/\\\/fdd-ihedn.fr\\\/\",\"logo\":{\"@type\":\"ImageObject\",\"inLanguage\":\"en-GB\",\"@id\":\"https:\\\/\\\/fdd-ihedn.fr\\\/#\\\/schema\\\/logo\\\/image\\\/\",\"url\":\"https:\\\/\\\/fdd-ihedn.fr\\\/wp-content\\\/uploads\\\/2020\\\/04\\\/logoEcodef9.jpg\",\"contentUrl\":\"https:\\\/\\\/fdd-ihedn.fr\\\/wp-content\\\/uploads\\\/2020\\\/04\\\/logoEcodef9.jpg\",\"width\":410,\"height\":212,\"caption\":\"Chaire \u00c9conomie de d\u00e9fense - IHEDN\"},\"image\":{\"@id\":\"https:\\\/\\\/fdd-ihedn.fr\\\/#\\\/schema\\\/logo\\\/image\\\/\"},\"sameAs\":[\"https:\\\/\\\/x.com\\\/Chaire_Ecodef\",\"https:\\\/\\\/www.linkedin.com\\\/company\\\/chaire-ecodef-ihedn\\\/\"]},{\"@type\":\"Person\",\"@id\":\"https:\\\/\\\/fdd-ihedn.fr\\\/#\\\/schema\\\/person\\\/9fe23d397304e152668f6ba7966b1a64\",\"name\":\"Bertrand Demandre\",\"image\":{\"@type\":\"ImageObject\",\"inLanguage\":\"en-GB\",\"@id\":\"https:\\\/\\\/secure.gravatar.com\\\/avatar\\\/d9c9746d6c900ab5b9c0f9b1fa3932e369da923da247d624b8f7ab4ba8a3c093?s=96&d=mm&r=g\",\"url\":\"https:\\\/\\\/secure.gravatar.com\\\/avatar\\\/d9c9746d6c900ab5b9c0f9b1fa3932e369da923da247d624b8f7ab4ba8a3c093?s=96&d=mm&r=g\",\"contentUrl\":\"https:\\\/\\\/secure.gravatar.com\\\/avatar\\\/d9c9746d6c900ab5b9c0f9b1fa3932e369da923da247d624b8f7ab4ba8a3c093?s=96&d=mm&r=g\",\"caption\":\"Bertrand Demandre\"},\"url\":\"https:\\\/\\\/fdd-ihedn.fr\\\/en\\\/author\\\/bertrand\\\/\"}]}<\/script>\n<!-- \/ Yoast SEO plugin. -->","yoast_head_json":{"title":"[chaire ECODEF] Les entretiens de l\u2019ECODEF #2 sur le th\u00e8me du financement des entreprises de d\u00e9fense, le mercredi 13 octobre \u00e0 8h30 - Fonds de dotation de l&#039;IHEDN","robots":{"index":"index","follow":"follow","max-snippet":"max-snippet:-1","max-image-preview":"max-image-preview:large","max-video-preview":"max-video-preview:-1"},"canonical":"https:\/\/fdd-ihedn.fr\/en\/chaire-ecodef-les-entretiens-de-lecodef-2-sur-le-theme-du-financement-des-entreprises-de-defense-le-mercredi-13-octobre-a-8h30\/","og_locale":"en_GB","og_type":"article","og_title":"[chaire ECODEF] Les entretiens de l\u2019ECODEF #2 sur le th\u00e8me du financement des entreprises de d\u00e9fense, le mercredi 13 octobre \u00e0 8h30 - Fonds de dotation de l&#039;IHEDN","og_description":"Mercredi 13 octobre 2021 | 8h30 \u2013 9h30 En ligne &nbsp; Afin de mieux faire conna\u00eetre les enjeux \u00e9conomiques des activit\u00e9s de d\u00e9fense, la Chaire \u00c9conomie de d\u00e9fense &#8211; IHEDN a pris l&rsquo;initiative de proposer \u00ab\u00a0Les entretiens de l&rsquo;ECODEF\u00a0\u00bb. Cette s\u00e9rie de webinaires met en lumi\u00e8re les r\u00e9sultats des travaux de la Chaire, qui vous [&hellip;]","og_url":"https:\/\/fdd-ihedn.fr\/en\/chaire-ecodef-les-entretiens-de-lecodef-2-sur-le-theme-du-financement-des-entreprises-de-defense-le-mercredi-13-octobre-a-8h30\/","og_site_name":"Fonds de dotation de l&#039;IHEDN","article_published_time":"2021-09-29T10:04:49+00:00","article_modified_time":"2024-09-24T11:59:28+00:00","og_image":[{"width":1743,"height":1308,"url":"https:\/\/fdd-ihedn.fr\/wp-content\/uploads\/2021\/09\/Entretien-ECODEF-2.jpg","type":"image\/jpeg"}],"author":"Bertrand Demandre","twitter_card":"summary_large_image","twitter_creator":"@Chaire_Ecodef","twitter_site":"@Chaire_Ecodef","twitter_misc":{"Written by":"Bertrand Demandre","Estimated reading time":"2 minutes"},"schema":{"@context":"https:\/\/schema.org","@graph":[{"@type":"Article","@id":"https:\/\/fdd-ihedn.fr\/chaire-ecodef-les-entretiens-de-lecodef-2-sur-le-theme-du-financement-des-entreprises-de-defense-le-mercredi-13-octobre-a-8h30\/#article","isPartOf":{"@id":"https:\/\/fdd-ihedn.fr\/chaire-ecodef-les-entretiens-de-lecodef-2-sur-le-theme-du-financement-des-entreprises-de-defense-le-mercredi-13-octobre-a-8h30\/"},"author":{"name":"Bertrand Demandre","@id":"https:\/\/fdd-ihedn.fr\/#\/schema\/person\/9fe23d397304e152668f6ba7966b1a64"},"headline":"[chaire ECODEF] Les entretiens de l\u2019ECODEF #2 sur le th\u00e8me du financement des entreprises de d\u00e9fense, le mercredi 13 octobre \u00e0 8h30","datePublished":"2021-09-29T10:04:49+00:00","dateModified":"2024-09-24T11:59:28+00:00","mainEntityOfPage":{"@id":"https:\/\/fdd-ihedn.fr\/chaire-ecodef-les-entretiens-de-lecodef-2-sur-le-theme-du-financement-des-entreprises-de-defense-le-mercredi-13-octobre-a-8h30\/"},"wordCount":312,"commentCount":0,"publisher":{"@id":"https:\/\/fdd-ihedn.fr\/#organization"},"image":{"@id":"https:\/\/fdd-ihedn.fr\/chaire-ecodef-les-entretiens-de-lecodef-2-sur-le-theme-du-financement-des-entreprises-de-defense-le-mercredi-13-octobre-a-8h30\/#primaryimage"},"thumbnailUrl":"https:\/\/fdd-ihedn.fr\/wp-content\/uploads\/2021\/09\/Entretien-ECODEF-2.jpg","keywords":["Arquus","chaire \u00e9conomie de d\u00e9fense","ECODEF","\u00e9conomie de d\u00e9fense","entreprise de d\u00e9fense","financement de la d\u00e9fense","IHEDN","Jean Belin","les entretiens de l'ecodef","webinaire"],"articleSection":["Activit\u00e9s","Chaire \u00c9conomie de d\u00e9fense"],"inLanguage":"en-GB","potentialAction":[{"@type":"CommentAction","name":"Comment","target":["https:\/\/fdd-ihedn.fr\/chaire-ecodef-les-entretiens-de-lecodef-2-sur-le-theme-du-financement-des-entreprises-de-defense-le-mercredi-13-octobre-a-8h30\/#respond"]}]},{"@type":"WebPage","@id":"https:\/\/fdd-ihedn.fr\/chaire-ecodef-les-entretiens-de-lecodef-2-sur-le-theme-du-financement-des-entreprises-de-defense-le-mercredi-13-octobre-a-8h30\/","url":"https:\/\/fdd-ihedn.fr\/chaire-ecodef-les-entretiens-de-lecodef-2-sur-le-theme-du-financement-des-entreprises-de-defense-le-mercredi-13-octobre-a-8h30\/","name":"[chaire ECODEF] Les entretiens de l\u2019ECODEF #2 sur le th\u00e8me du financement des entreprises de d\u00e9fense, le mercredi 13 octobre \u00e0 8h30 - Fonds de dotation de l&#039;IHEDN","isPartOf":{"@id":"https:\/\/fdd-ihedn.fr\/#website"},"primaryImageOfPage":{"@id":"https:\/\/fdd-ihedn.fr\/chaire-ecodef-les-entretiens-de-lecodef-2-sur-le-theme-du-financement-des-entreprises-de-defense-le-mercredi-13-octobre-a-8h30\/#primaryimage"},"image":{"@id":"https:\/\/fdd-ihedn.fr\/chaire-ecodef-les-entretiens-de-lecodef-2-sur-le-theme-du-financement-des-entreprises-de-defense-le-mercredi-13-octobre-a-8h30\/#primaryimage"},"thumbnailUrl":"https:\/\/fdd-ihedn.fr\/wp-content\/uploads\/2021\/09\/Entretien-ECODEF-2.jpg","datePublished":"2021-09-29T10:04:49+00:00","dateModified":"2024-09-24T11:59:28+00:00","breadcrumb":{"@id":"https:\/\/fdd-ihedn.fr\/chaire-ecodef-les-entretiens-de-lecodef-2-sur-le-theme-du-financement-des-entreprises-de-defense-le-mercredi-13-octobre-a-8h30\/#breadcrumb"},"inLanguage":"en-GB","potentialAction":[{"@type":"ReadAction","target":["https:\/\/fdd-ihedn.fr\/chaire-ecodef-les-entretiens-de-lecodef-2-sur-le-theme-du-financement-des-entreprises-de-defense-le-mercredi-13-octobre-a-8h30\/"]}]},{"@type":"ImageObject","inLanguage":"en-GB","@id":"https:\/\/fdd-ihedn.fr\/chaire-ecodef-les-entretiens-de-lecodef-2-sur-le-theme-du-financement-des-entreprises-de-defense-le-mercredi-13-octobre-a-8h30\/#primaryimage","url":"https:\/\/fdd-ihedn.fr\/wp-content\/uploads\/2021\/09\/Entretien-ECODEF-2.jpg","contentUrl":"https:\/\/fdd-ihedn.fr\/wp-content\/uploads\/2021\/09\/Entretien-ECODEF-2.jpg","width":1743,"height":1308},{"@type":"BreadcrumbList","@id":"https:\/\/fdd-ihedn.fr\/chaire-ecodef-les-entretiens-de-lecodef-2-sur-le-theme-du-financement-des-entreprises-de-defense-le-mercredi-13-octobre-a-8h30\/#breadcrumb","itemListElement":[{"@type":"ListItem","position":1,"name":"Accueil","item":"https:\/\/fdd-ihedn.fr\/"},{"@type":"ListItem","position":2,"name":"[chaire ECODEF] Les entretiens de l\u2019ECODEF #2 sur le th\u00e8me du financement des entreprises de d\u00e9fense, le mercredi 13 octobre \u00e0 8h30"}]},{"@type":"WebSite","@id":"https:\/\/fdd-ihedn.fr\/#website","url":"https:\/\/fdd-ihedn.fr\/","name":"IHEDN Endowment Fund","description":"Innovative projects developed for IHEDN thanks to sponsorship","publisher":{"@id":"https:\/\/fdd-ihedn.fr\/#organization"},"potentialAction":[{"@type":"SearchAction","target":{"@type":"EntryPoint","urlTemplate":"https:\/\/fdd-ihedn.fr\/?s={search_term_string}"},"query-input":{"@type":"PropertyValueSpecification","valueRequired":true,"valueName":"search_term_string"}}],"inLanguage":"en-GB"},{"@type":"Organization","@id":"https:\/\/fdd-ihedn.fr\/#organization","name":"Chair in Defence Economics - IHEDN","url":"https:\/\/fdd-ihedn.fr\/","logo":{"@type":"ImageObject","inLanguage":"en-GB","@id":"https:\/\/fdd-ihedn.fr\/#\/schema\/logo\/image\/","url":"https:\/\/fdd-ihedn.fr\/wp-content\/uploads\/2020\/04\/logoEcodef9.jpg","contentUrl":"https:\/\/fdd-ihedn.fr\/wp-content\/uploads\/2020\/04\/logoEcodef9.jpg","width":410,"height":212,"caption":"Chaire \u00c9conomie de d\u00e9fense - IHEDN"},"image":{"@id":"https:\/\/fdd-ihedn.fr\/#\/schema\/logo\/image\/"},"sameAs":["https:\/\/x.com\/Chaire_Ecodef","https:\/\/www.linkedin.com\/company\/chaire-ecodef-ihedn\/"]},{"@type":"Person","@id":"https:\/\/fdd-ihedn.fr\/#\/schema\/person\/9fe23d397304e152668f6ba7966b1a64","name":"Bertrand Demandre","image":{"@type":"ImageObject","inLanguage":"en-GB","@id":"https:\/\/secure.gravatar.com\/avatar\/d9c9746d6c900ab5b9c0f9b1fa3932e369da923da247d624b8f7ab4ba8a3c093?s=96&d=mm&r=g","url":"https:\/\/secure.gravatar.com\/avatar\/d9c9746d6c900ab5b9c0f9b1fa3932e369da923da247d624b8f7ab4ba8a3c093?s=96&d=mm&r=g","contentUrl":"https:\/\/secure.gravatar.com\/avatar\/d9c9746d6c900ab5b9c0f9b1fa3932e369da923da247d624b8f7ab4ba8a3c093?s=96&d=mm&r=g","caption":"Bertrand Demandre"},"url":"https:\/\/fdd-ihedn.fr\/en\/author\/bertrand\/"}]}},"_links":{"self":[{"href":"https:\/\/fdd-ihedn.fr\/en\/wp-json\/wp\/v2\/posts\/4870","targetHints":{"allow":["GET"]}}],"collection":[{"href":"https:\/\/fdd-ihedn.fr\/en\/wp-json\/wp\/v2\/posts"}],"about":[{"href":"https:\/\/fdd-ihedn.fr\/en\/wp-json\/wp\/v2\/types\/post"}],"author":[{"embeddable":true,"href":"https:\/\/fdd-ihedn.fr\/en\/wp-json\/wp\/v2\/users\/2"}],"replies":[{"embeddable":true,"href":"https:\/\/fdd-ihedn.fr\/en\/wp-json\/wp\/v2\/comments?post=4870"}],"version-history":[{"count":6,"href":"https:\/\/fdd-ihedn.fr\/en\/wp-json\/wp\/v2\/posts\/4870\/revisions"}],"predecessor-version":[{"id":5651,"href":"https:\/\/fdd-ihedn.fr\/en\/wp-json\/wp\/v2\/posts\/4870\/revisions\/5651"}],"wp:featuredmedia":[{"embeddable":true,"href":"https:\/\/fdd-ihedn.fr\/en\/wp-json\/wp\/v2\/media\/4874"}],"wp:attachment":[{"href":"https:\/\/fdd-ihedn.fr\/en\/wp-json\/wp\/v2\/media?parent=4870"}],"wp:term":[{"taxonomy":"category","embeddable":true,"href":"https:\/\/fdd-ihedn.fr\/en\/wp-json\/wp\/v2\/categories?post=4870"},{"taxonomy":"post_tag","embeddable":true,"href":"https:\/\/fdd-ihedn.fr\/en\/wp-json\/wp\/v2\/tags?post=4870"}],"curies":[{"name":"wp","href":"https:\/\/api.w.org\/{rel}","templated":true}]}}