{"id":4865,"date":"2021-09-15T14:16:55","date_gmt":"2021-09-15T12:16:55","guid":{"rendered":"https:\/\/fdd-ihedn.fr\/?p=4865"},"modified":"2024-09-24T13:59:38","modified_gmt":"2024-09-24T11:59:38","slug":"cyber-fic-2021-intervention-de-jean-peeters-sur-lacceptabilite-sociale-des-technologies-numeriques","status":"publish","type":"post","link":"https:\/\/fdd-ihedn.fr\/en\/cyber-fic-2021-intervention-de-jean-peeters-sur-lacceptabilite-sociale-des-technologies-numeriques\/","title":{"rendered":"[chaire CYBER] FIC 2021 : Intervention de Jean Peeters sur l\u2019acceptabilit\u00e9 sociale des technologies num\u00e9riques"},"content":{"rendered":"<div class=\"td-post-content tagdiv-type\">\n<p><strong>Professor Jean Peeters, holder of the Chair\u00a0<em>Cyber and digital sovereignty - IHEDN<\/em>, The Group's Chairman and Chief Executive Officer, Jean-Louis Dupuis, took part in a workshop on the social acceptability of digital technologies at the International Cybersecurity Forum (FIC 2021) on 8 September 2021.\u00a0<\/strong><\/p>\n<p><img loading=\"lazy\" decoding=\"async\" class=\"wp-image-3400 size-medium aligncenter td-animation-stack-type0-2\" src=\"https:\/\/cyber-ihedn.fr\/wp-content\/uploads\/2021\/09\/P1000520-2-300x225.jpg\" sizes=\"auto, (max-width: 300px) 100vw, 300px\" srcset=\"https:\/\/cyber-ihedn.fr\/wp-content\/uploads\/2021\/09\/P1000520-2-300x225.jpg 300w, https:\/\/cyber-ihedn.fr\/wp-content\/uploads\/2021\/09\/P1000520-2-1024x769.jpg 1024w, https:\/\/cyber-ihedn.fr\/wp-content\/uploads\/2021\/09\/P1000520-2-768x577.jpg 768w, https:\/\/cyber-ihedn.fr\/wp-content\/uploads\/2021\/09\/P1000520-2-1536x1153.jpg 1536w, https:\/\/cyber-ihedn.fr\/wp-content\/uploads\/2021\/09\/P1000520-2-2048x1538.jpg 2048w, https:\/\/cyber-ihedn.fr\/wp-content\/uploads\/2021\/09\/P1000520-2-696x523.jpg 696w, https:\/\/cyber-ihedn.fr\/wp-content\/uploads\/2021\/09\/P1000520-2-1392x1045.jpg 1392w, https:\/\/cyber-ihedn.fr\/wp-content\/uploads\/2021\/09\/P1000520-2-1068x802.jpg 1068w, https:\/\/cyber-ihedn.fr\/wp-content\/uploads\/2021\/09\/P1000520-2-1920x1442.jpg 1920w, https:\/\/cyber-ihedn.fr\/wp-content\/uploads\/2021\/09\/P1000520-2-559x420.jpg 559w, https:\/\/cyber-ihedn.fr\/wp-content\/uploads\/2021\/09\/P1000520-2-1119x840.jpg 1119w, https:\/\/cyber-ihedn.fr\/wp-content\/uploads\/2021\/09\/P1000520-2-80x60.jpg 80w, https:\/\/cyber-ihedn.fr\/wp-content\/uploads\/2021\/09\/P1000520-2-160x120.jpg 160w, https:\/\/cyber-ihedn.fr\/wp-content\/uploads\/2021\/09\/P1000520-2-265x198.jpg 265w, https:\/\/cyber-ihedn.fr\/wp-content\/uploads\/2021\/09\/P1000520-2-530x396.jpg 530w\" alt=\"\" width=\"300\" height=\"225\" \/><\/p>\n<p>Hosted by <a href=\"https:\/\/www.linkedin.com\/in\/marc-watin-augouard-80665b1a6\">General Marc Watin-Augouard<\/a>, workshop <a href=\"https:\/\/fic.app.swapcard.com\/widget\/event\/fic-2021\/planning\/UGxhbm5pbmdfMjE1NTI2\" target=\"_blank\" rel=\"noopener\">PhilosoFIC<\/a>\u00a0brought together more than 150 participants on the theme of<em> \u201cDigital technologies and social acceptability\u201d<\/em><em>, <\/em>at the Grand Palais in Lille on Wednesday 8 September.<\/p>\n<p>The teacher <strong>Jean Peeters<\/strong> offered a summary and perspective of this event, which consisted of two round tables.<\/p>\n<p><img loading=\"lazy\" decoding=\"async\" class=\"size-medium wp-image-3408 aligncenter td-animation-stack-type0-2\" src=\"https:\/\/cyber-ihedn.fr\/wp-content\/uploads\/2021\/09\/Philosophic-2021_1_er-septembreVOKOKOKOK-213x300.jpg\" sizes=\"auto, (max-width: 213px) 100vw, 213px\" srcset=\"https:\/\/cyber-ihedn.fr\/wp-content\/uploads\/2021\/09\/Philosophic-2021_1_er-septembreVOKOKOKOK-213x300.jpg 213w, https:\/\/cyber-ihedn.fr\/wp-content\/uploads\/2021\/09\/Philosophic-2021_1_er-septembreVOKOKOKOK-728x1024.jpg 728w, https:\/\/cyber-ihedn.fr\/wp-content\/uploads\/2021\/09\/Philosophic-2021_1_er-septembreVOKOKOKOK-768x1080.jpg 768w, https:\/\/cyber-ihedn.fr\/wp-content\/uploads\/2021\/09\/Philosophic-2021_1_er-septembreVOKOKOKOK-1093x1536.jpg 1093w, https:\/\/cyber-ihedn.fr\/wp-content\/uploads\/2021\/09\/Philosophic-2021_1_er-septembreVOKOKOKOK-1457x2048.jpg 1457w, https:\/\/cyber-ihedn.fr\/wp-content\/uploads\/2021\/09\/Philosophic-2021_1_er-septembreVOKOKOKOK-696x978.jpg 696w, https:\/\/cyber-ihedn.fr\/wp-content\/uploads\/2021\/09\/Philosophic-2021_1_er-septembreVOKOKOKOK-1392x1957.jpg 1392w, https:\/\/cyber-ihedn.fr\/wp-content\/uploads\/2021\/09\/Philosophic-2021_1_er-septembreVOKOKOKOK-1068x1501.jpg 1068w, https:\/\/cyber-ihedn.fr\/wp-content\/uploads\/2021\/09\/Philosophic-2021_1_er-septembreVOKOKOKOK-299x420.jpg 299w, https:\/\/cyber-ihedn.fr\/wp-content\/uploads\/2021\/09\/Philosophic-2021_1_er-septembreVOKOKOKOK-598x840.jpg 598w, https:\/\/cyber-ihedn.fr\/wp-content\/uploads\/2021\/09\/Philosophic-2021_1_er-septembreVOKOKOKOK.jpg 1789w\" alt=\"\" width=\"213\" height=\"300\" \/><\/p>\n<p>As part of the first round table discussion, Professor <strong>Chantal Delsol<\/strong>, a member of the French Academy of Moral and Political Sciences, and M. <strong>Paul H\u00e9bert<\/strong>, Deputy Director of Compliance at the CNIL, tried to answer the question <em>\u201cAre we the arbiters of the deployment of new technologies or are we the victims?\u201d<\/em>.<\/p>\n<p>The second round table dealt with the issue of \u201c<em>Security - freedom: what balance should be struck in investigations using intrusive technologies?\u201d<\/em> with Mrs. <strong>C\u00e9cile Doutriaux<\/strong>, lawyer, la Colonelle <strong>Fabienne Lopez<\/strong>, head of the Centre for Combating Digital Crime (C3N) at the Gendarmerie Command in Cyberspace (ComCyberGend), and Professor <strong>Thomas Souvignet<\/strong>, specialising in forensic science.<\/p>\n<p>In conclusion, Professor Jean Peeters highlighted the fact that the evolution of our society within a globalised information space is calling into question our model of vertical democracy. In terms of sovereignty, it has to be said that - since control of this space is mainly in the hands of GAFAM - it is North American law that takes precedence in cyberspace. Moreover, the ease of access to cybercrime tools makes it easy to manipulate information, with social networks as the main vectors of dissemination, now a powerful lever for anyone wishing to challenge the legitimacy of States or even the democratic principle. More than just an evolution, this is a lightning revolution. More than ever, the digital technologies that structure our daily lives are dual, in the sense that they are both a source of advantages and disadvantages: tools created to serve and defend us can also harm and attack us. If these technologies are to be socially acceptable, everyone needs to be aware of the importance of remaining in control of their activity in cyberspace, because we leave a trace of it with or without consent.<\/p>\n<\/div>","protected":false},"excerpt":{"rendered":"<p>Le professeur\u00a0Jean Peeters, titulaire de la Chaire\u00a0Cyber et souverainet\u00e9 num\u00e9rique \u2013 IHEDN, est intervenu au Forum International de la Cybers\u00e9curit\u00e9 (FIC 2021) \u00e0 l\u2019occasion d\u2019un atelier sur l\u2019acceptabilit\u00e9 sociale des technologies num\u00e9riques, le 8 septembre 2021.\u00a0 Anim\u00e9 par le g\u00e9n\u00e9ral Marc Watin-Augouard, l\u2019atelier PhilosoFIC\u00a0a rassembl\u00e9 plus de 150 participants autour du th\u00e8me \u201cTechnologies num\u00e9riques et [&hellip;]<\/p>\n","protected":false},"author":2,"featured_media":4867,"comment_status":"open","ping_status":"open","sticky":false,"template":"","format":"standard","meta":{"footnotes":""},"categories":[34,457],"tags":[41,426,402,498,499,427,455],"class_list":{"0":"post-4865","1":"post","2":"type-post","3":"status-publish","4":"format-standard","5":"has-post-thumbnail","7":"category-activites","8":"category-chaire-cyber-et-souverainete-numerique","9":"tag-conference","10":"tag-cyber","11":"tag-cybersecurite","12":"tag-fic","13":"tag-fic-2021","14":"tag-jean-peeters","15":"tag-souverainete-numerique"},"yoast_head":"<!-- This site is optimized with the Yoast SEO plugin v27.4 - https:\/\/yoast.com\/product\/yoast-seo-wordpress\/ -->\n<title>[chaire CYBER] FIC 2021 : Intervention de Jean Peeters sur l\u2019acceptabilit\u00e9 sociale des technologies num\u00e9riques - Fonds de dotation de l&#039;IHEDN<\/title>\n<meta name=\"robots\" content=\"index, follow, max-snippet:-1, max-image-preview:large, max-video-preview:-1\" \/>\n<link rel=\"canonical\" href=\"https:\/\/fdd-ihedn.fr\/en\/cyber-fic-2021-intervention-de-jean-peeters-sur-lacceptabilite-sociale-des-technologies-numeriques\/\" \/>\n<meta property=\"og:locale\" content=\"en_GB\" \/>\n<meta property=\"og:type\" content=\"article\" \/>\n<meta property=\"og:title\" content=\"[chaire CYBER] FIC 2021 : Intervention de Jean Peeters sur l\u2019acceptabilit\u00e9 sociale des technologies num\u00e9riques - Fonds de dotation de l&#039;IHEDN\" \/>\n<meta property=\"og:description\" content=\"Le professeur\u00a0Jean Peeters, titulaire de la Chaire\u00a0Cyber et souverainet\u00e9 num\u00e9rique \u2013 IHEDN, est intervenu au Forum International de la Cybers\u00e9curit\u00e9 (FIC 2021) \u00e0 l\u2019occasion d\u2019un atelier sur l\u2019acceptabilit\u00e9 sociale des technologies num\u00e9riques, le 8 septembre 2021.\u00a0 Anim\u00e9 par le g\u00e9n\u00e9ral Marc Watin-Augouard, l\u2019atelier PhilosoFIC\u00a0a rassembl\u00e9 plus de 150 participants autour du th\u00e8me \u201cTechnologies num\u00e9riques et [&hellip;]\" \/>\n<meta property=\"og:url\" content=\"https:\/\/fdd-ihedn.fr\/en\/cyber-fic-2021-intervention-de-jean-peeters-sur-lacceptabilite-sociale-des-technologies-numeriques\/\" \/>\n<meta property=\"og:site_name\" content=\"Fonds de dotation de l&#039;IHEDN\" \/>\n<meta property=\"article:published_time\" content=\"2021-09-15T12:16:55+00:00\" \/>\n<meta property=\"article:modified_time\" content=\"2024-09-24T11:59:38+00:00\" \/>\n<meta property=\"og:image\" content=\"https:\/\/fdd-ihedn.fr\/wp-content\/uploads\/2021\/09\/FIC-2021.jpg\" \/>\n\t<meta property=\"og:image:width\" content=\"2560\" \/>\n\t<meta property=\"og:image:height\" content=\"1922\" \/>\n\t<meta property=\"og:image:type\" content=\"image\/jpeg\" \/>\n<meta name=\"author\" content=\"Bertrand Demandre\" \/>\n<meta name=\"twitter:card\" content=\"summary_large_image\" \/>\n<meta name=\"twitter:creator\" content=\"@Chaire_Ecodef\" \/>\n<meta name=\"twitter:site\" content=\"@Chaire_Ecodef\" \/>\n<meta name=\"twitter:label1\" content=\"Written by\" \/>\n\t<meta name=\"twitter:data1\" content=\"Bertrand Demandre\" \/>\n\t<meta name=\"twitter:label2\" content=\"Estimated reading time\" \/>\n\t<meta name=\"twitter:data2\" content=\"3 minutes\" \/>\n<script type=\"application\/ld+json\" class=\"yoast-schema-graph\">{\"@context\":\"https:\\\/\\\/schema.org\",\"@graph\":[{\"@type\":\"Article\",\"@id\":\"https:\\\/\\\/fdd-ihedn.fr\\\/cyber-fic-2021-intervention-de-jean-peeters-sur-lacceptabilite-sociale-des-technologies-numeriques\\\/#article\",\"isPartOf\":{\"@id\":\"https:\\\/\\\/fdd-ihedn.fr\\\/cyber-fic-2021-intervention-de-jean-peeters-sur-lacceptabilite-sociale-des-technologies-numeriques\\\/\"},\"author\":{\"name\":\"Bertrand Demandre\",\"@id\":\"https:\\\/\\\/fdd-ihedn.fr\\\/#\\\/schema\\\/person\\\/9fe23d397304e152668f6ba7966b1a64\"},\"headline\":\"[chaire CYBER] FIC 2021 : Intervention de Jean Peeters sur l\u2019acceptabilit\u00e9 sociale des technologies num\u00e9riques\",\"datePublished\":\"2021-09-15T12:16:55+00:00\",\"dateModified\":\"2024-09-24T11:59:38+00:00\",\"mainEntityOfPage\":{\"@id\":\"https:\\\/\\\/fdd-ihedn.fr\\\/cyber-fic-2021-intervention-de-jean-peeters-sur-lacceptabilite-sociale-des-technologies-numeriques\\\/\"},\"wordCount\":454,\"commentCount\":0,\"publisher\":{\"@id\":\"https:\\\/\\\/fdd-ihedn.fr\\\/#organization\"},\"image\":{\"@id\":\"https:\\\/\\\/fdd-ihedn.fr\\\/cyber-fic-2021-intervention-de-jean-peeters-sur-lacceptabilite-sociale-des-technologies-numeriques\\\/#primaryimage\"},\"thumbnailUrl\":\"https:\\\/\\\/fdd-ihedn.fr\\\/wp-content\\\/uploads\\\/2021\\\/09\\\/FIC-2021.jpg\",\"keywords\":[\"conf\u00e9rence\",\"cyber\",\"cybers\u00e9curit\u00e9\",\"fic\",\"fic 2021\",\"Jean Peeters\",\"souverainet\u00e9 num\u00e9rique\"],\"articleSection\":[\"Activit\u00e9s\",\"Chaire Cyber et souverainet\u00e9 num\u00e9rique\"],\"inLanguage\":\"en-GB\",\"potentialAction\":[{\"@type\":\"CommentAction\",\"name\":\"Comment\",\"target\":[\"https:\\\/\\\/fdd-ihedn.fr\\\/cyber-fic-2021-intervention-de-jean-peeters-sur-lacceptabilite-sociale-des-technologies-numeriques\\\/#respond\"]}]},{\"@type\":\"WebPage\",\"@id\":\"https:\\\/\\\/fdd-ihedn.fr\\\/cyber-fic-2021-intervention-de-jean-peeters-sur-lacceptabilite-sociale-des-technologies-numeriques\\\/\",\"url\":\"https:\\\/\\\/fdd-ihedn.fr\\\/cyber-fic-2021-intervention-de-jean-peeters-sur-lacceptabilite-sociale-des-technologies-numeriques\\\/\",\"name\":\"[chaire CYBER] FIC 2021 : Intervention de Jean Peeters sur l\u2019acceptabilit\u00e9 sociale des technologies num\u00e9riques - Fonds de dotation de l&#039;IHEDN\",\"isPartOf\":{\"@id\":\"https:\\\/\\\/fdd-ihedn.fr\\\/#website\"},\"primaryImageOfPage\":{\"@id\":\"https:\\\/\\\/fdd-ihedn.fr\\\/cyber-fic-2021-intervention-de-jean-peeters-sur-lacceptabilite-sociale-des-technologies-numeriques\\\/#primaryimage\"},\"image\":{\"@id\":\"https:\\\/\\\/fdd-ihedn.fr\\\/cyber-fic-2021-intervention-de-jean-peeters-sur-lacceptabilite-sociale-des-technologies-numeriques\\\/#primaryimage\"},\"thumbnailUrl\":\"https:\\\/\\\/fdd-ihedn.fr\\\/wp-content\\\/uploads\\\/2021\\\/09\\\/FIC-2021.jpg\",\"datePublished\":\"2021-09-15T12:16:55+00:00\",\"dateModified\":\"2024-09-24T11:59:38+00:00\",\"breadcrumb\":{\"@id\":\"https:\\\/\\\/fdd-ihedn.fr\\\/cyber-fic-2021-intervention-de-jean-peeters-sur-lacceptabilite-sociale-des-technologies-numeriques\\\/#breadcrumb\"},\"inLanguage\":\"en-GB\",\"potentialAction\":[{\"@type\":\"ReadAction\",\"target\":[\"https:\\\/\\\/fdd-ihedn.fr\\\/cyber-fic-2021-intervention-de-jean-peeters-sur-lacceptabilite-sociale-des-technologies-numeriques\\\/\"]}]},{\"@type\":\"ImageObject\",\"inLanguage\":\"en-GB\",\"@id\":\"https:\\\/\\\/fdd-ihedn.fr\\\/cyber-fic-2021-intervention-de-jean-peeters-sur-lacceptabilite-sociale-des-technologies-numeriques\\\/#primaryimage\",\"url\":\"https:\\\/\\\/fdd-ihedn.fr\\\/wp-content\\\/uploads\\\/2021\\\/09\\\/FIC-2021.jpg\",\"contentUrl\":\"https:\\\/\\\/fdd-ihedn.fr\\\/wp-content\\\/uploads\\\/2021\\\/09\\\/FIC-2021.jpg\",\"width\":2560,\"height\":1922},{\"@type\":\"BreadcrumbList\",\"@id\":\"https:\\\/\\\/fdd-ihedn.fr\\\/cyber-fic-2021-intervention-de-jean-peeters-sur-lacceptabilite-sociale-des-technologies-numeriques\\\/#breadcrumb\",\"itemListElement\":[{\"@type\":\"ListItem\",\"position\":1,\"name\":\"Accueil\",\"item\":\"https:\\\/\\\/fdd-ihedn.fr\\\/\"},{\"@type\":\"ListItem\",\"position\":2,\"name\":\"[chaire CYBER] FIC 2021 : Intervention de Jean Peeters sur l\u2019acceptabilit\u00e9 sociale des technologies num\u00e9riques\"}]},{\"@type\":\"WebSite\",\"@id\":\"https:\\\/\\\/fdd-ihedn.fr\\\/#website\",\"url\":\"https:\\\/\\\/fdd-ihedn.fr\\\/\",\"name\":\"Fonds de dotation de l&#039;IHEDN\",\"description\":\"Des projets innovants d\u00e9velopp\u00e9s pour l&#039;IHEDN gr\u00e2ce au m\u00e9c\u00e9nat\",\"publisher\":{\"@id\":\"https:\\\/\\\/fdd-ihedn.fr\\\/#organization\"},\"potentialAction\":[{\"@type\":\"SearchAction\",\"target\":{\"@type\":\"EntryPoint\",\"urlTemplate\":\"https:\\\/\\\/fdd-ihedn.fr\\\/?s={search_term_string}\"},\"query-input\":{\"@type\":\"PropertyValueSpecification\",\"valueRequired\":true,\"valueName\":\"search_term_string\"}}],\"inLanguage\":\"en-GB\"},{\"@type\":\"Organization\",\"@id\":\"https:\\\/\\\/fdd-ihedn.fr\\\/#organization\",\"name\":\"Chaire \u00c9conomie de d\u00e9fense - IHEDN\",\"url\":\"https:\\\/\\\/fdd-ihedn.fr\\\/\",\"logo\":{\"@type\":\"ImageObject\",\"inLanguage\":\"en-GB\",\"@id\":\"https:\\\/\\\/fdd-ihedn.fr\\\/#\\\/schema\\\/logo\\\/image\\\/\",\"url\":\"https:\\\/\\\/fdd-ihedn.fr\\\/wp-content\\\/uploads\\\/2020\\\/04\\\/logoEcodef9.jpg\",\"contentUrl\":\"https:\\\/\\\/fdd-ihedn.fr\\\/wp-content\\\/uploads\\\/2020\\\/04\\\/logoEcodef9.jpg\",\"width\":410,\"height\":212,\"caption\":\"Chaire \u00c9conomie de d\u00e9fense - IHEDN\"},\"image\":{\"@id\":\"https:\\\/\\\/fdd-ihedn.fr\\\/#\\\/schema\\\/logo\\\/image\\\/\"},\"sameAs\":[\"https:\\\/\\\/x.com\\\/Chaire_Ecodef\",\"https:\\\/\\\/www.linkedin.com\\\/company\\\/chaire-ecodef-ihedn\\\/\"]},{\"@type\":\"Person\",\"@id\":\"https:\\\/\\\/fdd-ihedn.fr\\\/#\\\/schema\\\/person\\\/9fe23d397304e152668f6ba7966b1a64\",\"name\":\"Bertrand Demandre\",\"image\":{\"@type\":\"ImageObject\",\"inLanguage\":\"en-GB\",\"@id\":\"https:\\\/\\\/secure.gravatar.com\\\/avatar\\\/d9c9746d6c900ab5b9c0f9b1fa3932e369da923da247d624b8f7ab4ba8a3c093?s=96&d=mm&r=g\",\"url\":\"https:\\\/\\\/secure.gravatar.com\\\/avatar\\\/d9c9746d6c900ab5b9c0f9b1fa3932e369da923da247d624b8f7ab4ba8a3c093?s=96&d=mm&r=g\",\"contentUrl\":\"https:\\\/\\\/secure.gravatar.com\\\/avatar\\\/d9c9746d6c900ab5b9c0f9b1fa3932e369da923da247d624b8f7ab4ba8a3c093?s=96&d=mm&r=g\",\"caption\":\"Bertrand Demandre\"},\"url\":\"https:\\\/\\\/fdd-ihedn.fr\\\/en\\\/author\\\/bertrand\\\/\"}]}<\/script>\n<!-- \/ Yoast SEO plugin. -->","yoast_head_json":{"title":"[chaire CYBER] FIC 2021 : Intervention de Jean Peeters sur l\u2019acceptabilit\u00e9 sociale des technologies num\u00e9riques - Fonds de dotation de l&#039;IHEDN","robots":{"index":"index","follow":"follow","max-snippet":"max-snippet:-1","max-image-preview":"max-image-preview:large","max-video-preview":"max-video-preview:-1"},"canonical":"https:\/\/fdd-ihedn.fr\/en\/cyber-fic-2021-intervention-de-jean-peeters-sur-lacceptabilite-sociale-des-technologies-numeriques\/","og_locale":"en_GB","og_type":"article","og_title":"[chaire CYBER] FIC 2021 : Intervention de Jean Peeters sur l\u2019acceptabilit\u00e9 sociale des technologies num\u00e9riques - Fonds de dotation de l&#039;IHEDN","og_description":"Le professeur\u00a0Jean Peeters, titulaire de la Chaire\u00a0Cyber et souverainet\u00e9 num\u00e9rique \u2013 IHEDN, est intervenu au Forum International de la Cybers\u00e9curit\u00e9 (FIC 2021) \u00e0 l\u2019occasion d\u2019un atelier sur l\u2019acceptabilit\u00e9 sociale des technologies num\u00e9riques, le 8 septembre 2021.\u00a0 Anim\u00e9 par le g\u00e9n\u00e9ral Marc Watin-Augouard, l\u2019atelier PhilosoFIC\u00a0a rassembl\u00e9 plus de 150 participants autour du th\u00e8me \u201cTechnologies num\u00e9riques et [&hellip;]","og_url":"https:\/\/fdd-ihedn.fr\/en\/cyber-fic-2021-intervention-de-jean-peeters-sur-lacceptabilite-sociale-des-technologies-numeriques\/","og_site_name":"Fonds de dotation de l&#039;IHEDN","article_published_time":"2021-09-15T12:16:55+00:00","article_modified_time":"2024-09-24T11:59:38+00:00","og_image":[{"width":2560,"height":1922,"url":"https:\/\/fdd-ihedn.fr\/wp-content\/uploads\/2021\/09\/FIC-2021.jpg","type":"image\/jpeg"}],"author":"Bertrand Demandre","twitter_card":"summary_large_image","twitter_creator":"@Chaire_Ecodef","twitter_site":"@Chaire_Ecodef","twitter_misc":{"Written by":"Bertrand Demandre","Estimated reading time":"3 minutes"},"schema":{"@context":"https:\/\/schema.org","@graph":[{"@type":"Article","@id":"https:\/\/fdd-ihedn.fr\/cyber-fic-2021-intervention-de-jean-peeters-sur-lacceptabilite-sociale-des-technologies-numeriques\/#article","isPartOf":{"@id":"https:\/\/fdd-ihedn.fr\/cyber-fic-2021-intervention-de-jean-peeters-sur-lacceptabilite-sociale-des-technologies-numeriques\/"},"author":{"name":"Bertrand Demandre","@id":"https:\/\/fdd-ihedn.fr\/#\/schema\/person\/9fe23d397304e152668f6ba7966b1a64"},"headline":"[chaire CYBER] FIC 2021 : Intervention de Jean Peeters sur l\u2019acceptabilit\u00e9 sociale des technologies num\u00e9riques","datePublished":"2021-09-15T12:16:55+00:00","dateModified":"2024-09-24T11:59:38+00:00","mainEntityOfPage":{"@id":"https:\/\/fdd-ihedn.fr\/cyber-fic-2021-intervention-de-jean-peeters-sur-lacceptabilite-sociale-des-technologies-numeriques\/"},"wordCount":454,"commentCount":0,"publisher":{"@id":"https:\/\/fdd-ihedn.fr\/#organization"},"image":{"@id":"https:\/\/fdd-ihedn.fr\/cyber-fic-2021-intervention-de-jean-peeters-sur-lacceptabilite-sociale-des-technologies-numeriques\/#primaryimage"},"thumbnailUrl":"https:\/\/fdd-ihedn.fr\/wp-content\/uploads\/2021\/09\/FIC-2021.jpg","keywords":["conf\u00e9rence","cyber","cybers\u00e9curit\u00e9","fic","fic 2021","Jean Peeters","souverainet\u00e9 num\u00e9rique"],"articleSection":["Activit\u00e9s","Chaire Cyber et souverainet\u00e9 num\u00e9rique"],"inLanguage":"en-GB","potentialAction":[{"@type":"CommentAction","name":"Comment","target":["https:\/\/fdd-ihedn.fr\/cyber-fic-2021-intervention-de-jean-peeters-sur-lacceptabilite-sociale-des-technologies-numeriques\/#respond"]}]},{"@type":"WebPage","@id":"https:\/\/fdd-ihedn.fr\/cyber-fic-2021-intervention-de-jean-peeters-sur-lacceptabilite-sociale-des-technologies-numeriques\/","url":"https:\/\/fdd-ihedn.fr\/cyber-fic-2021-intervention-de-jean-peeters-sur-lacceptabilite-sociale-des-technologies-numeriques\/","name":"[chaire CYBER] FIC 2021 : Intervention de Jean Peeters sur l\u2019acceptabilit\u00e9 sociale des technologies num\u00e9riques - Fonds de dotation de l&#039;IHEDN","isPartOf":{"@id":"https:\/\/fdd-ihedn.fr\/#website"},"primaryImageOfPage":{"@id":"https:\/\/fdd-ihedn.fr\/cyber-fic-2021-intervention-de-jean-peeters-sur-lacceptabilite-sociale-des-technologies-numeriques\/#primaryimage"},"image":{"@id":"https:\/\/fdd-ihedn.fr\/cyber-fic-2021-intervention-de-jean-peeters-sur-lacceptabilite-sociale-des-technologies-numeriques\/#primaryimage"},"thumbnailUrl":"https:\/\/fdd-ihedn.fr\/wp-content\/uploads\/2021\/09\/FIC-2021.jpg","datePublished":"2021-09-15T12:16:55+00:00","dateModified":"2024-09-24T11:59:38+00:00","breadcrumb":{"@id":"https:\/\/fdd-ihedn.fr\/cyber-fic-2021-intervention-de-jean-peeters-sur-lacceptabilite-sociale-des-technologies-numeriques\/#breadcrumb"},"inLanguage":"en-GB","potentialAction":[{"@type":"ReadAction","target":["https:\/\/fdd-ihedn.fr\/cyber-fic-2021-intervention-de-jean-peeters-sur-lacceptabilite-sociale-des-technologies-numeriques\/"]}]},{"@type":"ImageObject","inLanguage":"en-GB","@id":"https:\/\/fdd-ihedn.fr\/cyber-fic-2021-intervention-de-jean-peeters-sur-lacceptabilite-sociale-des-technologies-numeriques\/#primaryimage","url":"https:\/\/fdd-ihedn.fr\/wp-content\/uploads\/2021\/09\/FIC-2021.jpg","contentUrl":"https:\/\/fdd-ihedn.fr\/wp-content\/uploads\/2021\/09\/FIC-2021.jpg","width":2560,"height":1922},{"@type":"BreadcrumbList","@id":"https:\/\/fdd-ihedn.fr\/cyber-fic-2021-intervention-de-jean-peeters-sur-lacceptabilite-sociale-des-technologies-numeriques\/#breadcrumb","itemListElement":[{"@type":"ListItem","position":1,"name":"Accueil","item":"https:\/\/fdd-ihedn.fr\/"},{"@type":"ListItem","position":2,"name":"[chaire CYBER] FIC 2021 : Intervention de Jean Peeters sur l\u2019acceptabilit\u00e9 sociale des technologies num\u00e9riques"}]},{"@type":"WebSite","@id":"https:\/\/fdd-ihedn.fr\/#website","url":"https:\/\/fdd-ihedn.fr\/","name":"IHEDN Endowment Fund","description":"Innovative projects developed for IHEDN thanks to sponsorship","publisher":{"@id":"https:\/\/fdd-ihedn.fr\/#organization"},"potentialAction":[{"@type":"SearchAction","target":{"@type":"EntryPoint","urlTemplate":"https:\/\/fdd-ihedn.fr\/?s={search_term_string}"},"query-input":{"@type":"PropertyValueSpecification","valueRequired":true,"valueName":"search_term_string"}}],"inLanguage":"en-GB"},{"@type":"Organization","@id":"https:\/\/fdd-ihedn.fr\/#organization","name":"Chair in Defence Economics - IHEDN","url":"https:\/\/fdd-ihedn.fr\/","logo":{"@type":"ImageObject","inLanguage":"en-GB","@id":"https:\/\/fdd-ihedn.fr\/#\/schema\/logo\/image\/","url":"https:\/\/fdd-ihedn.fr\/wp-content\/uploads\/2020\/04\/logoEcodef9.jpg","contentUrl":"https:\/\/fdd-ihedn.fr\/wp-content\/uploads\/2020\/04\/logoEcodef9.jpg","width":410,"height":212,"caption":"Chaire \u00c9conomie de d\u00e9fense - IHEDN"},"image":{"@id":"https:\/\/fdd-ihedn.fr\/#\/schema\/logo\/image\/"},"sameAs":["https:\/\/x.com\/Chaire_Ecodef","https:\/\/www.linkedin.com\/company\/chaire-ecodef-ihedn\/"]},{"@type":"Person","@id":"https:\/\/fdd-ihedn.fr\/#\/schema\/person\/9fe23d397304e152668f6ba7966b1a64","name":"Bertrand Demandre","image":{"@type":"ImageObject","inLanguage":"en-GB","@id":"https:\/\/secure.gravatar.com\/avatar\/d9c9746d6c900ab5b9c0f9b1fa3932e369da923da247d624b8f7ab4ba8a3c093?s=96&d=mm&r=g","url":"https:\/\/secure.gravatar.com\/avatar\/d9c9746d6c900ab5b9c0f9b1fa3932e369da923da247d624b8f7ab4ba8a3c093?s=96&d=mm&r=g","contentUrl":"https:\/\/secure.gravatar.com\/avatar\/d9c9746d6c900ab5b9c0f9b1fa3932e369da923da247d624b8f7ab4ba8a3c093?s=96&d=mm&r=g","caption":"Bertrand Demandre"},"url":"https:\/\/fdd-ihedn.fr\/en\/author\/bertrand\/"}]}},"_links":{"self":[{"href":"https:\/\/fdd-ihedn.fr\/en\/wp-json\/wp\/v2\/posts\/4865","targetHints":{"allow":["GET"]}}],"collection":[{"href":"https:\/\/fdd-ihedn.fr\/en\/wp-json\/wp\/v2\/posts"}],"about":[{"href":"https:\/\/fdd-ihedn.fr\/en\/wp-json\/wp\/v2\/types\/post"}],"author":[{"embeddable":true,"href":"https:\/\/fdd-ihedn.fr\/en\/wp-json\/wp\/v2\/users\/2"}],"replies":[{"embeddable":true,"href":"https:\/\/fdd-ihedn.fr\/en\/wp-json\/wp\/v2\/comments?post=4865"}],"version-history":[{"count":3,"href":"https:\/\/fdd-ihedn.fr\/en\/wp-json\/wp\/v2\/posts\/4865\/revisions"}],"predecessor-version":[{"id":5652,"href":"https:\/\/fdd-ihedn.fr\/en\/wp-json\/wp\/v2\/posts\/4865\/revisions\/5652"}],"wp:featuredmedia":[{"embeddable":true,"href":"https:\/\/fdd-ihedn.fr\/en\/wp-json\/wp\/v2\/media\/4867"}],"wp:attachment":[{"href":"https:\/\/fdd-ihedn.fr\/en\/wp-json\/wp\/v2\/media?parent=4865"}],"wp:term":[{"taxonomy":"category","embeddable":true,"href":"https:\/\/fdd-ihedn.fr\/en\/wp-json\/wp\/v2\/categories?post=4865"},{"taxonomy":"post_tag","embeddable":true,"href":"https:\/\/fdd-ihedn.fr\/en\/wp-json\/wp\/v2\/tags?post=4865"}],"curies":[{"name":"wp","href":"https:\/\/api.w.org\/{rel}","templated":true}]}}