{"id":4804,"date":"2021-06-23T10:09:31","date_gmt":"2021-06-23T08:09:31","guid":{"rendered":"https:\/\/fdd-ihedn.fr\/?p=4804"},"modified":"2024-09-24T13:59:54","modified_gmt":"2024-09-24T11:59:54","slug":"chaire-ecodef-la-chaire-lance-sa-serie-de-webinaires-le-7-juillet-2021-avec-le-theme-de-linvestissement-de-defense","status":"publish","type":"post","link":"https:\/\/fdd-ihedn.fr\/en\/chaire-ecodef-la-chaire-lance-sa-serie-de-webinaires-le-7-juillet-2021-avec-le-theme-de-linvestissement-de-defense\/","title":{"rendered":"[chaire ECODEF] Les entretiens de l\u2019ECODEF #1 : La Chaire lance sa s\u00e9rie de webinaires le 7 juillet 2021 avec le th\u00e8me de l\u2019investissement de d\u00e9fense"},"content":{"rendered":"<div class=\"wp-block-image\">\r\n<figure class=\"aligncenter size-large\"><img decoding=\"async\" class=\"wp-image-3561\" src=\"https:\/\/ecodef-ihedn.fr\/wp-content\/uploads\/2021\/06\/CHAIRE-ECODEF-IHEDN-Invitation-Webinaire-07-2021-Option-1-Frutiger-vf-1-1024x513.jpg\" alt=\"\" \/><\/figure>\r\n<\/div>\r\n\r\n\r\n\r\n<p class=\"has-text-align-center\" style=\"text-align: center;\"><strong>Wednesday 7 July 2021 | 8.30am - 9.30am<br \/><\/strong>On line<\/p>\r\n\r\n\r\n\r\n\r\n\r\n<p>To raise awareness of the economic stakes involved in defence activities, the\u00a0<strong>Chair in Defence Economics - IHEDN<\/strong>\u00a0took the initiative of proposing<strong>\u00a0\u00abThe ECODEF talks\u00bb<\/strong>. You will have the opportunity to take part in regular webinars during which the results of the Chair's work will be presented to you in the form of an interview.<\/p>\r\n\r\n\r\n\r\n<p>As such, we invite you to take part in the\u00a0<strong>Wednesday 7 July at 8.30am<\/strong>\u00a0to its first webinar on :<\/p>\r\n\r\n\r\n\r\n<h4 class=\"has-text-align-center wp-block-heading\"><strong><em>Defence investment: What contribution<\/em><\/strong><\/h4>\r\n\r\n\r\n\r\n<h4 class=\"has-text-align-center wp-block-heading\"><strong><em> in the face of today's economic challenges?<\/em><\/strong><\/h4>\r\n\r\n\r\n\r\n<p><em>Given the major economic challenges currently facing our country, such as restoring economic and industrial sovereignty and reducing budget and trade deficits, this webinar will provide an opportunity to understand and appreciate the contribution of defence investment to meeting these challenges.<\/em><\/p>\r\n\r\n\r\n\r\n<p><strong>Discussants:<\/strong><\/p>\r\n\r\n\r\n\r\n<ul class=\"wp-block-list\">\r\n<li><strong>Julien Malizard<\/strong> (Deputy holder of the Chair in Defence Economics - IHEDN)<\/li>\r\n<li><strong>Olivier Martin <\/strong>(Chairman of the Steering Committee of the Defence Economics Chair - IHEDN)<\/li>\r\n<\/ul>\r\n<p style=\"text-align: center;\"><a class=\"wp-block-button__link\" href=\"https:\/\/e0f9a6fe.sibforms.com\/serve\/MUIEADJF4Ck1R8mAmC2KEcQLhCwDEvTplcQdhWZWbTmeHDgi5rVcHDrKZeqQn2ao1wARRDic7QqYDZ8qDglssSgV4PYIq6iBJYxDA5Wd-NA_7t22vyBFNnHixJVRmsC5sUWWyuaupmOQg4otHIhMhllw07XfvaZer-JEOKiryeQRS-x-mz-hH7ZUFJJxe3z8Ch5pzsivTY3lQ2at\" target=\"_blank\" rel=\"https:\/\/e0f9a6fe.sibforms.com\/serve\/MUIEADJF4Ck1R8mAmC2KEcQLhCwDEvTplcQdhWZWbTmeHDgi5rVcHDrKZeqQn2ao1wARRDic7QqYDZ8qDglssSgV4PYIq6iBJYxDA5Wd-NA_7t22vyBFNnHixJVRmsC5sUWWyuaupmOQg4otHIhMhllw07XfvaZer-JEOKiryeQRS-x-mz-hH7ZUFJJxe3z8Ch5pzsivTY3lQ2at noopener\">Registration form<\/a><\/p>\r\n<div class=\"wp-block-buttons is-content-justification-center\"><\/div>\r\n<!-- \/wp:post-content -->\r\n\r\n<!-- wp:paragraph {\"align\":\"center\"} -->\r\n<p class=\"has-text-align-center\"><strong>Applications will close on Monday 5 July 2021.<\/strong><\/p>\r\n<!-- \/wp:paragraph -->\r\n\r\n<!-- wp:paragraph -->\r\n<p><em>Connection details will be sent the day before the event to those whose registration has been confirmed by the organiser.<\/em><\/p>\r\n<!-- \/wp:paragraph -->","protected":false},"excerpt":{"rendered":"<p>Mercredi 7 juillet 2021 | 8h30 &#8211; 9h30En ligne Afin de mieux faire conna\u00eetre les enjeux \u00e9conomiques des activit\u00e9s de d\u00e9fense, la\u00a0Chaire \u00c9conomie de d\u00e9fense &#8211; IHEDN\u00a0a pris l&rsquo;initiative de proposer\u00a0\u00ab\u00a0Les entretiens de l&rsquo;ECODEF\u00a0\u00bb. Vous aurez ainsi la possibilit\u00e9 participer de fa\u00e7on r\u00e9guli\u00e8re \u00e0 des webinaires au cours desquels les r\u00e9sultats des travaux de la [&hellip;]<\/p>\n","protected":false},"author":2,"featured_media":4806,"comment_status":"open","ping_status":"open","sticky":false,"template":"","format":"standard","meta":{"footnotes":""},"categories":[34,438],"tags":[162,41,448,329,38,75,495,86,496,497],"class_list":{"0":"post-4804","1":"post","2":"type-post","3":"status-publish","4":"format-standard","5":"has-post-thumbnail","7":"category-activites","8":"category-chaire-economie-de-defense","9":"tag-chaire-economie-de-defense","10":"tag-conference","11":"tag-ecodef","12":"tag-enjeux-economiques","13":"tag-ihedn","14":"tag-investissement","15":"tag-investissements-de-defense","16":"tag-julien-malizard","17":"tag-les-entretiens-de-lecodef","18":"tag-webinaire"},"yoast_head":"<!-- This site is optimized with the Yoast SEO plugin v27.4 - https:\/\/yoast.com\/product\/yoast-seo-wordpress\/ -->\n<title>[chaire ECODEF] Les entretiens de l\u2019ECODEF #1 : La Chaire lance sa s\u00e9rie de webinaires le 7 juillet 2021 avec le th\u00e8me de l\u2019investissement de d\u00e9fense - Fonds de dotation de l&#039;IHEDN<\/title>\n<meta name=\"robots\" content=\"index, follow, max-snippet:-1, max-image-preview:large, max-video-preview:-1\" \/>\n<link rel=\"canonical\" href=\"https:\/\/fdd-ihedn.fr\/en\/chaire-ecodef-la-chaire-lance-sa-serie-de-webinaires-le-7-juillet-2021-avec-le-theme-de-linvestissement-de-defense\/\" \/>\n<meta property=\"og:locale\" content=\"en_GB\" \/>\n<meta property=\"og:type\" content=\"article\" \/>\n<meta property=\"og:title\" content=\"[chaire ECODEF] Les entretiens de l\u2019ECODEF #1 : La Chaire lance sa s\u00e9rie de webinaires le 7 juillet 2021 avec le th\u00e8me de l\u2019investissement de d\u00e9fense - Fonds de dotation de l&#039;IHEDN\" \/>\n<meta property=\"og:description\" content=\"Mercredi 7 juillet 2021 | 8h30 &#8211; 9h30En ligne Afin de mieux faire conna\u00eetre les enjeux \u00e9conomiques des activit\u00e9s de d\u00e9fense, la\u00a0Chaire \u00c9conomie de d\u00e9fense &#8211; IHEDN\u00a0a pris l&rsquo;initiative de proposer\u00a0\u00ab\u00a0Les entretiens de l&rsquo;ECODEF\u00a0\u00bb. Vous aurez ainsi la possibilit\u00e9 participer de fa\u00e7on r\u00e9guli\u00e8re \u00e0 des webinaires au cours desquels les r\u00e9sultats des travaux de la [&hellip;]\" \/>\n<meta property=\"og:url\" content=\"https:\/\/fdd-ihedn.fr\/en\/chaire-ecodef-la-chaire-lance-sa-serie-de-webinaires-le-7-juillet-2021-avec-le-theme-de-linvestissement-de-defense\/\" \/>\n<meta property=\"og:site_name\" content=\"Fonds de dotation de l&#039;IHEDN\" \/>\n<meta property=\"article:published_time\" content=\"2021-06-23T08:09:31+00:00\" \/>\n<meta property=\"article:modified_time\" content=\"2024-09-24T11:59:54+00:00\" \/>\n<meta property=\"og:image\" content=\"https:\/\/fdd-ihedn.fr\/wp-content\/uploads\/2021\/06\/CHAIRE-ECODEF-IHEDN-Invitation-Webinaire-07-2021.jpg\" \/>\n\t<meta property=\"og:image:width\" content=\"1817\" \/>\n\t<meta property=\"og:image:height\" content=\"1363\" \/>\n\t<meta property=\"og:image:type\" content=\"image\/jpeg\" \/>\n<meta name=\"author\" content=\"Bertrand Demandre\" \/>\n<meta name=\"twitter:card\" content=\"summary_large_image\" \/>\n<meta name=\"twitter:creator\" content=\"@Chaire_Ecodef\" \/>\n<meta name=\"twitter:site\" content=\"@Chaire_Ecodef\" \/>\n<meta name=\"twitter:label1\" content=\"Written by\" \/>\n\t<meta name=\"twitter:data1\" content=\"Bertrand Demandre\" \/>\n\t<meta name=\"twitter:label2\" content=\"Estimated reading time\" \/>\n\t<meta name=\"twitter:data2\" content=\"2 minutes\" \/>\n<script type=\"application\/ld+json\" class=\"yoast-schema-graph\">{\"@context\":\"https:\\\/\\\/schema.org\",\"@graph\":[{\"@type\":\"Article\",\"@id\":\"https:\\\/\\\/fdd-ihedn.fr\\\/chaire-ecodef-la-chaire-lance-sa-serie-de-webinaires-le-7-juillet-2021-avec-le-theme-de-linvestissement-de-defense\\\/#article\",\"isPartOf\":{\"@id\":\"https:\\\/\\\/fdd-ihedn.fr\\\/chaire-ecodef-la-chaire-lance-sa-serie-de-webinaires-le-7-juillet-2021-avec-le-theme-de-linvestissement-de-defense\\\/\"},\"author\":{\"name\":\"Bertrand Demandre\",\"@id\":\"https:\\\/\\\/fdd-ihedn.fr\\\/#\\\/schema\\\/person\\\/9fe23d397304e152668f6ba7966b1a64\"},\"headline\":\"[chaire ECODEF] Les entretiens de l\u2019ECODEF #1 : La Chaire lance sa s\u00e9rie de webinaires le 7 juillet 2021 avec le th\u00e8me de l\u2019investissement de d\u00e9fense\",\"datePublished\":\"2021-06-23T08:09:31+00:00\",\"dateModified\":\"2024-09-24T11:59:54+00:00\",\"mainEntityOfPage\":{\"@id\":\"https:\\\/\\\/fdd-ihedn.fr\\\/chaire-ecodef-la-chaire-lance-sa-serie-de-webinaires-le-7-juillet-2021-avec-le-theme-de-linvestissement-de-defense\\\/\"},\"wordCount\":253,\"commentCount\":0,\"publisher\":{\"@id\":\"https:\\\/\\\/fdd-ihedn.fr\\\/#organization\"},\"image\":{\"@id\":\"https:\\\/\\\/fdd-ihedn.fr\\\/chaire-ecodef-la-chaire-lance-sa-serie-de-webinaires-le-7-juillet-2021-avec-le-theme-de-linvestissement-de-defense\\\/#primaryimage\"},\"thumbnailUrl\":\"https:\\\/\\\/fdd-ihedn.fr\\\/wp-content\\\/uploads\\\/2021\\\/06\\\/CHAIRE-ECODEF-IHEDN-Invitation-Webinaire-07-2021.jpg\",\"keywords\":[\"chaire \u00e9conomie de d\u00e9fense\",\"conf\u00e9rence\",\"ECODEF\",\"enjeux \u00e9conomiques\",\"IHEDN\",\"investissement\",\"investissements de d\u00e9fense\",\"Julien Malizard\",\"les entretiens de l'ecodef\",\"webinaire\"],\"articleSection\":[\"Activit\u00e9s\",\"Chaire \u00c9conomie de d\u00e9fense\"],\"inLanguage\":\"en-GB\",\"potentialAction\":[{\"@type\":\"CommentAction\",\"name\":\"Comment\",\"target\":[\"https:\\\/\\\/fdd-ihedn.fr\\\/chaire-ecodef-la-chaire-lance-sa-serie-de-webinaires-le-7-juillet-2021-avec-le-theme-de-linvestissement-de-defense\\\/#respond\"]}]},{\"@type\":\"WebPage\",\"@id\":\"https:\\\/\\\/fdd-ihedn.fr\\\/chaire-ecodef-la-chaire-lance-sa-serie-de-webinaires-le-7-juillet-2021-avec-le-theme-de-linvestissement-de-defense\\\/\",\"url\":\"https:\\\/\\\/fdd-ihedn.fr\\\/chaire-ecodef-la-chaire-lance-sa-serie-de-webinaires-le-7-juillet-2021-avec-le-theme-de-linvestissement-de-defense\\\/\",\"name\":\"[chaire ECODEF] Les entretiens de l\u2019ECODEF #1 : La Chaire lance sa s\u00e9rie de webinaires le 7 juillet 2021 avec le th\u00e8me de l\u2019investissement de d\u00e9fense - Fonds de dotation de l&#039;IHEDN\",\"isPartOf\":{\"@id\":\"https:\\\/\\\/fdd-ihedn.fr\\\/#website\"},\"primaryImageOfPage\":{\"@id\":\"https:\\\/\\\/fdd-ihedn.fr\\\/chaire-ecodef-la-chaire-lance-sa-serie-de-webinaires-le-7-juillet-2021-avec-le-theme-de-linvestissement-de-defense\\\/#primaryimage\"},\"image\":{\"@id\":\"https:\\\/\\\/fdd-ihedn.fr\\\/chaire-ecodef-la-chaire-lance-sa-serie-de-webinaires-le-7-juillet-2021-avec-le-theme-de-linvestissement-de-defense\\\/#primaryimage\"},\"thumbnailUrl\":\"https:\\\/\\\/fdd-ihedn.fr\\\/wp-content\\\/uploads\\\/2021\\\/06\\\/CHAIRE-ECODEF-IHEDN-Invitation-Webinaire-07-2021.jpg\",\"datePublished\":\"2021-06-23T08:09:31+00:00\",\"dateModified\":\"2024-09-24T11:59:54+00:00\",\"breadcrumb\":{\"@id\":\"https:\\\/\\\/fdd-ihedn.fr\\\/chaire-ecodef-la-chaire-lance-sa-serie-de-webinaires-le-7-juillet-2021-avec-le-theme-de-linvestissement-de-defense\\\/#breadcrumb\"},\"inLanguage\":\"en-GB\",\"potentialAction\":[{\"@type\":\"ReadAction\",\"target\":[\"https:\\\/\\\/fdd-ihedn.fr\\\/chaire-ecodef-la-chaire-lance-sa-serie-de-webinaires-le-7-juillet-2021-avec-le-theme-de-linvestissement-de-defense\\\/\"]}]},{\"@type\":\"ImageObject\",\"inLanguage\":\"en-GB\",\"@id\":\"https:\\\/\\\/fdd-ihedn.fr\\\/chaire-ecodef-la-chaire-lance-sa-serie-de-webinaires-le-7-juillet-2021-avec-le-theme-de-linvestissement-de-defense\\\/#primaryimage\",\"url\":\"https:\\\/\\\/fdd-ihedn.fr\\\/wp-content\\\/uploads\\\/2021\\\/06\\\/CHAIRE-ECODEF-IHEDN-Invitation-Webinaire-07-2021.jpg\",\"contentUrl\":\"https:\\\/\\\/fdd-ihedn.fr\\\/wp-content\\\/uploads\\\/2021\\\/06\\\/CHAIRE-ECODEF-IHEDN-Invitation-Webinaire-07-2021.jpg\",\"width\":1817,\"height\":1363},{\"@type\":\"BreadcrumbList\",\"@id\":\"https:\\\/\\\/fdd-ihedn.fr\\\/chaire-ecodef-la-chaire-lance-sa-serie-de-webinaires-le-7-juillet-2021-avec-le-theme-de-linvestissement-de-defense\\\/#breadcrumb\",\"itemListElement\":[{\"@type\":\"ListItem\",\"position\":1,\"name\":\"Accueil\",\"item\":\"https:\\\/\\\/fdd-ihedn.fr\\\/\"},{\"@type\":\"ListItem\",\"position\":2,\"name\":\"[chaire ECODEF] Les entretiens de l\u2019ECODEF #1 : La Chaire lance sa s\u00e9rie de webinaires le 7 juillet 2021 avec le th\u00e8me de l\u2019investissement de d\u00e9fense\"}]},{\"@type\":\"WebSite\",\"@id\":\"https:\\\/\\\/fdd-ihedn.fr\\\/#website\",\"url\":\"https:\\\/\\\/fdd-ihedn.fr\\\/\",\"name\":\"Fonds de dotation de l&#039;IHEDN\",\"description\":\"Des projets innovants d\u00e9velopp\u00e9s pour l&#039;IHEDN gr\u00e2ce au m\u00e9c\u00e9nat\",\"publisher\":{\"@id\":\"https:\\\/\\\/fdd-ihedn.fr\\\/#organization\"},\"potentialAction\":[{\"@type\":\"SearchAction\",\"target\":{\"@type\":\"EntryPoint\",\"urlTemplate\":\"https:\\\/\\\/fdd-ihedn.fr\\\/?s={search_term_string}\"},\"query-input\":{\"@type\":\"PropertyValueSpecification\",\"valueRequired\":true,\"valueName\":\"search_term_string\"}}],\"inLanguage\":\"en-GB\"},{\"@type\":\"Organization\",\"@id\":\"https:\\\/\\\/fdd-ihedn.fr\\\/#organization\",\"name\":\"Chaire \u00c9conomie de d\u00e9fense - IHEDN\",\"url\":\"https:\\\/\\\/fdd-ihedn.fr\\\/\",\"logo\":{\"@type\":\"ImageObject\",\"inLanguage\":\"en-GB\",\"@id\":\"https:\\\/\\\/fdd-ihedn.fr\\\/#\\\/schema\\\/logo\\\/image\\\/\",\"url\":\"https:\\\/\\\/fdd-ihedn.fr\\\/wp-content\\\/uploads\\\/2020\\\/04\\\/logoEcodef9.jpg\",\"contentUrl\":\"https:\\\/\\\/fdd-ihedn.fr\\\/wp-content\\\/uploads\\\/2020\\\/04\\\/logoEcodef9.jpg\",\"width\":410,\"height\":212,\"caption\":\"Chaire \u00c9conomie de d\u00e9fense - IHEDN\"},\"image\":{\"@id\":\"https:\\\/\\\/fdd-ihedn.fr\\\/#\\\/schema\\\/logo\\\/image\\\/\"},\"sameAs\":[\"https:\\\/\\\/x.com\\\/Chaire_Ecodef\",\"https:\\\/\\\/www.linkedin.com\\\/company\\\/chaire-ecodef-ihedn\\\/\"]},{\"@type\":\"Person\",\"@id\":\"https:\\\/\\\/fdd-ihedn.fr\\\/#\\\/schema\\\/person\\\/9fe23d397304e152668f6ba7966b1a64\",\"name\":\"Bertrand Demandre\",\"image\":{\"@type\":\"ImageObject\",\"inLanguage\":\"en-GB\",\"@id\":\"https:\\\/\\\/secure.gravatar.com\\\/avatar\\\/d9c9746d6c900ab5b9c0f9b1fa3932e369da923da247d624b8f7ab4ba8a3c093?s=96&d=mm&r=g\",\"url\":\"https:\\\/\\\/secure.gravatar.com\\\/avatar\\\/d9c9746d6c900ab5b9c0f9b1fa3932e369da923da247d624b8f7ab4ba8a3c093?s=96&d=mm&r=g\",\"contentUrl\":\"https:\\\/\\\/secure.gravatar.com\\\/avatar\\\/d9c9746d6c900ab5b9c0f9b1fa3932e369da923da247d624b8f7ab4ba8a3c093?s=96&d=mm&r=g\",\"caption\":\"Bertrand Demandre\"},\"url\":\"https:\\\/\\\/fdd-ihedn.fr\\\/en\\\/author\\\/bertrand\\\/\"}]}<\/script>\n<!-- \/ Yoast SEO plugin. -->","yoast_head_json":{"title":"[chaire ECODEF] Les entretiens de l\u2019ECODEF #1 : La Chaire lance sa s\u00e9rie de webinaires le 7 juillet 2021 avec le th\u00e8me de l\u2019investissement de d\u00e9fense - Fonds de dotation de l&#039;IHEDN","robots":{"index":"index","follow":"follow","max-snippet":"max-snippet:-1","max-image-preview":"max-image-preview:large","max-video-preview":"max-video-preview:-1"},"canonical":"https:\/\/fdd-ihedn.fr\/en\/chaire-ecodef-la-chaire-lance-sa-serie-de-webinaires-le-7-juillet-2021-avec-le-theme-de-linvestissement-de-defense\/","og_locale":"en_GB","og_type":"article","og_title":"[chaire ECODEF] Les entretiens de l\u2019ECODEF #1 : La Chaire lance sa s\u00e9rie de webinaires le 7 juillet 2021 avec le th\u00e8me de l\u2019investissement de d\u00e9fense - Fonds de dotation de l&#039;IHEDN","og_description":"Mercredi 7 juillet 2021 | 8h30 &#8211; 9h30En ligne Afin de mieux faire conna\u00eetre les enjeux \u00e9conomiques des activit\u00e9s de d\u00e9fense, la\u00a0Chaire \u00c9conomie de d\u00e9fense &#8211; IHEDN\u00a0a pris l&rsquo;initiative de proposer\u00a0\u00ab\u00a0Les entretiens de l&rsquo;ECODEF\u00a0\u00bb. Vous aurez ainsi la possibilit\u00e9 participer de fa\u00e7on r\u00e9guli\u00e8re \u00e0 des webinaires au cours desquels les r\u00e9sultats des travaux de la [&hellip;]","og_url":"https:\/\/fdd-ihedn.fr\/en\/chaire-ecodef-la-chaire-lance-sa-serie-de-webinaires-le-7-juillet-2021-avec-le-theme-de-linvestissement-de-defense\/","og_site_name":"Fonds de dotation de l&#039;IHEDN","article_published_time":"2021-06-23T08:09:31+00:00","article_modified_time":"2024-09-24T11:59:54+00:00","og_image":[{"width":1817,"height":1363,"url":"https:\/\/fdd-ihedn.fr\/wp-content\/uploads\/2021\/06\/CHAIRE-ECODEF-IHEDN-Invitation-Webinaire-07-2021.jpg","type":"image\/jpeg"}],"author":"Bertrand Demandre","twitter_card":"summary_large_image","twitter_creator":"@Chaire_Ecodef","twitter_site":"@Chaire_Ecodef","twitter_misc":{"Written by":"Bertrand Demandre","Estimated reading time":"2 minutes"},"schema":{"@context":"https:\/\/schema.org","@graph":[{"@type":"Article","@id":"https:\/\/fdd-ihedn.fr\/chaire-ecodef-la-chaire-lance-sa-serie-de-webinaires-le-7-juillet-2021-avec-le-theme-de-linvestissement-de-defense\/#article","isPartOf":{"@id":"https:\/\/fdd-ihedn.fr\/chaire-ecodef-la-chaire-lance-sa-serie-de-webinaires-le-7-juillet-2021-avec-le-theme-de-linvestissement-de-defense\/"},"author":{"name":"Bertrand Demandre","@id":"https:\/\/fdd-ihedn.fr\/#\/schema\/person\/9fe23d397304e152668f6ba7966b1a64"},"headline":"[chaire ECODEF] Les entretiens de l\u2019ECODEF #1 : La Chaire lance sa s\u00e9rie de webinaires le 7 juillet 2021 avec le th\u00e8me de l\u2019investissement de d\u00e9fense","datePublished":"2021-06-23T08:09:31+00:00","dateModified":"2024-09-24T11:59:54+00:00","mainEntityOfPage":{"@id":"https:\/\/fdd-ihedn.fr\/chaire-ecodef-la-chaire-lance-sa-serie-de-webinaires-le-7-juillet-2021-avec-le-theme-de-linvestissement-de-defense\/"},"wordCount":253,"commentCount":0,"publisher":{"@id":"https:\/\/fdd-ihedn.fr\/#organization"},"image":{"@id":"https:\/\/fdd-ihedn.fr\/chaire-ecodef-la-chaire-lance-sa-serie-de-webinaires-le-7-juillet-2021-avec-le-theme-de-linvestissement-de-defense\/#primaryimage"},"thumbnailUrl":"https:\/\/fdd-ihedn.fr\/wp-content\/uploads\/2021\/06\/CHAIRE-ECODEF-IHEDN-Invitation-Webinaire-07-2021.jpg","keywords":["chaire \u00e9conomie de d\u00e9fense","conf\u00e9rence","ECODEF","enjeux \u00e9conomiques","IHEDN","investissement","investissements de d\u00e9fense","Julien Malizard","les entretiens de l'ecodef","webinaire"],"articleSection":["Activit\u00e9s","Chaire \u00c9conomie de d\u00e9fense"],"inLanguage":"en-GB","potentialAction":[{"@type":"CommentAction","name":"Comment","target":["https:\/\/fdd-ihedn.fr\/chaire-ecodef-la-chaire-lance-sa-serie-de-webinaires-le-7-juillet-2021-avec-le-theme-de-linvestissement-de-defense\/#respond"]}]},{"@type":"WebPage","@id":"https:\/\/fdd-ihedn.fr\/chaire-ecodef-la-chaire-lance-sa-serie-de-webinaires-le-7-juillet-2021-avec-le-theme-de-linvestissement-de-defense\/","url":"https:\/\/fdd-ihedn.fr\/chaire-ecodef-la-chaire-lance-sa-serie-de-webinaires-le-7-juillet-2021-avec-le-theme-de-linvestissement-de-defense\/","name":"[chaire ECODEF] Les entretiens de l\u2019ECODEF #1 : La Chaire lance sa s\u00e9rie de webinaires le 7 juillet 2021 avec le th\u00e8me de l\u2019investissement de d\u00e9fense - Fonds de dotation de l&#039;IHEDN","isPartOf":{"@id":"https:\/\/fdd-ihedn.fr\/#website"},"primaryImageOfPage":{"@id":"https:\/\/fdd-ihedn.fr\/chaire-ecodef-la-chaire-lance-sa-serie-de-webinaires-le-7-juillet-2021-avec-le-theme-de-linvestissement-de-defense\/#primaryimage"},"image":{"@id":"https:\/\/fdd-ihedn.fr\/chaire-ecodef-la-chaire-lance-sa-serie-de-webinaires-le-7-juillet-2021-avec-le-theme-de-linvestissement-de-defense\/#primaryimage"},"thumbnailUrl":"https:\/\/fdd-ihedn.fr\/wp-content\/uploads\/2021\/06\/CHAIRE-ECODEF-IHEDN-Invitation-Webinaire-07-2021.jpg","datePublished":"2021-06-23T08:09:31+00:00","dateModified":"2024-09-24T11:59:54+00:00","breadcrumb":{"@id":"https:\/\/fdd-ihedn.fr\/chaire-ecodef-la-chaire-lance-sa-serie-de-webinaires-le-7-juillet-2021-avec-le-theme-de-linvestissement-de-defense\/#breadcrumb"},"inLanguage":"en-GB","potentialAction":[{"@type":"ReadAction","target":["https:\/\/fdd-ihedn.fr\/chaire-ecodef-la-chaire-lance-sa-serie-de-webinaires-le-7-juillet-2021-avec-le-theme-de-linvestissement-de-defense\/"]}]},{"@type":"ImageObject","inLanguage":"en-GB","@id":"https:\/\/fdd-ihedn.fr\/chaire-ecodef-la-chaire-lance-sa-serie-de-webinaires-le-7-juillet-2021-avec-le-theme-de-linvestissement-de-defense\/#primaryimage","url":"https:\/\/fdd-ihedn.fr\/wp-content\/uploads\/2021\/06\/CHAIRE-ECODEF-IHEDN-Invitation-Webinaire-07-2021.jpg","contentUrl":"https:\/\/fdd-ihedn.fr\/wp-content\/uploads\/2021\/06\/CHAIRE-ECODEF-IHEDN-Invitation-Webinaire-07-2021.jpg","width":1817,"height":1363},{"@type":"BreadcrumbList","@id":"https:\/\/fdd-ihedn.fr\/chaire-ecodef-la-chaire-lance-sa-serie-de-webinaires-le-7-juillet-2021-avec-le-theme-de-linvestissement-de-defense\/#breadcrumb","itemListElement":[{"@type":"ListItem","position":1,"name":"Accueil","item":"https:\/\/fdd-ihedn.fr\/"},{"@type":"ListItem","position":2,"name":"[chaire ECODEF] Les entretiens de l\u2019ECODEF #1 : La Chaire lance sa s\u00e9rie de webinaires le 7 juillet 2021 avec le th\u00e8me de l\u2019investissement de d\u00e9fense"}]},{"@type":"WebSite","@id":"https:\/\/fdd-ihedn.fr\/#website","url":"https:\/\/fdd-ihedn.fr\/","name":"IHEDN Endowment Fund","description":"Innovative projects developed for IHEDN thanks to sponsorship","publisher":{"@id":"https:\/\/fdd-ihedn.fr\/#organization"},"potentialAction":[{"@type":"SearchAction","target":{"@type":"EntryPoint","urlTemplate":"https:\/\/fdd-ihedn.fr\/?s={search_term_string}"},"query-input":{"@type":"PropertyValueSpecification","valueRequired":true,"valueName":"search_term_string"}}],"inLanguage":"en-GB"},{"@type":"Organization","@id":"https:\/\/fdd-ihedn.fr\/#organization","name":"Chair in Defence Economics - IHEDN","url":"https:\/\/fdd-ihedn.fr\/","logo":{"@type":"ImageObject","inLanguage":"en-GB","@id":"https:\/\/fdd-ihedn.fr\/#\/schema\/logo\/image\/","url":"https:\/\/fdd-ihedn.fr\/wp-content\/uploads\/2020\/04\/logoEcodef9.jpg","contentUrl":"https:\/\/fdd-ihedn.fr\/wp-content\/uploads\/2020\/04\/logoEcodef9.jpg","width":410,"height":212,"caption":"Chaire \u00c9conomie de d\u00e9fense - IHEDN"},"image":{"@id":"https:\/\/fdd-ihedn.fr\/#\/schema\/logo\/image\/"},"sameAs":["https:\/\/x.com\/Chaire_Ecodef","https:\/\/www.linkedin.com\/company\/chaire-ecodef-ihedn\/"]},{"@type":"Person","@id":"https:\/\/fdd-ihedn.fr\/#\/schema\/person\/9fe23d397304e152668f6ba7966b1a64","name":"Bertrand Demandre","image":{"@type":"ImageObject","inLanguage":"en-GB","@id":"https:\/\/secure.gravatar.com\/avatar\/d9c9746d6c900ab5b9c0f9b1fa3932e369da923da247d624b8f7ab4ba8a3c093?s=96&d=mm&r=g","url":"https:\/\/secure.gravatar.com\/avatar\/d9c9746d6c900ab5b9c0f9b1fa3932e369da923da247d624b8f7ab4ba8a3c093?s=96&d=mm&r=g","contentUrl":"https:\/\/secure.gravatar.com\/avatar\/d9c9746d6c900ab5b9c0f9b1fa3932e369da923da247d624b8f7ab4ba8a3c093?s=96&d=mm&r=g","caption":"Bertrand Demandre"},"url":"https:\/\/fdd-ihedn.fr\/en\/author\/bertrand\/"}]}},"_links":{"self":[{"href":"https:\/\/fdd-ihedn.fr\/en\/wp-json\/wp\/v2\/posts\/4804","targetHints":{"allow":["GET"]}}],"collection":[{"href":"https:\/\/fdd-ihedn.fr\/en\/wp-json\/wp\/v2\/posts"}],"about":[{"href":"https:\/\/fdd-ihedn.fr\/en\/wp-json\/wp\/v2\/types\/post"}],"author":[{"embeddable":true,"href":"https:\/\/fdd-ihedn.fr\/en\/wp-json\/wp\/v2\/users\/2"}],"replies":[{"embeddable":true,"href":"https:\/\/fdd-ihedn.fr\/en\/wp-json\/wp\/v2\/comments?post=4804"}],"version-history":[{"count":6,"href":"https:\/\/fdd-ihedn.fr\/en\/wp-json\/wp\/v2\/posts\/4804\/revisions"}],"predecessor-version":[{"id":5654,"href":"https:\/\/fdd-ihedn.fr\/en\/wp-json\/wp\/v2\/posts\/4804\/revisions\/5654"}],"wp:featuredmedia":[{"embeddable":true,"href":"https:\/\/fdd-ihedn.fr\/en\/wp-json\/wp\/v2\/media\/4806"}],"wp:attachment":[{"href":"https:\/\/fdd-ihedn.fr\/en\/wp-json\/wp\/v2\/media?parent=4804"}],"wp:term":[{"taxonomy":"category","embeddable":true,"href":"https:\/\/fdd-ihedn.fr\/en\/wp-json\/wp\/v2\/categories?post=4804"},{"taxonomy":"post_tag","embeddable":true,"href":"https:\/\/fdd-ihedn.fr\/en\/wp-json\/wp\/v2\/tags?post=4804"}],"curies":[{"name":"wp","href":"https:\/\/api.w.org\/{rel}","templated":true}]}}