{"id":4769,"date":"2021-06-16T10:39:46","date_gmt":"2021-06-16T08:39:46","guid":{"rendered":"https:\/\/ecodef-ihedn.fr\/?p=3499"},"modified":"2024-09-24T14:00:12","modified_gmt":"2024-09-24T12:00:12","slug":"financement-des-armees-intervention-de-julien-malizard-au-colloque-les-lecons-militaires-de-la-guerre-du-golfe","status":"publish","type":"post","link":"https:\/\/fdd-ihedn.fr\/en\/financement-des-armees-intervention-de-julien-malizard-au-colloque-les-lecons-militaires-de-la-guerre-du-golfe\/","title":{"rendered":"[chaire ECODEF] Financement des arm\u00e9es : Intervention de Julien Malizard au colloque \u00ab\u00a0Les le\u00e7ons militaires de la guerre du Golfe\u00a0\u00bb"},"content":{"rendered":"<p><strong>On Friday 18 June, Julien Malizard will be taking part in a conference entitled \u00abThe military lessons of the Gulf War\u00bb, organised by the Ministry of Defence's Service historique de la d\u00e9fense. Registration is now open.<\/strong><\/p>\r\n\r\n\r\n\r\n<div class=\"wp-block-image\">\r\n<figure class=\"aligncenter size-large\"><img decoding=\"async\" class=\"wp-image-3500\" src=\"https:\/\/ecodef-ihedn.fr\/wp-content\/uploads\/2021\/06\/Affiche-7-juin-2021-V3.jpg\" alt=\"\" \/><\/figure>\r\n<\/div>\r\n\r\n\r\n\r\n<p><strong>Julien Malizard<\/strong>, Deputy Chair, will discuss <strong>this Friday 18 June, from 2.30 pm to 4 pm,<\/strong> the financing of armies in the aftermath of the Gulf War and the Cold War, as part of an online conference on <strong>\u00abThe military lessons of the Gulf War\u00bb<\/strong>.<\/p>\r\n\r\n\r\n\r\n<p id=\"block-094be715-d455-4669-98cd-84812163cdaf\">This conference is being organised at the Senate (Palais du Luxembourg) by the <strong>Service historique de la d\u00e9fense<\/strong> (SHD) in partnership with the Direction de l'enseignement militaire sup\u00e9rieur (DEMS), the \u00c9cole de Guerre (EDG), the Centre de doctrine et d'enseignement du commandement (CDEC), the Centre d'\u00e9tudes strat\u00e9giques a\u00e9rospatiales (CESA) and the Centre d'\u00e9tudes strat\u00e9giques de la Marine (CESM). It is under the patronage of General Fran\u00e7ois Lecointre, Chief of Staff of the French Armed Forces, and the patronage of Christian Cambon, Chairman of the Senate Foreign Affairs, Defence and Armed Forces Committee.<\/p>\r\n\r\n\r\n\r\n<p>Julien Malizard will talk about <strong><a href=\"https:\/\/ecodef-ihedn.fr\/depenses-de-defense-et-de-securite-julien-malizard-j-f-guilhaudis\/\" target=\"_blank\" rel=\"noreferrer noopener\">defence budget issues<\/a> in France from 1991<\/strong>, These include the reversal of the Cold War trend, the strong prevalence of economic issues in budgetary decisions, and the fact that the peace dividend was more limited in France than in the United States and the United Kingdom.<\/p>\r\n\r\n\r\n\r\n<p class=\"has-text-align-center\"><strong><a href=\"https:\/\/docs.google.com\/forms\/d\/e\/1FAIpQLSdfOMb4qvq4ZPDm2DL3p4_YhkR9vMtP3NqaIT5b1FQfJepaLA\/viewform\" target=\"_blank\" rel=\"noreferrer noopener\">&gt;&gt; registrations &lt;&lt;<\/a><\/strong><\/p>\r\n\r\n\r\n\r\n<p class=\"has-text-align-center\"><strong><a href=\"https:\/\/www.servicehistorique.sga.defense.gouv.fr\/evenements\/les-lecons-militaires-de-la-guerre-du-golfe\" target=\"_blank\" rel=\"noreferrer noopener\">&gt;&gt; full programme &lt;&lt;<\/a><\/strong><\/p>","protected":false},"excerpt":{"rendered":"<p>Julien Malizard interviendra le vendredi 18 juin dans le colloque \u00ab\u00a0Les le\u00e7ons militaires de la guerre du Golfe\u00a0\u00bb organis\u00e9 par le\u00a0Service historique de la d\u00e9fense\u00a0du minist\u00e8re des Arm\u00e9es. Les inscriptions sont ouvertes. Julien Malizard, titulaire adjoint de la Chaire, discutera ce vendredi 18 juin, de 14 h 30 \u00e0 16 h, du financement des arm\u00e9es [&hellip;]<\/p>\n","protected":false},"author":2,"featured_media":4784,"comment_status":"open","ping_status":"open","sticky":false,"template":"","format":"standard","meta":{"footnotes":""},"categories":[34,438],"tags":[154,479,480,481,482,483,279,376,484,485,448,486,487,141,488,489,38,86,490,491,492],"class_list":{"0":"post-4769","1":"post","2":"type-post","3":"status-publish","4":"format-standard","5":"has-post-thumbnail","7":"category-activites","8":"category-chaire-economie-de-defense","9":"tag-budget","10":"tag-cdec","11":"tag-centre-detudes-strategiques-aerospatiales","12":"tag-centre-detudes-strategiques-de-la-marine","13":"tag-centre-de-doctrine-et-denseignement-du-commandement","14":"tag-cesa","15":"tag-cesm","16":"tag-colloque","17":"tag-dems","18":"tag-direction-de-lenseignement-militaire-superieur","19":"tag-ecodef","20":"tag-ecole-de-guerre","21":"tag-edg","22":"tag-financement-de-la-defense","23":"tag-financement-des-armees","24":"tag-guerre-du-golfe","25":"tag-ihedn","26":"tag-julien-malizard","27":"tag-senat","28":"tag-service-historique-de-la-defense","29":"tag-shd"},"yoast_head":"<!-- This site is optimized with the Yoast SEO plugin v27.4 - https:\/\/yoast.com\/product\/yoast-seo-wordpress\/ -->\n<title>[chaire ECODEF] Financement des arm\u00e9es : Intervention de Julien Malizard au colloque &quot;Les le\u00e7ons militaires de la guerre du Golfe&quot; - Fonds de dotation de l&#039;IHEDN<\/title>\n<meta name=\"robots\" content=\"index, follow, max-snippet:-1, max-image-preview:large, max-video-preview:-1\" \/>\n<link rel=\"canonical\" href=\"https:\/\/fdd-ihedn.fr\/en\/financement-des-armees-intervention-de-julien-malizard-au-colloque-les-lecons-militaires-de-la-guerre-du-golfe\/\" \/>\n<meta property=\"og:locale\" content=\"en_GB\" \/>\n<meta property=\"og:type\" content=\"article\" \/>\n<meta property=\"og:title\" content=\"[chaire ECODEF] Financement des arm\u00e9es : Intervention de Julien Malizard au colloque &quot;Les le\u00e7ons militaires de la guerre du Golfe&quot; - Fonds de dotation de l&#039;IHEDN\" \/>\n<meta property=\"og:description\" content=\"Julien Malizard interviendra le vendredi 18 juin dans le colloque \u00ab\u00a0Les le\u00e7ons militaires de la guerre du Golfe\u00a0\u00bb organis\u00e9 par le\u00a0Service historique de la d\u00e9fense\u00a0du minist\u00e8re des Arm\u00e9es. Les inscriptions sont ouvertes. Julien Malizard, titulaire adjoint de la Chaire, discutera ce vendredi 18 juin, de 14 h 30 \u00e0 16 h, du financement des arm\u00e9es [&hellip;]\" \/>\n<meta property=\"og:url\" content=\"https:\/\/fdd-ihedn.fr\/en\/financement-des-armees-intervention-de-julien-malizard-au-colloque-les-lecons-militaires-de-la-guerre-du-golfe\/\" \/>\n<meta property=\"og:site_name\" content=\"Fonds de dotation de l&#039;IHEDN\" \/>\n<meta property=\"article:published_time\" content=\"2021-06-16T08:39:46+00:00\" \/>\n<meta property=\"article:modified_time\" content=\"2024-09-24T12:00:12+00:00\" \/>\n<meta property=\"og:image\" content=\"https:\/\/fdd-ihedn.fr\/wp-content\/uploads\/2021\/06\/Affiche_SHD.jpg\" \/>\n\t<meta property=\"og:image:width\" content=\"2000\" \/>\n\t<meta property=\"og:image:height\" content=\"1600\" \/>\n\t<meta property=\"og:image:type\" content=\"image\/jpeg\" \/>\n<meta name=\"author\" content=\"Bertrand Demandre\" \/>\n<meta name=\"twitter:card\" content=\"summary_large_image\" \/>\n<meta name=\"twitter:creator\" content=\"@Chaire_Ecodef\" \/>\n<meta name=\"twitter:site\" content=\"@Chaire_Ecodef\" \/>\n<meta name=\"twitter:label1\" content=\"Written by\" \/>\n\t<meta name=\"twitter:data1\" content=\"Bertrand Demandre\" \/>\n\t<meta name=\"twitter:label2\" content=\"Estimated reading time\" \/>\n\t<meta name=\"twitter:data2\" content=\"2 minutes\" \/>\n<script type=\"application\/ld+json\" class=\"yoast-schema-graph\">{\"@context\":\"https:\\\/\\\/schema.org\",\"@graph\":[{\"@type\":\"Article\",\"@id\":\"https:\\\/\\\/fdd-ihedn.fr\\\/financement-des-armees-intervention-de-julien-malizard-au-colloque-les-lecons-militaires-de-la-guerre-du-golfe\\\/#article\",\"isPartOf\":{\"@id\":\"https:\\\/\\\/fdd-ihedn.fr\\\/financement-des-armees-intervention-de-julien-malizard-au-colloque-les-lecons-militaires-de-la-guerre-du-golfe\\\/\"},\"author\":{\"name\":\"Bertrand Demandre\",\"@id\":\"https:\\\/\\\/fdd-ihedn.fr\\\/#\\\/schema\\\/person\\\/9fe23d397304e152668f6ba7966b1a64\"},\"headline\":\"[chaire ECODEF] Financement des arm\u00e9es : Intervention de Julien Malizard au colloque \u00ab\u00a0Les le\u00e7ons militaires de la guerre du Golfe\u00a0\u00bb\",\"datePublished\":\"2021-06-16T08:39:46+00:00\",\"dateModified\":\"2024-09-24T12:00:12+00:00\",\"mainEntityOfPage\":{\"@id\":\"https:\\\/\\\/fdd-ihedn.fr\\\/financement-des-armees-intervention-de-julien-malizard-au-colloque-les-lecons-militaires-de-la-guerre-du-golfe\\\/\"},\"wordCount\":305,\"commentCount\":0,\"publisher\":{\"@id\":\"https:\\\/\\\/fdd-ihedn.fr\\\/#organization\"},\"image\":{\"@id\":\"https:\\\/\\\/fdd-ihedn.fr\\\/financement-des-armees-intervention-de-julien-malizard-au-colloque-les-lecons-militaires-de-la-guerre-du-golfe\\\/#primaryimage\"},\"thumbnailUrl\":\"https:\\\/\\\/fdd-ihedn.fr\\\/wp-content\\\/uploads\\\/2021\\\/06\\\/Affiche_SHD.jpg\",\"keywords\":[\"Budget\",\"CDEC\",\"Centre d\u2019\u00e9tudes strat\u00e9giques a\u00e9rospatiales\",\"Centre d\u2019\u00e9tudes strat\u00e9giques de la Marine\",\"Centre de doctrine et d\u2019enseignement du commandement\",\"CESA\",\"CESM\",\"colloque\",\"DEMS\",\"Direction de l\u2019enseignement militaire sup\u00e9rieur\",\"ECODEF\",\"Ecole de guerre\",\"EDG\",\"financement de la d\u00e9fense\",\"financement des arm\u00e9es\",\"guerre du golfe\",\"IHEDN\",\"Julien Malizard\",\"S\u00e9nat\",\"Service historique de la d\u00e9fense\",\"SHD\"],\"articleSection\":[\"Activit\u00e9s\",\"Chaire \u00c9conomie de d\u00e9fense\"],\"inLanguage\":\"en-GB\",\"potentialAction\":[{\"@type\":\"CommentAction\",\"name\":\"Comment\",\"target\":[\"https:\\\/\\\/fdd-ihedn.fr\\\/financement-des-armees-intervention-de-julien-malizard-au-colloque-les-lecons-militaires-de-la-guerre-du-golfe\\\/#respond\"]}]},{\"@type\":\"WebPage\",\"@id\":\"https:\\\/\\\/fdd-ihedn.fr\\\/financement-des-armees-intervention-de-julien-malizard-au-colloque-les-lecons-militaires-de-la-guerre-du-golfe\\\/\",\"url\":\"https:\\\/\\\/fdd-ihedn.fr\\\/financement-des-armees-intervention-de-julien-malizard-au-colloque-les-lecons-militaires-de-la-guerre-du-golfe\\\/\",\"name\":\"[chaire ECODEF] Financement des arm\u00e9es : Intervention de Julien Malizard au colloque \\\"Les le\u00e7ons militaires de la guerre du Golfe\\\" - Fonds de dotation de l&#039;IHEDN\",\"isPartOf\":{\"@id\":\"https:\\\/\\\/fdd-ihedn.fr\\\/#website\"},\"primaryImageOfPage\":{\"@id\":\"https:\\\/\\\/fdd-ihedn.fr\\\/financement-des-armees-intervention-de-julien-malizard-au-colloque-les-lecons-militaires-de-la-guerre-du-golfe\\\/#primaryimage\"},\"image\":{\"@id\":\"https:\\\/\\\/fdd-ihedn.fr\\\/financement-des-armees-intervention-de-julien-malizard-au-colloque-les-lecons-militaires-de-la-guerre-du-golfe\\\/#primaryimage\"},\"thumbnailUrl\":\"https:\\\/\\\/fdd-ihedn.fr\\\/wp-content\\\/uploads\\\/2021\\\/06\\\/Affiche_SHD.jpg\",\"datePublished\":\"2021-06-16T08:39:46+00:00\",\"dateModified\":\"2024-09-24T12:00:12+00:00\",\"breadcrumb\":{\"@id\":\"https:\\\/\\\/fdd-ihedn.fr\\\/financement-des-armees-intervention-de-julien-malizard-au-colloque-les-lecons-militaires-de-la-guerre-du-golfe\\\/#breadcrumb\"},\"inLanguage\":\"en-GB\",\"potentialAction\":[{\"@type\":\"ReadAction\",\"target\":[\"https:\\\/\\\/fdd-ihedn.fr\\\/financement-des-armees-intervention-de-julien-malizard-au-colloque-les-lecons-militaires-de-la-guerre-du-golfe\\\/\"]}]},{\"@type\":\"ImageObject\",\"inLanguage\":\"en-GB\",\"@id\":\"https:\\\/\\\/fdd-ihedn.fr\\\/financement-des-armees-intervention-de-julien-malizard-au-colloque-les-lecons-militaires-de-la-guerre-du-golfe\\\/#primaryimage\",\"url\":\"https:\\\/\\\/fdd-ihedn.fr\\\/wp-content\\\/uploads\\\/2021\\\/06\\\/Affiche_SHD.jpg\",\"contentUrl\":\"https:\\\/\\\/fdd-ihedn.fr\\\/wp-content\\\/uploads\\\/2021\\\/06\\\/Affiche_SHD.jpg\",\"width\":2000,\"height\":1600},{\"@type\":\"BreadcrumbList\",\"@id\":\"https:\\\/\\\/fdd-ihedn.fr\\\/financement-des-armees-intervention-de-julien-malizard-au-colloque-les-lecons-militaires-de-la-guerre-du-golfe\\\/#breadcrumb\",\"itemListElement\":[{\"@type\":\"ListItem\",\"position\":1,\"name\":\"Accueil\",\"item\":\"https:\\\/\\\/fdd-ihedn.fr\\\/\"},{\"@type\":\"ListItem\",\"position\":2,\"name\":\"[chaire ECODEF] Financement des arm\u00e9es : Intervention de Julien Malizard au colloque &#8220;Les le\u00e7ons militaires de la guerre du Golfe&#8221;\"}]},{\"@type\":\"WebSite\",\"@id\":\"https:\\\/\\\/fdd-ihedn.fr\\\/#website\",\"url\":\"https:\\\/\\\/fdd-ihedn.fr\\\/\",\"name\":\"Fonds de dotation de l&#039;IHEDN\",\"description\":\"Des projets innovants d\u00e9velopp\u00e9s pour l&#039;IHEDN gr\u00e2ce au m\u00e9c\u00e9nat\",\"publisher\":{\"@id\":\"https:\\\/\\\/fdd-ihedn.fr\\\/#organization\"},\"potentialAction\":[{\"@type\":\"SearchAction\",\"target\":{\"@type\":\"EntryPoint\",\"urlTemplate\":\"https:\\\/\\\/fdd-ihedn.fr\\\/?s={search_term_string}\"},\"query-input\":{\"@type\":\"PropertyValueSpecification\",\"valueRequired\":true,\"valueName\":\"search_term_string\"}}],\"inLanguage\":\"en-GB\"},{\"@type\":\"Organization\",\"@id\":\"https:\\\/\\\/fdd-ihedn.fr\\\/#organization\",\"name\":\"Chaire \u00c9conomie de d\u00e9fense - IHEDN\",\"url\":\"https:\\\/\\\/fdd-ihedn.fr\\\/\",\"logo\":{\"@type\":\"ImageObject\",\"inLanguage\":\"en-GB\",\"@id\":\"https:\\\/\\\/fdd-ihedn.fr\\\/#\\\/schema\\\/logo\\\/image\\\/\",\"url\":\"https:\\\/\\\/fdd-ihedn.fr\\\/wp-content\\\/uploads\\\/2020\\\/04\\\/logoEcodef9.jpg\",\"contentUrl\":\"https:\\\/\\\/fdd-ihedn.fr\\\/wp-content\\\/uploads\\\/2020\\\/04\\\/logoEcodef9.jpg\",\"width\":410,\"height\":212,\"caption\":\"Chaire \u00c9conomie de d\u00e9fense - IHEDN\"},\"image\":{\"@id\":\"https:\\\/\\\/fdd-ihedn.fr\\\/#\\\/schema\\\/logo\\\/image\\\/\"},\"sameAs\":[\"https:\\\/\\\/x.com\\\/Chaire_Ecodef\",\"https:\\\/\\\/www.linkedin.com\\\/company\\\/chaire-ecodef-ihedn\\\/\"]},{\"@type\":\"Person\",\"@id\":\"https:\\\/\\\/fdd-ihedn.fr\\\/#\\\/schema\\\/person\\\/9fe23d397304e152668f6ba7966b1a64\",\"name\":\"Bertrand Demandre\",\"image\":{\"@type\":\"ImageObject\",\"inLanguage\":\"en-GB\",\"@id\":\"https:\\\/\\\/secure.gravatar.com\\\/avatar\\\/d9c9746d6c900ab5b9c0f9b1fa3932e369da923da247d624b8f7ab4ba8a3c093?s=96&d=mm&r=g\",\"url\":\"https:\\\/\\\/secure.gravatar.com\\\/avatar\\\/d9c9746d6c900ab5b9c0f9b1fa3932e369da923da247d624b8f7ab4ba8a3c093?s=96&d=mm&r=g\",\"contentUrl\":\"https:\\\/\\\/secure.gravatar.com\\\/avatar\\\/d9c9746d6c900ab5b9c0f9b1fa3932e369da923da247d624b8f7ab4ba8a3c093?s=96&d=mm&r=g\",\"caption\":\"Bertrand Demandre\"},\"url\":\"https:\\\/\\\/fdd-ihedn.fr\\\/en\\\/author\\\/bertrand\\\/\"}]}<\/script>\n<!-- \/ Yoast SEO plugin. -->","yoast_head_json":{"title":"[chaire ECODEF] Financement des arm\u00e9es : Intervention de Julien Malizard au colloque \"Les le\u00e7ons militaires de la guerre du Golfe\" - Fonds de dotation de l&#039;IHEDN","robots":{"index":"index","follow":"follow","max-snippet":"max-snippet:-1","max-image-preview":"max-image-preview:large","max-video-preview":"max-video-preview:-1"},"canonical":"https:\/\/fdd-ihedn.fr\/en\/financement-des-armees-intervention-de-julien-malizard-au-colloque-les-lecons-militaires-de-la-guerre-du-golfe\/","og_locale":"en_GB","og_type":"article","og_title":"[chaire ECODEF] Financement des arm\u00e9es : Intervention de Julien Malizard au colloque \"Les le\u00e7ons militaires de la guerre du Golfe\" - Fonds de dotation de l&#039;IHEDN","og_description":"Julien Malizard interviendra le vendredi 18 juin dans le colloque \u00ab\u00a0Les le\u00e7ons militaires de la guerre du Golfe\u00a0\u00bb organis\u00e9 par le\u00a0Service historique de la d\u00e9fense\u00a0du minist\u00e8re des Arm\u00e9es. Les inscriptions sont ouvertes. Julien Malizard, titulaire adjoint de la Chaire, discutera ce vendredi 18 juin, de 14 h 30 \u00e0 16 h, du financement des arm\u00e9es [&hellip;]","og_url":"https:\/\/fdd-ihedn.fr\/en\/financement-des-armees-intervention-de-julien-malizard-au-colloque-les-lecons-militaires-de-la-guerre-du-golfe\/","og_site_name":"Fonds de dotation de l&#039;IHEDN","article_published_time":"2021-06-16T08:39:46+00:00","article_modified_time":"2024-09-24T12:00:12+00:00","og_image":[{"width":2000,"height":1600,"url":"https:\/\/fdd-ihedn.fr\/wp-content\/uploads\/2021\/06\/Affiche_SHD.jpg","type":"image\/jpeg"}],"author":"Bertrand Demandre","twitter_card":"summary_large_image","twitter_creator":"@Chaire_Ecodef","twitter_site":"@Chaire_Ecodef","twitter_misc":{"Written by":"Bertrand Demandre","Estimated reading time":"2 minutes"},"schema":{"@context":"https:\/\/schema.org","@graph":[{"@type":"Article","@id":"https:\/\/fdd-ihedn.fr\/financement-des-armees-intervention-de-julien-malizard-au-colloque-les-lecons-militaires-de-la-guerre-du-golfe\/#article","isPartOf":{"@id":"https:\/\/fdd-ihedn.fr\/financement-des-armees-intervention-de-julien-malizard-au-colloque-les-lecons-militaires-de-la-guerre-du-golfe\/"},"author":{"name":"Bertrand Demandre","@id":"https:\/\/fdd-ihedn.fr\/#\/schema\/person\/9fe23d397304e152668f6ba7966b1a64"},"headline":"[chaire ECODEF] Financement des arm\u00e9es : Intervention de Julien Malizard au colloque \u00ab\u00a0Les le\u00e7ons militaires de la guerre du Golfe\u00a0\u00bb","datePublished":"2021-06-16T08:39:46+00:00","dateModified":"2024-09-24T12:00:12+00:00","mainEntityOfPage":{"@id":"https:\/\/fdd-ihedn.fr\/financement-des-armees-intervention-de-julien-malizard-au-colloque-les-lecons-militaires-de-la-guerre-du-golfe\/"},"wordCount":305,"commentCount":0,"publisher":{"@id":"https:\/\/fdd-ihedn.fr\/#organization"},"image":{"@id":"https:\/\/fdd-ihedn.fr\/financement-des-armees-intervention-de-julien-malizard-au-colloque-les-lecons-militaires-de-la-guerre-du-golfe\/#primaryimage"},"thumbnailUrl":"https:\/\/fdd-ihedn.fr\/wp-content\/uploads\/2021\/06\/Affiche_SHD.jpg","keywords":["Budget","CDEC","Centre d\u2019\u00e9tudes strat\u00e9giques a\u00e9rospatiales","Centre d\u2019\u00e9tudes strat\u00e9giques de la Marine","Centre de doctrine et d\u2019enseignement du commandement","CESA","CESM","colloque","DEMS","Direction de l\u2019enseignement militaire sup\u00e9rieur","ECODEF","Ecole de guerre","EDG","financement de la d\u00e9fense","financement des arm\u00e9es","guerre du golfe","IHEDN","Julien Malizard","S\u00e9nat","Service historique de la d\u00e9fense","SHD"],"articleSection":["Activit\u00e9s","Chaire \u00c9conomie de d\u00e9fense"],"inLanguage":"en-GB","potentialAction":[{"@type":"CommentAction","name":"Comment","target":["https:\/\/fdd-ihedn.fr\/financement-des-armees-intervention-de-julien-malizard-au-colloque-les-lecons-militaires-de-la-guerre-du-golfe\/#respond"]}]},{"@type":"WebPage","@id":"https:\/\/fdd-ihedn.fr\/financement-des-armees-intervention-de-julien-malizard-au-colloque-les-lecons-militaires-de-la-guerre-du-golfe\/","url":"https:\/\/fdd-ihedn.fr\/financement-des-armees-intervention-de-julien-malizard-au-colloque-les-lecons-militaires-de-la-guerre-du-golfe\/","name":"[chaire ECODEF] Financement des arm\u00e9es : Intervention de Julien Malizard au colloque \"Les le\u00e7ons militaires de la guerre du Golfe\" - Fonds de dotation de l&#039;IHEDN","isPartOf":{"@id":"https:\/\/fdd-ihedn.fr\/#website"},"primaryImageOfPage":{"@id":"https:\/\/fdd-ihedn.fr\/financement-des-armees-intervention-de-julien-malizard-au-colloque-les-lecons-militaires-de-la-guerre-du-golfe\/#primaryimage"},"image":{"@id":"https:\/\/fdd-ihedn.fr\/financement-des-armees-intervention-de-julien-malizard-au-colloque-les-lecons-militaires-de-la-guerre-du-golfe\/#primaryimage"},"thumbnailUrl":"https:\/\/fdd-ihedn.fr\/wp-content\/uploads\/2021\/06\/Affiche_SHD.jpg","datePublished":"2021-06-16T08:39:46+00:00","dateModified":"2024-09-24T12:00:12+00:00","breadcrumb":{"@id":"https:\/\/fdd-ihedn.fr\/financement-des-armees-intervention-de-julien-malizard-au-colloque-les-lecons-militaires-de-la-guerre-du-golfe\/#breadcrumb"},"inLanguage":"en-GB","potentialAction":[{"@type":"ReadAction","target":["https:\/\/fdd-ihedn.fr\/financement-des-armees-intervention-de-julien-malizard-au-colloque-les-lecons-militaires-de-la-guerre-du-golfe\/"]}]},{"@type":"ImageObject","inLanguage":"en-GB","@id":"https:\/\/fdd-ihedn.fr\/financement-des-armees-intervention-de-julien-malizard-au-colloque-les-lecons-militaires-de-la-guerre-du-golfe\/#primaryimage","url":"https:\/\/fdd-ihedn.fr\/wp-content\/uploads\/2021\/06\/Affiche_SHD.jpg","contentUrl":"https:\/\/fdd-ihedn.fr\/wp-content\/uploads\/2021\/06\/Affiche_SHD.jpg","width":2000,"height":1600},{"@type":"BreadcrumbList","@id":"https:\/\/fdd-ihedn.fr\/financement-des-armees-intervention-de-julien-malizard-au-colloque-les-lecons-militaires-de-la-guerre-du-golfe\/#breadcrumb","itemListElement":[{"@type":"ListItem","position":1,"name":"Accueil","item":"https:\/\/fdd-ihedn.fr\/"},{"@type":"ListItem","position":2,"name":"[chaire ECODEF] Financement des arm\u00e9es : Intervention de Julien Malizard au colloque &#8220;Les le\u00e7ons militaires de la guerre du Golfe&#8221;"}]},{"@type":"WebSite","@id":"https:\/\/fdd-ihedn.fr\/#website","url":"https:\/\/fdd-ihedn.fr\/","name":"IHEDN Endowment Fund","description":"Innovative projects developed for IHEDN thanks to sponsorship","publisher":{"@id":"https:\/\/fdd-ihedn.fr\/#organization"},"potentialAction":[{"@type":"SearchAction","target":{"@type":"EntryPoint","urlTemplate":"https:\/\/fdd-ihedn.fr\/?s={search_term_string}"},"query-input":{"@type":"PropertyValueSpecification","valueRequired":true,"valueName":"search_term_string"}}],"inLanguage":"en-GB"},{"@type":"Organization","@id":"https:\/\/fdd-ihedn.fr\/#organization","name":"Chair in Defence Economics - IHEDN","url":"https:\/\/fdd-ihedn.fr\/","logo":{"@type":"ImageObject","inLanguage":"en-GB","@id":"https:\/\/fdd-ihedn.fr\/#\/schema\/logo\/image\/","url":"https:\/\/fdd-ihedn.fr\/wp-content\/uploads\/2020\/04\/logoEcodef9.jpg","contentUrl":"https:\/\/fdd-ihedn.fr\/wp-content\/uploads\/2020\/04\/logoEcodef9.jpg","width":410,"height":212,"caption":"Chaire \u00c9conomie de d\u00e9fense - IHEDN"},"image":{"@id":"https:\/\/fdd-ihedn.fr\/#\/schema\/logo\/image\/"},"sameAs":["https:\/\/x.com\/Chaire_Ecodef","https:\/\/www.linkedin.com\/company\/chaire-ecodef-ihedn\/"]},{"@type":"Person","@id":"https:\/\/fdd-ihedn.fr\/#\/schema\/person\/9fe23d397304e152668f6ba7966b1a64","name":"Bertrand Demandre","image":{"@type":"ImageObject","inLanguage":"en-GB","@id":"https:\/\/secure.gravatar.com\/avatar\/d9c9746d6c900ab5b9c0f9b1fa3932e369da923da247d624b8f7ab4ba8a3c093?s=96&d=mm&r=g","url":"https:\/\/secure.gravatar.com\/avatar\/d9c9746d6c900ab5b9c0f9b1fa3932e369da923da247d624b8f7ab4ba8a3c093?s=96&d=mm&r=g","contentUrl":"https:\/\/secure.gravatar.com\/avatar\/d9c9746d6c900ab5b9c0f9b1fa3932e369da923da247d624b8f7ab4ba8a3c093?s=96&d=mm&r=g","caption":"Bertrand Demandre"},"url":"https:\/\/fdd-ihedn.fr\/en\/author\/bertrand\/"}]}},"_links":{"self":[{"href":"https:\/\/fdd-ihedn.fr\/en\/wp-json\/wp\/v2\/posts\/4769","targetHints":{"allow":["GET"]}}],"collection":[{"href":"https:\/\/fdd-ihedn.fr\/en\/wp-json\/wp\/v2\/posts"}],"about":[{"href":"https:\/\/fdd-ihedn.fr\/en\/wp-json\/wp\/v2\/types\/post"}],"author":[{"embeddable":true,"href":"https:\/\/fdd-ihedn.fr\/en\/wp-json\/wp\/v2\/users\/2"}],"replies":[{"embeddable":true,"href":"https:\/\/fdd-ihedn.fr\/en\/wp-json\/wp\/v2\/comments?post=4769"}],"version-history":[{"count":5,"href":"https:\/\/fdd-ihedn.fr\/en\/wp-json\/wp\/v2\/posts\/4769\/revisions"}],"predecessor-version":[{"id":5655,"href":"https:\/\/fdd-ihedn.fr\/en\/wp-json\/wp\/v2\/posts\/4769\/revisions\/5655"}],"wp:featuredmedia":[{"embeddable":true,"href":"https:\/\/fdd-ihedn.fr\/en\/wp-json\/wp\/v2\/media\/4784"}],"wp:attachment":[{"href":"https:\/\/fdd-ihedn.fr\/en\/wp-json\/wp\/v2\/media?parent=4769"}],"wp:term":[{"taxonomy":"category","embeddable":true,"href":"https:\/\/fdd-ihedn.fr\/en\/wp-json\/wp\/v2\/categories?post=4769"},{"taxonomy":"post_tag","embeddable":true,"href":"https:\/\/fdd-ihedn.fr\/en\/wp-json\/wp\/v2\/tags?post=4769"}],"curies":[{"name":"wp","href":"https:\/\/api.w.org\/{rel}","templated":true}]}}