{"id":4768,"date":"2021-06-14T14:29:50","date_gmt":"2021-06-14T12:29:50","guid":{"rendered":"https:\/\/ecodef-ihedn.fr\/?p=3487"},"modified":"2024-09-24T14:00:18","modified_gmt":"2024-09-24T12:00:18","slug":"economie-spatiale-intervention-de-jean-belin-a-lecole-dete-defense-espace-2021","status":"publish","type":"post","link":"https:\/\/fdd-ihedn.fr\/en\/economie-spatiale-intervention-de-jean-belin-a-lecole-dete-defense-espace-2021\/","title":{"rendered":"[chaire ECODEF] \u00c9conomie spatiale : Intervention de Jean Belin \u00e0 l&rsquo;\u00e9cole d&rsquo;\u00e9t\u00e9 D\u00e9fense &#038; Espace 2021"},"content":{"rendered":"<p><strong>Jean Belin, holder of the Chair, gave a talk on space economics at the Defence &amp; Space 2021 summer school. <\/strong><\/p>\r\n\r\n\r\n\r\n<div class=\"wp-block-image\">\r\n<figure class=\"aligncenter size-large\"><img decoding=\"async\" class=\"wp-image-3489\" src=\"https:\/\/ecodef-ihedn.fr\/wp-content\/uploads\/2021\/06\/Affiche_EEDA_2021-2-724x1024.png\" alt=\"Organis\u00e9e en ligne par la Chaire D\u00e9fense &amp; A\u00e9rospatial, l'\u00e9cole d'\u00e9t\u00e9 D\u00e9fense &amp; Espace a invit\u00e9 Jean Belin, titulaire de la Chaire,  jeudi 10 juin afin de discuter de l'\u00e9conomie spatiale et de d\u00e9fense. \" \/><\/figure>\r\n<\/div>\r\n\r\n\r\n\r\n<p>Organised online by the <a href=\"https:\/\/www.sciencespobordeaux.fr\/fr\/formation\/ecoles-d-ete\/bordeaux-defence-space.html\" target=\"_blank\" rel=\"noreferrer noopener\">Defence &amp; Aerospace Chair<\/a>, The Defence &amp; Space summer school welcomed <strong>Jean Belin<\/strong>, Chair, on Thursday 10 June to discuss the following topics <strong>the space and defence economy<\/strong>.<\/p>\r\n\r\n\r\n\r\n<p>The aim of this presentation was to analyse the characteristics of the <a href=\"https:\/\/ecodef-ihedn.fr\/compte-rendu-de-la-conference-organisee-par-la-chaire-economie-de-defense-recherche-innovation-et-defense-le-20-mars-2019-a-lassemblee-nationale\/\" target=\"_blank\" rel=\"noreferrer noopener\">space market<\/a>, its specific features and <strong>its links with defence<\/strong>.<\/p>\r\n\r\n\r\n\r\n<p>Jean Belin's presentation was based on the observation that space is a<strong> an essential environment for armies<\/strong>, Access to it is increasingly contested. It has also become a key factor in the functioning of our economies and societies. In recent years, we have seen a major shift in the space business model. The size of the commercial market is <strong>strong growth<\/strong>, competition, both between countries and between companies, is greater and more intense. <strong>new methods and sources of financing<\/strong> complement public funding. Alongside the traditional players, new players in the commercial space are developing with a new approach, which is changing risk-taking and the incentive to innovate. Because of its influence on costs and capacity for innovation, the organisation of the sector has become a major concern for the space powers. The links between public and private players in the field, the type of contracts, competition on the market, the complementarities to be found between the technologies developed or the management of externalities such as space debris remain key issues. <strong>economic themes that are still under-researched<\/strong>.<\/p>\r\n\r\n\r\n\r\n<p>&nbsp;<\/p>","protected":false},"excerpt":{"rendered":"<p>Jean Belin, titulaire de la Chaire, est intervenu dans le cadre d&rsquo;une conf\u00e9rence sur l&rsquo;\u00e9conomie spatiale de l&rsquo;\u00e9cole d&rsquo;\u00e9t\u00e9 D\u00e9fense &amp; Espace 2021. Organis\u00e9e en ligne par la Chaire D\u00e9fense &amp; A\u00e9rospatial, l&rsquo;\u00e9cole d&rsquo;\u00e9t\u00e9 D\u00e9fense &amp; Espace a re\u00e7u Jean Belin, titulaire de la Chaire, ce jeudi 10 juin afin de discuter de l&rsquo;\u00e9conomie spatiale [&hellip;]<\/p>\n","protected":false},"author":2,"featured_media":4719,"comment_status":"open","ping_status":"open","sticky":false,"template":"","format":"standard","meta":{"footnotes":""},"categories":[34,438],"tags":[262,162,41,448,47,477,236,38,478],"class_list":{"0":"post-4768","1":"post","2":"type-post","3":"status-publish","4":"format-standard","5":"has-post-thumbnail","7":"category-activites","8":"category-chaire-economie-de-defense","9":"tag-chaire-defense-et-aerospatial","10":"tag-chaire-economie-de-defense","11":"tag-conference","12":"tag-ecodef","13":"tag-economie-de-defense","14":"tag-economie-spatiale","15":"tag-espace","16":"tag-ihedn","17":"tag-marche-du-spatial"},"yoast_head":"<!-- This site is optimized with the Yoast SEO plugin v27.4 - https:\/\/yoast.com\/product\/yoast-seo-wordpress\/ -->\n<title>[chaire ECODEF] \u00c9conomie spatiale : Intervention de Jean Belin \u00e0 l&#039;\u00e9cole d&#039;\u00e9t\u00e9 D\u00e9fense &amp; Espace 2021 - Fonds de dotation de l&#039;IHEDN<\/title>\n<meta name=\"description\" content=\"Organis\u00e9e en ligne par la Chaire D\u00e9fense &amp; A\u00e9rospatial, l&#039;\u00e9cole d&#039;\u00e9t\u00e9 D\u00e9fense &amp; Espace a invit\u00e9 Jean Belin, titulaire de la Chaire, jeudi 10 juin afin de discuter de l&#039;\u00e9conomie spatiale et de d\u00e9fense.\" \/>\n<meta name=\"robots\" content=\"index, follow, max-snippet:-1, max-image-preview:large, max-video-preview:-1\" \/>\n<link rel=\"canonical\" href=\"https:\/\/fdd-ihedn.fr\/en\/economie-spatiale-intervention-de-jean-belin-a-lecole-dete-defense-espace-2021\/\" \/>\n<meta property=\"og:locale\" content=\"en_GB\" \/>\n<meta property=\"og:type\" content=\"article\" \/>\n<meta property=\"og:title\" content=\"[chaire ECODEF] \u00c9conomie spatiale : Intervention de Jean Belin \u00e0 l&#039;\u00e9cole d&#039;\u00e9t\u00e9 D\u00e9fense &amp; Espace 2021 - Fonds de dotation de l&#039;IHEDN\" \/>\n<meta property=\"og:description\" content=\"Organis\u00e9e en ligne par la Chaire D\u00e9fense &amp; A\u00e9rospatial, l&#039;\u00e9cole d&#039;\u00e9t\u00e9 D\u00e9fense &amp; Espace a invit\u00e9 Jean Belin, titulaire de la Chaire, jeudi 10 juin afin de discuter de l&#039;\u00e9conomie spatiale et de d\u00e9fense.\" \/>\n<meta property=\"og:url\" content=\"https:\/\/fdd-ihedn.fr\/en\/economie-spatiale-intervention-de-jean-belin-a-lecole-dete-defense-espace-2021\/\" \/>\n<meta property=\"og:site_name\" content=\"Fonds de dotation de l&#039;IHEDN\" \/>\n<meta property=\"article:published_time\" content=\"2021-06-14T12:29:50+00:00\" \/>\n<meta property=\"article:modified_time\" content=\"2024-09-24T12:00:18+00:00\" \/>\n<meta property=\"og:image\" content=\"https:\/\/fdd-ihedn.fr\/wp-content\/uploads\/2021\/03\/Jean-BELIN.jpg\" \/>\n\t<meta property=\"og:image:width\" content=\"675\" \/>\n\t<meta property=\"og:image:height\" content=\"450\" \/>\n\t<meta property=\"og:image:type\" content=\"image\/jpeg\" \/>\n<meta name=\"author\" content=\"Bertrand Demandre\" \/>\n<meta name=\"twitter:card\" content=\"summary_large_image\" \/>\n<meta name=\"twitter:creator\" content=\"@Chaire_Ecodef\" \/>\n<meta name=\"twitter:site\" content=\"@Chaire_Ecodef\" \/>\n<meta name=\"twitter:label1\" content=\"Written by\" \/>\n\t<meta name=\"twitter:data1\" content=\"Bertrand Demandre\" \/>\n\t<meta name=\"twitter:label2\" content=\"Estimated reading time\" \/>\n\t<meta name=\"twitter:data2\" content=\"2 minutes\" \/>\n<script type=\"application\/ld+json\" class=\"yoast-schema-graph\">{\"@context\":\"https:\\\/\\\/schema.org\",\"@graph\":[{\"@type\":\"Article\",\"@id\":\"https:\\\/\\\/fdd-ihedn.fr\\\/economie-spatiale-intervention-de-jean-belin-a-lecole-dete-defense-espace-2021\\\/#article\",\"isPartOf\":{\"@id\":\"https:\\\/\\\/fdd-ihedn.fr\\\/economie-spatiale-intervention-de-jean-belin-a-lecole-dete-defense-espace-2021\\\/\"},\"author\":{\"name\":\"Bertrand Demandre\",\"@id\":\"https:\\\/\\\/fdd-ihedn.fr\\\/#\\\/schema\\\/person\\\/9fe23d397304e152668f6ba7966b1a64\"},\"headline\":\"[chaire ECODEF] \u00c9conomie spatiale : Intervention de Jean Belin \u00e0 l&rsquo;\u00e9cole d&rsquo;\u00e9t\u00e9 D\u00e9fense &#038; Espace 2021\",\"datePublished\":\"2021-06-14T12:29:50+00:00\",\"dateModified\":\"2024-09-24T12:00:18+00:00\",\"mainEntityOfPage\":{\"@id\":\"https:\\\/\\\/fdd-ihedn.fr\\\/economie-spatiale-intervention-de-jean-belin-a-lecole-dete-defense-espace-2021\\\/\"},\"wordCount\":323,\"commentCount\":0,\"publisher\":{\"@id\":\"https:\\\/\\\/fdd-ihedn.fr\\\/#organization\"},\"image\":{\"@id\":\"https:\\\/\\\/fdd-ihedn.fr\\\/economie-spatiale-intervention-de-jean-belin-a-lecole-dete-defense-espace-2021\\\/#primaryimage\"},\"thumbnailUrl\":\"https:\\\/\\\/fdd-ihedn.fr\\\/wp-content\\\/uploads\\\/2021\\\/03\\\/Jean-BELIN.jpg\",\"keywords\":[\"chaire d\u00e9fense et a\u00e9rospatial\",\"chaire \u00e9conomie de d\u00e9fense\",\"conf\u00e9rence\",\"ECODEF\",\"\u00e9conomie de d\u00e9fense\",\"\u00e9conomie spatiale\",\"espace\",\"IHEDN\",\"march\u00e9 du spatial\"],\"articleSection\":[\"Activit\u00e9s\",\"Chaire \u00c9conomie de d\u00e9fense\"],\"inLanguage\":\"en-GB\",\"potentialAction\":[{\"@type\":\"CommentAction\",\"name\":\"Comment\",\"target\":[\"https:\\\/\\\/fdd-ihedn.fr\\\/economie-spatiale-intervention-de-jean-belin-a-lecole-dete-defense-espace-2021\\\/#respond\"]}]},{\"@type\":\"WebPage\",\"@id\":\"https:\\\/\\\/fdd-ihedn.fr\\\/economie-spatiale-intervention-de-jean-belin-a-lecole-dete-defense-espace-2021\\\/\",\"url\":\"https:\\\/\\\/fdd-ihedn.fr\\\/economie-spatiale-intervention-de-jean-belin-a-lecole-dete-defense-espace-2021\\\/\",\"name\":\"[chaire ECODEF] \u00c9conomie spatiale : Intervention de Jean Belin \u00e0 l'\u00e9cole d'\u00e9t\u00e9 D\u00e9fense & Espace 2021 - Fonds de dotation de l&#039;IHEDN\",\"isPartOf\":{\"@id\":\"https:\\\/\\\/fdd-ihedn.fr\\\/#website\"},\"primaryImageOfPage\":{\"@id\":\"https:\\\/\\\/fdd-ihedn.fr\\\/economie-spatiale-intervention-de-jean-belin-a-lecole-dete-defense-espace-2021\\\/#primaryimage\"},\"image\":{\"@id\":\"https:\\\/\\\/fdd-ihedn.fr\\\/economie-spatiale-intervention-de-jean-belin-a-lecole-dete-defense-espace-2021\\\/#primaryimage\"},\"thumbnailUrl\":\"https:\\\/\\\/fdd-ihedn.fr\\\/wp-content\\\/uploads\\\/2021\\\/03\\\/Jean-BELIN.jpg\",\"datePublished\":\"2021-06-14T12:29:50+00:00\",\"dateModified\":\"2024-09-24T12:00:18+00:00\",\"description\":\"Organis\u00e9e en ligne par la Chaire D\u00e9fense & A\u00e9rospatial, l'\u00e9cole d'\u00e9t\u00e9 D\u00e9fense & Espace a invit\u00e9 Jean Belin, titulaire de la Chaire, jeudi 10 juin afin de discuter de l'\u00e9conomie spatiale et de d\u00e9fense.\",\"breadcrumb\":{\"@id\":\"https:\\\/\\\/fdd-ihedn.fr\\\/economie-spatiale-intervention-de-jean-belin-a-lecole-dete-defense-espace-2021\\\/#breadcrumb\"},\"inLanguage\":\"en-GB\",\"potentialAction\":[{\"@type\":\"ReadAction\",\"target\":[\"https:\\\/\\\/fdd-ihedn.fr\\\/economie-spatiale-intervention-de-jean-belin-a-lecole-dete-defense-espace-2021\\\/\"]}]},{\"@type\":\"ImageObject\",\"inLanguage\":\"en-GB\",\"@id\":\"https:\\\/\\\/fdd-ihedn.fr\\\/economie-spatiale-intervention-de-jean-belin-a-lecole-dete-defense-espace-2021\\\/#primaryimage\",\"url\":\"https:\\\/\\\/fdd-ihedn.fr\\\/wp-content\\\/uploads\\\/2021\\\/03\\\/Jean-BELIN.jpg\",\"contentUrl\":\"https:\\\/\\\/fdd-ihedn.fr\\\/wp-content\\\/uploads\\\/2021\\\/03\\\/Jean-BELIN.jpg\",\"width\":675,\"height\":450},{\"@type\":\"BreadcrumbList\",\"@id\":\"https:\\\/\\\/fdd-ihedn.fr\\\/economie-spatiale-intervention-de-jean-belin-a-lecole-dete-defense-espace-2021\\\/#breadcrumb\",\"itemListElement\":[{\"@type\":\"ListItem\",\"position\":1,\"name\":\"Accueil\",\"item\":\"https:\\\/\\\/fdd-ihedn.fr\\\/\"},{\"@type\":\"ListItem\",\"position\":2,\"name\":\"[chaire ECODEF] \u00c9conomie spatiale : Intervention de Jean Belin \u00e0 l&#8217;\u00e9cole d&#8217;\u00e9t\u00e9 D\u00e9fense &#038; Espace 2021\"}]},{\"@type\":\"WebSite\",\"@id\":\"https:\\\/\\\/fdd-ihedn.fr\\\/#website\",\"url\":\"https:\\\/\\\/fdd-ihedn.fr\\\/\",\"name\":\"Fonds de dotation de l&#039;IHEDN\",\"description\":\"Des projets innovants d\u00e9velopp\u00e9s pour l&#039;IHEDN gr\u00e2ce au m\u00e9c\u00e9nat\",\"publisher\":{\"@id\":\"https:\\\/\\\/fdd-ihedn.fr\\\/#organization\"},\"potentialAction\":[{\"@type\":\"SearchAction\",\"target\":{\"@type\":\"EntryPoint\",\"urlTemplate\":\"https:\\\/\\\/fdd-ihedn.fr\\\/?s={search_term_string}\"},\"query-input\":{\"@type\":\"PropertyValueSpecification\",\"valueRequired\":true,\"valueName\":\"search_term_string\"}}],\"inLanguage\":\"en-GB\"},{\"@type\":\"Organization\",\"@id\":\"https:\\\/\\\/fdd-ihedn.fr\\\/#organization\",\"name\":\"Chaire \u00c9conomie de d\u00e9fense - IHEDN\",\"url\":\"https:\\\/\\\/fdd-ihedn.fr\\\/\",\"logo\":{\"@type\":\"ImageObject\",\"inLanguage\":\"en-GB\",\"@id\":\"https:\\\/\\\/fdd-ihedn.fr\\\/#\\\/schema\\\/logo\\\/image\\\/\",\"url\":\"https:\\\/\\\/fdd-ihedn.fr\\\/wp-content\\\/uploads\\\/2020\\\/04\\\/logoEcodef9.jpg\",\"contentUrl\":\"https:\\\/\\\/fdd-ihedn.fr\\\/wp-content\\\/uploads\\\/2020\\\/04\\\/logoEcodef9.jpg\",\"width\":410,\"height\":212,\"caption\":\"Chaire \u00c9conomie de d\u00e9fense - IHEDN\"},\"image\":{\"@id\":\"https:\\\/\\\/fdd-ihedn.fr\\\/#\\\/schema\\\/logo\\\/image\\\/\"},\"sameAs\":[\"https:\\\/\\\/x.com\\\/Chaire_Ecodef\",\"https:\\\/\\\/www.linkedin.com\\\/company\\\/chaire-ecodef-ihedn\\\/\"]},{\"@type\":\"Person\",\"@id\":\"https:\\\/\\\/fdd-ihedn.fr\\\/#\\\/schema\\\/person\\\/9fe23d397304e152668f6ba7966b1a64\",\"name\":\"Bertrand Demandre\",\"image\":{\"@type\":\"ImageObject\",\"inLanguage\":\"en-GB\",\"@id\":\"https:\\\/\\\/secure.gravatar.com\\\/avatar\\\/d9c9746d6c900ab5b9c0f9b1fa3932e369da923da247d624b8f7ab4ba8a3c093?s=96&d=mm&r=g\",\"url\":\"https:\\\/\\\/secure.gravatar.com\\\/avatar\\\/d9c9746d6c900ab5b9c0f9b1fa3932e369da923da247d624b8f7ab4ba8a3c093?s=96&d=mm&r=g\",\"contentUrl\":\"https:\\\/\\\/secure.gravatar.com\\\/avatar\\\/d9c9746d6c900ab5b9c0f9b1fa3932e369da923da247d624b8f7ab4ba8a3c093?s=96&d=mm&r=g\",\"caption\":\"Bertrand Demandre\"},\"url\":\"https:\\\/\\\/fdd-ihedn.fr\\\/en\\\/author\\\/bertrand\\\/\"}]}<\/script>\n<!-- \/ Yoast SEO plugin. -->","yoast_head_json":{"title":"[chaire ECODEF] \u00c9conomie spatiale : Intervention de Jean Belin \u00e0 l'\u00e9cole d'\u00e9t\u00e9 D\u00e9fense & Espace 2021 - Fonds de dotation de l&#039;IHEDN","description":"Organis\u00e9e en ligne par la Chaire D\u00e9fense & A\u00e9rospatial, l'\u00e9cole d'\u00e9t\u00e9 D\u00e9fense & Espace a invit\u00e9 Jean Belin, titulaire de la Chaire, jeudi 10 juin afin de discuter de l'\u00e9conomie spatiale et de d\u00e9fense.","robots":{"index":"index","follow":"follow","max-snippet":"max-snippet:-1","max-image-preview":"max-image-preview:large","max-video-preview":"max-video-preview:-1"},"canonical":"https:\/\/fdd-ihedn.fr\/en\/economie-spatiale-intervention-de-jean-belin-a-lecole-dete-defense-espace-2021\/","og_locale":"en_GB","og_type":"article","og_title":"[chaire ECODEF] \u00c9conomie spatiale : Intervention de Jean Belin \u00e0 l'\u00e9cole d'\u00e9t\u00e9 D\u00e9fense & Espace 2021 - Fonds de dotation de l&#039;IHEDN","og_description":"Organis\u00e9e en ligne par la Chaire D\u00e9fense & A\u00e9rospatial, l'\u00e9cole d'\u00e9t\u00e9 D\u00e9fense & Espace a invit\u00e9 Jean Belin, titulaire de la Chaire, jeudi 10 juin afin de discuter de l'\u00e9conomie spatiale et de d\u00e9fense.","og_url":"https:\/\/fdd-ihedn.fr\/en\/economie-spatiale-intervention-de-jean-belin-a-lecole-dete-defense-espace-2021\/","og_site_name":"Fonds de dotation de l&#039;IHEDN","article_published_time":"2021-06-14T12:29:50+00:00","article_modified_time":"2024-09-24T12:00:18+00:00","og_image":[{"width":675,"height":450,"url":"https:\/\/fdd-ihedn.fr\/wp-content\/uploads\/2021\/03\/Jean-BELIN.jpg","type":"image\/jpeg"}],"author":"Bertrand Demandre","twitter_card":"summary_large_image","twitter_creator":"@Chaire_Ecodef","twitter_site":"@Chaire_Ecodef","twitter_misc":{"Written by":"Bertrand Demandre","Estimated reading time":"2 minutes"},"schema":{"@context":"https:\/\/schema.org","@graph":[{"@type":"Article","@id":"https:\/\/fdd-ihedn.fr\/economie-spatiale-intervention-de-jean-belin-a-lecole-dete-defense-espace-2021\/#article","isPartOf":{"@id":"https:\/\/fdd-ihedn.fr\/economie-spatiale-intervention-de-jean-belin-a-lecole-dete-defense-espace-2021\/"},"author":{"name":"Bertrand Demandre","@id":"https:\/\/fdd-ihedn.fr\/#\/schema\/person\/9fe23d397304e152668f6ba7966b1a64"},"headline":"[chaire ECODEF] \u00c9conomie spatiale : Intervention de Jean Belin \u00e0 l&rsquo;\u00e9cole d&rsquo;\u00e9t\u00e9 D\u00e9fense &#038; Espace 2021","datePublished":"2021-06-14T12:29:50+00:00","dateModified":"2024-09-24T12:00:18+00:00","mainEntityOfPage":{"@id":"https:\/\/fdd-ihedn.fr\/economie-spatiale-intervention-de-jean-belin-a-lecole-dete-defense-espace-2021\/"},"wordCount":323,"commentCount":0,"publisher":{"@id":"https:\/\/fdd-ihedn.fr\/#organization"},"image":{"@id":"https:\/\/fdd-ihedn.fr\/economie-spatiale-intervention-de-jean-belin-a-lecole-dete-defense-espace-2021\/#primaryimage"},"thumbnailUrl":"https:\/\/fdd-ihedn.fr\/wp-content\/uploads\/2021\/03\/Jean-BELIN.jpg","keywords":["chaire d\u00e9fense et a\u00e9rospatial","chaire \u00e9conomie de d\u00e9fense","conf\u00e9rence","ECODEF","\u00e9conomie de d\u00e9fense","\u00e9conomie spatiale","espace","IHEDN","march\u00e9 du spatial"],"articleSection":["Activit\u00e9s","Chaire \u00c9conomie de d\u00e9fense"],"inLanguage":"en-GB","potentialAction":[{"@type":"CommentAction","name":"Comment","target":["https:\/\/fdd-ihedn.fr\/economie-spatiale-intervention-de-jean-belin-a-lecole-dete-defense-espace-2021\/#respond"]}]},{"@type":"WebPage","@id":"https:\/\/fdd-ihedn.fr\/economie-spatiale-intervention-de-jean-belin-a-lecole-dete-defense-espace-2021\/","url":"https:\/\/fdd-ihedn.fr\/economie-spatiale-intervention-de-jean-belin-a-lecole-dete-defense-espace-2021\/","name":"[chaire ECODEF] \u00c9conomie spatiale : Intervention de Jean Belin \u00e0 l'\u00e9cole d'\u00e9t\u00e9 D\u00e9fense & Espace 2021 - Fonds de dotation de l&#039;IHEDN","isPartOf":{"@id":"https:\/\/fdd-ihedn.fr\/#website"},"primaryImageOfPage":{"@id":"https:\/\/fdd-ihedn.fr\/economie-spatiale-intervention-de-jean-belin-a-lecole-dete-defense-espace-2021\/#primaryimage"},"image":{"@id":"https:\/\/fdd-ihedn.fr\/economie-spatiale-intervention-de-jean-belin-a-lecole-dete-defense-espace-2021\/#primaryimage"},"thumbnailUrl":"https:\/\/fdd-ihedn.fr\/wp-content\/uploads\/2021\/03\/Jean-BELIN.jpg","datePublished":"2021-06-14T12:29:50+00:00","dateModified":"2024-09-24T12:00:18+00:00","description":"Organis\u00e9e en ligne par la Chaire D\u00e9fense & A\u00e9rospatial, l'\u00e9cole d'\u00e9t\u00e9 D\u00e9fense & Espace a invit\u00e9 Jean Belin, titulaire de la Chaire, jeudi 10 juin afin de discuter de l'\u00e9conomie spatiale et de d\u00e9fense.","breadcrumb":{"@id":"https:\/\/fdd-ihedn.fr\/economie-spatiale-intervention-de-jean-belin-a-lecole-dete-defense-espace-2021\/#breadcrumb"},"inLanguage":"en-GB","potentialAction":[{"@type":"ReadAction","target":["https:\/\/fdd-ihedn.fr\/economie-spatiale-intervention-de-jean-belin-a-lecole-dete-defense-espace-2021\/"]}]},{"@type":"ImageObject","inLanguage":"en-GB","@id":"https:\/\/fdd-ihedn.fr\/economie-spatiale-intervention-de-jean-belin-a-lecole-dete-defense-espace-2021\/#primaryimage","url":"https:\/\/fdd-ihedn.fr\/wp-content\/uploads\/2021\/03\/Jean-BELIN.jpg","contentUrl":"https:\/\/fdd-ihedn.fr\/wp-content\/uploads\/2021\/03\/Jean-BELIN.jpg","width":675,"height":450},{"@type":"BreadcrumbList","@id":"https:\/\/fdd-ihedn.fr\/economie-spatiale-intervention-de-jean-belin-a-lecole-dete-defense-espace-2021\/#breadcrumb","itemListElement":[{"@type":"ListItem","position":1,"name":"Accueil","item":"https:\/\/fdd-ihedn.fr\/"},{"@type":"ListItem","position":2,"name":"[chaire ECODEF] \u00c9conomie spatiale : Intervention de Jean Belin \u00e0 l&#8217;\u00e9cole d&#8217;\u00e9t\u00e9 D\u00e9fense &#038; Espace 2021"}]},{"@type":"WebSite","@id":"https:\/\/fdd-ihedn.fr\/#website","url":"https:\/\/fdd-ihedn.fr\/","name":"IHEDN Endowment Fund","description":"Innovative projects developed for IHEDN thanks to sponsorship","publisher":{"@id":"https:\/\/fdd-ihedn.fr\/#organization"},"potentialAction":[{"@type":"SearchAction","target":{"@type":"EntryPoint","urlTemplate":"https:\/\/fdd-ihedn.fr\/?s={search_term_string}"},"query-input":{"@type":"PropertyValueSpecification","valueRequired":true,"valueName":"search_term_string"}}],"inLanguage":"en-GB"},{"@type":"Organization","@id":"https:\/\/fdd-ihedn.fr\/#organization","name":"Chair in Defence Economics - IHEDN","url":"https:\/\/fdd-ihedn.fr\/","logo":{"@type":"ImageObject","inLanguage":"en-GB","@id":"https:\/\/fdd-ihedn.fr\/#\/schema\/logo\/image\/","url":"https:\/\/fdd-ihedn.fr\/wp-content\/uploads\/2020\/04\/logoEcodef9.jpg","contentUrl":"https:\/\/fdd-ihedn.fr\/wp-content\/uploads\/2020\/04\/logoEcodef9.jpg","width":410,"height":212,"caption":"Chaire \u00c9conomie de d\u00e9fense - IHEDN"},"image":{"@id":"https:\/\/fdd-ihedn.fr\/#\/schema\/logo\/image\/"},"sameAs":["https:\/\/x.com\/Chaire_Ecodef","https:\/\/www.linkedin.com\/company\/chaire-ecodef-ihedn\/"]},{"@type":"Person","@id":"https:\/\/fdd-ihedn.fr\/#\/schema\/person\/9fe23d397304e152668f6ba7966b1a64","name":"Bertrand Demandre","image":{"@type":"ImageObject","inLanguage":"en-GB","@id":"https:\/\/secure.gravatar.com\/avatar\/d9c9746d6c900ab5b9c0f9b1fa3932e369da923da247d624b8f7ab4ba8a3c093?s=96&d=mm&r=g","url":"https:\/\/secure.gravatar.com\/avatar\/d9c9746d6c900ab5b9c0f9b1fa3932e369da923da247d624b8f7ab4ba8a3c093?s=96&d=mm&r=g","contentUrl":"https:\/\/secure.gravatar.com\/avatar\/d9c9746d6c900ab5b9c0f9b1fa3932e369da923da247d624b8f7ab4ba8a3c093?s=96&d=mm&r=g","caption":"Bertrand Demandre"},"url":"https:\/\/fdd-ihedn.fr\/en\/author\/bertrand\/"}]}},"_links":{"self":[{"href":"https:\/\/fdd-ihedn.fr\/en\/wp-json\/wp\/v2\/posts\/4768","targetHints":{"allow":["GET"]}}],"collection":[{"href":"https:\/\/fdd-ihedn.fr\/en\/wp-json\/wp\/v2\/posts"}],"about":[{"href":"https:\/\/fdd-ihedn.fr\/en\/wp-json\/wp\/v2\/types\/post"}],"author":[{"embeddable":true,"href":"https:\/\/fdd-ihedn.fr\/en\/wp-json\/wp\/v2\/users\/2"}],"replies":[{"embeddable":true,"href":"https:\/\/fdd-ihedn.fr\/en\/wp-json\/wp\/v2\/comments?post=4768"}],"version-history":[{"count":4,"href":"https:\/\/fdd-ihedn.fr\/en\/wp-json\/wp\/v2\/posts\/4768\/revisions"}],"predecessor-version":[{"id":5656,"href":"https:\/\/fdd-ihedn.fr\/en\/wp-json\/wp\/v2\/posts\/4768\/revisions\/5656"}],"wp:featuredmedia":[{"embeddable":true,"href":"https:\/\/fdd-ihedn.fr\/en\/wp-json\/wp\/v2\/media\/4719"}],"wp:attachment":[{"href":"https:\/\/fdd-ihedn.fr\/en\/wp-json\/wp\/v2\/media?parent=4768"}],"wp:term":[{"taxonomy":"category","embeddable":true,"href":"https:\/\/fdd-ihedn.fr\/en\/wp-json\/wp\/v2\/categories?post=4768"},{"taxonomy":"post_tag","embeddable":true,"href":"https:\/\/fdd-ihedn.fr\/en\/wp-json\/wp\/v2\/tags?post=4768"}],"curies":[{"name":"wp","href":"https:\/\/api.w.org\/{rel}","templated":true}]}}