{"id":4662,"date":"2021-03-18T13:35:40","date_gmt":"2021-03-18T12:35:40","guid":{"rendered":"https:\/\/ecodef-ihedn.fr\/?p=3093"},"modified":"2024-09-24T14:02:00","modified_gmt":"2024-09-24T12:02:00","slug":"jean-belin-membre-du-jury-du-prix-deconomie-de-la-defense","status":"publish","type":"post","link":"https:\/\/fdd-ihedn.fr\/en\/jean-belin-membre-du-jury-du-prix-deconomie-de-la-defense\/","title":{"rendered":"[chaire ECODEF] Jean Belin membre du jury du prix d&rsquo;\u00e9conomie de la d\u00e9fense"},"content":{"rendered":"<p><strong>Jean Belin, titulaire de la Chaire \u00c9conomie de D\u00e9fense &#8211; IHEDN, a \u00e9t\u00e9 nomm\u00e9 au jury du prix \u00ab\u00a0\u00c9conomie de la d\u00e9fense\u00a0\u00bb.<\/strong><\/p>\n\n\n\n<div class=\"wp-block-image\"><figure class=\"aligncenter size-large\"><img loading=\"lazy\" decoding=\"async\" width=\"675\" height=\"450\" src=\"https:\/\/fdd-ihedn.fr\/wp-content\/uploads\/2021\/03\/Jean-BELIN.jpg\" alt=\"\" class=\"wp-image-4719\" srcset=\"https:\/\/fdd-ihedn.fr\/wp-content\/uploads\/2021\/03\/Jean-BELIN.jpg 675w, https:\/\/fdd-ihedn.fr\/wp-content\/uploads\/2021\/03\/Jean-BELIN-300x200.jpg 300w, https:\/\/fdd-ihedn.fr\/wp-content\/uploads\/2021\/03\/Jean-BELIN-630x420.jpg 630w\" sizes=\"auto, (max-width: 675px) 100vw, 675px\" \/><figcaption>Jean Belin, Titulaire de la Chaire \u00c9conomie de d\u00e9fense &#8211; IHEDN<\/figcaption><\/figure><\/div>\n\n\n\n<p>Le minist\u00e8re des Arm\u00e9es a nomm\u00e9 <strong>Jean Belin<\/strong>, titulaire de la Chaire,<strong> <\/strong><a href=\"https:\/\/www.legifrance.gouv.fr\/jorf\/id\/JORFTEXT000043247069\" target=\"_blank\" rel=\"noreferrer noopener\">au jury du prix d&rsquo;\u00e9conomie de la d\u00e9fense<\/a>. <\/p>\n\n\n\n<p>Le <a href=\"https:\/\/www.defense.gouv.fr\/sga\/le-sga-en-action\/economie-et-statistiques\/evenements\/prix-economie\" target=\"_blank\" rel=\"noreferrer noopener\">prix d&rsquo;\u00e9conomie de la d\u00e9fense<\/a> r\u00e9compense chaque ann\u00e9e une th\u00e8se, la pr\u00e9sentation de travaux scientifiques originaux ou un m\u00e9moire universitaire de deuxi\u00e8me ou de troisi\u00e8me cycle pour sa qualit\u00e9, son originalit\u00e9 et son int\u00e9r\u00eat vis-\u00e0-vis du domaine de l\u2019\u00e9conomie de la d\u00e9fense.<\/p>\n\n\n\n<p>En 2015, ce prix avait \u00e9t\u00e9 remis \u00e0<strong>&nbsp;Josselin Droff<\/strong>, chercheur \u00e0 la Chaire, pour sa th\u00e8se de doctorat en Sciences \u00e9conomiques intitul\u00e9e&nbsp;: <a href=\"https:\/\/ecodef-ihedn.fr\/prix-deconomie-de-la-defense-2015-these-de-josselin-droff-chercheur-du-reseau-de-la-chaire\/\" target=\"_blank\" rel=\"noreferrer noopener\">\u00ab&nbsp;Le facteur spatial en \u00e9conomie de la d\u00e9fense&nbsp;: application au maintien en condition op\u00e9rationnelle des mat\u00e9riels de d\u00e9fense&nbsp;\u00bb<\/a>, soutenue \u00e0 l&rsquo;Universit\u00e9 de Bretagne Occidentale&nbsp;(UBO) en novembre 2013. En 2018, il a \u00e9t\u00e9 d\u00e9cern\u00e9 \u00e0 <strong>Fran\u00e7ois-Xavier Meunier<\/strong> pour sa th\u00e8se \u00ab Innovation technologique duale : une analyse en termes d&rsquo;influence et de coh\u00e9rence&nbsp;\u00bb, <a href=\"https:\/\/ecodef-ihedn.fr\/retour-sur-la-conference-recherche-innovation-et-defense-de-la-chaire-economie-de-defense\/\" target=\"_blank\" rel=\"noreferrer noopener\">en cl\u00f4ture de la conf\u00e9rence annuelle Recherche, Innovation et D\u00e9fense<\/a> de la Chaire.<\/p>\n\n\n\n<p><\/p>","protected":false},"excerpt":{"rendered":"<p>Le minist\u00e8re des Arm\u00e9es a nomm\u00e9 Jean Belin, titulaire de la Chaire,  au jury du prix d&rsquo;\u00e9conomie de la d\u00e9fense. <\/p>","protected":false},"author":2,"featured_media":4719,"comment_status":"open","ping_status":"open","sticky":false,"template":"","format":"standard","meta":{"footnotes":""},"categories":[34,438],"tags":[162,424,47,287,95,349,56,214,422,423],"class_list":{"0":"post-4662","1":"post","2":"type-post","3":"status-publish","4":"format-standard","5":"has-post-thumbnail","7":"category-activites","8":"category-chaire-economie-de-defense","9":"tag-chaire-economie-de-defense","10":"tag-doctorat","11":"tag-economie-de-defense","12":"tag-jean-belin","13":"tag-ministere-des-armees","14":"tag-nomination","15":"tag-prix-deconomie-de-la-defense","16":"tag-prix-de-these","17":"tag-soutien-a-la-recherche","18":"tag-travaux-scientifiques"},"yoast_head":"<!-- This site is optimized with the Yoast SEO plugin v27.4 - https:\/\/yoast.com\/product\/yoast-seo-wordpress\/ -->\n<title>[chaire ECODEF] Jean Belin membre du jury du prix d&#039;\u00e9conomie de la d\u00e9fense - Fonds de dotation de l&#039;IHEDN<\/title>\n<meta name=\"description\" content=\"Le minist\u00e8re des Arm\u00e9es a nomm\u00e9 Jean Belin, titulaire de la Chaire, au jury du prix d&#039;\u00e9conomie de la d\u00e9fense.\" \/>\n<meta name=\"robots\" content=\"index, follow, max-snippet:-1, max-image-preview:large, max-video-preview:-1\" \/>\n<link rel=\"canonical\" href=\"https:\/\/fdd-ihedn.fr\/en\/jean-belin-membre-du-jury-du-prix-deconomie-de-la-defense\/\" \/>\n<meta property=\"og:locale\" content=\"en_GB\" \/>\n<meta property=\"og:type\" content=\"article\" \/>\n<meta property=\"og:title\" content=\"[chaire ECODEF] Jean Belin membre du jury du prix d&#039;\u00e9conomie de la d\u00e9fense - Fonds de dotation de l&#039;IHEDN\" \/>\n<meta property=\"og:description\" content=\"Le minist\u00e8re des Arm\u00e9es a nomm\u00e9 Jean Belin, titulaire de la Chaire, au jury du prix d&#039;\u00e9conomie de la d\u00e9fense.\" \/>\n<meta property=\"og:url\" content=\"https:\/\/fdd-ihedn.fr\/en\/jean-belin-membre-du-jury-du-prix-deconomie-de-la-defense\/\" \/>\n<meta property=\"og:site_name\" content=\"Fonds de dotation de l&#039;IHEDN\" \/>\n<meta property=\"article:published_time\" content=\"2021-03-18T12:35:40+00:00\" \/>\n<meta property=\"article:modified_time\" content=\"2024-09-24T12:02:00+00:00\" \/>\n<meta property=\"og:image\" content=\"https:\/\/fdd-ihedn.fr\/wp-content\/uploads\/2021\/03\/Jean-BELIN.jpg\" \/>\n\t<meta property=\"og:image:width\" content=\"675\" \/>\n\t<meta property=\"og:image:height\" content=\"450\" \/>\n\t<meta property=\"og:image:type\" content=\"image\/jpeg\" \/>\n<meta name=\"author\" content=\"Bertrand Demandre\" \/>\n<meta name=\"twitter:card\" content=\"summary_large_image\" \/>\n<meta name=\"twitter:creator\" content=\"@Chaire_Ecodef\" \/>\n<meta name=\"twitter:site\" content=\"@Chaire_Ecodef\" \/>\n<meta name=\"twitter:label1\" content=\"Written by\" \/>\n\t<meta name=\"twitter:data1\" content=\"Bertrand Demandre\" \/>\n\t<meta name=\"twitter:label2\" content=\"Estimated reading time\" \/>\n\t<meta name=\"twitter:data2\" content=\"1 minute\" \/>\n<script type=\"application\/ld+json\" class=\"yoast-schema-graph\">{\"@context\":\"https:\\\/\\\/schema.org\",\"@graph\":[{\"@type\":\"Article\",\"@id\":\"https:\\\/\\\/fdd-ihedn.fr\\\/jean-belin-membre-du-jury-du-prix-deconomie-de-la-defense\\\/#article\",\"isPartOf\":{\"@id\":\"https:\\\/\\\/fdd-ihedn.fr\\\/jean-belin-membre-du-jury-du-prix-deconomie-de-la-defense\\\/\"},\"author\":{\"name\":\"Bertrand Demandre\",\"@id\":\"https:\\\/\\\/fdd-ihedn.fr\\\/#\\\/schema\\\/person\\\/9fe23d397304e152668f6ba7966b1a64\"},\"headline\":\"[chaire ECODEF] Jean Belin membre du jury du prix d&rsquo;\u00e9conomie de la d\u00e9fense\",\"datePublished\":\"2021-03-18T12:35:40+00:00\",\"dateModified\":\"2024-09-24T12:02:00+00:00\",\"mainEntityOfPage\":{\"@id\":\"https:\\\/\\\/fdd-ihedn.fr\\\/jean-belin-membre-du-jury-du-prix-deconomie-de-la-defense\\\/\"},\"wordCount\":234,\"commentCount\":0,\"publisher\":{\"@id\":\"https:\\\/\\\/fdd-ihedn.fr\\\/#organization\"},\"image\":{\"@id\":\"https:\\\/\\\/fdd-ihedn.fr\\\/jean-belin-membre-du-jury-du-prix-deconomie-de-la-defense\\\/#primaryimage\"},\"thumbnailUrl\":\"https:\\\/\\\/fdd-ihedn.fr\\\/wp-content\\\/uploads\\\/2021\\\/03\\\/Jean-BELIN.jpg\",\"keywords\":[\"chaire \u00e9conomie de d\u00e9fense\",\"doctorat\",\"\u00e9conomie de d\u00e9fense\",\"Jean Belin\",\"Minist\u00e8re des Arm\u00e9es\",\"nomination\",\"prix d'\u00e9conomie de la D\u00e9fense\",\"Prix de th\u00e8se\",\"soutien \u00e0 la recherche\",\"travaux scientifiques\"],\"articleSection\":[\"Activit\u00e9s\",\"Chaire \u00c9conomie de d\u00e9fense\"],\"inLanguage\":\"en-GB\",\"potentialAction\":[{\"@type\":\"CommentAction\",\"name\":\"Comment\",\"target\":[\"https:\\\/\\\/fdd-ihedn.fr\\\/jean-belin-membre-du-jury-du-prix-deconomie-de-la-defense\\\/#respond\"]}]},{\"@type\":\"WebPage\",\"@id\":\"https:\\\/\\\/fdd-ihedn.fr\\\/jean-belin-membre-du-jury-du-prix-deconomie-de-la-defense\\\/\",\"url\":\"https:\\\/\\\/fdd-ihedn.fr\\\/jean-belin-membre-du-jury-du-prix-deconomie-de-la-defense\\\/\",\"name\":\"[chaire ECODEF] Jean Belin membre du jury du prix d'\u00e9conomie de la d\u00e9fense - Fonds de dotation de l&#039;IHEDN\",\"isPartOf\":{\"@id\":\"https:\\\/\\\/fdd-ihedn.fr\\\/#website\"},\"primaryImageOfPage\":{\"@id\":\"https:\\\/\\\/fdd-ihedn.fr\\\/jean-belin-membre-du-jury-du-prix-deconomie-de-la-defense\\\/#primaryimage\"},\"image\":{\"@id\":\"https:\\\/\\\/fdd-ihedn.fr\\\/jean-belin-membre-du-jury-du-prix-deconomie-de-la-defense\\\/#primaryimage\"},\"thumbnailUrl\":\"https:\\\/\\\/fdd-ihedn.fr\\\/wp-content\\\/uploads\\\/2021\\\/03\\\/Jean-BELIN.jpg\",\"datePublished\":\"2021-03-18T12:35:40+00:00\",\"dateModified\":\"2024-09-24T12:02:00+00:00\",\"description\":\"Le minist\u00e8re des Arm\u00e9es a nomm\u00e9 Jean Belin, titulaire de la Chaire, au jury du prix d'\u00e9conomie de la d\u00e9fense.\",\"breadcrumb\":{\"@id\":\"https:\\\/\\\/fdd-ihedn.fr\\\/jean-belin-membre-du-jury-du-prix-deconomie-de-la-defense\\\/#breadcrumb\"},\"inLanguage\":\"en-GB\",\"potentialAction\":[{\"@type\":\"ReadAction\",\"target\":[\"https:\\\/\\\/fdd-ihedn.fr\\\/jean-belin-membre-du-jury-du-prix-deconomie-de-la-defense\\\/\"]}]},{\"@type\":\"ImageObject\",\"inLanguage\":\"en-GB\",\"@id\":\"https:\\\/\\\/fdd-ihedn.fr\\\/jean-belin-membre-du-jury-du-prix-deconomie-de-la-defense\\\/#primaryimage\",\"url\":\"https:\\\/\\\/fdd-ihedn.fr\\\/wp-content\\\/uploads\\\/2021\\\/03\\\/Jean-BELIN.jpg\",\"contentUrl\":\"https:\\\/\\\/fdd-ihedn.fr\\\/wp-content\\\/uploads\\\/2021\\\/03\\\/Jean-BELIN.jpg\",\"width\":675,\"height\":450},{\"@type\":\"BreadcrumbList\",\"@id\":\"https:\\\/\\\/fdd-ihedn.fr\\\/jean-belin-membre-du-jury-du-prix-deconomie-de-la-defense\\\/#breadcrumb\",\"itemListElement\":[{\"@type\":\"ListItem\",\"position\":1,\"name\":\"Accueil\",\"item\":\"https:\\\/\\\/fdd-ihedn.fr\\\/\"},{\"@type\":\"ListItem\",\"position\":2,\"name\":\"[chaire ECODEF] Jean Belin membre du jury du prix d&#8217;\u00e9conomie de la d\u00e9fense\"}]},{\"@type\":\"WebSite\",\"@id\":\"https:\\\/\\\/fdd-ihedn.fr\\\/#website\",\"url\":\"https:\\\/\\\/fdd-ihedn.fr\\\/\",\"name\":\"Fonds de dotation de l&#039;IHEDN\",\"description\":\"Des projets innovants d\u00e9velopp\u00e9s pour l&#039;IHEDN gr\u00e2ce au m\u00e9c\u00e9nat\",\"publisher\":{\"@id\":\"https:\\\/\\\/fdd-ihedn.fr\\\/#organization\"},\"potentialAction\":[{\"@type\":\"SearchAction\",\"target\":{\"@type\":\"EntryPoint\",\"urlTemplate\":\"https:\\\/\\\/fdd-ihedn.fr\\\/?s={search_term_string}\"},\"query-input\":{\"@type\":\"PropertyValueSpecification\",\"valueRequired\":true,\"valueName\":\"search_term_string\"}}],\"inLanguage\":\"en-GB\"},{\"@type\":\"Organization\",\"@id\":\"https:\\\/\\\/fdd-ihedn.fr\\\/#organization\",\"name\":\"Chaire \u00c9conomie de d\u00e9fense - IHEDN\",\"url\":\"https:\\\/\\\/fdd-ihedn.fr\\\/\",\"logo\":{\"@type\":\"ImageObject\",\"inLanguage\":\"en-GB\",\"@id\":\"https:\\\/\\\/fdd-ihedn.fr\\\/#\\\/schema\\\/logo\\\/image\\\/\",\"url\":\"https:\\\/\\\/fdd-ihedn.fr\\\/wp-content\\\/uploads\\\/2020\\\/04\\\/logoEcodef9.jpg\",\"contentUrl\":\"https:\\\/\\\/fdd-ihedn.fr\\\/wp-content\\\/uploads\\\/2020\\\/04\\\/logoEcodef9.jpg\",\"width\":410,\"height\":212,\"caption\":\"Chaire \u00c9conomie de d\u00e9fense - IHEDN\"},\"image\":{\"@id\":\"https:\\\/\\\/fdd-ihedn.fr\\\/#\\\/schema\\\/logo\\\/image\\\/\"},\"sameAs\":[\"https:\\\/\\\/x.com\\\/Chaire_Ecodef\",\"https:\\\/\\\/www.linkedin.com\\\/company\\\/chaire-ecodef-ihedn\\\/\"]},{\"@type\":\"Person\",\"@id\":\"https:\\\/\\\/fdd-ihedn.fr\\\/#\\\/schema\\\/person\\\/9fe23d397304e152668f6ba7966b1a64\",\"name\":\"Bertrand Demandre\",\"image\":{\"@type\":\"ImageObject\",\"inLanguage\":\"en-GB\",\"@id\":\"https:\\\/\\\/secure.gravatar.com\\\/avatar\\\/d9c9746d6c900ab5b9c0f9b1fa3932e369da923da247d624b8f7ab4ba8a3c093?s=96&d=mm&r=g\",\"url\":\"https:\\\/\\\/secure.gravatar.com\\\/avatar\\\/d9c9746d6c900ab5b9c0f9b1fa3932e369da923da247d624b8f7ab4ba8a3c093?s=96&d=mm&r=g\",\"contentUrl\":\"https:\\\/\\\/secure.gravatar.com\\\/avatar\\\/d9c9746d6c900ab5b9c0f9b1fa3932e369da923da247d624b8f7ab4ba8a3c093?s=96&d=mm&r=g\",\"caption\":\"Bertrand Demandre\"},\"url\":\"https:\\\/\\\/fdd-ihedn.fr\\\/en\\\/author\\\/bertrand\\\/\"}]}<\/script>\n<!-- \/ Yoast SEO plugin. -->","yoast_head_json":{"title":"[chaire ECODEF] Jean Belin membre du jury du prix d'\u00e9conomie de la d\u00e9fense - Fonds de dotation de l&#039;IHEDN","description":"Le minist\u00e8re des Arm\u00e9es a nomm\u00e9 Jean Belin, titulaire de la Chaire, au jury du prix d'\u00e9conomie de la d\u00e9fense.","robots":{"index":"index","follow":"follow","max-snippet":"max-snippet:-1","max-image-preview":"max-image-preview:large","max-video-preview":"max-video-preview:-1"},"canonical":"https:\/\/fdd-ihedn.fr\/en\/jean-belin-membre-du-jury-du-prix-deconomie-de-la-defense\/","og_locale":"en_GB","og_type":"article","og_title":"[chaire ECODEF] Jean Belin membre du jury du prix d'\u00e9conomie de la d\u00e9fense - Fonds de dotation de l&#039;IHEDN","og_description":"Le minist\u00e8re des Arm\u00e9es a nomm\u00e9 Jean Belin, titulaire de la Chaire, au jury du prix d'\u00e9conomie de la d\u00e9fense.","og_url":"https:\/\/fdd-ihedn.fr\/en\/jean-belin-membre-du-jury-du-prix-deconomie-de-la-defense\/","og_site_name":"Fonds de dotation de l&#039;IHEDN","article_published_time":"2021-03-18T12:35:40+00:00","article_modified_time":"2024-09-24T12:02:00+00:00","og_image":[{"width":675,"height":450,"url":"https:\/\/fdd-ihedn.fr\/wp-content\/uploads\/2021\/03\/Jean-BELIN.jpg","type":"image\/jpeg"}],"author":"Bertrand Demandre","twitter_card":"summary_large_image","twitter_creator":"@Chaire_Ecodef","twitter_site":"@Chaire_Ecodef","twitter_misc":{"Written by":"Bertrand Demandre","Estimated reading time":"1 minute"},"schema":{"@context":"https:\/\/schema.org","@graph":[{"@type":"Article","@id":"https:\/\/fdd-ihedn.fr\/jean-belin-membre-du-jury-du-prix-deconomie-de-la-defense\/#article","isPartOf":{"@id":"https:\/\/fdd-ihedn.fr\/jean-belin-membre-du-jury-du-prix-deconomie-de-la-defense\/"},"author":{"name":"Bertrand Demandre","@id":"https:\/\/fdd-ihedn.fr\/#\/schema\/person\/9fe23d397304e152668f6ba7966b1a64"},"headline":"[chaire ECODEF] Jean Belin membre du jury du prix d&rsquo;\u00e9conomie de la d\u00e9fense","datePublished":"2021-03-18T12:35:40+00:00","dateModified":"2024-09-24T12:02:00+00:00","mainEntityOfPage":{"@id":"https:\/\/fdd-ihedn.fr\/jean-belin-membre-du-jury-du-prix-deconomie-de-la-defense\/"},"wordCount":234,"commentCount":0,"publisher":{"@id":"https:\/\/fdd-ihedn.fr\/#organization"},"image":{"@id":"https:\/\/fdd-ihedn.fr\/jean-belin-membre-du-jury-du-prix-deconomie-de-la-defense\/#primaryimage"},"thumbnailUrl":"https:\/\/fdd-ihedn.fr\/wp-content\/uploads\/2021\/03\/Jean-BELIN.jpg","keywords":["chaire \u00e9conomie de d\u00e9fense","doctorat","\u00e9conomie de d\u00e9fense","Jean Belin","Minist\u00e8re des Arm\u00e9es","nomination","prix d'\u00e9conomie de la D\u00e9fense","Prix de th\u00e8se","soutien \u00e0 la recherche","travaux scientifiques"],"articleSection":["Activit\u00e9s","Chaire \u00c9conomie de d\u00e9fense"],"inLanguage":"en-GB","potentialAction":[{"@type":"CommentAction","name":"Comment","target":["https:\/\/fdd-ihedn.fr\/jean-belin-membre-du-jury-du-prix-deconomie-de-la-defense\/#respond"]}]},{"@type":"WebPage","@id":"https:\/\/fdd-ihedn.fr\/jean-belin-membre-du-jury-du-prix-deconomie-de-la-defense\/","url":"https:\/\/fdd-ihedn.fr\/jean-belin-membre-du-jury-du-prix-deconomie-de-la-defense\/","name":"[chaire ECODEF] Jean Belin membre du jury du prix d'\u00e9conomie de la d\u00e9fense - Fonds de dotation de l&#039;IHEDN","isPartOf":{"@id":"https:\/\/fdd-ihedn.fr\/#website"},"primaryImageOfPage":{"@id":"https:\/\/fdd-ihedn.fr\/jean-belin-membre-du-jury-du-prix-deconomie-de-la-defense\/#primaryimage"},"image":{"@id":"https:\/\/fdd-ihedn.fr\/jean-belin-membre-du-jury-du-prix-deconomie-de-la-defense\/#primaryimage"},"thumbnailUrl":"https:\/\/fdd-ihedn.fr\/wp-content\/uploads\/2021\/03\/Jean-BELIN.jpg","datePublished":"2021-03-18T12:35:40+00:00","dateModified":"2024-09-24T12:02:00+00:00","description":"Le minist\u00e8re des Arm\u00e9es a nomm\u00e9 Jean Belin, titulaire de la Chaire, au jury du prix d'\u00e9conomie de la d\u00e9fense.","breadcrumb":{"@id":"https:\/\/fdd-ihedn.fr\/jean-belin-membre-du-jury-du-prix-deconomie-de-la-defense\/#breadcrumb"},"inLanguage":"en-GB","potentialAction":[{"@type":"ReadAction","target":["https:\/\/fdd-ihedn.fr\/jean-belin-membre-du-jury-du-prix-deconomie-de-la-defense\/"]}]},{"@type":"ImageObject","inLanguage":"en-GB","@id":"https:\/\/fdd-ihedn.fr\/jean-belin-membre-du-jury-du-prix-deconomie-de-la-defense\/#primaryimage","url":"https:\/\/fdd-ihedn.fr\/wp-content\/uploads\/2021\/03\/Jean-BELIN.jpg","contentUrl":"https:\/\/fdd-ihedn.fr\/wp-content\/uploads\/2021\/03\/Jean-BELIN.jpg","width":675,"height":450},{"@type":"BreadcrumbList","@id":"https:\/\/fdd-ihedn.fr\/jean-belin-membre-du-jury-du-prix-deconomie-de-la-defense\/#breadcrumb","itemListElement":[{"@type":"ListItem","position":1,"name":"Accueil","item":"https:\/\/fdd-ihedn.fr\/"},{"@type":"ListItem","position":2,"name":"[chaire ECODEF] Jean Belin membre du jury du prix d&#8217;\u00e9conomie de la d\u00e9fense"}]},{"@type":"WebSite","@id":"https:\/\/fdd-ihedn.fr\/#website","url":"https:\/\/fdd-ihedn.fr\/","name":"IHEDN Endowment Fund","description":"Innovative projects developed for IHEDN thanks to sponsorship","publisher":{"@id":"https:\/\/fdd-ihedn.fr\/#organization"},"potentialAction":[{"@type":"SearchAction","target":{"@type":"EntryPoint","urlTemplate":"https:\/\/fdd-ihedn.fr\/?s={search_term_string}"},"query-input":{"@type":"PropertyValueSpecification","valueRequired":true,"valueName":"search_term_string"}}],"inLanguage":"en-GB"},{"@type":"Organization","@id":"https:\/\/fdd-ihedn.fr\/#organization","name":"Chair in Defence Economics - IHEDN","url":"https:\/\/fdd-ihedn.fr\/","logo":{"@type":"ImageObject","inLanguage":"en-GB","@id":"https:\/\/fdd-ihedn.fr\/#\/schema\/logo\/image\/","url":"https:\/\/fdd-ihedn.fr\/wp-content\/uploads\/2020\/04\/logoEcodef9.jpg","contentUrl":"https:\/\/fdd-ihedn.fr\/wp-content\/uploads\/2020\/04\/logoEcodef9.jpg","width":410,"height":212,"caption":"Chaire \u00c9conomie de d\u00e9fense - IHEDN"},"image":{"@id":"https:\/\/fdd-ihedn.fr\/#\/schema\/logo\/image\/"},"sameAs":["https:\/\/x.com\/Chaire_Ecodef","https:\/\/www.linkedin.com\/company\/chaire-ecodef-ihedn\/"]},{"@type":"Person","@id":"https:\/\/fdd-ihedn.fr\/#\/schema\/person\/9fe23d397304e152668f6ba7966b1a64","name":"Bertrand Demandre","image":{"@type":"ImageObject","inLanguage":"en-GB","@id":"https:\/\/secure.gravatar.com\/avatar\/d9c9746d6c900ab5b9c0f9b1fa3932e369da923da247d624b8f7ab4ba8a3c093?s=96&d=mm&r=g","url":"https:\/\/secure.gravatar.com\/avatar\/d9c9746d6c900ab5b9c0f9b1fa3932e369da923da247d624b8f7ab4ba8a3c093?s=96&d=mm&r=g","contentUrl":"https:\/\/secure.gravatar.com\/avatar\/d9c9746d6c900ab5b9c0f9b1fa3932e369da923da247d624b8f7ab4ba8a3c093?s=96&d=mm&r=g","caption":"Bertrand Demandre"},"url":"https:\/\/fdd-ihedn.fr\/en\/author\/bertrand\/"}]}},"_links":{"self":[{"href":"https:\/\/fdd-ihedn.fr\/en\/wp-json\/wp\/v2\/posts\/4662","targetHints":{"allow":["GET"]}}],"collection":[{"href":"https:\/\/fdd-ihedn.fr\/en\/wp-json\/wp\/v2\/posts"}],"about":[{"href":"https:\/\/fdd-ihedn.fr\/en\/wp-json\/wp\/v2\/types\/post"}],"author":[{"embeddable":true,"href":"https:\/\/fdd-ihedn.fr\/en\/wp-json\/wp\/v2\/users\/2"}],"replies":[{"embeddable":true,"href":"https:\/\/fdd-ihedn.fr\/en\/wp-json\/wp\/v2\/comments?post=4662"}],"version-history":[{"count":5,"href":"https:\/\/fdd-ihedn.fr\/en\/wp-json\/wp\/v2\/posts\/4662\/revisions"}],"predecessor-version":[{"id":5668,"href":"https:\/\/fdd-ihedn.fr\/en\/wp-json\/wp\/v2\/posts\/4662\/revisions\/5668"}],"wp:featuredmedia":[{"embeddable":true,"href":"https:\/\/fdd-ihedn.fr\/en\/wp-json\/wp\/v2\/media\/4719"}],"wp:attachment":[{"href":"https:\/\/fdd-ihedn.fr\/en\/wp-json\/wp\/v2\/media?parent=4662"}],"wp:term":[{"taxonomy":"category","embeddable":true,"href":"https:\/\/fdd-ihedn.fr\/en\/wp-json\/wp\/v2\/categories?post=4662"},{"taxonomy":"post_tag","embeddable":true,"href":"https:\/\/fdd-ihedn.fr\/en\/wp-json\/wp\/v2\/tags?post=4662"}],"curies":[{"name":"wp","href":"https:\/\/api.w.org\/{rel}","templated":true}]}}