{"id":4425,"date":"2021-05-04T14:50:54","date_gmt":"2021-05-04T12:50:54","guid":{"rendered":"https:\/\/ecodef-ihedn.fr\/?p=3293"},"modified":"2024-09-24T14:00:43","modified_gmt":"2024-09-24T12:00:43","slug":"avions-de-combat-en-europe-publication-dun-article-de-josselin-droff-julien-malizard-et-laure-noel-dans-la-revue-historique-des-armees","status":"publish","type":"post","link":"https:\/\/fdd-ihedn.fr\/en\/avions-de-combat-en-europe-publication-dun-article-de-josselin-droff-julien-malizard-et-laure-noel-dans-la-revue-historique-des-armees\/","title":{"rendered":"[chaire ECODEF] Avions de combat en Europe : Publication d&rsquo;un article de Josselin Droff, Julien Malizard et Laure No\u00ebl dans la Revue historique des Arm\u00e9es"},"content":{"rendered":"<p><\/p>\n\n\n\n<p><strong>Researchers from the Economics of Defence Chair - IHEDN have published <strong>in the latest issue of the Revue historique des Arm\u00e9es<\/strong><\/strong> <strong>an article on European states' preferences for fighter aircraft since the Cold War. <\/strong><\/p>\n\n\n\n<div class=\"wp-block-image\"><figure class=\"aligncenter size-large\"><img decoding=\"async\" src=\"https:\/\/ecodef-ihedn.fr\/wp-content\/uploads\/2021\/05\/Couv_301_last_BAT.jpg\" alt=\"Josselin Droff, Julien Malizard et Laure No\u00ebl ont publi\u00e9 un article intitul\u00e9 &quot;Les pr\u00e9f\u00e9rences des Etats en mati\u00e8re d'\u00e9quipements de d\u00e9fense : les avions de combat en Europe depuis la fin de la Guerre froide&quot;. \" class=\"wp-image-3325\"\/><\/figure><\/div>\n\n\n\n<p><strong>Josselin Droff<\/strong>, Research Chair, <strong>Julien Malizard<\/strong>, Deputy Chairholder, and <strong>Laure No\u00ebl<\/strong>, The authors of an article entitled \u00abLes pr\u00e9f\u00e9rences des \u00c9tats en mati\u00e8re d'\u00e9quipements de d\u00e9fense : les avions de combat en Europe depuis la fin de la Guerre froide\u00bb (State preferences in defence equipment: fighter aircraft in Europe since the end of the Cold War).<\/p>\n\n\n\n<p>It was published in the latest issue of the <a href=\"https:\/\/www.servicehistorique.sga.defense.gouv.fr\/liste-rha\" target=\"_blank\" rel=\"noreferrer noopener\"><em>Revue historique des Arm\u00e9es<\/em><\/a> (2020\/301) devoted to air power since the Gulf War. <\/p>\n\n\n\n<p class=\"has-text-align-center\">&gt;&gt; <a href=\"https:\/\/www.servicehistorique.sga.defense.gouv.fr\/rha\/la-puissance-aerienne-depuis-la-guerre-du-golfe\" target=\"_blank\" rel=\"noreferrer noopener\">To obtain the magazine<\/a> &lt;&lt;<\/p>\n\n\n\n<p>A symbol of prestige and military power, the combat aircraft is also a market subject to both financial constraints and political and diplomatic uncertainties. This article sets out to understand how these markets are built and how they evolve. <strong>States' preferences for fighter aircraft in Europe, with reference to the period 1990-2019<\/strong>. Changes or continuities are quantified using indicators such as the<strong> fleet size<\/strong>, the<strong> fleet diversity<\/strong>, or the\u2019<strong>average age of fleets<\/strong>. The results of this article show that despite\u2019<strong>a common downward trend in the number of combat aircraft<\/strong>, countries have implemented<strong> different strategies<\/strong> according to their industrial capacity and operational needs. A <strong>typology based on the calculation of an \u00abacquisition gradient\u00bb<\/strong> provides an opportunity to discuss future issues in the context of <a href=\"https:\/\/ecodef-ihedn.fr\/lindustrie-de-defense-en-europe-la-cooperation-ou-le-declassement\/\" target=\"_blank\" rel=\"noreferrer noopener\">major programmes under development<\/a>.<\/p>\n\n\n\n<p>This <strong>computer graphics<\/strong> presents the main findings of the article : <\/p>\n\n\n\n<div class=\"wp-block-columns is-layout-flex wp-container-core-columns-is-layout-9d6595d7 wp-block-columns-is-layout-flex\">\n<div class=\"wp-block-column is-layout-flow wp-block-column-is-layout-flow\" style=\"flex-basis:100%\">\n<div class=\"wp-block-group\"><div class=\"wp-block-group__inner-container is-layout-flow wp-block-group-is-layout-flow\">\n<div class=\"wp-block-image\"><figure class=\"aligncenter size-full\"><img decoding=\"async\" src=\"https:\/\/ecodef-ihedn.fr\/wp-content\/uploads\/2021\/05\/1-3.png\" alt=\"\" class=\"wp-image-3344\"\/><\/figure><\/div>\n\n\n\n<div class=\"wp-block-image\"><figure class=\"aligncenter size-full\"><img decoding=\"async\" src=\"https:\/\/ecodef-ihedn.fr\/wp-content\/uploads\/2021\/05\/2-3.png\" alt=\"\" class=\"wp-image-3345\"\/><\/figure><\/div>\n\n\n\n<div class=\"wp-block-image\"><figure class=\"aligncenter size-full\"><img decoding=\"async\" src=\"https:\/\/ecodef-ihedn.fr\/wp-content\/uploads\/2021\/05\/3-1.png\" alt=\"\" class=\"wp-image-3346\"\/><\/figure><\/div>\n<\/div><\/div>\n\n\n\n<p><\/p>\n<\/div>\n<\/div>\n\n\n\n<p><\/p>","protected":false},"excerpt":{"rendered":"<p>Des chercheurs de la Chaire \u00c9conomie de D\u00e9fense &#8211; IHEDN ont publi\u00e9 dans le dernier num\u00e9ro de la Revue historique des Arm\u00e9es un article sur les pr\u00e9f\u00e9rences des \u00c9tats europ\u00e9ens en mati\u00e8re d&rsquo;avions de combat depuis la Guerre froide. Josselin Droff, Chercheur \u00e0 la Chaire, Julien Malizard, Titulaire adjoint de la Chaire, et Laure No\u00ebl, [&hellip;]<\/p>\n","protected":false},"author":2,"featured_media":4717,"comment_status":"open","ping_status":"open","sticky":false,"template":"","format":"standard","meta":{"footnotes":""},"categories":[34,438],"tags":[470,178,471,75,202,86,472,110,473],"class_list":{"0":"post-4425","1":"post","2":"type-post","3":"status-publish","4":"format-standard","5":"has-post-thumbnail","7":"category-activites","8":"category-chaire-economie-de-defense","9":"tag-avions-de-combat","10":"tag-europe","11":"tag-infographie","12":"tag-investissement","13":"tag-josselin-droff","14":"tag-julien-malizard","15":"tag-laure-noel","16":"tag-publications","17":"tag-revue-historique-des-armees"},"yoast_head":"<!-- This site is optimized with the Yoast SEO plugin v27.4 - https:\/\/yoast.com\/product\/yoast-seo-wordpress\/ -->\n<title>[chaire ECODEF] Avions de combat en Europe : Publication d&#039;un article de Josselin Droff, Julien Malizard et Laure No\u00ebl dans la Revue historique des Arm\u00e9es - Fonds de dotation de l&#039;IHEDN<\/title>\n<meta name=\"description\" content=\"Josselin Droff, Julien Malizard et Laure No\u00ebl ont publi\u00e9 un article intitul\u00e9 &quot;Les pr\u00e9f\u00e9rences des Etats en mati\u00e8re d&#039;\u00e9quipements de d\u00e9fense : les avions de combat en Europe depuis la fin de la Guerre froide&quot;.\" \/>\n<meta name=\"robots\" content=\"index, follow, max-snippet:-1, max-image-preview:large, max-video-preview:-1\" \/>\n<link rel=\"canonical\" href=\"https:\/\/fdd-ihedn.fr\/en\/avions-de-combat-en-europe-publication-dun-article-de-josselin-droff-julien-malizard-et-laure-noel-dans-la-revue-historique-des-armees\/\" \/>\n<meta property=\"og:locale\" content=\"en_GB\" \/>\n<meta property=\"og:type\" content=\"article\" \/>\n<meta property=\"og:title\" content=\"[chaire ECODEF] Avions de combat en Europe : Publication d&#039;un article de Josselin Droff, Julien Malizard et Laure No\u00ebl dans la Revue historique des Arm\u00e9es - Fonds de dotation de l&#039;IHEDN\" \/>\n<meta property=\"og:description\" content=\"Josselin Droff, Julien Malizard et Laure No\u00ebl ont publi\u00e9 un article intitul\u00e9 &quot;Les pr\u00e9f\u00e9rences des Etats en mati\u00e8re d&#039;\u00e9quipements de d\u00e9fense : les avions de combat en Europe depuis la fin de la Guerre froide&quot;.\" \/>\n<meta property=\"og:url\" content=\"https:\/\/fdd-ihedn.fr\/en\/avions-de-combat-en-europe-publication-dun-article-de-josselin-droff-julien-malizard-et-laure-noel-dans-la-revue-historique-des-armees\/\" \/>\n<meta property=\"og:site_name\" content=\"Fonds de dotation de l&#039;IHEDN\" \/>\n<meta property=\"article:published_time\" content=\"2021-05-04T12:50:54+00:00\" \/>\n<meta property=\"article:modified_time\" content=\"2024-09-24T12:00:43+00:00\" \/>\n<meta property=\"og:image\" content=\"https:\/\/fdd-ihedn.fr\/wp-content\/uploads\/2021\/05\/RHA-couverture.jpg\" \/>\n\t<meta property=\"og:image:width\" content=\"597\" \/>\n\t<meta property=\"og:image:height\" content=\"398\" \/>\n\t<meta property=\"og:image:type\" content=\"image\/jpeg\" \/>\n<meta name=\"author\" content=\"Bertrand Demandre\" \/>\n<meta name=\"twitter:card\" content=\"summary_large_image\" \/>\n<meta name=\"twitter:creator\" content=\"@Chaire_Ecodef\" \/>\n<meta name=\"twitter:site\" content=\"@Chaire_Ecodef\" \/>\n<meta name=\"twitter:label1\" content=\"Written by\" \/>\n\t<meta name=\"twitter:data1\" content=\"Bertrand Demandre\" \/>\n\t<meta name=\"twitter:label2\" content=\"Estimated reading time\" \/>\n\t<meta name=\"twitter:data2\" content=\"2 minutes\" \/>\n<script type=\"application\/ld+json\" class=\"yoast-schema-graph\">{\"@context\":\"https:\\\/\\\/schema.org\",\"@graph\":[{\"@type\":\"Article\",\"@id\":\"https:\\\/\\\/fdd-ihedn.fr\\\/avions-de-combat-en-europe-publication-dun-article-de-josselin-droff-julien-malizard-et-laure-noel-dans-la-revue-historique-des-armees\\\/#article\",\"isPartOf\":{\"@id\":\"https:\\\/\\\/fdd-ihedn.fr\\\/avions-de-combat-en-europe-publication-dun-article-de-josselin-droff-julien-malizard-et-laure-noel-dans-la-revue-historique-des-armees\\\/\"},\"author\":{\"name\":\"Bertrand Demandre\",\"@id\":\"https:\\\/\\\/fdd-ihedn.fr\\\/#\\\/schema\\\/person\\\/9fe23d397304e152668f6ba7966b1a64\"},\"headline\":\"[chaire ECODEF] Avions de combat en Europe : Publication d&rsquo;un article de Josselin Droff, Julien Malizard et Laure No\u00ebl dans la Revue historique des Arm\u00e9es\",\"datePublished\":\"2021-05-04T12:50:54+00:00\",\"dateModified\":\"2024-09-24T12:00:43+00:00\",\"mainEntityOfPage\":{\"@id\":\"https:\\\/\\\/fdd-ihedn.fr\\\/avions-de-combat-en-europe-publication-dun-article-de-josselin-droff-julien-malizard-et-laure-noel-dans-la-revue-historique-des-armees\\\/\"},\"wordCount\":339,\"commentCount\":0,\"publisher\":{\"@id\":\"https:\\\/\\\/fdd-ihedn.fr\\\/#organization\"},\"image\":{\"@id\":\"https:\\\/\\\/fdd-ihedn.fr\\\/avions-de-combat-en-europe-publication-dun-article-de-josselin-droff-julien-malizard-et-laure-noel-dans-la-revue-historique-des-armees\\\/#primaryimage\"},\"thumbnailUrl\":\"https:\\\/\\\/fdd-ihedn.fr\\\/wp-content\\\/uploads\\\/2021\\\/05\\\/RHA-couverture.jpg\",\"keywords\":[\"avions de combat\",\"Europe\",\"infographie\",\"investissement\",\"Josselin Droff\",\"Julien Malizard\",\"Laure No\u00ebl\",\"Publications\",\"revue historique des arm\u00e9es\"],\"articleSection\":[\"Activit\u00e9s\",\"Chaire \u00c9conomie de d\u00e9fense\"],\"inLanguage\":\"en-GB\",\"potentialAction\":[{\"@type\":\"CommentAction\",\"name\":\"Comment\",\"target\":[\"https:\\\/\\\/fdd-ihedn.fr\\\/avions-de-combat-en-europe-publication-dun-article-de-josselin-droff-julien-malizard-et-laure-noel-dans-la-revue-historique-des-armees\\\/#respond\"]}]},{\"@type\":\"WebPage\",\"@id\":\"https:\\\/\\\/fdd-ihedn.fr\\\/avions-de-combat-en-europe-publication-dun-article-de-josselin-droff-julien-malizard-et-laure-noel-dans-la-revue-historique-des-armees\\\/\",\"url\":\"https:\\\/\\\/fdd-ihedn.fr\\\/avions-de-combat-en-europe-publication-dun-article-de-josselin-droff-julien-malizard-et-laure-noel-dans-la-revue-historique-des-armees\\\/\",\"name\":\"[chaire ECODEF] Avions de combat en Europe : Publication d'un article de Josselin Droff, Julien Malizard et Laure No\u00ebl dans la Revue historique des Arm\u00e9es - Fonds de dotation de l&#039;IHEDN\",\"isPartOf\":{\"@id\":\"https:\\\/\\\/fdd-ihedn.fr\\\/#website\"},\"primaryImageOfPage\":{\"@id\":\"https:\\\/\\\/fdd-ihedn.fr\\\/avions-de-combat-en-europe-publication-dun-article-de-josselin-droff-julien-malizard-et-laure-noel-dans-la-revue-historique-des-armees\\\/#primaryimage\"},\"image\":{\"@id\":\"https:\\\/\\\/fdd-ihedn.fr\\\/avions-de-combat-en-europe-publication-dun-article-de-josselin-droff-julien-malizard-et-laure-noel-dans-la-revue-historique-des-armees\\\/#primaryimage\"},\"thumbnailUrl\":\"https:\\\/\\\/fdd-ihedn.fr\\\/wp-content\\\/uploads\\\/2021\\\/05\\\/RHA-couverture.jpg\",\"datePublished\":\"2021-05-04T12:50:54+00:00\",\"dateModified\":\"2024-09-24T12:00:43+00:00\",\"description\":\"Josselin Droff, Julien Malizard et Laure No\u00ebl ont publi\u00e9 un article intitul\u00e9 \\\"Les pr\u00e9f\u00e9rences des Etats en mati\u00e8re d'\u00e9quipements de d\u00e9fense : les avions de combat en Europe depuis la fin de la Guerre froide\\\".\",\"breadcrumb\":{\"@id\":\"https:\\\/\\\/fdd-ihedn.fr\\\/avions-de-combat-en-europe-publication-dun-article-de-josselin-droff-julien-malizard-et-laure-noel-dans-la-revue-historique-des-armees\\\/#breadcrumb\"},\"inLanguage\":\"en-GB\",\"potentialAction\":[{\"@type\":\"ReadAction\",\"target\":[\"https:\\\/\\\/fdd-ihedn.fr\\\/avions-de-combat-en-europe-publication-dun-article-de-josselin-droff-julien-malizard-et-laure-noel-dans-la-revue-historique-des-armees\\\/\"]}]},{\"@type\":\"ImageObject\",\"inLanguage\":\"en-GB\",\"@id\":\"https:\\\/\\\/fdd-ihedn.fr\\\/avions-de-combat-en-europe-publication-dun-article-de-josselin-droff-julien-malizard-et-laure-noel-dans-la-revue-historique-des-armees\\\/#primaryimage\",\"url\":\"https:\\\/\\\/fdd-ihedn.fr\\\/wp-content\\\/uploads\\\/2021\\\/05\\\/RHA-couverture.jpg\",\"contentUrl\":\"https:\\\/\\\/fdd-ihedn.fr\\\/wp-content\\\/uploads\\\/2021\\\/05\\\/RHA-couverture.jpg\",\"width\":597,\"height\":398},{\"@type\":\"BreadcrumbList\",\"@id\":\"https:\\\/\\\/fdd-ihedn.fr\\\/avions-de-combat-en-europe-publication-dun-article-de-josselin-droff-julien-malizard-et-laure-noel-dans-la-revue-historique-des-armees\\\/#breadcrumb\",\"itemListElement\":[{\"@type\":\"ListItem\",\"position\":1,\"name\":\"Accueil\",\"item\":\"https:\\\/\\\/fdd-ihedn.fr\\\/\"},{\"@type\":\"ListItem\",\"position\":2,\"name\":\"[chaire ECODEF] Avions de combat en Europe : Publication d&#8217;un article de Josselin Droff, Julien Malizard et Laure No\u00ebl dans la Revue historique des Arm\u00e9es\"}]},{\"@type\":\"WebSite\",\"@id\":\"https:\\\/\\\/fdd-ihedn.fr\\\/#website\",\"url\":\"https:\\\/\\\/fdd-ihedn.fr\\\/\",\"name\":\"Fonds de dotation de l&#039;IHEDN\",\"description\":\"Des projets innovants d\u00e9velopp\u00e9s pour l&#039;IHEDN gr\u00e2ce au m\u00e9c\u00e9nat\",\"publisher\":{\"@id\":\"https:\\\/\\\/fdd-ihedn.fr\\\/#organization\"},\"potentialAction\":[{\"@type\":\"SearchAction\",\"target\":{\"@type\":\"EntryPoint\",\"urlTemplate\":\"https:\\\/\\\/fdd-ihedn.fr\\\/?s={search_term_string}\"},\"query-input\":{\"@type\":\"PropertyValueSpecification\",\"valueRequired\":true,\"valueName\":\"search_term_string\"}}],\"inLanguage\":\"en-GB\"},{\"@type\":\"Organization\",\"@id\":\"https:\\\/\\\/fdd-ihedn.fr\\\/#organization\",\"name\":\"Chaire \u00c9conomie de d\u00e9fense - IHEDN\",\"url\":\"https:\\\/\\\/fdd-ihedn.fr\\\/\",\"logo\":{\"@type\":\"ImageObject\",\"inLanguage\":\"en-GB\",\"@id\":\"https:\\\/\\\/fdd-ihedn.fr\\\/#\\\/schema\\\/logo\\\/image\\\/\",\"url\":\"https:\\\/\\\/fdd-ihedn.fr\\\/wp-content\\\/uploads\\\/2020\\\/04\\\/logoEcodef9.jpg\",\"contentUrl\":\"https:\\\/\\\/fdd-ihedn.fr\\\/wp-content\\\/uploads\\\/2020\\\/04\\\/logoEcodef9.jpg\",\"width\":410,\"height\":212,\"caption\":\"Chaire \u00c9conomie de d\u00e9fense - IHEDN\"},\"image\":{\"@id\":\"https:\\\/\\\/fdd-ihedn.fr\\\/#\\\/schema\\\/logo\\\/image\\\/\"},\"sameAs\":[\"https:\\\/\\\/x.com\\\/Chaire_Ecodef\",\"https:\\\/\\\/www.linkedin.com\\\/company\\\/chaire-ecodef-ihedn\\\/\"]},{\"@type\":\"Person\",\"@id\":\"https:\\\/\\\/fdd-ihedn.fr\\\/#\\\/schema\\\/person\\\/9fe23d397304e152668f6ba7966b1a64\",\"name\":\"Bertrand Demandre\",\"image\":{\"@type\":\"ImageObject\",\"inLanguage\":\"en-GB\",\"@id\":\"https:\\\/\\\/secure.gravatar.com\\\/avatar\\\/d9c9746d6c900ab5b9c0f9b1fa3932e369da923da247d624b8f7ab4ba8a3c093?s=96&d=mm&r=g\",\"url\":\"https:\\\/\\\/secure.gravatar.com\\\/avatar\\\/d9c9746d6c900ab5b9c0f9b1fa3932e369da923da247d624b8f7ab4ba8a3c093?s=96&d=mm&r=g\",\"contentUrl\":\"https:\\\/\\\/secure.gravatar.com\\\/avatar\\\/d9c9746d6c900ab5b9c0f9b1fa3932e369da923da247d624b8f7ab4ba8a3c093?s=96&d=mm&r=g\",\"caption\":\"Bertrand Demandre\"},\"url\":\"https:\\\/\\\/fdd-ihedn.fr\\\/en\\\/author\\\/bertrand\\\/\"}]}<\/script>\n<!-- \/ Yoast SEO plugin. -->","yoast_head_json":{"title":"[chaire ECODEF] Avions de combat en Europe : Publication d'un article de Josselin Droff, Julien Malizard et Laure No\u00ebl dans la Revue historique des Arm\u00e9es - Fonds de dotation de l&#039;IHEDN","description":"Josselin Droff, Julien Malizard et Laure No\u00ebl ont publi\u00e9 un article intitul\u00e9 \"Les pr\u00e9f\u00e9rences des Etats en mati\u00e8re d'\u00e9quipements de d\u00e9fense : les avions de combat en Europe depuis la fin de la Guerre froide\".","robots":{"index":"index","follow":"follow","max-snippet":"max-snippet:-1","max-image-preview":"max-image-preview:large","max-video-preview":"max-video-preview:-1"},"canonical":"https:\/\/fdd-ihedn.fr\/en\/avions-de-combat-en-europe-publication-dun-article-de-josselin-droff-julien-malizard-et-laure-noel-dans-la-revue-historique-des-armees\/","og_locale":"en_GB","og_type":"article","og_title":"[chaire ECODEF] Avions de combat en Europe : Publication d'un article de Josselin Droff, Julien Malizard et Laure No\u00ebl dans la Revue historique des Arm\u00e9es - Fonds de dotation de l&#039;IHEDN","og_description":"Josselin Droff, Julien Malizard et Laure No\u00ebl ont publi\u00e9 un article intitul\u00e9 \"Les pr\u00e9f\u00e9rences des Etats en mati\u00e8re d'\u00e9quipements de d\u00e9fense : les avions de combat en Europe depuis la fin de la Guerre froide\".","og_url":"https:\/\/fdd-ihedn.fr\/en\/avions-de-combat-en-europe-publication-dun-article-de-josselin-droff-julien-malizard-et-laure-noel-dans-la-revue-historique-des-armees\/","og_site_name":"Fonds de dotation de l&#039;IHEDN","article_published_time":"2021-05-04T12:50:54+00:00","article_modified_time":"2024-09-24T12:00:43+00:00","og_image":[{"width":597,"height":398,"url":"https:\/\/fdd-ihedn.fr\/wp-content\/uploads\/2021\/05\/RHA-couverture.jpg","type":"image\/jpeg"}],"author":"Bertrand Demandre","twitter_card":"summary_large_image","twitter_creator":"@Chaire_Ecodef","twitter_site":"@Chaire_Ecodef","twitter_misc":{"Written by":"Bertrand Demandre","Estimated reading time":"2 minutes"},"schema":{"@context":"https:\/\/schema.org","@graph":[{"@type":"Article","@id":"https:\/\/fdd-ihedn.fr\/avions-de-combat-en-europe-publication-dun-article-de-josselin-droff-julien-malizard-et-laure-noel-dans-la-revue-historique-des-armees\/#article","isPartOf":{"@id":"https:\/\/fdd-ihedn.fr\/avions-de-combat-en-europe-publication-dun-article-de-josselin-droff-julien-malizard-et-laure-noel-dans-la-revue-historique-des-armees\/"},"author":{"name":"Bertrand Demandre","@id":"https:\/\/fdd-ihedn.fr\/#\/schema\/person\/9fe23d397304e152668f6ba7966b1a64"},"headline":"[chaire ECODEF] Avions de combat en Europe : Publication d&rsquo;un article de Josselin Droff, Julien Malizard et Laure No\u00ebl dans la Revue historique des Arm\u00e9es","datePublished":"2021-05-04T12:50:54+00:00","dateModified":"2024-09-24T12:00:43+00:00","mainEntityOfPage":{"@id":"https:\/\/fdd-ihedn.fr\/avions-de-combat-en-europe-publication-dun-article-de-josselin-droff-julien-malizard-et-laure-noel-dans-la-revue-historique-des-armees\/"},"wordCount":339,"commentCount":0,"publisher":{"@id":"https:\/\/fdd-ihedn.fr\/#organization"},"image":{"@id":"https:\/\/fdd-ihedn.fr\/avions-de-combat-en-europe-publication-dun-article-de-josselin-droff-julien-malizard-et-laure-noel-dans-la-revue-historique-des-armees\/#primaryimage"},"thumbnailUrl":"https:\/\/fdd-ihedn.fr\/wp-content\/uploads\/2021\/05\/RHA-couverture.jpg","keywords":["avions de combat","Europe","infographie","investissement","Josselin Droff","Julien Malizard","Laure No\u00ebl","Publications","revue historique des arm\u00e9es"],"articleSection":["Activit\u00e9s","Chaire \u00c9conomie de d\u00e9fense"],"inLanguage":"en-GB","potentialAction":[{"@type":"CommentAction","name":"Comment","target":["https:\/\/fdd-ihedn.fr\/avions-de-combat-en-europe-publication-dun-article-de-josselin-droff-julien-malizard-et-laure-noel-dans-la-revue-historique-des-armees\/#respond"]}]},{"@type":"WebPage","@id":"https:\/\/fdd-ihedn.fr\/avions-de-combat-en-europe-publication-dun-article-de-josselin-droff-julien-malizard-et-laure-noel-dans-la-revue-historique-des-armees\/","url":"https:\/\/fdd-ihedn.fr\/avions-de-combat-en-europe-publication-dun-article-de-josselin-droff-julien-malizard-et-laure-noel-dans-la-revue-historique-des-armees\/","name":"[chaire ECODEF] Avions de combat en Europe : Publication d'un article de Josselin Droff, Julien Malizard et Laure No\u00ebl dans la Revue historique des Arm\u00e9es - Fonds de dotation de l&#039;IHEDN","isPartOf":{"@id":"https:\/\/fdd-ihedn.fr\/#website"},"primaryImageOfPage":{"@id":"https:\/\/fdd-ihedn.fr\/avions-de-combat-en-europe-publication-dun-article-de-josselin-droff-julien-malizard-et-laure-noel-dans-la-revue-historique-des-armees\/#primaryimage"},"image":{"@id":"https:\/\/fdd-ihedn.fr\/avions-de-combat-en-europe-publication-dun-article-de-josselin-droff-julien-malizard-et-laure-noel-dans-la-revue-historique-des-armees\/#primaryimage"},"thumbnailUrl":"https:\/\/fdd-ihedn.fr\/wp-content\/uploads\/2021\/05\/RHA-couverture.jpg","datePublished":"2021-05-04T12:50:54+00:00","dateModified":"2024-09-24T12:00:43+00:00","description":"Josselin Droff, Julien Malizard et Laure No\u00ebl ont publi\u00e9 un article intitul\u00e9 \"Les pr\u00e9f\u00e9rences des Etats en mati\u00e8re d'\u00e9quipements de d\u00e9fense : les avions de combat en Europe depuis la fin de la Guerre froide\".","breadcrumb":{"@id":"https:\/\/fdd-ihedn.fr\/avions-de-combat-en-europe-publication-dun-article-de-josselin-droff-julien-malizard-et-laure-noel-dans-la-revue-historique-des-armees\/#breadcrumb"},"inLanguage":"en-GB","potentialAction":[{"@type":"ReadAction","target":["https:\/\/fdd-ihedn.fr\/avions-de-combat-en-europe-publication-dun-article-de-josselin-droff-julien-malizard-et-laure-noel-dans-la-revue-historique-des-armees\/"]}]},{"@type":"ImageObject","inLanguage":"en-GB","@id":"https:\/\/fdd-ihedn.fr\/avions-de-combat-en-europe-publication-dun-article-de-josselin-droff-julien-malizard-et-laure-noel-dans-la-revue-historique-des-armees\/#primaryimage","url":"https:\/\/fdd-ihedn.fr\/wp-content\/uploads\/2021\/05\/RHA-couverture.jpg","contentUrl":"https:\/\/fdd-ihedn.fr\/wp-content\/uploads\/2021\/05\/RHA-couverture.jpg","width":597,"height":398},{"@type":"BreadcrumbList","@id":"https:\/\/fdd-ihedn.fr\/avions-de-combat-en-europe-publication-dun-article-de-josselin-droff-julien-malizard-et-laure-noel-dans-la-revue-historique-des-armees\/#breadcrumb","itemListElement":[{"@type":"ListItem","position":1,"name":"Accueil","item":"https:\/\/fdd-ihedn.fr\/"},{"@type":"ListItem","position":2,"name":"[chaire ECODEF] Avions de combat en Europe : Publication d&#8217;un article de Josselin Droff, Julien Malizard et Laure No\u00ebl dans la Revue historique des Arm\u00e9es"}]},{"@type":"WebSite","@id":"https:\/\/fdd-ihedn.fr\/#website","url":"https:\/\/fdd-ihedn.fr\/","name":"IHEDN Endowment Fund","description":"Innovative projects developed for IHEDN thanks to sponsorship","publisher":{"@id":"https:\/\/fdd-ihedn.fr\/#organization"},"potentialAction":[{"@type":"SearchAction","target":{"@type":"EntryPoint","urlTemplate":"https:\/\/fdd-ihedn.fr\/?s={search_term_string}"},"query-input":{"@type":"PropertyValueSpecification","valueRequired":true,"valueName":"search_term_string"}}],"inLanguage":"en-GB"},{"@type":"Organization","@id":"https:\/\/fdd-ihedn.fr\/#organization","name":"Chair in Defence Economics - IHEDN","url":"https:\/\/fdd-ihedn.fr\/","logo":{"@type":"ImageObject","inLanguage":"en-GB","@id":"https:\/\/fdd-ihedn.fr\/#\/schema\/logo\/image\/","url":"https:\/\/fdd-ihedn.fr\/wp-content\/uploads\/2020\/04\/logoEcodef9.jpg","contentUrl":"https:\/\/fdd-ihedn.fr\/wp-content\/uploads\/2020\/04\/logoEcodef9.jpg","width":410,"height":212,"caption":"Chaire \u00c9conomie de d\u00e9fense - IHEDN"},"image":{"@id":"https:\/\/fdd-ihedn.fr\/#\/schema\/logo\/image\/"},"sameAs":["https:\/\/x.com\/Chaire_Ecodef","https:\/\/www.linkedin.com\/company\/chaire-ecodef-ihedn\/"]},{"@type":"Person","@id":"https:\/\/fdd-ihedn.fr\/#\/schema\/person\/9fe23d397304e152668f6ba7966b1a64","name":"Bertrand Demandre","image":{"@type":"ImageObject","inLanguage":"en-GB","@id":"https:\/\/secure.gravatar.com\/avatar\/d9c9746d6c900ab5b9c0f9b1fa3932e369da923da247d624b8f7ab4ba8a3c093?s=96&d=mm&r=g","url":"https:\/\/secure.gravatar.com\/avatar\/d9c9746d6c900ab5b9c0f9b1fa3932e369da923da247d624b8f7ab4ba8a3c093?s=96&d=mm&r=g","contentUrl":"https:\/\/secure.gravatar.com\/avatar\/d9c9746d6c900ab5b9c0f9b1fa3932e369da923da247d624b8f7ab4ba8a3c093?s=96&d=mm&r=g","caption":"Bertrand Demandre"},"url":"https:\/\/fdd-ihedn.fr\/en\/author\/bertrand\/"}]}},"_links":{"self":[{"href":"https:\/\/fdd-ihedn.fr\/en\/wp-json\/wp\/v2\/posts\/4425","targetHints":{"allow":["GET"]}}],"collection":[{"href":"https:\/\/fdd-ihedn.fr\/en\/wp-json\/wp\/v2\/posts"}],"about":[{"href":"https:\/\/fdd-ihedn.fr\/en\/wp-json\/wp\/v2\/types\/post"}],"author":[{"embeddable":true,"href":"https:\/\/fdd-ihedn.fr\/en\/wp-json\/wp\/v2\/users\/2"}],"replies":[{"embeddable":true,"href":"https:\/\/fdd-ihedn.fr\/en\/wp-json\/wp\/v2\/comments?post=4425"}],"version-history":[{"count":3,"href":"https:\/\/fdd-ihedn.fr\/en\/wp-json\/wp\/v2\/posts\/4425\/revisions"}],"predecessor-version":[{"id":5659,"href":"https:\/\/fdd-ihedn.fr\/en\/wp-json\/wp\/v2\/posts\/4425\/revisions\/5659"}],"wp:featuredmedia":[{"embeddable":true,"href":"https:\/\/fdd-ihedn.fr\/en\/wp-json\/wp\/v2\/media\/4717"}],"wp:attachment":[{"href":"https:\/\/fdd-ihedn.fr\/en\/wp-json\/wp\/v2\/media?parent=4425"}],"wp:term":[{"taxonomy":"category","embeddable":true,"href":"https:\/\/fdd-ihedn.fr\/en\/wp-json\/wp\/v2\/categories?post=4425"},{"taxonomy":"post_tag","embeddable":true,"href":"https:\/\/fdd-ihedn.fr\/en\/wp-json\/wp\/v2\/tags?post=4425"}],"curies":[{"name":"wp","href":"https:\/\/api.w.org\/{rel}","templated":true}]}}