{"id":4424,"date":"2021-04-21T09:29:26","date_gmt":"2021-04-21T07:29:26","guid":{"rendered":"https:\/\/ecodef-ihedn.fr\/?p=3240"},"modified":"2024-09-24T14:00:51","modified_gmt":"2024-09-24T12:00:51","slug":"participation-de-jean-belin-a-la-visioconference-la-bitd-en-france-forces-et-faiblesses-jeudi-29-avril-2021","status":"publish","type":"post","link":"https:\/\/fdd-ihedn.fr\/en\/participation-de-jean-belin-a-la-visioconference-la-bitd-en-france-forces-et-faiblesses-jeudi-29-avril-2021\/","title":{"rendered":"[chaire ECODEF] Jean Belin invit\u00e9 de l&rsquo;Aqui-IHEDN pour une visioconf\u00e9rence sur \u00ab\u00a0la BITD en France : forces et faiblesses\u00a0\u00bb, jeudi 29 avril 2021"},"content":{"rendered":"<p><strong>Jean Belin, holder of the Chair of Defence Economics - IHEDN, is the guest of the Aquitaine Regional IHEDN Association (Aqui-IHEDN) for a videoconference on the subject of the French DTIB, on Thursday 29 April 2021 at 6.30pm. <\/strong><\/p>\n\n\n\n<div class=\"wp-block-image\"><figure class=\"aligncenter size-large is-resized\"><img loading=\"lazy\" decoding=\"async\" src=\"https:\/\/ecodef-ihedn.fr\/wp-content\/uploads\/2021\/04\/maquette-conference-3-1_pages-to-jpg-0001-724x1024.jpg\" alt=\"Jean Belin, titulaire de la Chaire \u00c9conomie de D\u00e9fense - IHEDN, est l'invit\u00e9 de l'Association r\u00e9gionale IHEDN Aquitaine (AQUI-IHEDN) pour une visioconf\u00e9rence, sur le th\u00e8me de la BITD fran\u00e7aise, le jeudi 29 avril 2021, \u00e0 18h30. \" class=\"wp-image-3245\" width=\"362\" height=\"512\"\/><\/figure><\/div>\n\n\n\n<p>L\u2019<a href=\"https:\/\/www.ihedn-aquitaine.org\" target=\"_blank\" rel=\"noreferrer noopener\">Aqui-IHEDN<\/a> launches its 2021 series of videoconferences on the theme of <strong><a href=\"https:\/\/ecodef-ihedn.fr\/thematiques\/entreprises-de-defense\/\" target=\"_blank\" rel=\"noreferrer noopener\">Defence Technological and Industrial Base (DTIB)<\/a><\/strong>, the <strong>Thursday 29 April from 6.30 pm to 8 pm<\/strong>.<\/p>\n\n\n\n<p>Guest of this first opus, <strong>Jean Belin<\/strong>, the Chair, will take stock of the current state of <strong>strengths and weaknesses of the DTIB <strong>in France<\/strong><\/strong>. <\/p>\n\n\n\n<p>\u00ab\u00a0<em>The desire to be able to conduct defence and security policy freely and autonomously reflects <strong>the principle of strategic autonomy<\/strong>. This principle is reflected in particular in the need to consider as a defence capability in its own right the <strong>Defence Technological and Industrial Base (DTIB)<\/strong>, which produces, maintains and improves the resources needed for this defence.<\/em>\u00ab\u00a0<\/p>\n\n\n\n<p><strong>Registration required<\/strong> by sending a request to <a href=\"mailto:conferences@ihedn-aquitaine.org\" target=\"_blank\" rel=\"noreferrer noopener\">conferences@ihedn-aquitaine.org<\/a>. <\/p>\n\n\n\n<p>The deadline for registration is <strong>Wednesday 28 April 2021 at 12 noon<\/strong>.<\/p>\n\n\n\n<p><\/p>","protected":false},"excerpt":{"rendered":"<p>Jean Belin, titulaire de la Chaire \u00c9conomie de D\u00e9fense &#8211; IHEDN, est l&rsquo;invit\u00e9 de l&rsquo;Association r\u00e9gionale IHEDN Aquitaine (Aqui-IHEDN) pour une visioconf\u00e9rence sur le th\u00e8me de la BITD fran\u00e7aise, le jeudi 29 avril 2021 \u00e0 18h30. L&rsquo;Aqui-IHEDN lance sa s\u00e9rie 2021 de visioconf\u00e9rences sur le th\u00e8me de la Base industrielle et technologique de d\u00e9fense (BITD), [&hellip;]<\/p>\n","protected":false},"author":2,"featured_media":4675,"comment_status":"open","ping_status":"open","sticky":false,"template":"","format":"standard","meta":{"footnotes":""},"categories":[34,438],"tags":[428,429,430,211,162,41,47,38,287,106,431],"class_list":{"0":"post-4424","1":"post","2":"type-post","3":"status-publish","4":"format-standard","5":"has-post-thumbnail","7":"category-activites","8":"category-chaire-economie-de-defense","9":"tag-aa-ihedn","10":"tag-aqui-ihedn","11":"tag-associations-ihedn","12":"tag-bitd","13":"tag-chaire-economie-de-defense","14":"tag-conference","15":"tag-economie-de-defense","16":"tag-ihedn","17":"tag-jean-belin","18":"tag-seminaire","19":"tag-visioconference"},"yoast_head":"<!-- This site is optimized with the Yoast SEO plugin v27.4 - https:\/\/yoast.com\/product\/yoast-seo-wordpress\/ -->\n<title>[chaire ECODEF] Jean Belin invit\u00e9 de l&#039;Aqui-IHEDN pour une visioconf\u00e9rence sur &quot;la BITD en France : forces et faiblesses&quot;, jeudi 29 avril 2021 - Fonds de dotation de l&#039;IHEDN<\/title>\n<meta name=\"description\" content=\"L&#039;AQUI-IHEDN organise une visioconf\u00e9rence le jeudi 29 avril, de 18h30 \u00e0 20h, sur le th\u00e8me de &quot;BITD en France : forces et faiblesses&quot;, avec Jean Belin, titulaire de la Chaire et ma\u00eetre de conf\u00e9rences.\" \/>\n<meta name=\"robots\" content=\"index, follow, max-snippet:-1, max-image-preview:large, max-video-preview:-1\" \/>\n<link rel=\"canonical\" href=\"https:\/\/fdd-ihedn.fr\/en\/participation-de-jean-belin-a-la-visioconference-la-bitd-en-france-forces-et-faiblesses-jeudi-29-avril-2021\/\" \/>\n<meta property=\"og:locale\" content=\"en_GB\" \/>\n<meta property=\"og:type\" content=\"article\" \/>\n<meta property=\"og:title\" content=\"[chaire ECODEF] Jean Belin invit\u00e9 de l&#039;Aqui-IHEDN pour une visioconf\u00e9rence sur &quot;la BITD en France : forces et faiblesses&quot;, jeudi 29 avril 2021 - Fonds de dotation de l&#039;IHEDN\" \/>\n<meta property=\"og:description\" content=\"L&#039;AQUI-IHEDN organise une visioconf\u00e9rence le jeudi 29 avril, de 18h30 \u00e0 20h, sur le th\u00e8me de &quot;BITD en France : forces et faiblesses&quot;, avec Jean Belin, titulaire de la Chaire et ma\u00eetre de conf\u00e9rences.\" \/>\n<meta property=\"og:url\" content=\"https:\/\/fdd-ihedn.fr\/en\/participation-de-jean-belin-a-la-visioconference-la-bitd-en-france-forces-et-faiblesses-jeudi-29-avril-2021\/\" \/>\n<meta property=\"og:site_name\" content=\"Fonds de dotation de l&#039;IHEDN\" \/>\n<meta property=\"article:published_time\" content=\"2021-04-21T07:29:26+00:00\" \/>\n<meta property=\"article:modified_time\" content=\"2024-09-24T12:00:51+00:00\" \/>\n<meta property=\"og:image\" content=\"https:\/\/fdd-ihedn.fr\/wp-content\/uploads\/2021\/04\/AQUI-IHEDN-BITD-1.png\" \/>\n\t<meta property=\"og:image:width\" content=\"978\" \/>\n\t<meta property=\"og:image:height\" content=\"611\" \/>\n\t<meta property=\"og:image:type\" content=\"image\/png\" \/>\n<meta name=\"author\" content=\"Bertrand Demandre\" \/>\n<meta name=\"twitter:card\" content=\"summary_large_image\" \/>\n<meta name=\"twitter:creator\" content=\"@Chaire_Ecodef\" \/>\n<meta name=\"twitter:site\" content=\"@Chaire_Ecodef\" \/>\n<meta name=\"twitter:label1\" content=\"Written by\" \/>\n\t<meta name=\"twitter:data1\" content=\"Bertrand Demandre\" \/>\n\t<meta name=\"twitter:label2\" content=\"Estimated reading time\" \/>\n\t<meta name=\"twitter:data2\" content=\"1 minute\" \/>\n<script type=\"application\/ld+json\" class=\"yoast-schema-graph\">{\"@context\":\"https:\\\/\\\/schema.org\",\"@graph\":[{\"@type\":\"Article\",\"@id\":\"https:\\\/\\\/fdd-ihedn.fr\\\/participation-de-jean-belin-a-la-visioconference-la-bitd-en-france-forces-et-faiblesses-jeudi-29-avril-2021\\\/#article\",\"isPartOf\":{\"@id\":\"https:\\\/\\\/fdd-ihedn.fr\\\/participation-de-jean-belin-a-la-visioconference-la-bitd-en-france-forces-et-faiblesses-jeudi-29-avril-2021\\\/\"},\"author\":{\"name\":\"Bertrand Demandre\",\"@id\":\"https:\\\/\\\/fdd-ihedn.fr\\\/#\\\/schema\\\/person\\\/9fe23d397304e152668f6ba7966b1a64\"},\"headline\":\"[chaire ECODEF] Jean Belin invit\u00e9 de l&rsquo;Aqui-IHEDN pour une visioconf\u00e9rence sur \u00ab\u00a0la BITD en France : forces et faiblesses\u00a0\u00bb, jeudi 29 avril 2021\",\"datePublished\":\"2021-04-21T07:29:26+00:00\",\"dateModified\":\"2024-09-24T12:00:51+00:00\",\"mainEntityOfPage\":{\"@id\":\"https:\\\/\\\/fdd-ihedn.fr\\\/participation-de-jean-belin-a-la-visioconference-la-bitd-en-france-forces-et-faiblesses-jeudi-29-avril-2021\\\/\"},\"wordCount\":209,\"commentCount\":0,\"publisher\":{\"@id\":\"https:\\\/\\\/fdd-ihedn.fr\\\/#organization\"},\"image\":{\"@id\":\"https:\\\/\\\/fdd-ihedn.fr\\\/participation-de-jean-belin-a-la-visioconference-la-bitd-en-france-forces-et-faiblesses-jeudi-29-avril-2021\\\/#primaryimage\"},\"thumbnailUrl\":\"https:\\\/\\\/fdd-ihedn.fr\\\/wp-content\\\/uploads\\\/2021\\\/04\\\/AQUI-IHEDN-BITD-1.png\",\"keywords\":[\"AA-IHEDN\",\"AQUI-IHEDN\",\"associations IHEDN\",\"BITD\",\"chaire \u00e9conomie de d\u00e9fense\",\"conf\u00e9rence\",\"\u00e9conomie de d\u00e9fense\",\"IHEDN\",\"Jean Belin\",\"s\u00e9minaire\",\"visioconf\u00e9rence\"],\"articleSection\":[\"Activit\u00e9s\",\"Chaire \u00c9conomie de d\u00e9fense\"],\"inLanguage\":\"en-GB\",\"potentialAction\":[{\"@type\":\"CommentAction\",\"name\":\"Comment\",\"target\":[\"https:\\\/\\\/fdd-ihedn.fr\\\/participation-de-jean-belin-a-la-visioconference-la-bitd-en-france-forces-et-faiblesses-jeudi-29-avril-2021\\\/#respond\"]}]},{\"@type\":\"WebPage\",\"@id\":\"https:\\\/\\\/fdd-ihedn.fr\\\/participation-de-jean-belin-a-la-visioconference-la-bitd-en-france-forces-et-faiblesses-jeudi-29-avril-2021\\\/\",\"url\":\"https:\\\/\\\/fdd-ihedn.fr\\\/participation-de-jean-belin-a-la-visioconference-la-bitd-en-france-forces-et-faiblesses-jeudi-29-avril-2021\\\/\",\"name\":\"[chaire ECODEF] Jean Belin invit\u00e9 de l'Aqui-IHEDN pour une visioconf\u00e9rence sur \\\"la BITD en France : forces et faiblesses\\\", jeudi 29 avril 2021 - Fonds de dotation de l&#039;IHEDN\",\"isPartOf\":{\"@id\":\"https:\\\/\\\/fdd-ihedn.fr\\\/#website\"},\"primaryImageOfPage\":{\"@id\":\"https:\\\/\\\/fdd-ihedn.fr\\\/participation-de-jean-belin-a-la-visioconference-la-bitd-en-france-forces-et-faiblesses-jeudi-29-avril-2021\\\/#primaryimage\"},\"image\":{\"@id\":\"https:\\\/\\\/fdd-ihedn.fr\\\/participation-de-jean-belin-a-la-visioconference-la-bitd-en-france-forces-et-faiblesses-jeudi-29-avril-2021\\\/#primaryimage\"},\"thumbnailUrl\":\"https:\\\/\\\/fdd-ihedn.fr\\\/wp-content\\\/uploads\\\/2021\\\/04\\\/AQUI-IHEDN-BITD-1.png\",\"datePublished\":\"2021-04-21T07:29:26+00:00\",\"dateModified\":\"2024-09-24T12:00:51+00:00\",\"description\":\"L'AQUI-IHEDN organise une visioconf\u00e9rence le jeudi 29 avril, de 18h30 \u00e0 20h, sur le th\u00e8me de \\\"BITD en France : forces et faiblesses\\\", avec Jean Belin, titulaire de la Chaire et ma\u00eetre de conf\u00e9rences.\",\"breadcrumb\":{\"@id\":\"https:\\\/\\\/fdd-ihedn.fr\\\/participation-de-jean-belin-a-la-visioconference-la-bitd-en-france-forces-et-faiblesses-jeudi-29-avril-2021\\\/#breadcrumb\"},\"inLanguage\":\"en-GB\",\"potentialAction\":[{\"@type\":\"ReadAction\",\"target\":[\"https:\\\/\\\/fdd-ihedn.fr\\\/participation-de-jean-belin-a-la-visioconference-la-bitd-en-france-forces-et-faiblesses-jeudi-29-avril-2021\\\/\"]}]},{\"@type\":\"ImageObject\",\"inLanguage\":\"en-GB\",\"@id\":\"https:\\\/\\\/fdd-ihedn.fr\\\/participation-de-jean-belin-a-la-visioconference-la-bitd-en-france-forces-et-faiblesses-jeudi-29-avril-2021\\\/#primaryimage\",\"url\":\"https:\\\/\\\/fdd-ihedn.fr\\\/wp-content\\\/uploads\\\/2021\\\/04\\\/AQUI-IHEDN-BITD-1.png\",\"contentUrl\":\"https:\\\/\\\/fdd-ihedn.fr\\\/wp-content\\\/uploads\\\/2021\\\/04\\\/AQUI-IHEDN-BITD-1.png\",\"width\":978,\"height\":611},{\"@type\":\"BreadcrumbList\",\"@id\":\"https:\\\/\\\/fdd-ihedn.fr\\\/participation-de-jean-belin-a-la-visioconference-la-bitd-en-france-forces-et-faiblesses-jeudi-29-avril-2021\\\/#breadcrumb\",\"itemListElement\":[{\"@type\":\"ListItem\",\"position\":1,\"name\":\"Accueil\",\"item\":\"https:\\\/\\\/fdd-ihedn.fr\\\/\"},{\"@type\":\"ListItem\",\"position\":2,\"name\":\"[chaire ECODEF] Jean Belin invit\u00e9 de l&#8217;Aqui-IHEDN pour une visioconf\u00e9rence sur &#8220;la BITD en France : forces et faiblesses&#8221;, jeudi 29 avril 2021\"}]},{\"@type\":\"WebSite\",\"@id\":\"https:\\\/\\\/fdd-ihedn.fr\\\/#website\",\"url\":\"https:\\\/\\\/fdd-ihedn.fr\\\/\",\"name\":\"Fonds de dotation de l&#039;IHEDN\",\"description\":\"Des projets innovants d\u00e9velopp\u00e9s pour l&#039;IHEDN gr\u00e2ce au m\u00e9c\u00e9nat\",\"publisher\":{\"@id\":\"https:\\\/\\\/fdd-ihedn.fr\\\/#organization\"},\"potentialAction\":[{\"@type\":\"SearchAction\",\"target\":{\"@type\":\"EntryPoint\",\"urlTemplate\":\"https:\\\/\\\/fdd-ihedn.fr\\\/?s={search_term_string}\"},\"query-input\":{\"@type\":\"PropertyValueSpecification\",\"valueRequired\":true,\"valueName\":\"search_term_string\"}}],\"inLanguage\":\"en-GB\"},{\"@type\":\"Organization\",\"@id\":\"https:\\\/\\\/fdd-ihedn.fr\\\/#organization\",\"name\":\"Chaire \u00c9conomie de d\u00e9fense - IHEDN\",\"url\":\"https:\\\/\\\/fdd-ihedn.fr\\\/\",\"logo\":{\"@type\":\"ImageObject\",\"inLanguage\":\"en-GB\",\"@id\":\"https:\\\/\\\/fdd-ihedn.fr\\\/#\\\/schema\\\/logo\\\/image\\\/\",\"url\":\"https:\\\/\\\/fdd-ihedn.fr\\\/wp-content\\\/uploads\\\/2020\\\/04\\\/logoEcodef9.jpg\",\"contentUrl\":\"https:\\\/\\\/fdd-ihedn.fr\\\/wp-content\\\/uploads\\\/2020\\\/04\\\/logoEcodef9.jpg\",\"width\":410,\"height\":212,\"caption\":\"Chaire \u00c9conomie de d\u00e9fense - IHEDN\"},\"image\":{\"@id\":\"https:\\\/\\\/fdd-ihedn.fr\\\/#\\\/schema\\\/logo\\\/image\\\/\"},\"sameAs\":[\"https:\\\/\\\/x.com\\\/Chaire_Ecodef\",\"https:\\\/\\\/www.linkedin.com\\\/company\\\/chaire-ecodef-ihedn\\\/\"]},{\"@type\":\"Person\",\"@id\":\"https:\\\/\\\/fdd-ihedn.fr\\\/#\\\/schema\\\/person\\\/9fe23d397304e152668f6ba7966b1a64\",\"name\":\"Bertrand Demandre\",\"image\":{\"@type\":\"ImageObject\",\"inLanguage\":\"en-GB\",\"@id\":\"https:\\\/\\\/secure.gravatar.com\\\/avatar\\\/d9c9746d6c900ab5b9c0f9b1fa3932e369da923da247d624b8f7ab4ba8a3c093?s=96&d=mm&r=g\",\"url\":\"https:\\\/\\\/secure.gravatar.com\\\/avatar\\\/d9c9746d6c900ab5b9c0f9b1fa3932e369da923da247d624b8f7ab4ba8a3c093?s=96&d=mm&r=g\",\"contentUrl\":\"https:\\\/\\\/secure.gravatar.com\\\/avatar\\\/d9c9746d6c900ab5b9c0f9b1fa3932e369da923da247d624b8f7ab4ba8a3c093?s=96&d=mm&r=g\",\"caption\":\"Bertrand Demandre\"},\"url\":\"https:\\\/\\\/fdd-ihedn.fr\\\/en\\\/author\\\/bertrand\\\/\"}]}<\/script>\n<!-- \/ Yoast SEO plugin. -->","yoast_head_json":{"title":"[chaire ECODEF] Jean Belin invit\u00e9 de l'Aqui-IHEDN pour une visioconf\u00e9rence sur \"la BITD en France : forces et faiblesses\", jeudi 29 avril 2021 - Fonds de dotation de l&#039;IHEDN","description":"L'AQUI-IHEDN organise une visioconf\u00e9rence le jeudi 29 avril, de 18h30 \u00e0 20h, sur le th\u00e8me de \"BITD en France : forces et faiblesses\", avec Jean Belin, titulaire de la Chaire et ma\u00eetre de conf\u00e9rences.","robots":{"index":"index","follow":"follow","max-snippet":"max-snippet:-1","max-image-preview":"max-image-preview:large","max-video-preview":"max-video-preview:-1"},"canonical":"https:\/\/fdd-ihedn.fr\/en\/participation-de-jean-belin-a-la-visioconference-la-bitd-en-france-forces-et-faiblesses-jeudi-29-avril-2021\/","og_locale":"en_GB","og_type":"article","og_title":"[chaire ECODEF] Jean Belin invit\u00e9 de l'Aqui-IHEDN pour une visioconf\u00e9rence sur \"la BITD en France : forces et faiblesses\", jeudi 29 avril 2021 - Fonds de dotation de l&#039;IHEDN","og_description":"L'AQUI-IHEDN organise une visioconf\u00e9rence le jeudi 29 avril, de 18h30 \u00e0 20h, sur le th\u00e8me de \"BITD en France : forces et faiblesses\", avec Jean Belin, titulaire de la Chaire et ma\u00eetre de conf\u00e9rences.","og_url":"https:\/\/fdd-ihedn.fr\/en\/participation-de-jean-belin-a-la-visioconference-la-bitd-en-france-forces-et-faiblesses-jeudi-29-avril-2021\/","og_site_name":"Fonds de dotation de l&#039;IHEDN","article_published_time":"2021-04-21T07:29:26+00:00","article_modified_time":"2024-09-24T12:00:51+00:00","og_image":[{"width":978,"height":611,"url":"https:\/\/fdd-ihedn.fr\/wp-content\/uploads\/2021\/04\/AQUI-IHEDN-BITD-1.png","type":"image\/png"}],"author":"Bertrand Demandre","twitter_card":"summary_large_image","twitter_creator":"@Chaire_Ecodef","twitter_site":"@Chaire_Ecodef","twitter_misc":{"Written by":"Bertrand Demandre","Estimated reading time":"1 minute"},"schema":{"@context":"https:\/\/schema.org","@graph":[{"@type":"Article","@id":"https:\/\/fdd-ihedn.fr\/participation-de-jean-belin-a-la-visioconference-la-bitd-en-france-forces-et-faiblesses-jeudi-29-avril-2021\/#article","isPartOf":{"@id":"https:\/\/fdd-ihedn.fr\/participation-de-jean-belin-a-la-visioconference-la-bitd-en-france-forces-et-faiblesses-jeudi-29-avril-2021\/"},"author":{"name":"Bertrand Demandre","@id":"https:\/\/fdd-ihedn.fr\/#\/schema\/person\/9fe23d397304e152668f6ba7966b1a64"},"headline":"[chaire ECODEF] Jean Belin invit\u00e9 de l&rsquo;Aqui-IHEDN pour une visioconf\u00e9rence sur \u00ab\u00a0la BITD en France : forces et faiblesses\u00a0\u00bb, jeudi 29 avril 2021","datePublished":"2021-04-21T07:29:26+00:00","dateModified":"2024-09-24T12:00:51+00:00","mainEntityOfPage":{"@id":"https:\/\/fdd-ihedn.fr\/participation-de-jean-belin-a-la-visioconference-la-bitd-en-france-forces-et-faiblesses-jeudi-29-avril-2021\/"},"wordCount":209,"commentCount":0,"publisher":{"@id":"https:\/\/fdd-ihedn.fr\/#organization"},"image":{"@id":"https:\/\/fdd-ihedn.fr\/participation-de-jean-belin-a-la-visioconference-la-bitd-en-france-forces-et-faiblesses-jeudi-29-avril-2021\/#primaryimage"},"thumbnailUrl":"https:\/\/fdd-ihedn.fr\/wp-content\/uploads\/2021\/04\/AQUI-IHEDN-BITD-1.png","keywords":["AA-IHEDN","AQUI-IHEDN","associations IHEDN","BITD","chaire \u00e9conomie de d\u00e9fense","conf\u00e9rence","\u00e9conomie de d\u00e9fense","IHEDN","Jean Belin","s\u00e9minaire","visioconf\u00e9rence"],"articleSection":["Activit\u00e9s","Chaire \u00c9conomie de d\u00e9fense"],"inLanguage":"en-GB","potentialAction":[{"@type":"CommentAction","name":"Comment","target":["https:\/\/fdd-ihedn.fr\/participation-de-jean-belin-a-la-visioconference-la-bitd-en-france-forces-et-faiblesses-jeudi-29-avril-2021\/#respond"]}]},{"@type":"WebPage","@id":"https:\/\/fdd-ihedn.fr\/participation-de-jean-belin-a-la-visioconference-la-bitd-en-france-forces-et-faiblesses-jeudi-29-avril-2021\/","url":"https:\/\/fdd-ihedn.fr\/participation-de-jean-belin-a-la-visioconference-la-bitd-en-france-forces-et-faiblesses-jeudi-29-avril-2021\/","name":"[chaire ECODEF] Jean Belin invit\u00e9 de l'Aqui-IHEDN pour une visioconf\u00e9rence sur \"la BITD en France : forces et faiblesses\", jeudi 29 avril 2021 - Fonds de dotation de l&#039;IHEDN","isPartOf":{"@id":"https:\/\/fdd-ihedn.fr\/#website"},"primaryImageOfPage":{"@id":"https:\/\/fdd-ihedn.fr\/participation-de-jean-belin-a-la-visioconference-la-bitd-en-france-forces-et-faiblesses-jeudi-29-avril-2021\/#primaryimage"},"image":{"@id":"https:\/\/fdd-ihedn.fr\/participation-de-jean-belin-a-la-visioconference-la-bitd-en-france-forces-et-faiblesses-jeudi-29-avril-2021\/#primaryimage"},"thumbnailUrl":"https:\/\/fdd-ihedn.fr\/wp-content\/uploads\/2021\/04\/AQUI-IHEDN-BITD-1.png","datePublished":"2021-04-21T07:29:26+00:00","dateModified":"2024-09-24T12:00:51+00:00","description":"L'AQUI-IHEDN organise une visioconf\u00e9rence le jeudi 29 avril, de 18h30 \u00e0 20h, sur le th\u00e8me de \"BITD en France : forces et faiblesses\", avec Jean Belin, titulaire de la Chaire et ma\u00eetre de conf\u00e9rences.","breadcrumb":{"@id":"https:\/\/fdd-ihedn.fr\/participation-de-jean-belin-a-la-visioconference-la-bitd-en-france-forces-et-faiblesses-jeudi-29-avril-2021\/#breadcrumb"},"inLanguage":"en-GB","potentialAction":[{"@type":"ReadAction","target":["https:\/\/fdd-ihedn.fr\/participation-de-jean-belin-a-la-visioconference-la-bitd-en-france-forces-et-faiblesses-jeudi-29-avril-2021\/"]}]},{"@type":"ImageObject","inLanguage":"en-GB","@id":"https:\/\/fdd-ihedn.fr\/participation-de-jean-belin-a-la-visioconference-la-bitd-en-france-forces-et-faiblesses-jeudi-29-avril-2021\/#primaryimage","url":"https:\/\/fdd-ihedn.fr\/wp-content\/uploads\/2021\/04\/AQUI-IHEDN-BITD-1.png","contentUrl":"https:\/\/fdd-ihedn.fr\/wp-content\/uploads\/2021\/04\/AQUI-IHEDN-BITD-1.png","width":978,"height":611},{"@type":"BreadcrumbList","@id":"https:\/\/fdd-ihedn.fr\/participation-de-jean-belin-a-la-visioconference-la-bitd-en-france-forces-et-faiblesses-jeudi-29-avril-2021\/#breadcrumb","itemListElement":[{"@type":"ListItem","position":1,"name":"Accueil","item":"https:\/\/fdd-ihedn.fr\/"},{"@type":"ListItem","position":2,"name":"[chaire ECODEF] Jean Belin invit\u00e9 de l&#8217;Aqui-IHEDN pour une visioconf\u00e9rence sur &#8220;la BITD en France : forces et faiblesses&#8221;, jeudi 29 avril 2021"}]},{"@type":"WebSite","@id":"https:\/\/fdd-ihedn.fr\/#website","url":"https:\/\/fdd-ihedn.fr\/","name":"IHEDN Endowment Fund","description":"Innovative projects developed for IHEDN thanks to sponsorship","publisher":{"@id":"https:\/\/fdd-ihedn.fr\/#organization"},"potentialAction":[{"@type":"SearchAction","target":{"@type":"EntryPoint","urlTemplate":"https:\/\/fdd-ihedn.fr\/?s={search_term_string}"},"query-input":{"@type":"PropertyValueSpecification","valueRequired":true,"valueName":"search_term_string"}}],"inLanguage":"en-GB"},{"@type":"Organization","@id":"https:\/\/fdd-ihedn.fr\/#organization","name":"Chair in Defence Economics - IHEDN","url":"https:\/\/fdd-ihedn.fr\/","logo":{"@type":"ImageObject","inLanguage":"en-GB","@id":"https:\/\/fdd-ihedn.fr\/#\/schema\/logo\/image\/","url":"https:\/\/fdd-ihedn.fr\/wp-content\/uploads\/2020\/04\/logoEcodef9.jpg","contentUrl":"https:\/\/fdd-ihedn.fr\/wp-content\/uploads\/2020\/04\/logoEcodef9.jpg","width":410,"height":212,"caption":"Chaire \u00c9conomie de d\u00e9fense - IHEDN"},"image":{"@id":"https:\/\/fdd-ihedn.fr\/#\/schema\/logo\/image\/"},"sameAs":["https:\/\/x.com\/Chaire_Ecodef","https:\/\/www.linkedin.com\/company\/chaire-ecodef-ihedn\/"]},{"@type":"Person","@id":"https:\/\/fdd-ihedn.fr\/#\/schema\/person\/9fe23d397304e152668f6ba7966b1a64","name":"Bertrand Demandre","image":{"@type":"ImageObject","inLanguage":"en-GB","@id":"https:\/\/secure.gravatar.com\/avatar\/d9c9746d6c900ab5b9c0f9b1fa3932e369da923da247d624b8f7ab4ba8a3c093?s=96&d=mm&r=g","url":"https:\/\/secure.gravatar.com\/avatar\/d9c9746d6c900ab5b9c0f9b1fa3932e369da923da247d624b8f7ab4ba8a3c093?s=96&d=mm&r=g","contentUrl":"https:\/\/secure.gravatar.com\/avatar\/d9c9746d6c900ab5b9c0f9b1fa3932e369da923da247d624b8f7ab4ba8a3c093?s=96&d=mm&r=g","caption":"Bertrand Demandre"},"url":"https:\/\/fdd-ihedn.fr\/en\/author\/bertrand\/"}]}},"_links":{"self":[{"href":"https:\/\/fdd-ihedn.fr\/en\/wp-json\/wp\/v2\/posts\/4424","targetHints":{"allow":["GET"]}}],"collection":[{"href":"https:\/\/fdd-ihedn.fr\/en\/wp-json\/wp\/v2\/posts"}],"about":[{"href":"https:\/\/fdd-ihedn.fr\/en\/wp-json\/wp\/v2\/types\/post"}],"author":[{"embeddable":true,"href":"https:\/\/fdd-ihedn.fr\/en\/wp-json\/wp\/v2\/users\/2"}],"replies":[{"embeddable":true,"href":"https:\/\/fdd-ihedn.fr\/en\/wp-json\/wp\/v2\/comments?post=4424"}],"version-history":[{"count":3,"href":"https:\/\/fdd-ihedn.fr\/en\/wp-json\/wp\/v2\/posts\/4424\/revisions"}],"predecessor-version":[{"id":5660,"href":"https:\/\/fdd-ihedn.fr\/en\/wp-json\/wp\/v2\/posts\/4424\/revisions\/5660"}],"wp:featuredmedia":[{"embeddable":true,"href":"https:\/\/fdd-ihedn.fr\/en\/wp-json\/wp\/v2\/media\/4675"}],"wp:attachment":[{"href":"https:\/\/fdd-ihedn.fr\/en\/wp-json\/wp\/v2\/media?parent=4424"}],"wp:term":[{"taxonomy":"category","embeddable":true,"href":"https:\/\/fdd-ihedn.fr\/en\/wp-json\/wp\/v2\/categories?post=4424"},{"taxonomy":"post_tag","embeddable":true,"href":"https:\/\/fdd-ihedn.fr\/en\/wp-json\/wp\/v2\/tags?post=4424"}],"curies":[{"name":"wp","href":"https:\/\/api.w.org\/{rel}","templated":true}]}}