{"id":4415,"date":"2021-03-25T11:50:46","date_gmt":"2021-03-25T10:50:46","guid":{"rendered":"https:\/\/cyber-ihedn.fr\/?p=3155"},"modified":"2024-09-24T14:01:49","modified_gmt":"2024-09-24T12:01:49","slug":"rh-cyber-et-souverainete-numerique-retour-sur-la-table-ronde-organisee-par-la-chaire-et-lihedn-le-24-mars-2021","status":"publish","type":"post","link":"https:\/\/fdd-ihedn.fr\/en\/rh-cyber-et-souverainete-numerique-retour-sur-la-table-ronde-organisee-par-la-chaire-et-lihedn-le-24-mars-2021\/","title":{"rendered":"[chaire CYBER] \u00ab\u00a0RH, cyber et souverainet\u00e9 num\u00e9rique\u00a0\u00bb : retour sur la table ronde organis\u00e9e par la Chaire et l&rsquo;IHEDN le 24 mars 2021"},"content":{"rendered":"<p><strong>The Cyber and Digital Sovereignty Chair - IHEDN organised a videoconference round table on 24 March 2021, in partnership with the IHEDN Digital Sovereignty and Cybersecurity National Session team.<\/strong><br \/>\n<img loading=\"lazy\" decoding=\"async\" class=\"size-medium wp-image-3158 aligncenter\" src=\"https:\/\/cyber-ihedn.fr\/wp-content\/uploads\/2021\/03\/Capture-decran-57-300x132.png\" alt=\"\" width=\"300\" height=\"132\"><br \/>\nA round-table discussion on the theme of <strong>human resources linked to digital sovereignty and cyber security<\/strong> was organised via videoconference on 24 March, in conjunction with Colonel <strong>Barnab\u00e9 Watin-Augouard<\/strong>, Head of the IHEDN National Session on Digital Sovereignty and Cybersecurity.<br \/>\nThis event was hosted by <strong>Jean Peeters<\/strong>, Holder of the Cyber and Digital Sovereignty Chair - IHEDN, and <strong>Fabien Siguier<\/strong>, Executive Vice President Human Resources &amp; Transformation at Adisseo and auditor for the 3rd National Session on Digital Sovereignty and Cybersecurity at the IHEDN.<br \/>\nThis round table brought together :<\/p>\n<ul>\n<li><strong>Laurent Giovachini<\/strong>, Deputy Chief Executive Officer of Sopra Steria and Chairman of the MEDEF's Business Sovereignty and Security Committee; ;<\/li>\n<li><strong>Val\u00e9rie Derouet<\/strong>, Director to the Group Executive Vice President Nuclear and Thermal Park at EDF and Chairman of the CSFN Centre of Excellence; ;<\/li>\n<li><strong>Didier Canon<\/strong>, Director of Information Systems for the EDF Group and head of the Acad\u00e9mie du Num\u00e9rique ;<\/li>\n<li><strong>Patrick Radja<\/strong>, Deputy Director of Cybersecurity and Director of New Cyber Technologies (CTO) at Naval Group.<\/li>\n<\/ul>\n<p>The speeches were followed by a discussion with the forty or so participants.<\/p>","protected":false},"excerpt":{"rendered":"<p>La Chaire Cyber et souverainet\u00e9 num\u00e9rique &#8211; IHEDN a organis\u00e9 une table ronde en visioconf\u00e9rence le 24 mars 2021, en partenariat avec l&rsquo;\u00e9quipe de la Session nationale Souverainet\u00e9 num\u00e9rique et cybers\u00e9curit\u00e9 de l&rsquo;IHEDN. Une table-ronde sur le th\u00e8me des ressources humaines en lien avec la souverainet\u00e9 num\u00e9rique et la cybers\u00e9curit\u00e9 a \u00e9t\u00e9 organis\u00e9e en visioconf\u00e9rence [&hellip;]<\/p>\n","protected":false},"author":2,"featured_media":4657,"comment_status":"open","ping_status":"open","sticky":false,"template":"","format":"standard","meta":{"footnotes":""},"categories":[34,457],"tags":[41,426,402,427],"class_list":{"0":"post-4415","1":"post","2":"type-post","3":"status-publish","4":"format-standard","5":"has-post-thumbnail","7":"category-activites","8":"category-chaire-cyber-et-souverainete-numerique","9":"tag-conference","10":"tag-cyber","11":"tag-cybersecurite","12":"tag-jean-peeters"},"yoast_head":"<!-- This site is optimized with the Yoast SEO plugin v27.4 - https:\/\/yoast.com\/product\/yoast-seo-wordpress\/ -->\n<title>[chaire CYBER] &quot;RH, cyber et souverainet\u00e9 num\u00e9rique&quot; : retour sur la table ronde organis\u00e9e par la Chaire et l&#039;IHEDN le 24 mars 2021 - Fonds de dotation de l&#039;IHEDN<\/title>\n<meta name=\"robots\" content=\"index, follow, max-snippet:-1, max-image-preview:large, max-video-preview:-1\" \/>\n<link rel=\"canonical\" href=\"https:\/\/fdd-ihedn.fr\/en\/rh-cyber-et-souverainete-numerique-retour-sur-la-table-ronde-organisee-par-la-chaire-et-lihedn-le-24-mars-2021\/\" \/>\n<meta property=\"og:locale\" content=\"en_GB\" \/>\n<meta property=\"og:type\" content=\"article\" \/>\n<meta property=\"og:title\" content=\"[chaire CYBER] &quot;RH, cyber et souverainet\u00e9 num\u00e9rique&quot; : retour sur la table ronde organis\u00e9e par la Chaire et l&#039;IHEDN le 24 mars 2021 - Fonds de dotation de l&#039;IHEDN\" \/>\n<meta property=\"og:description\" content=\"La Chaire Cyber et souverainet\u00e9 num\u00e9rique &#8211; IHEDN a organis\u00e9 une table ronde en visioconf\u00e9rence le 24 mars 2021, en partenariat avec l&rsquo;\u00e9quipe de la Session nationale Souverainet\u00e9 num\u00e9rique et cybers\u00e9curit\u00e9 de l&rsquo;IHEDN. Une table-ronde sur le th\u00e8me des ressources humaines en lien avec la souverainet\u00e9 num\u00e9rique et la cybers\u00e9curit\u00e9 a \u00e9t\u00e9 organis\u00e9e en visioconf\u00e9rence [&hellip;]\" \/>\n<meta property=\"og:url\" content=\"https:\/\/fdd-ihedn.fr\/en\/rh-cyber-et-souverainete-numerique-retour-sur-la-table-ronde-organisee-par-la-chaire-et-lihedn-le-24-mars-2021\/\" \/>\n<meta property=\"og:site_name\" content=\"Fonds de dotation de l&#039;IHEDN\" \/>\n<meta property=\"article:published_time\" content=\"2021-03-25T10:50:46+00:00\" \/>\n<meta property=\"article:modified_time\" content=\"2024-09-24T12:01:49+00:00\" \/>\n<meta property=\"og:image\" content=\"https:\/\/fdd-ihedn.fr\/wp-content\/uploads\/2021\/03\/IHEDN-la-plaquette-de-la-majeure-SNC-de-la-session-nationale-IHEDN-2021-bandeau.jpg\" \/>\n\t<meta property=\"og:image:width\" content=\"1000\" \/>\n\t<meta property=\"og:image:height\" content=\"400\" \/>\n\t<meta property=\"og:image:type\" content=\"image\/jpeg\" \/>\n<meta name=\"author\" content=\"Bertrand Demandre\" \/>\n<meta name=\"twitter:card\" content=\"summary_large_image\" \/>\n<meta name=\"twitter:creator\" content=\"@Chaire_Ecodef\" \/>\n<meta name=\"twitter:site\" content=\"@Chaire_Ecodef\" \/>\n<meta name=\"twitter:label1\" content=\"Written by\" \/>\n\t<meta name=\"twitter:data1\" content=\"Bertrand Demandre\" \/>\n\t<meta name=\"twitter:label2\" content=\"Estimated reading time\" \/>\n\t<meta name=\"twitter:data2\" content=\"2 minutes\" \/>\n<script type=\"application\/ld+json\" class=\"yoast-schema-graph\">{\"@context\":\"https:\\\/\\\/schema.org\",\"@graph\":[{\"@type\":\"Article\",\"@id\":\"https:\\\/\\\/fdd-ihedn.fr\\\/rh-cyber-et-souverainete-numerique-retour-sur-la-table-ronde-organisee-par-la-chaire-et-lihedn-le-24-mars-2021\\\/#article\",\"isPartOf\":{\"@id\":\"https:\\\/\\\/fdd-ihedn.fr\\\/rh-cyber-et-souverainete-numerique-retour-sur-la-table-ronde-organisee-par-la-chaire-et-lihedn-le-24-mars-2021\\\/\"},\"author\":{\"name\":\"Bertrand Demandre\",\"@id\":\"https:\\\/\\\/fdd-ihedn.fr\\\/#\\\/schema\\\/person\\\/9fe23d397304e152668f6ba7966b1a64\"},\"headline\":\"[chaire CYBER] \u00ab\u00a0RH, cyber et souverainet\u00e9 num\u00e9rique\u00a0\u00bb : retour sur la table ronde organis\u00e9e par la Chaire et l&rsquo;IHEDN le 24 mars 2021\",\"datePublished\":\"2021-03-25T10:50:46+00:00\",\"dateModified\":\"2024-09-24T12:01:49+00:00\",\"mainEntityOfPage\":{\"@id\":\"https:\\\/\\\/fdd-ihedn.fr\\\/rh-cyber-et-souverainete-numerique-retour-sur-la-table-ronde-organisee-par-la-chaire-et-lihedn-le-24-mars-2021\\\/\"},\"wordCount\":273,\"commentCount\":0,\"publisher\":{\"@id\":\"https:\\\/\\\/fdd-ihedn.fr\\\/#organization\"},\"image\":{\"@id\":\"https:\\\/\\\/fdd-ihedn.fr\\\/rh-cyber-et-souverainete-numerique-retour-sur-la-table-ronde-organisee-par-la-chaire-et-lihedn-le-24-mars-2021\\\/#primaryimage\"},\"thumbnailUrl\":\"https:\\\/\\\/fdd-ihedn.fr\\\/wp-content\\\/uploads\\\/2021\\\/03\\\/IHEDN-la-plaquette-de-la-majeure-SNC-de-la-session-nationale-IHEDN-2021-bandeau.jpg\",\"keywords\":[\"conf\u00e9rence\",\"cyber\",\"cybers\u00e9curit\u00e9\",\"Jean Peeters\"],\"articleSection\":[\"Activit\u00e9s\",\"Chaire Cyber et souverainet\u00e9 num\u00e9rique\"],\"inLanguage\":\"en-GB\",\"potentialAction\":[{\"@type\":\"CommentAction\",\"name\":\"Comment\",\"target\":[\"https:\\\/\\\/fdd-ihedn.fr\\\/rh-cyber-et-souverainete-numerique-retour-sur-la-table-ronde-organisee-par-la-chaire-et-lihedn-le-24-mars-2021\\\/#respond\"]}]},{\"@type\":\"WebPage\",\"@id\":\"https:\\\/\\\/fdd-ihedn.fr\\\/rh-cyber-et-souverainete-numerique-retour-sur-la-table-ronde-organisee-par-la-chaire-et-lihedn-le-24-mars-2021\\\/\",\"url\":\"https:\\\/\\\/fdd-ihedn.fr\\\/rh-cyber-et-souverainete-numerique-retour-sur-la-table-ronde-organisee-par-la-chaire-et-lihedn-le-24-mars-2021\\\/\",\"name\":\"[chaire CYBER] \\\"RH, cyber et souverainet\u00e9 num\u00e9rique\\\" : retour sur la table ronde organis\u00e9e par la Chaire et l'IHEDN le 24 mars 2021 - Fonds de dotation de l&#039;IHEDN\",\"isPartOf\":{\"@id\":\"https:\\\/\\\/fdd-ihedn.fr\\\/#website\"},\"primaryImageOfPage\":{\"@id\":\"https:\\\/\\\/fdd-ihedn.fr\\\/rh-cyber-et-souverainete-numerique-retour-sur-la-table-ronde-organisee-par-la-chaire-et-lihedn-le-24-mars-2021\\\/#primaryimage\"},\"image\":{\"@id\":\"https:\\\/\\\/fdd-ihedn.fr\\\/rh-cyber-et-souverainete-numerique-retour-sur-la-table-ronde-organisee-par-la-chaire-et-lihedn-le-24-mars-2021\\\/#primaryimage\"},\"thumbnailUrl\":\"https:\\\/\\\/fdd-ihedn.fr\\\/wp-content\\\/uploads\\\/2021\\\/03\\\/IHEDN-la-plaquette-de-la-majeure-SNC-de-la-session-nationale-IHEDN-2021-bandeau.jpg\",\"datePublished\":\"2021-03-25T10:50:46+00:00\",\"dateModified\":\"2024-09-24T12:01:49+00:00\",\"breadcrumb\":{\"@id\":\"https:\\\/\\\/fdd-ihedn.fr\\\/rh-cyber-et-souverainete-numerique-retour-sur-la-table-ronde-organisee-par-la-chaire-et-lihedn-le-24-mars-2021\\\/#breadcrumb\"},\"inLanguage\":\"en-GB\",\"potentialAction\":[{\"@type\":\"ReadAction\",\"target\":[\"https:\\\/\\\/fdd-ihedn.fr\\\/rh-cyber-et-souverainete-numerique-retour-sur-la-table-ronde-organisee-par-la-chaire-et-lihedn-le-24-mars-2021\\\/\"]}]},{\"@type\":\"ImageObject\",\"inLanguage\":\"en-GB\",\"@id\":\"https:\\\/\\\/fdd-ihedn.fr\\\/rh-cyber-et-souverainete-numerique-retour-sur-la-table-ronde-organisee-par-la-chaire-et-lihedn-le-24-mars-2021\\\/#primaryimage\",\"url\":\"https:\\\/\\\/fdd-ihedn.fr\\\/wp-content\\\/uploads\\\/2021\\\/03\\\/IHEDN-la-plaquette-de-la-majeure-SNC-de-la-session-nationale-IHEDN-2021-bandeau.jpg\",\"contentUrl\":\"https:\\\/\\\/fdd-ihedn.fr\\\/wp-content\\\/uploads\\\/2021\\\/03\\\/IHEDN-la-plaquette-de-la-majeure-SNC-de-la-session-nationale-IHEDN-2021-bandeau.jpg\",\"width\":1000,\"height\":400,\"caption\":\"IHEDN - la plaquette de la majeure SNC de la session nationale IHEDN 2021\"},{\"@type\":\"BreadcrumbList\",\"@id\":\"https:\\\/\\\/fdd-ihedn.fr\\\/rh-cyber-et-souverainete-numerique-retour-sur-la-table-ronde-organisee-par-la-chaire-et-lihedn-le-24-mars-2021\\\/#breadcrumb\",\"itemListElement\":[{\"@type\":\"ListItem\",\"position\":1,\"name\":\"Accueil\",\"item\":\"https:\\\/\\\/fdd-ihedn.fr\\\/\"},{\"@type\":\"ListItem\",\"position\":2,\"name\":\"[chaire CYBER] &#8220;RH, cyber et souverainet\u00e9 num\u00e9rique&#8221; : retour sur la table ronde organis\u00e9e par la Chaire et l&#8217;IHEDN le 24 mars 2021\"}]},{\"@type\":\"WebSite\",\"@id\":\"https:\\\/\\\/fdd-ihedn.fr\\\/#website\",\"url\":\"https:\\\/\\\/fdd-ihedn.fr\\\/\",\"name\":\"Fonds de dotation de l&#039;IHEDN\",\"description\":\"Des projets innovants d\u00e9velopp\u00e9s pour l&#039;IHEDN gr\u00e2ce au m\u00e9c\u00e9nat\",\"publisher\":{\"@id\":\"https:\\\/\\\/fdd-ihedn.fr\\\/#organization\"},\"potentialAction\":[{\"@type\":\"SearchAction\",\"target\":{\"@type\":\"EntryPoint\",\"urlTemplate\":\"https:\\\/\\\/fdd-ihedn.fr\\\/?s={search_term_string}\"},\"query-input\":{\"@type\":\"PropertyValueSpecification\",\"valueRequired\":true,\"valueName\":\"search_term_string\"}}],\"inLanguage\":\"en-GB\"},{\"@type\":\"Organization\",\"@id\":\"https:\\\/\\\/fdd-ihedn.fr\\\/#organization\",\"name\":\"Chaire \u00c9conomie de d\u00e9fense - IHEDN\",\"url\":\"https:\\\/\\\/fdd-ihedn.fr\\\/\",\"logo\":{\"@type\":\"ImageObject\",\"inLanguage\":\"en-GB\",\"@id\":\"https:\\\/\\\/fdd-ihedn.fr\\\/#\\\/schema\\\/logo\\\/image\\\/\",\"url\":\"https:\\\/\\\/fdd-ihedn.fr\\\/wp-content\\\/uploads\\\/2020\\\/04\\\/logoEcodef9.jpg\",\"contentUrl\":\"https:\\\/\\\/fdd-ihedn.fr\\\/wp-content\\\/uploads\\\/2020\\\/04\\\/logoEcodef9.jpg\",\"width\":410,\"height\":212,\"caption\":\"Chaire \u00c9conomie de d\u00e9fense - IHEDN\"},\"image\":{\"@id\":\"https:\\\/\\\/fdd-ihedn.fr\\\/#\\\/schema\\\/logo\\\/image\\\/\"},\"sameAs\":[\"https:\\\/\\\/x.com\\\/Chaire_Ecodef\",\"https:\\\/\\\/www.linkedin.com\\\/company\\\/chaire-ecodef-ihedn\\\/\"]},{\"@type\":\"Person\",\"@id\":\"https:\\\/\\\/fdd-ihedn.fr\\\/#\\\/schema\\\/person\\\/9fe23d397304e152668f6ba7966b1a64\",\"name\":\"Bertrand Demandre\",\"image\":{\"@type\":\"ImageObject\",\"inLanguage\":\"en-GB\",\"@id\":\"https:\\\/\\\/secure.gravatar.com\\\/avatar\\\/d9c9746d6c900ab5b9c0f9b1fa3932e369da923da247d624b8f7ab4ba8a3c093?s=96&d=mm&r=g\",\"url\":\"https:\\\/\\\/secure.gravatar.com\\\/avatar\\\/d9c9746d6c900ab5b9c0f9b1fa3932e369da923da247d624b8f7ab4ba8a3c093?s=96&d=mm&r=g\",\"contentUrl\":\"https:\\\/\\\/secure.gravatar.com\\\/avatar\\\/d9c9746d6c900ab5b9c0f9b1fa3932e369da923da247d624b8f7ab4ba8a3c093?s=96&d=mm&r=g\",\"caption\":\"Bertrand Demandre\"},\"url\":\"https:\\\/\\\/fdd-ihedn.fr\\\/en\\\/author\\\/bertrand\\\/\"}]}<\/script>\n<!-- \/ Yoast SEO plugin. -->","yoast_head_json":{"title":"[chaire CYBER] \"RH, cyber et souverainet\u00e9 num\u00e9rique\" : retour sur la table ronde organis\u00e9e par la Chaire et l'IHEDN le 24 mars 2021 - Fonds de dotation de l&#039;IHEDN","robots":{"index":"index","follow":"follow","max-snippet":"max-snippet:-1","max-image-preview":"max-image-preview:large","max-video-preview":"max-video-preview:-1"},"canonical":"https:\/\/fdd-ihedn.fr\/en\/rh-cyber-et-souverainete-numerique-retour-sur-la-table-ronde-organisee-par-la-chaire-et-lihedn-le-24-mars-2021\/","og_locale":"en_GB","og_type":"article","og_title":"[chaire CYBER] \"RH, cyber et souverainet\u00e9 num\u00e9rique\" : retour sur la table ronde organis\u00e9e par la Chaire et l'IHEDN le 24 mars 2021 - Fonds de dotation de l&#039;IHEDN","og_description":"La Chaire Cyber et souverainet\u00e9 num\u00e9rique &#8211; IHEDN a organis\u00e9 une table ronde en visioconf\u00e9rence le 24 mars 2021, en partenariat avec l&rsquo;\u00e9quipe de la Session nationale Souverainet\u00e9 num\u00e9rique et cybers\u00e9curit\u00e9 de l&rsquo;IHEDN. Une table-ronde sur le th\u00e8me des ressources humaines en lien avec la souverainet\u00e9 num\u00e9rique et la cybers\u00e9curit\u00e9 a \u00e9t\u00e9 organis\u00e9e en visioconf\u00e9rence [&hellip;]","og_url":"https:\/\/fdd-ihedn.fr\/en\/rh-cyber-et-souverainete-numerique-retour-sur-la-table-ronde-organisee-par-la-chaire-et-lihedn-le-24-mars-2021\/","og_site_name":"Fonds de dotation de l&#039;IHEDN","article_published_time":"2021-03-25T10:50:46+00:00","article_modified_time":"2024-09-24T12:01:49+00:00","og_image":[{"width":1000,"height":400,"url":"https:\/\/fdd-ihedn.fr\/wp-content\/uploads\/2021\/03\/IHEDN-la-plaquette-de-la-majeure-SNC-de-la-session-nationale-IHEDN-2021-bandeau.jpg","type":"image\/jpeg"}],"author":"Bertrand Demandre","twitter_card":"summary_large_image","twitter_creator":"@Chaire_Ecodef","twitter_site":"@Chaire_Ecodef","twitter_misc":{"Written by":"Bertrand Demandre","Estimated reading time":"2 minutes"},"schema":{"@context":"https:\/\/schema.org","@graph":[{"@type":"Article","@id":"https:\/\/fdd-ihedn.fr\/rh-cyber-et-souverainete-numerique-retour-sur-la-table-ronde-organisee-par-la-chaire-et-lihedn-le-24-mars-2021\/#article","isPartOf":{"@id":"https:\/\/fdd-ihedn.fr\/rh-cyber-et-souverainete-numerique-retour-sur-la-table-ronde-organisee-par-la-chaire-et-lihedn-le-24-mars-2021\/"},"author":{"name":"Bertrand Demandre","@id":"https:\/\/fdd-ihedn.fr\/#\/schema\/person\/9fe23d397304e152668f6ba7966b1a64"},"headline":"[chaire CYBER] \u00ab\u00a0RH, cyber et souverainet\u00e9 num\u00e9rique\u00a0\u00bb : retour sur la table ronde organis\u00e9e par la Chaire et l&rsquo;IHEDN le 24 mars 2021","datePublished":"2021-03-25T10:50:46+00:00","dateModified":"2024-09-24T12:01:49+00:00","mainEntityOfPage":{"@id":"https:\/\/fdd-ihedn.fr\/rh-cyber-et-souverainete-numerique-retour-sur-la-table-ronde-organisee-par-la-chaire-et-lihedn-le-24-mars-2021\/"},"wordCount":273,"commentCount":0,"publisher":{"@id":"https:\/\/fdd-ihedn.fr\/#organization"},"image":{"@id":"https:\/\/fdd-ihedn.fr\/rh-cyber-et-souverainete-numerique-retour-sur-la-table-ronde-organisee-par-la-chaire-et-lihedn-le-24-mars-2021\/#primaryimage"},"thumbnailUrl":"https:\/\/fdd-ihedn.fr\/wp-content\/uploads\/2021\/03\/IHEDN-la-plaquette-de-la-majeure-SNC-de-la-session-nationale-IHEDN-2021-bandeau.jpg","keywords":["conf\u00e9rence","cyber","cybers\u00e9curit\u00e9","Jean Peeters"],"articleSection":["Activit\u00e9s","Chaire Cyber et souverainet\u00e9 num\u00e9rique"],"inLanguage":"en-GB","potentialAction":[{"@type":"CommentAction","name":"Comment","target":["https:\/\/fdd-ihedn.fr\/rh-cyber-et-souverainete-numerique-retour-sur-la-table-ronde-organisee-par-la-chaire-et-lihedn-le-24-mars-2021\/#respond"]}]},{"@type":"WebPage","@id":"https:\/\/fdd-ihedn.fr\/rh-cyber-et-souverainete-numerique-retour-sur-la-table-ronde-organisee-par-la-chaire-et-lihedn-le-24-mars-2021\/","url":"https:\/\/fdd-ihedn.fr\/rh-cyber-et-souverainete-numerique-retour-sur-la-table-ronde-organisee-par-la-chaire-et-lihedn-le-24-mars-2021\/","name":"[chaire CYBER] \"RH, cyber et souverainet\u00e9 num\u00e9rique\" : retour sur la table ronde organis\u00e9e par la Chaire et l'IHEDN le 24 mars 2021 - Fonds de dotation de l&#039;IHEDN","isPartOf":{"@id":"https:\/\/fdd-ihedn.fr\/#website"},"primaryImageOfPage":{"@id":"https:\/\/fdd-ihedn.fr\/rh-cyber-et-souverainete-numerique-retour-sur-la-table-ronde-organisee-par-la-chaire-et-lihedn-le-24-mars-2021\/#primaryimage"},"image":{"@id":"https:\/\/fdd-ihedn.fr\/rh-cyber-et-souverainete-numerique-retour-sur-la-table-ronde-organisee-par-la-chaire-et-lihedn-le-24-mars-2021\/#primaryimage"},"thumbnailUrl":"https:\/\/fdd-ihedn.fr\/wp-content\/uploads\/2021\/03\/IHEDN-la-plaquette-de-la-majeure-SNC-de-la-session-nationale-IHEDN-2021-bandeau.jpg","datePublished":"2021-03-25T10:50:46+00:00","dateModified":"2024-09-24T12:01:49+00:00","breadcrumb":{"@id":"https:\/\/fdd-ihedn.fr\/rh-cyber-et-souverainete-numerique-retour-sur-la-table-ronde-organisee-par-la-chaire-et-lihedn-le-24-mars-2021\/#breadcrumb"},"inLanguage":"en-GB","potentialAction":[{"@type":"ReadAction","target":["https:\/\/fdd-ihedn.fr\/rh-cyber-et-souverainete-numerique-retour-sur-la-table-ronde-organisee-par-la-chaire-et-lihedn-le-24-mars-2021\/"]}]},{"@type":"ImageObject","inLanguage":"en-GB","@id":"https:\/\/fdd-ihedn.fr\/rh-cyber-et-souverainete-numerique-retour-sur-la-table-ronde-organisee-par-la-chaire-et-lihedn-le-24-mars-2021\/#primaryimage","url":"https:\/\/fdd-ihedn.fr\/wp-content\/uploads\/2021\/03\/IHEDN-la-plaquette-de-la-majeure-SNC-de-la-session-nationale-IHEDN-2021-bandeau.jpg","contentUrl":"https:\/\/fdd-ihedn.fr\/wp-content\/uploads\/2021\/03\/IHEDN-la-plaquette-de-la-majeure-SNC-de-la-session-nationale-IHEDN-2021-bandeau.jpg","width":1000,"height":400,"caption":"IHEDN - la plaquette de la majeure SNC de la session nationale IHEDN 2021"},{"@type":"BreadcrumbList","@id":"https:\/\/fdd-ihedn.fr\/rh-cyber-et-souverainete-numerique-retour-sur-la-table-ronde-organisee-par-la-chaire-et-lihedn-le-24-mars-2021\/#breadcrumb","itemListElement":[{"@type":"ListItem","position":1,"name":"Accueil","item":"https:\/\/fdd-ihedn.fr\/"},{"@type":"ListItem","position":2,"name":"[chaire CYBER] &#8220;RH, cyber et souverainet\u00e9 num\u00e9rique&#8221; : retour sur la table ronde organis\u00e9e par la Chaire et l&#8217;IHEDN le 24 mars 2021"}]},{"@type":"WebSite","@id":"https:\/\/fdd-ihedn.fr\/#website","url":"https:\/\/fdd-ihedn.fr\/","name":"IHEDN Endowment Fund","description":"Innovative projects developed for IHEDN thanks to sponsorship","publisher":{"@id":"https:\/\/fdd-ihedn.fr\/#organization"},"potentialAction":[{"@type":"SearchAction","target":{"@type":"EntryPoint","urlTemplate":"https:\/\/fdd-ihedn.fr\/?s={search_term_string}"},"query-input":{"@type":"PropertyValueSpecification","valueRequired":true,"valueName":"search_term_string"}}],"inLanguage":"en-GB"},{"@type":"Organization","@id":"https:\/\/fdd-ihedn.fr\/#organization","name":"Chair in Defence Economics - IHEDN","url":"https:\/\/fdd-ihedn.fr\/","logo":{"@type":"ImageObject","inLanguage":"en-GB","@id":"https:\/\/fdd-ihedn.fr\/#\/schema\/logo\/image\/","url":"https:\/\/fdd-ihedn.fr\/wp-content\/uploads\/2020\/04\/logoEcodef9.jpg","contentUrl":"https:\/\/fdd-ihedn.fr\/wp-content\/uploads\/2020\/04\/logoEcodef9.jpg","width":410,"height":212,"caption":"Chaire \u00c9conomie de d\u00e9fense - IHEDN"},"image":{"@id":"https:\/\/fdd-ihedn.fr\/#\/schema\/logo\/image\/"},"sameAs":["https:\/\/x.com\/Chaire_Ecodef","https:\/\/www.linkedin.com\/company\/chaire-ecodef-ihedn\/"]},{"@type":"Person","@id":"https:\/\/fdd-ihedn.fr\/#\/schema\/person\/9fe23d397304e152668f6ba7966b1a64","name":"Bertrand Demandre","image":{"@type":"ImageObject","inLanguage":"en-GB","@id":"https:\/\/secure.gravatar.com\/avatar\/d9c9746d6c900ab5b9c0f9b1fa3932e369da923da247d624b8f7ab4ba8a3c093?s=96&d=mm&r=g","url":"https:\/\/secure.gravatar.com\/avatar\/d9c9746d6c900ab5b9c0f9b1fa3932e369da923da247d624b8f7ab4ba8a3c093?s=96&d=mm&r=g","contentUrl":"https:\/\/secure.gravatar.com\/avatar\/d9c9746d6c900ab5b9c0f9b1fa3932e369da923da247d624b8f7ab4ba8a3c093?s=96&d=mm&r=g","caption":"Bertrand Demandre"},"url":"https:\/\/fdd-ihedn.fr\/en\/author\/bertrand\/"}]}},"_links":{"self":[{"href":"https:\/\/fdd-ihedn.fr\/en\/wp-json\/wp\/v2\/posts\/4415","targetHints":{"allow":["GET"]}}],"collection":[{"href":"https:\/\/fdd-ihedn.fr\/en\/wp-json\/wp\/v2\/posts"}],"about":[{"href":"https:\/\/fdd-ihedn.fr\/en\/wp-json\/wp\/v2\/types\/post"}],"author":[{"embeddable":true,"href":"https:\/\/fdd-ihedn.fr\/en\/wp-json\/wp\/v2\/users\/2"}],"replies":[{"embeddable":true,"href":"https:\/\/fdd-ihedn.fr\/en\/wp-json\/wp\/v2\/comments?post=4415"}],"version-history":[{"count":3,"href":"https:\/\/fdd-ihedn.fr\/en\/wp-json\/wp\/v2\/posts\/4415\/revisions"}],"predecessor-version":[{"id":5666,"href":"https:\/\/fdd-ihedn.fr\/en\/wp-json\/wp\/v2\/posts\/4415\/revisions\/5666"}],"wp:featuredmedia":[{"embeddable":true,"href":"https:\/\/fdd-ihedn.fr\/en\/wp-json\/wp\/v2\/media\/4657"}],"wp:attachment":[{"href":"https:\/\/fdd-ihedn.fr\/en\/wp-json\/wp\/v2\/media?parent=4415"}],"wp:term":[{"taxonomy":"category","embeddable":true,"href":"https:\/\/fdd-ihedn.fr\/en\/wp-json\/wp\/v2\/categories?post=4415"},{"taxonomy":"post_tag","embeddable":true,"href":"https:\/\/fdd-ihedn.fr\/en\/wp-json\/wp\/v2\/tags?post=4415"}],"curies":[{"name":"wp","href":"https:\/\/api.w.org\/{rel}","templated":true}]}}