{"id":4414,"date":"2021-03-18T13:58:30","date_gmt":"2021-03-18T12:58:30","guid":{"rendered":"https:\/\/cyber-ihedn.fr\/?p=3117"},"modified":"2024-09-24T14:01:54","modified_gmt":"2024-09-24T12:01:54","slug":"participation-de-jean-peeters-au-cybersommet-du-nouveau-brunswick","status":"publish","type":"post","link":"https:\/\/fdd-ihedn.fr\/en\/participation-de-jean-peeters-au-cybersommet-du-nouveau-brunswick\/","title":{"rendered":"[chaire CYBER] Participation de Jean Peeters au CyberSommet du Nouveau-Brunswick"},"content":{"rendered":"<p><strong>Jean Peeters, holder of the Cyber and Digital Sovereignty Chair - IHEDN, spoke at the New Brunswick CyberSummit.<\/strong><\/p>\n<p><img loading=\"lazy\" decoding=\"async\" class=\"aligncenter wp-image-3118 size-large\" src=\"https:\/\/cyber-ihedn.fr\/wp-content\/uploads\/2021\/03\/LPWEqjWR_291114-1024x342.jpg\" alt=\"\" width=\"696\" height=\"232\" \/><br \/>\nThe teacher <strong>Jean Peeters<\/strong>, holder of the Chair <em>Cyber and digital sovereignty - IHEDN<\/em>, took part in the <a href=\"https:\/\/pheedloop.com\/connector\/site\/Cyber\/\" target=\"_blank\" rel=\"noopener\">New Brunswick CyberSummit<\/a>.<\/p>\n<p>He moderated a round table presenting the French cybersecurity ecosystem, with the participation of Laurent Porracchia, vice-president in charge of business development at Defense Conseil International (DCI), John Perea, director of cybersecurity services at Thales North America, David Caillat, head of the <span class=\"aCOpRe\">consulting and expertise in information technology security<\/span> Amossys and Martin Moreau, cybersecurity analyst.<\/p>\n<p>This three-day virtual event (17-19 March 2021) aims to strengthen New Brunswick's (Canada) trade with France, the UK and Ukraine, as well as highlighting synergies between the various cybersecurity ecosystems, particularly in terms of critical infrastructure, thought leadership and defence.<\/p>","protected":false},"excerpt":{"rendered":"<p>Jean Peeters, titulaire de la Chaire Cyber et souverainet\u00e9 num\u00e9rique &#8211; IHEDN, est intervenu au CyberSommet du Nouveau-Brunswick. Le professeur Jean Peeters, titulaire de la Chaire Cyber et souverainet\u00e9 num\u00e9rique &#8211; IHEDN, a particip\u00e9 ce jeudi 18 mars au CyberSommet du Nouveau-Brunswick. Il a anim\u00e9 une table ronde pr\u00e9sentant l&rsquo;\u00e9cosyst\u00e8me Fran\u00e7ais de cybers\u00e9curit\u00e9, \u00e0 laquelle [&hellip;]<\/p>\n","protected":false},"author":2,"featured_media":4659,"comment_status":"open","ping_status":"open","sticky":false,"template":"","format":"standard","meta":{"footnotes":""},"categories":[34,457],"tags":[41,426,402,452,427,453,454,455],"class_list":{"0":"post-4414","1":"post","2":"type-post","3":"status-publish","4":"format-standard","5":"has-post-thumbnail","7":"category-activites","8":"category-chaire-cyber-et-souverainete-numerique","9":"tag-conference","10":"tag-cyber","11":"tag-cybersecurite","12":"tag-ecosysteme","13":"tag-jean-peeters","14":"tag-nouveau-brunswick","15":"tag-reseau","16":"tag-souverainete-numerique"},"yoast_head":"<!-- This site is optimized with the Yoast SEO plugin v27.4 - https:\/\/yoast.com\/product\/yoast-seo-wordpress\/ -->\n<title>[chaire CYBER] Participation de Jean Peeters au CyberSommet du Nouveau-Brunswick - Fonds de dotation de l&#039;IHEDN<\/title>\n<meta name=\"robots\" content=\"index, follow, max-snippet:-1, max-image-preview:large, max-video-preview:-1\" \/>\n<link rel=\"canonical\" href=\"https:\/\/fdd-ihedn.fr\/en\/participation-de-jean-peeters-au-cybersommet-du-nouveau-brunswick\/\" \/>\n<meta property=\"og:locale\" content=\"en_GB\" \/>\n<meta property=\"og:type\" content=\"article\" \/>\n<meta property=\"og:title\" content=\"[chaire CYBER] Participation de Jean Peeters au CyberSommet du Nouveau-Brunswick - Fonds de dotation de l&#039;IHEDN\" \/>\n<meta property=\"og:description\" content=\"Jean Peeters, titulaire de la Chaire Cyber et souverainet\u00e9 num\u00e9rique &#8211; IHEDN, est intervenu au CyberSommet du Nouveau-Brunswick. Le professeur Jean Peeters, titulaire de la Chaire Cyber et souverainet\u00e9 num\u00e9rique &#8211; IHEDN, a particip\u00e9 ce jeudi 18 mars au CyberSommet du Nouveau-Brunswick. Il a anim\u00e9 une table ronde pr\u00e9sentant l&rsquo;\u00e9cosyst\u00e8me Fran\u00e7ais de cybers\u00e9curit\u00e9, \u00e0 laquelle [&hellip;]\" \/>\n<meta property=\"og:url\" content=\"https:\/\/fdd-ihedn.fr\/en\/participation-de-jean-peeters-au-cybersommet-du-nouveau-brunswick\/\" \/>\n<meta property=\"og:site_name\" content=\"Fonds de dotation de l&#039;IHEDN\" \/>\n<meta property=\"article:published_time\" content=\"2021-03-18T12:58:30+00:00\" \/>\n<meta property=\"article:modified_time\" content=\"2024-09-24T12:01:54+00:00\" \/>\n<meta property=\"og:image\" content=\"https:\/\/fdd-ihedn.fr\/wp-content\/uploads\/2021\/03\/ONB-Cyber-logo-banner-final-.jpg\" \/>\n\t<meta property=\"og:image:width\" content=\"762\" \/>\n\t<meta property=\"og:image:height\" content=\"508\" \/>\n\t<meta property=\"og:image:type\" content=\"image\/jpeg\" \/>\n<meta name=\"author\" content=\"Bertrand Demandre\" \/>\n<meta name=\"twitter:card\" content=\"summary_large_image\" \/>\n<meta name=\"twitter:creator\" content=\"@Chaire_Ecodef\" \/>\n<meta name=\"twitter:site\" content=\"@Chaire_Ecodef\" \/>\n<meta name=\"twitter:label1\" content=\"Written by\" \/>\n\t<meta name=\"twitter:data1\" content=\"Bertrand Demandre\" \/>\n\t<meta name=\"twitter:label2\" content=\"Estimated reading time\" \/>\n\t<meta name=\"twitter:data2\" content=\"1 minute\" \/>\n<script type=\"application\/ld+json\" class=\"yoast-schema-graph\">{\"@context\":\"https:\\\/\\\/schema.org\",\"@graph\":[{\"@type\":\"Article\",\"@id\":\"https:\\\/\\\/fdd-ihedn.fr\\\/participation-de-jean-peeters-au-cybersommet-du-nouveau-brunswick\\\/#article\",\"isPartOf\":{\"@id\":\"https:\\\/\\\/fdd-ihedn.fr\\\/participation-de-jean-peeters-au-cybersommet-du-nouveau-brunswick\\\/\"},\"author\":{\"name\":\"Bertrand Demandre\",\"@id\":\"https:\\\/\\\/fdd-ihedn.fr\\\/#\\\/schema\\\/person\\\/9fe23d397304e152668f6ba7966b1a64\"},\"headline\":\"[chaire CYBER] Participation de Jean Peeters au CyberSommet du Nouveau-Brunswick\",\"datePublished\":\"2021-03-18T12:58:30+00:00\",\"dateModified\":\"2024-09-24T12:01:54+00:00\",\"mainEntityOfPage\":{\"@id\":\"https:\\\/\\\/fdd-ihedn.fr\\\/participation-de-jean-peeters-au-cybersommet-du-nouveau-brunswick\\\/\"},\"wordCount\":187,\"commentCount\":0,\"publisher\":{\"@id\":\"https:\\\/\\\/fdd-ihedn.fr\\\/#organization\"},\"image\":{\"@id\":\"https:\\\/\\\/fdd-ihedn.fr\\\/participation-de-jean-peeters-au-cybersommet-du-nouveau-brunswick\\\/#primaryimage\"},\"thumbnailUrl\":\"https:\\\/\\\/fdd-ihedn.fr\\\/wp-content\\\/uploads\\\/2021\\\/03\\\/ONB-Cyber-logo-banner-final-.jpg\",\"keywords\":[\"conf\u00e9rence\",\"cyber\",\"cybers\u00e9curit\u00e9\",\"\u00e9cosyst\u00e8me\",\"Jean Peeters\",\"Nouveau Brunswick\",\"r\u00e9seau\",\"souverainet\u00e9 num\u00e9rique\"],\"articleSection\":[\"Activit\u00e9s\",\"Chaire Cyber et souverainet\u00e9 num\u00e9rique\"],\"inLanguage\":\"en-GB\",\"potentialAction\":[{\"@type\":\"CommentAction\",\"name\":\"Comment\",\"target\":[\"https:\\\/\\\/fdd-ihedn.fr\\\/participation-de-jean-peeters-au-cybersommet-du-nouveau-brunswick\\\/#respond\"]}]},{\"@type\":\"WebPage\",\"@id\":\"https:\\\/\\\/fdd-ihedn.fr\\\/participation-de-jean-peeters-au-cybersommet-du-nouveau-brunswick\\\/\",\"url\":\"https:\\\/\\\/fdd-ihedn.fr\\\/participation-de-jean-peeters-au-cybersommet-du-nouveau-brunswick\\\/\",\"name\":\"[chaire CYBER] Participation de Jean Peeters au CyberSommet du Nouveau-Brunswick - Fonds de dotation de l&#039;IHEDN\",\"isPartOf\":{\"@id\":\"https:\\\/\\\/fdd-ihedn.fr\\\/#website\"},\"primaryImageOfPage\":{\"@id\":\"https:\\\/\\\/fdd-ihedn.fr\\\/participation-de-jean-peeters-au-cybersommet-du-nouveau-brunswick\\\/#primaryimage\"},\"image\":{\"@id\":\"https:\\\/\\\/fdd-ihedn.fr\\\/participation-de-jean-peeters-au-cybersommet-du-nouveau-brunswick\\\/#primaryimage\"},\"thumbnailUrl\":\"https:\\\/\\\/fdd-ihedn.fr\\\/wp-content\\\/uploads\\\/2021\\\/03\\\/ONB-Cyber-logo-banner-final-.jpg\",\"datePublished\":\"2021-03-18T12:58:30+00:00\",\"dateModified\":\"2024-09-24T12:01:54+00:00\",\"breadcrumb\":{\"@id\":\"https:\\\/\\\/fdd-ihedn.fr\\\/participation-de-jean-peeters-au-cybersommet-du-nouveau-brunswick\\\/#breadcrumb\"},\"inLanguage\":\"en-GB\",\"potentialAction\":[{\"@type\":\"ReadAction\",\"target\":[\"https:\\\/\\\/fdd-ihedn.fr\\\/participation-de-jean-peeters-au-cybersommet-du-nouveau-brunswick\\\/\"]}]},{\"@type\":\"ImageObject\",\"inLanguage\":\"en-GB\",\"@id\":\"https:\\\/\\\/fdd-ihedn.fr\\\/participation-de-jean-peeters-au-cybersommet-du-nouveau-brunswick\\\/#primaryimage\",\"url\":\"https:\\\/\\\/fdd-ihedn.fr\\\/wp-content\\\/uploads\\\/2021\\\/03\\\/ONB-Cyber-logo-banner-final-.jpg\",\"contentUrl\":\"https:\\\/\\\/fdd-ihedn.fr\\\/wp-content\\\/uploads\\\/2021\\\/03\\\/ONB-Cyber-logo-banner-final-.jpg\",\"width\":762,\"height\":508},{\"@type\":\"BreadcrumbList\",\"@id\":\"https:\\\/\\\/fdd-ihedn.fr\\\/participation-de-jean-peeters-au-cybersommet-du-nouveau-brunswick\\\/#breadcrumb\",\"itemListElement\":[{\"@type\":\"ListItem\",\"position\":1,\"name\":\"Accueil\",\"item\":\"https:\\\/\\\/fdd-ihedn.fr\\\/\"},{\"@type\":\"ListItem\",\"position\":2,\"name\":\"[chaire CYBER] Participation de Jean Peeters au CyberSommet du Nouveau-Brunswick\"}]},{\"@type\":\"WebSite\",\"@id\":\"https:\\\/\\\/fdd-ihedn.fr\\\/#website\",\"url\":\"https:\\\/\\\/fdd-ihedn.fr\\\/\",\"name\":\"Fonds de dotation de l&#039;IHEDN\",\"description\":\"Des projets innovants d\u00e9velopp\u00e9s pour l&#039;IHEDN gr\u00e2ce au m\u00e9c\u00e9nat\",\"publisher\":{\"@id\":\"https:\\\/\\\/fdd-ihedn.fr\\\/#organization\"},\"potentialAction\":[{\"@type\":\"SearchAction\",\"target\":{\"@type\":\"EntryPoint\",\"urlTemplate\":\"https:\\\/\\\/fdd-ihedn.fr\\\/?s={search_term_string}\"},\"query-input\":{\"@type\":\"PropertyValueSpecification\",\"valueRequired\":true,\"valueName\":\"search_term_string\"}}],\"inLanguage\":\"en-GB\"},{\"@type\":\"Organization\",\"@id\":\"https:\\\/\\\/fdd-ihedn.fr\\\/#organization\",\"name\":\"Chaire \u00c9conomie de d\u00e9fense - IHEDN\",\"url\":\"https:\\\/\\\/fdd-ihedn.fr\\\/\",\"logo\":{\"@type\":\"ImageObject\",\"inLanguage\":\"en-GB\",\"@id\":\"https:\\\/\\\/fdd-ihedn.fr\\\/#\\\/schema\\\/logo\\\/image\\\/\",\"url\":\"https:\\\/\\\/fdd-ihedn.fr\\\/wp-content\\\/uploads\\\/2020\\\/04\\\/logoEcodef9.jpg\",\"contentUrl\":\"https:\\\/\\\/fdd-ihedn.fr\\\/wp-content\\\/uploads\\\/2020\\\/04\\\/logoEcodef9.jpg\",\"width\":410,\"height\":212,\"caption\":\"Chaire \u00c9conomie de d\u00e9fense - IHEDN\"},\"image\":{\"@id\":\"https:\\\/\\\/fdd-ihedn.fr\\\/#\\\/schema\\\/logo\\\/image\\\/\"},\"sameAs\":[\"https:\\\/\\\/x.com\\\/Chaire_Ecodef\",\"https:\\\/\\\/www.linkedin.com\\\/company\\\/chaire-ecodef-ihedn\\\/\"]},{\"@type\":\"Person\",\"@id\":\"https:\\\/\\\/fdd-ihedn.fr\\\/#\\\/schema\\\/person\\\/9fe23d397304e152668f6ba7966b1a64\",\"name\":\"Bertrand Demandre\",\"image\":{\"@type\":\"ImageObject\",\"inLanguage\":\"en-GB\",\"@id\":\"https:\\\/\\\/secure.gravatar.com\\\/avatar\\\/d9c9746d6c900ab5b9c0f9b1fa3932e369da923da247d624b8f7ab4ba8a3c093?s=96&d=mm&r=g\",\"url\":\"https:\\\/\\\/secure.gravatar.com\\\/avatar\\\/d9c9746d6c900ab5b9c0f9b1fa3932e369da923da247d624b8f7ab4ba8a3c093?s=96&d=mm&r=g\",\"contentUrl\":\"https:\\\/\\\/secure.gravatar.com\\\/avatar\\\/d9c9746d6c900ab5b9c0f9b1fa3932e369da923da247d624b8f7ab4ba8a3c093?s=96&d=mm&r=g\",\"caption\":\"Bertrand Demandre\"},\"url\":\"https:\\\/\\\/fdd-ihedn.fr\\\/en\\\/author\\\/bertrand\\\/\"}]}<\/script>\n<!-- \/ Yoast SEO plugin. -->","yoast_head_json":{"title":"[chaire CYBER] Participation de Jean Peeters au CyberSommet du Nouveau-Brunswick - Fonds de dotation de l&#039;IHEDN","robots":{"index":"index","follow":"follow","max-snippet":"max-snippet:-1","max-image-preview":"max-image-preview:large","max-video-preview":"max-video-preview:-1"},"canonical":"https:\/\/fdd-ihedn.fr\/en\/participation-de-jean-peeters-au-cybersommet-du-nouveau-brunswick\/","og_locale":"en_GB","og_type":"article","og_title":"[chaire CYBER] Participation de Jean Peeters au CyberSommet du Nouveau-Brunswick - Fonds de dotation de l&#039;IHEDN","og_description":"Jean Peeters, titulaire de la Chaire Cyber et souverainet\u00e9 num\u00e9rique &#8211; IHEDN, est intervenu au CyberSommet du Nouveau-Brunswick. Le professeur Jean Peeters, titulaire de la Chaire Cyber et souverainet\u00e9 num\u00e9rique &#8211; IHEDN, a particip\u00e9 ce jeudi 18 mars au CyberSommet du Nouveau-Brunswick. Il a anim\u00e9 une table ronde pr\u00e9sentant l&rsquo;\u00e9cosyst\u00e8me Fran\u00e7ais de cybers\u00e9curit\u00e9, \u00e0 laquelle [&hellip;]","og_url":"https:\/\/fdd-ihedn.fr\/en\/participation-de-jean-peeters-au-cybersommet-du-nouveau-brunswick\/","og_site_name":"Fonds de dotation de l&#039;IHEDN","article_published_time":"2021-03-18T12:58:30+00:00","article_modified_time":"2024-09-24T12:01:54+00:00","og_image":[{"width":762,"height":508,"url":"https:\/\/fdd-ihedn.fr\/wp-content\/uploads\/2021\/03\/ONB-Cyber-logo-banner-final-.jpg","type":"image\/jpeg"}],"author":"Bertrand Demandre","twitter_card":"summary_large_image","twitter_creator":"@Chaire_Ecodef","twitter_site":"@Chaire_Ecodef","twitter_misc":{"Written by":"Bertrand Demandre","Estimated reading time":"1 minute"},"schema":{"@context":"https:\/\/schema.org","@graph":[{"@type":"Article","@id":"https:\/\/fdd-ihedn.fr\/participation-de-jean-peeters-au-cybersommet-du-nouveau-brunswick\/#article","isPartOf":{"@id":"https:\/\/fdd-ihedn.fr\/participation-de-jean-peeters-au-cybersommet-du-nouveau-brunswick\/"},"author":{"name":"Bertrand Demandre","@id":"https:\/\/fdd-ihedn.fr\/#\/schema\/person\/9fe23d397304e152668f6ba7966b1a64"},"headline":"[chaire CYBER] Participation de Jean Peeters au CyberSommet du Nouveau-Brunswick","datePublished":"2021-03-18T12:58:30+00:00","dateModified":"2024-09-24T12:01:54+00:00","mainEntityOfPage":{"@id":"https:\/\/fdd-ihedn.fr\/participation-de-jean-peeters-au-cybersommet-du-nouveau-brunswick\/"},"wordCount":187,"commentCount":0,"publisher":{"@id":"https:\/\/fdd-ihedn.fr\/#organization"},"image":{"@id":"https:\/\/fdd-ihedn.fr\/participation-de-jean-peeters-au-cybersommet-du-nouveau-brunswick\/#primaryimage"},"thumbnailUrl":"https:\/\/fdd-ihedn.fr\/wp-content\/uploads\/2021\/03\/ONB-Cyber-logo-banner-final-.jpg","keywords":["conf\u00e9rence","cyber","cybers\u00e9curit\u00e9","\u00e9cosyst\u00e8me","Jean Peeters","Nouveau Brunswick","r\u00e9seau","souverainet\u00e9 num\u00e9rique"],"articleSection":["Activit\u00e9s","Chaire Cyber et souverainet\u00e9 num\u00e9rique"],"inLanguage":"en-GB","potentialAction":[{"@type":"CommentAction","name":"Comment","target":["https:\/\/fdd-ihedn.fr\/participation-de-jean-peeters-au-cybersommet-du-nouveau-brunswick\/#respond"]}]},{"@type":"WebPage","@id":"https:\/\/fdd-ihedn.fr\/participation-de-jean-peeters-au-cybersommet-du-nouveau-brunswick\/","url":"https:\/\/fdd-ihedn.fr\/participation-de-jean-peeters-au-cybersommet-du-nouveau-brunswick\/","name":"[chaire CYBER] Participation de Jean Peeters au CyberSommet du Nouveau-Brunswick - Fonds de dotation de l&#039;IHEDN","isPartOf":{"@id":"https:\/\/fdd-ihedn.fr\/#website"},"primaryImageOfPage":{"@id":"https:\/\/fdd-ihedn.fr\/participation-de-jean-peeters-au-cybersommet-du-nouveau-brunswick\/#primaryimage"},"image":{"@id":"https:\/\/fdd-ihedn.fr\/participation-de-jean-peeters-au-cybersommet-du-nouveau-brunswick\/#primaryimage"},"thumbnailUrl":"https:\/\/fdd-ihedn.fr\/wp-content\/uploads\/2021\/03\/ONB-Cyber-logo-banner-final-.jpg","datePublished":"2021-03-18T12:58:30+00:00","dateModified":"2024-09-24T12:01:54+00:00","breadcrumb":{"@id":"https:\/\/fdd-ihedn.fr\/participation-de-jean-peeters-au-cybersommet-du-nouveau-brunswick\/#breadcrumb"},"inLanguage":"en-GB","potentialAction":[{"@type":"ReadAction","target":["https:\/\/fdd-ihedn.fr\/participation-de-jean-peeters-au-cybersommet-du-nouveau-brunswick\/"]}]},{"@type":"ImageObject","inLanguage":"en-GB","@id":"https:\/\/fdd-ihedn.fr\/participation-de-jean-peeters-au-cybersommet-du-nouveau-brunswick\/#primaryimage","url":"https:\/\/fdd-ihedn.fr\/wp-content\/uploads\/2021\/03\/ONB-Cyber-logo-banner-final-.jpg","contentUrl":"https:\/\/fdd-ihedn.fr\/wp-content\/uploads\/2021\/03\/ONB-Cyber-logo-banner-final-.jpg","width":762,"height":508},{"@type":"BreadcrumbList","@id":"https:\/\/fdd-ihedn.fr\/participation-de-jean-peeters-au-cybersommet-du-nouveau-brunswick\/#breadcrumb","itemListElement":[{"@type":"ListItem","position":1,"name":"Accueil","item":"https:\/\/fdd-ihedn.fr\/"},{"@type":"ListItem","position":2,"name":"[chaire CYBER] Participation de Jean Peeters au CyberSommet du Nouveau-Brunswick"}]},{"@type":"WebSite","@id":"https:\/\/fdd-ihedn.fr\/#website","url":"https:\/\/fdd-ihedn.fr\/","name":"IHEDN Endowment Fund","description":"Innovative projects developed for IHEDN thanks to sponsorship","publisher":{"@id":"https:\/\/fdd-ihedn.fr\/#organization"},"potentialAction":[{"@type":"SearchAction","target":{"@type":"EntryPoint","urlTemplate":"https:\/\/fdd-ihedn.fr\/?s={search_term_string}"},"query-input":{"@type":"PropertyValueSpecification","valueRequired":true,"valueName":"search_term_string"}}],"inLanguage":"en-GB"},{"@type":"Organization","@id":"https:\/\/fdd-ihedn.fr\/#organization","name":"Chair in Defence Economics - IHEDN","url":"https:\/\/fdd-ihedn.fr\/","logo":{"@type":"ImageObject","inLanguage":"en-GB","@id":"https:\/\/fdd-ihedn.fr\/#\/schema\/logo\/image\/","url":"https:\/\/fdd-ihedn.fr\/wp-content\/uploads\/2020\/04\/logoEcodef9.jpg","contentUrl":"https:\/\/fdd-ihedn.fr\/wp-content\/uploads\/2020\/04\/logoEcodef9.jpg","width":410,"height":212,"caption":"Chaire \u00c9conomie de d\u00e9fense - IHEDN"},"image":{"@id":"https:\/\/fdd-ihedn.fr\/#\/schema\/logo\/image\/"},"sameAs":["https:\/\/x.com\/Chaire_Ecodef","https:\/\/www.linkedin.com\/company\/chaire-ecodef-ihedn\/"]},{"@type":"Person","@id":"https:\/\/fdd-ihedn.fr\/#\/schema\/person\/9fe23d397304e152668f6ba7966b1a64","name":"Bertrand Demandre","image":{"@type":"ImageObject","inLanguage":"en-GB","@id":"https:\/\/secure.gravatar.com\/avatar\/d9c9746d6c900ab5b9c0f9b1fa3932e369da923da247d624b8f7ab4ba8a3c093?s=96&d=mm&r=g","url":"https:\/\/secure.gravatar.com\/avatar\/d9c9746d6c900ab5b9c0f9b1fa3932e369da923da247d624b8f7ab4ba8a3c093?s=96&d=mm&r=g","contentUrl":"https:\/\/secure.gravatar.com\/avatar\/d9c9746d6c900ab5b9c0f9b1fa3932e369da923da247d624b8f7ab4ba8a3c093?s=96&d=mm&r=g","caption":"Bertrand Demandre"},"url":"https:\/\/fdd-ihedn.fr\/en\/author\/bertrand\/"}]}},"_links":{"self":[{"href":"https:\/\/fdd-ihedn.fr\/en\/wp-json\/wp\/v2\/posts\/4414","targetHints":{"allow":["GET"]}}],"collection":[{"href":"https:\/\/fdd-ihedn.fr\/en\/wp-json\/wp\/v2\/posts"}],"about":[{"href":"https:\/\/fdd-ihedn.fr\/en\/wp-json\/wp\/v2\/types\/post"}],"author":[{"embeddable":true,"href":"https:\/\/fdd-ihedn.fr\/en\/wp-json\/wp\/v2\/users\/2"}],"replies":[{"embeddable":true,"href":"https:\/\/fdd-ihedn.fr\/en\/wp-json\/wp\/v2\/comments?post=4414"}],"version-history":[{"count":4,"href":"https:\/\/fdd-ihedn.fr\/en\/wp-json\/wp\/v2\/posts\/4414\/revisions"}],"predecessor-version":[{"id":5667,"href":"https:\/\/fdd-ihedn.fr\/en\/wp-json\/wp\/v2\/posts\/4414\/revisions\/5667"}],"wp:featuredmedia":[{"embeddable":true,"href":"https:\/\/fdd-ihedn.fr\/en\/wp-json\/wp\/v2\/media\/4659"}],"wp:attachment":[{"href":"https:\/\/fdd-ihedn.fr\/en\/wp-json\/wp\/v2\/media?parent=4414"}],"wp:term":[{"taxonomy":"category","embeddable":true,"href":"https:\/\/fdd-ihedn.fr\/en\/wp-json\/wp\/v2\/categories?post=4414"},{"taxonomy":"post_tag","embeddable":true,"href":"https:\/\/fdd-ihedn.fr\/en\/wp-json\/wp\/v2\/tags?post=4414"}],"curies":[{"name":"wp","href":"https:\/\/api.w.org\/{rel}","templated":true}]}}