{"id":4144,"date":"2020-03-04T08:33:00","date_gmt":"2020-03-04T07:33:00","guid":{"rendered":"https:\/\/fdd.concilium.click\/conference-annuelle-de-la-chaire-economie-de-defense-ihedn\/"},"modified":"2024-09-24T14:01:19","modified_gmt":"2024-09-24T12:01:19","slug":"conference-annuelle-de-la-chaire-economie-de-defense-ihedn","status":"publish","type":"post","link":"https:\/\/fdd-ihedn.fr\/en\/conference-annuelle-de-la-chaire-economie-de-defense-ihedn\/","title":{"rendered":"[chaire ECODEF] Conf\u00e9rence annuelle de la Chaire"},"content":{"rendered":"<p class=\"has-text-align-center\"><strong>EN RAISON DE LA SITUATION SANITAIRE, LA CONF\u00c9RENCE EST REPORT\u00c9E.<\/strong><\/p>\n\n\n\n<p class=\"has-text-align-center\"><strong>UNE NOUVELLE DATE SERA COMMUNIQU\u00c9E D\u00c8S LE RETOUR \u00c0 LA NORMALE.<\/strong><\/p>\n\n\n\n<p><\/p>\n\n\n\n<p>La <strong><a rel=\"noreferrer noopener\" aria-label=\"Chaire \u00c9conomie de D\u00e9fense \u2013 IHEDN (s\u2019ouvre dans un nouvel onglet)\" href=\"https:\/\/economie-defense.fr\/\" target=\"_blank\">Chair in Defence Economics - IHEDN<\/a><\/strong> organise sa conf\u00e9rence annuelle le 15 avril 2020 apr\u00e8s-midi, \u00e0 l\u2019<strong>National Assembly<\/strong>, en salle Victor Hugo, avec la participation de <strong>Florence Parly, Minister for the Armed Forces<\/strong>, sur le th\u00e8me :<\/p>\n\n\n\n<div class=\"wp-block-group\"><div class=\"wp-block-group__inner-container is-layout-flow wp-block-group-is-layout-flow\">\n<h2 class=\"has-text-align-center wp-block-heading\"><em>Quelle politique industrielle europ\u00e9enne de d\u00e9fense<\/em> <em>face aux d\u00e9fis \u00e0 relever ? <\/em><\/h2>\n<\/div><\/div>\n\n\n<p style=\"text-align: center;\">Mercredi 15 avril 2020 de 14h \u00e0 18h<\/p>\n<p style=\"text-align: center;\">Salle Victor Hugo \u2013 Assembl\u00e9e nationale<\/p>\n\n\n<h3 class=\"has-text-align-center wp-block-heading\"><a rel=\"noreferrer noopener\" href=\"https:\/\/e0f9a6fe.sibforms.com\/serve\/MUIEABFu5V_7Jquro3ogRabjsIzUUEx2YmtatLugB8vOwpYN7CFow6OAiK-i8jKseXK8QCjkpVMqbn0aNGOm7UzTTjKm7CW1uBw5IHo342sXh6qHEg0B3Wn-PkbObPF8ImZrdSUsMpDwZzkCUusJMCSzgkl57ajp9NgK9xpfTdmwnALBqTv8Cf_OD37mlspFj83TIZLrqL8x13TQ\" target=\"_blank\">Pour vous inscrire, cliquez ici<\/a><\/h3>\n\n\n\n<p class=\"has-text-align-center\">Attention : <strong>Inscription obligatoire avant le 8 avril 2020<\/strong><\/p>","protected":false},"excerpt":{"rendered":"<p>EN RAISON DE LA SITUATION SANITAIRE, LA CONF\u00c9RENCE EST REPORT\u00c9E. UNE NOUVELLE DATE SERA COMMUNIQU\u00c9E D\u00c8S LE RETOUR \u00c0 LA NORMALE. La Chaire \u00c9conomie de D\u00e9fense \u2013 IHEDN organise sa conf\u00e9rence annuelle le 15 avril 2020 apr\u00e8s-midi, \u00e0 l\u2019Assembl\u00e9e nationale, en salle Victor Hugo, avec la participation de Madame Florence Parly, ministre des Arm\u00e9es, sur [&hellip;]<\/p>\n","protected":false},"author":1,"featured_media":4203,"comment_status":"open","ping_status":"open","sticky":false,"template":"","format":"standard","meta":{"footnotes":""},"categories":[34,438],"tags":[],"class_list":{"0":"post-4144","1":"post","2":"type-post","3":"status-publish","4":"format-standard","5":"has-post-thumbnail","7":"category-activites","8":"category-chaire-economie-de-defense"},"yoast_head":"<!-- This site is optimized with the Yoast SEO plugin v27.4 - https:\/\/yoast.com\/product\/yoast-seo-wordpress\/ -->\n<title>[chaire ECODEF] Conf\u00e9rence annuelle de la Chaire - Fonds de dotation de l&#039;IHEDN<\/title>\n<meta name=\"robots\" content=\"index, follow, max-snippet:-1, max-image-preview:large, max-video-preview:-1\" \/>\n<link rel=\"canonical\" href=\"https:\/\/fdd-ihedn.fr\/en\/conference-annuelle-de-la-chaire-economie-de-defense-ihedn\/\" \/>\n<meta property=\"og:locale\" content=\"en_GB\" \/>\n<meta property=\"og:type\" content=\"article\" \/>\n<meta property=\"og:title\" content=\"[chaire ECODEF] Conf\u00e9rence annuelle de la Chaire - Fonds de dotation de l&#039;IHEDN\" \/>\n<meta property=\"og:description\" content=\"EN RAISON DE LA SITUATION SANITAIRE, LA CONF\u00c9RENCE EST REPORT\u00c9E. UNE NOUVELLE DATE SERA COMMUNIQU\u00c9E D\u00c8S LE RETOUR \u00c0 LA NORMALE. La Chaire \u00c9conomie de D\u00e9fense \u2013 IHEDN organise sa conf\u00e9rence annuelle le 15 avril 2020 apr\u00e8s-midi, \u00e0 l\u2019Assembl\u00e9e nationale, en salle Victor Hugo, avec la participation de Madame Florence Parly, ministre des Arm\u00e9es, sur [&hellip;]\" \/>\n<meta property=\"og:url\" content=\"https:\/\/fdd-ihedn.fr\/en\/conference-annuelle-de-la-chaire-economie-de-defense-ihedn\/\" \/>\n<meta property=\"og:site_name\" content=\"Fonds de dotation de l&#039;IHEDN\" \/>\n<meta property=\"article:published_time\" content=\"2020-03-04T07:33:00+00:00\" \/>\n<meta property=\"article:modified_time\" content=\"2024-09-24T12:01:19+00:00\" \/>\n<meta property=\"og:image\" content=\"https:\/\/fdd-ihedn.fr\/wp-content\/uploads\/2020\/03\/2019_sga023_r_9-1-1024x683-1.jpg\" \/>\n\t<meta property=\"og:image:width\" content=\"1024\" \/>\n\t<meta property=\"og:image:height\" content=\"683\" \/>\n\t<meta property=\"og:image:type\" content=\"image\/jpeg\" \/>\n<meta name=\"author\" content=\"dev\" \/>\n<meta name=\"twitter:card\" content=\"summary_large_image\" \/>\n<meta name=\"twitter:creator\" content=\"@Chaire_Ecodef\" \/>\n<meta name=\"twitter:site\" content=\"@Chaire_Ecodef\" \/>\n<meta name=\"twitter:label1\" content=\"Written by\" \/>\n\t<meta name=\"twitter:data1\" content=\"dev\" \/>\n<script type=\"application\/ld+json\" class=\"yoast-schema-graph\">{\"@context\":\"https:\\\/\\\/schema.org\",\"@graph\":[{\"@type\":\"Article\",\"@id\":\"https:\\\/\\\/fdd-ihedn.fr\\\/conference-annuelle-de-la-chaire-economie-de-defense-ihedn\\\/#article\",\"isPartOf\":{\"@id\":\"https:\\\/\\\/fdd-ihedn.fr\\\/conference-annuelle-de-la-chaire-economie-de-defense-ihedn\\\/\"},\"author\":{\"name\":\"dev\",\"@id\":\"https:\\\/\\\/fdd-ihedn.fr\\\/#\\\/schema\\\/person\\\/9fdc5a3e2e544ff0f51c5e0732af0c12\"},\"headline\":\"[chaire ECODEF] Conf\u00e9rence annuelle de la Chaire\",\"datePublished\":\"2020-03-04T07:33:00+00:00\",\"dateModified\":\"2024-09-24T12:01:19+00:00\",\"mainEntityOfPage\":{\"@id\":\"https:\\\/\\\/fdd-ihedn.fr\\\/conference-annuelle-de-la-chaire-economie-de-defense-ihedn\\\/\"},\"wordCount\":106,\"commentCount\":0,\"publisher\":{\"@id\":\"https:\\\/\\\/fdd-ihedn.fr\\\/#organization\"},\"image\":{\"@id\":\"https:\\\/\\\/fdd-ihedn.fr\\\/conference-annuelle-de-la-chaire-economie-de-defense-ihedn\\\/#primaryimage\"},\"thumbnailUrl\":\"https:\\\/\\\/fdd-ihedn.fr\\\/wp-content\\\/uploads\\\/2020\\\/03\\\/2019_sga023_r_9-1-1024x683-1.jpg\",\"articleSection\":[\"Activit\u00e9s\",\"Chaire \u00c9conomie de d\u00e9fense\"],\"inLanguage\":\"en-GB\",\"potentialAction\":[{\"@type\":\"CommentAction\",\"name\":\"Comment\",\"target\":[\"https:\\\/\\\/fdd-ihedn.fr\\\/conference-annuelle-de-la-chaire-economie-de-defense-ihedn\\\/#respond\"]}]},{\"@type\":\"WebPage\",\"@id\":\"https:\\\/\\\/fdd-ihedn.fr\\\/conference-annuelle-de-la-chaire-economie-de-defense-ihedn\\\/\",\"url\":\"https:\\\/\\\/fdd-ihedn.fr\\\/conference-annuelle-de-la-chaire-economie-de-defense-ihedn\\\/\",\"name\":\"[chaire ECODEF] Conf\u00e9rence annuelle de la Chaire - Fonds de dotation de l&#039;IHEDN\",\"isPartOf\":{\"@id\":\"https:\\\/\\\/fdd-ihedn.fr\\\/#website\"},\"primaryImageOfPage\":{\"@id\":\"https:\\\/\\\/fdd-ihedn.fr\\\/conference-annuelle-de-la-chaire-economie-de-defense-ihedn\\\/#primaryimage\"},\"image\":{\"@id\":\"https:\\\/\\\/fdd-ihedn.fr\\\/conference-annuelle-de-la-chaire-economie-de-defense-ihedn\\\/#primaryimage\"},\"thumbnailUrl\":\"https:\\\/\\\/fdd-ihedn.fr\\\/wp-content\\\/uploads\\\/2020\\\/03\\\/2019_sga023_r_9-1-1024x683-1.jpg\",\"datePublished\":\"2020-03-04T07:33:00+00:00\",\"dateModified\":\"2024-09-24T12:01:19+00:00\",\"breadcrumb\":{\"@id\":\"https:\\\/\\\/fdd-ihedn.fr\\\/conference-annuelle-de-la-chaire-economie-de-defense-ihedn\\\/#breadcrumb\"},\"inLanguage\":\"en-GB\",\"potentialAction\":[{\"@type\":\"ReadAction\",\"target\":[\"https:\\\/\\\/fdd-ihedn.fr\\\/conference-annuelle-de-la-chaire-economie-de-defense-ihedn\\\/\"]}]},{\"@type\":\"ImageObject\",\"inLanguage\":\"en-GB\",\"@id\":\"https:\\\/\\\/fdd-ihedn.fr\\\/conference-annuelle-de-la-chaire-economie-de-defense-ihedn\\\/#primaryimage\",\"url\":\"https:\\\/\\\/fdd-ihedn.fr\\\/wp-content\\\/uploads\\\/2020\\\/03\\\/2019_sga023_r_9-1-1024x683-1.jpg\",\"contentUrl\":\"https:\\\/\\\/fdd-ihedn.fr\\\/wp-content\\\/uploads\\\/2020\\\/03\\\/2019_sga023_r_9-1-1024x683-1.jpg\",\"width\":1024,\"height\":683},{\"@type\":\"BreadcrumbList\",\"@id\":\"https:\\\/\\\/fdd-ihedn.fr\\\/conference-annuelle-de-la-chaire-economie-de-defense-ihedn\\\/#breadcrumb\",\"itemListElement\":[{\"@type\":\"ListItem\",\"position\":1,\"name\":\"Accueil\",\"item\":\"https:\\\/\\\/fdd-ihedn.fr\\\/\"},{\"@type\":\"ListItem\",\"position\":2,\"name\":\"[chaire ECODEF] Conf\u00e9rence annuelle de la Chaire\"}]},{\"@type\":\"WebSite\",\"@id\":\"https:\\\/\\\/fdd-ihedn.fr\\\/#website\",\"url\":\"https:\\\/\\\/fdd-ihedn.fr\\\/\",\"name\":\"Fonds de dotation de l&#039;IHEDN\",\"description\":\"Des projets innovants d\u00e9velopp\u00e9s pour l&#039;IHEDN gr\u00e2ce au m\u00e9c\u00e9nat\",\"publisher\":{\"@id\":\"https:\\\/\\\/fdd-ihedn.fr\\\/#organization\"},\"potentialAction\":[{\"@type\":\"SearchAction\",\"target\":{\"@type\":\"EntryPoint\",\"urlTemplate\":\"https:\\\/\\\/fdd-ihedn.fr\\\/?s={search_term_string}\"},\"query-input\":{\"@type\":\"PropertyValueSpecification\",\"valueRequired\":true,\"valueName\":\"search_term_string\"}}],\"inLanguage\":\"en-GB\"},{\"@type\":\"Organization\",\"@id\":\"https:\\\/\\\/fdd-ihedn.fr\\\/#organization\",\"name\":\"Chaire \u00c9conomie de d\u00e9fense - IHEDN\",\"url\":\"https:\\\/\\\/fdd-ihedn.fr\\\/\",\"logo\":{\"@type\":\"ImageObject\",\"inLanguage\":\"en-GB\",\"@id\":\"https:\\\/\\\/fdd-ihedn.fr\\\/#\\\/schema\\\/logo\\\/image\\\/\",\"url\":\"https:\\\/\\\/fdd-ihedn.fr\\\/wp-content\\\/uploads\\\/2020\\\/04\\\/logoEcodef9.jpg\",\"contentUrl\":\"https:\\\/\\\/fdd-ihedn.fr\\\/wp-content\\\/uploads\\\/2020\\\/04\\\/logoEcodef9.jpg\",\"width\":410,\"height\":212,\"caption\":\"Chaire \u00c9conomie de d\u00e9fense - IHEDN\"},\"image\":{\"@id\":\"https:\\\/\\\/fdd-ihedn.fr\\\/#\\\/schema\\\/logo\\\/image\\\/\"},\"sameAs\":[\"https:\\\/\\\/x.com\\\/Chaire_Ecodef\",\"https:\\\/\\\/www.linkedin.com\\\/company\\\/chaire-ecodef-ihedn\\\/\"]},{\"@type\":\"Person\",\"@id\":\"https:\\\/\\\/fdd-ihedn.fr\\\/#\\\/schema\\\/person\\\/9fdc5a3e2e544ff0f51c5e0732af0c12\",\"name\":\"dev\",\"image\":{\"@type\":\"ImageObject\",\"inLanguage\":\"en-GB\",\"@id\":\"https:\\\/\\\/secure.gravatar.com\\\/avatar\\\/f1ffcac9ca2fa95ad3ec33e9be3ade82f752acb0cabe541e56c5889225afa88a?s=96&d=mm&r=g\",\"url\":\"https:\\\/\\\/secure.gravatar.com\\\/avatar\\\/f1ffcac9ca2fa95ad3ec33e9be3ade82f752acb0cabe541e56c5889225afa88a?s=96&d=mm&r=g\",\"contentUrl\":\"https:\\\/\\\/secure.gravatar.com\\\/avatar\\\/f1ffcac9ca2fa95ad3ec33e9be3ade82f752acb0cabe541e56c5889225afa88a?s=96&d=mm&r=g\",\"caption\":\"dev\"},\"url\":\"https:\\\/\\\/fdd-ihedn.fr\\\/en\\\/author\\\/dev\\\/\"}]}<\/script>\n<!-- \/ Yoast SEO plugin. -->","yoast_head_json":{"title":"[chaire ECODEF] Conf\u00e9rence annuelle de la Chaire - Fonds de dotation de l&#039;IHEDN","robots":{"index":"index","follow":"follow","max-snippet":"max-snippet:-1","max-image-preview":"max-image-preview:large","max-video-preview":"max-video-preview:-1"},"canonical":"https:\/\/fdd-ihedn.fr\/en\/conference-annuelle-de-la-chaire-economie-de-defense-ihedn\/","og_locale":"en_GB","og_type":"article","og_title":"[chaire ECODEF] Conf\u00e9rence annuelle de la Chaire - Fonds de dotation de l&#039;IHEDN","og_description":"EN RAISON DE LA SITUATION SANITAIRE, LA CONF\u00c9RENCE EST REPORT\u00c9E. UNE NOUVELLE DATE SERA COMMUNIQU\u00c9E D\u00c8S LE RETOUR \u00c0 LA NORMALE. La Chaire \u00c9conomie de D\u00e9fense \u2013 IHEDN organise sa conf\u00e9rence annuelle le 15 avril 2020 apr\u00e8s-midi, \u00e0 l\u2019Assembl\u00e9e nationale, en salle Victor Hugo, avec la participation de Madame Florence Parly, ministre des Arm\u00e9es, sur [&hellip;]","og_url":"https:\/\/fdd-ihedn.fr\/en\/conference-annuelle-de-la-chaire-economie-de-defense-ihedn\/","og_site_name":"Fonds de dotation de l&#039;IHEDN","article_published_time":"2020-03-04T07:33:00+00:00","article_modified_time":"2024-09-24T12:01:19+00:00","og_image":[{"width":1024,"height":683,"url":"https:\/\/fdd-ihedn.fr\/wp-content\/uploads\/2020\/03\/2019_sga023_r_9-1-1024x683-1.jpg","type":"image\/jpeg"}],"author":"dev","twitter_card":"summary_large_image","twitter_creator":"@Chaire_Ecodef","twitter_site":"@Chaire_Ecodef","twitter_misc":{"Written by":"dev"},"schema":{"@context":"https:\/\/schema.org","@graph":[{"@type":"Article","@id":"https:\/\/fdd-ihedn.fr\/conference-annuelle-de-la-chaire-economie-de-defense-ihedn\/#article","isPartOf":{"@id":"https:\/\/fdd-ihedn.fr\/conference-annuelle-de-la-chaire-economie-de-defense-ihedn\/"},"author":{"name":"dev","@id":"https:\/\/fdd-ihedn.fr\/#\/schema\/person\/9fdc5a3e2e544ff0f51c5e0732af0c12"},"headline":"[chaire ECODEF] Conf\u00e9rence annuelle de la Chaire","datePublished":"2020-03-04T07:33:00+00:00","dateModified":"2024-09-24T12:01:19+00:00","mainEntityOfPage":{"@id":"https:\/\/fdd-ihedn.fr\/conference-annuelle-de-la-chaire-economie-de-defense-ihedn\/"},"wordCount":106,"commentCount":0,"publisher":{"@id":"https:\/\/fdd-ihedn.fr\/#organization"},"image":{"@id":"https:\/\/fdd-ihedn.fr\/conference-annuelle-de-la-chaire-economie-de-defense-ihedn\/#primaryimage"},"thumbnailUrl":"https:\/\/fdd-ihedn.fr\/wp-content\/uploads\/2020\/03\/2019_sga023_r_9-1-1024x683-1.jpg","articleSection":["Activit\u00e9s","Chaire \u00c9conomie de d\u00e9fense"],"inLanguage":"en-GB","potentialAction":[{"@type":"CommentAction","name":"Comment","target":["https:\/\/fdd-ihedn.fr\/conference-annuelle-de-la-chaire-economie-de-defense-ihedn\/#respond"]}]},{"@type":"WebPage","@id":"https:\/\/fdd-ihedn.fr\/conference-annuelle-de-la-chaire-economie-de-defense-ihedn\/","url":"https:\/\/fdd-ihedn.fr\/conference-annuelle-de-la-chaire-economie-de-defense-ihedn\/","name":"[chaire ECODEF] Conf\u00e9rence annuelle de la Chaire - Fonds de dotation de l&#039;IHEDN","isPartOf":{"@id":"https:\/\/fdd-ihedn.fr\/#website"},"primaryImageOfPage":{"@id":"https:\/\/fdd-ihedn.fr\/conference-annuelle-de-la-chaire-economie-de-defense-ihedn\/#primaryimage"},"image":{"@id":"https:\/\/fdd-ihedn.fr\/conference-annuelle-de-la-chaire-economie-de-defense-ihedn\/#primaryimage"},"thumbnailUrl":"https:\/\/fdd-ihedn.fr\/wp-content\/uploads\/2020\/03\/2019_sga023_r_9-1-1024x683-1.jpg","datePublished":"2020-03-04T07:33:00+00:00","dateModified":"2024-09-24T12:01:19+00:00","breadcrumb":{"@id":"https:\/\/fdd-ihedn.fr\/conference-annuelle-de-la-chaire-economie-de-defense-ihedn\/#breadcrumb"},"inLanguage":"en-GB","potentialAction":[{"@type":"ReadAction","target":["https:\/\/fdd-ihedn.fr\/conference-annuelle-de-la-chaire-economie-de-defense-ihedn\/"]}]},{"@type":"ImageObject","inLanguage":"en-GB","@id":"https:\/\/fdd-ihedn.fr\/conference-annuelle-de-la-chaire-economie-de-defense-ihedn\/#primaryimage","url":"https:\/\/fdd-ihedn.fr\/wp-content\/uploads\/2020\/03\/2019_sga023_r_9-1-1024x683-1.jpg","contentUrl":"https:\/\/fdd-ihedn.fr\/wp-content\/uploads\/2020\/03\/2019_sga023_r_9-1-1024x683-1.jpg","width":1024,"height":683},{"@type":"BreadcrumbList","@id":"https:\/\/fdd-ihedn.fr\/conference-annuelle-de-la-chaire-economie-de-defense-ihedn\/#breadcrumb","itemListElement":[{"@type":"ListItem","position":1,"name":"Accueil","item":"https:\/\/fdd-ihedn.fr\/"},{"@type":"ListItem","position":2,"name":"[chaire ECODEF] Conf\u00e9rence annuelle de la Chaire"}]},{"@type":"WebSite","@id":"https:\/\/fdd-ihedn.fr\/#website","url":"https:\/\/fdd-ihedn.fr\/","name":"IHEDN Endowment Fund","description":"Innovative projects developed for IHEDN thanks to sponsorship","publisher":{"@id":"https:\/\/fdd-ihedn.fr\/#organization"},"potentialAction":[{"@type":"SearchAction","target":{"@type":"EntryPoint","urlTemplate":"https:\/\/fdd-ihedn.fr\/?s={search_term_string}"},"query-input":{"@type":"PropertyValueSpecification","valueRequired":true,"valueName":"search_term_string"}}],"inLanguage":"en-GB"},{"@type":"Organization","@id":"https:\/\/fdd-ihedn.fr\/#organization","name":"Chair in Defence Economics - IHEDN","url":"https:\/\/fdd-ihedn.fr\/","logo":{"@type":"ImageObject","inLanguage":"en-GB","@id":"https:\/\/fdd-ihedn.fr\/#\/schema\/logo\/image\/","url":"https:\/\/fdd-ihedn.fr\/wp-content\/uploads\/2020\/04\/logoEcodef9.jpg","contentUrl":"https:\/\/fdd-ihedn.fr\/wp-content\/uploads\/2020\/04\/logoEcodef9.jpg","width":410,"height":212,"caption":"Chaire \u00c9conomie de d\u00e9fense - IHEDN"},"image":{"@id":"https:\/\/fdd-ihedn.fr\/#\/schema\/logo\/image\/"},"sameAs":["https:\/\/x.com\/Chaire_Ecodef","https:\/\/www.linkedin.com\/company\/chaire-ecodef-ihedn\/"]},{"@type":"Person","@id":"https:\/\/fdd-ihedn.fr\/#\/schema\/person\/9fdc5a3e2e544ff0f51c5e0732af0c12","name":"dev","image":{"@type":"ImageObject","inLanguage":"en-GB","@id":"https:\/\/secure.gravatar.com\/avatar\/f1ffcac9ca2fa95ad3ec33e9be3ade82f752acb0cabe541e56c5889225afa88a?s=96&d=mm&r=g","url":"https:\/\/secure.gravatar.com\/avatar\/f1ffcac9ca2fa95ad3ec33e9be3ade82f752acb0cabe541e56c5889225afa88a?s=96&d=mm&r=g","contentUrl":"https:\/\/secure.gravatar.com\/avatar\/f1ffcac9ca2fa95ad3ec33e9be3ade82f752acb0cabe541e56c5889225afa88a?s=96&d=mm&r=g","caption":"dev"},"url":"https:\/\/fdd-ihedn.fr\/en\/author\/dev\/"}]}},"_links":{"self":[{"href":"https:\/\/fdd-ihedn.fr\/en\/wp-json\/wp\/v2\/posts\/4144","targetHints":{"allow":["GET"]}}],"collection":[{"href":"https:\/\/fdd-ihedn.fr\/en\/wp-json\/wp\/v2\/posts"}],"about":[{"href":"https:\/\/fdd-ihedn.fr\/en\/wp-json\/wp\/v2\/types\/post"}],"author":[{"embeddable":true,"href":"https:\/\/fdd-ihedn.fr\/en\/wp-json\/wp\/v2\/users\/1"}],"replies":[{"embeddable":true,"href":"https:\/\/fdd-ihedn.fr\/en\/wp-json\/wp\/v2\/comments?post=4144"}],"version-history":[{"count":4,"href":"https:\/\/fdd-ihedn.fr\/en\/wp-json\/wp\/v2\/posts\/4144\/revisions"}],"predecessor-version":[{"id":5663,"href":"https:\/\/fdd-ihedn.fr\/en\/wp-json\/wp\/v2\/posts\/4144\/revisions\/5663"}],"wp:featuredmedia":[{"embeddable":true,"href":"https:\/\/fdd-ihedn.fr\/en\/wp-json\/wp\/v2\/media\/4203"}],"wp:attachment":[{"href":"https:\/\/fdd-ihedn.fr\/en\/wp-json\/wp\/v2\/media?parent=4144"}],"wp:term":[{"taxonomy":"category","embeddable":true,"href":"https:\/\/fdd-ihedn.fr\/en\/wp-json\/wp\/v2\/categories?post=4144"},{"taxonomy":"post_tag","embeddable":true,"href":"https:\/\/fdd-ihedn.fr\/en\/wp-json\/wp\/v2\/tags?post=4144"}],"curies":[{"name":"wp","href":"https:\/\/api.w.org\/{rel}","templated":true}]}}