{"id":4143,"date":"2019-11-21T12:35:27","date_gmt":"2019-11-21T11:35:27","guid":{"rendered":"https:\/\/fdd.concilium.click\/conference-de-jean-belin-sur-les-industries-de-defense-enjeux-economiques-prospectives-lundi-12-decembre-a-pessac-33\/"},"modified":"2024-09-24T14:01:11","modified_gmt":"2024-09-24T12:01:11","slug":"conference-de-jean-belin-sur-les-industries-de-defense-enjeux-economiques-prospectives-lundi-12-decembre-a-pessac-33","status":"publish","type":"post","link":"https:\/\/fdd-ihedn.fr\/en\/conference-de-jean-belin-sur-les-industries-de-defense-enjeux-economiques-prospectives-lundi-12-decembre-a-pessac-33\/","title":{"rendered":"[chaire ECODEF] Conf\u00e9rence de Jean Belin sur  \u00ab\u00a0Les industries de d\u00e9fense : enjeux \u00e9conomiques &#038; prospectives\u00a0\u00bb, lundi 2 d\u00e9cembre \u00e0 Pessac (33)"},"content":{"rendered":"<p>La <strong>d\u00e9l\u00e9gation r\u00e9gionale des <a href=\"https:\/\/jeunes-ihedn.org\">Jeunes IHEDN<\/a> en Nouvelle-Aquitaine<\/strong> a le plaisir de vous inviter \u00e0 la conf\u00e9rence :<\/p>\n\n\n\n<h3 class=\"wp-block-heading\">Les industries de d\u00e9fense : enjeux \u00e9conomiques &amp; prospectives<\/h3>\n\n\n\n<p>Avec<\/p>\n\n\n\n<p>Jean Belin, Ma\u00eetre de Conf\u00e9rences et titulaire de la Chaire \u00c9conomie de d\u00e9fense &#8211; IHEDN<\/p>\n\n\n\n<p>Lundi 2 d\u00e9cembre 2019<br>17h30 \u2013 19h00<\/p>\n\n\n\n<p>Campus\nuniversitaire de Pessac \u2013 Salle E9<\/p>\n\n\n\n<p><strong>Informations :<\/strong><br> <a rel=\"noreferrer noopener\" href=\"mailto:aquitaine@jeunes-ihedn.org\" target=\"_blank\">aquitaine@jeunes-ihedn.org<\/a><\/p>\n\n\n\n<p>Peu repr\u00e9sent\u00e9e,\nl\u2019\u00c9conomie de d\u00e9fense s\u2019inscrit pourtant au c\u0153ur d\u2019une longue tradition\nfran\u00e7aise. L\u2019objectif de la Chaire dont est titulaire Jean Belin est de\nf\u00e9d\u00e9rer, de diffuser la pens\u00e9e \u00e9conomique de d\u00e9fense et de produire une\nrecherche acad\u00e9mique de r\u00e9f\u00e9rence pouvant apporter un \u00e9clairage sur les impacts\n\u00e9conomiques des d\u00e9cisions politiques en mati\u00e8re de d\u00e9fense.<\/p>\n\n\n\n<p>Au cours de la\nconf\u00e9rence, Jean Belin aura notamment l\u2019occassion de pr\u00e9senter son nouvel\nouvrage, <em>The Economics of the Global Defence Industry<\/em>.<\/p>\n\n\n\n<div class=\"wp-block-image\"><figure class=\"aligncenter size-full is-resized\"><a href=\"https:\/\/www.defense.gouv.fr\/actualites\/articles\/la-fabrique-defense-une-ambition-europeenne-pour-la-jeunesse\"><img loading=\"lazy\" decoding=\"async\" src=\"https:\/\/fdd-ihedn.fr\/wp-content\/uploads\/2020\/04\/logo-fabrique-defense.png\" alt=\"\" class=\"wp-image-7364\" width=\"314\" height=\"130\"\/><\/a><figcaption> <strong>Cet \u00e9v\u00e9nement est labellis\u00e9 <a href=\"https:\/\/www.defense.gouv.fr\/actualites\/articles\/la-fabrique-defense-une-ambition-europeenne-pour-la-jeunesse\">La Fabrique D\u00e9fense<\/a><\/strong> <\/figcaption><\/figure><\/div>\n\n\n<p><!--EndFragment--><\/p>","protected":false},"excerpt":{"rendered":"<p>La d\u00e9l\u00e9gation r\u00e9gionale des Jeunes IHEDN en Nouvelle-Aquitaine a le plaisir de vous inviter \u00e0 la conf\u00e9rence : Les industries de d\u00e9fense : enjeux \u00e9conomiques &amp; prospectives Avec Jean Belin, Ma\u00eetre de Conf\u00e9rences et titulaire de la Chaire \u00c9conomie de d\u00e9fense &#8211; IHEDN Lundi 2 d\u00e9cembre 201917h30 \u2013 19h00 Campus universitaire de Pessac \u2013 Salle [&hellip;]<\/p>\n","protected":false},"author":1,"featured_media":4205,"comment_status":"open","ping_status":"open","sticky":false,"template":"","format":"standard","meta":{"footnotes":""},"categories":[34,438],"tags":[],"class_list":{"0":"post-4143","1":"post","2":"type-post","3":"status-publish","4":"format-standard","5":"has-post-thumbnail","7":"category-activites","8":"category-chaire-economie-de-defense"},"yoast_head":"<!-- This site is optimized with the Yoast SEO plugin v27.4 - https:\/\/yoast.com\/product\/yoast-seo-wordpress\/ -->\n<title>[chaire ECODEF] Conf\u00e9rence de Jean Belin sur &quot;Les industries de d\u00e9fense : enjeux \u00e9conomiques &amp; prospectives&quot;, lundi 2 d\u00e9cembre \u00e0 Pessac (33) - Fonds de dotation de l&#039;IHEDN<\/title>\n<meta name=\"robots\" content=\"index, follow, max-snippet:-1, max-image-preview:large, max-video-preview:-1\" \/>\n<link rel=\"canonical\" href=\"https:\/\/fdd-ihedn.fr\/en\/conference-de-jean-belin-sur-les-industries-de-defense-enjeux-economiques-prospectives-lundi-12-decembre-a-pessac-33\/\" \/>\n<meta property=\"og:locale\" content=\"en_GB\" \/>\n<meta property=\"og:type\" content=\"article\" \/>\n<meta property=\"og:title\" content=\"[chaire ECODEF] Conf\u00e9rence de Jean Belin sur &quot;Les industries de d\u00e9fense : enjeux \u00e9conomiques &amp; prospectives&quot;, lundi 2 d\u00e9cembre \u00e0 Pessac (33) - Fonds de dotation de l&#039;IHEDN\" \/>\n<meta property=\"og:description\" content=\"La d\u00e9l\u00e9gation r\u00e9gionale des Jeunes IHEDN en Nouvelle-Aquitaine a le plaisir de vous inviter \u00e0 la conf\u00e9rence : Les industries de d\u00e9fense : enjeux \u00e9conomiques &amp; prospectives Avec Jean Belin, Ma\u00eetre de Conf\u00e9rences et titulaire de la Chaire \u00c9conomie de d\u00e9fense &#8211; IHEDN Lundi 2 d\u00e9cembre 201917h30 \u2013 19h00 Campus universitaire de Pessac \u2013 Salle [&hellip;]\" \/>\n<meta property=\"og:url\" content=\"https:\/\/fdd-ihedn.fr\/en\/conference-de-jean-belin-sur-les-industries-de-defense-enjeux-economiques-prospectives-lundi-12-decembre-a-pessac-33\/\" \/>\n<meta property=\"og:site_name\" content=\"Fonds de dotation de l&#039;IHEDN\" \/>\n<meta property=\"article:published_time\" content=\"2019-11-21T11:35:27+00:00\" \/>\n<meta property=\"article:modified_time\" content=\"2024-09-24T12:01:11+00:00\" \/>\n<meta property=\"og:image\" content=\"https:\/\/fdd-ihedn.fr\/wp-content\/uploads\/2019\/11\/Cercle-des-partenaires-IHEDN-Chaire-Economie-Defense-391.jpg\" \/>\n\t<meta property=\"og:image:width\" content=\"980\" \/>\n\t<meta property=\"og:image:height\" content=\"450\" \/>\n\t<meta property=\"og:image:type\" content=\"image\/jpeg\" \/>\n<meta name=\"author\" content=\"dev\" \/>\n<meta name=\"twitter:card\" content=\"summary_large_image\" \/>\n<meta name=\"twitter:creator\" content=\"@Chaire_Ecodef\" \/>\n<meta name=\"twitter:site\" content=\"@Chaire_Ecodef\" \/>\n<meta name=\"twitter:label1\" content=\"Written by\" \/>\n\t<meta name=\"twitter:data1\" content=\"dev\" \/>\n\t<meta name=\"twitter:label2\" content=\"Estimated reading time\" \/>\n\t<meta name=\"twitter:data2\" content=\"1 minute\" \/>\n<script type=\"application\/ld+json\" class=\"yoast-schema-graph\">{\"@context\":\"https:\\\/\\\/schema.org\",\"@graph\":[{\"@type\":\"Article\",\"@id\":\"https:\\\/\\\/fdd-ihedn.fr\\\/conference-de-jean-belin-sur-les-industries-de-defense-enjeux-economiques-prospectives-lundi-12-decembre-a-pessac-33\\\/#article\",\"isPartOf\":{\"@id\":\"https:\\\/\\\/fdd-ihedn.fr\\\/conference-de-jean-belin-sur-les-industries-de-defense-enjeux-economiques-prospectives-lundi-12-decembre-a-pessac-33\\\/\"},\"author\":{\"name\":\"dev\",\"@id\":\"https:\\\/\\\/fdd-ihedn.fr\\\/#\\\/schema\\\/person\\\/9fdc5a3e2e544ff0f51c5e0732af0c12\"},\"headline\":\"[chaire ECODEF] Conf\u00e9rence de Jean Belin sur \u00ab\u00a0Les industries de d\u00e9fense : enjeux \u00e9conomiques &#038; prospectives\u00a0\u00bb, lundi 2 d\u00e9cembre \u00e0 Pessac (33)\",\"datePublished\":\"2019-11-21T11:35:27+00:00\",\"dateModified\":\"2024-09-24T12:01:11+00:00\",\"mainEntityOfPage\":{\"@id\":\"https:\\\/\\\/fdd-ihedn.fr\\\/conference-de-jean-belin-sur-les-industries-de-defense-enjeux-economiques-prospectives-lundi-12-decembre-a-pessac-33\\\/\"},\"wordCount\":191,\"commentCount\":0,\"publisher\":{\"@id\":\"https:\\\/\\\/fdd-ihedn.fr\\\/#organization\"},\"image\":{\"@id\":\"https:\\\/\\\/fdd-ihedn.fr\\\/conference-de-jean-belin-sur-les-industries-de-defense-enjeux-economiques-prospectives-lundi-12-decembre-a-pessac-33\\\/#primaryimage\"},\"thumbnailUrl\":\"https:\\\/\\\/fdd-ihedn.fr\\\/wp-content\\\/uploads\\\/2019\\\/11\\\/Cercle-des-partenaires-IHEDN-Chaire-Economie-Defense-391.jpg\",\"articleSection\":[\"Activit\u00e9s\",\"Chaire \u00c9conomie de d\u00e9fense\"],\"inLanguage\":\"en-GB\",\"potentialAction\":[{\"@type\":\"CommentAction\",\"name\":\"Comment\",\"target\":[\"https:\\\/\\\/fdd-ihedn.fr\\\/conference-de-jean-belin-sur-les-industries-de-defense-enjeux-economiques-prospectives-lundi-12-decembre-a-pessac-33\\\/#respond\"]}]},{\"@type\":\"WebPage\",\"@id\":\"https:\\\/\\\/fdd-ihedn.fr\\\/conference-de-jean-belin-sur-les-industries-de-defense-enjeux-economiques-prospectives-lundi-12-decembre-a-pessac-33\\\/\",\"url\":\"https:\\\/\\\/fdd-ihedn.fr\\\/conference-de-jean-belin-sur-les-industries-de-defense-enjeux-economiques-prospectives-lundi-12-decembre-a-pessac-33\\\/\",\"name\":\"[chaire ECODEF] Conf\u00e9rence de Jean Belin sur \\\"Les industries de d\u00e9fense : enjeux \u00e9conomiques & prospectives\\\", lundi 2 d\u00e9cembre \u00e0 Pessac (33) - Fonds de dotation de l&#039;IHEDN\",\"isPartOf\":{\"@id\":\"https:\\\/\\\/fdd-ihedn.fr\\\/#website\"},\"primaryImageOfPage\":{\"@id\":\"https:\\\/\\\/fdd-ihedn.fr\\\/conference-de-jean-belin-sur-les-industries-de-defense-enjeux-economiques-prospectives-lundi-12-decembre-a-pessac-33\\\/#primaryimage\"},\"image\":{\"@id\":\"https:\\\/\\\/fdd-ihedn.fr\\\/conference-de-jean-belin-sur-les-industries-de-defense-enjeux-economiques-prospectives-lundi-12-decembre-a-pessac-33\\\/#primaryimage\"},\"thumbnailUrl\":\"https:\\\/\\\/fdd-ihedn.fr\\\/wp-content\\\/uploads\\\/2019\\\/11\\\/Cercle-des-partenaires-IHEDN-Chaire-Economie-Defense-391.jpg\",\"datePublished\":\"2019-11-21T11:35:27+00:00\",\"dateModified\":\"2024-09-24T12:01:11+00:00\",\"breadcrumb\":{\"@id\":\"https:\\\/\\\/fdd-ihedn.fr\\\/conference-de-jean-belin-sur-les-industries-de-defense-enjeux-economiques-prospectives-lundi-12-decembre-a-pessac-33\\\/#breadcrumb\"},\"inLanguage\":\"en-GB\",\"potentialAction\":[{\"@type\":\"ReadAction\",\"target\":[\"https:\\\/\\\/fdd-ihedn.fr\\\/conference-de-jean-belin-sur-les-industries-de-defense-enjeux-economiques-prospectives-lundi-12-decembre-a-pessac-33\\\/\"]}]},{\"@type\":\"ImageObject\",\"inLanguage\":\"en-GB\",\"@id\":\"https:\\\/\\\/fdd-ihedn.fr\\\/conference-de-jean-belin-sur-les-industries-de-defense-enjeux-economiques-prospectives-lundi-12-decembre-a-pessac-33\\\/#primaryimage\",\"url\":\"https:\\\/\\\/fdd-ihedn.fr\\\/wp-content\\\/uploads\\\/2019\\\/11\\\/Cercle-des-partenaires-IHEDN-Chaire-Economie-Defense-391.jpg\",\"contentUrl\":\"https:\\\/\\\/fdd-ihedn.fr\\\/wp-content\\\/uploads\\\/2019\\\/11\\\/Cercle-des-partenaires-IHEDN-Chaire-Economie-Defense-391.jpg\",\"width\":980,\"height\":450},{\"@type\":\"BreadcrumbList\",\"@id\":\"https:\\\/\\\/fdd-ihedn.fr\\\/conference-de-jean-belin-sur-les-industries-de-defense-enjeux-economiques-prospectives-lundi-12-decembre-a-pessac-33\\\/#breadcrumb\",\"itemListElement\":[{\"@type\":\"ListItem\",\"position\":1,\"name\":\"Accueil\",\"item\":\"https:\\\/\\\/fdd-ihedn.fr\\\/\"},{\"@type\":\"ListItem\",\"position\":2,\"name\":\"[chaire ECODEF] Conf\u00e9rence de Jean Belin sur &#8220;Les industries de d\u00e9fense : enjeux \u00e9conomiques &#038; prospectives&#8221;, lundi 2 d\u00e9cembre \u00e0 Pessac (33)\"}]},{\"@type\":\"WebSite\",\"@id\":\"https:\\\/\\\/fdd-ihedn.fr\\\/#website\",\"url\":\"https:\\\/\\\/fdd-ihedn.fr\\\/\",\"name\":\"Fonds de dotation de l&#039;IHEDN\",\"description\":\"Des projets innovants d\u00e9velopp\u00e9s pour l&#039;IHEDN gr\u00e2ce au m\u00e9c\u00e9nat\",\"publisher\":{\"@id\":\"https:\\\/\\\/fdd-ihedn.fr\\\/#organization\"},\"potentialAction\":[{\"@type\":\"SearchAction\",\"target\":{\"@type\":\"EntryPoint\",\"urlTemplate\":\"https:\\\/\\\/fdd-ihedn.fr\\\/?s={search_term_string}\"},\"query-input\":{\"@type\":\"PropertyValueSpecification\",\"valueRequired\":true,\"valueName\":\"search_term_string\"}}],\"inLanguage\":\"en-GB\"},{\"@type\":\"Organization\",\"@id\":\"https:\\\/\\\/fdd-ihedn.fr\\\/#organization\",\"name\":\"Chaire \u00c9conomie de d\u00e9fense - IHEDN\",\"url\":\"https:\\\/\\\/fdd-ihedn.fr\\\/\",\"logo\":{\"@type\":\"ImageObject\",\"inLanguage\":\"en-GB\",\"@id\":\"https:\\\/\\\/fdd-ihedn.fr\\\/#\\\/schema\\\/logo\\\/image\\\/\",\"url\":\"https:\\\/\\\/fdd-ihedn.fr\\\/wp-content\\\/uploads\\\/2020\\\/04\\\/logoEcodef9.jpg\",\"contentUrl\":\"https:\\\/\\\/fdd-ihedn.fr\\\/wp-content\\\/uploads\\\/2020\\\/04\\\/logoEcodef9.jpg\",\"width\":410,\"height\":212,\"caption\":\"Chaire \u00c9conomie de d\u00e9fense - IHEDN\"},\"image\":{\"@id\":\"https:\\\/\\\/fdd-ihedn.fr\\\/#\\\/schema\\\/logo\\\/image\\\/\"},\"sameAs\":[\"https:\\\/\\\/x.com\\\/Chaire_Ecodef\",\"https:\\\/\\\/www.linkedin.com\\\/company\\\/chaire-ecodef-ihedn\\\/\"]},{\"@type\":\"Person\",\"@id\":\"https:\\\/\\\/fdd-ihedn.fr\\\/#\\\/schema\\\/person\\\/9fdc5a3e2e544ff0f51c5e0732af0c12\",\"name\":\"dev\",\"image\":{\"@type\":\"ImageObject\",\"inLanguage\":\"en-GB\",\"@id\":\"https:\\\/\\\/secure.gravatar.com\\\/avatar\\\/f1ffcac9ca2fa95ad3ec33e9be3ade82f752acb0cabe541e56c5889225afa88a?s=96&d=mm&r=g\",\"url\":\"https:\\\/\\\/secure.gravatar.com\\\/avatar\\\/f1ffcac9ca2fa95ad3ec33e9be3ade82f752acb0cabe541e56c5889225afa88a?s=96&d=mm&r=g\",\"contentUrl\":\"https:\\\/\\\/secure.gravatar.com\\\/avatar\\\/f1ffcac9ca2fa95ad3ec33e9be3ade82f752acb0cabe541e56c5889225afa88a?s=96&d=mm&r=g\",\"caption\":\"dev\"},\"url\":\"https:\\\/\\\/fdd-ihedn.fr\\\/en\\\/author\\\/dev\\\/\"}]}<\/script>\n<!-- \/ Yoast SEO plugin. -->","yoast_head_json":{"title":"[chaire ECODEF] Conf\u00e9rence de Jean Belin sur \"Les industries de d\u00e9fense : enjeux \u00e9conomiques & prospectives\", lundi 2 d\u00e9cembre \u00e0 Pessac (33) - Fonds de dotation de l&#039;IHEDN","robots":{"index":"index","follow":"follow","max-snippet":"max-snippet:-1","max-image-preview":"max-image-preview:large","max-video-preview":"max-video-preview:-1"},"canonical":"https:\/\/fdd-ihedn.fr\/en\/conference-de-jean-belin-sur-les-industries-de-defense-enjeux-economiques-prospectives-lundi-12-decembre-a-pessac-33\/","og_locale":"en_GB","og_type":"article","og_title":"[chaire ECODEF] Conf\u00e9rence de Jean Belin sur \"Les industries de d\u00e9fense : enjeux \u00e9conomiques & prospectives\", lundi 2 d\u00e9cembre \u00e0 Pessac (33) - Fonds de dotation de l&#039;IHEDN","og_description":"La d\u00e9l\u00e9gation r\u00e9gionale des Jeunes IHEDN en Nouvelle-Aquitaine a le plaisir de vous inviter \u00e0 la conf\u00e9rence : Les industries de d\u00e9fense : enjeux \u00e9conomiques &amp; prospectives Avec Jean Belin, Ma\u00eetre de Conf\u00e9rences et titulaire de la Chaire \u00c9conomie de d\u00e9fense &#8211; IHEDN Lundi 2 d\u00e9cembre 201917h30 \u2013 19h00 Campus universitaire de Pessac \u2013 Salle [&hellip;]","og_url":"https:\/\/fdd-ihedn.fr\/en\/conference-de-jean-belin-sur-les-industries-de-defense-enjeux-economiques-prospectives-lundi-12-decembre-a-pessac-33\/","og_site_name":"Fonds de dotation de l&#039;IHEDN","article_published_time":"2019-11-21T11:35:27+00:00","article_modified_time":"2024-09-24T12:01:11+00:00","og_image":[{"width":980,"height":450,"url":"https:\/\/fdd-ihedn.fr\/wp-content\/uploads\/2019\/11\/Cercle-des-partenaires-IHEDN-Chaire-Economie-Defense-391.jpg","type":"image\/jpeg"}],"author":"dev","twitter_card":"summary_large_image","twitter_creator":"@Chaire_Ecodef","twitter_site":"@Chaire_Ecodef","twitter_misc":{"Written by":"dev","Estimated reading time":"1 minute"},"schema":{"@context":"https:\/\/schema.org","@graph":[{"@type":"Article","@id":"https:\/\/fdd-ihedn.fr\/conference-de-jean-belin-sur-les-industries-de-defense-enjeux-economiques-prospectives-lundi-12-decembre-a-pessac-33\/#article","isPartOf":{"@id":"https:\/\/fdd-ihedn.fr\/conference-de-jean-belin-sur-les-industries-de-defense-enjeux-economiques-prospectives-lundi-12-decembre-a-pessac-33\/"},"author":{"name":"dev","@id":"https:\/\/fdd-ihedn.fr\/#\/schema\/person\/9fdc5a3e2e544ff0f51c5e0732af0c12"},"headline":"[chaire ECODEF] Conf\u00e9rence de Jean Belin sur \u00ab\u00a0Les industries de d\u00e9fense : enjeux \u00e9conomiques &#038; prospectives\u00a0\u00bb, lundi 2 d\u00e9cembre \u00e0 Pessac (33)","datePublished":"2019-11-21T11:35:27+00:00","dateModified":"2024-09-24T12:01:11+00:00","mainEntityOfPage":{"@id":"https:\/\/fdd-ihedn.fr\/conference-de-jean-belin-sur-les-industries-de-defense-enjeux-economiques-prospectives-lundi-12-decembre-a-pessac-33\/"},"wordCount":191,"commentCount":0,"publisher":{"@id":"https:\/\/fdd-ihedn.fr\/#organization"},"image":{"@id":"https:\/\/fdd-ihedn.fr\/conference-de-jean-belin-sur-les-industries-de-defense-enjeux-economiques-prospectives-lundi-12-decembre-a-pessac-33\/#primaryimage"},"thumbnailUrl":"https:\/\/fdd-ihedn.fr\/wp-content\/uploads\/2019\/11\/Cercle-des-partenaires-IHEDN-Chaire-Economie-Defense-391.jpg","articleSection":["Activit\u00e9s","Chaire \u00c9conomie de d\u00e9fense"],"inLanguage":"en-GB","potentialAction":[{"@type":"CommentAction","name":"Comment","target":["https:\/\/fdd-ihedn.fr\/conference-de-jean-belin-sur-les-industries-de-defense-enjeux-economiques-prospectives-lundi-12-decembre-a-pessac-33\/#respond"]}]},{"@type":"WebPage","@id":"https:\/\/fdd-ihedn.fr\/conference-de-jean-belin-sur-les-industries-de-defense-enjeux-economiques-prospectives-lundi-12-decembre-a-pessac-33\/","url":"https:\/\/fdd-ihedn.fr\/conference-de-jean-belin-sur-les-industries-de-defense-enjeux-economiques-prospectives-lundi-12-decembre-a-pessac-33\/","name":"[chaire ECODEF] Conf\u00e9rence de Jean Belin sur \"Les industries de d\u00e9fense : enjeux \u00e9conomiques & prospectives\", lundi 2 d\u00e9cembre \u00e0 Pessac (33) - Fonds de dotation de l&#039;IHEDN","isPartOf":{"@id":"https:\/\/fdd-ihedn.fr\/#website"},"primaryImageOfPage":{"@id":"https:\/\/fdd-ihedn.fr\/conference-de-jean-belin-sur-les-industries-de-defense-enjeux-economiques-prospectives-lundi-12-decembre-a-pessac-33\/#primaryimage"},"image":{"@id":"https:\/\/fdd-ihedn.fr\/conference-de-jean-belin-sur-les-industries-de-defense-enjeux-economiques-prospectives-lundi-12-decembre-a-pessac-33\/#primaryimage"},"thumbnailUrl":"https:\/\/fdd-ihedn.fr\/wp-content\/uploads\/2019\/11\/Cercle-des-partenaires-IHEDN-Chaire-Economie-Defense-391.jpg","datePublished":"2019-11-21T11:35:27+00:00","dateModified":"2024-09-24T12:01:11+00:00","breadcrumb":{"@id":"https:\/\/fdd-ihedn.fr\/conference-de-jean-belin-sur-les-industries-de-defense-enjeux-economiques-prospectives-lundi-12-decembre-a-pessac-33\/#breadcrumb"},"inLanguage":"en-GB","potentialAction":[{"@type":"ReadAction","target":["https:\/\/fdd-ihedn.fr\/conference-de-jean-belin-sur-les-industries-de-defense-enjeux-economiques-prospectives-lundi-12-decembre-a-pessac-33\/"]}]},{"@type":"ImageObject","inLanguage":"en-GB","@id":"https:\/\/fdd-ihedn.fr\/conference-de-jean-belin-sur-les-industries-de-defense-enjeux-economiques-prospectives-lundi-12-decembre-a-pessac-33\/#primaryimage","url":"https:\/\/fdd-ihedn.fr\/wp-content\/uploads\/2019\/11\/Cercle-des-partenaires-IHEDN-Chaire-Economie-Defense-391.jpg","contentUrl":"https:\/\/fdd-ihedn.fr\/wp-content\/uploads\/2019\/11\/Cercle-des-partenaires-IHEDN-Chaire-Economie-Defense-391.jpg","width":980,"height":450},{"@type":"BreadcrumbList","@id":"https:\/\/fdd-ihedn.fr\/conference-de-jean-belin-sur-les-industries-de-defense-enjeux-economiques-prospectives-lundi-12-decembre-a-pessac-33\/#breadcrumb","itemListElement":[{"@type":"ListItem","position":1,"name":"Accueil","item":"https:\/\/fdd-ihedn.fr\/"},{"@type":"ListItem","position":2,"name":"[chaire ECODEF] Conf\u00e9rence de Jean Belin sur &#8220;Les industries de d\u00e9fense : enjeux \u00e9conomiques &#038; prospectives&#8221;, lundi 2 d\u00e9cembre \u00e0 Pessac (33)"}]},{"@type":"WebSite","@id":"https:\/\/fdd-ihedn.fr\/#website","url":"https:\/\/fdd-ihedn.fr\/","name":"IHEDN Endowment Fund","description":"Innovative projects developed for IHEDN thanks to sponsorship","publisher":{"@id":"https:\/\/fdd-ihedn.fr\/#organization"},"potentialAction":[{"@type":"SearchAction","target":{"@type":"EntryPoint","urlTemplate":"https:\/\/fdd-ihedn.fr\/?s={search_term_string}"},"query-input":{"@type":"PropertyValueSpecification","valueRequired":true,"valueName":"search_term_string"}}],"inLanguage":"en-GB"},{"@type":"Organization","@id":"https:\/\/fdd-ihedn.fr\/#organization","name":"Chair in Defence Economics - IHEDN","url":"https:\/\/fdd-ihedn.fr\/","logo":{"@type":"ImageObject","inLanguage":"en-GB","@id":"https:\/\/fdd-ihedn.fr\/#\/schema\/logo\/image\/","url":"https:\/\/fdd-ihedn.fr\/wp-content\/uploads\/2020\/04\/logoEcodef9.jpg","contentUrl":"https:\/\/fdd-ihedn.fr\/wp-content\/uploads\/2020\/04\/logoEcodef9.jpg","width":410,"height":212,"caption":"Chaire \u00c9conomie de d\u00e9fense - IHEDN"},"image":{"@id":"https:\/\/fdd-ihedn.fr\/#\/schema\/logo\/image\/"},"sameAs":["https:\/\/x.com\/Chaire_Ecodef","https:\/\/www.linkedin.com\/company\/chaire-ecodef-ihedn\/"]},{"@type":"Person","@id":"https:\/\/fdd-ihedn.fr\/#\/schema\/person\/9fdc5a3e2e544ff0f51c5e0732af0c12","name":"dev","image":{"@type":"ImageObject","inLanguage":"en-GB","@id":"https:\/\/secure.gravatar.com\/avatar\/f1ffcac9ca2fa95ad3ec33e9be3ade82f752acb0cabe541e56c5889225afa88a?s=96&d=mm&r=g","url":"https:\/\/secure.gravatar.com\/avatar\/f1ffcac9ca2fa95ad3ec33e9be3ade82f752acb0cabe541e56c5889225afa88a?s=96&d=mm&r=g","contentUrl":"https:\/\/secure.gravatar.com\/avatar\/f1ffcac9ca2fa95ad3ec33e9be3ade82f752acb0cabe541e56c5889225afa88a?s=96&d=mm&r=g","caption":"dev"},"url":"https:\/\/fdd-ihedn.fr\/en\/author\/dev\/"}]}},"_links":{"self":[{"href":"https:\/\/fdd-ihedn.fr\/en\/wp-json\/wp\/v2\/posts\/4143","targetHints":{"allow":["GET"]}}],"collection":[{"href":"https:\/\/fdd-ihedn.fr\/en\/wp-json\/wp\/v2\/posts"}],"about":[{"href":"https:\/\/fdd-ihedn.fr\/en\/wp-json\/wp\/v2\/types\/post"}],"author":[{"embeddable":true,"href":"https:\/\/fdd-ihedn.fr\/en\/wp-json\/wp\/v2\/users\/1"}],"replies":[{"embeddable":true,"href":"https:\/\/fdd-ihedn.fr\/en\/wp-json\/wp\/v2\/comments?post=4143"}],"version-history":[{"count":5,"href":"https:\/\/fdd-ihedn.fr\/en\/wp-json\/wp\/v2\/posts\/4143\/revisions"}],"predecessor-version":[{"id":5662,"href":"https:\/\/fdd-ihedn.fr\/en\/wp-json\/wp\/v2\/posts\/4143\/revisions\/5662"}],"wp:featuredmedia":[{"embeddable":true,"href":"https:\/\/fdd-ihedn.fr\/en\/wp-json\/wp\/v2\/media\/4205"}],"wp:attachment":[{"href":"https:\/\/fdd-ihedn.fr\/en\/wp-json\/wp\/v2\/media?parent=4143"}],"wp:term":[{"taxonomy":"category","embeddable":true,"href":"https:\/\/fdd-ihedn.fr\/en\/wp-json\/wp\/v2\/categories?post=4143"},{"taxonomy":"post_tag","embeddable":true,"href":"https:\/\/fdd-ihedn.fr\/en\/wp-json\/wp\/v2\/tags?post=4143"}],"curies":[{"name":"wp","href":"https:\/\/api.w.org\/{rel}","templated":true}]}}