{"id":4141,"date":"2019-04-05T13:11:08","date_gmt":"2019-04-05T11:11:08","guid":{"rendered":"https:\/\/fdd.concilium.click\/cycle-decouverte-2019-en-partenariat-avec-la-sncf\/"},"modified":"2024-09-24T14:01:03","modified_gmt":"2024-09-24T12:01:03","slug":"cycle-decouverte-2019-en-partenariat-avec-la-sncf","status":"publish","type":"post","link":"https:\/\/fdd-ihedn.fr\/en\/cycle-decouverte-2019-en-partenariat-avec-la-sncf\/","title":{"rendered":"[cycle D\u00e9couverte] Retour sur l&rsquo;\u00e9dition 2019"},"content":{"rendered":"<h3 style=\"text-align: center;\">Organis\u00e9e gr\u00e2ce au soutien de la SNCF,<br \/>\nla 9e \u00e9dition du cycle \u00ab D\u00e9couverte \u00bb<br \/>\ns\u2019est d\u00e9roul\u00e9e du lundi 1er au mercredi 3 avril 2019<\/h3>\n<p>Pendant trois journ\u00e9es cons\u00e9cutives, les 37 participants, tous en apprentissage (BTS, Licences et Masters professionnels) en r\u00e9gion parisienne, se sont vus proposer une information approfondie sur notre D\u00e9fense ainsi que sur la s\u00fbret\u00e9 \u00e0 la SNCF.<\/p>\n<p>Apr\u00e8s une matin\u00e9e de conf\u00e9rences de pr\u00e9sentation \u00e0 l\u2019<a href=\"http:\/\/www.defense.gouv.fr\/actualites\/articles\/l-ecole-militaire-lieux-historique-et-prestigieux\" target=\"_blank\" rel=\"noopener noreferrer\">Military school<\/a> (Paris 7e), la session a altern\u00e9 les visites du site SNCF de Bordeaux Saint-Jean (33), de la <a href=\"https:\/\/www.facebook.com\/base106\/\" target=\"_blank\" rel=\"noopener noreferrer\">Base a\u00e9rienne 106 \u2013 \u00ab Capitaine Michel CROCI \u00bb<\/a> de Bordeaux-M\u00e9rignac (33), ainsi que de la plaque cynophile SNCF de Villeneuve-Saint-Georges (94).<\/p>\n<p><img loading=\"lazy\" decoding=\"async\" class=\"aligncenter wp-image-1500 size-large\" src=\"https:\/\/fdd-ihedn.fr\/wp-content\/uploads\/2021\/04\/57059772_1052048111657442_2261139615207391232_o-1-1024x682.jpg\" alt=\"\" width=\"606\" height=\"404\" \/><\/p>\n<p>La s\u00e9ance de restitution, \u00e0 la fin de la derni\u00e8re journ\u00e9e et en pr\u00e9sence d\u2019autorit\u00e9s de la SNCF et de l\u2019<a href=\"http:\/\/www.ihedn.fr\" target=\"_blank\" rel=\"noopener noreferrer\">IHEDN<\/a>, a \u00e9t\u00e9 consacr\u00e9e \u00e0 la pr\u00e9sentation de la r\u00e9flexion men\u00e9e par les stagiaires pendant ces trois journ\u00e9es. R\u00e9partis en trois comit\u00e9s, ils ont pr\u00e9sent\u00e9 leurs travaux sous forme de recommandations, sur les sujets suivants :<\/p>\n<p>COMMITTEE 1 :\u00a0<strong>Comment une grande entreprise de service public peut-elle favoriser la coh\u00e9sion autour de grands enjeux de la Nation\u00a0?<\/strong><\/p>\n<p>COMMITTEE 2 :\u00a0<strong>Dans le cadre du prochain Service national universel, comment favoriser la compr\u00e9hension du r\u00f4le d\u2019une grande entreprise de service public\u00a0?<\/strong><\/p>\n<p>COMMITTEE 3 :\u00a0<strong>Quelles r\u00e9ponses concr\u00e8tes appellent les nouvelles menaces de type cyber au sein des entreprises\u00a0?<\/strong><\/p>\n<p>Les attestations de participation leur ont ensuite \u00e9t\u00e9 remises par le G\u00e9n\u00e9ral de corps d\u2019arm\u00e9e Patrick DESTREMAU, Directeur de l\u2019IHEDN et de l\u2019Enseignement militaire sup\u00e9rieur (EMS), et Franck BERTIN, Directeur de l\u2019excellence op\u00e9rationnelle \u00e0 la Direction de la S\u00fbret\u00e9 de la SNCF.<\/p>","protected":false},"excerpt":{"rendered":"<p>Organis\u00e9e gr\u00e2ce au soutien de la SNCF, la 9e \u00e9dition du cycle \u00ab D\u00e9couverte \u00bb s\u2019est d\u00e9roul\u00e9e du lundi 1er au mercredi 3 avril 2019 Pendant trois journ\u00e9es cons\u00e9cutives, les 37 participants, tous en apprentissage (BTS, Licences et Masters professionnels) en r\u00e9gion parisienne, se sont vus proposer une information approfondie sur notre D\u00e9fense ainsi que [&hellip;]<\/p>\n","protected":false},"author":1,"featured_media":4209,"comment_status":"open","ping_status":"open","sticky":false,"template":"","format":"standard","meta":{"footnotes":""},"categories":[34,449],"tags":[],"class_list":{"0":"post-4141","1":"post","2":"type-post","3":"status-publish","4":"format-standard","5":"has-post-thumbnail","7":"category-activites","8":"category-decouverte"},"yoast_head":"<!-- This site is optimized with the Yoast SEO plugin v27.4 - https:\/\/yoast.com\/product\/yoast-seo-wordpress\/ -->\n<title>[cycle D\u00e9couverte] Retour sur l&#039;\u00e9dition 2019 - Fonds de dotation de l&#039;IHEDN<\/title>\n<meta name=\"robots\" content=\"index, follow, max-snippet:-1, max-image-preview:large, max-video-preview:-1\" \/>\n<link rel=\"canonical\" href=\"https:\/\/fdd-ihedn.fr\/en\/cycle-decouverte-2019-en-partenariat-avec-la-sncf\/\" \/>\n<meta property=\"og:locale\" content=\"en_GB\" \/>\n<meta property=\"og:type\" content=\"article\" \/>\n<meta property=\"og:title\" content=\"[cycle D\u00e9couverte] Retour sur l&#039;\u00e9dition 2019 - Fonds de dotation de l&#039;IHEDN\" \/>\n<meta property=\"og:description\" content=\"Organis\u00e9e gr\u00e2ce au soutien de la SNCF, la 9e \u00e9dition du cycle \u00ab D\u00e9couverte \u00bb s\u2019est d\u00e9roul\u00e9e du lundi 1er au mercredi 3 avril 2019 Pendant trois journ\u00e9es cons\u00e9cutives, les 37 participants, tous en apprentissage (BTS, Licences et Masters professionnels) en r\u00e9gion parisienne, se sont vus proposer une information approfondie sur notre D\u00e9fense ainsi que [&hellip;]\" \/>\n<meta property=\"og:url\" content=\"https:\/\/fdd-ihedn.fr\/en\/cycle-decouverte-2019-en-partenariat-avec-la-sncf\/\" \/>\n<meta property=\"og:site_name\" content=\"Fonds de dotation de l&#039;IHEDN\" \/>\n<meta property=\"article:published_time\" content=\"2019-04-05T11:11:08+00:00\" \/>\n<meta property=\"article:modified_time\" content=\"2024-09-24T12:01:03+00:00\" \/>\n<meta property=\"og:image\" content=\"https:\/\/fdd-ihedn.fr\/wp-content\/uploads\/2019\/04\/56957752_1052047988324121_8051637557584199680_o-1-1024x682-1.jpg\" \/>\n\t<meta property=\"og:image:width\" content=\"1024\" \/>\n\t<meta property=\"og:image:height\" content=\"682\" \/>\n\t<meta property=\"og:image:type\" content=\"image\/jpeg\" \/>\n<meta name=\"author\" content=\"dev\" \/>\n<meta name=\"twitter:card\" content=\"summary_large_image\" \/>\n<meta name=\"twitter:creator\" content=\"@Chaire_Ecodef\" \/>\n<meta name=\"twitter:site\" content=\"@Chaire_Ecodef\" \/>\n<meta name=\"twitter:label1\" content=\"Written by\" \/>\n\t<meta name=\"twitter:data1\" content=\"dev\" \/>\n\t<meta name=\"twitter:label2\" content=\"Estimated reading time\" \/>\n\t<meta name=\"twitter:data2\" content=\"2 minutes\" \/>\n<script type=\"application\/ld+json\" class=\"yoast-schema-graph\">{\"@context\":\"https:\\\/\\\/schema.org\",\"@graph\":[{\"@type\":\"Article\",\"@id\":\"https:\\\/\\\/fdd-ihedn.fr\\\/cycle-decouverte-2019-en-partenariat-avec-la-sncf\\\/#article\",\"isPartOf\":{\"@id\":\"https:\\\/\\\/fdd-ihedn.fr\\\/cycle-decouverte-2019-en-partenariat-avec-la-sncf\\\/\"},\"author\":{\"name\":\"dev\",\"@id\":\"https:\\\/\\\/fdd-ihedn.fr\\\/#\\\/schema\\\/person\\\/9fdc5a3e2e544ff0f51c5e0732af0c12\"},\"headline\":\"[cycle D\u00e9couverte] Retour sur l&rsquo;\u00e9dition 2019\",\"datePublished\":\"2019-04-05T11:11:08+00:00\",\"dateModified\":\"2024-09-24T12:01:03+00:00\",\"mainEntityOfPage\":{\"@id\":\"https:\\\/\\\/fdd-ihedn.fr\\\/cycle-decouverte-2019-en-partenariat-avec-la-sncf\\\/\"},\"wordCount\":301,\"commentCount\":0,\"publisher\":{\"@id\":\"https:\\\/\\\/fdd-ihedn.fr\\\/#organization\"},\"image\":{\"@id\":\"https:\\\/\\\/fdd-ihedn.fr\\\/cycle-decouverte-2019-en-partenariat-avec-la-sncf\\\/#primaryimage\"},\"thumbnailUrl\":\"https:\\\/\\\/fdd-ihedn.fr\\\/wp-content\\\/uploads\\\/2019\\\/04\\\/56957752_1052047988324121_8051637557584199680_o-1-1024x682-1.jpg\",\"articleSection\":[\"Activit\u00e9s\",\"D\u00e9couverte\"],\"inLanguage\":\"en-GB\",\"potentialAction\":[{\"@type\":\"CommentAction\",\"name\":\"Comment\",\"target\":[\"https:\\\/\\\/fdd-ihedn.fr\\\/cycle-decouverte-2019-en-partenariat-avec-la-sncf\\\/#respond\"]}]},{\"@type\":\"WebPage\",\"@id\":\"https:\\\/\\\/fdd-ihedn.fr\\\/cycle-decouverte-2019-en-partenariat-avec-la-sncf\\\/\",\"url\":\"https:\\\/\\\/fdd-ihedn.fr\\\/cycle-decouverte-2019-en-partenariat-avec-la-sncf\\\/\",\"name\":\"[cycle D\u00e9couverte] Retour sur l'\u00e9dition 2019 - Fonds de dotation de l&#039;IHEDN\",\"isPartOf\":{\"@id\":\"https:\\\/\\\/fdd-ihedn.fr\\\/#website\"},\"primaryImageOfPage\":{\"@id\":\"https:\\\/\\\/fdd-ihedn.fr\\\/cycle-decouverte-2019-en-partenariat-avec-la-sncf\\\/#primaryimage\"},\"image\":{\"@id\":\"https:\\\/\\\/fdd-ihedn.fr\\\/cycle-decouverte-2019-en-partenariat-avec-la-sncf\\\/#primaryimage\"},\"thumbnailUrl\":\"https:\\\/\\\/fdd-ihedn.fr\\\/wp-content\\\/uploads\\\/2019\\\/04\\\/56957752_1052047988324121_8051637557584199680_o-1-1024x682-1.jpg\",\"datePublished\":\"2019-04-05T11:11:08+00:00\",\"dateModified\":\"2024-09-24T12:01:03+00:00\",\"breadcrumb\":{\"@id\":\"https:\\\/\\\/fdd-ihedn.fr\\\/cycle-decouverte-2019-en-partenariat-avec-la-sncf\\\/#breadcrumb\"},\"inLanguage\":\"en-GB\",\"potentialAction\":[{\"@type\":\"ReadAction\",\"target\":[\"https:\\\/\\\/fdd-ihedn.fr\\\/cycle-decouverte-2019-en-partenariat-avec-la-sncf\\\/\"]}]},{\"@type\":\"ImageObject\",\"inLanguage\":\"en-GB\",\"@id\":\"https:\\\/\\\/fdd-ihedn.fr\\\/cycle-decouverte-2019-en-partenariat-avec-la-sncf\\\/#primaryimage\",\"url\":\"https:\\\/\\\/fdd-ihedn.fr\\\/wp-content\\\/uploads\\\/2019\\\/04\\\/56957752_1052047988324121_8051637557584199680_o-1-1024x682-1.jpg\",\"contentUrl\":\"https:\\\/\\\/fdd-ihedn.fr\\\/wp-content\\\/uploads\\\/2019\\\/04\\\/56957752_1052047988324121_8051637557584199680_o-1-1024x682-1.jpg\",\"width\":1024,\"height\":682},{\"@type\":\"BreadcrumbList\",\"@id\":\"https:\\\/\\\/fdd-ihedn.fr\\\/cycle-decouverte-2019-en-partenariat-avec-la-sncf\\\/#breadcrumb\",\"itemListElement\":[{\"@type\":\"ListItem\",\"position\":1,\"name\":\"Accueil\",\"item\":\"https:\\\/\\\/fdd-ihedn.fr\\\/\"},{\"@type\":\"ListItem\",\"position\":2,\"name\":\"[cycle D\u00e9couverte] Retour sur l&#8217;\u00e9dition 2019\"}]},{\"@type\":\"WebSite\",\"@id\":\"https:\\\/\\\/fdd-ihedn.fr\\\/#website\",\"url\":\"https:\\\/\\\/fdd-ihedn.fr\\\/\",\"name\":\"Fonds de dotation de l&#039;IHEDN\",\"description\":\"Des projets innovants d\u00e9velopp\u00e9s pour l&#039;IHEDN gr\u00e2ce au m\u00e9c\u00e9nat\",\"publisher\":{\"@id\":\"https:\\\/\\\/fdd-ihedn.fr\\\/#organization\"},\"potentialAction\":[{\"@type\":\"SearchAction\",\"target\":{\"@type\":\"EntryPoint\",\"urlTemplate\":\"https:\\\/\\\/fdd-ihedn.fr\\\/?s={search_term_string}\"},\"query-input\":{\"@type\":\"PropertyValueSpecification\",\"valueRequired\":true,\"valueName\":\"search_term_string\"}}],\"inLanguage\":\"en-GB\"},{\"@type\":\"Organization\",\"@id\":\"https:\\\/\\\/fdd-ihedn.fr\\\/#organization\",\"name\":\"Chaire \u00c9conomie de d\u00e9fense - IHEDN\",\"url\":\"https:\\\/\\\/fdd-ihedn.fr\\\/\",\"logo\":{\"@type\":\"ImageObject\",\"inLanguage\":\"en-GB\",\"@id\":\"https:\\\/\\\/fdd-ihedn.fr\\\/#\\\/schema\\\/logo\\\/image\\\/\",\"url\":\"https:\\\/\\\/fdd-ihedn.fr\\\/wp-content\\\/uploads\\\/2020\\\/04\\\/logoEcodef9.jpg\",\"contentUrl\":\"https:\\\/\\\/fdd-ihedn.fr\\\/wp-content\\\/uploads\\\/2020\\\/04\\\/logoEcodef9.jpg\",\"width\":410,\"height\":212,\"caption\":\"Chaire \u00c9conomie de d\u00e9fense - IHEDN\"},\"image\":{\"@id\":\"https:\\\/\\\/fdd-ihedn.fr\\\/#\\\/schema\\\/logo\\\/image\\\/\"},\"sameAs\":[\"https:\\\/\\\/x.com\\\/Chaire_Ecodef\",\"https:\\\/\\\/www.linkedin.com\\\/company\\\/chaire-ecodef-ihedn\\\/\"]},{\"@type\":\"Person\",\"@id\":\"https:\\\/\\\/fdd-ihedn.fr\\\/#\\\/schema\\\/person\\\/9fdc5a3e2e544ff0f51c5e0732af0c12\",\"name\":\"dev\",\"image\":{\"@type\":\"ImageObject\",\"inLanguage\":\"en-GB\",\"@id\":\"https:\\\/\\\/secure.gravatar.com\\\/avatar\\\/f1ffcac9ca2fa95ad3ec33e9be3ade82f752acb0cabe541e56c5889225afa88a?s=96&d=mm&r=g\",\"url\":\"https:\\\/\\\/secure.gravatar.com\\\/avatar\\\/f1ffcac9ca2fa95ad3ec33e9be3ade82f752acb0cabe541e56c5889225afa88a?s=96&d=mm&r=g\",\"contentUrl\":\"https:\\\/\\\/secure.gravatar.com\\\/avatar\\\/f1ffcac9ca2fa95ad3ec33e9be3ade82f752acb0cabe541e56c5889225afa88a?s=96&d=mm&r=g\",\"caption\":\"dev\"},\"url\":\"https:\\\/\\\/fdd-ihedn.fr\\\/en\\\/author\\\/dev\\\/\"}]}<\/script>\n<!-- \/ Yoast SEO plugin. -->","yoast_head_json":{"title":"[cycle D\u00e9couverte] Retour sur l'\u00e9dition 2019 - Fonds de dotation de l&#039;IHEDN","robots":{"index":"index","follow":"follow","max-snippet":"max-snippet:-1","max-image-preview":"max-image-preview:large","max-video-preview":"max-video-preview:-1"},"canonical":"https:\/\/fdd-ihedn.fr\/en\/cycle-decouverte-2019-en-partenariat-avec-la-sncf\/","og_locale":"en_GB","og_type":"article","og_title":"[cycle D\u00e9couverte] Retour sur l'\u00e9dition 2019 - Fonds de dotation de l&#039;IHEDN","og_description":"Organis\u00e9e gr\u00e2ce au soutien de la SNCF, la 9e \u00e9dition du cycle \u00ab D\u00e9couverte \u00bb s\u2019est d\u00e9roul\u00e9e du lundi 1er au mercredi 3 avril 2019 Pendant trois journ\u00e9es cons\u00e9cutives, les 37 participants, tous en apprentissage (BTS, Licences et Masters professionnels) en r\u00e9gion parisienne, se sont vus proposer une information approfondie sur notre D\u00e9fense ainsi que [&hellip;]","og_url":"https:\/\/fdd-ihedn.fr\/en\/cycle-decouverte-2019-en-partenariat-avec-la-sncf\/","og_site_name":"Fonds de dotation de l&#039;IHEDN","article_published_time":"2019-04-05T11:11:08+00:00","article_modified_time":"2024-09-24T12:01:03+00:00","og_image":[{"width":1024,"height":682,"url":"https:\/\/fdd-ihedn.fr\/wp-content\/uploads\/2019\/04\/56957752_1052047988324121_8051637557584199680_o-1-1024x682-1.jpg","type":"image\/jpeg"}],"author":"dev","twitter_card":"summary_large_image","twitter_creator":"@Chaire_Ecodef","twitter_site":"@Chaire_Ecodef","twitter_misc":{"Written by":"dev","Estimated reading time":"2 minutes"},"schema":{"@context":"https:\/\/schema.org","@graph":[{"@type":"Article","@id":"https:\/\/fdd-ihedn.fr\/cycle-decouverte-2019-en-partenariat-avec-la-sncf\/#article","isPartOf":{"@id":"https:\/\/fdd-ihedn.fr\/cycle-decouverte-2019-en-partenariat-avec-la-sncf\/"},"author":{"name":"dev","@id":"https:\/\/fdd-ihedn.fr\/#\/schema\/person\/9fdc5a3e2e544ff0f51c5e0732af0c12"},"headline":"[cycle D\u00e9couverte] Retour sur l&rsquo;\u00e9dition 2019","datePublished":"2019-04-05T11:11:08+00:00","dateModified":"2024-09-24T12:01:03+00:00","mainEntityOfPage":{"@id":"https:\/\/fdd-ihedn.fr\/cycle-decouverte-2019-en-partenariat-avec-la-sncf\/"},"wordCount":301,"commentCount":0,"publisher":{"@id":"https:\/\/fdd-ihedn.fr\/#organization"},"image":{"@id":"https:\/\/fdd-ihedn.fr\/cycle-decouverte-2019-en-partenariat-avec-la-sncf\/#primaryimage"},"thumbnailUrl":"https:\/\/fdd-ihedn.fr\/wp-content\/uploads\/2019\/04\/56957752_1052047988324121_8051637557584199680_o-1-1024x682-1.jpg","articleSection":["Activit\u00e9s","D\u00e9couverte"],"inLanguage":"en-GB","potentialAction":[{"@type":"CommentAction","name":"Comment","target":["https:\/\/fdd-ihedn.fr\/cycle-decouverte-2019-en-partenariat-avec-la-sncf\/#respond"]}]},{"@type":"WebPage","@id":"https:\/\/fdd-ihedn.fr\/cycle-decouverte-2019-en-partenariat-avec-la-sncf\/","url":"https:\/\/fdd-ihedn.fr\/cycle-decouverte-2019-en-partenariat-avec-la-sncf\/","name":"[cycle D\u00e9couverte] Retour sur l'\u00e9dition 2019 - Fonds de dotation de l&#039;IHEDN","isPartOf":{"@id":"https:\/\/fdd-ihedn.fr\/#website"},"primaryImageOfPage":{"@id":"https:\/\/fdd-ihedn.fr\/cycle-decouverte-2019-en-partenariat-avec-la-sncf\/#primaryimage"},"image":{"@id":"https:\/\/fdd-ihedn.fr\/cycle-decouverte-2019-en-partenariat-avec-la-sncf\/#primaryimage"},"thumbnailUrl":"https:\/\/fdd-ihedn.fr\/wp-content\/uploads\/2019\/04\/56957752_1052047988324121_8051637557584199680_o-1-1024x682-1.jpg","datePublished":"2019-04-05T11:11:08+00:00","dateModified":"2024-09-24T12:01:03+00:00","breadcrumb":{"@id":"https:\/\/fdd-ihedn.fr\/cycle-decouverte-2019-en-partenariat-avec-la-sncf\/#breadcrumb"},"inLanguage":"en-GB","potentialAction":[{"@type":"ReadAction","target":["https:\/\/fdd-ihedn.fr\/cycle-decouverte-2019-en-partenariat-avec-la-sncf\/"]}]},{"@type":"ImageObject","inLanguage":"en-GB","@id":"https:\/\/fdd-ihedn.fr\/cycle-decouverte-2019-en-partenariat-avec-la-sncf\/#primaryimage","url":"https:\/\/fdd-ihedn.fr\/wp-content\/uploads\/2019\/04\/56957752_1052047988324121_8051637557584199680_o-1-1024x682-1.jpg","contentUrl":"https:\/\/fdd-ihedn.fr\/wp-content\/uploads\/2019\/04\/56957752_1052047988324121_8051637557584199680_o-1-1024x682-1.jpg","width":1024,"height":682},{"@type":"BreadcrumbList","@id":"https:\/\/fdd-ihedn.fr\/cycle-decouverte-2019-en-partenariat-avec-la-sncf\/#breadcrumb","itemListElement":[{"@type":"ListItem","position":1,"name":"Accueil","item":"https:\/\/fdd-ihedn.fr\/"},{"@type":"ListItem","position":2,"name":"[cycle D\u00e9couverte] Retour sur l&#8217;\u00e9dition 2019"}]},{"@type":"WebSite","@id":"https:\/\/fdd-ihedn.fr\/#website","url":"https:\/\/fdd-ihedn.fr\/","name":"IHEDN Endowment Fund","description":"Innovative projects developed for IHEDN thanks to sponsorship","publisher":{"@id":"https:\/\/fdd-ihedn.fr\/#organization"},"potentialAction":[{"@type":"SearchAction","target":{"@type":"EntryPoint","urlTemplate":"https:\/\/fdd-ihedn.fr\/?s={search_term_string}"},"query-input":{"@type":"PropertyValueSpecification","valueRequired":true,"valueName":"search_term_string"}}],"inLanguage":"en-GB"},{"@type":"Organization","@id":"https:\/\/fdd-ihedn.fr\/#organization","name":"Chair in Defence Economics - IHEDN","url":"https:\/\/fdd-ihedn.fr\/","logo":{"@type":"ImageObject","inLanguage":"en-GB","@id":"https:\/\/fdd-ihedn.fr\/#\/schema\/logo\/image\/","url":"https:\/\/fdd-ihedn.fr\/wp-content\/uploads\/2020\/04\/logoEcodef9.jpg","contentUrl":"https:\/\/fdd-ihedn.fr\/wp-content\/uploads\/2020\/04\/logoEcodef9.jpg","width":410,"height":212,"caption":"Chaire \u00c9conomie de d\u00e9fense - IHEDN"},"image":{"@id":"https:\/\/fdd-ihedn.fr\/#\/schema\/logo\/image\/"},"sameAs":["https:\/\/x.com\/Chaire_Ecodef","https:\/\/www.linkedin.com\/company\/chaire-ecodef-ihedn\/"]},{"@type":"Person","@id":"https:\/\/fdd-ihedn.fr\/#\/schema\/person\/9fdc5a3e2e544ff0f51c5e0732af0c12","name":"dev","image":{"@type":"ImageObject","inLanguage":"en-GB","@id":"https:\/\/secure.gravatar.com\/avatar\/f1ffcac9ca2fa95ad3ec33e9be3ade82f752acb0cabe541e56c5889225afa88a?s=96&d=mm&r=g","url":"https:\/\/secure.gravatar.com\/avatar\/f1ffcac9ca2fa95ad3ec33e9be3ade82f752acb0cabe541e56c5889225afa88a?s=96&d=mm&r=g","contentUrl":"https:\/\/secure.gravatar.com\/avatar\/f1ffcac9ca2fa95ad3ec33e9be3ade82f752acb0cabe541e56c5889225afa88a?s=96&d=mm&r=g","caption":"dev"},"url":"https:\/\/fdd-ihedn.fr\/en\/author\/dev\/"}]}},"_links":{"self":[{"href":"https:\/\/fdd-ihedn.fr\/en\/wp-json\/wp\/v2\/posts\/4141","targetHints":{"allow":["GET"]}}],"collection":[{"href":"https:\/\/fdd-ihedn.fr\/en\/wp-json\/wp\/v2\/posts"}],"about":[{"href":"https:\/\/fdd-ihedn.fr\/en\/wp-json\/wp\/v2\/types\/post"}],"author":[{"embeddable":true,"href":"https:\/\/fdd-ihedn.fr\/en\/wp-json\/wp\/v2\/users\/1"}],"replies":[{"embeddable":true,"href":"https:\/\/fdd-ihedn.fr\/en\/wp-json\/wp\/v2\/comments?post=4141"}],"version-history":[{"count":6,"href":"https:\/\/fdd-ihedn.fr\/en\/wp-json\/wp\/v2\/posts\/4141\/revisions"}],"predecessor-version":[{"id":5661,"href":"https:\/\/fdd-ihedn.fr\/en\/wp-json\/wp\/v2\/posts\/4141\/revisions\/5661"}],"wp:featuredmedia":[{"embeddable":true,"href":"https:\/\/fdd-ihedn.fr\/en\/wp-json\/wp\/v2\/media\/4209"}],"wp:attachment":[{"href":"https:\/\/fdd-ihedn.fr\/en\/wp-json\/wp\/v2\/media?parent=4141"}],"wp:term":[{"taxonomy":"category","embeddable":true,"href":"https:\/\/fdd-ihedn.fr\/en\/wp-json\/wp\/v2\/categories?post=4141"},{"taxonomy":"post_tag","embeddable":true,"href":"https:\/\/fdd-ihedn.fr\/en\/wp-json\/wp\/v2\/tags?post=4141"}],"curies":[{"name":"wp","href":"https:\/\/api.w.org\/{rel}","templated":true}]}}