{"id":4140,"date":"2019-03-22T10:37:06","date_gmt":"2019-03-22T09:37:06","guid":{"rendered":"https:\/\/fdd.concilium.click\/chaire-economie-de-defense-retour-sur-la-conference-recherche-innovation-et-defense-du-20-mars-2019\/"},"modified":"2024-09-24T14:02:10","modified_gmt":"2024-09-24T12:02:10","slug":"chaire-economie-de-defense-retour-sur-la-conference-recherche-innovation-et-defense-du-20-mars-2019","status":"publish","type":"post","link":"https:\/\/fdd-ihedn.fr\/en\/chaire-economie-de-defense-retour-sur-la-conference-recherche-innovation-et-defense-du-20-mars-2019\/","title":{"rendered":"[chaire ECODEF] Retour sur la conf\u00e9rence \u00ab\u00a0Recherche, Innovation et D\u00e9fense\u00a0\u00bb du 20 mars 2019"},"content":{"rendered":"<h2 id=\"mce_45\">Innovation in Defence<\/h2>\n<p>La <a href=\"https:\/\/economie-defense.fr\/\" target=\"_blank\" rel=\"noopener noreferrer\"><strong>Chair in Defence Economics<\/strong><\/a> organised the <strong>Research, Innovation and Defence conference<\/strong>, this <strong>Wednesday 20 March 2019<\/strong> to the\u2019<strong>National Assembly<\/strong>. The event brought together nearly <strong>200 people<\/strong> around <strong>two round tables<\/strong>, for <strong>high-level exchanges <\/strong>on innovation in Defence.<\/p>\n<p>The MP <strong>Didier Baich\u00e8re<\/strong> gave a keynote speech underlining the importance of the\u2019<strong>importance of the theme<\/strong> the conference for the Ministry of the Armed Forces, as well as for the work it is carrying out as part of the <strong>Defence Industry Study Group.<\/strong><\/p>\n<p><strong>Olivier Martin<\/strong>, The Chairman of the Steering Committee of the Chair in Defence Economics then presented the work of the Chair in terms of <strong>academic production<\/strong> but also\u2019<strong>interface<\/strong> between the research community, public authorities and defence industry (<a href=\"https:\/\/economie-defense.fr\/wp-content\/uploads\/2019\/03\/v3-bilan-scientifique.pdf\" target=\"_blank\" rel=\"noopener noreferrer\">consult the chair's scientific report<\/a>).<\/p>\n<p><strong>Emmanuel Chiva<\/strong>, Director of\u2019<a href=\"https:\/\/www.defense.gouv.fr\/aid\" target=\"_blank\" rel=\"noopener noreferrer\">AID (Defence Innovation Agency)<\/a> in his introduction, detailed the context of <strong>creation of the agency <\/strong>as well as the need to <strong>creating an environment conducive to innovation<\/strong> Defence, in <strong>involving all stakeholders<\/strong>, particularly those in the civilian sector. In this sense, the IDA must serve as a bridge to enable military personnel to retain a sense of belonging to the community. <strong>operational superiority<\/strong>.<\/p>\n<p><img loading=\"lazy\" decoding=\"async\" class=\"aligncenter\" src=\"https:\/\/fdd-ihedn.fr\/wp-content\/uploads\/2020\/04\/salle_conference.jpg\" alt=\"\" width=\"477\" height=\"358\"><\/p>\n<h2 id=\"mce_45\">Round table 1<\/h2>\n<p>La <strong>first round table<\/strong>, on the theme \u201c<strong>How can innovation be developed effectively?<\/strong>\u201dwas hosted by <strong>Jean Belin<\/strong>, holder of the Chair in Defence Economics, with the participation of the\u2019<strong>IGA Fran\u00e7ois Mestre<\/strong> (Direction G\u00e9n\u00e9rale de l'Armement), <strong>St\u00e9phane Cueille <\/strong>(Safran), <strong>Fran\u00e7ois Chopard<\/strong> (Starburst), <strong>Emmanuel Sabonnadi\u00e8re<\/strong> (French Atomic Energy Commission).<\/p>\n<p>A speech by <strong>Pierre Delsaux<\/strong> (European Union) presented the challenges facing the European Union in the <strong>building tomorrow's defence<\/strong>. In particular, he addressed the issue of <strong>the cost of \u201cnon-European defence\u201d.\u201d <\/strong>and stressed the importance of <strong>European cooperation <\/strong>to deal with <strong>challenges of tomorrow in the Defence of Europe,<\/strong> in particular thanks to new budgetary resources from 2020.<\/p>\n<h2>Round table 2<\/h2>\n<p>La <strong>second round table<\/strong>, dedicated to \u201c<strong>How can innovation be used effectively in the Defence system?<\/strong>\u201dwas hosted by <strong>Val\u00e9rie M\u00e9rindol<\/strong>, professor at Paris Business School, with the participation of <strong>General Philippe Hirtzig<\/strong> (EMA), the\u2019<strong>IGA Fran\u00e7ois Pintart<\/strong> (DGA), <strong>Eric Papin<\/strong> (naval Group) and <strong>Dominique Levent<\/strong> (Renault Group).<\/p>\n<p><img loading=\"lazy\" decoding=\"async\" class=\"aligncenter\" src=\"https:\/\/fdd-ihedn.fr\/wp-content\/uploads\/2020\/04\/f_parly_cloture-1.jpg\" alt=\"Florence Parly, ministre des Arm\u00e9es, discours de cl\u00f4ture de la conf\u00e9rence &quot;Recherche, Innovation et D\u00e9fense&quot;, le 20 mars 2019 \u00e0 l\u2019Assembl\u00e9e nationale\" width=\"473\" height=\"380\"><\/p>\n<p><strong>Florence Parly<\/strong>, <strong>Minister of the Armed Forces<\/strong> closed the event by presenting the <strong>Defence Economics Prize<\/strong> \u00e0 <strong>Fran\u00e7ois-Xavier Meunier<\/strong>, for his doctoral thesis in economics entitled: \u201c<a href=\"https:\/\/halshs.archives-ouvertes.fr\/tel-01620435\/file\/The%CC%80se%20F-X%20Meunier.pdf\" target=\"_blank\" rel=\"noreferrer noopener\" aria-label=\"Dual technology innovation: an analysis in terms of influence and coherence (opens in a new tab)\">Dual technological innovation: an analysis in terms of influence and coherence<\/a>\u201c.<\/p>\n<h2>Coming soon<\/h2>\n<p>The Chair in Defence Economics will soon be putting a website on line. <strong>conference video<\/strong> and will offer a <strong>summary of speech content<\/strong>.<\/p>","protected":false},"excerpt":{"rendered":"<p>L\u2019innovation dans la D\u00e9fense La Chaire \u00c9conomie de D\u00e9fense a organis\u00e9 la conf\u00e9rence Recherche Innovation et D\u00e9fense, ce mercredi 20 mars 2019 \u00e0 l\u2019Assembl\u00e9e nationale. L\u2019\u00e9v\u00e9nement a r\u00e9uni pr\u00e8s de 200 personnes autour de deux tables rondes, pour des \u00e9changes de haut niveau sur l\u2019innovation dans la D\u00e9fense. Le d\u00e9put\u00e9 Didier Baich\u00e8re a prononc\u00e9 un [&hellip;]<\/p>\n","protected":false},"author":1,"featured_media":4211,"comment_status":"open","ping_status":"open","sticky":false,"template":"","format":"standard","meta":{"footnotes":""},"categories":[34,438],"tags":[],"class_list":{"0":"post-4140","1":"post","2":"type-post","3":"status-publish","4":"format-standard","5":"has-post-thumbnail","7":"category-activites","8":"category-chaire-economie-de-defense"},"yoast_head":"<!-- This site is optimized with the Yoast SEO plugin v27.4 - https:\/\/yoast.com\/product\/yoast-seo-wordpress\/ -->\n<title>[chaire ECODEF] Retour sur la conf\u00e9rence &quot;Recherche, Innovation et D\u00e9fense&quot; du 20 mars 2019 - Fonds de dotation de l&#039;IHEDN<\/title>\n<meta name=\"robots\" content=\"index, follow, max-snippet:-1, max-image-preview:large, max-video-preview:-1\" \/>\n<link rel=\"canonical\" href=\"https:\/\/fdd-ihedn.fr\/en\/chaire-economie-de-defense-retour-sur-la-conference-recherche-innovation-et-defense-du-20-mars-2019\/\" \/>\n<meta property=\"og:locale\" content=\"en_GB\" \/>\n<meta property=\"og:type\" content=\"article\" \/>\n<meta property=\"og:title\" content=\"[chaire ECODEF] Retour sur la conf\u00e9rence &quot;Recherche, Innovation et D\u00e9fense&quot; du 20 mars 2019 - Fonds de dotation de l&#039;IHEDN\" \/>\n<meta property=\"og:description\" content=\"L\u2019innovation dans la D\u00e9fense La Chaire \u00c9conomie de D\u00e9fense a organis\u00e9 la conf\u00e9rence Recherche Innovation et D\u00e9fense, ce mercredi 20 mars 2019 \u00e0 l\u2019Assembl\u00e9e nationale. L\u2019\u00e9v\u00e9nement a r\u00e9uni pr\u00e8s de 200 personnes autour de deux tables rondes, pour des \u00e9changes de haut niveau sur l\u2019innovation dans la D\u00e9fense. Le d\u00e9put\u00e9 Didier Baich\u00e8re a prononc\u00e9 un [&hellip;]\" \/>\n<meta property=\"og:url\" content=\"https:\/\/fdd-ihedn.fr\/en\/chaire-economie-de-defense-retour-sur-la-conference-recherche-innovation-et-defense-du-20-mars-2019\/\" \/>\n<meta property=\"og:site_name\" content=\"Fonds de dotation de l&#039;IHEDN\" \/>\n<meta property=\"article:published_time\" content=\"2019-03-22T09:37:06+00:00\" \/>\n<meta property=\"article:modified_time\" content=\"2024-09-24T12:02:10+00:00\" \/>\n<meta property=\"og:image\" content=\"https:\/\/fdd-ihedn.fr\/wp-content\/uploads\/2019\/03\/doc_tables-1024x768-2-1024x768-1.jpg\" \/>\n\t<meta property=\"og:image:width\" content=\"1024\" \/>\n\t<meta property=\"og:image:height\" content=\"768\" \/>\n\t<meta property=\"og:image:type\" content=\"image\/jpeg\" \/>\n<meta name=\"author\" content=\"dev\" \/>\n<meta name=\"twitter:card\" content=\"summary_large_image\" \/>\n<meta name=\"twitter:creator\" content=\"@Chaire_Ecodef\" \/>\n<meta name=\"twitter:site\" content=\"@Chaire_Ecodef\" \/>\n<meta name=\"twitter:label1\" content=\"Written by\" \/>\n\t<meta name=\"twitter:data1\" content=\"dev\" \/>\n\t<meta name=\"twitter:label2\" content=\"Estimated reading time\" \/>\n\t<meta name=\"twitter:data2\" content=\"3 minutes\" \/>\n<script type=\"application\/ld+json\" class=\"yoast-schema-graph\">{\"@context\":\"https:\\\/\\\/schema.org\",\"@graph\":[{\"@type\":\"Article\",\"@id\":\"https:\\\/\\\/fdd-ihedn.fr\\\/chaire-economie-de-defense-retour-sur-la-conference-recherche-innovation-et-defense-du-20-mars-2019\\\/#article\",\"isPartOf\":{\"@id\":\"https:\\\/\\\/fdd-ihedn.fr\\\/chaire-economie-de-defense-retour-sur-la-conference-recherche-innovation-et-defense-du-20-mars-2019\\\/\"},\"author\":{\"name\":\"dev\",\"@id\":\"https:\\\/\\\/fdd-ihedn.fr\\\/#\\\/schema\\\/person\\\/9fdc5a3e2e544ff0f51c5e0732af0c12\"},\"headline\":\"[chaire ECODEF] Retour sur la conf\u00e9rence \u00ab\u00a0Recherche, Innovation et D\u00e9fense\u00a0\u00bb du 20 mars 2019\",\"datePublished\":\"2019-03-22T09:37:06+00:00\",\"dateModified\":\"2024-09-24T12:02:10+00:00\",\"mainEntityOfPage\":{\"@id\":\"https:\\\/\\\/fdd-ihedn.fr\\\/chaire-economie-de-defense-retour-sur-la-conference-recherche-innovation-et-defense-du-20-mars-2019\\\/\"},\"wordCount\":532,\"commentCount\":0,\"publisher\":{\"@id\":\"https:\\\/\\\/fdd-ihedn.fr\\\/#organization\"},\"image\":{\"@id\":\"https:\\\/\\\/fdd-ihedn.fr\\\/chaire-economie-de-defense-retour-sur-la-conference-recherche-innovation-et-defense-du-20-mars-2019\\\/#primaryimage\"},\"thumbnailUrl\":\"https:\\\/\\\/fdd-ihedn.fr\\\/wp-content\\\/uploads\\\/2019\\\/03\\\/doc_tables-1024x768-2-1024x768-1.jpg\",\"articleSection\":[\"Activit\u00e9s\",\"Chaire \u00c9conomie de d\u00e9fense\"],\"inLanguage\":\"en-GB\",\"potentialAction\":[{\"@type\":\"CommentAction\",\"name\":\"Comment\",\"target\":[\"https:\\\/\\\/fdd-ihedn.fr\\\/chaire-economie-de-defense-retour-sur-la-conference-recherche-innovation-et-defense-du-20-mars-2019\\\/#respond\"]}]},{\"@type\":\"WebPage\",\"@id\":\"https:\\\/\\\/fdd-ihedn.fr\\\/chaire-economie-de-defense-retour-sur-la-conference-recherche-innovation-et-defense-du-20-mars-2019\\\/\",\"url\":\"https:\\\/\\\/fdd-ihedn.fr\\\/chaire-economie-de-defense-retour-sur-la-conference-recherche-innovation-et-defense-du-20-mars-2019\\\/\",\"name\":\"[chaire ECODEF] Retour sur la conf\u00e9rence \\\"Recherche, Innovation et D\u00e9fense\\\" du 20 mars 2019 - Fonds de dotation de l&#039;IHEDN\",\"isPartOf\":{\"@id\":\"https:\\\/\\\/fdd-ihedn.fr\\\/#website\"},\"primaryImageOfPage\":{\"@id\":\"https:\\\/\\\/fdd-ihedn.fr\\\/chaire-economie-de-defense-retour-sur-la-conference-recherche-innovation-et-defense-du-20-mars-2019\\\/#primaryimage\"},\"image\":{\"@id\":\"https:\\\/\\\/fdd-ihedn.fr\\\/chaire-economie-de-defense-retour-sur-la-conference-recherche-innovation-et-defense-du-20-mars-2019\\\/#primaryimage\"},\"thumbnailUrl\":\"https:\\\/\\\/fdd-ihedn.fr\\\/wp-content\\\/uploads\\\/2019\\\/03\\\/doc_tables-1024x768-2-1024x768-1.jpg\",\"datePublished\":\"2019-03-22T09:37:06+00:00\",\"dateModified\":\"2024-09-24T12:02:10+00:00\",\"breadcrumb\":{\"@id\":\"https:\\\/\\\/fdd-ihedn.fr\\\/chaire-economie-de-defense-retour-sur-la-conference-recherche-innovation-et-defense-du-20-mars-2019\\\/#breadcrumb\"},\"inLanguage\":\"en-GB\",\"potentialAction\":[{\"@type\":\"ReadAction\",\"target\":[\"https:\\\/\\\/fdd-ihedn.fr\\\/chaire-economie-de-defense-retour-sur-la-conference-recherche-innovation-et-defense-du-20-mars-2019\\\/\"]}]},{\"@type\":\"ImageObject\",\"inLanguage\":\"en-GB\",\"@id\":\"https:\\\/\\\/fdd-ihedn.fr\\\/chaire-economie-de-defense-retour-sur-la-conference-recherche-innovation-et-defense-du-20-mars-2019\\\/#primaryimage\",\"url\":\"https:\\\/\\\/fdd-ihedn.fr\\\/wp-content\\\/uploads\\\/2019\\\/03\\\/doc_tables-1024x768-2-1024x768-1.jpg\",\"contentUrl\":\"https:\\\/\\\/fdd-ihedn.fr\\\/wp-content\\\/uploads\\\/2019\\\/03\\\/doc_tables-1024x768-2-1024x768-1.jpg\",\"width\":1024,\"height\":768},{\"@type\":\"BreadcrumbList\",\"@id\":\"https:\\\/\\\/fdd-ihedn.fr\\\/chaire-economie-de-defense-retour-sur-la-conference-recherche-innovation-et-defense-du-20-mars-2019\\\/#breadcrumb\",\"itemListElement\":[{\"@type\":\"ListItem\",\"position\":1,\"name\":\"Accueil\",\"item\":\"https:\\\/\\\/fdd-ihedn.fr\\\/\"},{\"@type\":\"ListItem\",\"position\":2,\"name\":\"[chaire ECODEF] Retour sur la conf\u00e9rence &#8220;Recherche, Innovation et D\u00e9fense&#8221; du 20 mars 2019\"}]},{\"@type\":\"WebSite\",\"@id\":\"https:\\\/\\\/fdd-ihedn.fr\\\/#website\",\"url\":\"https:\\\/\\\/fdd-ihedn.fr\\\/\",\"name\":\"Fonds de dotation de l&#039;IHEDN\",\"description\":\"Des projets innovants d\u00e9velopp\u00e9s pour l&#039;IHEDN gr\u00e2ce au m\u00e9c\u00e9nat\",\"publisher\":{\"@id\":\"https:\\\/\\\/fdd-ihedn.fr\\\/#organization\"},\"potentialAction\":[{\"@type\":\"SearchAction\",\"target\":{\"@type\":\"EntryPoint\",\"urlTemplate\":\"https:\\\/\\\/fdd-ihedn.fr\\\/?s={search_term_string}\"},\"query-input\":{\"@type\":\"PropertyValueSpecification\",\"valueRequired\":true,\"valueName\":\"search_term_string\"}}],\"inLanguage\":\"en-GB\"},{\"@type\":\"Organization\",\"@id\":\"https:\\\/\\\/fdd-ihedn.fr\\\/#organization\",\"name\":\"Chaire \u00c9conomie de d\u00e9fense - IHEDN\",\"url\":\"https:\\\/\\\/fdd-ihedn.fr\\\/\",\"logo\":{\"@type\":\"ImageObject\",\"inLanguage\":\"en-GB\",\"@id\":\"https:\\\/\\\/fdd-ihedn.fr\\\/#\\\/schema\\\/logo\\\/image\\\/\",\"url\":\"https:\\\/\\\/fdd-ihedn.fr\\\/wp-content\\\/uploads\\\/2020\\\/04\\\/logoEcodef9.jpg\",\"contentUrl\":\"https:\\\/\\\/fdd-ihedn.fr\\\/wp-content\\\/uploads\\\/2020\\\/04\\\/logoEcodef9.jpg\",\"width\":410,\"height\":212,\"caption\":\"Chaire \u00c9conomie de d\u00e9fense - IHEDN\"},\"image\":{\"@id\":\"https:\\\/\\\/fdd-ihedn.fr\\\/#\\\/schema\\\/logo\\\/image\\\/\"},\"sameAs\":[\"https:\\\/\\\/x.com\\\/Chaire_Ecodef\",\"https:\\\/\\\/www.linkedin.com\\\/company\\\/chaire-ecodef-ihedn\\\/\"]},{\"@type\":\"Person\",\"@id\":\"https:\\\/\\\/fdd-ihedn.fr\\\/#\\\/schema\\\/person\\\/9fdc5a3e2e544ff0f51c5e0732af0c12\",\"name\":\"dev\",\"image\":{\"@type\":\"ImageObject\",\"inLanguage\":\"en-GB\",\"@id\":\"https:\\\/\\\/secure.gravatar.com\\\/avatar\\\/f1ffcac9ca2fa95ad3ec33e9be3ade82f752acb0cabe541e56c5889225afa88a?s=96&d=mm&r=g\",\"url\":\"https:\\\/\\\/secure.gravatar.com\\\/avatar\\\/f1ffcac9ca2fa95ad3ec33e9be3ade82f752acb0cabe541e56c5889225afa88a?s=96&d=mm&r=g\",\"contentUrl\":\"https:\\\/\\\/secure.gravatar.com\\\/avatar\\\/f1ffcac9ca2fa95ad3ec33e9be3ade82f752acb0cabe541e56c5889225afa88a?s=96&d=mm&r=g\",\"caption\":\"dev\"},\"url\":\"https:\\\/\\\/fdd-ihedn.fr\\\/en\\\/author\\\/dev\\\/\"}]}<\/script>\n<!-- \/ Yoast SEO plugin. -->","yoast_head_json":{"title":"[chaire ECODEF] Retour sur la conf\u00e9rence \"Recherche, Innovation et D\u00e9fense\" du 20 mars 2019 - Fonds de dotation de l&#039;IHEDN","robots":{"index":"index","follow":"follow","max-snippet":"max-snippet:-1","max-image-preview":"max-image-preview:large","max-video-preview":"max-video-preview:-1"},"canonical":"https:\/\/fdd-ihedn.fr\/en\/chaire-economie-de-defense-retour-sur-la-conference-recherche-innovation-et-defense-du-20-mars-2019\/","og_locale":"en_GB","og_type":"article","og_title":"[chaire ECODEF] Retour sur la conf\u00e9rence \"Recherche, Innovation et D\u00e9fense\" du 20 mars 2019 - Fonds de dotation de l&#039;IHEDN","og_description":"L\u2019innovation dans la D\u00e9fense La Chaire \u00c9conomie de D\u00e9fense a organis\u00e9 la conf\u00e9rence Recherche Innovation et D\u00e9fense, ce mercredi 20 mars 2019 \u00e0 l\u2019Assembl\u00e9e nationale. L\u2019\u00e9v\u00e9nement a r\u00e9uni pr\u00e8s de 200 personnes autour de deux tables rondes, pour des \u00e9changes de haut niveau sur l\u2019innovation dans la D\u00e9fense. Le d\u00e9put\u00e9 Didier Baich\u00e8re a prononc\u00e9 un [&hellip;]","og_url":"https:\/\/fdd-ihedn.fr\/en\/chaire-economie-de-defense-retour-sur-la-conference-recherche-innovation-et-defense-du-20-mars-2019\/","og_site_name":"Fonds de dotation de l&#039;IHEDN","article_published_time":"2019-03-22T09:37:06+00:00","article_modified_time":"2024-09-24T12:02:10+00:00","og_image":[{"width":1024,"height":768,"url":"https:\/\/fdd-ihedn.fr\/wp-content\/uploads\/2019\/03\/doc_tables-1024x768-2-1024x768-1.jpg","type":"image\/jpeg"}],"author":"dev","twitter_card":"summary_large_image","twitter_creator":"@Chaire_Ecodef","twitter_site":"@Chaire_Ecodef","twitter_misc":{"Written by":"dev","Estimated reading time":"3 minutes"},"schema":{"@context":"https:\/\/schema.org","@graph":[{"@type":"Article","@id":"https:\/\/fdd-ihedn.fr\/chaire-economie-de-defense-retour-sur-la-conference-recherche-innovation-et-defense-du-20-mars-2019\/#article","isPartOf":{"@id":"https:\/\/fdd-ihedn.fr\/chaire-economie-de-defense-retour-sur-la-conference-recherche-innovation-et-defense-du-20-mars-2019\/"},"author":{"name":"dev","@id":"https:\/\/fdd-ihedn.fr\/#\/schema\/person\/9fdc5a3e2e544ff0f51c5e0732af0c12"},"headline":"[chaire ECODEF] Retour sur la conf\u00e9rence \u00ab\u00a0Recherche, Innovation et D\u00e9fense\u00a0\u00bb du 20 mars 2019","datePublished":"2019-03-22T09:37:06+00:00","dateModified":"2024-09-24T12:02:10+00:00","mainEntityOfPage":{"@id":"https:\/\/fdd-ihedn.fr\/chaire-economie-de-defense-retour-sur-la-conference-recherche-innovation-et-defense-du-20-mars-2019\/"},"wordCount":532,"commentCount":0,"publisher":{"@id":"https:\/\/fdd-ihedn.fr\/#organization"},"image":{"@id":"https:\/\/fdd-ihedn.fr\/chaire-economie-de-defense-retour-sur-la-conference-recherche-innovation-et-defense-du-20-mars-2019\/#primaryimage"},"thumbnailUrl":"https:\/\/fdd-ihedn.fr\/wp-content\/uploads\/2019\/03\/doc_tables-1024x768-2-1024x768-1.jpg","articleSection":["Activit\u00e9s","Chaire \u00c9conomie de d\u00e9fense"],"inLanguage":"en-GB","potentialAction":[{"@type":"CommentAction","name":"Comment","target":["https:\/\/fdd-ihedn.fr\/chaire-economie-de-defense-retour-sur-la-conference-recherche-innovation-et-defense-du-20-mars-2019\/#respond"]}]},{"@type":"WebPage","@id":"https:\/\/fdd-ihedn.fr\/chaire-economie-de-defense-retour-sur-la-conference-recherche-innovation-et-defense-du-20-mars-2019\/","url":"https:\/\/fdd-ihedn.fr\/chaire-economie-de-defense-retour-sur-la-conference-recherche-innovation-et-defense-du-20-mars-2019\/","name":"[chaire ECODEF] Retour sur la conf\u00e9rence \"Recherche, Innovation et D\u00e9fense\" du 20 mars 2019 - Fonds de dotation de l&#039;IHEDN","isPartOf":{"@id":"https:\/\/fdd-ihedn.fr\/#website"},"primaryImageOfPage":{"@id":"https:\/\/fdd-ihedn.fr\/chaire-economie-de-defense-retour-sur-la-conference-recherche-innovation-et-defense-du-20-mars-2019\/#primaryimage"},"image":{"@id":"https:\/\/fdd-ihedn.fr\/chaire-economie-de-defense-retour-sur-la-conference-recherche-innovation-et-defense-du-20-mars-2019\/#primaryimage"},"thumbnailUrl":"https:\/\/fdd-ihedn.fr\/wp-content\/uploads\/2019\/03\/doc_tables-1024x768-2-1024x768-1.jpg","datePublished":"2019-03-22T09:37:06+00:00","dateModified":"2024-09-24T12:02:10+00:00","breadcrumb":{"@id":"https:\/\/fdd-ihedn.fr\/chaire-economie-de-defense-retour-sur-la-conference-recherche-innovation-et-defense-du-20-mars-2019\/#breadcrumb"},"inLanguage":"en-GB","potentialAction":[{"@type":"ReadAction","target":["https:\/\/fdd-ihedn.fr\/chaire-economie-de-defense-retour-sur-la-conference-recherche-innovation-et-defense-du-20-mars-2019\/"]}]},{"@type":"ImageObject","inLanguage":"en-GB","@id":"https:\/\/fdd-ihedn.fr\/chaire-economie-de-defense-retour-sur-la-conference-recherche-innovation-et-defense-du-20-mars-2019\/#primaryimage","url":"https:\/\/fdd-ihedn.fr\/wp-content\/uploads\/2019\/03\/doc_tables-1024x768-2-1024x768-1.jpg","contentUrl":"https:\/\/fdd-ihedn.fr\/wp-content\/uploads\/2019\/03\/doc_tables-1024x768-2-1024x768-1.jpg","width":1024,"height":768},{"@type":"BreadcrumbList","@id":"https:\/\/fdd-ihedn.fr\/chaire-economie-de-defense-retour-sur-la-conference-recherche-innovation-et-defense-du-20-mars-2019\/#breadcrumb","itemListElement":[{"@type":"ListItem","position":1,"name":"Accueil","item":"https:\/\/fdd-ihedn.fr\/"},{"@type":"ListItem","position":2,"name":"[chaire ECODEF] Retour sur la conf\u00e9rence &#8220;Recherche, Innovation et D\u00e9fense&#8221; du 20 mars 2019"}]},{"@type":"WebSite","@id":"https:\/\/fdd-ihedn.fr\/#website","url":"https:\/\/fdd-ihedn.fr\/","name":"IHEDN Endowment Fund","description":"Innovative projects developed for IHEDN thanks to sponsorship","publisher":{"@id":"https:\/\/fdd-ihedn.fr\/#organization"},"potentialAction":[{"@type":"SearchAction","target":{"@type":"EntryPoint","urlTemplate":"https:\/\/fdd-ihedn.fr\/?s={search_term_string}"},"query-input":{"@type":"PropertyValueSpecification","valueRequired":true,"valueName":"search_term_string"}}],"inLanguage":"en-GB"},{"@type":"Organization","@id":"https:\/\/fdd-ihedn.fr\/#organization","name":"Chair in Defence Economics - IHEDN","url":"https:\/\/fdd-ihedn.fr\/","logo":{"@type":"ImageObject","inLanguage":"en-GB","@id":"https:\/\/fdd-ihedn.fr\/#\/schema\/logo\/image\/","url":"https:\/\/fdd-ihedn.fr\/wp-content\/uploads\/2020\/04\/logoEcodef9.jpg","contentUrl":"https:\/\/fdd-ihedn.fr\/wp-content\/uploads\/2020\/04\/logoEcodef9.jpg","width":410,"height":212,"caption":"Chaire \u00c9conomie de d\u00e9fense - IHEDN"},"image":{"@id":"https:\/\/fdd-ihedn.fr\/#\/schema\/logo\/image\/"},"sameAs":["https:\/\/x.com\/Chaire_Ecodef","https:\/\/www.linkedin.com\/company\/chaire-ecodef-ihedn\/"]},{"@type":"Person","@id":"https:\/\/fdd-ihedn.fr\/#\/schema\/person\/9fdc5a3e2e544ff0f51c5e0732af0c12","name":"dev","image":{"@type":"ImageObject","inLanguage":"en-GB","@id":"https:\/\/secure.gravatar.com\/avatar\/f1ffcac9ca2fa95ad3ec33e9be3ade82f752acb0cabe541e56c5889225afa88a?s=96&d=mm&r=g","url":"https:\/\/secure.gravatar.com\/avatar\/f1ffcac9ca2fa95ad3ec33e9be3ade82f752acb0cabe541e56c5889225afa88a?s=96&d=mm&r=g","contentUrl":"https:\/\/secure.gravatar.com\/avatar\/f1ffcac9ca2fa95ad3ec33e9be3ade82f752acb0cabe541e56c5889225afa88a?s=96&d=mm&r=g","caption":"dev"},"url":"https:\/\/fdd-ihedn.fr\/en\/author\/dev\/"}]}},"_links":{"self":[{"href":"https:\/\/fdd-ihedn.fr\/en\/wp-json\/wp\/v2\/posts\/4140","targetHints":{"allow":["GET"]}}],"collection":[{"href":"https:\/\/fdd-ihedn.fr\/en\/wp-json\/wp\/v2\/posts"}],"about":[{"href":"https:\/\/fdd-ihedn.fr\/en\/wp-json\/wp\/v2\/types\/post"}],"author":[{"embeddable":true,"href":"https:\/\/fdd-ihedn.fr\/en\/wp-json\/wp\/v2\/users\/1"}],"replies":[{"embeddable":true,"href":"https:\/\/fdd-ihedn.fr\/en\/wp-json\/wp\/v2\/comments?post=4140"}],"version-history":[{"count":4,"href":"https:\/\/fdd-ihedn.fr\/en\/wp-json\/wp\/v2\/posts\/4140\/revisions"}],"predecessor-version":[{"id":5669,"href":"https:\/\/fdd-ihedn.fr\/en\/wp-json\/wp\/v2\/posts\/4140\/revisions\/5669"}],"wp:featuredmedia":[{"embeddable":true,"href":"https:\/\/fdd-ihedn.fr\/en\/wp-json\/wp\/v2\/media\/4211"}],"wp:attachment":[{"href":"https:\/\/fdd-ihedn.fr\/en\/wp-json\/wp\/v2\/media?parent=4140"}],"wp:term":[{"taxonomy":"category","embeddable":true,"href":"https:\/\/fdd-ihedn.fr\/en\/wp-json\/wp\/v2\/categories?post=4140"},{"taxonomy":"post_tag","embeddable":true,"href":"https:\/\/fdd-ihedn.fr\/en\/wp-json\/wp\/v2\/tags?post=4140"}],"curies":[{"name":"wp","href":"https:\/\/api.w.org\/{rel}","templated":true}]}}