{"id":4139,"date":"2018-10-12T07:47:29","date_gmt":"2018-10-12T05:47:29","guid":{"rendered":"https:\/\/fdd.concilium.click\/chaire-economie-de-defense-retour-sur-la-journee-detude-du-10-octobre-2018\/"},"modified":"2024-09-24T14:02:16","modified_gmt":"2024-09-24T12:02:16","slug":"chaire-economie-de-defense-retour-sur-la-journee-detude-du-10-octobre-2018","status":"publish","type":"post","link":"https:\/\/fdd-ihedn.fr\/en\/chaire-economie-de-defense-retour-sur-la-journee-detude-du-10-octobre-2018\/","title":{"rendered":"[chaire ECODEF] Retour sur la journ\u00e9e d\u2019\u00e9tude du 10 octobre 2018"},"content":{"rendered":"<section class=\"section\">\n<article id=\"post-6459\" class=\"post post-6459 type-post status-publish format-standard hentry category-activites category-actualites category-conferences-seminaires-journee-d-etudes tag-centenaire-armistice tag-cliometrie tag-conference tag-conflits tag-guerre-14-18 tag-histoire tag-histoire-militaire tag-premiere-guerre-mondiale\">A l\u2019approche du centenaire de l\u2019Armistice, la <a href=\"https:\/\/economie-defense.fr\/\"><strong>Chair in Defence Economics<\/strong><\/a> a organis\u00e9 ce<strong> 10 octobre 2018<\/strong>, \u00e0 l\u2019<strong>\u00c9cole militaire,<\/strong> une journ\u00e9e d\u2019\u00e9tude sur le th\u00e8me : <strong>\u00ab\u00a0Les morts de la Grande Guerre\u00a0: Hasard ou d\u00e9terminisme ?\u00a0\u00bb.<\/strong>Voulue par <strong><a href=\"http:\/\/gretha.u-bordeaux.fr\/fr\/members\/belin-jean\" target=\"_blank\" rel=\"noopener\">Jean Belin<\/a>,<\/strong> titulaire de la Chaire, et <a href=\"https:\/\/www.sciencespo-lyon.fr\/content\/parent\" target=\"_blank\" rel=\"noopener\"><strong>Antoine Parent<\/strong>,<\/a> Professeur des Universit\u00e9s \u00e0 Sciences-Po Lyon et coordinateur de l\u2019\u00e9quipe CAC-IXXI, cette journ\u00e9e a r\u00e9uni des <strong>chercheurs issus de diff\u00e9rentes disciplines<\/strong> et dont les travaux portent sur <strong>l\u2019analyse des morts de la Grande Guerre<\/strong> afin d\u2019offrir une <strong>perspective nouvelle<\/strong> sur des questions encore inexplor\u00e9es. Une grande partie du travail empirique se fonde sur la base de donn\u00e9es fournie par le <a href=\"http:\/\/www.servicehistorique.sga.defense.gouv.fr\/\" target=\"_blank\" rel=\"noopener\">SHD<\/a> (Service Historique de la D\u00e9fense) et intitul\u00e9e <strong><a href=\"http:\/\/www.memoiredeshommes.sga.defense.gouv.fr\/\" target=\"_blank\" rel=\"noopener\">\u201cM\u00e9moire des hommes\u201d<\/a>.<\/strong><\/p>\n<p>L\u2019\u00e9v\u00e9nement a r\u00e9unis environ 200 participants avec notamment la <strong>pr\u00e9sence remarqu\u00e9e d&rsquo;\u00e9l\u00e8ves <\/strong>des lyc\u00e9es F\u00e9nelon (Paris 6\u00e8me) et Hoche (Versailles).<\/p>\n<p>Apr\u00e8s une <strong>introduction<\/strong> de <strong>Jean Belin<\/strong>, <strong>Antoine Parent<\/strong> a mis en perspective les travaux pr\u00e9sent\u00e9s et rappel\u00e9 l\u2019importance de l\u2019\u00e9v\u00e9nement par rapport aux <strong>comm\u00e9morations du centenaire de l\u2019Armistice<\/strong>. Ainsi, la \u201c<em>cliom\u00e9trie des soldats morts pour la France<\/em>\u201d rev\u00eat un caract\u00e8re majeur, d\u00e9passant tr\u00e8s largement l\u2019aspect m\u00e9moriel des travaux de la journ\u00e9e.<\/p>\n<figure id=\"attachment_6464\" class=\"wp-image-6464 aligncenter\">\n<p><figure style=\"width: 559px\" class=\"wp-caption alignnone\"><a href=\"https:\/\/fdd-ihedn.fr\/wp-content\/uploads\/2020\/04\/jean.jpg\"><img loading=\"lazy\" decoding=\"async\" src=\"https:\/\/fdd-ihedn.fr\/wp-content\/uploads\/2020\/04\/jean.jpg\" alt=\"\" width=\"559\" height=\"419\" \/><\/a><figcaption class=\"wp-caption-text\">Jean Belin, titulaire de la Chaire Economie de D\u00e9fense, 10 octobre 2018, Introduction<\/figcaption><\/figure><\/figure>\n<figure id=\"attachment_6465\" class=\"wp-image-6465 aligncenter\">\n<p><figure style=\"width: 559px\" class=\"wp-caption alignnone\"><a href=\"https:\/\/fdd-ihedn.fr\/wp-content\/uploads\/2020\/04\/antoine.jpg\" target=\"_blank\" rel=\"noopener\"><img loading=\"lazy\" decoding=\"async\" src=\"https:\/\/fdd-ihedn.fr\/wp-content\/uploads\/2020\/04\/antoine.jpg\" alt=\"\" width=\"559\" height=\"420\" \/><\/a><figcaption class=\"wp-caption-text\">Antoine Parent, Professeur \u00e0 Science Po Lyon, 10 octobre 2018, Introduction<\/figcaption><\/figure><\/figure>\n<h2>Premi\u00e8re table-ronde<\/h2>\n<p>Lors de la premi\u00e8re table ronde, structur\u00e9e autour de la question des<strong> in\u00e9galit\u00e9s des soldats devant la mort<\/strong>, <strong>Jean-Pascal Guironnet (Universit\u00e9 de Normandie, Caen)<\/strong> a notamment montr\u00e9 qu\u2019il n\u2019y avait pas de r\u00e9gions davantage sacrifi\u00e9es que d\u2019autres d\u2019un point de vue statistique. Cette pr\u00e9sentation \u00e9tait la synth\u00e8se d\u2019un <a href=\"https:\/\/www.tandfonline.com\/doi\/full\/10.1080\/10242694.2018.1460715\" target=\"_blank\" rel=\"noopener\">article publi\u00e9<\/a> par l\u2019auteur (avec Antoine Parent) dans un num\u00e9ro sp\u00e9cial de la revue <em>Defence and Peace Economics<\/em> et coordonn\u00e9 par Julien Malizard, chercheur \u00e0 la Chaire \u00c9conomie de D\u00e9fense.<\/p>\n<p><strong>Olivier Guillot (BETA, Univ. de Lorraine)<\/strong> a ensuite propos\u00e9 une analyse des in\u00e9galit\u00e9s de temps de survie chez les soldats \u00ab Morts pour la France \u00bb, ainsi que de l&rsquo;incidence sur ces donn\u00e9es du nombre de citations du r\u00e9giment ou de fusill\u00e9s dans ses rangs. La math\u00e9maticienne <strong>Nicole El Karaoui<\/strong> <strong>(Paris Sorbonne)<\/strong> a enrichi le d\u00e9bat par son exp\u00e9rience statistique mais aussi personnelle sur ces questions.<\/p>\n<figure id=\"attachment_6468\" class=\"wp-image-6468 aligncenter\">\n<p><figure style=\"width: 568px\" class=\"wp-caption alignnone\"><a href=\"https:\/\/fdd-ihedn.fr\/wp-content\/uploads\/2020\/04\/tr1.jpg\" target=\"_blank\" rel=\"noopener\"><img loading=\"lazy\" decoding=\"async\" src=\"https:\/\/fdd-ihedn.fr\/wp-content\/uploads\/2020\/04\/tr1.jpg\" alt=\"\" width=\"568\" height=\"426\" \/><\/a><figcaption class=\"wp-caption-text\">Olivier Guillot, BETA, Univ. de Lorraine, 10 octobre 2018, Premi\u00e8re table-ronde<\/figcaption><\/figure><\/figure>\n<h2><\/h2>\n<h2>Deuxi\u00e8me table-ronde<\/h2>\n<p>La deuxi\u00e8me table ronde a permis de discuter les <strong>choix strat\u00e9giques<\/strong> op\u00e9r\u00e9s par le haut commandement. L\u2019approche par la recherche op\u00e9rationnelle (RO) de <strong>Jesus Gonzalez-Feliu (\u00c9cole des Mines de Saint-\u00c9tienne)<\/strong> a ainsi montr\u00e9 que certains plans logistiques militaires suivaient une forme d\u2019optimisation, compte tenu des techniques en RO de l\u2019\u00e9poque.<\/p>\n<p><strong>Gilles Gaba (Isfa, Univ. Lyon 1)<\/strong> and <strong>St\u00e9phane Loisel\u00a0(Isfa, Univ. Lyon 1) <\/strong>ont pour leur part \u00e9tudi\u00e9, gr\u00e2ce \u00e0 la g\u00e9omatique, les mouvements des r\u00e9giments sur le front. <strong>C\u00e9cile Bastidon (LEAD, Univ Toulon)<\/strong> and <strong>Herv\u00e9 Pierre (Conseiller Terre au cabinet du Premier ministre)<\/strong> ont quant \u00e0 eux apport\u00e9 leur \u00e9clairage \u00e9conomique et leur exp\u00e9rience militaire \u00e0 la discussion.<\/p>\n<figure style=\"width: 585px\" class=\"wp-caption alignnone\"><a href=\"https:\/\/fdd-ihedn.fr\/wp-content\/uploads\/2020\/04\/tr2.jpg\" target=\"_blank\" rel=\"noopener\"><img loading=\"lazy\" decoding=\"async\" src=\"https:\/\/fdd-ihedn.fr\/wp-content\/uploads\/2020\/04\/tr2.jpg\" alt=\"\" width=\"585\" height=\"439\" \/><\/a><figcaption class=\"wp-caption-text\">Deuxi\u00e8me table-ronde, discussion, 10 octobre 2018<\/figcaption><\/figure>\n<h2><\/h2>\n<h2>Troisi\u00e8me table-ronde<\/h2>\n<p>Enfin la question de \u201cceux qui restent\u201d \u00e9tait au c\u0153ur de la troisi\u00e8me table ronde. <strong>Gilles Vergnon (Sciences Po Lyon)<\/strong> a ainsi \u00e9tudi\u00e9 la violence de la soci\u00e9t\u00e9 civile et le retour des soldats du front.<strong> Gilles le Garrec (Sce Po, OFCE)<\/strong> and <strong>Vincent Touz\u00e9 (Sce Po, OFCE)<\/strong> ont ensuite \u00e9valu\u00e9 les premi\u00e8res politiques sociales fran\u00e7aises ayant \u00e9merg\u00e9 en faveur des veuves, invalides et pupilles de la nation suite au premier conflit mondial.<\/p>\n<p>Deux t\u00e9moignages ont ensuite permis d\u2019ajouter une touche plus personnelle : <strong>Fr\u00e9d\u00e9ric Gannon (Univ. du Havre, OFCE)<\/strong> a pr\u00e9sent\u00e9 la biographie de son arri\u00e8re-grand-p\u00e8re, Georges Patard et <strong>Pierre-Yves P\u00e9guy (LAET, Univ. Lyon 2)<\/strong> de son a\u00efeul Charles P\u00e9guy, mort au front en 1914. Ces travaux ont \u00e9t\u00e9 ensuite discut\u00e9s par <strong>Isabelle Davion (Sorbonne Universit\u00e9)<\/strong> and <strong>Mehrdad Vahabi (Univ. Paris 13)<\/strong>.<\/p>\n<\/article>\n<\/section>\n<section class=\"section\">\n<article id=\"post-6459\" class=\"post post-6459 type-post status-publish format-standard hentry category-activites category-actualites category-conferences-seminaires-journee-d-etudes tag-centenaire-armistice tag-cliometrie tag-conference tag-conflits tag-guerre-14-18 tag-histoire tag-histoire-militaire tag-premiere-guerre-mondiale\">\n<div>\n<figure id=\"attachment_6470\" class=\"wp-image-6470 aligncenter\">\n<p><figure style=\"width: 586px\" class=\"wp-caption alignnone\"><a href=\"https:\/\/fdd-ihedn.fr\/wp-content\/uploads\/2020\/04\/tr3.jpg\" target=\"_blank\" rel=\"noopener\"><img loading=\"lazy\" decoding=\"async\" src=\"https:\/\/fdd-ihedn.fr\/wp-content\/uploads\/2020\/04\/tr3.jpg\" alt=\"\" width=\"586\" height=\"439\" \/><\/a><figcaption class=\"wp-caption-text\">Pierre-Yves Peguy, LAET, Univ. Lyon 2, troisi\u00e8me table-ronde, 10 octobre 2018<\/figcaption><\/figure><\/figure>\n<\/div>\n<\/article>\n<\/section>","protected":false},"excerpt":{"rendered":"<p>A l\u2019approche du centenaire de l\u2019Armistice, la Chaire \u00c9conomie de D\u00e9fense a organis\u00e9 ce 10 octobre 2018, \u00e0 l\u2019\u00c9cole militaire, une journ\u00e9e d\u2019\u00e9tude sur le th\u00e8me : \u00ab\u00a0Les morts de la Grande Guerre\u00a0: Hasard ou d\u00e9terminisme ?\u00a0\u00bb.Voulue par Jean Belin, titulaire de la Chaire, et Antoine Parent, Professeur des Universit\u00e9s \u00e0 Sciences-Po Lyon et coordinateur [&hellip;]<\/p>\n","protected":false},"author":1,"featured_media":1091,"comment_status":"open","ping_status":"open","sticky":false,"template":"","format":"standard","meta":{"footnotes":""},"categories":[34,438],"tags":[],"class_list":{"0":"post-4139","1":"post","2":"type-post","3":"status-publish","4":"format-standard","5":"has-post-thumbnail","7":"category-activites","8":"category-chaire-economie-de-defense"},"yoast_head":"<!-- This site is optimized with the Yoast SEO plugin v27.4 - https:\/\/yoast.com\/product\/yoast-seo-wordpress\/ -->\n<title>[chaire ECODEF] Retour sur la journ\u00e9e d\u2019\u00e9tude du 10 octobre 2018 - Fonds de dotation de l&#039;IHEDN<\/title>\n<meta name=\"robots\" content=\"index, follow, max-snippet:-1, max-image-preview:large, max-video-preview:-1\" \/>\n<link rel=\"canonical\" href=\"https:\/\/fdd-ihedn.fr\/en\/chaire-economie-de-defense-retour-sur-la-journee-detude-du-10-octobre-2018\/\" \/>\n<meta property=\"og:locale\" content=\"en_GB\" \/>\n<meta property=\"og:type\" content=\"article\" \/>\n<meta property=\"og:title\" content=\"[chaire ECODEF] Retour sur la journ\u00e9e d\u2019\u00e9tude du 10 octobre 2018 - Fonds de dotation de l&#039;IHEDN\" \/>\n<meta property=\"og:description\" content=\"A l\u2019approche du centenaire de l\u2019Armistice, la Chaire \u00c9conomie de D\u00e9fense a organis\u00e9 ce 10 octobre 2018, \u00e0 l\u2019\u00c9cole militaire, une journ\u00e9e d\u2019\u00e9tude sur le th\u00e8me : \u00ab\u00a0Les morts de la Grande Guerre\u00a0: Hasard ou d\u00e9terminisme ?\u00a0\u00bb.Voulue par Jean Belin, titulaire de la Chaire, et Antoine Parent, Professeur des Universit\u00e9s \u00e0 Sciences-Po Lyon et coordinateur [&hellip;]\" \/>\n<meta property=\"og:url\" content=\"https:\/\/fdd-ihedn.fr\/en\/chaire-economie-de-defense-retour-sur-la-journee-detude-du-10-octobre-2018\/\" \/>\n<meta property=\"og:site_name\" content=\"Fonds de dotation de l&#039;IHEDN\" \/>\n<meta property=\"article:published_time\" content=\"2018-10-12T05:47:29+00:00\" \/>\n<meta property=\"article:modified_time\" content=\"2024-09-24T12:02:16+00:00\" \/>\n<meta property=\"og:image\" content=\"https:\/\/fdd-ihedn.fr\/wp-content\/uploads\/2020\/04\/jean.jpg\" \/>\n\t<meta property=\"og:image:width\" content=\"2048\" \/>\n\t<meta property=\"og:image:height\" content=\"1536\" \/>\n\t<meta property=\"og:image:type\" content=\"image\/jpeg\" \/>\n<meta name=\"author\" content=\"dev\" \/>\n<meta name=\"twitter:card\" content=\"summary_large_image\" \/>\n<meta name=\"twitter:creator\" content=\"@Chaire_Ecodef\" \/>\n<meta name=\"twitter:site\" content=\"@Chaire_Ecodef\" \/>\n<meta name=\"twitter:label1\" content=\"Written by\" \/>\n\t<meta name=\"twitter:data1\" content=\"dev\" \/>\n\t<meta name=\"twitter:label2\" content=\"Estimated reading time\" \/>\n\t<meta name=\"twitter:data2\" content=\"4 minutes\" \/>\n<script type=\"application\/ld+json\" class=\"yoast-schema-graph\">{\"@context\":\"https:\\\/\\\/schema.org\",\"@graph\":[{\"@type\":\"Article\",\"@id\":\"https:\\\/\\\/fdd-ihedn.fr\\\/chaire-economie-de-defense-retour-sur-la-journee-detude-du-10-octobre-2018\\\/#article\",\"isPartOf\":{\"@id\":\"https:\\\/\\\/fdd-ihedn.fr\\\/chaire-economie-de-defense-retour-sur-la-journee-detude-du-10-octobre-2018\\\/\"},\"author\":{\"name\":\"dev\",\"@id\":\"https:\\\/\\\/fdd-ihedn.fr\\\/#\\\/schema\\\/person\\\/9fdc5a3e2e544ff0f51c5e0732af0c12\"},\"headline\":\"[chaire ECODEF] Retour sur la journ\u00e9e d\u2019\u00e9tude du 10 octobre 2018\",\"datePublished\":\"2018-10-12T05:47:29+00:00\",\"dateModified\":\"2024-09-24T12:02:16+00:00\",\"mainEntityOfPage\":{\"@id\":\"https:\\\/\\\/fdd-ihedn.fr\\\/chaire-economie-de-defense-retour-sur-la-journee-detude-du-10-octobre-2018\\\/\"},\"wordCount\":753,\"commentCount\":0,\"publisher\":{\"@id\":\"https:\\\/\\\/fdd-ihedn.fr\\\/#organization\"},\"image\":{\"@id\":\"https:\\\/\\\/fdd-ihedn.fr\\\/chaire-economie-de-defense-retour-sur-la-journee-detude-du-10-octobre-2018\\\/#primaryimage\"},\"thumbnailUrl\":\"https:\\\/\\\/fdd-ihedn.fr\\\/wp-content\\\/uploads\\\/2020\\\/04\\\/jean.jpg\",\"articleSection\":[\"Activit\u00e9s\",\"Chaire \u00c9conomie de d\u00e9fense\"],\"inLanguage\":\"en-GB\",\"potentialAction\":[{\"@type\":\"CommentAction\",\"name\":\"Comment\",\"target\":[\"https:\\\/\\\/fdd-ihedn.fr\\\/chaire-economie-de-defense-retour-sur-la-journee-detude-du-10-octobre-2018\\\/#respond\"]}]},{\"@type\":\"WebPage\",\"@id\":\"https:\\\/\\\/fdd-ihedn.fr\\\/chaire-economie-de-defense-retour-sur-la-journee-detude-du-10-octobre-2018\\\/\",\"url\":\"https:\\\/\\\/fdd-ihedn.fr\\\/chaire-economie-de-defense-retour-sur-la-journee-detude-du-10-octobre-2018\\\/\",\"name\":\"[chaire ECODEF] Retour sur la journ\u00e9e d\u2019\u00e9tude du 10 octobre 2018 - Fonds de dotation de l&#039;IHEDN\",\"isPartOf\":{\"@id\":\"https:\\\/\\\/fdd-ihedn.fr\\\/#website\"},\"primaryImageOfPage\":{\"@id\":\"https:\\\/\\\/fdd-ihedn.fr\\\/chaire-economie-de-defense-retour-sur-la-journee-detude-du-10-octobre-2018\\\/#primaryimage\"},\"image\":{\"@id\":\"https:\\\/\\\/fdd-ihedn.fr\\\/chaire-economie-de-defense-retour-sur-la-journee-detude-du-10-octobre-2018\\\/#primaryimage\"},\"thumbnailUrl\":\"https:\\\/\\\/fdd-ihedn.fr\\\/wp-content\\\/uploads\\\/2020\\\/04\\\/jean.jpg\",\"datePublished\":\"2018-10-12T05:47:29+00:00\",\"dateModified\":\"2024-09-24T12:02:16+00:00\",\"breadcrumb\":{\"@id\":\"https:\\\/\\\/fdd-ihedn.fr\\\/chaire-economie-de-defense-retour-sur-la-journee-detude-du-10-octobre-2018\\\/#breadcrumb\"},\"inLanguage\":\"en-GB\",\"potentialAction\":[{\"@type\":\"ReadAction\",\"target\":[\"https:\\\/\\\/fdd-ihedn.fr\\\/chaire-economie-de-defense-retour-sur-la-journee-detude-du-10-octobre-2018\\\/\"]}]},{\"@type\":\"ImageObject\",\"inLanguage\":\"en-GB\",\"@id\":\"https:\\\/\\\/fdd-ihedn.fr\\\/chaire-economie-de-defense-retour-sur-la-journee-detude-du-10-octobre-2018\\\/#primaryimage\",\"url\":\"https:\\\/\\\/fdd-ihedn.fr\\\/wp-content\\\/uploads\\\/2020\\\/04\\\/jean.jpg\",\"contentUrl\":\"https:\\\/\\\/fdd-ihedn.fr\\\/wp-content\\\/uploads\\\/2020\\\/04\\\/jean.jpg\",\"width\":2048,\"height\":1536},{\"@type\":\"BreadcrumbList\",\"@id\":\"https:\\\/\\\/fdd-ihedn.fr\\\/chaire-economie-de-defense-retour-sur-la-journee-detude-du-10-octobre-2018\\\/#breadcrumb\",\"itemListElement\":[{\"@type\":\"ListItem\",\"position\":1,\"name\":\"Accueil\",\"item\":\"https:\\\/\\\/fdd-ihedn.fr\\\/\"},{\"@type\":\"ListItem\",\"position\":2,\"name\":\"[chaire ECODEF] Retour sur la journ\u00e9e d\u2019\u00e9tude du 10 octobre 2018\"}]},{\"@type\":\"WebSite\",\"@id\":\"https:\\\/\\\/fdd-ihedn.fr\\\/#website\",\"url\":\"https:\\\/\\\/fdd-ihedn.fr\\\/\",\"name\":\"Fonds de dotation de l&#039;IHEDN\",\"description\":\"Des projets innovants d\u00e9velopp\u00e9s pour l&#039;IHEDN gr\u00e2ce au m\u00e9c\u00e9nat\",\"publisher\":{\"@id\":\"https:\\\/\\\/fdd-ihedn.fr\\\/#organization\"},\"potentialAction\":[{\"@type\":\"SearchAction\",\"target\":{\"@type\":\"EntryPoint\",\"urlTemplate\":\"https:\\\/\\\/fdd-ihedn.fr\\\/?s={search_term_string}\"},\"query-input\":{\"@type\":\"PropertyValueSpecification\",\"valueRequired\":true,\"valueName\":\"search_term_string\"}}],\"inLanguage\":\"en-GB\"},{\"@type\":\"Organization\",\"@id\":\"https:\\\/\\\/fdd-ihedn.fr\\\/#organization\",\"name\":\"Chaire \u00c9conomie de d\u00e9fense - IHEDN\",\"url\":\"https:\\\/\\\/fdd-ihedn.fr\\\/\",\"logo\":{\"@type\":\"ImageObject\",\"inLanguage\":\"en-GB\",\"@id\":\"https:\\\/\\\/fdd-ihedn.fr\\\/#\\\/schema\\\/logo\\\/image\\\/\",\"url\":\"https:\\\/\\\/fdd-ihedn.fr\\\/wp-content\\\/uploads\\\/2020\\\/04\\\/logoEcodef9.jpg\",\"contentUrl\":\"https:\\\/\\\/fdd-ihedn.fr\\\/wp-content\\\/uploads\\\/2020\\\/04\\\/logoEcodef9.jpg\",\"width\":410,\"height\":212,\"caption\":\"Chaire \u00c9conomie de d\u00e9fense - IHEDN\"},\"image\":{\"@id\":\"https:\\\/\\\/fdd-ihedn.fr\\\/#\\\/schema\\\/logo\\\/image\\\/\"},\"sameAs\":[\"https:\\\/\\\/x.com\\\/Chaire_Ecodef\",\"https:\\\/\\\/www.linkedin.com\\\/company\\\/chaire-ecodef-ihedn\\\/\"]},{\"@type\":\"Person\",\"@id\":\"https:\\\/\\\/fdd-ihedn.fr\\\/#\\\/schema\\\/person\\\/9fdc5a3e2e544ff0f51c5e0732af0c12\",\"name\":\"dev\",\"image\":{\"@type\":\"ImageObject\",\"inLanguage\":\"en-GB\",\"@id\":\"https:\\\/\\\/secure.gravatar.com\\\/avatar\\\/f1ffcac9ca2fa95ad3ec33e9be3ade82f752acb0cabe541e56c5889225afa88a?s=96&d=mm&r=g\",\"url\":\"https:\\\/\\\/secure.gravatar.com\\\/avatar\\\/f1ffcac9ca2fa95ad3ec33e9be3ade82f752acb0cabe541e56c5889225afa88a?s=96&d=mm&r=g\",\"contentUrl\":\"https:\\\/\\\/secure.gravatar.com\\\/avatar\\\/f1ffcac9ca2fa95ad3ec33e9be3ade82f752acb0cabe541e56c5889225afa88a?s=96&d=mm&r=g\",\"caption\":\"dev\"},\"url\":\"https:\\\/\\\/fdd-ihedn.fr\\\/en\\\/author\\\/dev\\\/\"}]}<\/script>\n<!-- \/ Yoast SEO plugin. -->","yoast_head_json":{"title":"[chaire ECODEF] Retour sur la journ\u00e9e d\u2019\u00e9tude du 10 octobre 2018 - Fonds de dotation de l&#039;IHEDN","robots":{"index":"index","follow":"follow","max-snippet":"max-snippet:-1","max-image-preview":"max-image-preview:large","max-video-preview":"max-video-preview:-1"},"canonical":"https:\/\/fdd-ihedn.fr\/en\/chaire-economie-de-defense-retour-sur-la-journee-detude-du-10-octobre-2018\/","og_locale":"en_GB","og_type":"article","og_title":"[chaire ECODEF] Retour sur la journ\u00e9e d\u2019\u00e9tude du 10 octobre 2018 - Fonds de dotation de l&#039;IHEDN","og_description":"A l\u2019approche du centenaire de l\u2019Armistice, la Chaire \u00c9conomie de D\u00e9fense a organis\u00e9 ce 10 octobre 2018, \u00e0 l\u2019\u00c9cole militaire, une journ\u00e9e d\u2019\u00e9tude sur le th\u00e8me : \u00ab\u00a0Les morts de la Grande Guerre\u00a0: Hasard ou d\u00e9terminisme ?\u00a0\u00bb.Voulue par Jean Belin, titulaire de la Chaire, et Antoine Parent, Professeur des Universit\u00e9s \u00e0 Sciences-Po Lyon et coordinateur [&hellip;]","og_url":"https:\/\/fdd-ihedn.fr\/en\/chaire-economie-de-defense-retour-sur-la-journee-detude-du-10-octobre-2018\/","og_site_name":"Fonds de dotation de l&#039;IHEDN","article_published_time":"2018-10-12T05:47:29+00:00","article_modified_time":"2024-09-24T12:02:16+00:00","og_image":[{"width":2048,"height":1536,"url":"https:\/\/fdd-ihedn.fr\/wp-content\/uploads\/2020\/04\/jean.jpg","type":"image\/jpeg"}],"author":"dev","twitter_card":"summary_large_image","twitter_creator":"@Chaire_Ecodef","twitter_site":"@Chaire_Ecodef","twitter_misc":{"Written by":"dev","Estimated reading time":"4 minutes"},"schema":{"@context":"https:\/\/schema.org","@graph":[{"@type":"Article","@id":"https:\/\/fdd-ihedn.fr\/chaire-economie-de-defense-retour-sur-la-journee-detude-du-10-octobre-2018\/#article","isPartOf":{"@id":"https:\/\/fdd-ihedn.fr\/chaire-economie-de-defense-retour-sur-la-journee-detude-du-10-octobre-2018\/"},"author":{"name":"dev","@id":"https:\/\/fdd-ihedn.fr\/#\/schema\/person\/9fdc5a3e2e544ff0f51c5e0732af0c12"},"headline":"[chaire ECODEF] Retour sur la journ\u00e9e d\u2019\u00e9tude du 10 octobre 2018","datePublished":"2018-10-12T05:47:29+00:00","dateModified":"2024-09-24T12:02:16+00:00","mainEntityOfPage":{"@id":"https:\/\/fdd-ihedn.fr\/chaire-economie-de-defense-retour-sur-la-journee-detude-du-10-octobre-2018\/"},"wordCount":753,"commentCount":0,"publisher":{"@id":"https:\/\/fdd-ihedn.fr\/#organization"},"image":{"@id":"https:\/\/fdd-ihedn.fr\/chaire-economie-de-defense-retour-sur-la-journee-detude-du-10-octobre-2018\/#primaryimage"},"thumbnailUrl":"https:\/\/fdd-ihedn.fr\/wp-content\/uploads\/2020\/04\/jean.jpg","articleSection":["Activit\u00e9s","Chaire \u00c9conomie de d\u00e9fense"],"inLanguage":"en-GB","potentialAction":[{"@type":"CommentAction","name":"Comment","target":["https:\/\/fdd-ihedn.fr\/chaire-economie-de-defense-retour-sur-la-journee-detude-du-10-octobre-2018\/#respond"]}]},{"@type":"WebPage","@id":"https:\/\/fdd-ihedn.fr\/chaire-economie-de-defense-retour-sur-la-journee-detude-du-10-octobre-2018\/","url":"https:\/\/fdd-ihedn.fr\/chaire-economie-de-defense-retour-sur-la-journee-detude-du-10-octobre-2018\/","name":"[chaire ECODEF] Retour sur la journ\u00e9e d\u2019\u00e9tude du 10 octobre 2018 - Fonds de dotation de l&#039;IHEDN","isPartOf":{"@id":"https:\/\/fdd-ihedn.fr\/#website"},"primaryImageOfPage":{"@id":"https:\/\/fdd-ihedn.fr\/chaire-economie-de-defense-retour-sur-la-journee-detude-du-10-octobre-2018\/#primaryimage"},"image":{"@id":"https:\/\/fdd-ihedn.fr\/chaire-economie-de-defense-retour-sur-la-journee-detude-du-10-octobre-2018\/#primaryimage"},"thumbnailUrl":"https:\/\/fdd-ihedn.fr\/wp-content\/uploads\/2020\/04\/jean.jpg","datePublished":"2018-10-12T05:47:29+00:00","dateModified":"2024-09-24T12:02:16+00:00","breadcrumb":{"@id":"https:\/\/fdd-ihedn.fr\/chaire-economie-de-defense-retour-sur-la-journee-detude-du-10-octobre-2018\/#breadcrumb"},"inLanguage":"en-GB","potentialAction":[{"@type":"ReadAction","target":["https:\/\/fdd-ihedn.fr\/chaire-economie-de-defense-retour-sur-la-journee-detude-du-10-octobre-2018\/"]}]},{"@type":"ImageObject","inLanguage":"en-GB","@id":"https:\/\/fdd-ihedn.fr\/chaire-economie-de-defense-retour-sur-la-journee-detude-du-10-octobre-2018\/#primaryimage","url":"https:\/\/fdd-ihedn.fr\/wp-content\/uploads\/2020\/04\/jean.jpg","contentUrl":"https:\/\/fdd-ihedn.fr\/wp-content\/uploads\/2020\/04\/jean.jpg","width":2048,"height":1536},{"@type":"BreadcrumbList","@id":"https:\/\/fdd-ihedn.fr\/chaire-economie-de-defense-retour-sur-la-journee-detude-du-10-octobre-2018\/#breadcrumb","itemListElement":[{"@type":"ListItem","position":1,"name":"Accueil","item":"https:\/\/fdd-ihedn.fr\/"},{"@type":"ListItem","position":2,"name":"[chaire ECODEF] Retour sur la journ\u00e9e d\u2019\u00e9tude du 10 octobre 2018"}]},{"@type":"WebSite","@id":"https:\/\/fdd-ihedn.fr\/#website","url":"https:\/\/fdd-ihedn.fr\/","name":"IHEDN Endowment Fund","description":"Innovative projects developed for IHEDN thanks to sponsorship","publisher":{"@id":"https:\/\/fdd-ihedn.fr\/#organization"},"potentialAction":[{"@type":"SearchAction","target":{"@type":"EntryPoint","urlTemplate":"https:\/\/fdd-ihedn.fr\/?s={search_term_string}"},"query-input":{"@type":"PropertyValueSpecification","valueRequired":true,"valueName":"search_term_string"}}],"inLanguage":"en-GB"},{"@type":"Organization","@id":"https:\/\/fdd-ihedn.fr\/#organization","name":"Chair in Defence Economics - IHEDN","url":"https:\/\/fdd-ihedn.fr\/","logo":{"@type":"ImageObject","inLanguage":"en-GB","@id":"https:\/\/fdd-ihedn.fr\/#\/schema\/logo\/image\/","url":"https:\/\/fdd-ihedn.fr\/wp-content\/uploads\/2020\/04\/logoEcodef9.jpg","contentUrl":"https:\/\/fdd-ihedn.fr\/wp-content\/uploads\/2020\/04\/logoEcodef9.jpg","width":410,"height":212,"caption":"Chaire \u00c9conomie de d\u00e9fense - IHEDN"},"image":{"@id":"https:\/\/fdd-ihedn.fr\/#\/schema\/logo\/image\/"},"sameAs":["https:\/\/x.com\/Chaire_Ecodef","https:\/\/www.linkedin.com\/company\/chaire-ecodef-ihedn\/"]},{"@type":"Person","@id":"https:\/\/fdd-ihedn.fr\/#\/schema\/person\/9fdc5a3e2e544ff0f51c5e0732af0c12","name":"dev","image":{"@type":"ImageObject","inLanguage":"en-GB","@id":"https:\/\/secure.gravatar.com\/avatar\/f1ffcac9ca2fa95ad3ec33e9be3ade82f752acb0cabe541e56c5889225afa88a?s=96&d=mm&r=g","url":"https:\/\/secure.gravatar.com\/avatar\/f1ffcac9ca2fa95ad3ec33e9be3ade82f752acb0cabe541e56c5889225afa88a?s=96&d=mm&r=g","contentUrl":"https:\/\/secure.gravatar.com\/avatar\/f1ffcac9ca2fa95ad3ec33e9be3ade82f752acb0cabe541e56c5889225afa88a?s=96&d=mm&r=g","caption":"dev"},"url":"https:\/\/fdd-ihedn.fr\/en\/author\/dev\/"}]}},"_links":{"self":[{"href":"https:\/\/fdd-ihedn.fr\/en\/wp-json\/wp\/v2\/posts\/4139","targetHints":{"allow":["GET"]}}],"collection":[{"href":"https:\/\/fdd-ihedn.fr\/en\/wp-json\/wp\/v2\/posts"}],"about":[{"href":"https:\/\/fdd-ihedn.fr\/en\/wp-json\/wp\/v2\/types\/post"}],"author":[{"embeddable":true,"href":"https:\/\/fdd-ihedn.fr\/en\/wp-json\/wp\/v2\/users\/1"}],"replies":[{"embeddable":true,"href":"https:\/\/fdd-ihedn.fr\/en\/wp-json\/wp\/v2\/comments?post=4139"}],"version-history":[{"count":4,"href":"https:\/\/fdd-ihedn.fr\/en\/wp-json\/wp\/v2\/posts\/4139\/revisions"}],"predecessor-version":[{"id":5670,"href":"https:\/\/fdd-ihedn.fr\/en\/wp-json\/wp\/v2\/posts\/4139\/revisions\/5670"}],"wp:featuredmedia":[{"embeddable":true,"href":"https:\/\/fdd-ihedn.fr\/en\/wp-json\/wp\/v2\/media\/1091"}],"wp:attachment":[{"href":"https:\/\/fdd-ihedn.fr\/en\/wp-json\/wp\/v2\/media?parent=4139"}],"wp:term":[{"taxonomy":"category","embeddable":true,"href":"https:\/\/fdd-ihedn.fr\/en\/wp-json\/wp\/v2\/categories?post=4139"},{"taxonomy":"post_tag","embeddable":true,"href":"https:\/\/fdd-ihedn.fr\/en\/wp-json\/wp\/v2\/tags?post=4139"}],"curies":[{"name":"wp","href":"https:\/\/api.w.org\/{rel}","templated":true}]}}