{"id":4138,"date":"2018-06-25T12:52:08","date_gmt":"2018-06-25T10:52:08","guid":{"rendered":"https:\/\/fdd.concilium.click\/chaire-economie-de-defense-revoir-la-conference-le-financement-de-la-defense-quelles-solutions-pour-quels-besoins\/"},"modified":"2024-09-24T14:02:22","modified_gmt":"2024-09-24T12:02:22","slug":"chaire-economie-de-defense-revoir-la-conference-le-financement-de-la-defense-quelles-solutions-pour-quels-besoins","status":"publish","type":"post","link":"https:\/\/fdd-ihedn.fr\/en\/chaire-economie-de-defense-revoir-la-conference-le-financement-de-la-defense-quelles-solutions-pour-quels-besoins\/","title":{"rendered":"[chaire ECODEF] Retour sur la Conf\u00e9rence annuelle de la Chaire : \u00ab\u00a0Quelles solutions pour quels besoins ?\u201d"},"content":{"rendered":"<p>Organis\u00e9e par notre <strong><a href=\"http:\/\/economie-defense.fr\/\" target=\"_blank\" rel=\"noopener\">Chair in Defence Economics<\/a><\/strong> and the<strong> <a href=\"https:\/\/www.defense.gouv.fr\/\" target=\"_blank\" rel=\"noopener\">Minist\u00e8re des Arm\u00e9es<\/a><\/strong>, le 17 novembre dernier \u00e0 la Maison de la Chimie, cette conf\u00e9rence a \u00e9t\u00e9 consacr\u00e9e au th\u00e8me du financement de la d\u00e9fense.<\/p>\n<p>Vous pouvez retrouver<strong> <a href=\"https:\/\/www.youtube.com\/channel\/UC_dKcdKpWM-Cfk7gujhqXtA\/featured\">here<\/a><\/strong> les interventions de Florence Parly (Ministre des Arm\u00e9es), Jean-Jacques Bridey (Pr\u00e9sident de la Commission de D\u00e9fense de l\u2019Assembl\u00e9e Nationale), Jean-Yves Battesti (Naval Group), Jean Belin (Chaire \u00c9conomie de D\u00e9fense), le g\u00e9n\u00e9ral de corps a\u00e9rien Vincent Carr\u00e9 (\u00c9tat-major des Arm\u00e9es, minist\u00e8re des Arm\u00e9es), Philippe Duhamel (Thales), l&rsquo;ing\u00e9nieur g\u00e9n\u00e9ral de l&rsquo;armement Bertrand Le Meur (Direction G\u00e9n\u00e9rale de l&rsquo;Armement, minist\u00e8re des Arm\u00e9es), Olivier Martin (MBDA), Christophe Mauriet (Direction des affaires financi\u00e8res, minist\u00e8re des Arm\u00e9es) et Guillaume Schlumberger (Direction g\u00e9n\u00e9rale des relations internationales et de la strat\u00e9gie,&nbsp;minist\u00e8re des Arm\u00e9es).<\/p>","protected":false},"excerpt":{"rendered":"<p>Organis\u00e9e par notre Chaire \u00c9conomie de D\u00e9fense et le Minist\u00e8re des Arm\u00e9es, le 17 novembre dernier \u00e0 la Maison de la Chimie, cette conf\u00e9rence a \u00e9t\u00e9 consacr\u00e9e au th\u00e8me du financement de la d\u00e9fense. Vous pouvez retrouver ici les interventions de Florence Parly (Ministre des Arm\u00e9es), Jean-Jacques Bridey (Pr\u00e9sident de la Commission de D\u00e9fense de [&hellip;]<\/p>\n","protected":false},"author":1,"featured_media":4213,"comment_status":"open","ping_status":"open","sticky":false,"template":"","format":"standard","meta":{"footnotes":""},"categories":[34,438],"tags":[],"class_list":{"0":"post-4138","1":"post","2":"type-post","3":"status-publish","4":"format-standard","5":"has-post-thumbnail","7":"category-activites","8":"category-chaire-economie-de-defense"},"yoast_head":"<!-- This site is optimized with the Yoast SEO plugin v27.4 - https:\/\/yoast.com\/product\/yoast-seo-wordpress\/ -->\n<title>[chaire ECODEF] Retour sur la Conf\u00e9rence annuelle de la Chaire : &quot;Quelles solutions pour quels besoins ?\u201d - Fonds de dotation de l&#039;IHEDN<\/title>\n<meta name=\"robots\" content=\"index, follow, max-snippet:-1, max-image-preview:large, max-video-preview:-1\" \/>\n<link rel=\"canonical\" href=\"https:\/\/fdd-ihedn.fr\/en\/chaire-economie-de-defense-revoir-la-conference-le-financement-de-la-defense-quelles-solutions-pour-quels-besoins\/\" \/>\n<meta property=\"og:locale\" content=\"en_GB\" \/>\n<meta property=\"og:type\" content=\"article\" \/>\n<meta property=\"og:title\" content=\"[chaire ECODEF] Retour sur la Conf\u00e9rence annuelle de la Chaire : &quot;Quelles solutions pour quels besoins ?\u201d - Fonds de dotation de l&#039;IHEDN\" \/>\n<meta property=\"og:description\" content=\"Organis\u00e9e par notre Chaire \u00c9conomie de D\u00e9fense et le Minist\u00e8re des Arm\u00e9es, le 17 novembre dernier \u00e0 la Maison de la Chimie, cette conf\u00e9rence a \u00e9t\u00e9 consacr\u00e9e au th\u00e8me du financement de la d\u00e9fense. Vous pouvez retrouver ici les interventions de Florence Parly (Ministre des Arm\u00e9es), Jean-Jacques Bridey (Pr\u00e9sident de la Commission de D\u00e9fense de [&hellip;]\" \/>\n<meta property=\"og:url\" content=\"https:\/\/fdd-ihedn.fr\/en\/chaire-economie-de-defense-revoir-la-conference-le-financement-de-la-defense-quelles-solutions-pour-quels-besoins\/\" \/>\n<meta property=\"og:site_name\" content=\"Fonds de dotation de l&#039;IHEDN\" \/>\n<meta property=\"article:published_time\" content=\"2018-06-25T10:52:08+00:00\" \/>\n<meta property=\"article:modified_time\" content=\"2024-09-24T12:02:22+00:00\" \/>\n<meta property=\"og:image\" content=\"https:\/\/fdd-ihedn.fr\/wp-content\/uploads\/2018\/06\/2017_ECPAD_373_E_001_102-1-1024x683-1.jpg\" \/>\n\t<meta property=\"og:image:width\" content=\"1024\" \/>\n\t<meta property=\"og:image:height\" content=\"683\" \/>\n\t<meta property=\"og:image:type\" content=\"image\/jpeg\" \/>\n<meta name=\"author\" content=\"dev\" \/>\n<meta name=\"twitter:card\" content=\"summary_large_image\" \/>\n<meta name=\"twitter:creator\" content=\"@Chaire_Ecodef\" \/>\n<meta name=\"twitter:site\" content=\"@Chaire_Ecodef\" \/>\n<meta name=\"twitter:label1\" content=\"Written by\" \/>\n\t<meta name=\"twitter:data1\" content=\"dev\" \/>\n\t<meta name=\"twitter:label2\" content=\"Estimated reading time\" \/>\n\t<meta name=\"twitter:data2\" content=\"1 minute\" \/>\n<script type=\"application\/ld+json\" class=\"yoast-schema-graph\">{\"@context\":\"https:\\\/\\\/schema.org\",\"@graph\":[{\"@type\":\"Article\",\"@id\":\"https:\\\/\\\/fdd-ihedn.fr\\\/chaire-economie-de-defense-revoir-la-conference-le-financement-de-la-defense-quelles-solutions-pour-quels-besoins\\\/#article\",\"isPartOf\":{\"@id\":\"https:\\\/\\\/fdd-ihedn.fr\\\/chaire-economie-de-defense-revoir-la-conference-le-financement-de-la-defense-quelles-solutions-pour-quels-besoins\\\/\"},\"author\":{\"name\":\"dev\",\"@id\":\"https:\\\/\\\/fdd-ihedn.fr\\\/#\\\/schema\\\/person\\\/9fdc5a3e2e544ff0f51c5e0732af0c12\"},\"headline\":\"[chaire ECODEF] Retour sur la Conf\u00e9rence annuelle de la Chaire : \u00ab\u00a0Quelles solutions pour quels besoins ?\u201d\",\"datePublished\":\"2018-06-25T10:52:08+00:00\",\"dateModified\":\"2024-09-24T12:02:22+00:00\",\"mainEntityOfPage\":{\"@id\":\"https:\\\/\\\/fdd-ihedn.fr\\\/chaire-economie-de-defense-revoir-la-conference-le-financement-de-la-defense-quelles-solutions-pour-quels-besoins\\\/\"},\"wordCount\":177,\"commentCount\":0,\"publisher\":{\"@id\":\"https:\\\/\\\/fdd-ihedn.fr\\\/#organization\"},\"image\":{\"@id\":\"https:\\\/\\\/fdd-ihedn.fr\\\/chaire-economie-de-defense-revoir-la-conference-le-financement-de-la-defense-quelles-solutions-pour-quels-besoins\\\/#primaryimage\"},\"thumbnailUrl\":\"https:\\\/\\\/fdd-ihedn.fr\\\/wp-content\\\/uploads\\\/2018\\\/06\\\/2017_ECPAD_373_E_001_102-1-1024x683-1.jpg\",\"articleSection\":[\"Activit\u00e9s\",\"Chaire \u00c9conomie de d\u00e9fense\"],\"inLanguage\":\"en-GB\",\"potentialAction\":[{\"@type\":\"CommentAction\",\"name\":\"Comment\",\"target\":[\"https:\\\/\\\/fdd-ihedn.fr\\\/chaire-economie-de-defense-revoir-la-conference-le-financement-de-la-defense-quelles-solutions-pour-quels-besoins\\\/#respond\"]}]},{\"@type\":\"WebPage\",\"@id\":\"https:\\\/\\\/fdd-ihedn.fr\\\/chaire-economie-de-defense-revoir-la-conference-le-financement-de-la-defense-quelles-solutions-pour-quels-besoins\\\/\",\"url\":\"https:\\\/\\\/fdd-ihedn.fr\\\/chaire-economie-de-defense-revoir-la-conference-le-financement-de-la-defense-quelles-solutions-pour-quels-besoins\\\/\",\"name\":\"[chaire ECODEF] Retour sur la Conf\u00e9rence annuelle de la Chaire : \\\"Quelles solutions pour quels besoins ?\u201d - Fonds de dotation de l&#039;IHEDN\",\"isPartOf\":{\"@id\":\"https:\\\/\\\/fdd-ihedn.fr\\\/#website\"},\"primaryImageOfPage\":{\"@id\":\"https:\\\/\\\/fdd-ihedn.fr\\\/chaire-economie-de-defense-revoir-la-conference-le-financement-de-la-defense-quelles-solutions-pour-quels-besoins\\\/#primaryimage\"},\"image\":{\"@id\":\"https:\\\/\\\/fdd-ihedn.fr\\\/chaire-economie-de-defense-revoir-la-conference-le-financement-de-la-defense-quelles-solutions-pour-quels-besoins\\\/#primaryimage\"},\"thumbnailUrl\":\"https:\\\/\\\/fdd-ihedn.fr\\\/wp-content\\\/uploads\\\/2018\\\/06\\\/2017_ECPAD_373_E_001_102-1-1024x683-1.jpg\",\"datePublished\":\"2018-06-25T10:52:08+00:00\",\"dateModified\":\"2024-09-24T12:02:22+00:00\",\"breadcrumb\":{\"@id\":\"https:\\\/\\\/fdd-ihedn.fr\\\/chaire-economie-de-defense-revoir-la-conference-le-financement-de-la-defense-quelles-solutions-pour-quels-besoins\\\/#breadcrumb\"},\"inLanguage\":\"en-GB\",\"potentialAction\":[{\"@type\":\"ReadAction\",\"target\":[\"https:\\\/\\\/fdd-ihedn.fr\\\/chaire-economie-de-defense-revoir-la-conference-le-financement-de-la-defense-quelles-solutions-pour-quels-besoins\\\/\"]}]},{\"@type\":\"ImageObject\",\"inLanguage\":\"en-GB\",\"@id\":\"https:\\\/\\\/fdd-ihedn.fr\\\/chaire-economie-de-defense-revoir-la-conference-le-financement-de-la-defense-quelles-solutions-pour-quels-besoins\\\/#primaryimage\",\"url\":\"https:\\\/\\\/fdd-ihedn.fr\\\/wp-content\\\/uploads\\\/2018\\\/06\\\/2017_ECPAD_373_E_001_102-1-1024x683-1.jpg\",\"contentUrl\":\"https:\\\/\\\/fdd-ihedn.fr\\\/wp-content\\\/uploads\\\/2018\\\/06\\\/2017_ECPAD_373_E_001_102-1-1024x683-1.jpg\",\"width\":1024,\"height\":683},{\"@type\":\"BreadcrumbList\",\"@id\":\"https:\\\/\\\/fdd-ihedn.fr\\\/chaire-economie-de-defense-revoir-la-conference-le-financement-de-la-defense-quelles-solutions-pour-quels-besoins\\\/#breadcrumb\",\"itemListElement\":[{\"@type\":\"ListItem\",\"position\":1,\"name\":\"Accueil\",\"item\":\"https:\\\/\\\/fdd-ihedn.fr\\\/\"},{\"@type\":\"ListItem\",\"position\":2,\"name\":\"[chaire ECODEF] Retour sur la Conf\u00e9rence annuelle de la Chaire : &#8220;Quelles solutions pour quels besoins ?\u201d\"}]},{\"@type\":\"WebSite\",\"@id\":\"https:\\\/\\\/fdd-ihedn.fr\\\/#website\",\"url\":\"https:\\\/\\\/fdd-ihedn.fr\\\/\",\"name\":\"Fonds de dotation de l&#039;IHEDN\",\"description\":\"Des projets innovants d\u00e9velopp\u00e9s pour l&#039;IHEDN gr\u00e2ce au m\u00e9c\u00e9nat\",\"publisher\":{\"@id\":\"https:\\\/\\\/fdd-ihedn.fr\\\/#organization\"},\"potentialAction\":[{\"@type\":\"SearchAction\",\"target\":{\"@type\":\"EntryPoint\",\"urlTemplate\":\"https:\\\/\\\/fdd-ihedn.fr\\\/?s={search_term_string}\"},\"query-input\":{\"@type\":\"PropertyValueSpecification\",\"valueRequired\":true,\"valueName\":\"search_term_string\"}}],\"inLanguage\":\"en-GB\"},{\"@type\":\"Organization\",\"@id\":\"https:\\\/\\\/fdd-ihedn.fr\\\/#organization\",\"name\":\"Chaire \u00c9conomie de d\u00e9fense - IHEDN\",\"url\":\"https:\\\/\\\/fdd-ihedn.fr\\\/\",\"logo\":{\"@type\":\"ImageObject\",\"inLanguage\":\"en-GB\",\"@id\":\"https:\\\/\\\/fdd-ihedn.fr\\\/#\\\/schema\\\/logo\\\/image\\\/\",\"url\":\"https:\\\/\\\/fdd-ihedn.fr\\\/wp-content\\\/uploads\\\/2020\\\/04\\\/logoEcodef9.jpg\",\"contentUrl\":\"https:\\\/\\\/fdd-ihedn.fr\\\/wp-content\\\/uploads\\\/2020\\\/04\\\/logoEcodef9.jpg\",\"width\":410,\"height\":212,\"caption\":\"Chaire \u00c9conomie de d\u00e9fense - IHEDN\"},\"image\":{\"@id\":\"https:\\\/\\\/fdd-ihedn.fr\\\/#\\\/schema\\\/logo\\\/image\\\/\"},\"sameAs\":[\"https:\\\/\\\/x.com\\\/Chaire_Ecodef\",\"https:\\\/\\\/www.linkedin.com\\\/company\\\/chaire-ecodef-ihedn\\\/\"]},{\"@type\":\"Person\",\"@id\":\"https:\\\/\\\/fdd-ihedn.fr\\\/#\\\/schema\\\/person\\\/9fdc5a3e2e544ff0f51c5e0732af0c12\",\"name\":\"dev\",\"image\":{\"@type\":\"ImageObject\",\"inLanguage\":\"en-GB\",\"@id\":\"https:\\\/\\\/secure.gravatar.com\\\/avatar\\\/f1ffcac9ca2fa95ad3ec33e9be3ade82f752acb0cabe541e56c5889225afa88a?s=96&d=mm&r=g\",\"url\":\"https:\\\/\\\/secure.gravatar.com\\\/avatar\\\/f1ffcac9ca2fa95ad3ec33e9be3ade82f752acb0cabe541e56c5889225afa88a?s=96&d=mm&r=g\",\"contentUrl\":\"https:\\\/\\\/secure.gravatar.com\\\/avatar\\\/f1ffcac9ca2fa95ad3ec33e9be3ade82f752acb0cabe541e56c5889225afa88a?s=96&d=mm&r=g\",\"caption\":\"dev\"},\"url\":\"https:\\\/\\\/fdd-ihedn.fr\\\/en\\\/author\\\/dev\\\/\"}]}<\/script>\n<!-- \/ Yoast SEO plugin. -->","yoast_head_json":{"title":"[chaire ECODEF] Retour sur la Conf\u00e9rence annuelle de la Chaire : \"Quelles solutions pour quels besoins ?\u201d - Fonds de dotation de l&#039;IHEDN","robots":{"index":"index","follow":"follow","max-snippet":"max-snippet:-1","max-image-preview":"max-image-preview:large","max-video-preview":"max-video-preview:-1"},"canonical":"https:\/\/fdd-ihedn.fr\/en\/chaire-economie-de-defense-revoir-la-conference-le-financement-de-la-defense-quelles-solutions-pour-quels-besoins\/","og_locale":"en_GB","og_type":"article","og_title":"[chaire ECODEF] Retour sur la Conf\u00e9rence annuelle de la Chaire : \"Quelles solutions pour quels besoins ?\u201d - Fonds de dotation de l&#039;IHEDN","og_description":"Organis\u00e9e par notre Chaire \u00c9conomie de D\u00e9fense et le Minist\u00e8re des Arm\u00e9es, le 17 novembre dernier \u00e0 la Maison de la Chimie, cette conf\u00e9rence a \u00e9t\u00e9 consacr\u00e9e au th\u00e8me du financement de la d\u00e9fense. Vous pouvez retrouver ici les interventions de Florence Parly (Ministre des Arm\u00e9es), Jean-Jacques Bridey (Pr\u00e9sident de la Commission de D\u00e9fense de [&hellip;]","og_url":"https:\/\/fdd-ihedn.fr\/en\/chaire-economie-de-defense-revoir-la-conference-le-financement-de-la-defense-quelles-solutions-pour-quels-besoins\/","og_site_name":"Fonds de dotation de l&#039;IHEDN","article_published_time":"2018-06-25T10:52:08+00:00","article_modified_time":"2024-09-24T12:02:22+00:00","og_image":[{"width":1024,"height":683,"url":"https:\/\/fdd-ihedn.fr\/wp-content\/uploads\/2018\/06\/2017_ECPAD_373_E_001_102-1-1024x683-1.jpg","type":"image\/jpeg"}],"author":"dev","twitter_card":"summary_large_image","twitter_creator":"@Chaire_Ecodef","twitter_site":"@Chaire_Ecodef","twitter_misc":{"Written by":"dev","Estimated reading time":"1 minute"},"schema":{"@context":"https:\/\/schema.org","@graph":[{"@type":"Article","@id":"https:\/\/fdd-ihedn.fr\/chaire-economie-de-defense-revoir-la-conference-le-financement-de-la-defense-quelles-solutions-pour-quels-besoins\/#article","isPartOf":{"@id":"https:\/\/fdd-ihedn.fr\/chaire-economie-de-defense-revoir-la-conference-le-financement-de-la-defense-quelles-solutions-pour-quels-besoins\/"},"author":{"name":"dev","@id":"https:\/\/fdd-ihedn.fr\/#\/schema\/person\/9fdc5a3e2e544ff0f51c5e0732af0c12"},"headline":"[chaire ECODEF] Retour sur la Conf\u00e9rence annuelle de la Chaire : \u00ab\u00a0Quelles solutions pour quels besoins ?\u201d","datePublished":"2018-06-25T10:52:08+00:00","dateModified":"2024-09-24T12:02:22+00:00","mainEntityOfPage":{"@id":"https:\/\/fdd-ihedn.fr\/chaire-economie-de-defense-revoir-la-conference-le-financement-de-la-defense-quelles-solutions-pour-quels-besoins\/"},"wordCount":177,"commentCount":0,"publisher":{"@id":"https:\/\/fdd-ihedn.fr\/#organization"},"image":{"@id":"https:\/\/fdd-ihedn.fr\/chaire-economie-de-defense-revoir-la-conference-le-financement-de-la-defense-quelles-solutions-pour-quels-besoins\/#primaryimage"},"thumbnailUrl":"https:\/\/fdd-ihedn.fr\/wp-content\/uploads\/2018\/06\/2017_ECPAD_373_E_001_102-1-1024x683-1.jpg","articleSection":["Activit\u00e9s","Chaire \u00c9conomie de d\u00e9fense"],"inLanguage":"en-GB","potentialAction":[{"@type":"CommentAction","name":"Comment","target":["https:\/\/fdd-ihedn.fr\/chaire-economie-de-defense-revoir-la-conference-le-financement-de-la-defense-quelles-solutions-pour-quels-besoins\/#respond"]}]},{"@type":"WebPage","@id":"https:\/\/fdd-ihedn.fr\/chaire-economie-de-defense-revoir-la-conference-le-financement-de-la-defense-quelles-solutions-pour-quels-besoins\/","url":"https:\/\/fdd-ihedn.fr\/chaire-economie-de-defense-revoir-la-conference-le-financement-de-la-defense-quelles-solutions-pour-quels-besoins\/","name":"[chaire ECODEF] Retour sur la Conf\u00e9rence annuelle de la Chaire : \"Quelles solutions pour quels besoins ?\u201d - Fonds de dotation de l&#039;IHEDN","isPartOf":{"@id":"https:\/\/fdd-ihedn.fr\/#website"},"primaryImageOfPage":{"@id":"https:\/\/fdd-ihedn.fr\/chaire-economie-de-defense-revoir-la-conference-le-financement-de-la-defense-quelles-solutions-pour-quels-besoins\/#primaryimage"},"image":{"@id":"https:\/\/fdd-ihedn.fr\/chaire-economie-de-defense-revoir-la-conference-le-financement-de-la-defense-quelles-solutions-pour-quels-besoins\/#primaryimage"},"thumbnailUrl":"https:\/\/fdd-ihedn.fr\/wp-content\/uploads\/2018\/06\/2017_ECPAD_373_E_001_102-1-1024x683-1.jpg","datePublished":"2018-06-25T10:52:08+00:00","dateModified":"2024-09-24T12:02:22+00:00","breadcrumb":{"@id":"https:\/\/fdd-ihedn.fr\/chaire-economie-de-defense-revoir-la-conference-le-financement-de-la-defense-quelles-solutions-pour-quels-besoins\/#breadcrumb"},"inLanguage":"en-GB","potentialAction":[{"@type":"ReadAction","target":["https:\/\/fdd-ihedn.fr\/chaire-economie-de-defense-revoir-la-conference-le-financement-de-la-defense-quelles-solutions-pour-quels-besoins\/"]}]},{"@type":"ImageObject","inLanguage":"en-GB","@id":"https:\/\/fdd-ihedn.fr\/chaire-economie-de-defense-revoir-la-conference-le-financement-de-la-defense-quelles-solutions-pour-quels-besoins\/#primaryimage","url":"https:\/\/fdd-ihedn.fr\/wp-content\/uploads\/2018\/06\/2017_ECPAD_373_E_001_102-1-1024x683-1.jpg","contentUrl":"https:\/\/fdd-ihedn.fr\/wp-content\/uploads\/2018\/06\/2017_ECPAD_373_E_001_102-1-1024x683-1.jpg","width":1024,"height":683},{"@type":"BreadcrumbList","@id":"https:\/\/fdd-ihedn.fr\/chaire-economie-de-defense-revoir-la-conference-le-financement-de-la-defense-quelles-solutions-pour-quels-besoins\/#breadcrumb","itemListElement":[{"@type":"ListItem","position":1,"name":"Accueil","item":"https:\/\/fdd-ihedn.fr\/"},{"@type":"ListItem","position":2,"name":"[chaire ECODEF] Retour sur la Conf\u00e9rence annuelle de la Chaire : &#8220;Quelles solutions pour quels besoins ?\u201d"}]},{"@type":"WebSite","@id":"https:\/\/fdd-ihedn.fr\/#website","url":"https:\/\/fdd-ihedn.fr\/","name":"IHEDN Endowment Fund","description":"Innovative projects developed for IHEDN thanks to sponsorship","publisher":{"@id":"https:\/\/fdd-ihedn.fr\/#organization"},"potentialAction":[{"@type":"SearchAction","target":{"@type":"EntryPoint","urlTemplate":"https:\/\/fdd-ihedn.fr\/?s={search_term_string}"},"query-input":{"@type":"PropertyValueSpecification","valueRequired":true,"valueName":"search_term_string"}}],"inLanguage":"en-GB"},{"@type":"Organization","@id":"https:\/\/fdd-ihedn.fr\/#organization","name":"Chair in Defence Economics - IHEDN","url":"https:\/\/fdd-ihedn.fr\/","logo":{"@type":"ImageObject","inLanguage":"en-GB","@id":"https:\/\/fdd-ihedn.fr\/#\/schema\/logo\/image\/","url":"https:\/\/fdd-ihedn.fr\/wp-content\/uploads\/2020\/04\/logoEcodef9.jpg","contentUrl":"https:\/\/fdd-ihedn.fr\/wp-content\/uploads\/2020\/04\/logoEcodef9.jpg","width":410,"height":212,"caption":"Chaire \u00c9conomie de d\u00e9fense - IHEDN"},"image":{"@id":"https:\/\/fdd-ihedn.fr\/#\/schema\/logo\/image\/"},"sameAs":["https:\/\/x.com\/Chaire_Ecodef","https:\/\/www.linkedin.com\/company\/chaire-ecodef-ihedn\/"]},{"@type":"Person","@id":"https:\/\/fdd-ihedn.fr\/#\/schema\/person\/9fdc5a3e2e544ff0f51c5e0732af0c12","name":"dev","image":{"@type":"ImageObject","inLanguage":"en-GB","@id":"https:\/\/secure.gravatar.com\/avatar\/f1ffcac9ca2fa95ad3ec33e9be3ade82f752acb0cabe541e56c5889225afa88a?s=96&d=mm&r=g","url":"https:\/\/secure.gravatar.com\/avatar\/f1ffcac9ca2fa95ad3ec33e9be3ade82f752acb0cabe541e56c5889225afa88a?s=96&d=mm&r=g","contentUrl":"https:\/\/secure.gravatar.com\/avatar\/f1ffcac9ca2fa95ad3ec33e9be3ade82f752acb0cabe541e56c5889225afa88a?s=96&d=mm&r=g","caption":"dev"},"url":"https:\/\/fdd-ihedn.fr\/en\/author\/dev\/"}]}},"_links":{"self":[{"href":"https:\/\/fdd-ihedn.fr\/en\/wp-json\/wp\/v2\/posts\/4138","targetHints":{"allow":["GET"]}}],"collection":[{"href":"https:\/\/fdd-ihedn.fr\/en\/wp-json\/wp\/v2\/posts"}],"about":[{"href":"https:\/\/fdd-ihedn.fr\/en\/wp-json\/wp\/v2\/types\/post"}],"author":[{"embeddable":true,"href":"https:\/\/fdd-ihedn.fr\/en\/wp-json\/wp\/v2\/users\/1"}],"replies":[{"embeddable":true,"href":"https:\/\/fdd-ihedn.fr\/en\/wp-json\/wp\/v2\/comments?post=4138"}],"version-history":[{"count":5,"href":"https:\/\/fdd-ihedn.fr\/en\/wp-json\/wp\/v2\/posts\/4138\/revisions"}],"predecessor-version":[{"id":5671,"href":"https:\/\/fdd-ihedn.fr\/en\/wp-json\/wp\/v2\/posts\/4138\/revisions\/5671"}],"wp:featuredmedia":[{"embeddable":true,"href":"https:\/\/fdd-ihedn.fr\/en\/wp-json\/wp\/v2\/media\/4213"}],"wp:attachment":[{"href":"https:\/\/fdd-ihedn.fr\/en\/wp-json\/wp\/v2\/media?parent=4138"}],"wp:term":[{"taxonomy":"category","embeddable":true,"href":"https:\/\/fdd-ihedn.fr\/en\/wp-json\/wp\/v2\/categories?post=4138"},{"taxonomy":"post_tag","embeddable":true,"href":"https:\/\/fdd-ihedn.fr\/en\/wp-json\/wp\/v2\/tags?post=4138"}],"curies":[{"name":"wp","href":"https:\/\/api.w.org\/{rel}","templated":true}]}}