{"id":4137,"date":"2018-04-25T15:08:38","date_gmt":"2018-04-25T13:08:38","guid":{"rendered":"https:\/\/fdd.concilium.click\/rencontres-ihedn-26-mai-2018-a-lecole-militaire\/"},"modified":"2022-02-04T14:17:23","modified_gmt":"2022-02-04T13:17:23","slug":"rencontres-ihedn-26-mai-2018-a-lecole-militaire","status":"publish","type":"post","link":"https:\/\/fdd-ihedn.fr\/en\/rencontres-ihedn-26-mai-2018-a-lecole-militaire\/","title":{"rendered":"Rencontres IHEDN, 26 May 2018 at the \u00c9cole Militaire"},"content":{"rendered":"<h1 style=\"text-align: center;\">Les \u00ab Rencontres IHEDN \u00bb<\/h1>\n<h1 style=\"text-align: center;\">La d\u00e9fense comme vous ne l&rsquo;avez jamais abord\u00e9e<\/h1>\n<h2 style=\"text-align: center;\"><\/h2>\n<h4 style=\"text-align: center;\"><strong>26 mai 2018 10h &#8211; 17h<br \/>\n<\/strong><strong>Military school<br \/>\n<\/strong>21 place Joffre &#8211; 75007 Paris<\/h4>\n<h2 style=\"text-align: center;\"><\/h2>\n<h4 style=\"text-align: center;\"><strong><a href=\"https:\/\/www.ihedn.fr\/inscription-un-evenement-ihedn?evt=2804\">\u25ba inscrivez-vous<\/a><\/strong><\/h4>\n<p>&nbsp;<\/p>\n<p class=\"rtejustify\">La d\u00e9fense est un enjeu trop vital pour \u00eatre le domaine r\u00e9serv\u00e9 d\u2019experts et de professionnels. La d\u00e9fense engage la survie de la Nation. Ses institutions, son territoire, ses int\u00e9r\u00eats vitaux, tout autant que\u00a0 ses valeurs et sa capacit\u00e9 \u00e0 r\u00e9sister \u00e0 l\u2019adversit\u00e9. La d\u00e9fense est bien s\u00fbr une politique. C\u2019est un engagement pour les hommes et les femmes qui ont choisi le m\u00e9tier des armes. Mais c\u2019est aussi l\u2019expression de la volont\u00e9 d\u2019un peuple de rester ma\u00eetre de son destin.<\/p>\n<div>\n<p class=\"rtejustify\">Penser la d\u00e9fense, c\u2019est l\u2019objet des \u00ab\u00a0Rencontres IHEDN\u00a0\u00bb organis\u00e9es par l\u2019Institut des hautes \u00e9tudes de d\u00e9fense nationale, au cours d\u2019un samedi, sur le site de l\u2019\u00c9cole militaire. Une douzaine de tables rondes, autour d\u2019espaces d\u00e9di\u00e9s, permettent, ainsi, de faire dialoguer penseurs, praticiens et repr\u00e9sentants de la soci\u00e9t\u00e9 civile autour de th\u00e9matiques \u00ab\u00a0citoyennes\u00a0\u00bb destin\u00e9es \u00e0 poser sur la place publique une r\u00e9flexion qui engage notre avenir.<\/p>\n<hr \/>\n<h4 style=\"text-align: left;\"><strong>CHRONOS &#8211; COMM\u00c9MORATION<\/strong><\/h4>\n<p><strong>1918 : RALLUMEZ LE FEU !<\/strong>\u00a0(10h00 &#8211; 11h15)<br \/>\nComment comm\u00e9morer 1918 en 2018 ?<br \/>\n<strong>TIRS D&rsquo;AILLEURS\u00a0<\/strong>(11h30 &#8211; 12h45)<br \/>\nSpahis, zouaves et autres soldats des troupes coloniales<\/p>\n<h4 style=\"text-align: left;\"><strong>HERMES &#8211; COMMUNICATION<\/strong><\/h4>\n<p><strong>L\u2019ART EN COEUR\u00a0<\/strong>(10h00 &#8211; 11h15)<br \/>\nProductions artistiques autour de la guerre<br \/>\n<strong>2018 : INFOS ET USAGE DE FAUX<\/strong>\u00a0(11h30 &#8211; 12h45)<br \/>\nIntox et propagande en temps de guerre<\/p>\n<h4 style=\"text-align: left;\"><strong>KAIROS &#8211; COH\u00c9SION<\/strong><\/h4>\n<p><strong>1978 : FAITES LABOUR, PAS LA GUERRE\u00a0<\/strong>(10h00 &#8211; 11h15)<br \/>\nL&rsquo;antimilitarisme en France depuis les ann\u00e9es 1970<br \/>\n<strong>1998 : SURFACE DE R\u00c9PARATION\u00a0<\/strong>(11h30 &#8211; 12h45)<br \/>\nFaut-il \u00eatre champion du monde pour reprendre en ch\u0153ur la Marseillaise ?<br \/>\n<strong>1958 : DES ARM\u00c9ES SANS D\u00c9FENSE\u00a0<\/strong>(15h15 &#8211; 16h30)<br \/>\nDu minist\u00e8re de la D\u00e9fense au minist\u00e8re des Arm\u00e9es<\/p>\n<h4 style=\"text-align: left;\"><strong>ICARE &#8211; ANTICIPATION<\/strong><\/h4>\n<p><strong>2028 : POUR UN NOYAU SANS P\u00c9PIN\u00a0<\/strong>(10h00 &#8211; 11h15)<br \/>\nLe monde sera-t-il d\u00e9nucl\u00e9aris\u00e9 ?<br \/>\n<strong>2038 : ACHILLE SANS TALON\u00a0<\/strong>(11h30 &#8211; 12h45)<br \/>\nLe soldat face aux \u00e9volutions technologiques<br \/>\n<strong>2048 : UNE GUERRE SANS GRAVIT\u00c9\u00a0<\/strong>(15h15 &#8211; 16h30)<br \/>\nLa guerre de l&rsquo;espace<\/p>\n<hr \/>\n<div>\n<h4><strong>1938 : TRIBUNAL<\/strong><\/h4>\n<p>Les accords de Munich : paix des braves ou paix des l\u00e2ches ? (15h15 &#8211; 16h30)<\/p>\n<hr \/>\n<h4><strong>DR\u00d4LE DE GUERRE : L&rsquo;HUMOUR, ARME DE DESTRUCTION MASSIVE ?<\/strong><\/h4>\n<p>animation organis\u00e9e par\u00a0<strong>le dessinateur PLANTU<\/strong>\u00a0(14h30 &#8211; 15h00)<\/p>\n<hr \/>\n<h4><\/h4>\n<h4 style=\"text-align: center;\"><strong><a href=\"https:\/\/www.ihedn.fr\/inscription-un-evenement-ihedn?evt=2804\">\u25ba inscrivez-vous<\/a><\/strong><\/h4>\n<p>&nbsp;<\/p>\n<\/div>\n<p><a href=\"https:\/\/www.ihedn.fr\/les-rencontres-ihedn\"><img loading=\"lazy\" decoding=\"async\" class=\"aligncenter size-large wp-image-1375\" src=\"https:\/\/fdd-ihedn.fr\/wp-content\/uploads\/2021\/04\/AFFICHE_RENCONTRES_IHEDN_2018-905x1280-1-724x1024-1.jpg\" alt=\"\" width=\"606\" height=\"857\" \/><\/a><\/p>\n<div><\/div>\n<\/div>","protected":false},"excerpt":{"rendered":"<p>Les \u00ab Rencontres IHEDN \u00bb La d\u00e9fense comme vous ne l&rsquo;avez jamais abord\u00e9e 26 mai 2018 10h &#8211; 17h \u00c9cole militaire 21 place Joffre &#8211; 75007 Paris \u25ba inscrivez-vous &nbsp; La d\u00e9fense est un enjeu trop vital pour \u00eatre le domaine r\u00e9serv\u00e9 d\u2019experts et de professionnels. La d\u00e9fense engage la survie de la Nation. Ses [&hellip;]<\/p>\n","protected":false},"author":1,"featured_media":3525,"comment_status":"open","ping_status":"open","sticky":false,"template":"","format":"standard","meta":{"footnotes":""},"categories":[440],"tags":[],"class_list":{"0":"post-4137","1":"post","2":"type-post","3":"status-publish","4":"format-standard","5":"has-post-thumbnail","7":"category-ihedn"},"yoast_head":"<!-- This site is optimized with the Yoast SEO plugin v27.4 - https:\/\/yoast.com\/product\/yoast-seo-wordpress\/ -->\n<title>Rencontres IHEDN, le 26 mai 2018 \u00e0 l\u2019\u00c9cole militaire - Fonds de dotation de l&#039;IHEDN<\/title>\n<meta name=\"robots\" content=\"index, follow, max-snippet:-1, max-image-preview:large, max-video-preview:-1\" \/>\n<link rel=\"canonical\" href=\"https:\/\/fdd-ihedn.fr\/en\/rencontres-ihedn-26-mai-2018-a-lecole-militaire\/\" \/>\n<meta property=\"og:locale\" content=\"en_GB\" \/>\n<meta property=\"og:type\" content=\"article\" \/>\n<meta property=\"og:title\" content=\"Rencontres IHEDN, le 26 mai 2018 \u00e0 l\u2019\u00c9cole militaire - Fonds de dotation de l&#039;IHEDN\" \/>\n<meta property=\"og:description\" content=\"Les \u00ab Rencontres IHEDN \u00bb La d\u00e9fense comme vous ne l&rsquo;avez jamais abord\u00e9e 26 mai 2018 10h &#8211; 17h \u00c9cole militaire 21 place Joffre &#8211; 75007 Paris \u25ba inscrivez-vous &nbsp; La d\u00e9fense est un enjeu trop vital pour \u00eatre le domaine r\u00e9serv\u00e9 d\u2019experts et de professionnels. La d\u00e9fense engage la survie de la Nation. Ses [&hellip;]\" \/>\n<meta property=\"og:url\" content=\"https:\/\/fdd-ihedn.fr\/en\/rencontres-ihedn-26-mai-2018-a-lecole-militaire\/\" \/>\n<meta property=\"og:site_name\" content=\"Fonds de dotation de l&#039;IHEDN\" \/>\n<meta property=\"article:published_time\" content=\"2018-04-25T13:08:38+00:00\" \/>\n<meta property=\"article:modified_time\" content=\"2022-02-04T13:17:23+00:00\" \/>\n<meta property=\"og:image\" content=\"https:\/\/fdd-ihedn.fr\/wp-content\/uploads\/2021\/04\/AFFICHE_RENCONTRES_IHEDN_2018-905x1280-1.jpg\" \/>\n\t<meta property=\"og:image:width\" content=\"905\" \/>\n\t<meta property=\"og:image:height\" content=\"1280\" \/>\n\t<meta property=\"og:image:type\" content=\"image\/jpeg\" \/>\n<meta name=\"author\" content=\"dev\" \/>\n<meta name=\"twitter:card\" content=\"summary_large_image\" \/>\n<meta name=\"twitter:creator\" content=\"@Chaire_Ecodef\" \/>\n<meta name=\"twitter:site\" content=\"@Chaire_Ecodef\" \/>\n<meta name=\"twitter:label1\" content=\"Written by\" \/>\n\t<meta name=\"twitter:data1\" content=\"dev\" \/>\n\t<meta name=\"twitter:label2\" content=\"Estimated reading time\" \/>\n\t<meta name=\"twitter:data2\" content=\"2 minutes\" \/>\n<script type=\"application\/ld+json\" class=\"yoast-schema-graph\">{\"@context\":\"https:\\\/\\\/schema.org\",\"@graph\":[{\"@type\":\"Article\",\"@id\":\"https:\\\/\\\/fdd-ihedn.fr\\\/rencontres-ihedn-26-mai-2018-a-lecole-militaire\\\/#article\",\"isPartOf\":{\"@id\":\"https:\\\/\\\/fdd-ihedn.fr\\\/rencontres-ihedn-26-mai-2018-a-lecole-militaire\\\/\"},\"author\":{\"name\":\"dev\",\"@id\":\"https:\\\/\\\/fdd-ihedn.fr\\\/#\\\/schema\\\/person\\\/9fdc5a3e2e544ff0f51c5e0732af0c12\"},\"headline\":\"Rencontres IHEDN, le 26 mai 2018 \u00e0 l\u2019\u00c9cole militaire\",\"datePublished\":\"2018-04-25T13:08:38+00:00\",\"dateModified\":\"2022-02-04T13:17:23+00:00\",\"mainEntityOfPage\":{\"@id\":\"https:\\\/\\\/fdd-ihedn.fr\\\/rencontres-ihedn-26-mai-2018-a-lecole-militaire\\\/\"},\"wordCount\":408,\"commentCount\":0,\"publisher\":{\"@id\":\"https:\\\/\\\/fdd-ihedn.fr\\\/#organization\"},\"image\":{\"@id\":\"https:\\\/\\\/fdd-ihedn.fr\\\/rencontres-ihedn-26-mai-2018-a-lecole-militaire\\\/#primaryimage\"},\"thumbnailUrl\":\"https:\\\/\\\/fdd-ihedn.fr\\\/wp-content\\\/uploads\\\/2021\\\/04\\\/AFFICHE_RENCONTRES_IHEDN_2018-905x1280-1.jpg\",\"articleSection\":[\"IHEDN\"],\"inLanguage\":\"en-GB\",\"potentialAction\":[{\"@type\":\"CommentAction\",\"name\":\"Comment\",\"target\":[\"https:\\\/\\\/fdd-ihedn.fr\\\/rencontres-ihedn-26-mai-2018-a-lecole-militaire\\\/#respond\"]}]},{\"@type\":\"WebPage\",\"@id\":\"https:\\\/\\\/fdd-ihedn.fr\\\/rencontres-ihedn-26-mai-2018-a-lecole-militaire\\\/\",\"url\":\"https:\\\/\\\/fdd-ihedn.fr\\\/rencontres-ihedn-26-mai-2018-a-lecole-militaire\\\/\",\"name\":\"Rencontres IHEDN, le 26 mai 2018 \u00e0 l\u2019\u00c9cole militaire - Fonds de dotation de l&#039;IHEDN\",\"isPartOf\":{\"@id\":\"https:\\\/\\\/fdd-ihedn.fr\\\/#website\"},\"primaryImageOfPage\":{\"@id\":\"https:\\\/\\\/fdd-ihedn.fr\\\/rencontres-ihedn-26-mai-2018-a-lecole-militaire\\\/#primaryimage\"},\"image\":{\"@id\":\"https:\\\/\\\/fdd-ihedn.fr\\\/rencontres-ihedn-26-mai-2018-a-lecole-militaire\\\/#primaryimage\"},\"thumbnailUrl\":\"https:\\\/\\\/fdd-ihedn.fr\\\/wp-content\\\/uploads\\\/2021\\\/04\\\/AFFICHE_RENCONTRES_IHEDN_2018-905x1280-1.jpg\",\"datePublished\":\"2018-04-25T13:08:38+00:00\",\"dateModified\":\"2022-02-04T13:17:23+00:00\",\"breadcrumb\":{\"@id\":\"https:\\\/\\\/fdd-ihedn.fr\\\/rencontres-ihedn-26-mai-2018-a-lecole-militaire\\\/#breadcrumb\"},\"inLanguage\":\"en-GB\",\"potentialAction\":[{\"@type\":\"ReadAction\",\"target\":[\"https:\\\/\\\/fdd-ihedn.fr\\\/rencontres-ihedn-26-mai-2018-a-lecole-militaire\\\/\"]}]},{\"@type\":\"ImageObject\",\"inLanguage\":\"en-GB\",\"@id\":\"https:\\\/\\\/fdd-ihedn.fr\\\/rencontres-ihedn-26-mai-2018-a-lecole-militaire\\\/#primaryimage\",\"url\":\"https:\\\/\\\/fdd-ihedn.fr\\\/wp-content\\\/uploads\\\/2021\\\/04\\\/AFFICHE_RENCONTRES_IHEDN_2018-905x1280-1.jpg\",\"contentUrl\":\"https:\\\/\\\/fdd-ihedn.fr\\\/wp-content\\\/uploads\\\/2021\\\/04\\\/AFFICHE_RENCONTRES_IHEDN_2018-905x1280-1.jpg\",\"width\":905,\"height\":1280},{\"@type\":\"BreadcrumbList\",\"@id\":\"https:\\\/\\\/fdd-ihedn.fr\\\/rencontres-ihedn-26-mai-2018-a-lecole-militaire\\\/#breadcrumb\",\"itemListElement\":[{\"@type\":\"ListItem\",\"position\":1,\"name\":\"Accueil\",\"item\":\"https:\\\/\\\/fdd-ihedn.fr\\\/\"},{\"@type\":\"ListItem\",\"position\":2,\"name\":\"Rencontres IHEDN, le 26 mai 2018 \u00e0 l\u2019\u00c9cole militaire\"}]},{\"@type\":\"WebSite\",\"@id\":\"https:\\\/\\\/fdd-ihedn.fr\\\/#website\",\"url\":\"https:\\\/\\\/fdd-ihedn.fr\\\/\",\"name\":\"Fonds de dotation de l&#039;IHEDN\",\"description\":\"Des projets innovants d\u00e9velopp\u00e9s pour l&#039;IHEDN gr\u00e2ce au m\u00e9c\u00e9nat\",\"publisher\":{\"@id\":\"https:\\\/\\\/fdd-ihedn.fr\\\/#organization\"},\"potentialAction\":[{\"@type\":\"SearchAction\",\"target\":{\"@type\":\"EntryPoint\",\"urlTemplate\":\"https:\\\/\\\/fdd-ihedn.fr\\\/?s={search_term_string}\"},\"query-input\":{\"@type\":\"PropertyValueSpecification\",\"valueRequired\":true,\"valueName\":\"search_term_string\"}}],\"inLanguage\":\"en-GB\"},{\"@type\":\"Organization\",\"@id\":\"https:\\\/\\\/fdd-ihedn.fr\\\/#organization\",\"name\":\"Chaire \u00c9conomie de d\u00e9fense - IHEDN\",\"url\":\"https:\\\/\\\/fdd-ihedn.fr\\\/\",\"logo\":{\"@type\":\"ImageObject\",\"inLanguage\":\"en-GB\",\"@id\":\"https:\\\/\\\/fdd-ihedn.fr\\\/#\\\/schema\\\/logo\\\/image\\\/\",\"url\":\"https:\\\/\\\/fdd-ihedn.fr\\\/wp-content\\\/uploads\\\/2020\\\/04\\\/logoEcodef9.jpg\",\"contentUrl\":\"https:\\\/\\\/fdd-ihedn.fr\\\/wp-content\\\/uploads\\\/2020\\\/04\\\/logoEcodef9.jpg\",\"width\":410,\"height\":212,\"caption\":\"Chaire \u00c9conomie de d\u00e9fense - IHEDN\"},\"image\":{\"@id\":\"https:\\\/\\\/fdd-ihedn.fr\\\/#\\\/schema\\\/logo\\\/image\\\/\"},\"sameAs\":[\"https:\\\/\\\/x.com\\\/Chaire_Ecodef\",\"https:\\\/\\\/www.linkedin.com\\\/company\\\/chaire-ecodef-ihedn\\\/\"]},{\"@type\":\"Person\",\"@id\":\"https:\\\/\\\/fdd-ihedn.fr\\\/#\\\/schema\\\/person\\\/9fdc5a3e2e544ff0f51c5e0732af0c12\",\"name\":\"dev\",\"image\":{\"@type\":\"ImageObject\",\"inLanguage\":\"en-GB\",\"@id\":\"https:\\\/\\\/secure.gravatar.com\\\/avatar\\\/f1ffcac9ca2fa95ad3ec33e9be3ade82f752acb0cabe541e56c5889225afa88a?s=96&d=mm&r=g\",\"url\":\"https:\\\/\\\/secure.gravatar.com\\\/avatar\\\/f1ffcac9ca2fa95ad3ec33e9be3ade82f752acb0cabe541e56c5889225afa88a?s=96&d=mm&r=g\",\"contentUrl\":\"https:\\\/\\\/secure.gravatar.com\\\/avatar\\\/f1ffcac9ca2fa95ad3ec33e9be3ade82f752acb0cabe541e56c5889225afa88a?s=96&d=mm&r=g\",\"caption\":\"dev\"},\"url\":\"https:\\\/\\\/fdd-ihedn.fr\\\/en\\\/author\\\/dev\\\/\"}]}<\/script>\n<!-- \/ Yoast SEO plugin. -->","yoast_head_json":{"title":"Rencontres IHEDN, le 26 mai 2018 \u00e0 l\u2019\u00c9cole militaire - Fonds de dotation de l&#039;IHEDN","robots":{"index":"index","follow":"follow","max-snippet":"max-snippet:-1","max-image-preview":"max-image-preview:large","max-video-preview":"max-video-preview:-1"},"canonical":"https:\/\/fdd-ihedn.fr\/en\/rencontres-ihedn-26-mai-2018-a-lecole-militaire\/","og_locale":"en_GB","og_type":"article","og_title":"Rencontres IHEDN, le 26 mai 2018 \u00e0 l\u2019\u00c9cole militaire - Fonds de dotation de l&#039;IHEDN","og_description":"Les \u00ab Rencontres IHEDN \u00bb La d\u00e9fense comme vous ne l&rsquo;avez jamais abord\u00e9e 26 mai 2018 10h &#8211; 17h \u00c9cole militaire 21 place Joffre &#8211; 75007 Paris \u25ba inscrivez-vous &nbsp; La d\u00e9fense est un enjeu trop vital pour \u00eatre le domaine r\u00e9serv\u00e9 d\u2019experts et de professionnels. La d\u00e9fense engage la survie de la Nation. Ses [&hellip;]","og_url":"https:\/\/fdd-ihedn.fr\/en\/rencontres-ihedn-26-mai-2018-a-lecole-militaire\/","og_site_name":"Fonds de dotation de l&#039;IHEDN","article_published_time":"2018-04-25T13:08:38+00:00","article_modified_time":"2022-02-04T13:17:23+00:00","og_image":[{"width":905,"height":1280,"url":"https:\/\/fdd-ihedn.fr\/wp-content\/uploads\/2021\/04\/AFFICHE_RENCONTRES_IHEDN_2018-905x1280-1.jpg","type":"image\/jpeg"}],"author":"dev","twitter_card":"summary_large_image","twitter_creator":"@Chaire_Ecodef","twitter_site":"@Chaire_Ecodef","twitter_misc":{"Written by":"dev","Estimated reading time":"2 minutes"},"schema":{"@context":"https:\/\/schema.org","@graph":[{"@type":"Article","@id":"https:\/\/fdd-ihedn.fr\/rencontres-ihedn-26-mai-2018-a-lecole-militaire\/#article","isPartOf":{"@id":"https:\/\/fdd-ihedn.fr\/rencontres-ihedn-26-mai-2018-a-lecole-militaire\/"},"author":{"name":"dev","@id":"https:\/\/fdd-ihedn.fr\/#\/schema\/person\/9fdc5a3e2e544ff0f51c5e0732af0c12"},"headline":"Rencontres IHEDN, le 26 mai 2018 \u00e0 l\u2019\u00c9cole militaire","datePublished":"2018-04-25T13:08:38+00:00","dateModified":"2022-02-04T13:17:23+00:00","mainEntityOfPage":{"@id":"https:\/\/fdd-ihedn.fr\/rencontres-ihedn-26-mai-2018-a-lecole-militaire\/"},"wordCount":408,"commentCount":0,"publisher":{"@id":"https:\/\/fdd-ihedn.fr\/#organization"},"image":{"@id":"https:\/\/fdd-ihedn.fr\/rencontres-ihedn-26-mai-2018-a-lecole-militaire\/#primaryimage"},"thumbnailUrl":"https:\/\/fdd-ihedn.fr\/wp-content\/uploads\/2021\/04\/AFFICHE_RENCONTRES_IHEDN_2018-905x1280-1.jpg","articleSection":["IHEDN"],"inLanguage":"en-GB","potentialAction":[{"@type":"CommentAction","name":"Comment","target":["https:\/\/fdd-ihedn.fr\/rencontres-ihedn-26-mai-2018-a-lecole-militaire\/#respond"]}]},{"@type":"WebPage","@id":"https:\/\/fdd-ihedn.fr\/rencontres-ihedn-26-mai-2018-a-lecole-militaire\/","url":"https:\/\/fdd-ihedn.fr\/rencontres-ihedn-26-mai-2018-a-lecole-militaire\/","name":"Rencontres IHEDN, le 26 mai 2018 \u00e0 l\u2019\u00c9cole militaire - Fonds de dotation de l&#039;IHEDN","isPartOf":{"@id":"https:\/\/fdd-ihedn.fr\/#website"},"primaryImageOfPage":{"@id":"https:\/\/fdd-ihedn.fr\/rencontres-ihedn-26-mai-2018-a-lecole-militaire\/#primaryimage"},"image":{"@id":"https:\/\/fdd-ihedn.fr\/rencontres-ihedn-26-mai-2018-a-lecole-militaire\/#primaryimage"},"thumbnailUrl":"https:\/\/fdd-ihedn.fr\/wp-content\/uploads\/2021\/04\/AFFICHE_RENCONTRES_IHEDN_2018-905x1280-1.jpg","datePublished":"2018-04-25T13:08:38+00:00","dateModified":"2022-02-04T13:17:23+00:00","breadcrumb":{"@id":"https:\/\/fdd-ihedn.fr\/rencontres-ihedn-26-mai-2018-a-lecole-militaire\/#breadcrumb"},"inLanguage":"en-GB","potentialAction":[{"@type":"ReadAction","target":["https:\/\/fdd-ihedn.fr\/rencontres-ihedn-26-mai-2018-a-lecole-militaire\/"]}]},{"@type":"ImageObject","inLanguage":"en-GB","@id":"https:\/\/fdd-ihedn.fr\/rencontres-ihedn-26-mai-2018-a-lecole-militaire\/#primaryimage","url":"https:\/\/fdd-ihedn.fr\/wp-content\/uploads\/2021\/04\/AFFICHE_RENCONTRES_IHEDN_2018-905x1280-1.jpg","contentUrl":"https:\/\/fdd-ihedn.fr\/wp-content\/uploads\/2021\/04\/AFFICHE_RENCONTRES_IHEDN_2018-905x1280-1.jpg","width":905,"height":1280},{"@type":"BreadcrumbList","@id":"https:\/\/fdd-ihedn.fr\/rencontres-ihedn-26-mai-2018-a-lecole-militaire\/#breadcrumb","itemListElement":[{"@type":"ListItem","position":1,"name":"Accueil","item":"https:\/\/fdd-ihedn.fr\/"},{"@type":"ListItem","position":2,"name":"Rencontres IHEDN, le 26 mai 2018 \u00e0 l\u2019\u00c9cole militaire"}]},{"@type":"WebSite","@id":"https:\/\/fdd-ihedn.fr\/#website","url":"https:\/\/fdd-ihedn.fr\/","name":"IHEDN Endowment Fund","description":"Innovative projects developed for IHEDN thanks to sponsorship","publisher":{"@id":"https:\/\/fdd-ihedn.fr\/#organization"},"potentialAction":[{"@type":"SearchAction","target":{"@type":"EntryPoint","urlTemplate":"https:\/\/fdd-ihedn.fr\/?s={search_term_string}"},"query-input":{"@type":"PropertyValueSpecification","valueRequired":true,"valueName":"search_term_string"}}],"inLanguage":"en-GB"},{"@type":"Organization","@id":"https:\/\/fdd-ihedn.fr\/#organization","name":"Chair in Defence Economics - IHEDN","url":"https:\/\/fdd-ihedn.fr\/","logo":{"@type":"ImageObject","inLanguage":"en-GB","@id":"https:\/\/fdd-ihedn.fr\/#\/schema\/logo\/image\/","url":"https:\/\/fdd-ihedn.fr\/wp-content\/uploads\/2020\/04\/logoEcodef9.jpg","contentUrl":"https:\/\/fdd-ihedn.fr\/wp-content\/uploads\/2020\/04\/logoEcodef9.jpg","width":410,"height":212,"caption":"Chaire \u00c9conomie de d\u00e9fense - IHEDN"},"image":{"@id":"https:\/\/fdd-ihedn.fr\/#\/schema\/logo\/image\/"},"sameAs":["https:\/\/x.com\/Chaire_Ecodef","https:\/\/www.linkedin.com\/company\/chaire-ecodef-ihedn\/"]},{"@type":"Person","@id":"https:\/\/fdd-ihedn.fr\/#\/schema\/person\/9fdc5a3e2e544ff0f51c5e0732af0c12","name":"dev","image":{"@type":"ImageObject","inLanguage":"en-GB","@id":"https:\/\/secure.gravatar.com\/avatar\/f1ffcac9ca2fa95ad3ec33e9be3ade82f752acb0cabe541e56c5889225afa88a?s=96&d=mm&r=g","url":"https:\/\/secure.gravatar.com\/avatar\/f1ffcac9ca2fa95ad3ec33e9be3ade82f752acb0cabe541e56c5889225afa88a?s=96&d=mm&r=g","contentUrl":"https:\/\/secure.gravatar.com\/avatar\/f1ffcac9ca2fa95ad3ec33e9be3ade82f752acb0cabe541e56c5889225afa88a?s=96&d=mm&r=g","caption":"dev"},"url":"https:\/\/fdd-ihedn.fr\/en\/author\/dev\/"}]}},"_links":{"self":[{"href":"https:\/\/fdd-ihedn.fr\/en\/wp-json\/wp\/v2\/posts\/4137","targetHints":{"allow":["GET"]}}],"collection":[{"href":"https:\/\/fdd-ihedn.fr\/en\/wp-json\/wp\/v2\/posts"}],"about":[{"href":"https:\/\/fdd-ihedn.fr\/en\/wp-json\/wp\/v2\/types\/post"}],"author":[{"embeddable":true,"href":"https:\/\/fdd-ihedn.fr\/en\/wp-json\/wp\/v2\/users\/1"}],"replies":[{"embeddable":true,"href":"https:\/\/fdd-ihedn.fr\/en\/wp-json\/wp\/v2\/comments?post=4137"}],"version-history":[{"count":3,"href":"https:\/\/fdd-ihedn.fr\/en\/wp-json\/wp\/v2\/posts\/4137\/revisions"}],"predecessor-version":[{"id":4350,"href":"https:\/\/fdd-ihedn.fr\/en\/wp-json\/wp\/v2\/posts\/4137\/revisions\/4350"}],"wp:featuredmedia":[{"embeddable":true,"href":"https:\/\/fdd-ihedn.fr\/en\/wp-json\/wp\/v2\/media\/3525"}],"wp:attachment":[{"href":"https:\/\/fdd-ihedn.fr\/en\/wp-json\/wp\/v2\/media?parent=4137"}],"wp:term":[{"taxonomy":"category","embeddable":true,"href":"https:\/\/fdd-ihedn.fr\/en\/wp-json\/wp\/v2\/categories?post=4137"},{"taxonomy":"post_tag","embeddable":true,"href":"https:\/\/fdd-ihedn.fr\/en\/wp-json\/wp\/v2\/tags?post=4137"}],"curies":[{"name":"wp","href":"https:\/\/api.w.org\/{rel}","templated":true}]}}