{"id":4134,"date":"2017-11-20T09:28:13","date_gmt":"2017-11-20T08:28:13","guid":{"rendered":"https:\/\/fdd.concilium.click\/journee-cohesion-nationale-et-citoyennete-chateauroux-le-16-novembre-017\/"},"modified":"2022-02-04T14:17:39","modified_gmt":"2022-02-04T13:17:39","slug":"journee-cohesion-nationale-et-citoyennete-chateauroux-le-16-novembre-017","status":"publish","type":"post","link":"https:\/\/fdd-ihedn.fr\/en\/journee-cohesion-nationale-et-citoyennete-chateauroux-le-16-novembre-017\/","title":{"rendered":"National Cohesion and Citizenship Day - Ch\u00e2teauroux, 16 November 2017"},"content":{"rendered":"<p>Sponsored by Renault Trucks Defense, Sofema and Spema, a \u00abNational Cohesion and Citizenship\u00bb day was organised on 16 November in Ch\u00e2teauroux, in partnership with the regional association IHEDN - Centre (AR7) and with the support of Ch\u00e2teauroux M\u00e9tropole, the department, the prefecture and the Indre CCI.<\/p>\n<p>On the theme of \u00abThe Nation, a landmark for young people\u00bb, the event brought together around 80 people (association executives, teachers and school heads, city and local authority policy executives, local councillors, military personnel, etc.) around Gil Av\u00e9rous, President of Ch\u00e2teauroux M\u00e9tropole and Mayor of Ch\u00e2teauroux, Serge Descout, President of the Indre d\u00e9partement, and Lieutenant General Bernard de Courr\u00e8ges d'Ustou, Director of the IHEDN.<\/p>\n<p>The morning included two lectures and debates:<\/p>\n<p style=\"padding-left: 30px;\">- What is national cohesion? What is citizenship?\u00ab, by Admiral Fran\u00e7ois Dupont, Former Director of the IHEDN, who was behind the creation of the National Cohesion and Citizenship seminars in 2006, and R\u00e9da Didi, Founder and General Delegate of the Graines de France think tank; ;<\/p>\n<p><img loading=\"lazy\" decoding=\"async\" class=\"aligncenter size-large wp-image-1349\" src=\"https:\/\/fdd-ihedn.fr\/wp-content\/uploads\/2021\/04\/DSC_0078-2-scaled.jpg\" alt=\"\" width=\"606\" height=\"342\" \/><\/p>\n<p style=\"padding-left: 30px;\">- Presentation of schemes dedicated to young people, by Patricia Danguy, Deputy Director of Social Cohesion at the DDCSPP36, Muriel Grosellier, Head of the Education Department at Epide in Bourges, and David Kwasniewski, Head of the National Service Centre (CSN) in Orl\u00e9ans.<\/p>\n<p><img loading=\"lazy\" decoding=\"async\" class=\"aligncenter size-large wp-image-1353\" src=\"https:\/\/fdd-ihedn.fr\/wp-content\/uploads\/2021\/04\/P_20171116_120948_vHDR_Auto-2-scaled.jpg\" alt=\"\" width=\"606\" height=\"343\" \/><\/p>\n<p>The afternoon was devoted to a visit to the 12<sup>e<\/sup> Equipment Support Base (12th BSMAT) at Neuvy-Pailloux, where the closing ceremony took place. The speech by Seymour Morsy, Prefect of the Indre department, was followed by the presentation of JDC diplomas to around twenty young people who had just completed their citizenship course.<\/p>","protected":false},"excerpt":{"rendered":"<p>Port\u00e9e par le m\u00e9c\u00e9nat de Renault Trucks Defense, Sofema et Spema, une journ\u00e9e \u00ab Coh\u00e9sion nationale et citoyennet\u00e9 \u00bb a \u00e9t\u00e9 organis\u00e9e le 16 novembre \u00e0 Ch\u00e2teauroux en partenariat avec l\u2019association r\u00e9gionale IHEDN \u2013 Centre (AR7) et avec le soutien de Ch\u00e2teauroux m\u00e9tropole, ainsi que du d\u00e9partement, de la pr\u00e9fecture et de la CCI de [&hellip;]<\/p>\n","protected":false},"author":1,"featured_media":3519,"comment_status":"open","ping_status":"open","sticky":false,"template":"","format":"standard","meta":{"footnotes":""},"categories":[34,450],"tags":[],"class_list":{"0":"post-4134","1":"post","2":"type-post","3":"status-publish","4":"format-standard","5":"has-post-thumbnail","7":"category-activites","8":"category-cnc"},"yoast_head":"<!-- This site is optimized with the Yoast SEO plugin v27.4 - https:\/\/yoast.com\/product\/yoast-seo-wordpress\/ -->\n<title>Journ\u00e9e \u00ab\u00a0Coh\u00e9sion nationale et citoyennet\u00e9\u00a0\u00bb - Ch\u00e2teauroux le 16 novembre 2017 - Fonds de dotation de l&#039;IHEDN<\/title>\n<meta name=\"robots\" content=\"index, follow, max-snippet:-1, max-image-preview:large, max-video-preview:-1\" \/>\n<link rel=\"canonical\" href=\"https:\/\/fdd-ihedn.fr\/en\/journee-cohesion-nationale-et-citoyennete-chateauroux-le-16-novembre-017\/\" \/>\n<meta property=\"og:locale\" content=\"en_GB\" \/>\n<meta property=\"og:type\" content=\"article\" \/>\n<meta property=\"og:title\" content=\"Journ\u00e9e \u00ab\u00a0Coh\u00e9sion nationale et citoyennet\u00e9\u00a0\u00bb - Ch\u00e2teauroux le 16 novembre 2017 - Fonds de dotation de l&#039;IHEDN\" \/>\n<meta property=\"og:description\" content=\"Port\u00e9e par le m\u00e9c\u00e9nat de Renault Trucks Defense, Sofema et Spema, une journ\u00e9e \u00ab Coh\u00e9sion nationale et citoyennet\u00e9 \u00bb a \u00e9t\u00e9 organis\u00e9e le 16 novembre \u00e0 Ch\u00e2teauroux en partenariat avec l\u2019association r\u00e9gionale IHEDN \u2013 Centre (AR7) et avec le soutien de Ch\u00e2teauroux m\u00e9tropole, ainsi que du d\u00e9partement, de la pr\u00e9fecture et de la CCI de [&hellip;]\" \/>\n<meta property=\"og:url\" content=\"https:\/\/fdd-ihedn.fr\/en\/journee-cohesion-nationale-et-citoyennete-chateauroux-le-16-novembre-017\/\" \/>\n<meta property=\"og:site_name\" content=\"Fonds de dotation de l&#039;IHEDN\" \/>\n<meta property=\"article:published_time\" content=\"2017-11-20T08:28:13+00:00\" \/>\n<meta property=\"article:modified_time\" content=\"2022-02-04T13:17:39+00:00\" \/>\n<meta property=\"og:image\" content=\"https:\/\/fdd-ihedn.fr\/wp-content\/uploads\/2021\/04\/DSC_0078-2-scaled.jpg\" \/>\n\t<meta property=\"og:image:width\" content=\"2560\" \/>\n\t<meta property=\"og:image:height\" content=\"1446\" \/>\n\t<meta property=\"og:image:type\" content=\"image\/jpeg\" \/>\n<meta name=\"author\" content=\"dev\" \/>\n<meta name=\"twitter:card\" content=\"summary_large_image\" \/>\n<meta name=\"twitter:creator\" content=\"@Chaire_Ecodef\" \/>\n<meta name=\"twitter:site\" content=\"@Chaire_Ecodef\" \/>\n<meta name=\"twitter:label1\" content=\"Written by\" \/>\n\t<meta name=\"twitter:data1\" content=\"dev\" \/>\n\t<meta name=\"twitter:label2\" content=\"Estimated reading time\" \/>\n\t<meta name=\"twitter:data2\" content=\"2 minutes\" \/>\n<script type=\"application\/ld+json\" class=\"yoast-schema-graph\">{\"@context\":\"https:\\\/\\\/schema.org\",\"@graph\":[{\"@type\":\"Article\",\"@id\":\"https:\\\/\\\/fdd-ihedn.fr\\\/journee-cohesion-nationale-et-citoyennete-chateauroux-le-16-novembre-017\\\/#article\",\"isPartOf\":{\"@id\":\"https:\\\/\\\/fdd-ihedn.fr\\\/journee-cohesion-nationale-et-citoyennete-chateauroux-le-16-novembre-017\\\/\"},\"author\":{\"name\":\"dev\",\"@id\":\"https:\\\/\\\/fdd-ihedn.fr\\\/#\\\/schema\\\/person\\\/9fdc5a3e2e544ff0f51c5e0732af0c12\"},\"headline\":\"Journ\u00e9e \u00ab\u00a0Coh\u00e9sion nationale et citoyennet\u00e9\u00a0\u00bb &#8211; Ch\u00e2teauroux le 16 novembre 2017\",\"datePublished\":\"2017-11-20T08:28:13+00:00\",\"dateModified\":\"2022-02-04T13:17:39+00:00\",\"mainEntityOfPage\":{\"@id\":\"https:\\\/\\\/fdd-ihedn.fr\\\/journee-cohesion-nationale-et-citoyennete-chateauroux-le-16-novembre-017\\\/\"},\"wordCount\":340,\"commentCount\":0,\"publisher\":{\"@id\":\"https:\\\/\\\/fdd-ihedn.fr\\\/#organization\"},\"image\":{\"@id\":\"https:\\\/\\\/fdd-ihedn.fr\\\/journee-cohesion-nationale-et-citoyennete-chateauroux-le-16-novembre-017\\\/#primaryimage\"},\"thumbnailUrl\":\"https:\\\/\\\/fdd-ihedn.fr\\\/wp-content\\\/uploads\\\/2021\\\/04\\\/DSC_0078-2-scaled.jpg\",\"articleSection\":[\"Activit\u00e9s\",\"CNC\"],\"inLanguage\":\"en-GB\",\"potentialAction\":[{\"@type\":\"CommentAction\",\"name\":\"Comment\",\"target\":[\"https:\\\/\\\/fdd-ihedn.fr\\\/journee-cohesion-nationale-et-citoyennete-chateauroux-le-16-novembre-017\\\/#respond\"]}]},{\"@type\":\"WebPage\",\"@id\":\"https:\\\/\\\/fdd-ihedn.fr\\\/journee-cohesion-nationale-et-citoyennete-chateauroux-le-16-novembre-017\\\/\",\"url\":\"https:\\\/\\\/fdd-ihedn.fr\\\/journee-cohesion-nationale-et-citoyennete-chateauroux-le-16-novembre-017\\\/\",\"name\":\"Journ\u00e9e \u00ab\u00a0Coh\u00e9sion nationale et citoyennet\u00e9\u00a0\u00bb - Ch\u00e2teauroux le 16 novembre 2017 - Fonds de dotation de l&#039;IHEDN\",\"isPartOf\":{\"@id\":\"https:\\\/\\\/fdd-ihedn.fr\\\/#website\"},\"primaryImageOfPage\":{\"@id\":\"https:\\\/\\\/fdd-ihedn.fr\\\/journee-cohesion-nationale-et-citoyennete-chateauroux-le-16-novembre-017\\\/#primaryimage\"},\"image\":{\"@id\":\"https:\\\/\\\/fdd-ihedn.fr\\\/journee-cohesion-nationale-et-citoyennete-chateauroux-le-16-novembre-017\\\/#primaryimage\"},\"thumbnailUrl\":\"https:\\\/\\\/fdd-ihedn.fr\\\/wp-content\\\/uploads\\\/2021\\\/04\\\/DSC_0078-2-scaled.jpg\",\"datePublished\":\"2017-11-20T08:28:13+00:00\",\"dateModified\":\"2022-02-04T13:17:39+00:00\",\"breadcrumb\":{\"@id\":\"https:\\\/\\\/fdd-ihedn.fr\\\/journee-cohesion-nationale-et-citoyennete-chateauroux-le-16-novembre-017\\\/#breadcrumb\"},\"inLanguage\":\"en-GB\",\"potentialAction\":[{\"@type\":\"ReadAction\",\"target\":[\"https:\\\/\\\/fdd-ihedn.fr\\\/journee-cohesion-nationale-et-citoyennete-chateauroux-le-16-novembre-017\\\/\"]}]},{\"@type\":\"ImageObject\",\"inLanguage\":\"en-GB\",\"@id\":\"https:\\\/\\\/fdd-ihedn.fr\\\/journee-cohesion-nationale-et-citoyennete-chateauroux-le-16-novembre-017\\\/#primaryimage\",\"url\":\"https:\\\/\\\/fdd-ihedn.fr\\\/wp-content\\\/uploads\\\/2021\\\/04\\\/DSC_0078-2-scaled.jpg\",\"contentUrl\":\"https:\\\/\\\/fdd-ihedn.fr\\\/wp-content\\\/uploads\\\/2021\\\/04\\\/DSC_0078-2-scaled.jpg\",\"width\":2560,\"height\":1446},{\"@type\":\"BreadcrumbList\",\"@id\":\"https:\\\/\\\/fdd-ihedn.fr\\\/journee-cohesion-nationale-et-citoyennete-chateauroux-le-16-novembre-017\\\/#breadcrumb\",\"itemListElement\":[{\"@type\":\"ListItem\",\"position\":1,\"name\":\"Accueil\",\"item\":\"https:\\\/\\\/fdd-ihedn.fr\\\/\"},{\"@type\":\"ListItem\",\"position\":2,\"name\":\"Journ\u00e9e \u00ab\u00a0Coh\u00e9sion nationale et citoyennet\u00e9\u00a0\u00bb &#8211; Ch\u00e2teauroux le 16 novembre 2017\"}]},{\"@type\":\"WebSite\",\"@id\":\"https:\\\/\\\/fdd-ihedn.fr\\\/#website\",\"url\":\"https:\\\/\\\/fdd-ihedn.fr\\\/\",\"name\":\"Fonds de dotation de l&#039;IHEDN\",\"description\":\"Des projets innovants d\u00e9velopp\u00e9s pour l&#039;IHEDN gr\u00e2ce au m\u00e9c\u00e9nat\",\"publisher\":{\"@id\":\"https:\\\/\\\/fdd-ihedn.fr\\\/#organization\"},\"potentialAction\":[{\"@type\":\"SearchAction\",\"target\":{\"@type\":\"EntryPoint\",\"urlTemplate\":\"https:\\\/\\\/fdd-ihedn.fr\\\/?s={search_term_string}\"},\"query-input\":{\"@type\":\"PropertyValueSpecification\",\"valueRequired\":true,\"valueName\":\"search_term_string\"}}],\"inLanguage\":\"en-GB\"},{\"@type\":\"Organization\",\"@id\":\"https:\\\/\\\/fdd-ihedn.fr\\\/#organization\",\"name\":\"Chaire \u00c9conomie de d\u00e9fense - IHEDN\",\"url\":\"https:\\\/\\\/fdd-ihedn.fr\\\/\",\"logo\":{\"@type\":\"ImageObject\",\"inLanguage\":\"en-GB\",\"@id\":\"https:\\\/\\\/fdd-ihedn.fr\\\/#\\\/schema\\\/logo\\\/image\\\/\",\"url\":\"https:\\\/\\\/fdd-ihedn.fr\\\/wp-content\\\/uploads\\\/2020\\\/04\\\/logoEcodef9.jpg\",\"contentUrl\":\"https:\\\/\\\/fdd-ihedn.fr\\\/wp-content\\\/uploads\\\/2020\\\/04\\\/logoEcodef9.jpg\",\"width\":410,\"height\":212,\"caption\":\"Chaire \u00c9conomie de d\u00e9fense - IHEDN\"},\"image\":{\"@id\":\"https:\\\/\\\/fdd-ihedn.fr\\\/#\\\/schema\\\/logo\\\/image\\\/\"},\"sameAs\":[\"https:\\\/\\\/x.com\\\/Chaire_Ecodef\",\"https:\\\/\\\/www.linkedin.com\\\/company\\\/chaire-ecodef-ihedn\\\/\"]},{\"@type\":\"Person\",\"@id\":\"https:\\\/\\\/fdd-ihedn.fr\\\/#\\\/schema\\\/person\\\/9fdc5a3e2e544ff0f51c5e0732af0c12\",\"name\":\"dev\",\"image\":{\"@type\":\"ImageObject\",\"inLanguage\":\"en-GB\",\"@id\":\"https:\\\/\\\/secure.gravatar.com\\\/avatar\\\/f1ffcac9ca2fa95ad3ec33e9be3ade82f752acb0cabe541e56c5889225afa88a?s=96&d=mm&r=g\",\"url\":\"https:\\\/\\\/secure.gravatar.com\\\/avatar\\\/f1ffcac9ca2fa95ad3ec33e9be3ade82f752acb0cabe541e56c5889225afa88a?s=96&d=mm&r=g\",\"contentUrl\":\"https:\\\/\\\/secure.gravatar.com\\\/avatar\\\/f1ffcac9ca2fa95ad3ec33e9be3ade82f752acb0cabe541e56c5889225afa88a?s=96&d=mm&r=g\",\"caption\":\"dev\"},\"url\":\"https:\\\/\\\/fdd-ihedn.fr\\\/en\\\/author\\\/dev\\\/\"}]}<\/script>\n<!-- \/ Yoast SEO plugin. -->","yoast_head_json":{"title":"Journ\u00e9e \u00ab\u00a0Coh\u00e9sion nationale et citoyennet\u00e9\u00a0\u00bb - Ch\u00e2teauroux le 16 novembre 2017 - Fonds de dotation de l&#039;IHEDN","robots":{"index":"index","follow":"follow","max-snippet":"max-snippet:-1","max-image-preview":"max-image-preview:large","max-video-preview":"max-video-preview:-1"},"canonical":"https:\/\/fdd-ihedn.fr\/en\/journee-cohesion-nationale-et-citoyennete-chateauroux-le-16-novembre-017\/","og_locale":"en_GB","og_type":"article","og_title":"Journ\u00e9e \u00ab\u00a0Coh\u00e9sion nationale et citoyennet\u00e9\u00a0\u00bb - Ch\u00e2teauroux le 16 novembre 2017 - Fonds de dotation de l&#039;IHEDN","og_description":"Port\u00e9e par le m\u00e9c\u00e9nat de Renault Trucks Defense, Sofema et Spema, une journ\u00e9e \u00ab Coh\u00e9sion nationale et citoyennet\u00e9 \u00bb a \u00e9t\u00e9 organis\u00e9e le 16 novembre \u00e0 Ch\u00e2teauroux en partenariat avec l\u2019association r\u00e9gionale IHEDN \u2013 Centre (AR7) et avec le soutien de Ch\u00e2teauroux m\u00e9tropole, ainsi que du d\u00e9partement, de la pr\u00e9fecture et de la CCI de [&hellip;]","og_url":"https:\/\/fdd-ihedn.fr\/en\/journee-cohesion-nationale-et-citoyennete-chateauroux-le-16-novembre-017\/","og_site_name":"Fonds de dotation de l&#039;IHEDN","article_published_time":"2017-11-20T08:28:13+00:00","article_modified_time":"2022-02-04T13:17:39+00:00","og_image":[{"width":2560,"height":1446,"url":"https:\/\/fdd-ihedn.fr\/wp-content\/uploads\/2021\/04\/DSC_0078-2-scaled.jpg","type":"image\/jpeg"}],"author":"dev","twitter_card":"summary_large_image","twitter_creator":"@Chaire_Ecodef","twitter_site":"@Chaire_Ecodef","twitter_misc":{"Written by":"dev","Estimated reading time":"2 minutes"},"schema":{"@context":"https:\/\/schema.org","@graph":[{"@type":"Article","@id":"https:\/\/fdd-ihedn.fr\/journee-cohesion-nationale-et-citoyennete-chateauroux-le-16-novembre-017\/#article","isPartOf":{"@id":"https:\/\/fdd-ihedn.fr\/journee-cohesion-nationale-et-citoyennete-chateauroux-le-16-novembre-017\/"},"author":{"name":"dev","@id":"https:\/\/fdd-ihedn.fr\/#\/schema\/person\/9fdc5a3e2e544ff0f51c5e0732af0c12"},"headline":"Journ\u00e9e \u00ab\u00a0Coh\u00e9sion nationale et citoyennet\u00e9\u00a0\u00bb &#8211; Ch\u00e2teauroux le 16 novembre 2017","datePublished":"2017-11-20T08:28:13+00:00","dateModified":"2022-02-04T13:17:39+00:00","mainEntityOfPage":{"@id":"https:\/\/fdd-ihedn.fr\/journee-cohesion-nationale-et-citoyennete-chateauroux-le-16-novembre-017\/"},"wordCount":340,"commentCount":0,"publisher":{"@id":"https:\/\/fdd-ihedn.fr\/#organization"},"image":{"@id":"https:\/\/fdd-ihedn.fr\/journee-cohesion-nationale-et-citoyennete-chateauroux-le-16-novembre-017\/#primaryimage"},"thumbnailUrl":"https:\/\/fdd-ihedn.fr\/wp-content\/uploads\/2021\/04\/DSC_0078-2-scaled.jpg","articleSection":["Activit\u00e9s","CNC"],"inLanguage":"en-GB","potentialAction":[{"@type":"CommentAction","name":"Comment","target":["https:\/\/fdd-ihedn.fr\/journee-cohesion-nationale-et-citoyennete-chateauroux-le-16-novembre-017\/#respond"]}]},{"@type":"WebPage","@id":"https:\/\/fdd-ihedn.fr\/journee-cohesion-nationale-et-citoyennete-chateauroux-le-16-novembre-017\/","url":"https:\/\/fdd-ihedn.fr\/journee-cohesion-nationale-et-citoyennete-chateauroux-le-16-novembre-017\/","name":"Journ\u00e9e \u00ab\u00a0Coh\u00e9sion nationale et citoyennet\u00e9\u00a0\u00bb - Ch\u00e2teauroux le 16 novembre 2017 - Fonds de dotation de l&#039;IHEDN","isPartOf":{"@id":"https:\/\/fdd-ihedn.fr\/#website"},"primaryImageOfPage":{"@id":"https:\/\/fdd-ihedn.fr\/journee-cohesion-nationale-et-citoyennete-chateauroux-le-16-novembre-017\/#primaryimage"},"image":{"@id":"https:\/\/fdd-ihedn.fr\/journee-cohesion-nationale-et-citoyennete-chateauroux-le-16-novembre-017\/#primaryimage"},"thumbnailUrl":"https:\/\/fdd-ihedn.fr\/wp-content\/uploads\/2021\/04\/DSC_0078-2-scaled.jpg","datePublished":"2017-11-20T08:28:13+00:00","dateModified":"2022-02-04T13:17:39+00:00","breadcrumb":{"@id":"https:\/\/fdd-ihedn.fr\/journee-cohesion-nationale-et-citoyennete-chateauroux-le-16-novembre-017\/#breadcrumb"},"inLanguage":"en-GB","potentialAction":[{"@type":"ReadAction","target":["https:\/\/fdd-ihedn.fr\/journee-cohesion-nationale-et-citoyennete-chateauroux-le-16-novembre-017\/"]}]},{"@type":"ImageObject","inLanguage":"en-GB","@id":"https:\/\/fdd-ihedn.fr\/journee-cohesion-nationale-et-citoyennete-chateauroux-le-16-novembre-017\/#primaryimage","url":"https:\/\/fdd-ihedn.fr\/wp-content\/uploads\/2021\/04\/DSC_0078-2-scaled.jpg","contentUrl":"https:\/\/fdd-ihedn.fr\/wp-content\/uploads\/2021\/04\/DSC_0078-2-scaled.jpg","width":2560,"height":1446},{"@type":"BreadcrumbList","@id":"https:\/\/fdd-ihedn.fr\/journee-cohesion-nationale-et-citoyennete-chateauroux-le-16-novembre-017\/#breadcrumb","itemListElement":[{"@type":"ListItem","position":1,"name":"Accueil","item":"https:\/\/fdd-ihedn.fr\/"},{"@type":"ListItem","position":2,"name":"Journ\u00e9e \u00ab\u00a0Coh\u00e9sion nationale et citoyennet\u00e9\u00a0\u00bb &#8211; Ch\u00e2teauroux le 16 novembre 2017"}]},{"@type":"WebSite","@id":"https:\/\/fdd-ihedn.fr\/#website","url":"https:\/\/fdd-ihedn.fr\/","name":"IHEDN Endowment Fund","description":"Innovative projects developed for IHEDN thanks to sponsorship","publisher":{"@id":"https:\/\/fdd-ihedn.fr\/#organization"},"potentialAction":[{"@type":"SearchAction","target":{"@type":"EntryPoint","urlTemplate":"https:\/\/fdd-ihedn.fr\/?s={search_term_string}"},"query-input":{"@type":"PropertyValueSpecification","valueRequired":true,"valueName":"search_term_string"}}],"inLanguage":"en-GB"},{"@type":"Organization","@id":"https:\/\/fdd-ihedn.fr\/#organization","name":"Chair in Defence Economics - IHEDN","url":"https:\/\/fdd-ihedn.fr\/","logo":{"@type":"ImageObject","inLanguage":"en-GB","@id":"https:\/\/fdd-ihedn.fr\/#\/schema\/logo\/image\/","url":"https:\/\/fdd-ihedn.fr\/wp-content\/uploads\/2020\/04\/logoEcodef9.jpg","contentUrl":"https:\/\/fdd-ihedn.fr\/wp-content\/uploads\/2020\/04\/logoEcodef9.jpg","width":410,"height":212,"caption":"Chaire \u00c9conomie de d\u00e9fense - IHEDN"},"image":{"@id":"https:\/\/fdd-ihedn.fr\/#\/schema\/logo\/image\/"},"sameAs":["https:\/\/x.com\/Chaire_Ecodef","https:\/\/www.linkedin.com\/company\/chaire-ecodef-ihedn\/"]},{"@type":"Person","@id":"https:\/\/fdd-ihedn.fr\/#\/schema\/person\/9fdc5a3e2e544ff0f51c5e0732af0c12","name":"dev","image":{"@type":"ImageObject","inLanguage":"en-GB","@id":"https:\/\/secure.gravatar.com\/avatar\/f1ffcac9ca2fa95ad3ec33e9be3ade82f752acb0cabe541e56c5889225afa88a?s=96&d=mm&r=g","url":"https:\/\/secure.gravatar.com\/avatar\/f1ffcac9ca2fa95ad3ec33e9be3ade82f752acb0cabe541e56c5889225afa88a?s=96&d=mm&r=g","contentUrl":"https:\/\/secure.gravatar.com\/avatar\/f1ffcac9ca2fa95ad3ec33e9be3ade82f752acb0cabe541e56c5889225afa88a?s=96&d=mm&r=g","caption":"dev"},"url":"https:\/\/fdd-ihedn.fr\/en\/author\/dev\/"}]}},"_links":{"self":[{"href":"https:\/\/fdd-ihedn.fr\/en\/wp-json\/wp\/v2\/posts\/4134","targetHints":{"allow":["GET"]}}],"collection":[{"href":"https:\/\/fdd-ihedn.fr\/en\/wp-json\/wp\/v2\/posts"}],"about":[{"href":"https:\/\/fdd-ihedn.fr\/en\/wp-json\/wp\/v2\/types\/post"}],"author":[{"embeddable":true,"href":"https:\/\/fdd-ihedn.fr\/en\/wp-json\/wp\/v2\/users\/1"}],"replies":[{"embeddable":true,"href":"https:\/\/fdd-ihedn.fr\/en\/wp-json\/wp\/v2\/comments?post=4134"}],"version-history":[{"count":2,"href":"https:\/\/fdd-ihedn.fr\/en\/wp-json\/wp\/v2\/posts\/4134\/revisions"}],"predecessor-version":[{"id":4315,"href":"https:\/\/fdd-ihedn.fr\/en\/wp-json\/wp\/v2\/posts\/4134\/revisions\/4315"}],"wp:featuredmedia":[{"embeddable":true,"href":"https:\/\/fdd-ihedn.fr\/en\/wp-json\/wp\/v2\/media\/3519"}],"wp:attachment":[{"href":"https:\/\/fdd-ihedn.fr\/en\/wp-json\/wp\/v2\/media?parent=4134"}],"wp:term":[{"taxonomy":"category","embeddable":true,"href":"https:\/\/fdd-ihedn.fr\/en\/wp-json\/wp\/v2\/categories?post=4134"},{"taxonomy":"post_tag","embeddable":true,"href":"https:\/\/fdd-ihedn.fr\/en\/wp-json\/wp\/v2\/tags?post=4134"}],"curies":[{"name":"wp","href":"https:\/\/api.w.org\/{rel}","templated":true}]}}