{"id":4133,"date":"2017-11-15T10:08:18","date_gmt":"2017-11-15T09:08:18","guid":{"rendered":"https:\/\/fdd.concilium.click\/ihedn-journee-cohesion-nationale-et-citoyennete-le-5-decembre-au-havre\/"},"modified":"2026-03-10T19:27:27","modified_gmt":"2026-03-10T18:27:27","slug":"ihedn-journee-cohesion-nationale-et-citoyennete-le-5-decembre-au-havre","status":"publish","type":"post","link":"https:\/\/fdd-ihedn.fr\/en\/ihedn-journee-cohesion-nationale-et-citoyennete-le-5-decembre-au-havre\/","title":{"rendered":"IHEDN - \u00abNational cohesion and citizenship\u00bb day - Le Havre, 5 December 2017"},"content":{"rendered":"<p><img loading=\"lazy\" decoding=\"async\" class=\"size-full wp-image-1303 aligncenter\" src=\"https:\/\/fdd-ihedn.fr\/wp-content\/uploads\/2021\/04\/logos-communaute-IHEDN.png\" alt=\"\" width=\"279\" height=\"121\" \/><\/p>\n<h3 style=\"text-align: center;\"><span style=\"color: #000000;\"><em>National Cohesion and Citizenship Day\u00ab<\/em><\/span><\/h3>\n<h3 style=\"text-align: center;\"><span style=\"color: #000000;\"><strong><em>Young people's commitment<\/em><\/strong><\/span><\/h3>\n<h4 style=\"text-align: center;\"><span style=\"color: #000000;\"><em>Le Havre, Tuesday 5 December 2017<\/em><\/span><\/h4>\n<h5 style=\"text-align: center;\"><span style=\"color: #000000;\"><em>\u00c9cole Nationale Sup\u00e9rieure Maritime (ENSM)<\/em><\/span><\/h5>\n<p>&nbsp;<\/p>\n<p style=\"text-align: center;\">The Institut de hautes \u00e9tudes de d\u00e9fense nationale (IHEDN) and the Association r\u00e9gionale des auditeurs IHEDN de Normandie are pleased to invite you to the \u00abNational cohesion and citizenship\u00bb day they are organising on the theme of \u00abYouth involvement\u00bb on Tuesday 5 December 2017 at the \u00c9cole Nationale Sup\u00e9rieure Maritime (ENSM) in Le Havre.<\/p>\n<p style=\"text-align: center;\"><em><strong>Participation free of charge, registration required by e-mail to<\/strong><\/em><br \/>\n<a href=\"mailto:secretariat.direction@fdd-ihedn.fr\"><em><strong>secretariat.direction<\/strong><\/em><em><strong>@fdd-ihedn.fr<\/strong><\/em><\/a><br \/>\n<em> Please give your full name, job title, e-mail address and telephone number.<\/em><br \/>\n<em> Confirmation of registration will be sent to you at a later date.<\/em><\/p>\n<p>&nbsp;<\/p>\n<p style=\"text-align: center;\">Programme :<\/p>\n<p style=\"text-align: center;\">9am: Welcome<\/p>\n<p style=\"text-align: center;\">Introductory remarks<br \/>\n<strong>Francine VALETOUX<\/strong><br \/>\nPresident of the Normandy Regional Association of IHEDN Auditors<\/p>\n<p style=\"text-align: center;\">Opening speech<br \/>\n<strong>Jean-Christophe CARDAMONE<\/strong><br \/>\nGeneral Engineer, Deputy Director of IHEDN<br \/>\n<strong>Luc LEMONNIER<\/strong><br \/>\nMayor of Le Havre<\/p>\n<p style=\"text-align: center;\">Conference-debate and discussion with the audience<br \/>\n<strong>\u00abWhat is national cohesion? What is citizenship?\u00bb<\/strong><br \/>\n<strong> Admiral (2s) Fran\u00e7ois DUPONT<\/strong>, Former Director of IHEDN<br \/>\n<strong>R\u00e9da DIDI<\/strong>, Founder and Managing Director of the Graines de France think tank<\/p>\n<p style=\"text-align: center;\">Lunch together<\/p>\n<p style=\"text-align: center;\">Conference-debate and discussion with the audience<br \/>\n<strong>\u00abUnderstanding and encouraging young people to get involved in 2018\u00bb<\/strong><br \/>\n<strong> Fabien LAFAY<\/strong>, Head of the Success Centre at Jean Moulin Lyon 3 University<br \/>\nand Student Personal Development Officer<\/p>\n<p style=\"text-align: center;\">Break<\/p>\n<p style=\"text-align: center;\">Conference-debate and discussion with the audience<br \/>\n<strong>\u00abPreventing the risks associated with using social networks\u00bb<\/strong><br \/>\nA representative of the Directorate General for Internal Security (DGSI)<\/p>\n<p style=\"text-align: center;\">5pm: closing speech<br \/>\nPersonality to be confirmed<\/p>\n<p>&nbsp;<\/p>\n<p style=\"text-align: center;\">The Institut des hautes \u00e9tudes de d\u00e9fense nationale (IHEDN) is a public institution under the authority of the Prime Minister. For more than 80 years, its mission has been to contribute to<strong> strengthening national cohesion<\/strong> by promoting a culture of defence and national security within the nation. It is aimed at a wide audience of French and foreign civilians and military personnel (around 13,000 people a year).<\/p>\n<p style=\"text-align: center;\">In 2006, the IHEDN inaugurated an experimental seminar in the Ile-de-France region.<strong> \u00abYouth Relay\u00bb<\/strong> which was aimed at social players selected on the basis of their experience and from sensitive urban areas. It has since been perpetuated under the title of <strong>\u00abNational cohesion and citizenship\u00bb<\/strong> and the target group of trainees has broadened: local elected representatives, association executives, executives from the Ministry of Education, government departments and local authorities, magistrates, military personnel, police officers, etc., all of whom play a role in relaying information to young people. The diversity of the participants and the different points of view put into perspective are the source of a great deal of interest.\u2019<strong>rich exchanges<\/strong>.<\/p>\n<p style=\"text-align: center;\">Created in 2010, the IHEDN Endowment Fund aims, through sponsorship, to support the Institute in fulfilling its missions, in particular that of <strong>developing a spirit of defence<\/strong>. Since 2011, it has taken the theme of \u00abNational cohesion and citizenship\u00bb to the regions of Lille, Marseille, Le Havre, Nantes, Lyon, Amiens, Clermont Ferrand and Ch\u00e2teauroux.<\/p>\n<p>&nbsp;<\/p>\n<p style=\"text-align: center;\">Contacts: <a href=\"mailto:bertrand.demandre@fdd-ihedn.fr\">bertrand.demandre@fdd-ihedn.fr<\/a> or <span style=\"color: #3366ff;\"><a href=\"mailto:francine.valetoux.ihedn@orange.fr\">francine.valetoux.ihedn@orange.fr<\/a><\/span><\/p>\n<p style=\"text-align: center;\">Find out all the latest news from IHEDN on <span style=\"color: #3366ff;\"><a href=\"http:\/\/www.ihedn.fr\">www.ihedn.fr<\/a><\/span><\/p>","protected":false},"excerpt":{"rendered":"<p>Journ\u00e9e \u00ab\u00a0Coh\u00e9sion nationale et citoyennet\u00e9\u00a0\u00bb L\u2019engagement des jeunes Le Havre, mardi 5 d\u00e9cembre 2017 \u00c9cole Nationale Sup\u00e9rieure Maritime (ENSM) &nbsp; L\u2019Institut de hautes \u00e9tudes de d\u00e9fense nationale (IHEDN) et l\u2019Association r\u00e9gionale des auditeurs IHEDN de Normandie ont le plaisir de vous inviter \u00e0 la journ\u00e9e \u00ab Coh\u00e9sion nationale et citoyennet\u00e9 \u00bb qu\u2019il organisent sur le [&hellip;]<\/p>\n","protected":false},"author":1,"featured_media":3517,"comment_status":"open","ping_status":"open","sticky":false,"template":"","format":"standard","meta":{"footnotes":""},"categories":[34,450],"tags":[],"class_list":{"0":"post-4133","1":"post","2":"type-post","3":"status-publish","4":"format-standard","5":"has-post-thumbnail","7":"category-activites","8":"category-cnc"},"yoast_head":"<!-- This site is optimized with the Yoast SEO plugin v27.4 - https:\/\/yoast.com\/product\/yoast-seo-wordpress\/ -->\n<title>IHEDN - Journ\u00e9e \u00ab Coh\u00e9sion nationale et citoyennet\u00e9 \u00bb - le Havre le 5 d\u00e9cembre 2017 - Fonds de dotation de l&#039;IHEDN<\/title>\n<meta name=\"robots\" content=\"index, follow, max-snippet:-1, max-image-preview:large, max-video-preview:-1\" \/>\n<link rel=\"canonical\" href=\"https:\/\/fdd-ihedn.fr\/en\/ihedn-journee-cohesion-nationale-et-citoyennete-le-5-decembre-au-havre\/\" \/>\n<meta property=\"og:locale\" content=\"en_GB\" \/>\n<meta property=\"og:type\" content=\"article\" \/>\n<meta property=\"og:title\" content=\"IHEDN - Journ\u00e9e \u00ab Coh\u00e9sion nationale et citoyennet\u00e9 \u00bb - le Havre le 5 d\u00e9cembre 2017 - Fonds de dotation de l&#039;IHEDN\" \/>\n<meta property=\"og:description\" content=\"Journ\u00e9e \u00ab\u00a0Coh\u00e9sion nationale et citoyennet\u00e9\u00a0\u00bb L\u2019engagement des jeunes Le Havre, mardi 5 d\u00e9cembre 2017 \u00c9cole Nationale Sup\u00e9rieure Maritime (ENSM) &nbsp; L\u2019Institut de hautes \u00e9tudes de d\u00e9fense nationale (IHEDN) et l\u2019Association r\u00e9gionale des auditeurs IHEDN de Normandie ont le plaisir de vous inviter \u00e0 la journ\u00e9e \u00ab Coh\u00e9sion nationale et citoyennet\u00e9 \u00bb qu\u2019il organisent sur le [&hellip;]\" \/>\n<meta property=\"og:url\" content=\"https:\/\/fdd-ihedn.fr\/en\/ihedn-journee-cohesion-nationale-et-citoyennete-le-5-decembre-au-havre\/\" \/>\n<meta property=\"og:site_name\" content=\"Fonds de dotation de l&#039;IHEDN\" \/>\n<meta property=\"article:published_time\" content=\"2017-11-15T09:08:18+00:00\" \/>\n<meta property=\"article:modified_time\" content=\"2026-03-10T18:27:27+00:00\" \/>\n<meta property=\"og:image\" content=\"https:\/\/fdd-ihedn.fr\/wp-content\/uploads\/2021\/04\/logos-communaute-IHEDN.png\" \/>\n\t<meta property=\"og:image:width\" content=\"279\" \/>\n\t<meta property=\"og:image:height\" content=\"121\" \/>\n\t<meta property=\"og:image:type\" content=\"image\/png\" \/>\n<meta name=\"author\" content=\"dev\" \/>\n<meta name=\"twitter:card\" content=\"summary_large_image\" \/>\n<meta name=\"twitter:creator\" content=\"@Chaire_Ecodef\" \/>\n<meta name=\"twitter:site\" content=\"@Chaire_Ecodef\" \/>\n<meta name=\"twitter:label1\" content=\"Written by\" \/>\n\t<meta name=\"twitter:data1\" content=\"dev\" \/>\n\t<meta name=\"twitter:label2\" content=\"Estimated reading time\" \/>\n\t<meta name=\"twitter:data2\" content=\"3 minutes\" \/>\n<script type=\"application\/ld+json\" class=\"yoast-schema-graph\">{\"@context\":\"https:\\\/\\\/schema.org\",\"@graph\":[{\"@type\":\"Article\",\"@id\":\"https:\\\/\\\/fdd-ihedn.fr\\\/ihedn-journee-cohesion-nationale-et-citoyennete-le-5-decembre-au-havre\\\/#article\",\"isPartOf\":{\"@id\":\"https:\\\/\\\/fdd-ihedn.fr\\\/ihedn-journee-cohesion-nationale-et-citoyennete-le-5-decembre-au-havre\\\/\"},\"author\":{\"name\":\"dev\",\"@id\":\"https:\\\/\\\/fdd-ihedn.fr\\\/#\\\/schema\\\/person\\\/9fdc5a3e2e544ff0f51c5e0732af0c12\"},\"headline\":\"IHEDN &#8211; Journ\u00e9e \u00ab Coh\u00e9sion nationale et citoyennet\u00e9 \u00bb &#8211; le Havre le 5 d\u00e9cembre 2017\",\"datePublished\":\"2017-11-15T09:08:18+00:00\",\"dateModified\":\"2026-03-10T18:27:27+00:00\",\"mainEntityOfPage\":{\"@id\":\"https:\\\/\\\/fdd-ihedn.fr\\\/ihedn-journee-cohesion-nationale-et-citoyennete-le-5-decembre-au-havre\\\/\"},\"wordCount\":593,\"commentCount\":0,\"publisher\":{\"@id\":\"https:\\\/\\\/fdd-ihedn.fr\\\/#organization\"},\"image\":{\"@id\":\"https:\\\/\\\/fdd-ihedn.fr\\\/ihedn-journee-cohesion-nationale-et-citoyennete-le-5-decembre-au-havre\\\/#primaryimage\"},\"thumbnailUrl\":\"https:\\\/\\\/fdd-ihedn.fr\\\/wp-content\\\/uploads\\\/2021\\\/04\\\/logos-communaute-IHEDN.png\",\"articleSection\":[\"Activit\u00e9s\",\"CNC\"],\"inLanguage\":\"en-GB\",\"potentialAction\":[{\"@type\":\"CommentAction\",\"name\":\"Comment\",\"target\":[\"https:\\\/\\\/fdd-ihedn.fr\\\/ihedn-journee-cohesion-nationale-et-citoyennete-le-5-decembre-au-havre\\\/#respond\"]}]},{\"@type\":\"WebPage\",\"@id\":\"https:\\\/\\\/fdd-ihedn.fr\\\/ihedn-journee-cohesion-nationale-et-citoyennete-le-5-decembre-au-havre\\\/\",\"url\":\"https:\\\/\\\/fdd-ihedn.fr\\\/ihedn-journee-cohesion-nationale-et-citoyennete-le-5-decembre-au-havre\\\/\",\"name\":\"IHEDN - Journ\u00e9e \u00ab Coh\u00e9sion nationale et citoyennet\u00e9 \u00bb - le Havre le 5 d\u00e9cembre 2017 - Fonds de dotation de l&#039;IHEDN\",\"isPartOf\":{\"@id\":\"https:\\\/\\\/fdd-ihedn.fr\\\/#website\"},\"primaryImageOfPage\":{\"@id\":\"https:\\\/\\\/fdd-ihedn.fr\\\/ihedn-journee-cohesion-nationale-et-citoyennete-le-5-decembre-au-havre\\\/#primaryimage\"},\"image\":{\"@id\":\"https:\\\/\\\/fdd-ihedn.fr\\\/ihedn-journee-cohesion-nationale-et-citoyennete-le-5-decembre-au-havre\\\/#primaryimage\"},\"thumbnailUrl\":\"https:\\\/\\\/fdd-ihedn.fr\\\/wp-content\\\/uploads\\\/2021\\\/04\\\/logos-communaute-IHEDN.png\",\"datePublished\":\"2017-11-15T09:08:18+00:00\",\"dateModified\":\"2026-03-10T18:27:27+00:00\",\"breadcrumb\":{\"@id\":\"https:\\\/\\\/fdd-ihedn.fr\\\/ihedn-journee-cohesion-nationale-et-citoyennete-le-5-decembre-au-havre\\\/#breadcrumb\"},\"inLanguage\":\"en-GB\",\"potentialAction\":[{\"@type\":\"ReadAction\",\"target\":[\"https:\\\/\\\/fdd-ihedn.fr\\\/ihedn-journee-cohesion-nationale-et-citoyennete-le-5-decembre-au-havre\\\/\"]}]},{\"@type\":\"ImageObject\",\"inLanguage\":\"en-GB\",\"@id\":\"https:\\\/\\\/fdd-ihedn.fr\\\/ihedn-journee-cohesion-nationale-et-citoyennete-le-5-decembre-au-havre\\\/#primaryimage\",\"url\":\"https:\\\/\\\/fdd-ihedn.fr\\\/wp-content\\\/uploads\\\/2021\\\/04\\\/logos-communaute-IHEDN.png\",\"contentUrl\":\"https:\\\/\\\/fdd-ihedn.fr\\\/wp-content\\\/uploads\\\/2021\\\/04\\\/logos-communaute-IHEDN.png\",\"width\":279,\"height\":121},{\"@type\":\"BreadcrumbList\",\"@id\":\"https:\\\/\\\/fdd-ihedn.fr\\\/ihedn-journee-cohesion-nationale-et-citoyennete-le-5-decembre-au-havre\\\/#breadcrumb\",\"itemListElement\":[{\"@type\":\"ListItem\",\"position\":1,\"name\":\"Accueil\",\"item\":\"https:\\\/\\\/fdd-ihedn.fr\\\/\"},{\"@type\":\"ListItem\",\"position\":2,\"name\":\"IHEDN &#8211; Journ\u00e9e \u00ab Coh\u00e9sion nationale et citoyennet\u00e9 \u00bb &#8211; le Havre le 5 d\u00e9cembre 2017\"}]},{\"@type\":\"WebSite\",\"@id\":\"https:\\\/\\\/fdd-ihedn.fr\\\/#website\",\"url\":\"https:\\\/\\\/fdd-ihedn.fr\\\/\",\"name\":\"Fonds de dotation de l&#039;IHEDN\",\"description\":\"Des projets innovants d\u00e9velopp\u00e9s pour l&#039;IHEDN gr\u00e2ce au m\u00e9c\u00e9nat\",\"publisher\":{\"@id\":\"https:\\\/\\\/fdd-ihedn.fr\\\/#organization\"},\"potentialAction\":[{\"@type\":\"SearchAction\",\"target\":{\"@type\":\"EntryPoint\",\"urlTemplate\":\"https:\\\/\\\/fdd-ihedn.fr\\\/?s={search_term_string}\"},\"query-input\":{\"@type\":\"PropertyValueSpecification\",\"valueRequired\":true,\"valueName\":\"search_term_string\"}}],\"inLanguage\":\"en-GB\"},{\"@type\":\"Organization\",\"@id\":\"https:\\\/\\\/fdd-ihedn.fr\\\/#organization\",\"name\":\"Chaire \u00c9conomie de d\u00e9fense - IHEDN\",\"url\":\"https:\\\/\\\/fdd-ihedn.fr\\\/\",\"logo\":{\"@type\":\"ImageObject\",\"inLanguage\":\"en-GB\",\"@id\":\"https:\\\/\\\/fdd-ihedn.fr\\\/#\\\/schema\\\/logo\\\/image\\\/\",\"url\":\"https:\\\/\\\/fdd-ihedn.fr\\\/wp-content\\\/uploads\\\/2020\\\/04\\\/logoEcodef9.jpg\",\"contentUrl\":\"https:\\\/\\\/fdd-ihedn.fr\\\/wp-content\\\/uploads\\\/2020\\\/04\\\/logoEcodef9.jpg\",\"width\":410,\"height\":212,\"caption\":\"Chaire \u00c9conomie de d\u00e9fense - IHEDN\"},\"image\":{\"@id\":\"https:\\\/\\\/fdd-ihedn.fr\\\/#\\\/schema\\\/logo\\\/image\\\/\"},\"sameAs\":[\"https:\\\/\\\/x.com\\\/Chaire_Ecodef\",\"https:\\\/\\\/www.linkedin.com\\\/company\\\/chaire-ecodef-ihedn\\\/\"]},{\"@type\":\"Person\",\"@id\":\"https:\\\/\\\/fdd-ihedn.fr\\\/#\\\/schema\\\/person\\\/9fdc5a3e2e544ff0f51c5e0732af0c12\",\"name\":\"dev\",\"image\":{\"@type\":\"ImageObject\",\"inLanguage\":\"en-GB\",\"@id\":\"https:\\\/\\\/secure.gravatar.com\\\/avatar\\\/f1ffcac9ca2fa95ad3ec33e9be3ade82f752acb0cabe541e56c5889225afa88a?s=96&d=mm&r=g\",\"url\":\"https:\\\/\\\/secure.gravatar.com\\\/avatar\\\/f1ffcac9ca2fa95ad3ec33e9be3ade82f752acb0cabe541e56c5889225afa88a?s=96&d=mm&r=g\",\"contentUrl\":\"https:\\\/\\\/secure.gravatar.com\\\/avatar\\\/f1ffcac9ca2fa95ad3ec33e9be3ade82f752acb0cabe541e56c5889225afa88a?s=96&d=mm&r=g\",\"caption\":\"dev\"},\"url\":\"https:\\\/\\\/fdd-ihedn.fr\\\/en\\\/author\\\/dev\\\/\"}]}<\/script>\n<!-- \/ Yoast SEO plugin. -->","yoast_head_json":{"title":"IHEDN - Journ\u00e9e \u00ab Coh\u00e9sion nationale et citoyennet\u00e9 \u00bb - le Havre le 5 d\u00e9cembre 2017 - Fonds de dotation de l&#039;IHEDN","robots":{"index":"index","follow":"follow","max-snippet":"max-snippet:-1","max-image-preview":"max-image-preview:large","max-video-preview":"max-video-preview:-1"},"canonical":"https:\/\/fdd-ihedn.fr\/en\/ihedn-journee-cohesion-nationale-et-citoyennete-le-5-decembre-au-havre\/","og_locale":"en_GB","og_type":"article","og_title":"IHEDN - Journ\u00e9e \u00ab Coh\u00e9sion nationale et citoyennet\u00e9 \u00bb - le Havre le 5 d\u00e9cembre 2017 - Fonds de dotation de l&#039;IHEDN","og_description":"Journ\u00e9e \u00ab\u00a0Coh\u00e9sion nationale et citoyennet\u00e9\u00a0\u00bb L\u2019engagement des jeunes Le Havre, mardi 5 d\u00e9cembre 2017 \u00c9cole Nationale Sup\u00e9rieure Maritime (ENSM) &nbsp; L\u2019Institut de hautes \u00e9tudes de d\u00e9fense nationale (IHEDN) et l\u2019Association r\u00e9gionale des auditeurs IHEDN de Normandie ont le plaisir de vous inviter \u00e0 la journ\u00e9e \u00ab Coh\u00e9sion nationale et citoyennet\u00e9 \u00bb qu\u2019il organisent sur le [&hellip;]","og_url":"https:\/\/fdd-ihedn.fr\/en\/ihedn-journee-cohesion-nationale-et-citoyennete-le-5-decembre-au-havre\/","og_site_name":"Fonds de dotation de l&#039;IHEDN","article_published_time":"2017-11-15T09:08:18+00:00","article_modified_time":"2026-03-10T18:27:27+00:00","og_image":[{"width":279,"height":121,"url":"https:\/\/fdd-ihedn.fr\/wp-content\/uploads\/2021\/04\/logos-communaute-IHEDN.png","type":"image\/png"}],"author":"dev","twitter_card":"summary_large_image","twitter_creator":"@Chaire_Ecodef","twitter_site":"@Chaire_Ecodef","twitter_misc":{"Written by":"dev","Estimated reading time":"3 minutes"},"schema":{"@context":"https:\/\/schema.org","@graph":[{"@type":"Article","@id":"https:\/\/fdd-ihedn.fr\/ihedn-journee-cohesion-nationale-et-citoyennete-le-5-decembre-au-havre\/#article","isPartOf":{"@id":"https:\/\/fdd-ihedn.fr\/ihedn-journee-cohesion-nationale-et-citoyennete-le-5-decembre-au-havre\/"},"author":{"name":"dev","@id":"https:\/\/fdd-ihedn.fr\/#\/schema\/person\/9fdc5a3e2e544ff0f51c5e0732af0c12"},"headline":"IHEDN &#8211; Journ\u00e9e \u00ab Coh\u00e9sion nationale et citoyennet\u00e9 \u00bb &#8211; le Havre le 5 d\u00e9cembre 2017","datePublished":"2017-11-15T09:08:18+00:00","dateModified":"2026-03-10T18:27:27+00:00","mainEntityOfPage":{"@id":"https:\/\/fdd-ihedn.fr\/ihedn-journee-cohesion-nationale-et-citoyennete-le-5-decembre-au-havre\/"},"wordCount":593,"commentCount":0,"publisher":{"@id":"https:\/\/fdd-ihedn.fr\/#organization"},"image":{"@id":"https:\/\/fdd-ihedn.fr\/ihedn-journee-cohesion-nationale-et-citoyennete-le-5-decembre-au-havre\/#primaryimage"},"thumbnailUrl":"https:\/\/fdd-ihedn.fr\/wp-content\/uploads\/2021\/04\/logos-communaute-IHEDN.png","articleSection":["Activit\u00e9s","CNC"],"inLanguage":"en-GB","potentialAction":[{"@type":"CommentAction","name":"Comment","target":["https:\/\/fdd-ihedn.fr\/ihedn-journee-cohesion-nationale-et-citoyennete-le-5-decembre-au-havre\/#respond"]}]},{"@type":"WebPage","@id":"https:\/\/fdd-ihedn.fr\/ihedn-journee-cohesion-nationale-et-citoyennete-le-5-decembre-au-havre\/","url":"https:\/\/fdd-ihedn.fr\/ihedn-journee-cohesion-nationale-et-citoyennete-le-5-decembre-au-havre\/","name":"IHEDN - Journ\u00e9e \u00ab Coh\u00e9sion nationale et citoyennet\u00e9 \u00bb - le Havre le 5 d\u00e9cembre 2017 - Fonds de dotation de l&#039;IHEDN","isPartOf":{"@id":"https:\/\/fdd-ihedn.fr\/#website"},"primaryImageOfPage":{"@id":"https:\/\/fdd-ihedn.fr\/ihedn-journee-cohesion-nationale-et-citoyennete-le-5-decembre-au-havre\/#primaryimage"},"image":{"@id":"https:\/\/fdd-ihedn.fr\/ihedn-journee-cohesion-nationale-et-citoyennete-le-5-decembre-au-havre\/#primaryimage"},"thumbnailUrl":"https:\/\/fdd-ihedn.fr\/wp-content\/uploads\/2021\/04\/logos-communaute-IHEDN.png","datePublished":"2017-11-15T09:08:18+00:00","dateModified":"2026-03-10T18:27:27+00:00","breadcrumb":{"@id":"https:\/\/fdd-ihedn.fr\/ihedn-journee-cohesion-nationale-et-citoyennete-le-5-decembre-au-havre\/#breadcrumb"},"inLanguage":"en-GB","potentialAction":[{"@type":"ReadAction","target":["https:\/\/fdd-ihedn.fr\/ihedn-journee-cohesion-nationale-et-citoyennete-le-5-decembre-au-havre\/"]}]},{"@type":"ImageObject","inLanguage":"en-GB","@id":"https:\/\/fdd-ihedn.fr\/ihedn-journee-cohesion-nationale-et-citoyennete-le-5-decembre-au-havre\/#primaryimage","url":"https:\/\/fdd-ihedn.fr\/wp-content\/uploads\/2021\/04\/logos-communaute-IHEDN.png","contentUrl":"https:\/\/fdd-ihedn.fr\/wp-content\/uploads\/2021\/04\/logos-communaute-IHEDN.png","width":279,"height":121},{"@type":"BreadcrumbList","@id":"https:\/\/fdd-ihedn.fr\/ihedn-journee-cohesion-nationale-et-citoyennete-le-5-decembre-au-havre\/#breadcrumb","itemListElement":[{"@type":"ListItem","position":1,"name":"Accueil","item":"https:\/\/fdd-ihedn.fr\/"},{"@type":"ListItem","position":2,"name":"IHEDN &#8211; Journ\u00e9e \u00ab Coh\u00e9sion nationale et citoyennet\u00e9 \u00bb &#8211; le Havre le 5 d\u00e9cembre 2017"}]},{"@type":"WebSite","@id":"https:\/\/fdd-ihedn.fr\/#website","url":"https:\/\/fdd-ihedn.fr\/","name":"IHEDN Endowment Fund","description":"Innovative projects developed for IHEDN thanks to sponsorship","publisher":{"@id":"https:\/\/fdd-ihedn.fr\/#organization"},"potentialAction":[{"@type":"SearchAction","target":{"@type":"EntryPoint","urlTemplate":"https:\/\/fdd-ihedn.fr\/?s={search_term_string}"},"query-input":{"@type":"PropertyValueSpecification","valueRequired":true,"valueName":"search_term_string"}}],"inLanguage":"en-GB"},{"@type":"Organization","@id":"https:\/\/fdd-ihedn.fr\/#organization","name":"Chair in Defence Economics - IHEDN","url":"https:\/\/fdd-ihedn.fr\/","logo":{"@type":"ImageObject","inLanguage":"en-GB","@id":"https:\/\/fdd-ihedn.fr\/#\/schema\/logo\/image\/","url":"https:\/\/fdd-ihedn.fr\/wp-content\/uploads\/2020\/04\/logoEcodef9.jpg","contentUrl":"https:\/\/fdd-ihedn.fr\/wp-content\/uploads\/2020\/04\/logoEcodef9.jpg","width":410,"height":212,"caption":"Chaire \u00c9conomie de d\u00e9fense - IHEDN"},"image":{"@id":"https:\/\/fdd-ihedn.fr\/#\/schema\/logo\/image\/"},"sameAs":["https:\/\/x.com\/Chaire_Ecodef","https:\/\/www.linkedin.com\/company\/chaire-ecodef-ihedn\/"]},{"@type":"Person","@id":"https:\/\/fdd-ihedn.fr\/#\/schema\/person\/9fdc5a3e2e544ff0f51c5e0732af0c12","name":"dev","image":{"@type":"ImageObject","inLanguage":"en-GB","@id":"https:\/\/secure.gravatar.com\/avatar\/f1ffcac9ca2fa95ad3ec33e9be3ade82f752acb0cabe541e56c5889225afa88a?s=96&d=mm&r=g","url":"https:\/\/secure.gravatar.com\/avatar\/f1ffcac9ca2fa95ad3ec33e9be3ade82f752acb0cabe541e56c5889225afa88a?s=96&d=mm&r=g","contentUrl":"https:\/\/secure.gravatar.com\/avatar\/f1ffcac9ca2fa95ad3ec33e9be3ade82f752acb0cabe541e56c5889225afa88a?s=96&d=mm&r=g","caption":"dev"},"url":"https:\/\/fdd-ihedn.fr\/en\/author\/dev\/"}]}},"_links":{"self":[{"href":"https:\/\/fdd-ihedn.fr\/en\/wp-json\/wp\/v2\/posts\/4133","targetHints":{"allow":["GET"]}}],"collection":[{"href":"https:\/\/fdd-ihedn.fr\/en\/wp-json\/wp\/v2\/posts"}],"about":[{"href":"https:\/\/fdd-ihedn.fr\/en\/wp-json\/wp\/v2\/types\/post"}],"author":[{"embeddable":true,"href":"https:\/\/fdd-ihedn.fr\/en\/wp-json\/wp\/v2\/users\/1"}],"replies":[{"embeddable":true,"href":"https:\/\/fdd-ihedn.fr\/en\/wp-json\/wp\/v2\/comments?post=4133"}],"version-history":[{"count":4,"href":"https:\/\/fdd-ihedn.fr\/en\/wp-json\/wp\/v2\/posts\/4133\/revisions"}],"predecessor-version":[{"id":5970,"href":"https:\/\/fdd-ihedn.fr\/en\/wp-json\/wp\/v2\/posts\/4133\/revisions\/5970"}],"wp:featuredmedia":[{"embeddable":true,"href":"https:\/\/fdd-ihedn.fr\/en\/wp-json\/wp\/v2\/media\/3517"}],"wp:attachment":[{"href":"https:\/\/fdd-ihedn.fr\/en\/wp-json\/wp\/v2\/media?parent=4133"}],"wp:term":[{"taxonomy":"category","embeddable":true,"href":"https:\/\/fdd-ihedn.fr\/en\/wp-json\/wp\/v2\/categories?post=4133"},{"taxonomy":"post_tag","embeddable":true,"href":"https:\/\/fdd-ihedn.fr\/en\/wp-json\/wp\/v2\/tags?post=4133"}],"curies":[{"name":"wp","href":"https:\/\/api.w.org\/{rel}","templated":true}]}}