{"id":4131,"date":"2017-04-06T12:40:25","date_gmt":"2017-04-06T10:40:25","guid":{"rendered":"https:\/\/fdd.concilium.click\/seminaire-decouverte-2017-en-partenariat-avec-la-sncf\/"},"modified":"2024-09-24T14:02:47","modified_gmt":"2024-09-24T12:02:47","slug":"seminaire-decouverte-2017-en-partenariat-avec-la-sncf","status":"publish","type":"post","link":"https:\/\/fdd-ihedn.fr\/en\/seminaire-decouverte-2017-en-partenariat-avec-la-sncf\/","title":{"rendered":"[cycle D\u00e9couverte] Retour sur l&rsquo;\u00e9dition 2017"},"content":{"rendered":"<h3 style=\"text-align: center;\">Organis\u00e9e gr\u00e2ce au soutien de la SNCF,<br \/>\nla 7e \u00e9dition du s\u00e9minaire \u00ab D\u00e9couverte \u00bb<br \/>\ns\u2019est d\u00e9roul\u00e9e du lundi 27 au mercredi 29 mars 2017<\/h3>\n<p>Ce s\u00e9minaire a offert aux 36 participants, tous en apprentissage (BTS, Licences et Masters professionnels) en r\u00e9gion parisienne, une information approfondie sur notre D\u00e9fense ainsi que sur la s\u00fbret\u00e9 \u00e0 la SNCF.<\/p>\n<p>Apr\u00e8s une matin\u00e9e de conf\u00e9rences de pr\u00e9sentation \u00e0 l\u2019<a href=\"http:\/\/www.defense.gouv.fr\/actualites\/articles\/l-ecole-militaire-lieux-historique-et-prestigieux\" target=\"_blank\" rel=\"noopener\">Military school<\/a> (Paris 7e), la session a altern\u00e9 les visites de la Direction de zone s\u00fbret\u00e9 et du Centre r\u00e9gional op\u00e9rationnel Paris rive gauche de la SNCF, du\u00a0<a href=\"http:\/\/www.cheminsdememoire.gouv.fr\/fr\/historique-du-ricm-le-regiment-le-plus-decore-de-france\" target=\"_blank\" rel=\"noopener\">R\u00e9giment d&rsquo;infanterie &#8211; Chars de marine (RICM)<\/a> de Poitiers (86), ainsi que du site SNCF de Villeneuve-Saint-Georges (94).<\/p>\n<p><a href=\"https:\/\/fdd-ihedn.fr\/wp-content\/uploads\/2021\/04\/P1090422-scaled.jpg\" target=\"_blank\" rel=\"noopener\"><img loading=\"lazy\" decoding=\"async\" class=\"aligncenter wp-image-1253 size-large\" src=\"https:\/\/fdd-ihedn.fr\/wp-content\/uploads\/2021\/04\/P1090422-scaled.jpg\" alt=\"P1090422\" width=\"606\" height=\"455\" \/><\/a><\/p>\n<p>La s\u00e9ance de restitution, \u00e0 la fin de la derni\u00e8re journ\u00e9e et en pr\u00e9sence d\u2019autorit\u00e9s de la SNCF et de l\u2019<a href=\"http:\/\/www.ihedn.fr\" target=\"_blank\" rel=\"noopener\">IHEDN<\/a>, a \u00e9t\u00e9 consacr\u00e9e \u00e0 la pr\u00e9sentation de la r\u00e9flexion men\u00e9e par les stagiaires pendant ces trois journ\u00e9es. R\u00e9partis en trois comit\u00e9s, ils ont pr\u00e9sent\u00e9 leurs travaux sous forme de recommandations, sur les sujets suivants :<\/p>\n<p>COMMITTEE 1 :\u00a0<strong>Au regard du contexte s\u00e9curitaire actuel et de l\u2019\u00e9tat d\u2019urgence qui en r\u00e9sulte, s\u00e9curit\u00e9 et libert\u00e9s individuelles sont-elles conciliables, et le cas \u00e9ch\u00e9ant, sous quelle conditions ?<\/strong><\/p>\n<p><strong><a href=\"https:\/\/fdd-ihedn.fr\/wp-content\/uploads\/2021\/04\/P1090431-scaled.jpg\" target=\"_blank\" rel=\"noopener\"><img loading=\"lazy\" decoding=\"async\" class=\"aligncenter wp-image-1254 size-large\" src=\"https:\/\/fdd-ihedn.fr\/wp-content\/uploads\/2021\/04\/P1090431-scaled.jpg\" alt=\"P1090431\" width=\"606\" height=\"455\" \/><\/a><\/strong><\/p>\n<p>COMMITTEE 2 :\u00a0<strong>En quoi le service public participe-t-il aujourd\u2019hui\u00a0\u00e0 la d\u00e9fense et \u00e0 la r\u00e9silience de la nation ?<\/strong><\/p>\n<p><strong><a href=\"https:\/\/fdd-ihedn.fr\/wp-content\/uploads\/2021\/04\/P1090436-scaled.jpg\" target=\"_blank\" rel=\"noopener\"><img loading=\"lazy\" decoding=\"async\" class=\"aligncenter wp-image-1255 size-large\" src=\"https:\/\/fdd-ihedn.fr\/wp-content\/uploads\/2021\/04\/P1090436-scaled.jpg\" alt=\"P1090436\" width=\"606\" height=\"455\" \/><\/a><\/strong><\/p>\n<p>COMMITTEE 3 :\u00a0<strong>Comment valoriser la d\u00e9fense et l\u2019esprit de d\u00e9fense aupr\u00e8s du monde de l\u2019entreprise ? Quelles recommandations pouvez-vous formuler afin de favoriser l\u2019engagement des entreprises dans la promotion de l\u2019esprit de d\u00e9fense ?<\/strong><\/p>\n<p><a href=\"https:\/\/fdd-ihedn.fr\/wp-content\/uploads\/2021\/04\/P1090438-scaled.jpg\" target=\"_blank\" rel=\"noopener\"><img loading=\"lazy\" decoding=\"async\" class=\"aligncenter wp-image-1256 size-large\" src=\"https:\/\/fdd-ihedn.fr\/wp-content\/uploads\/2021\/04\/P1090438-scaled.jpg\" alt=\"P1090438\" width=\"606\" height=\"455\" \/><\/a><\/p>\n<p>Ils ont ensuite \u00e9t\u00e9 re\u00e7us dans le salon des Mar\u00e9chaux par St\u00e9phane Volant, Secr\u00e9taire g\u00e9n\u00e9ral de la SNCF, et le g\u00e9n\u00e9ral de corps d&rsquo;arm\u00e9e Bernard de Courr\u00e8ges d&rsquo;Ustou, Directeur de l&rsquo;IHEDN, qui leur ont remis leur attestation de participation.<\/p>\n<p><a href=\"https:\/\/fdd-ihedn.fr\/wp-content\/uploads\/2021\/04\/P1090439-scaled.jpg\" target=\"_blank\" rel=\"noopener\"><img loading=\"lazy\" decoding=\"async\" class=\"aligncenter wp-image-1257 size-large\" src=\"https:\/\/fdd-ihedn.fr\/wp-content\/uploads\/2021\/04\/P1090439-scaled.jpg\" alt=\"P1090439\" width=\"606\" height=\"455\" \/><\/a><\/p>\n<p>La prochaine session de ce s\u00e9minaire aura lieu en mars 2018.<\/p>","protected":false},"excerpt":{"rendered":"<p>Organis\u00e9e gr\u00e2ce au soutien de la SNCF, la 7e \u00e9dition du s\u00e9minaire \u00ab D\u00e9couverte \u00bb s\u2019est d\u00e9roul\u00e9e du lundi 27 au mercredi 29 mars 2017 Ce s\u00e9minaire a offert aux 36 participants, tous en apprentissage (BTS, Licences et Masters professionnels) en r\u00e9gion parisienne, une information approfondie sur notre D\u00e9fense ainsi que sur la s\u00fbret\u00e9 \u00e0 [&hellip;]<\/p>\n","protected":false},"author":1,"featured_media":4221,"comment_status":"open","ping_status":"open","sticky":false,"template":"","format":"standard","meta":{"footnotes":""},"categories":[34,449],"tags":[],"class_list":{"0":"post-4131","1":"post","2":"type-post","3":"status-publish","4":"format-standard","5":"has-post-thumbnail","7":"category-activites","8":"category-decouverte"},"yoast_head":"<!-- This site is optimized with the Yoast SEO plugin v27.4 - https:\/\/yoast.com\/product\/yoast-seo-wordpress\/ -->\n<title>[cycle D\u00e9couverte] Retour sur l&#039;\u00e9dition 2017 - Fonds de dotation de l&#039;IHEDN<\/title>\n<meta name=\"robots\" content=\"index, follow, max-snippet:-1, max-image-preview:large, max-video-preview:-1\" \/>\n<link rel=\"canonical\" href=\"https:\/\/fdd-ihedn.fr\/en\/seminaire-decouverte-2017-en-partenariat-avec-la-sncf\/\" \/>\n<meta property=\"og:locale\" content=\"en_GB\" \/>\n<meta property=\"og:type\" content=\"article\" \/>\n<meta property=\"og:title\" content=\"[cycle D\u00e9couverte] Retour sur l&#039;\u00e9dition 2017 - Fonds de dotation de l&#039;IHEDN\" \/>\n<meta property=\"og:description\" content=\"Organis\u00e9e gr\u00e2ce au soutien de la SNCF, la 7e \u00e9dition du s\u00e9minaire \u00ab D\u00e9couverte \u00bb s\u2019est d\u00e9roul\u00e9e du lundi 27 au mercredi 29 mars 2017 Ce s\u00e9minaire a offert aux 36 participants, tous en apprentissage (BTS, Licences et Masters professionnels) en r\u00e9gion parisienne, une information approfondie sur notre D\u00e9fense ainsi que sur la s\u00fbret\u00e9 \u00e0 [&hellip;]\" \/>\n<meta property=\"og:url\" content=\"https:\/\/fdd-ihedn.fr\/en\/seminaire-decouverte-2017-en-partenariat-avec-la-sncf\/\" \/>\n<meta property=\"og:site_name\" content=\"Fonds de dotation de l&#039;IHEDN\" \/>\n<meta property=\"article:published_time\" content=\"2017-04-06T10:40:25+00:00\" \/>\n<meta property=\"article:modified_time\" content=\"2024-09-24T12:02:47+00:00\" \/>\n<meta property=\"og:image\" content=\"https:\/\/fdd-ihedn.fr\/wp-content\/uploads\/2017\/04\/P1090414-22-225x300-1.jpg\" \/>\n\t<meta property=\"og:image:width\" content=\"225\" \/>\n\t<meta property=\"og:image:height\" content=\"300\" \/>\n\t<meta property=\"og:image:type\" content=\"image\/jpeg\" \/>\n<meta name=\"author\" content=\"dev\" \/>\n<meta name=\"twitter:card\" content=\"summary_large_image\" \/>\n<meta name=\"twitter:creator\" content=\"@Chaire_Ecodef\" \/>\n<meta name=\"twitter:site\" content=\"@Chaire_Ecodef\" \/>\n<meta name=\"twitter:label1\" content=\"Written by\" \/>\n\t<meta name=\"twitter:data1\" content=\"dev\" \/>\n\t<meta name=\"twitter:label2\" content=\"Estimated reading time\" \/>\n\t<meta name=\"twitter:data2\" content=\"3 minutes\" \/>\n<script type=\"application\/ld+json\" class=\"yoast-schema-graph\">{\"@context\":\"https:\\\/\\\/schema.org\",\"@graph\":[{\"@type\":\"Article\",\"@id\":\"https:\\\/\\\/fdd-ihedn.fr\\\/seminaire-decouverte-2017-en-partenariat-avec-la-sncf\\\/#article\",\"isPartOf\":{\"@id\":\"https:\\\/\\\/fdd-ihedn.fr\\\/seminaire-decouverte-2017-en-partenariat-avec-la-sncf\\\/\"},\"author\":{\"name\":\"dev\",\"@id\":\"https:\\\/\\\/fdd-ihedn.fr\\\/#\\\/schema\\\/person\\\/9fdc5a3e2e544ff0f51c5e0732af0c12\"},\"headline\":\"[cycle D\u00e9couverte] Retour sur l&rsquo;\u00e9dition 2017\",\"datePublished\":\"2017-04-06T10:40:25+00:00\",\"dateModified\":\"2024-09-24T12:02:47+00:00\",\"mainEntityOfPage\":{\"@id\":\"https:\\\/\\\/fdd-ihedn.fr\\\/seminaire-decouverte-2017-en-partenariat-avec-la-sncf\\\/\"},\"wordCount\":352,\"commentCount\":0,\"publisher\":{\"@id\":\"https:\\\/\\\/fdd-ihedn.fr\\\/#organization\"},\"image\":{\"@id\":\"https:\\\/\\\/fdd-ihedn.fr\\\/seminaire-decouverte-2017-en-partenariat-avec-la-sncf\\\/#primaryimage\"},\"thumbnailUrl\":\"https:\\\/\\\/fdd-ihedn.fr\\\/wp-content\\\/uploads\\\/2017\\\/04\\\/P1090414-22-225x300-1.jpg\",\"articleSection\":[\"Activit\u00e9s\",\"D\u00e9couverte\"],\"inLanguage\":\"en-GB\",\"potentialAction\":[{\"@type\":\"CommentAction\",\"name\":\"Comment\",\"target\":[\"https:\\\/\\\/fdd-ihedn.fr\\\/seminaire-decouverte-2017-en-partenariat-avec-la-sncf\\\/#respond\"]}]},{\"@type\":\"WebPage\",\"@id\":\"https:\\\/\\\/fdd-ihedn.fr\\\/seminaire-decouverte-2017-en-partenariat-avec-la-sncf\\\/\",\"url\":\"https:\\\/\\\/fdd-ihedn.fr\\\/seminaire-decouverte-2017-en-partenariat-avec-la-sncf\\\/\",\"name\":\"[cycle D\u00e9couverte] Retour sur l'\u00e9dition 2017 - Fonds de dotation de l&#039;IHEDN\",\"isPartOf\":{\"@id\":\"https:\\\/\\\/fdd-ihedn.fr\\\/#website\"},\"primaryImageOfPage\":{\"@id\":\"https:\\\/\\\/fdd-ihedn.fr\\\/seminaire-decouverte-2017-en-partenariat-avec-la-sncf\\\/#primaryimage\"},\"image\":{\"@id\":\"https:\\\/\\\/fdd-ihedn.fr\\\/seminaire-decouverte-2017-en-partenariat-avec-la-sncf\\\/#primaryimage\"},\"thumbnailUrl\":\"https:\\\/\\\/fdd-ihedn.fr\\\/wp-content\\\/uploads\\\/2017\\\/04\\\/P1090414-22-225x300-1.jpg\",\"datePublished\":\"2017-04-06T10:40:25+00:00\",\"dateModified\":\"2024-09-24T12:02:47+00:00\",\"breadcrumb\":{\"@id\":\"https:\\\/\\\/fdd-ihedn.fr\\\/seminaire-decouverte-2017-en-partenariat-avec-la-sncf\\\/#breadcrumb\"},\"inLanguage\":\"en-GB\",\"potentialAction\":[{\"@type\":\"ReadAction\",\"target\":[\"https:\\\/\\\/fdd-ihedn.fr\\\/seminaire-decouverte-2017-en-partenariat-avec-la-sncf\\\/\"]}]},{\"@type\":\"ImageObject\",\"inLanguage\":\"en-GB\",\"@id\":\"https:\\\/\\\/fdd-ihedn.fr\\\/seminaire-decouverte-2017-en-partenariat-avec-la-sncf\\\/#primaryimage\",\"url\":\"https:\\\/\\\/fdd-ihedn.fr\\\/wp-content\\\/uploads\\\/2017\\\/04\\\/P1090414-22-225x300-1.jpg\",\"contentUrl\":\"https:\\\/\\\/fdd-ihedn.fr\\\/wp-content\\\/uploads\\\/2017\\\/04\\\/P1090414-22-225x300-1.jpg\",\"width\":225,\"height\":300},{\"@type\":\"BreadcrumbList\",\"@id\":\"https:\\\/\\\/fdd-ihedn.fr\\\/seminaire-decouverte-2017-en-partenariat-avec-la-sncf\\\/#breadcrumb\",\"itemListElement\":[{\"@type\":\"ListItem\",\"position\":1,\"name\":\"Accueil\",\"item\":\"https:\\\/\\\/fdd-ihedn.fr\\\/\"},{\"@type\":\"ListItem\",\"position\":2,\"name\":\"[cycle D\u00e9couverte] Retour sur l&#8217;\u00e9dition 2017\"}]},{\"@type\":\"WebSite\",\"@id\":\"https:\\\/\\\/fdd-ihedn.fr\\\/#website\",\"url\":\"https:\\\/\\\/fdd-ihedn.fr\\\/\",\"name\":\"Fonds de dotation de l&#039;IHEDN\",\"description\":\"Des projets innovants d\u00e9velopp\u00e9s pour l&#039;IHEDN gr\u00e2ce au m\u00e9c\u00e9nat\",\"publisher\":{\"@id\":\"https:\\\/\\\/fdd-ihedn.fr\\\/#organization\"},\"potentialAction\":[{\"@type\":\"SearchAction\",\"target\":{\"@type\":\"EntryPoint\",\"urlTemplate\":\"https:\\\/\\\/fdd-ihedn.fr\\\/?s={search_term_string}\"},\"query-input\":{\"@type\":\"PropertyValueSpecification\",\"valueRequired\":true,\"valueName\":\"search_term_string\"}}],\"inLanguage\":\"en-GB\"},{\"@type\":\"Organization\",\"@id\":\"https:\\\/\\\/fdd-ihedn.fr\\\/#organization\",\"name\":\"Chaire \u00c9conomie de d\u00e9fense - IHEDN\",\"url\":\"https:\\\/\\\/fdd-ihedn.fr\\\/\",\"logo\":{\"@type\":\"ImageObject\",\"inLanguage\":\"en-GB\",\"@id\":\"https:\\\/\\\/fdd-ihedn.fr\\\/#\\\/schema\\\/logo\\\/image\\\/\",\"url\":\"https:\\\/\\\/fdd-ihedn.fr\\\/wp-content\\\/uploads\\\/2020\\\/04\\\/logoEcodef9.jpg\",\"contentUrl\":\"https:\\\/\\\/fdd-ihedn.fr\\\/wp-content\\\/uploads\\\/2020\\\/04\\\/logoEcodef9.jpg\",\"width\":410,\"height\":212,\"caption\":\"Chaire \u00c9conomie de d\u00e9fense - IHEDN\"},\"image\":{\"@id\":\"https:\\\/\\\/fdd-ihedn.fr\\\/#\\\/schema\\\/logo\\\/image\\\/\"},\"sameAs\":[\"https:\\\/\\\/x.com\\\/Chaire_Ecodef\",\"https:\\\/\\\/www.linkedin.com\\\/company\\\/chaire-ecodef-ihedn\\\/\"]},{\"@type\":\"Person\",\"@id\":\"https:\\\/\\\/fdd-ihedn.fr\\\/#\\\/schema\\\/person\\\/9fdc5a3e2e544ff0f51c5e0732af0c12\",\"name\":\"dev\",\"image\":{\"@type\":\"ImageObject\",\"inLanguage\":\"en-GB\",\"@id\":\"https:\\\/\\\/secure.gravatar.com\\\/avatar\\\/f1ffcac9ca2fa95ad3ec33e9be3ade82f752acb0cabe541e56c5889225afa88a?s=96&d=mm&r=g\",\"url\":\"https:\\\/\\\/secure.gravatar.com\\\/avatar\\\/f1ffcac9ca2fa95ad3ec33e9be3ade82f752acb0cabe541e56c5889225afa88a?s=96&d=mm&r=g\",\"contentUrl\":\"https:\\\/\\\/secure.gravatar.com\\\/avatar\\\/f1ffcac9ca2fa95ad3ec33e9be3ade82f752acb0cabe541e56c5889225afa88a?s=96&d=mm&r=g\",\"caption\":\"dev\"},\"url\":\"https:\\\/\\\/fdd-ihedn.fr\\\/en\\\/author\\\/dev\\\/\"}]}<\/script>\n<!-- \/ Yoast SEO plugin. -->","yoast_head_json":{"title":"[cycle D\u00e9couverte] Retour sur l'\u00e9dition 2017 - Fonds de dotation de l&#039;IHEDN","robots":{"index":"index","follow":"follow","max-snippet":"max-snippet:-1","max-image-preview":"max-image-preview:large","max-video-preview":"max-video-preview:-1"},"canonical":"https:\/\/fdd-ihedn.fr\/en\/seminaire-decouverte-2017-en-partenariat-avec-la-sncf\/","og_locale":"en_GB","og_type":"article","og_title":"[cycle D\u00e9couverte] Retour sur l'\u00e9dition 2017 - Fonds de dotation de l&#039;IHEDN","og_description":"Organis\u00e9e gr\u00e2ce au soutien de la SNCF, la 7e \u00e9dition du s\u00e9minaire \u00ab D\u00e9couverte \u00bb s\u2019est d\u00e9roul\u00e9e du lundi 27 au mercredi 29 mars 2017 Ce s\u00e9minaire a offert aux 36 participants, tous en apprentissage (BTS, Licences et Masters professionnels) en r\u00e9gion parisienne, une information approfondie sur notre D\u00e9fense ainsi que sur la s\u00fbret\u00e9 \u00e0 [&hellip;]","og_url":"https:\/\/fdd-ihedn.fr\/en\/seminaire-decouverte-2017-en-partenariat-avec-la-sncf\/","og_site_name":"Fonds de dotation de l&#039;IHEDN","article_published_time":"2017-04-06T10:40:25+00:00","article_modified_time":"2024-09-24T12:02:47+00:00","og_image":[{"width":225,"height":300,"url":"https:\/\/fdd-ihedn.fr\/wp-content\/uploads\/2017\/04\/P1090414-22-225x300-1.jpg","type":"image\/jpeg"}],"author":"dev","twitter_card":"summary_large_image","twitter_creator":"@Chaire_Ecodef","twitter_site":"@Chaire_Ecodef","twitter_misc":{"Written by":"dev","Estimated reading time":"3 minutes"},"schema":{"@context":"https:\/\/schema.org","@graph":[{"@type":"Article","@id":"https:\/\/fdd-ihedn.fr\/seminaire-decouverte-2017-en-partenariat-avec-la-sncf\/#article","isPartOf":{"@id":"https:\/\/fdd-ihedn.fr\/seminaire-decouverte-2017-en-partenariat-avec-la-sncf\/"},"author":{"name":"dev","@id":"https:\/\/fdd-ihedn.fr\/#\/schema\/person\/9fdc5a3e2e544ff0f51c5e0732af0c12"},"headline":"[cycle D\u00e9couverte] Retour sur l&rsquo;\u00e9dition 2017","datePublished":"2017-04-06T10:40:25+00:00","dateModified":"2024-09-24T12:02:47+00:00","mainEntityOfPage":{"@id":"https:\/\/fdd-ihedn.fr\/seminaire-decouverte-2017-en-partenariat-avec-la-sncf\/"},"wordCount":352,"commentCount":0,"publisher":{"@id":"https:\/\/fdd-ihedn.fr\/#organization"},"image":{"@id":"https:\/\/fdd-ihedn.fr\/seminaire-decouverte-2017-en-partenariat-avec-la-sncf\/#primaryimage"},"thumbnailUrl":"https:\/\/fdd-ihedn.fr\/wp-content\/uploads\/2017\/04\/P1090414-22-225x300-1.jpg","articleSection":["Activit\u00e9s","D\u00e9couverte"],"inLanguage":"en-GB","potentialAction":[{"@type":"CommentAction","name":"Comment","target":["https:\/\/fdd-ihedn.fr\/seminaire-decouverte-2017-en-partenariat-avec-la-sncf\/#respond"]}]},{"@type":"WebPage","@id":"https:\/\/fdd-ihedn.fr\/seminaire-decouverte-2017-en-partenariat-avec-la-sncf\/","url":"https:\/\/fdd-ihedn.fr\/seminaire-decouverte-2017-en-partenariat-avec-la-sncf\/","name":"[cycle D\u00e9couverte] Retour sur l'\u00e9dition 2017 - Fonds de dotation de l&#039;IHEDN","isPartOf":{"@id":"https:\/\/fdd-ihedn.fr\/#website"},"primaryImageOfPage":{"@id":"https:\/\/fdd-ihedn.fr\/seminaire-decouverte-2017-en-partenariat-avec-la-sncf\/#primaryimage"},"image":{"@id":"https:\/\/fdd-ihedn.fr\/seminaire-decouverte-2017-en-partenariat-avec-la-sncf\/#primaryimage"},"thumbnailUrl":"https:\/\/fdd-ihedn.fr\/wp-content\/uploads\/2017\/04\/P1090414-22-225x300-1.jpg","datePublished":"2017-04-06T10:40:25+00:00","dateModified":"2024-09-24T12:02:47+00:00","breadcrumb":{"@id":"https:\/\/fdd-ihedn.fr\/seminaire-decouverte-2017-en-partenariat-avec-la-sncf\/#breadcrumb"},"inLanguage":"en-GB","potentialAction":[{"@type":"ReadAction","target":["https:\/\/fdd-ihedn.fr\/seminaire-decouverte-2017-en-partenariat-avec-la-sncf\/"]}]},{"@type":"ImageObject","inLanguage":"en-GB","@id":"https:\/\/fdd-ihedn.fr\/seminaire-decouverte-2017-en-partenariat-avec-la-sncf\/#primaryimage","url":"https:\/\/fdd-ihedn.fr\/wp-content\/uploads\/2017\/04\/P1090414-22-225x300-1.jpg","contentUrl":"https:\/\/fdd-ihedn.fr\/wp-content\/uploads\/2017\/04\/P1090414-22-225x300-1.jpg","width":225,"height":300},{"@type":"BreadcrumbList","@id":"https:\/\/fdd-ihedn.fr\/seminaire-decouverte-2017-en-partenariat-avec-la-sncf\/#breadcrumb","itemListElement":[{"@type":"ListItem","position":1,"name":"Accueil","item":"https:\/\/fdd-ihedn.fr\/"},{"@type":"ListItem","position":2,"name":"[cycle D\u00e9couverte] Retour sur l&#8217;\u00e9dition 2017"}]},{"@type":"WebSite","@id":"https:\/\/fdd-ihedn.fr\/#website","url":"https:\/\/fdd-ihedn.fr\/","name":"IHEDN Endowment Fund","description":"Innovative projects developed for IHEDN thanks to sponsorship","publisher":{"@id":"https:\/\/fdd-ihedn.fr\/#organization"},"potentialAction":[{"@type":"SearchAction","target":{"@type":"EntryPoint","urlTemplate":"https:\/\/fdd-ihedn.fr\/?s={search_term_string}"},"query-input":{"@type":"PropertyValueSpecification","valueRequired":true,"valueName":"search_term_string"}}],"inLanguage":"en-GB"},{"@type":"Organization","@id":"https:\/\/fdd-ihedn.fr\/#organization","name":"Chair in Defence Economics - IHEDN","url":"https:\/\/fdd-ihedn.fr\/","logo":{"@type":"ImageObject","inLanguage":"en-GB","@id":"https:\/\/fdd-ihedn.fr\/#\/schema\/logo\/image\/","url":"https:\/\/fdd-ihedn.fr\/wp-content\/uploads\/2020\/04\/logoEcodef9.jpg","contentUrl":"https:\/\/fdd-ihedn.fr\/wp-content\/uploads\/2020\/04\/logoEcodef9.jpg","width":410,"height":212,"caption":"Chaire \u00c9conomie de d\u00e9fense - IHEDN"},"image":{"@id":"https:\/\/fdd-ihedn.fr\/#\/schema\/logo\/image\/"},"sameAs":["https:\/\/x.com\/Chaire_Ecodef","https:\/\/www.linkedin.com\/company\/chaire-ecodef-ihedn\/"]},{"@type":"Person","@id":"https:\/\/fdd-ihedn.fr\/#\/schema\/person\/9fdc5a3e2e544ff0f51c5e0732af0c12","name":"dev","image":{"@type":"ImageObject","inLanguage":"en-GB","@id":"https:\/\/secure.gravatar.com\/avatar\/f1ffcac9ca2fa95ad3ec33e9be3ade82f752acb0cabe541e56c5889225afa88a?s=96&d=mm&r=g","url":"https:\/\/secure.gravatar.com\/avatar\/f1ffcac9ca2fa95ad3ec33e9be3ade82f752acb0cabe541e56c5889225afa88a?s=96&d=mm&r=g","contentUrl":"https:\/\/secure.gravatar.com\/avatar\/f1ffcac9ca2fa95ad3ec33e9be3ade82f752acb0cabe541e56c5889225afa88a?s=96&d=mm&r=g","caption":"dev"},"url":"https:\/\/fdd-ihedn.fr\/en\/author\/dev\/"}]}},"_links":{"self":[{"href":"https:\/\/fdd-ihedn.fr\/en\/wp-json\/wp\/v2\/posts\/4131","targetHints":{"allow":["GET"]}}],"collection":[{"href":"https:\/\/fdd-ihedn.fr\/en\/wp-json\/wp\/v2\/posts"}],"about":[{"href":"https:\/\/fdd-ihedn.fr\/en\/wp-json\/wp\/v2\/types\/post"}],"author":[{"embeddable":true,"href":"https:\/\/fdd-ihedn.fr\/en\/wp-json\/wp\/v2\/users\/1"}],"replies":[{"embeddable":true,"href":"https:\/\/fdd-ihedn.fr\/en\/wp-json\/wp\/v2\/comments?post=4131"}],"version-history":[{"count":7,"href":"https:\/\/fdd-ihedn.fr\/en\/wp-json\/wp\/v2\/posts\/4131\/revisions"}],"predecessor-version":[{"id":5673,"href":"https:\/\/fdd-ihedn.fr\/en\/wp-json\/wp\/v2\/posts\/4131\/revisions\/5673"}],"wp:featuredmedia":[{"embeddable":true,"href":"https:\/\/fdd-ihedn.fr\/en\/wp-json\/wp\/v2\/media\/4221"}],"wp:attachment":[{"href":"https:\/\/fdd-ihedn.fr\/en\/wp-json\/wp\/v2\/media?parent=4131"}],"wp:term":[{"taxonomy":"category","embeddable":true,"href":"https:\/\/fdd-ihedn.fr\/en\/wp-json\/wp\/v2\/categories?post=4131"},{"taxonomy":"post_tag","embeddable":true,"href":"https:\/\/fdd-ihedn.fr\/en\/wp-json\/wp\/v2\/tags?post=4131"}],"curies":[{"name":"wp","href":"https:\/\/api.w.org\/{rel}","templated":true}]}}