{"id":4130,"date":"2017-05-05T09:15:24","date_gmt":"2017-05-05T09:15:24","guid":{"rendered":"https:\/\/fdd.concilium.click\/rencontres-ihedn-20-mai-2017-ecole-militaire\/"},"modified":"2022-02-04T14:18:10","modified_gmt":"2022-02-04T13:18:10","slug":"rencontres-ihedn-20-mai-2017-ecole-militaire","status":"publish","type":"post","link":"https:\/\/fdd-ihedn.fr\/en\/rencontres-ihedn-20-mai-2017-ecole-militaire\/","title":{"rendered":"Rencontres IHEDN - 20 May 2017 at the \u00c9cole militaire"},"content":{"rendered":"<h5 style=\"text-align: center;\"><strong>Rencontres IHEDN - 20 May 2017 at the \u00c9cole militaire<\/strong><br \/>\n\u201cLa D\u00e9fense comme vous ne l\u2019avez jamais abord\u00e9e :<br \/>\n13 tables rondes, des penseurs, des experts, des ONG, des livres, des peintures<br \/>\n\u2026et un conseil de guerre\u201d.<\/h5>\n<h5><\/h5>\n<h5 style=\"text-align: center;\">Inscription :<strong> <a href=\"http:\/\/www.ihedn.fr\/?q=content\/rencontres-ihedn-20-mai-2017\" target=\"_blank\" rel=\"noopener\">here<\/a><\/strong><\/h5>\n<figure id=\"attachment_5489\" class=\"size-full wp-image-5489 alignnone\"><\/figure>\n<p>6 th\u00e9matiques abord\u00e9es :<\/p>\n<h5>LA GUERRE DES MACHINES<\/h5>\n<p>La guerre est un cam\u00e9l\u00e9on. Ses causes, ses formes, ses moyens ne sont jamais les m\u00eames et se transforment d\u2019autant plus vite que la guerre est un formidable facteur d\u2019\u00e9volution non seulement technologique mais \u00e9galement sociale et \u00e9conomique. Les conflits de demain ne ressembleront pas \u00e0 ceux que nous avons d\u00e9j\u00e0 v\u00e9cus et s\u2019il est difficile de les anticiper du moins avons-nous quelques indices pour les imaginer.<\/p>\n<ul>\n<li><label>10h00 \u2013 11h15 | Guerre pas net ! : la cyberguerre a d\u00e9j\u00e0 commenc\u00e9<\/label><\/li>\n<li>11h30 \u2013 12h45 | Le virus de la guerre : la peste et le chol\u00e9ra<\/li>\n<li>14h30 \u2013 15h45 | Permis de tuer : fire and forget ? (tire et oublie)<\/li>\n<\/ul>\n<p>&nbsp;<\/p>\n<h5>SYMBOLE DES PULSIONS DE L\u2019HOMME<\/h5>\n<p>La guerre n\u2019est pas seulement un affrontement de volont\u00e9s; elle met aussi au jour les pulsions les plus primitives de l\u2019Homme. Celles-ci peuvent \u00eatre destructrices et le terrorisme auquel nous devons faire faice aujourd\u2019hui nous rappelle que la fronti\u00e8re est t\u00e9nue entre la paix civile et la violence totale. Mais la guerre ne r\u00e9v\u00e8le pas seulement la face la plus sombre de la nature humaine. Elle est aussi l\u2019occasion de mettre en lumi\u00e8re des valeurs essentielles comme la fraternit\u00e9, le d\u00e9passement et le don de soi.<\/p>\n<ul>\n<li>10h00 \u2013 11h15 | Mars ou V\u00e9nus : la guerre est-elle une question d\u2019hormones ?<\/li>\n<li>11h30 \u2013 12h45 | Les gueules cass\u00e9es : blessures visibles et invisibles<\/li>\n<\/ul>\n<p>&nbsp;<\/p>\n<h5>AUX ARMES CITOYENS !<\/h5>\n<p>Les grandes guerres sont, momentan\u00e9ment au moins, sous contr\u00f4le, mais les arm\u00e9es r\u00e9guli\u00e8res sont de plus en plus confront\u00e9es \u00e0 des groupes d\u2019insurg\u00e9s qui transforment leur faiblesse en force. Comprendre les formes actuelles de la guerre impose donc d\u2019appr\u00e9hender les raisons pour lesquelles les hommes font le choix des armes ainsi que les nouveaux espaces o\u00f9 ils ont d\u00e9plac\u00e9 leurs antagonismes.<\/p>\n<ul>\n<li>10h00 \u2013 11h15 | Feux sacr\u00e9s, tirs crois\u00e9s : guerre et religion<\/li>\n<li>11h30 \u2013 12h45 | Dessine-moi une kalach ! : les enfants soldats<\/li>\n<li>14h30 \u2013 15h45 | Des r\u00e9seaux pas tr\u00e8s sociaux : profiler et punir<\/li>\n<\/ul>\n<p>&nbsp;<\/p>\n<h5>LE SPECTACLE DE LA FORCE<\/h5>\n<p>\u201cLa guerre et l\u2019amour, \u00e9crit Alexis Jenni dans l\u2019Art fran\u00e7ais de la guerre, vont sans dire, ils occupent une place centrale dans nos pens\u00e9es m\u00eame si nous n\u2019y connaissons rien\u201d. Peintres, musiciens, sculpteurs, romanciers ont ainsi toujours trouv\u00e9 dans la guerre une formidable source d\u2019inspiration. Le septi\u00e8me art s\u2019en est bien s\u00fbr empar\u00e9 avant que la bande dessin\u00e9e art ne se l\u2019approprie \u00e0 son tour. La guerre est un spectacle dont le public ne se lasse pas.<\/p>\n<ul>\n<li>11h30-12h45 | Eye of the tiger : sport et patriotisme<\/li>\n<li>14h30 \u2013 15h45 | Nid d\u2019espions : le masque et la brume<\/li>\n<\/ul>\n<p>&nbsp;<\/p>\n<h5>UN POUR TOUS, TOUS POUR UN !<\/h5>\n<p>La devise des Mousquetaires est toujours d\u2019actualit\u00e9. La France a besoin de ses alli\u00e9s pour assurer sa s\u00e9curit\u00e9 et les r\u00e9seaux d\u2019alliances auxquels elle participe confortent son ind\u00e9pendance. Mais la France a aussi fait le choix de l\u2019autonomie strat\u00e9gique pour \u00eatre seule ma\u00eetresse de son destin si celui-ci devait \u00eatre en jeu.<\/p>\n<ul>\n<li>10h00 \u2013 11h15 | Filer \u00e0 l\u2019anglaise : quel avenir pour l\u2019Europe de la d\u00e9fense apr\u00e8s le BREXIT ?<\/li>\n<li>11h30 \u2013 12h45 | Atomes crochus : dissuasion, pourquoi tant de secrets ?<\/li>\n<li>14h30 \u2013 15h45 | La Fayette nous voici ! : Pourquoi tant de malentendus transatlantiques ?<\/li>\n<\/ul>\n<p>&nbsp;<\/p>\n<h5>TOUS EN SC\u00c8NE \u2026<\/h5>\n<p>Passionn\u00e9s, tribuns, r\u00eaveurs, utopistes, cet amphi est le v\u00f4tre !<br \/>\nNi autorit\u00e9 savante, ni expert qualifi\u00e9, ni donneur de le\u00e7ons. Ici, seule votre opinion compte. C\u2019est elle qui doit s\u2019exprimer librement dans le respect de la parole des autres. Communiquez vos id\u00e9es, soyez d\u00e9raisonnables, enthousiasmez-vous ! Partagez votre id\u00e9al pour changer le r\u00e9el.<\/p>\n<ul>\n<li>14h30 \u2013 15h45 | Conseil de guerre : d\u2019accord, pas d\u2019accord<\/li>\n<\/ul>\n<p>&nbsp;<\/p>\n<p><a href=\"http:\/\/www.ihedn.fr\/?q=content\/rencontres-ihedn-20-mai-2017\" target=\"_blank\" rel=\"noopener\"><img loading=\"lazy\" decoding=\"async\" class=\"alignnone\" src=\"https:\/\/fdd-ihedn.fr\/wp-content\/uploads\/2020\/04\/Affiche-Rencontres-IHEDN-2017.jpg\" alt=\"\" width=\"1024\" height=\"1447\"><\/a><\/p>\n<figure id=\"attachment_5492\" class=\"wp-image-5492 aligncenter\"><\/figure>","protected":false},"excerpt":{"rendered":"<p>Rencontres IHEDN \u2013 20 mai 2017 \u00e0 l\u2019\u00c9cole militaire \u201cLa D\u00e9fense comme vous ne l\u2019avez jamais abord\u00e9e : 13 tables rondes, des penseurs, des experts, des ONG, des livres, des peintures \u2026et un conseil de guerre\u201d. Inscription : ici 6 th\u00e9matiques abord\u00e9es : LA GUERRE DES MACHINES La guerre est un cam\u00e9l\u00e9on. Ses causes, ses [&hellip;]<\/p>\n","protected":false},"author":1,"featured_media":4217,"comment_status":"open","ping_status":"open","sticky":false,"template":"","format":"standard","meta":{"footnotes":""},"categories":[440],"tags":[],"class_list":{"0":"post-4130","1":"post","2":"type-post","3":"status-publish","4":"format-standard","5":"has-post-thumbnail","7":"category-ihedn"},"yoast_head":"<!-- This site is optimized with the Yoast SEO plugin v27.4 - https:\/\/yoast.com\/product\/yoast-seo-wordpress\/ -->\n<title>Rencontres IHEDN \u2013 20 mai 2017 \u00e0 l&#039;\u00c9cole militaire - Fonds de dotation de l&#039;IHEDN<\/title>\n<meta name=\"robots\" content=\"index, follow, max-snippet:-1, max-image-preview:large, max-video-preview:-1\" \/>\n<link rel=\"canonical\" href=\"https:\/\/fdd-ihedn.fr\/en\/rencontres-ihedn-20-mai-2017-ecole-militaire\/\" \/>\n<meta property=\"og:locale\" content=\"en_GB\" \/>\n<meta property=\"og:type\" content=\"article\" \/>\n<meta property=\"og:title\" content=\"Rencontres IHEDN \u2013 20 mai 2017 \u00e0 l&#039;\u00c9cole militaire - Fonds de dotation de l&#039;IHEDN\" \/>\n<meta property=\"og:description\" content=\"Rencontres IHEDN \u2013 20 mai 2017 \u00e0 l\u2019\u00c9cole militaire \u201cLa D\u00e9fense comme vous ne l\u2019avez jamais abord\u00e9e : 13 tables rondes, des penseurs, des experts, des ONG, des livres, des peintures \u2026et un conseil de guerre\u201d. Inscription : ici 6 th\u00e9matiques abord\u00e9es : LA GUERRE DES MACHINES La guerre est un cam\u00e9l\u00e9on. Ses causes, ses [&hellip;]\" \/>\n<meta property=\"og:url\" content=\"https:\/\/fdd-ihedn.fr\/en\/rencontres-ihedn-20-mai-2017-ecole-militaire\/\" \/>\n<meta property=\"og:site_name\" content=\"Fonds de dotation de l&#039;IHEDN\" \/>\n<meta property=\"article:published_time\" content=\"2017-05-05T09:15:24+00:00\" \/>\n<meta property=\"article:modified_time\" content=\"2022-02-04T13:18:10+00:00\" \/>\n<meta property=\"og:image\" content=\"https:\/\/fdd-ihedn.fr\/wp-content\/uploads\/2017\/05\/AFFICHERENCONTRE2017WEB-mini2-300x300-1.jpg\" \/>\n\t<meta property=\"og:image:width\" content=\"300\" \/>\n\t<meta property=\"og:image:height\" content=\"300\" \/>\n\t<meta property=\"og:image:type\" content=\"image\/jpeg\" \/>\n<meta name=\"author\" content=\"dev\" \/>\n<meta name=\"twitter:card\" content=\"summary_large_image\" \/>\n<meta name=\"twitter:creator\" content=\"@Chaire_Ecodef\" \/>\n<meta name=\"twitter:site\" content=\"@Chaire_Ecodef\" \/>\n<meta name=\"twitter:label1\" content=\"Written by\" \/>\n\t<meta name=\"twitter:data1\" content=\"dev\" \/>\n\t<meta name=\"twitter:label2\" content=\"Estimated reading time\" \/>\n\t<meta name=\"twitter:data2\" content=\"3 minutes\" \/>\n<script type=\"application\/ld+json\" class=\"yoast-schema-graph\">{\"@context\":\"https:\\\/\\\/schema.org\",\"@graph\":[{\"@type\":\"Article\",\"@id\":\"https:\\\/\\\/fdd-ihedn.fr\\\/rencontres-ihedn-20-mai-2017-ecole-militaire\\\/#article\",\"isPartOf\":{\"@id\":\"https:\\\/\\\/fdd-ihedn.fr\\\/rencontres-ihedn-20-mai-2017-ecole-militaire\\\/\"},\"author\":{\"name\":\"dev\",\"@id\":\"https:\\\/\\\/fdd-ihedn.fr\\\/#\\\/schema\\\/person\\\/9fdc5a3e2e544ff0f51c5e0732af0c12\"},\"headline\":\"Rencontres IHEDN \u2013 20 mai 2017 \u00e0 l&rsquo;\u00c9cole militaire\",\"datePublished\":\"2017-05-05T09:15:24+00:00\",\"dateModified\":\"2022-02-04T13:18:10+00:00\",\"mainEntityOfPage\":{\"@id\":\"https:\\\/\\\/fdd-ihedn.fr\\\/rencontres-ihedn-20-mai-2017-ecole-militaire\\\/\"},\"wordCount\":689,\"commentCount\":0,\"publisher\":{\"@id\":\"https:\\\/\\\/fdd-ihedn.fr\\\/#organization\"},\"image\":{\"@id\":\"https:\\\/\\\/fdd-ihedn.fr\\\/rencontres-ihedn-20-mai-2017-ecole-militaire\\\/#primaryimage\"},\"thumbnailUrl\":\"https:\\\/\\\/fdd-ihedn.fr\\\/wp-content\\\/uploads\\\/2017\\\/05\\\/AFFICHERENCONTRE2017WEB-mini2-300x300-1.jpg\",\"articleSection\":[\"IHEDN\"],\"inLanguage\":\"en-GB\",\"potentialAction\":[{\"@type\":\"CommentAction\",\"name\":\"Comment\",\"target\":[\"https:\\\/\\\/fdd-ihedn.fr\\\/rencontres-ihedn-20-mai-2017-ecole-militaire\\\/#respond\"]}]},{\"@type\":\"WebPage\",\"@id\":\"https:\\\/\\\/fdd-ihedn.fr\\\/rencontres-ihedn-20-mai-2017-ecole-militaire\\\/\",\"url\":\"https:\\\/\\\/fdd-ihedn.fr\\\/rencontres-ihedn-20-mai-2017-ecole-militaire\\\/\",\"name\":\"Rencontres IHEDN \u2013 20 mai 2017 \u00e0 l'\u00c9cole militaire - Fonds de dotation de l&#039;IHEDN\",\"isPartOf\":{\"@id\":\"https:\\\/\\\/fdd-ihedn.fr\\\/#website\"},\"primaryImageOfPage\":{\"@id\":\"https:\\\/\\\/fdd-ihedn.fr\\\/rencontres-ihedn-20-mai-2017-ecole-militaire\\\/#primaryimage\"},\"image\":{\"@id\":\"https:\\\/\\\/fdd-ihedn.fr\\\/rencontres-ihedn-20-mai-2017-ecole-militaire\\\/#primaryimage\"},\"thumbnailUrl\":\"https:\\\/\\\/fdd-ihedn.fr\\\/wp-content\\\/uploads\\\/2017\\\/05\\\/AFFICHERENCONTRE2017WEB-mini2-300x300-1.jpg\",\"datePublished\":\"2017-05-05T09:15:24+00:00\",\"dateModified\":\"2022-02-04T13:18:10+00:00\",\"breadcrumb\":{\"@id\":\"https:\\\/\\\/fdd-ihedn.fr\\\/rencontres-ihedn-20-mai-2017-ecole-militaire\\\/#breadcrumb\"},\"inLanguage\":\"en-GB\",\"potentialAction\":[{\"@type\":\"ReadAction\",\"target\":[\"https:\\\/\\\/fdd-ihedn.fr\\\/rencontres-ihedn-20-mai-2017-ecole-militaire\\\/\"]}]},{\"@type\":\"ImageObject\",\"inLanguage\":\"en-GB\",\"@id\":\"https:\\\/\\\/fdd-ihedn.fr\\\/rencontres-ihedn-20-mai-2017-ecole-militaire\\\/#primaryimage\",\"url\":\"https:\\\/\\\/fdd-ihedn.fr\\\/wp-content\\\/uploads\\\/2017\\\/05\\\/AFFICHERENCONTRE2017WEB-mini2-300x300-1.jpg\",\"contentUrl\":\"https:\\\/\\\/fdd-ihedn.fr\\\/wp-content\\\/uploads\\\/2017\\\/05\\\/AFFICHERENCONTRE2017WEB-mini2-300x300-1.jpg\",\"width\":300,\"height\":300},{\"@type\":\"BreadcrumbList\",\"@id\":\"https:\\\/\\\/fdd-ihedn.fr\\\/rencontres-ihedn-20-mai-2017-ecole-militaire\\\/#breadcrumb\",\"itemListElement\":[{\"@type\":\"ListItem\",\"position\":1,\"name\":\"Accueil\",\"item\":\"https:\\\/\\\/fdd-ihedn.fr\\\/\"},{\"@type\":\"ListItem\",\"position\":2,\"name\":\"Rencontres IHEDN \u2013 20 mai 2017 \u00e0 l&#8217;\u00c9cole militaire\"}]},{\"@type\":\"WebSite\",\"@id\":\"https:\\\/\\\/fdd-ihedn.fr\\\/#website\",\"url\":\"https:\\\/\\\/fdd-ihedn.fr\\\/\",\"name\":\"Fonds de dotation de l&#039;IHEDN\",\"description\":\"Des projets innovants d\u00e9velopp\u00e9s pour l&#039;IHEDN gr\u00e2ce au m\u00e9c\u00e9nat\",\"publisher\":{\"@id\":\"https:\\\/\\\/fdd-ihedn.fr\\\/#organization\"},\"potentialAction\":[{\"@type\":\"SearchAction\",\"target\":{\"@type\":\"EntryPoint\",\"urlTemplate\":\"https:\\\/\\\/fdd-ihedn.fr\\\/?s={search_term_string}\"},\"query-input\":{\"@type\":\"PropertyValueSpecification\",\"valueRequired\":true,\"valueName\":\"search_term_string\"}}],\"inLanguage\":\"en-GB\"},{\"@type\":\"Organization\",\"@id\":\"https:\\\/\\\/fdd-ihedn.fr\\\/#organization\",\"name\":\"Chaire \u00c9conomie de d\u00e9fense - IHEDN\",\"url\":\"https:\\\/\\\/fdd-ihedn.fr\\\/\",\"logo\":{\"@type\":\"ImageObject\",\"inLanguage\":\"en-GB\",\"@id\":\"https:\\\/\\\/fdd-ihedn.fr\\\/#\\\/schema\\\/logo\\\/image\\\/\",\"url\":\"https:\\\/\\\/fdd-ihedn.fr\\\/wp-content\\\/uploads\\\/2020\\\/04\\\/logoEcodef9.jpg\",\"contentUrl\":\"https:\\\/\\\/fdd-ihedn.fr\\\/wp-content\\\/uploads\\\/2020\\\/04\\\/logoEcodef9.jpg\",\"width\":410,\"height\":212,\"caption\":\"Chaire \u00c9conomie de d\u00e9fense - IHEDN\"},\"image\":{\"@id\":\"https:\\\/\\\/fdd-ihedn.fr\\\/#\\\/schema\\\/logo\\\/image\\\/\"},\"sameAs\":[\"https:\\\/\\\/x.com\\\/Chaire_Ecodef\",\"https:\\\/\\\/www.linkedin.com\\\/company\\\/chaire-ecodef-ihedn\\\/\"]},{\"@type\":\"Person\",\"@id\":\"https:\\\/\\\/fdd-ihedn.fr\\\/#\\\/schema\\\/person\\\/9fdc5a3e2e544ff0f51c5e0732af0c12\",\"name\":\"dev\",\"image\":{\"@type\":\"ImageObject\",\"inLanguage\":\"en-GB\",\"@id\":\"https:\\\/\\\/secure.gravatar.com\\\/avatar\\\/f1ffcac9ca2fa95ad3ec33e9be3ade82f752acb0cabe541e56c5889225afa88a?s=96&d=mm&r=g\",\"url\":\"https:\\\/\\\/secure.gravatar.com\\\/avatar\\\/f1ffcac9ca2fa95ad3ec33e9be3ade82f752acb0cabe541e56c5889225afa88a?s=96&d=mm&r=g\",\"contentUrl\":\"https:\\\/\\\/secure.gravatar.com\\\/avatar\\\/f1ffcac9ca2fa95ad3ec33e9be3ade82f752acb0cabe541e56c5889225afa88a?s=96&d=mm&r=g\",\"caption\":\"dev\"},\"url\":\"https:\\\/\\\/fdd-ihedn.fr\\\/en\\\/author\\\/dev\\\/\"}]}<\/script>\n<!-- \/ Yoast SEO plugin. -->","yoast_head_json":{"title":"Rencontres IHEDN \u2013 20 mai 2017 \u00e0 l'\u00c9cole militaire - Fonds de dotation de l&#039;IHEDN","robots":{"index":"index","follow":"follow","max-snippet":"max-snippet:-1","max-image-preview":"max-image-preview:large","max-video-preview":"max-video-preview:-1"},"canonical":"https:\/\/fdd-ihedn.fr\/en\/rencontres-ihedn-20-mai-2017-ecole-militaire\/","og_locale":"en_GB","og_type":"article","og_title":"Rencontres IHEDN \u2013 20 mai 2017 \u00e0 l'\u00c9cole militaire - Fonds de dotation de l&#039;IHEDN","og_description":"Rencontres IHEDN \u2013 20 mai 2017 \u00e0 l\u2019\u00c9cole militaire \u201cLa D\u00e9fense comme vous ne l\u2019avez jamais abord\u00e9e : 13 tables rondes, des penseurs, des experts, des ONG, des livres, des peintures \u2026et un conseil de guerre\u201d. Inscription : ici 6 th\u00e9matiques abord\u00e9es : LA GUERRE DES MACHINES La guerre est un cam\u00e9l\u00e9on. Ses causes, ses [&hellip;]","og_url":"https:\/\/fdd-ihedn.fr\/en\/rencontres-ihedn-20-mai-2017-ecole-militaire\/","og_site_name":"Fonds de dotation de l&#039;IHEDN","article_published_time":"2017-05-05T09:15:24+00:00","article_modified_time":"2022-02-04T13:18:10+00:00","og_image":[{"width":300,"height":300,"url":"https:\/\/fdd-ihedn.fr\/wp-content\/uploads\/2017\/05\/AFFICHERENCONTRE2017WEB-mini2-300x300-1.jpg","type":"image\/jpeg"}],"author":"dev","twitter_card":"summary_large_image","twitter_creator":"@Chaire_Ecodef","twitter_site":"@Chaire_Ecodef","twitter_misc":{"Written by":"dev","Estimated reading time":"3 minutes"},"schema":{"@context":"https:\/\/schema.org","@graph":[{"@type":"Article","@id":"https:\/\/fdd-ihedn.fr\/rencontres-ihedn-20-mai-2017-ecole-militaire\/#article","isPartOf":{"@id":"https:\/\/fdd-ihedn.fr\/rencontres-ihedn-20-mai-2017-ecole-militaire\/"},"author":{"name":"dev","@id":"https:\/\/fdd-ihedn.fr\/#\/schema\/person\/9fdc5a3e2e544ff0f51c5e0732af0c12"},"headline":"Rencontres IHEDN \u2013 20 mai 2017 \u00e0 l&rsquo;\u00c9cole militaire","datePublished":"2017-05-05T09:15:24+00:00","dateModified":"2022-02-04T13:18:10+00:00","mainEntityOfPage":{"@id":"https:\/\/fdd-ihedn.fr\/rencontres-ihedn-20-mai-2017-ecole-militaire\/"},"wordCount":689,"commentCount":0,"publisher":{"@id":"https:\/\/fdd-ihedn.fr\/#organization"},"image":{"@id":"https:\/\/fdd-ihedn.fr\/rencontres-ihedn-20-mai-2017-ecole-militaire\/#primaryimage"},"thumbnailUrl":"https:\/\/fdd-ihedn.fr\/wp-content\/uploads\/2017\/05\/AFFICHERENCONTRE2017WEB-mini2-300x300-1.jpg","articleSection":["IHEDN"],"inLanguage":"en-GB","potentialAction":[{"@type":"CommentAction","name":"Comment","target":["https:\/\/fdd-ihedn.fr\/rencontres-ihedn-20-mai-2017-ecole-militaire\/#respond"]}]},{"@type":"WebPage","@id":"https:\/\/fdd-ihedn.fr\/rencontres-ihedn-20-mai-2017-ecole-militaire\/","url":"https:\/\/fdd-ihedn.fr\/rencontres-ihedn-20-mai-2017-ecole-militaire\/","name":"Rencontres IHEDN \u2013 20 mai 2017 \u00e0 l'\u00c9cole militaire - Fonds de dotation de l&#039;IHEDN","isPartOf":{"@id":"https:\/\/fdd-ihedn.fr\/#website"},"primaryImageOfPage":{"@id":"https:\/\/fdd-ihedn.fr\/rencontres-ihedn-20-mai-2017-ecole-militaire\/#primaryimage"},"image":{"@id":"https:\/\/fdd-ihedn.fr\/rencontres-ihedn-20-mai-2017-ecole-militaire\/#primaryimage"},"thumbnailUrl":"https:\/\/fdd-ihedn.fr\/wp-content\/uploads\/2017\/05\/AFFICHERENCONTRE2017WEB-mini2-300x300-1.jpg","datePublished":"2017-05-05T09:15:24+00:00","dateModified":"2022-02-04T13:18:10+00:00","breadcrumb":{"@id":"https:\/\/fdd-ihedn.fr\/rencontres-ihedn-20-mai-2017-ecole-militaire\/#breadcrumb"},"inLanguage":"en-GB","potentialAction":[{"@type":"ReadAction","target":["https:\/\/fdd-ihedn.fr\/rencontres-ihedn-20-mai-2017-ecole-militaire\/"]}]},{"@type":"ImageObject","inLanguage":"en-GB","@id":"https:\/\/fdd-ihedn.fr\/rencontres-ihedn-20-mai-2017-ecole-militaire\/#primaryimage","url":"https:\/\/fdd-ihedn.fr\/wp-content\/uploads\/2017\/05\/AFFICHERENCONTRE2017WEB-mini2-300x300-1.jpg","contentUrl":"https:\/\/fdd-ihedn.fr\/wp-content\/uploads\/2017\/05\/AFFICHERENCONTRE2017WEB-mini2-300x300-1.jpg","width":300,"height":300},{"@type":"BreadcrumbList","@id":"https:\/\/fdd-ihedn.fr\/rencontres-ihedn-20-mai-2017-ecole-militaire\/#breadcrumb","itemListElement":[{"@type":"ListItem","position":1,"name":"Accueil","item":"https:\/\/fdd-ihedn.fr\/"},{"@type":"ListItem","position":2,"name":"Rencontres IHEDN \u2013 20 mai 2017 \u00e0 l&#8217;\u00c9cole militaire"}]},{"@type":"WebSite","@id":"https:\/\/fdd-ihedn.fr\/#website","url":"https:\/\/fdd-ihedn.fr\/","name":"IHEDN Endowment Fund","description":"Innovative projects developed for IHEDN thanks to sponsorship","publisher":{"@id":"https:\/\/fdd-ihedn.fr\/#organization"},"potentialAction":[{"@type":"SearchAction","target":{"@type":"EntryPoint","urlTemplate":"https:\/\/fdd-ihedn.fr\/?s={search_term_string}"},"query-input":{"@type":"PropertyValueSpecification","valueRequired":true,"valueName":"search_term_string"}}],"inLanguage":"en-GB"},{"@type":"Organization","@id":"https:\/\/fdd-ihedn.fr\/#organization","name":"Chair in Defence Economics - IHEDN","url":"https:\/\/fdd-ihedn.fr\/","logo":{"@type":"ImageObject","inLanguage":"en-GB","@id":"https:\/\/fdd-ihedn.fr\/#\/schema\/logo\/image\/","url":"https:\/\/fdd-ihedn.fr\/wp-content\/uploads\/2020\/04\/logoEcodef9.jpg","contentUrl":"https:\/\/fdd-ihedn.fr\/wp-content\/uploads\/2020\/04\/logoEcodef9.jpg","width":410,"height":212,"caption":"Chaire \u00c9conomie de d\u00e9fense - IHEDN"},"image":{"@id":"https:\/\/fdd-ihedn.fr\/#\/schema\/logo\/image\/"},"sameAs":["https:\/\/x.com\/Chaire_Ecodef","https:\/\/www.linkedin.com\/company\/chaire-ecodef-ihedn\/"]},{"@type":"Person","@id":"https:\/\/fdd-ihedn.fr\/#\/schema\/person\/9fdc5a3e2e544ff0f51c5e0732af0c12","name":"dev","image":{"@type":"ImageObject","inLanguage":"en-GB","@id":"https:\/\/secure.gravatar.com\/avatar\/f1ffcac9ca2fa95ad3ec33e9be3ade82f752acb0cabe541e56c5889225afa88a?s=96&d=mm&r=g","url":"https:\/\/secure.gravatar.com\/avatar\/f1ffcac9ca2fa95ad3ec33e9be3ade82f752acb0cabe541e56c5889225afa88a?s=96&d=mm&r=g","contentUrl":"https:\/\/secure.gravatar.com\/avatar\/f1ffcac9ca2fa95ad3ec33e9be3ade82f752acb0cabe541e56c5889225afa88a?s=96&d=mm&r=g","caption":"dev"},"url":"https:\/\/fdd-ihedn.fr\/en\/author\/dev\/"}]}},"_links":{"self":[{"href":"https:\/\/fdd-ihedn.fr\/en\/wp-json\/wp\/v2\/posts\/4130","targetHints":{"allow":["GET"]}}],"collection":[{"href":"https:\/\/fdd-ihedn.fr\/en\/wp-json\/wp\/v2\/posts"}],"about":[{"href":"https:\/\/fdd-ihedn.fr\/en\/wp-json\/wp\/v2\/types\/post"}],"author":[{"embeddable":true,"href":"https:\/\/fdd-ihedn.fr\/en\/wp-json\/wp\/v2\/users\/1"}],"replies":[{"embeddable":true,"href":"https:\/\/fdd-ihedn.fr\/en\/wp-json\/wp\/v2\/comments?post=4130"}],"version-history":[{"count":2,"href":"https:\/\/fdd-ihedn.fr\/en\/wp-json\/wp\/v2\/posts\/4130\/revisions"}],"predecessor-version":[{"id":4218,"href":"https:\/\/fdd-ihedn.fr\/en\/wp-json\/wp\/v2\/posts\/4130\/revisions\/4218"}],"wp:featuredmedia":[{"embeddable":true,"href":"https:\/\/fdd-ihedn.fr\/en\/wp-json\/wp\/v2\/media\/4217"}],"wp:attachment":[{"href":"https:\/\/fdd-ihedn.fr\/en\/wp-json\/wp\/v2\/media?parent=4130"}],"wp:term":[{"taxonomy":"category","embeddable":true,"href":"https:\/\/fdd-ihedn.fr\/en\/wp-json\/wp\/v2\/categories?post=4130"},{"taxonomy":"post_tag","embeddable":true,"href":"https:\/\/fdd-ihedn.fr\/en\/wp-json\/wp\/v2\/tags?post=4130"}],"curies":[{"name":"wp","href":"https:\/\/api.w.org\/{rel}","templated":true}]}}