{"id":4129,"date":"2017-04-04T16:53:55","date_gmt":"2017-04-04T14:53:55","guid":{"rendered":"https:\/\/fdd.concilium.click\/video-revoir-la-conference-les-industries-de-defense-un-atout-pour-leconomie\/"},"modified":"2024-09-24T14:02:58","modified_gmt":"2024-09-24T12:02:58","slug":"video-revoir-la-conference-les-industries-de-defense-un-atout-pour-leconomie","status":"publish","type":"post","link":"https:\/\/fdd-ihedn.fr\/en\/video-revoir-la-conference-les-industries-de-defense-un-atout-pour-leconomie\/","title":{"rendered":"[chaire ECODEF] Revoir la conf\u00e9rence \u201cLes industries de d\u00e9fense, un atout pour l\u2019\u00e9conomie ?\u201d"},"content":{"rendered":"<p>Organis\u00e9 le 22 mars 2017 par notre <a href=\"http:\/\/economie-defense.fr\/\" target=\"_blank\" rel=\"noopener\">Chair in Defence Economics<\/a> and the <a href=\"http:\/\/lecercledeseconomistes.fr\/\" target=\"_blank\" rel=\"noopener\">Cercle des \u00e9conomistes<\/a>, ce s\u00e9minaire a eu pour but, \u00e0 2 mois de l\u2019\u00e9lection pr\u00e9sidentielle, de permettre au grand public de bien comprendre les enjeux \u00e9conomiques du secteur de la d\u00e9fense.<\/p>\n<p>En effet, depuis les attentats qui ont frapp\u00e9 la France, les Fran\u00e7ais semblent de plus en plus convaincus de la n\u00e9cessit\u00e9 d\u2019une d\u00e9fense et ont une bonne image des arm\u00e9es. Ainsi 81% des Fran\u00e7ais souhaitent que le budget de la d\u00e9fense soit maintenu ou augment\u00e9 et 66% pense que <a href=\"http:\/\/www.defense.gouv.fr\/portail-defense\/mediatheque\/publications\/les-chiffres-cles-de-sondages-de-la-defense-juillet-2016\">la situation s\u00e9curitaire actuelle rend n\u00e9cessaire un effort budg\u00e9taire suppl\u00e9mentaire<\/a>.<\/p>\n<h5><strong><a href=\"https:\/\/www.youtube.com\/watch?v=3jR16cdttok\" target=\"_blank\" rel=\"noopener\">Session 1 : Le Monde est-il plus risqu\u00e9 ?<\/a><\/strong><\/h5>\n<p><strong>Enrico Letta<\/strong>, Ancien Pr\u00e9sident du Conseil italien<br \/>\n<strong>Jean-Herv\u00e9 Lorenzi<\/strong>, Pr\u00e9sident du Cercle des \u00e9conomistes<br \/>\n<strong>Pierre de Villiers<\/strong>, Chef d&rsquo;\u00c9tat-Major des arm\u00e9es<br \/>\nMod\u00e9ration : <strong>Sylvie Kauffmann<\/strong>, Le Monde<\/p>\n<p><a href=\"https:\/\/www.youtube.com\/watch?v=3jR16cdttok\" target=\"_blank\" rel=\"noopener\"><img loading=\"lazy\" decoding=\"async\" class=\"aligncenter wp-image-1191\" src=\"https:\/\/fdd-ihedn.fr\/wp-content\/uploads\/2021\/04\/visuel-session-1.png\" alt=\"visuel session 1\" width=\"400\" height=\"227\"><\/a><\/p>\n<h5><strong><a href=\"https:\/\/www.youtube.com\/watch?v=LbxmTec_4Ss\" target=\"_blank\" rel=\"noopener\">Session&nbsp;2&nbsp;: Comment adapter l\u2019industrie de d\u00e9fense face aux nouveaux risques&nbsp;?<\/a><\/strong><\/h5>\n<p><strong>Christian de Boissieu<\/strong>, membre du Cercle des \u00e9conomistes<br \/>\n<strong>Marwan Lahoud<\/strong>, Directeur de l\u2019international et de la strat\u00e9gie d\u2019Airbus<br \/>\n<strong>Laurent Collet-Billon<\/strong>, d\u00e9l\u00e9gu\u00e9 g\u00e9n\u00e9ral pour l\u2019armement<br \/>\nMod\u00e9ration : <strong>Sylvie Kauffmann<\/strong>, Le Monde<\/p>\n<p><a href=\"https:\/\/www.youtube.com\/watch?v=LbxmTec_4Ss\" target=\"_blank\" rel=\"noopener\"><img loading=\"lazy\" decoding=\"async\" class=\"aligncenter wp-image-1192\" src=\"https:\/\/fdd-ihedn.fr\/wp-content\/uploads\/2021\/04\/visuel-session-2.png\" alt=\"visuel session 2\" width=\"400\" height=\"227\"><\/a><\/p>\n<h5><strong><a href=\"https:\/\/www.youtube.com\/watch?v=bLf5sd1K7iE\" target=\"_blank\" rel=\"noopener\">Session 3&nbsp;: Quelle est la place de l\u2019industrie de d\u00e9fense dans la cr\u00e9ation de valeur&nbsp;?<\/a><\/strong><\/h5>\n<p><strong>Philippe Aghion<\/strong>, membre du Cercle des \u00e9conomistes<br \/>\n<strong>Jean Belin<\/strong>, Titulaire de la Chaire Economie de D\u00e9fense<br \/>\n<strong>Jean-Yves Battesti<\/strong>, Secr\u00e9taire G\u00e9n\u00e9ral de DCNS<br \/>\nMod\u00e9ration : <strong>Christian Menanteau<\/strong>, RTL<\/p>\n<p><a href=\"https:\/\/www.youtube.com\/watch?v=bLf5sd1K7iE\" target=\"_blank\" rel=\"noopener\"><img loading=\"lazy\" decoding=\"async\" class=\"aligncenter wp-image-1193\" src=\"https:\/\/fdd-ihedn.fr\/wp-content\/uploads\/2021\/04\/visuel-session-3.png\" alt=\"visuel session 3\" width=\"400\" height=\"227\"><\/a><\/p>\n<h5><strong><a href=\"https:\/\/www.youtube.com\/watch?v=v7jbCY4Nqus\" target=\"_blank\" rel=\"noopener\">Conclusion&nbsp;: L\u2019\u00e9conomie de d\u00e9fense, moteur de croissance en France<\/a><\/strong><\/h5>\n<p><strong>Jean-Claude Mallet<\/strong>, Conseiller sp\u00e9cial du Ministre de la D\u00e9fense<\/p>\n<p><a href=\"https:\/\/www.youtube.com\/watch?v=v7jbCY4Nqus\" target=\"_blank\" rel=\"noopener\"><img loading=\"lazy\" decoding=\"async\" class=\"aligncenter wp-image-1189\" src=\"https:\/\/fdd-ihedn.fr\/wp-content\/uploads\/2021\/04\/visuel-conclusion.png\" alt=\"visuel conclusion\" width=\"400\" height=\"227\"><\/a><\/p>","protected":false},"excerpt":{"rendered":"<p>Organis\u00e9 le 22 mars 2017 par notre Chaire \u00c9conomie de d\u00e9fense et le Cercle des \u00e9conomistes, ce s\u00e9minaire a eu pour but, \u00e0 2 mois de l\u2019\u00e9lection pr\u00e9sidentielle, de permettre au grand public de bien comprendre les enjeux \u00e9conomiques du secteur de la d\u00e9fense. En effet, depuis les attentats qui ont frapp\u00e9 la France, les [&hellip;]<\/p>\n","protected":false},"author":1,"featured_media":4219,"comment_status":"open","ping_status":"open","sticky":false,"template":"","format":"standard","meta":{"footnotes":""},"categories":[34,438],"tags":[],"class_list":{"0":"post-4129","1":"post","2":"type-post","3":"status-publish","4":"format-standard","5":"has-post-thumbnail","7":"category-activites","8":"category-chaire-economie-de-defense"},"yoast_head":"<!-- This site is optimized with the Yoast SEO plugin v27.4 - https:\/\/yoast.com\/product\/yoast-seo-wordpress\/ -->\n<title>[chaire ECODEF] Revoir la conf\u00e9rence \u201cLes industries de d\u00e9fense, un atout pour l\u2019\u00e9conomie ?\u201d - Fonds de dotation de l&#039;IHEDN<\/title>\n<meta name=\"robots\" content=\"index, follow, max-snippet:-1, max-image-preview:large, max-video-preview:-1\" \/>\n<link rel=\"canonical\" href=\"https:\/\/fdd-ihedn.fr\/en\/video-revoir-la-conference-les-industries-de-defense-un-atout-pour-leconomie\/\" \/>\n<meta property=\"og:locale\" content=\"en_GB\" \/>\n<meta property=\"og:type\" content=\"article\" \/>\n<meta property=\"og:title\" content=\"[chaire ECODEF] Revoir la conf\u00e9rence \u201cLes industries de d\u00e9fense, un atout pour l\u2019\u00e9conomie ?\u201d - Fonds de dotation de l&#039;IHEDN\" \/>\n<meta property=\"og:description\" content=\"Organis\u00e9 le 22 mars 2017 par notre Chaire \u00c9conomie de d\u00e9fense et le Cercle des \u00e9conomistes, ce s\u00e9minaire a eu pour but, \u00e0 2 mois de l\u2019\u00e9lection pr\u00e9sidentielle, de permettre au grand public de bien comprendre les enjeux \u00e9conomiques du secteur de la d\u00e9fense. En effet, depuis les attentats qui ont frapp\u00e9 la France, les [&hellip;]\" \/>\n<meta property=\"og:url\" content=\"https:\/\/fdd-ihedn.fr\/en\/video-revoir-la-conference-les-industries-de-defense-un-atout-pour-leconomie\/\" \/>\n<meta property=\"og:site_name\" content=\"Fonds de dotation de l&#039;IHEDN\" \/>\n<meta property=\"article:published_time\" content=\"2017-04-04T14:53:55+00:00\" \/>\n<meta property=\"article:modified_time\" content=\"2024-09-24T12:02:58+00:00\" \/>\n<meta property=\"og:image\" content=\"https:\/\/fdd-ihedn.fr\/wp-content\/uploads\/2017\/04\/visuel-conf-Cercle-Eco6-300x146-1.png\" \/>\n\t<meta property=\"og:image:width\" content=\"300\" \/>\n\t<meta property=\"og:image:height\" content=\"146\" \/>\n\t<meta property=\"og:image:type\" content=\"image\/png\" \/>\n<meta name=\"author\" content=\"dev\" \/>\n<meta name=\"twitter:card\" content=\"summary_large_image\" \/>\n<meta name=\"twitter:creator\" content=\"@Chaire_Ecodef\" \/>\n<meta name=\"twitter:site\" content=\"@Chaire_Ecodef\" \/>\n<meta name=\"twitter:label1\" content=\"Written by\" \/>\n\t<meta name=\"twitter:data1\" content=\"dev\" \/>\n\t<meta name=\"twitter:label2\" content=\"Estimated reading time\" \/>\n\t<meta name=\"twitter:data2\" content=\"1 minute\" \/>\n<script type=\"application\/ld+json\" class=\"yoast-schema-graph\">{\"@context\":\"https:\\\/\\\/schema.org\",\"@graph\":[{\"@type\":\"Article\",\"@id\":\"https:\\\/\\\/fdd-ihedn.fr\\\/video-revoir-la-conference-les-industries-de-defense-un-atout-pour-leconomie\\\/#article\",\"isPartOf\":{\"@id\":\"https:\\\/\\\/fdd-ihedn.fr\\\/video-revoir-la-conference-les-industries-de-defense-un-atout-pour-leconomie\\\/\"},\"author\":{\"name\":\"dev\",\"@id\":\"https:\\\/\\\/fdd-ihedn.fr\\\/#\\\/schema\\\/person\\\/9fdc5a3e2e544ff0f51c5e0732af0c12\"},\"headline\":\"[chaire ECODEF] Revoir la conf\u00e9rence \u201cLes industries de d\u00e9fense, un atout pour l\u2019\u00e9conomie ?\u201d\",\"datePublished\":\"2017-04-04T14:53:55+00:00\",\"dateModified\":\"2024-09-24T12:02:58+00:00\",\"mainEntityOfPage\":{\"@id\":\"https:\\\/\\\/fdd-ihedn.fr\\\/video-revoir-la-conference-les-industries-de-defense-un-atout-pour-leconomie\\\/\"},\"wordCount\":292,\"commentCount\":0,\"publisher\":{\"@id\":\"https:\\\/\\\/fdd-ihedn.fr\\\/#organization\"},\"image\":{\"@id\":\"https:\\\/\\\/fdd-ihedn.fr\\\/video-revoir-la-conference-les-industries-de-defense-un-atout-pour-leconomie\\\/#primaryimage\"},\"thumbnailUrl\":\"https:\\\/\\\/fdd-ihedn.fr\\\/wp-content\\\/uploads\\\/2017\\\/04\\\/visuel-conf-Cercle-Eco6-300x146-1.png\",\"articleSection\":[\"Activit\u00e9s\",\"Chaire \u00c9conomie de d\u00e9fense\"],\"inLanguage\":\"en-GB\",\"potentialAction\":[{\"@type\":\"CommentAction\",\"name\":\"Comment\",\"target\":[\"https:\\\/\\\/fdd-ihedn.fr\\\/video-revoir-la-conference-les-industries-de-defense-un-atout-pour-leconomie\\\/#respond\"]}]},{\"@type\":\"WebPage\",\"@id\":\"https:\\\/\\\/fdd-ihedn.fr\\\/video-revoir-la-conference-les-industries-de-defense-un-atout-pour-leconomie\\\/\",\"url\":\"https:\\\/\\\/fdd-ihedn.fr\\\/video-revoir-la-conference-les-industries-de-defense-un-atout-pour-leconomie\\\/\",\"name\":\"[chaire ECODEF] Revoir la conf\u00e9rence \u201cLes industries de d\u00e9fense, un atout pour l\u2019\u00e9conomie ?\u201d - Fonds de dotation de l&#039;IHEDN\",\"isPartOf\":{\"@id\":\"https:\\\/\\\/fdd-ihedn.fr\\\/#website\"},\"primaryImageOfPage\":{\"@id\":\"https:\\\/\\\/fdd-ihedn.fr\\\/video-revoir-la-conference-les-industries-de-defense-un-atout-pour-leconomie\\\/#primaryimage\"},\"image\":{\"@id\":\"https:\\\/\\\/fdd-ihedn.fr\\\/video-revoir-la-conference-les-industries-de-defense-un-atout-pour-leconomie\\\/#primaryimage\"},\"thumbnailUrl\":\"https:\\\/\\\/fdd-ihedn.fr\\\/wp-content\\\/uploads\\\/2017\\\/04\\\/visuel-conf-Cercle-Eco6-300x146-1.png\",\"datePublished\":\"2017-04-04T14:53:55+00:00\",\"dateModified\":\"2024-09-24T12:02:58+00:00\",\"breadcrumb\":{\"@id\":\"https:\\\/\\\/fdd-ihedn.fr\\\/video-revoir-la-conference-les-industries-de-defense-un-atout-pour-leconomie\\\/#breadcrumb\"},\"inLanguage\":\"en-GB\",\"potentialAction\":[{\"@type\":\"ReadAction\",\"target\":[\"https:\\\/\\\/fdd-ihedn.fr\\\/video-revoir-la-conference-les-industries-de-defense-un-atout-pour-leconomie\\\/\"]}]},{\"@type\":\"ImageObject\",\"inLanguage\":\"en-GB\",\"@id\":\"https:\\\/\\\/fdd-ihedn.fr\\\/video-revoir-la-conference-les-industries-de-defense-un-atout-pour-leconomie\\\/#primaryimage\",\"url\":\"https:\\\/\\\/fdd-ihedn.fr\\\/wp-content\\\/uploads\\\/2017\\\/04\\\/visuel-conf-Cercle-Eco6-300x146-1.png\",\"contentUrl\":\"https:\\\/\\\/fdd-ihedn.fr\\\/wp-content\\\/uploads\\\/2017\\\/04\\\/visuel-conf-Cercle-Eco6-300x146-1.png\",\"width\":300,\"height\":146},{\"@type\":\"BreadcrumbList\",\"@id\":\"https:\\\/\\\/fdd-ihedn.fr\\\/video-revoir-la-conference-les-industries-de-defense-un-atout-pour-leconomie\\\/#breadcrumb\",\"itemListElement\":[{\"@type\":\"ListItem\",\"position\":1,\"name\":\"Accueil\",\"item\":\"https:\\\/\\\/fdd-ihedn.fr\\\/\"},{\"@type\":\"ListItem\",\"position\":2,\"name\":\"[chaire ECODEF] Revoir la conf\u00e9rence \u201cLes industries de d\u00e9fense, un atout pour l\u2019\u00e9conomie ?\u201d\"}]},{\"@type\":\"WebSite\",\"@id\":\"https:\\\/\\\/fdd-ihedn.fr\\\/#website\",\"url\":\"https:\\\/\\\/fdd-ihedn.fr\\\/\",\"name\":\"Fonds de dotation de l&#039;IHEDN\",\"description\":\"Des projets innovants d\u00e9velopp\u00e9s pour l&#039;IHEDN gr\u00e2ce au m\u00e9c\u00e9nat\",\"publisher\":{\"@id\":\"https:\\\/\\\/fdd-ihedn.fr\\\/#organization\"},\"potentialAction\":[{\"@type\":\"SearchAction\",\"target\":{\"@type\":\"EntryPoint\",\"urlTemplate\":\"https:\\\/\\\/fdd-ihedn.fr\\\/?s={search_term_string}\"},\"query-input\":{\"@type\":\"PropertyValueSpecification\",\"valueRequired\":true,\"valueName\":\"search_term_string\"}}],\"inLanguage\":\"en-GB\"},{\"@type\":\"Organization\",\"@id\":\"https:\\\/\\\/fdd-ihedn.fr\\\/#organization\",\"name\":\"Chaire \u00c9conomie de d\u00e9fense - IHEDN\",\"url\":\"https:\\\/\\\/fdd-ihedn.fr\\\/\",\"logo\":{\"@type\":\"ImageObject\",\"inLanguage\":\"en-GB\",\"@id\":\"https:\\\/\\\/fdd-ihedn.fr\\\/#\\\/schema\\\/logo\\\/image\\\/\",\"url\":\"https:\\\/\\\/fdd-ihedn.fr\\\/wp-content\\\/uploads\\\/2020\\\/04\\\/logoEcodef9.jpg\",\"contentUrl\":\"https:\\\/\\\/fdd-ihedn.fr\\\/wp-content\\\/uploads\\\/2020\\\/04\\\/logoEcodef9.jpg\",\"width\":410,\"height\":212,\"caption\":\"Chaire \u00c9conomie de d\u00e9fense - IHEDN\"},\"image\":{\"@id\":\"https:\\\/\\\/fdd-ihedn.fr\\\/#\\\/schema\\\/logo\\\/image\\\/\"},\"sameAs\":[\"https:\\\/\\\/x.com\\\/Chaire_Ecodef\",\"https:\\\/\\\/www.linkedin.com\\\/company\\\/chaire-ecodef-ihedn\\\/\"]},{\"@type\":\"Person\",\"@id\":\"https:\\\/\\\/fdd-ihedn.fr\\\/#\\\/schema\\\/person\\\/9fdc5a3e2e544ff0f51c5e0732af0c12\",\"name\":\"dev\",\"image\":{\"@type\":\"ImageObject\",\"inLanguage\":\"en-GB\",\"@id\":\"https:\\\/\\\/secure.gravatar.com\\\/avatar\\\/f1ffcac9ca2fa95ad3ec33e9be3ade82f752acb0cabe541e56c5889225afa88a?s=96&d=mm&r=g\",\"url\":\"https:\\\/\\\/secure.gravatar.com\\\/avatar\\\/f1ffcac9ca2fa95ad3ec33e9be3ade82f752acb0cabe541e56c5889225afa88a?s=96&d=mm&r=g\",\"contentUrl\":\"https:\\\/\\\/secure.gravatar.com\\\/avatar\\\/f1ffcac9ca2fa95ad3ec33e9be3ade82f752acb0cabe541e56c5889225afa88a?s=96&d=mm&r=g\",\"caption\":\"dev\"},\"url\":\"https:\\\/\\\/fdd-ihedn.fr\\\/en\\\/author\\\/dev\\\/\"}]}<\/script>\n<!-- \/ Yoast SEO plugin. -->","yoast_head_json":{"title":"[chaire ECODEF] Revoir la conf\u00e9rence \u201cLes industries de d\u00e9fense, un atout pour l\u2019\u00e9conomie ?\u201d - Fonds de dotation de l&#039;IHEDN","robots":{"index":"index","follow":"follow","max-snippet":"max-snippet:-1","max-image-preview":"max-image-preview:large","max-video-preview":"max-video-preview:-1"},"canonical":"https:\/\/fdd-ihedn.fr\/en\/video-revoir-la-conference-les-industries-de-defense-un-atout-pour-leconomie\/","og_locale":"en_GB","og_type":"article","og_title":"[chaire ECODEF] Revoir la conf\u00e9rence \u201cLes industries de d\u00e9fense, un atout pour l\u2019\u00e9conomie ?\u201d - Fonds de dotation de l&#039;IHEDN","og_description":"Organis\u00e9 le 22 mars 2017 par notre Chaire \u00c9conomie de d\u00e9fense et le Cercle des \u00e9conomistes, ce s\u00e9minaire a eu pour but, \u00e0 2 mois de l\u2019\u00e9lection pr\u00e9sidentielle, de permettre au grand public de bien comprendre les enjeux \u00e9conomiques du secteur de la d\u00e9fense. En effet, depuis les attentats qui ont frapp\u00e9 la France, les [&hellip;]","og_url":"https:\/\/fdd-ihedn.fr\/en\/video-revoir-la-conference-les-industries-de-defense-un-atout-pour-leconomie\/","og_site_name":"Fonds de dotation de l&#039;IHEDN","article_published_time":"2017-04-04T14:53:55+00:00","article_modified_time":"2024-09-24T12:02:58+00:00","og_image":[{"width":300,"height":146,"url":"https:\/\/fdd-ihedn.fr\/wp-content\/uploads\/2017\/04\/visuel-conf-Cercle-Eco6-300x146-1.png","type":"image\/png"}],"author":"dev","twitter_card":"summary_large_image","twitter_creator":"@Chaire_Ecodef","twitter_site":"@Chaire_Ecodef","twitter_misc":{"Written by":"dev","Estimated reading time":"1 minute"},"schema":{"@context":"https:\/\/schema.org","@graph":[{"@type":"Article","@id":"https:\/\/fdd-ihedn.fr\/video-revoir-la-conference-les-industries-de-defense-un-atout-pour-leconomie\/#article","isPartOf":{"@id":"https:\/\/fdd-ihedn.fr\/video-revoir-la-conference-les-industries-de-defense-un-atout-pour-leconomie\/"},"author":{"name":"dev","@id":"https:\/\/fdd-ihedn.fr\/#\/schema\/person\/9fdc5a3e2e544ff0f51c5e0732af0c12"},"headline":"[chaire ECODEF] Revoir la conf\u00e9rence \u201cLes industries de d\u00e9fense, un atout pour l\u2019\u00e9conomie ?\u201d","datePublished":"2017-04-04T14:53:55+00:00","dateModified":"2024-09-24T12:02:58+00:00","mainEntityOfPage":{"@id":"https:\/\/fdd-ihedn.fr\/video-revoir-la-conference-les-industries-de-defense-un-atout-pour-leconomie\/"},"wordCount":292,"commentCount":0,"publisher":{"@id":"https:\/\/fdd-ihedn.fr\/#organization"},"image":{"@id":"https:\/\/fdd-ihedn.fr\/video-revoir-la-conference-les-industries-de-defense-un-atout-pour-leconomie\/#primaryimage"},"thumbnailUrl":"https:\/\/fdd-ihedn.fr\/wp-content\/uploads\/2017\/04\/visuel-conf-Cercle-Eco6-300x146-1.png","articleSection":["Activit\u00e9s","Chaire \u00c9conomie de d\u00e9fense"],"inLanguage":"en-GB","potentialAction":[{"@type":"CommentAction","name":"Comment","target":["https:\/\/fdd-ihedn.fr\/video-revoir-la-conference-les-industries-de-defense-un-atout-pour-leconomie\/#respond"]}]},{"@type":"WebPage","@id":"https:\/\/fdd-ihedn.fr\/video-revoir-la-conference-les-industries-de-defense-un-atout-pour-leconomie\/","url":"https:\/\/fdd-ihedn.fr\/video-revoir-la-conference-les-industries-de-defense-un-atout-pour-leconomie\/","name":"[chaire ECODEF] Revoir la conf\u00e9rence \u201cLes industries de d\u00e9fense, un atout pour l\u2019\u00e9conomie ?\u201d - Fonds de dotation de l&#039;IHEDN","isPartOf":{"@id":"https:\/\/fdd-ihedn.fr\/#website"},"primaryImageOfPage":{"@id":"https:\/\/fdd-ihedn.fr\/video-revoir-la-conference-les-industries-de-defense-un-atout-pour-leconomie\/#primaryimage"},"image":{"@id":"https:\/\/fdd-ihedn.fr\/video-revoir-la-conference-les-industries-de-defense-un-atout-pour-leconomie\/#primaryimage"},"thumbnailUrl":"https:\/\/fdd-ihedn.fr\/wp-content\/uploads\/2017\/04\/visuel-conf-Cercle-Eco6-300x146-1.png","datePublished":"2017-04-04T14:53:55+00:00","dateModified":"2024-09-24T12:02:58+00:00","breadcrumb":{"@id":"https:\/\/fdd-ihedn.fr\/video-revoir-la-conference-les-industries-de-defense-un-atout-pour-leconomie\/#breadcrumb"},"inLanguage":"en-GB","potentialAction":[{"@type":"ReadAction","target":["https:\/\/fdd-ihedn.fr\/video-revoir-la-conference-les-industries-de-defense-un-atout-pour-leconomie\/"]}]},{"@type":"ImageObject","inLanguage":"en-GB","@id":"https:\/\/fdd-ihedn.fr\/video-revoir-la-conference-les-industries-de-defense-un-atout-pour-leconomie\/#primaryimage","url":"https:\/\/fdd-ihedn.fr\/wp-content\/uploads\/2017\/04\/visuel-conf-Cercle-Eco6-300x146-1.png","contentUrl":"https:\/\/fdd-ihedn.fr\/wp-content\/uploads\/2017\/04\/visuel-conf-Cercle-Eco6-300x146-1.png","width":300,"height":146},{"@type":"BreadcrumbList","@id":"https:\/\/fdd-ihedn.fr\/video-revoir-la-conference-les-industries-de-defense-un-atout-pour-leconomie\/#breadcrumb","itemListElement":[{"@type":"ListItem","position":1,"name":"Accueil","item":"https:\/\/fdd-ihedn.fr\/"},{"@type":"ListItem","position":2,"name":"[chaire ECODEF] Revoir la conf\u00e9rence \u201cLes industries de d\u00e9fense, un atout pour l\u2019\u00e9conomie ?\u201d"}]},{"@type":"WebSite","@id":"https:\/\/fdd-ihedn.fr\/#website","url":"https:\/\/fdd-ihedn.fr\/","name":"IHEDN Endowment Fund","description":"Innovative projects developed for IHEDN thanks to sponsorship","publisher":{"@id":"https:\/\/fdd-ihedn.fr\/#organization"},"potentialAction":[{"@type":"SearchAction","target":{"@type":"EntryPoint","urlTemplate":"https:\/\/fdd-ihedn.fr\/?s={search_term_string}"},"query-input":{"@type":"PropertyValueSpecification","valueRequired":true,"valueName":"search_term_string"}}],"inLanguage":"en-GB"},{"@type":"Organization","@id":"https:\/\/fdd-ihedn.fr\/#organization","name":"Chair in Defence Economics - IHEDN","url":"https:\/\/fdd-ihedn.fr\/","logo":{"@type":"ImageObject","inLanguage":"en-GB","@id":"https:\/\/fdd-ihedn.fr\/#\/schema\/logo\/image\/","url":"https:\/\/fdd-ihedn.fr\/wp-content\/uploads\/2020\/04\/logoEcodef9.jpg","contentUrl":"https:\/\/fdd-ihedn.fr\/wp-content\/uploads\/2020\/04\/logoEcodef9.jpg","width":410,"height":212,"caption":"Chaire \u00c9conomie de d\u00e9fense - IHEDN"},"image":{"@id":"https:\/\/fdd-ihedn.fr\/#\/schema\/logo\/image\/"},"sameAs":["https:\/\/x.com\/Chaire_Ecodef","https:\/\/www.linkedin.com\/company\/chaire-ecodef-ihedn\/"]},{"@type":"Person","@id":"https:\/\/fdd-ihedn.fr\/#\/schema\/person\/9fdc5a3e2e544ff0f51c5e0732af0c12","name":"dev","image":{"@type":"ImageObject","inLanguage":"en-GB","@id":"https:\/\/secure.gravatar.com\/avatar\/f1ffcac9ca2fa95ad3ec33e9be3ade82f752acb0cabe541e56c5889225afa88a?s=96&d=mm&r=g","url":"https:\/\/secure.gravatar.com\/avatar\/f1ffcac9ca2fa95ad3ec33e9be3ade82f752acb0cabe541e56c5889225afa88a?s=96&d=mm&r=g","contentUrl":"https:\/\/secure.gravatar.com\/avatar\/f1ffcac9ca2fa95ad3ec33e9be3ade82f752acb0cabe541e56c5889225afa88a?s=96&d=mm&r=g","caption":"dev"},"url":"https:\/\/fdd-ihedn.fr\/en\/author\/dev\/"}]}},"_links":{"self":[{"href":"https:\/\/fdd-ihedn.fr\/en\/wp-json\/wp\/v2\/posts\/4129","targetHints":{"allow":["GET"]}}],"collection":[{"href":"https:\/\/fdd-ihedn.fr\/en\/wp-json\/wp\/v2\/posts"}],"about":[{"href":"https:\/\/fdd-ihedn.fr\/en\/wp-json\/wp\/v2\/types\/post"}],"author":[{"embeddable":true,"href":"https:\/\/fdd-ihedn.fr\/en\/wp-json\/wp\/v2\/users\/1"}],"replies":[{"embeddable":true,"href":"https:\/\/fdd-ihedn.fr\/en\/wp-json\/wp\/v2\/comments?post=4129"}],"version-history":[{"count":4,"href":"https:\/\/fdd-ihedn.fr\/en\/wp-json\/wp\/v2\/posts\/4129\/revisions"}],"predecessor-version":[{"id":5674,"href":"https:\/\/fdd-ihedn.fr\/en\/wp-json\/wp\/v2\/posts\/4129\/revisions\/5674"}],"wp:featuredmedia":[{"embeddable":true,"href":"https:\/\/fdd-ihedn.fr\/en\/wp-json\/wp\/v2\/media\/4219"}],"wp:attachment":[{"href":"https:\/\/fdd-ihedn.fr\/en\/wp-json\/wp\/v2\/media?parent=4129"}],"wp:term":[{"taxonomy":"category","embeddable":true,"href":"https:\/\/fdd-ihedn.fr\/en\/wp-json\/wp\/v2\/categories?post=4129"},{"taxonomy":"post_tag","embeddable":true,"href":"https:\/\/fdd-ihedn.fr\/en\/wp-json\/wp\/v2\/tags?post=4129"}],"curies":[{"name":"wp","href":"https:\/\/api.w.org\/{rel}","templated":true}]}}