{"id":4128,"date":"2016-12-05T08:16:09","date_gmt":"2016-12-05T07:16:09","guid":{"rendered":"https:\/\/fdd.concilium.click\/journee-cohesion-nationale-et-citoyennete-amiens-le-1er-decembre-2016\/"},"modified":"2022-02-04T14:18:57","modified_gmt":"2022-02-04T13:18:57","slug":"journee-cohesion-nationale-et-citoyennete-amiens-le-1er-decembre-2016","status":"publish","type":"post","link":"https:\/\/fdd-ihedn.fr\/en\/journee-cohesion-nationale-et-citoyennete-amiens-le-1er-decembre-2016\/","title":{"rendered":"National Cohesion and Citizenship Day - Amiens, 1 December 2016"},"content":{"rendered":"<p>Une\u00a0journ\u00e9e \u00ab\u00a0Coh\u00e9sion nationale et citoyennet\u00e9\u00a0\u00bb a \u00e9t\u00e9 organis\u00e9e le 1<sup>er<\/sup> d\u00e9cembre \u00e0 Amiens avec l&rsquo;appui de l\u2019association r\u00e9gionale IHEDN \u2013 Picardie. Elle a port\u00e9 sur le th\u00e8me de l&rsquo;engagement des jeunes et s&rsquo;est inscrite dans le prolongement de la pr\u00e9c\u00e9dente session ami\u00e9noise, organis\u00e9e le 25 novembre 2013.<\/p>\n<p>Elle a rassembl\u00e9 environ 80 personnes (cadres du milieu associatif, enseignants et chefs d\u2019\u00e9tablissement, cadres de la politique de la ville et des collectivit\u00e9s locales, \u00e9lus locaux, militaires, etc.) autour de Philippe de Mester, Pr\u00e9fet de la Somme, et du g\u00e9n\u00e9ral de corps d\u2019arm\u00e9e Bernard de Courr\u00e8ges d\u2019Ustou, Directeur de l\u2019IHEDN.<\/p>\n<p>Trois conf\u00e9rences\/d\u00e9bats \u00e9taient au programme :<\/p>\n<p>\u2022 \u00ab\u00a0Qu\u2019est-ce que la coh\u00e9sion nationale ? Qu\u2019est-ce que la citoyennet\u00e9 ?\u00a0\u00bb, par l\u2019Amiral Fran\u00e7ois Dupont, Ancien directeur de l\u2019IHEDN, et R\u00e9da Didi, Fondateur et d\u00e9l\u00e9gu\u00e9 g\u00e9n\u00e9ral du think tank Graines de France et auditeur de ce s\u00e9minaire en 2008 ;<\/p>\n<p>\u2022 \u00ab\u00a0Les freins potentiels \u00e0 l&rsquo;engagement des jeunes\u00a0\u00bb, par Fabien Lafay, Responsable du P\u00f4le R\u00e9ussite de l\u2019universit\u00e9 Jean Moulin Lyon 3 ;<\/p>\n<p>\u2022 \u00ab\u00a0Le service civique\u00a0\u00bb, par Constance Stoyanov, Adjointe au p\u00f4le des politiques de jeunesse de la Direction r\u00e9gionale de la jeunesse, des sports et de la coh\u00e9sion sociale des Hauts-de-France, Didier Belet, Directeur d\u00e9partemental de la coh\u00e9sion sociale de la Somme, et Marc Germanangue, Directeur g\u00e9n\u00e9ral adjoint et Directeur P\u00e9dagogique de l&rsquo;Institut de l&rsquo;engagement.<\/p>\n<p>Apr\u00e8s Lille, Marseille, Le Havre, Nantes, Lyon, Amiens et\u00a0Clermont-Ferrand, cet \u00e9v\u00e9nement a constitu\u00e9 le 8e s\u00e9minaire \u00ab\u00a0Coh\u00e9sion nationale et citoyennet\u00e9\u00a0\u00bb organis\u00e9 depuis 2011 en province par le Fonds de dotation de l\u2019IHEDN, avec l&rsquo;appui de la Communaut\u00e9 IHEDN et le soutien de Lafarge, m\u00e9c\u00e8ne historique du fonds.<\/p>","protected":false},"excerpt":{"rendered":"<p>Une\u00a0journ\u00e9e \u00ab\u00a0Coh\u00e9sion nationale et citoyennet\u00e9\u00a0\u00bb a \u00e9t\u00e9 organis\u00e9e le 1er d\u00e9cembre \u00e0 Amiens avec l&rsquo;appui de l\u2019association r\u00e9gionale IHEDN \u2013 Picardie. Elle a port\u00e9 sur le th\u00e8me de l&rsquo;engagement des jeunes et s&rsquo;est inscrite dans le prolongement de la pr\u00e9c\u00e9dente session ami\u00e9noise, organis\u00e9e le 25 novembre 2013. Elle a rassembl\u00e9 environ 80 personnes (cadres du [&hellip;]<\/p>\n","protected":false},"author":1,"featured_media":3501,"comment_status":"open","ping_status":"open","sticky":false,"template":"","format":"standard","meta":{"footnotes":""},"categories":[34,450],"tags":[],"class_list":{"0":"post-4128","1":"post","2":"type-post","3":"status-publish","4":"format-standard","5":"has-post-thumbnail","7":"category-activites","8":"category-cnc"},"yoast_head":"<!-- This site is optimized with the Yoast SEO plugin v27.4 - https:\/\/yoast.com\/product\/yoast-seo-wordpress\/ -->\n<title>Journ\u00e9e &quot;Coh\u00e9sion nationale et citoyennet\u00e9&quot; - Amiens, le 1er d\u00e9cembre 2016 - Fonds de dotation de l&#039;IHEDN<\/title>\n<meta name=\"robots\" content=\"index, follow, max-snippet:-1, max-image-preview:large, max-video-preview:-1\" \/>\n<link rel=\"canonical\" href=\"https:\/\/fdd-ihedn.fr\/en\/journee-cohesion-nationale-et-citoyennete-amiens-le-1er-decembre-2016\/\" \/>\n<meta property=\"og:locale\" content=\"en_GB\" \/>\n<meta property=\"og:type\" content=\"article\" \/>\n<meta property=\"og:title\" content=\"Journ\u00e9e &quot;Coh\u00e9sion nationale et citoyennet\u00e9&quot; - Amiens, le 1er d\u00e9cembre 2016 - Fonds de dotation de l&#039;IHEDN\" \/>\n<meta property=\"og:description\" content=\"Une\u00a0journ\u00e9e \u00ab\u00a0Coh\u00e9sion nationale et citoyennet\u00e9\u00a0\u00bb a \u00e9t\u00e9 organis\u00e9e le 1er d\u00e9cembre \u00e0 Amiens avec l&rsquo;appui de l\u2019association r\u00e9gionale IHEDN \u2013 Picardie. Elle a port\u00e9 sur le th\u00e8me de l&rsquo;engagement des jeunes et s&rsquo;est inscrite dans le prolongement de la pr\u00e9c\u00e9dente session ami\u00e9noise, organis\u00e9e le 25 novembre 2013. Elle a rassembl\u00e9 environ 80 personnes (cadres du [&hellip;]\" \/>\n<meta property=\"og:url\" content=\"https:\/\/fdd-ihedn.fr\/en\/journee-cohesion-nationale-et-citoyennete-amiens-le-1er-decembre-2016\/\" \/>\n<meta property=\"og:site_name\" content=\"Fonds de dotation de l&#039;IHEDN\" \/>\n<meta property=\"article:published_time\" content=\"2016-12-05T07:16:09+00:00\" \/>\n<meta property=\"article:modified_time\" content=\"2022-02-04T13:18:57+00:00\" \/>\n<meta property=\"og:image\" content=\"https:\/\/fdd-ihedn.fr\/wp-content\/uploads\/2021\/04\/DSC_0700-2.jpg\" \/>\n\t<meta property=\"og:image:width\" content=\"2396\" \/>\n\t<meta property=\"og:image:height\" content=\"1650\" \/>\n\t<meta property=\"og:image:type\" content=\"image\/jpeg\" \/>\n<meta name=\"author\" content=\"dev\" \/>\n<meta name=\"twitter:card\" content=\"summary_large_image\" \/>\n<meta name=\"twitter:creator\" content=\"@Chaire_Ecodef\" \/>\n<meta name=\"twitter:site\" content=\"@Chaire_Ecodef\" \/>\n<meta name=\"twitter:label1\" content=\"Written by\" \/>\n\t<meta name=\"twitter:data1\" content=\"dev\" \/>\n\t<meta name=\"twitter:label2\" content=\"Estimated reading time\" \/>\n\t<meta name=\"twitter:data2\" content=\"2 minutes\" \/>\n<script type=\"application\/ld+json\" class=\"yoast-schema-graph\">{\"@context\":\"https:\\\/\\\/schema.org\",\"@graph\":[{\"@type\":\"Article\",\"@id\":\"https:\\\/\\\/fdd-ihedn.fr\\\/journee-cohesion-nationale-et-citoyennete-amiens-le-1er-decembre-2016\\\/#article\",\"isPartOf\":{\"@id\":\"https:\\\/\\\/fdd-ihedn.fr\\\/journee-cohesion-nationale-et-citoyennete-amiens-le-1er-decembre-2016\\\/\"},\"author\":{\"name\":\"dev\",\"@id\":\"https:\\\/\\\/fdd-ihedn.fr\\\/#\\\/schema\\\/person\\\/9fdc5a3e2e544ff0f51c5e0732af0c12\"},\"headline\":\"Journ\u00e9e \u00ab\u00a0Coh\u00e9sion nationale et citoyennet\u00e9\u00a0\u00bb &#8211; Amiens, le 1er d\u00e9cembre 2016\",\"datePublished\":\"2016-12-05T07:16:09+00:00\",\"dateModified\":\"2022-02-04T13:18:57+00:00\",\"mainEntityOfPage\":{\"@id\":\"https:\\\/\\\/fdd-ihedn.fr\\\/journee-cohesion-nationale-et-citoyennete-amiens-le-1er-decembre-2016\\\/\"},\"wordCount\":327,\"commentCount\":0,\"publisher\":{\"@id\":\"https:\\\/\\\/fdd-ihedn.fr\\\/#organization\"},\"image\":{\"@id\":\"https:\\\/\\\/fdd-ihedn.fr\\\/journee-cohesion-nationale-et-citoyennete-amiens-le-1er-decembre-2016\\\/#primaryimage\"},\"thumbnailUrl\":\"https:\\\/\\\/fdd-ihedn.fr\\\/wp-content\\\/uploads\\\/2021\\\/04\\\/DSC_0700-2.jpg\",\"articleSection\":[\"Activit\u00e9s\",\"CNC\"],\"inLanguage\":\"en-GB\",\"potentialAction\":[{\"@type\":\"CommentAction\",\"name\":\"Comment\",\"target\":[\"https:\\\/\\\/fdd-ihedn.fr\\\/journee-cohesion-nationale-et-citoyennete-amiens-le-1er-decembre-2016\\\/#respond\"]}]},{\"@type\":\"WebPage\",\"@id\":\"https:\\\/\\\/fdd-ihedn.fr\\\/journee-cohesion-nationale-et-citoyennete-amiens-le-1er-decembre-2016\\\/\",\"url\":\"https:\\\/\\\/fdd-ihedn.fr\\\/journee-cohesion-nationale-et-citoyennete-amiens-le-1er-decembre-2016\\\/\",\"name\":\"Journ\u00e9e \\\"Coh\u00e9sion nationale et citoyennet\u00e9\\\" - Amiens, le 1er d\u00e9cembre 2016 - Fonds de dotation de l&#039;IHEDN\",\"isPartOf\":{\"@id\":\"https:\\\/\\\/fdd-ihedn.fr\\\/#website\"},\"primaryImageOfPage\":{\"@id\":\"https:\\\/\\\/fdd-ihedn.fr\\\/journee-cohesion-nationale-et-citoyennete-amiens-le-1er-decembre-2016\\\/#primaryimage\"},\"image\":{\"@id\":\"https:\\\/\\\/fdd-ihedn.fr\\\/journee-cohesion-nationale-et-citoyennete-amiens-le-1er-decembre-2016\\\/#primaryimage\"},\"thumbnailUrl\":\"https:\\\/\\\/fdd-ihedn.fr\\\/wp-content\\\/uploads\\\/2021\\\/04\\\/DSC_0700-2.jpg\",\"datePublished\":\"2016-12-05T07:16:09+00:00\",\"dateModified\":\"2022-02-04T13:18:57+00:00\",\"breadcrumb\":{\"@id\":\"https:\\\/\\\/fdd-ihedn.fr\\\/journee-cohesion-nationale-et-citoyennete-amiens-le-1er-decembre-2016\\\/#breadcrumb\"},\"inLanguage\":\"en-GB\",\"potentialAction\":[{\"@type\":\"ReadAction\",\"target\":[\"https:\\\/\\\/fdd-ihedn.fr\\\/journee-cohesion-nationale-et-citoyennete-amiens-le-1er-decembre-2016\\\/\"]}]},{\"@type\":\"ImageObject\",\"inLanguage\":\"en-GB\",\"@id\":\"https:\\\/\\\/fdd-ihedn.fr\\\/journee-cohesion-nationale-et-citoyennete-amiens-le-1er-decembre-2016\\\/#primaryimage\",\"url\":\"https:\\\/\\\/fdd-ihedn.fr\\\/wp-content\\\/uploads\\\/2021\\\/04\\\/DSC_0700-2.jpg\",\"contentUrl\":\"https:\\\/\\\/fdd-ihedn.fr\\\/wp-content\\\/uploads\\\/2021\\\/04\\\/DSC_0700-2.jpg\",\"width\":2396,\"height\":1650},{\"@type\":\"BreadcrumbList\",\"@id\":\"https:\\\/\\\/fdd-ihedn.fr\\\/journee-cohesion-nationale-et-citoyennete-amiens-le-1er-decembre-2016\\\/#breadcrumb\",\"itemListElement\":[{\"@type\":\"ListItem\",\"position\":1,\"name\":\"Accueil\",\"item\":\"https:\\\/\\\/fdd-ihedn.fr\\\/\"},{\"@type\":\"ListItem\",\"position\":2,\"name\":\"Journ\u00e9e &#8220;Coh\u00e9sion nationale et citoyennet\u00e9&#8221; &#8211; Amiens, le 1er d\u00e9cembre 2016\"}]},{\"@type\":\"WebSite\",\"@id\":\"https:\\\/\\\/fdd-ihedn.fr\\\/#website\",\"url\":\"https:\\\/\\\/fdd-ihedn.fr\\\/\",\"name\":\"Fonds de dotation de l&#039;IHEDN\",\"description\":\"Des projets innovants d\u00e9velopp\u00e9s pour l&#039;IHEDN gr\u00e2ce au m\u00e9c\u00e9nat\",\"publisher\":{\"@id\":\"https:\\\/\\\/fdd-ihedn.fr\\\/#organization\"},\"potentialAction\":[{\"@type\":\"SearchAction\",\"target\":{\"@type\":\"EntryPoint\",\"urlTemplate\":\"https:\\\/\\\/fdd-ihedn.fr\\\/?s={search_term_string}\"},\"query-input\":{\"@type\":\"PropertyValueSpecification\",\"valueRequired\":true,\"valueName\":\"search_term_string\"}}],\"inLanguage\":\"en-GB\"},{\"@type\":\"Organization\",\"@id\":\"https:\\\/\\\/fdd-ihedn.fr\\\/#organization\",\"name\":\"Chaire \u00c9conomie de d\u00e9fense - IHEDN\",\"url\":\"https:\\\/\\\/fdd-ihedn.fr\\\/\",\"logo\":{\"@type\":\"ImageObject\",\"inLanguage\":\"en-GB\",\"@id\":\"https:\\\/\\\/fdd-ihedn.fr\\\/#\\\/schema\\\/logo\\\/image\\\/\",\"url\":\"https:\\\/\\\/fdd-ihedn.fr\\\/wp-content\\\/uploads\\\/2020\\\/04\\\/logoEcodef9.jpg\",\"contentUrl\":\"https:\\\/\\\/fdd-ihedn.fr\\\/wp-content\\\/uploads\\\/2020\\\/04\\\/logoEcodef9.jpg\",\"width\":410,\"height\":212,\"caption\":\"Chaire \u00c9conomie de d\u00e9fense - IHEDN\"},\"image\":{\"@id\":\"https:\\\/\\\/fdd-ihedn.fr\\\/#\\\/schema\\\/logo\\\/image\\\/\"},\"sameAs\":[\"https:\\\/\\\/x.com\\\/Chaire_Ecodef\",\"https:\\\/\\\/www.linkedin.com\\\/company\\\/chaire-ecodef-ihedn\\\/\"]},{\"@type\":\"Person\",\"@id\":\"https:\\\/\\\/fdd-ihedn.fr\\\/#\\\/schema\\\/person\\\/9fdc5a3e2e544ff0f51c5e0732af0c12\",\"name\":\"dev\",\"image\":{\"@type\":\"ImageObject\",\"inLanguage\":\"en-GB\",\"@id\":\"https:\\\/\\\/secure.gravatar.com\\\/avatar\\\/f1ffcac9ca2fa95ad3ec33e9be3ade82f752acb0cabe541e56c5889225afa88a?s=96&d=mm&r=g\",\"url\":\"https:\\\/\\\/secure.gravatar.com\\\/avatar\\\/f1ffcac9ca2fa95ad3ec33e9be3ade82f752acb0cabe541e56c5889225afa88a?s=96&d=mm&r=g\",\"contentUrl\":\"https:\\\/\\\/secure.gravatar.com\\\/avatar\\\/f1ffcac9ca2fa95ad3ec33e9be3ade82f752acb0cabe541e56c5889225afa88a?s=96&d=mm&r=g\",\"caption\":\"dev\"},\"url\":\"https:\\\/\\\/fdd-ihedn.fr\\\/en\\\/author\\\/dev\\\/\"}]}<\/script>\n<!-- \/ Yoast SEO plugin. -->","yoast_head_json":{"title":"Journ\u00e9e \"Coh\u00e9sion nationale et citoyennet\u00e9\" - Amiens, le 1er d\u00e9cembre 2016 - Fonds de dotation de l&#039;IHEDN","robots":{"index":"index","follow":"follow","max-snippet":"max-snippet:-1","max-image-preview":"max-image-preview:large","max-video-preview":"max-video-preview:-1"},"canonical":"https:\/\/fdd-ihedn.fr\/en\/journee-cohesion-nationale-et-citoyennete-amiens-le-1er-decembre-2016\/","og_locale":"en_GB","og_type":"article","og_title":"Journ\u00e9e \"Coh\u00e9sion nationale et citoyennet\u00e9\" - Amiens, le 1er d\u00e9cembre 2016 - Fonds de dotation de l&#039;IHEDN","og_description":"Une\u00a0journ\u00e9e \u00ab\u00a0Coh\u00e9sion nationale et citoyennet\u00e9\u00a0\u00bb a \u00e9t\u00e9 organis\u00e9e le 1er d\u00e9cembre \u00e0 Amiens avec l&rsquo;appui de l\u2019association r\u00e9gionale IHEDN \u2013 Picardie. Elle a port\u00e9 sur le th\u00e8me de l&rsquo;engagement des jeunes et s&rsquo;est inscrite dans le prolongement de la pr\u00e9c\u00e9dente session ami\u00e9noise, organis\u00e9e le 25 novembre 2013. Elle a rassembl\u00e9 environ 80 personnes (cadres du [&hellip;]","og_url":"https:\/\/fdd-ihedn.fr\/en\/journee-cohesion-nationale-et-citoyennete-amiens-le-1er-decembre-2016\/","og_site_name":"Fonds de dotation de l&#039;IHEDN","article_published_time":"2016-12-05T07:16:09+00:00","article_modified_time":"2022-02-04T13:18:57+00:00","og_image":[{"width":2396,"height":1650,"url":"https:\/\/fdd-ihedn.fr\/wp-content\/uploads\/2021\/04\/DSC_0700-2.jpg","type":"image\/jpeg"}],"author":"dev","twitter_card":"summary_large_image","twitter_creator":"@Chaire_Ecodef","twitter_site":"@Chaire_Ecodef","twitter_misc":{"Written by":"dev","Estimated reading time":"2 minutes"},"schema":{"@context":"https:\/\/schema.org","@graph":[{"@type":"Article","@id":"https:\/\/fdd-ihedn.fr\/journee-cohesion-nationale-et-citoyennete-amiens-le-1er-decembre-2016\/#article","isPartOf":{"@id":"https:\/\/fdd-ihedn.fr\/journee-cohesion-nationale-et-citoyennete-amiens-le-1er-decembre-2016\/"},"author":{"name":"dev","@id":"https:\/\/fdd-ihedn.fr\/#\/schema\/person\/9fdc5a3e2e544ff0f51c5e0732af0c12"},"headline":"Journ\u00e9e \u00ab\u00a0Coh\u00e9sion nationale et citoyennet\u00e9\u00a0\u00bb &#8211; Amiens, le 1er d\u00e9cembre 2016","datePublished":"2016-12-05T07:16:09+00:00","dateModified":"2022-02-04T13:18:57+00:00","mainEntityOfPage":{"@id":"https:\/\/fdd-ihedn.fr\/journee-cohesion-nationale-et-citoyennete-amiens-le-1er-decembre-2016\/"},"wordCount":327,"commentCount":0,"publisher":{"@id":"https:\/\/fdd-ihedn.fr\/#organization"},"image":{"@id":"https:\/\/fdd-ihedn.fr\/journee-cohesion-nationale-et-citoyennete-amiens-le-1er-decembre-2016\/#primaryimage"},"thumbnailUrl":"https:\/\/fdd-ihedn.fr\/wp-content\/uploads\/2021\/04\/DSC_0700-2.jpg","articleSection":["Activit\u00e9s","CNC"],"inLanguage":"en-GB","potentialAction":[{"@type":"CommentAction","name":"Comment","target":["https:\/\/fdd-ihedn.fr\/journee-cohesion-nationale-et-citoyennete-amiens-le-1er-decembre-2016\/#respond"]}]},{"@type":"WebPage","@id":"https:\/\/fdd-ihedn.fr\/journee-cohesion-nationale-et-citoyennete-amiens-le-1er-decembre-2016\/","url":"https:\/\/fdd-ihedn.fr\/journee-cohesion-nationale-et-citoyennete-amiens-le-1er-decembre-2016\/","name":"Journ\u00e9e \"Coh\u00e9sion nationale et citoyennet\u00e9\" - Amiens, le 1er d\u00e9cembre 2016 - Fonds de dotation de l&#039;IHEDN","isPartOf":{"@id":"https:\/\/fdd-ihedn.fr\/#website"},"primaryImageOfPage":{"@id":"https:\/\/fdd-ihedn.fr\/journee-cohesion-nationale-et-citoyennete-amiens-le-1er-decembre-2016\/#primaryimage"},"image":{"@id":"https:\/\/fdd-ihedn.fr\/journee-cohesion-nationale-et-citoyennete-amiens-le-1er-decembre-2016\/#primaryimage"},"thumbnailUrl":"https:\/\/fdd-ihedn.fr\/wp-content\/uploads\/2021\/04\/DSC_0700-2.jpg","datePublished":"2016-12-05T07:16:09+00:00","dateModified":"2022-02-04T13:18:57+00:00","breadcrumb":{"@id":"https:\/\/fdd-ihedn.fr\/journee-cohesion-nationale-et-citoyennete-amiens-le-1er-decembre-2016\/#breadcrumb"},"inLanguage":"en-GB","potentialAction":[{"@type":"ReadAction","target":["https:\/\/fdd-ihedn.fr\/journee-cohesion-nationale-et-citoyennete-amiens-le-1er-decembre-2016\/"]}]},{"@type":"ImageObject","inLanguage":"en-GB","@id":"https:\/\/fdd-ihedn.fr\/journee-cohesion-nationale-et-citoyennete-amiens-le-1er-decembre-2016\/#primaryimage","url":"https:\/\/fdd-ihedn.fr\/wp-content\/uploads\/2021\/04\/DSC_0700-2.jpg","contentUrl":"https:\/\/fdd-ihedn.fr\/wp-content\/uploads\/2021\/04\/DSC_0700-2.jpg","width":2396,"height":1650},{"@type":"BreadcrumbList","@id":"https:\/\/fdd-ihedn.fr\/journee-cohesion-nationale-et-citoyennete-amiens-le-1er-decembre-2016\/#breadcrumb","itemListElement":[{"@type":"ListItem","position":1,"name":"Accueil","item":"https:\/\/fdd-ihedn.fr\/"},{"@type":"ListItem","position":2,"name":"Journ\u00e9e &#8220;Coh\u00e9sion nationale et citoyennet\u00e9&#8221; &#8211; Amiens, le 1er d\u00e9cembre 2016"}]},{"@type":"WebSite","@id":"https:\/\/fdd-ihedn.fr\/#website","url":"https:\/\/fdd-ihedn.fr\/","name":"IHEDN Endowment Fund","description":"Innovative projects developed for IHEDN thanks to sponsorship","publisher":{"@id":"https:\/\/fdd-ihedn.fr\/#organization"},"potentialAction":[{"@type":"SearchAction","target":{"@type":"EntryPoint","urlTemplate":"https:\/\/fdd-ihedn.fr\/?s={search_term_string}"},"query-input":{"@type":"PropertyValueSpecification","valueRequired":true,"valueName":"search_term_string"}}],"inLanguage":"en-GB"},{"@type":"Organization","@id":"https:\/\/fdd-ihedn.fr\/#organization","name":"Chair in Defence Economics - IHEDN","url":"https:\/\/fdd-ihedn.fr\/","logo":{"@type":"ImageObject","inLanguage":"en-GB","@id":"https:\/\/fdd-ihedn.fr\/#\/schema\/logo\/image\/","url":"https:\/\/fdd-ihedn.fr\/wp-content\/uploads\/2020\/04\/logoEcodef9.jpg","contentUrl":"https:\/\/fdd-ihedn.fr\/wp-content\/uploads\/2020\/04\/logoEcodef9.jpg","width":410,"height":212,"caption":"Chaire \u00c9conomie de d\u00e9fense - IHEDN"},"image":{"@id":"https:\/\/fdd-ihedn.fr\/#\/schema\/logo\/image\/"},"sameAs":["https:\/\/x.com\/Chaire_Ecodef","https:\/\/www.linkedin.com\/company\/chaire-ecodef-ihedn\/"]},{"@type":"Person","@id":"https:\/\/fdd-ihedn.fr\/#\/schema\/person\/9fdc5a3e2e544ff0f51c5e0732af0c12","name":"dev","image":{"@type":"ImageObject","inLanguage":"en-GB","@id":"https:\/\/secure.gravatar.com\/avatar\/f1ffcac9ca2fa95ad3ec33e9be3ade82f752acb0cabe541e56c5889225afa88a?s=96&d=mm&r=g","url":"https:\/\/secure.gravatar.com\/avatar\/f1ffcac9ca2fa95ad3ec33e9be3ade82f752acb0cabe541e56c5889225afa88a?s=96&d=mm&r=g","contentUrl":"https:\/\/secure.gravatar.com\/avatar\/f1ffcac9ca2fa95ad3ec33e9be3ade82f752acb0cabe541e56c5889225afa88a?s=96&d=mm&r=g","caption":"dev"},"url":"https:\/\/fdd-ihedn.fr\/en\/author\/dev\/"}]}},"_links":{"self":[{"href":"https:\/\/fdd-ihedn.fr\/en\/wp-json\/wp\/v2\/posts\/4128","targetHints":{"allow":["GET"]}}],"collection":[{"href":"https:\/\/fdd-ihedn.fr\/en\/wp-json\/wp\/v2\/posts"}],"about":[{"href":"https:\/\/fdd-ihedn.fr\/en\/wp-json\/wp\/v2\/types\/post"}],"author":[{"embeddable":true,"href":"https:\/\/fdd-ihedn.fr\/en\/wp-json\/wp\/v2\/users\/1"}],"replies":[{"embeddable":true,"href":"https:\/\/fdd-ihedn.fr\/en\/wp-json\/wp\/v2\/comments?post=4128"}],"version-history":[{"count":1,"href":"https:\/\/fdd-ihedn.fr\/en\/wp-json\/wp\/v2\/posts\/4128\/revisions"}],"predecessor-version":[{"id":4186,"href":"https:\/\/fdd-ihedn.fr\/en\/wp-json\/wp\/v2\/posts\/4128\/revisions\/4186"}],"wp:featuredmedia":[{"embeddable":true,"href":"https:\/\/fdd-ihedn.fr\/en\/wp-json\/wp\/v2\/media\/3501"}],"wp:attachment":[{"href":"https:\/\/fdd-ihedn.fr\/en\/wp-json\/wp\/v2\/media?parent=4128"}],"wp:term":[{"taxonomy":"category","embeddable":true,"href":"https:\/\/fdd-ihedn.fr\/en\/wp-json\/wp\/v2\/categories?post=4128"},{"taxonomy":"post_tag","embeddable":true,"href":"https:\/\/fdd-ihedn.fr\/en\/wp-json\/wp\/v2\/tags?post=4128"}],"curies":[{"name":"wp","href":"https:\/\/api.w.org\/{rel}","templated":true}]}}