{"id":4124,"date":"2016-04-27T08:33:25","date_gmt":"2016-04-27T06:33:25","guid":{"rendered":"https:\/\/fdd.concilium.click\/journee-cohesion-nationale-et-citoyennete-clermont-ferrand-le-26-avril-2016\/"},"modified":"2022-02-04T14:19:21","modified_gmt":"2022-02-04T13:19:21","slug":"journee-cohesion-nationale-et-citoyennete-clermont-ferrand-le-26-avril-2016","status":"publish","type":"post","link":"https:\/\/fdd-ihedn.fr\/en\/journee-cohesion-nationale-et-citoyennete-clermont-ferrand-le-26-avril-2016\/","title":{"rendered":"National Cohesion and Citizenship Day - Clermont-Ferrand, 26 April 2016"},"content":{"rendered":"<p>On 26 April, the IHEDN Endowment Fund and the IHEDN Auvergne regional association organised a \u00abNational Cohesion and Citizenship\u00bb day in Clermont-Ferrand on the theme of resilience, The event was attended by Dani\u00e8le Polv\u00e9-Montmasson, Prefect of Puy-de-D\u00f4me, Marie-Dani\u00e8le Campion, Rector of the Clermont-Ferrand education authority, and Lieutenant General Bernard de Courr\u00e8ges d'Ustou, Director of IHEDN.<\/p>\n<p>At a time when the republican and democratic principles that form the bedrock of our society are being undermined, the local authorities, with the support of the IHEDN Community, wanted to bring together those who work on a day-to-day basis for the benefit of young people, with a specific aim: to inform and encourage a necessary exchange around the notion of citizenship among young people.<\/p>\n<p>The seminar was attended by around 80 people, including association executives, teachers and school heads, urban policy and local authority executives, local councillors and members of the military.<\/p>\n<p>Three conferences followed by discussions were on the programme:<\/p>\n<p>- What is national cohesion? by Admiral Fran\u00e7ois Dupont, former Director of the IHEDN, who was behind the creation of the National Cohesion and Citizenship seminars in 2006.<\/p>\n<p>- The Ministry of Defence's youth initiatives\u00ab, by G\u00e9rard Gachet, Ministerial Delegate for Youth and Equal Opportunities (DMJEC)<\/p>\n<p>- Sport and the armed forces as vectors for integrating young people\u00ab, by Commandant Henri Duval, executive at the Centre national des sports de la D\u00e9fense (CNSD).<\/p>\n<p>After Lille, Marseille, Le Havre, Nantes, Lyon and Amiens, this trip to Clermont-Ferrand was the 7th seminar on \u00abNational cohesion and citizenship\u00bb organised since 2011 in the French provinces by the IHEDN Endowment Fund, with the support of the IHEDN Community.<\/p>","protected":false},"excerpt":{"rendered":"<p>Le Fonds de dotation de l\u2019IHEDN et l\u2019association r\u00e9gionale IHEDN \u2013 Auvergne ont organis\u00e9 ce 26 avril \u00e0 Clermont-Ferrand, une journ\u00e9e \u00ab Coh\u00e9sion nationale et citoyennet\u00e9 \u00bb sur le th\u00e8me de la r\u00e9silience, en pr\u00e9sence notamment de Dani\u00e8le Polv\u00e9-Montmasson, Pr\u00e9f\u00e8te du Puy-de-D\u00f4me, Marie-Dani\u00e8le Campion, Recteur de l\u2019acad\u00e9mie de Clermont-Ferrand, et du g\u00e9n\u00e9ral de corps d\u2019arm\u00e9e [&hellip;]<\/p>\n","protected":false},"author":1,"featured_media":4223,"comment_status":"open","ping_status":"open","sticky":false,"template":"","format":"standard","meta":{"footnotes":""},"categories":[34,450],"tags":[],"class_list":{"0":"post-4124","1":"post","2":"type-post","3":"status-publish","4":"format-standard","5":"has-post-thumbnail","7":"category-activites","8":"category-cnc"},"yoast_head":"<!-- This site is optimized with the Yoast SEO plugin v27.4 - https:\/\/yoast.com\/product\/yoast-seo-wordpress\/ -->\n<title>Journ\u00e9e \u00ab Coh\u00e9sion nationale et citoyennet\u00e9 \u00bb \u2013 Clermont-Ferrand, le 26 avril 2016 - Fonds de dotation de l&#039;IHEDN<\/title>\n<meta name=\"robots\" content=\"index, follow, max-snippet:-1, max-image-preview:large, max-video-preview:-1\" \/>\n<link rel=\"canonical\" href=\"https:\/\/fdd-ihedn.fr\/en\/journee-cohesion-nationale-et-citoyennete-clermont-ferrand-le-26-avril-2016\/\" \/>\n<meta property=\"og:locale\" content=\"en_GB\" \/>\n<meta property=\"og:type\" content=\"article\" \/>\n<meta property=\"og:title\" content=\"Journ\u00e9e \u00ab Coh\u00e9sion nationale et citoyennet\u00e9 \u00bb \u2013 Clermont-Ferrand, le 26 avril 2016 - Fonds de dotation de l&#039;IHEDN\" \/>\n<meta property=\"og:description\" content=\"Le Fonds de dotation de l\u2019IHEDN et l\u2019association r\u00e9gionale IHEDN \u2013 Auvergne ont organis\u00e9 ce 26 avril \u00e0 Clermont-Ferrand, une journ\u00e9e \u00ab Coh\u00e9sion nationale et citoyennet\u00e9 \u00bb sur le th\u00e8me de la r\u00e9silience, en pr\u00e9sence notamment de Dani\u00e8le Polv\u00e9-Montmasson, Pr\u00e9f\u00e8te du Puy-de-D\u00f4me, Marie-Dani\u00e8le Campion, Recteur de l\u2019acad\u00e9mie de Clermont-Ferrand, et du g\u00e9n\u00e9ral de corps d\u2019arm\u00e9e [&hellip;]\" \/>\n<meta property=\"og:url\" content=\"https:\/\/fdd-ihedn.fr\/en\/journee-cohesion-nationale-et-citoyennete-clermont-ferrand-le-26-avril-2016\/\" \/>\n<meta property=\"og:site_name\" content=\"Fonds de dotation de l&#039;IHEDN\" \/>\n<meta property=\"article:published_time\" content=\"2016-04-27T06:33:25+00:00\" \/>\n<meta property=\"article:modified_time\" content=\"2022-02-04T13:19:21+00:00\" \/>\n<meta name=\"author\" content=\"dev\" \/>\n<meta name=\"twitter:card\" content=\"summary_large_image\" \/>\n<meta name=\"twitter:creator\" content=\"@Chaire_Ecodef\" \/>\n<meta name=\"twitter:site\" content=\"@Chaire_Ecodef\" \/>\n<meta name=\"twitter:label1\" content=\"Written by\" \/>\n\t<meta name=\"twitter:data1\" content=\"dev\" \/>\n\t<meta name=\"twitter:label2\" content=\"Estimated reading time\" \/>\n\t<meta name=\"twitter:data2\" content=\"2 minutes\" \/>\n<script type=\"application\/ld+json\" class=\"yoast-schema-graph\">{\"@context\":\"https:\\\/\\\/schema.org\",\"@graph\":[{\"@type\":\"Article\",\"@id\":\"https:\\\/\\\/fdd-ihedn.fr\\\/journee-cohesion-nationale-et-citoyennete-clermont-ferrand-le-26-avril-2016\\\/#article\",\"isPartOf\":{\"@id\":\"https:\\\/\\\/fdd-ihedn.fr\\\/journee-cohesion-nationale-et-citoyennete-clermont-ferrand-le-26-avril-2016\\\/\"},\"author\":{\"name\":\"dev\",\"@id\":\"https:\\\/\\\/fdd-ihedn.fr\\\/#\\\/schema\\\/person\\\/9fdc5a3e2e544ff0f51c5e0732af0c12\"},\"headline\":\"Journ\u00e9e \u00ab Coh\u00e9sion nationale et citoyennet\u00e9 \u00bb \u2013 Clermont-Ferrand, le 26 avril 2016\",\"datePublished\":\"2016-04-27T06:33:25+00:00\",\"dateModified\":\"2022-02-04T13:19:21+00:00\",\"mainEntityOfPage\":{\"@id\":\"https:\\\/\\\/fdd-ihedn.fr\\\/journee-cohesion-nationale-et-citoyennete-clermont-ferrand-le-26-avril-2016\\\/\"},\"wordCount\":339,\"commentCount\":0,\"publisher\":{\"@id\":\"https:\\\/\\\/fdd-ihedn.fr\\\/#organization\"},\"image\":{\"@id\":\"https:\\\/\\\/fdd-ihedn.fr\\\/journee-cohesion-nationale-et-citoyennete-clermont-ferrand-le-26-avril-2016\\\/#primaryimage\"},\"thumbnailUrl\":\"https:\\\/\\\/fdd-ihedn.fr\\\/wp-content\\\/uploads\\\/2016\\\/04\\\/Logo-AR-Auvergne-217x300-1.bmp\",\"articleSection\":[\"Activit\u00e9s\",\"CNC\"],\"inLanguage\":\"en-GB\",\"potentialAction\":[{\"@type\":\"CommentAction\",\"name\":\"Comment\",\"target\":[\"https:\\\/\\\/fdd-ihedn.fr\\\/journee-cohesion-nationale-et-citoyennete-clermont-ferrand-le-26-avril-2016\\\/#respond\"]}]},{\"@type\":\"WebPage\",\"@id\":\"https:\\\/\\\/fdd-ihedn.fr\\\/journee-cohesion-nationale-et-citoyennete-clermont-ferrand-le-26-avril-2016\\\/\",\"url\":\"https:\\\/\\\/fdd-ihedn.fr\\\/journee-cohesion-nationale-et-citoyennete-clermont-ferrand-le-26-avril-2016\\\/\",\"name\":\"Journ\u00e9e \u00ab Coh\u00e9sion nationale et citoyennet\u00e9 \u00bb \u2013 Clermont-Ferrand, le 26 avril 2016 - Fonds de dotation de l&#039;IHEDN\",\"isPartOf\":{\"@id\":\"https:\\\/\\\/fdd-ihedn.fr\\\/#website\"},\"primaryImageOfPage\":{\"@id\":\"https:\\\/\\\/fdd-ihedn.fr\\\/journee-cohesion-nationale-et-citoyennete-clermont-ferrand-le-26-avril-2016\\\/#primaryimage\"},\"image\":{\"@id\":\"https:\\\/\\\/fdd-ihedn.fr\\\/journee-cohesion-nationale-et-citoyennete-clermont-ferrand-le-26-avril-2016\\\/#primaryimage\"},\"thumbnailUrl\":\"https:\\\/\\\/fdd-ihedn.fr\\\/wp-content\\\/uploads\\\/2016\\\/04\\\/Logo-AR-Auvergne-217x300-1.bmp\",\"datePublished\":\"2016-04-27T06:33:25+00:00\",\"dateModified\":\"2022-02-04T13:19:21+00:00\",\"breadcrumb\":{\"@id\":\"https:\\\/\\\/fdd-ihedn.fr\\\/journee-cohesion-nationale-et-citoyennete-clermont-ferrand-le-26-avril-2016\\\/#breadcrumb\"},\"inLanguage\":\"en-GB\",\"potentialAction\":[{\"@type\":\"ReadAction\",\"target\":[\"https:\\\/\\\/fdd-ihedn.fr\\\/journee-cohesion-nationale-et-citoyennete-clermont-ferrand-le-26-avril-2016\\\/\"]}]},{\"@type\":\"ImageObject\",\"inLanguage\":\"en-GB\",\"@id\":\"https:\\\/\\\/fdd-ihedn.fr\\\/journee-cohesion-nationale-et-citoyennete-clermont-ferrand-le-26-avril-2016\\\/#primaryimage\",\"url\":\"https:\\\/\\\/fdd-ihedn.fr\\\/wp-content\\\/uploads\\\/2016\\\/04\\\/Logo-AR-Auvergne-217x300-1.bmp\",\"contentUrl\":\"https:\\\/\\\/fdd-ihedn.fr\\\/wp-content\\\/uploads\\\/2016\\\/04\\\/Logo-AR-Auvergne-217x300-1.bmp\",\"width\":217,\"height\":300},{\"@type\":\"BreadcrumbList\",\"@id\":\"https:\\\/\\\/fdd-ihedn.fr\\\/journee-cohesion-nationale-et-citoyennete-clermont-ferrand-le-26-avril-2016\\\/#breadcrumb\",\"itemListElement\":[{\"@type\":\"ListItem\",\"position\":1,\"name\":\"Accueil\",\"item\":\"https:\\\/\\\/fdd-ihedn.fr\\\/\"},{\"@type\":\"ListItem\",\"position\":2,\"name\":\"Journ\u00e9e \u00ab Coh\u00e9sion nationale et citoyennet\u00e9 \u00bb \u2013 Clermont-Ferrand, le 26 avril 2016\"}]},{\"@type\":\"WebSite\",\"@id\":\"https:\\\/\\\/fdd-ihedn.fr\\\/#website\",\"url\":\"https:\\\/\\\/fdd-ihedn.fr\\\/\",\"name\":\"Fonds de dotation de l&#039;IHEDN\",\"description\":\"Des projets innovants d\u00e9velopp\u00e9s pour l&#039;IHEDN gr\u00e2ce au m\u00e9c\u00e9nat\",\"publisher\":{\"@id\":\"https:\\\/\\\/fdd-ihedn.fr\\\/#organization\"},\"potentialAction\":[{\"@type\":\"SearchAction\",\"target\":{\"@type\":\"EntryPoint\",\"urlTemplate\":\"https:\\\/\\\/fdd-ihedn.fr\\\/?s={search_term_string}\"},\"query-input\":{\"@type\":\"PropertyValueSpecification\",\"valueRequired\":true,\"valueName\":\"search_term_string\"}}],\"inLanguage\":\"en-GB\"},{\"@type\":\"Organization\",\"@id\":\"https:\\\/\\\/fdd-ihedn.fr\\\/#organization\",\"name\":\"Chaire \u00c9conomie de d\u00e9fense - IHEDN\",\"url\":\"https:\\\/\\\/fdd-ihedn.fr\\\/\",\"logo\":{\"@type\":\"ImageObject\",\"inLanguage\":\"en-GB\",\"@id\":\"https:\\\/\\\/fdd-ihedn.fr\\\/#\\\/schema\\\/logo\\\/image\\\/\",\"url\":\"https:\\\/\\\/fdd-ihedn.fr\\\/wp-content\\\/uploads\\\/2020\\\/04\\\/logoEcodef9.jpg\",\"contentUrl\":\"https:\\\/\\\/fdd-ihedn.fr\\\/wp-content\\\/uploads\\\/2020\\\/04\\\/logoEcodef9.jpg\",\"width\":410,\"height\":212,\"caption\":\"Chaire \u00c9conomie de d\u00e9fense - IHEDN\"},\"image\":{\"@id\":\"https:\\\/\\\/fdd-ihedn.fr\\\/#\\\/schema\\\/logo\\\/image\\\/\"},\"sameAs\":[\"https:\\\/\\\/x.com\\\/Chaire_Ecodef\",\"https:\\\/\\\/www.linkedin.com\\\/company\\\/chaire-ecodef-ihedn\\\/\"]},{\"@type\":\"Person\",\"@id\":\"https:\\\/\\\/fdd-ihedn.fr\\\/#\\\/schema\\\/person\\\/9fdc5a3e2e544ff0f51c5e0732af0c12\",\"name\":\"dev\",\"image\":{\"@type\":\"ImageObject\",\"inLanguage\":\"en-GB\",\"@id\":\"https:\\\/\\\/secure.gravatar.com\\\/avatar\\\/f1ffcac9ca2fa95ad3ec33e9be3ade82f752acb0cabe541e56c5889225afa88a?s=96&d=mm&r=g\",\"url\":\"https:\\\/\\\/secure.gravatar.com\\\/avatar\\\/f1ffcac9ca2fa95ad3ec33e9be3ade82f752acb0cabe541e56c5889225afa88a?s=96&d=mm&r=g\",\"contentUrl\":\"https:\\\/\\\/secure.gravatar.com\\\/avatar\\\/f1ffcac9ca2fa95ad3ec33e9be3ade82f752acb0cabe541e56c5889225afa88a?s=96&d=mm&r=g\",\"caption\":\"dev\"},\"url\":\"https:\\\/\\\/fdd-ihedn.fr\\\/en\\\/author\\\/dev\\\/\"}]}<\/script>\n<!-- \/ Yoast SEO plugin. -->","yoast_head_json":{"title":"Journ\u00e9e \u00ab Coh\u00e9sion nationale et citoyennet\u00e9 \u00bb \u2013 Clermont-Ferrand, le 26 avril 2016 - Fonds de dotation de l&#039;IHEDN","robots":{"index":"index","follow":"follow","max-snippet":"max-snippet:-1","max-image-preview":"max-image-preview:large","max-video-preview":"max-video-preview:-1"},"canonical":"https:\/\/fdd-ihedn.fr\/en\/journee-cohesion-nationale-et-citoyennete-clermont-ferrand-le-26-avril-2016\/","og_locale":"en_GB","og_type":"article","og_title":"Journ\u00e9e \u00ab Coh\u00e9sion nationale et citoyennet\u00e9 \u00bb \u2013 Clermont-Ferrand, le 26 avril 2016 - Fonds de dotation de l&#039;IHEDN","og_description":"Le Fonds de dotation de l\u2019IHEDN et l\u2019association r\u00e9gionale IHEDN \u2013 Auvergne ont organis\u00e9 ce 26 avril \u00e0 Clermont-Ferrand, une journ\u00e9e \u00ab Coh\u00e9sion nationale et citoyennet\u00e9 \u00bb sur le th\u00e8me de la r\u00e9silience, en pr\u00e9sence notamment de Dani\u00e8le Polv\u00e9-Montmasson, Pr\u00e9f\u00e8te du Puy-de-D\u00f4me, Marie-Dani\u00e8le Campion, Recteur de l\u2019acad\u00e9mie de Clermont-Ferrand, et du g\u00e9n\u00e9ral de corps d\u2019arm\u00e9e [&hellip;]","og_url":"https:\/\/fdd-ihedn.fr\/en\/journee-cohesion-nationale-et-citoyennete-clermont-ferrand-le-26-avril-2016\/","og_site_name":"Fonds de dotation de l&#039;IHEDN","article_published_time":"2016-04-27T06:33:25+00:00","article_modified_time":"2022-02-04T13:19:21+00:00","author":"dev","twitter_card":"summary_large_image","twitter_creator":"@Chaire_Ecodef","twitter_site":"@Chaire_Ecodef","twitter_misc":{"Written by":"dev","Estimated reading time":"2 minutes"},"schema":{"@context":"https:\/\/schema.org","@graph":[{"@type":"Article","@id":"https:\/\/fdd-ihedn.fr\/journee-cohesion-nationale-et-citoyennete-clermont-ferrand-le-26-avril-2016\/#article","isPartOf":{"@id":"https:\/\/fdd-ihedn.fr\/journee-cohesion-nationale-et-citoyennete-clermont-ferrand-le-26-avril-2016\/"},"author":{"name":"dev","@id":"https:\/\/fdd-ihedn.fr\/#\/schema\/person\/9fdc5a3e2e544ff0f51c5e0732af0c12"},"headline":"Journ\u00e9e \u00ab Coh\u00e9sion nationale et citoyennet\u00e9 \u00bb \u2013 Clermont-Ferrand, le 26 avril 2016","datePublished":"2016-04-27T06:33:25+00:00","dateModified":"2022-02-04T13:19:21+00:00","mainEntityOfPage":{"@id":"https:\/\/fdd-ihedn.fr\/journee-cohesion-nationale-et-citoyennete-clermont-ferrand-le-26-avril-2016\/"},"wordCount":339,"commentCount":0,"publisher":{"@id":"https:\/\/fdd-ihedn.fr\/#organization"},"image":{"@id":"https:\/\/fdd-ihedn.fr\/journee-cohesion-nationale-et-citoyennete-clermont-ferrand-le-26-avril-2016\/#primaryimage"},"thumbnailUrl":"https:\/\/fdd-ihedn.fr\/wp-content\/uploads\/2016\/04\/Logo-AR-Auvergne-217x300-1.bmp","articleSection":["Activit\u00e9s","CNC"],"inLanguage":"en-GB","potentialAction":[{"@type":"CommentAction","name":"Comment","target":["https:\/\/fdd-ihedn.fr\/journee-cohesion-nationale-et-citoyennete-clermont-ferrand-le-26-avril-2016\/#respond"]}]},{"@type":"WebPage","@id":"https:\/\/fdd-ihedn.fr\/journee-cohesion-nationale-et-citoyennete-clermont-ferrand-le-26-avril-2016\/","url":"https:\/\/fdd-ihedn.fr\/journee-cohesion-nationale-et-citoyennete-clermont-ferrand-le-26-avril-2016\/","name":"Journ\u00e9e \u00ab Coh\u00e9sion nationale et citoyennet\u00e9 \u00bb \u2013 Clermont-Ferrand, le 26 avril 2016 - Fonds de dotation de l&#039;IHEDN","isPartOf":{"@id":"https:\/\/fdd-ihedn.fr\/#website"},"primaryImageOfPage":{"@id":"https:\/\/fdd-ihedn.fr\/journee-cohesion-nationale-et-citoyennete-clermont-ferrand-le-26-avril-2016\/#primaryimage"},"image":{"@id":"https:\/\/fdd-ihedn.fr\/journee-cohesion-nationale-et-citoyennete-clermont-ferrand-le-26-avril-2016\/#primaryimage"},"thumbnailUrl":"https:\/\/fdd-ihedn.fr\/wp-content\/uploads\/2016\/04\/Logo-AR-Auvergne-217x300-1.bmp","datePublished":"2016-04-27T06:33:25+00:00","dateModified":"2022-02-04T13:19:21+00:00","breadcrumb":{"@id":"https:\/\/fdd-ihedn.fr\/journee-cohesion-nationale-et-citoyennete-clermont-ferrand-le-26-avril-2016\/#breadcrumb"},"inLanguage":"en-GB","potentialAction":[{"@type":"ReadAction","target":["https:\/\/fdd-ihedn.fr\/journee-cohesion-nationale-et-citoyennete-clermont-ferrand-le-26-avril-2016\/"]}]},{"@type":"ImageObject","inLanguage":"en-GB","@id":"https:\/\/fdd-ihedn.fr\/journee-cohesion-nationale-et-citoyennete-clermont-ferrand-le-26-avril-2016\/#primaryimage","url":"https:\/\/fdd-ihedn.fr\/wp-content\/uploads\/2016\/04\/Logo-AR-Auvergne-217x300-1.bmp","contentUrl":"https:\/\/fdd-ihedn.fr\/wp-content\/uploads\/2016\/04\/Logo-AR-Auvergne-217x300-1.bmp","width":217,"height":300},{"@type":"BreadcrumbList","@id":"https:\/\/fdd-ihedn.fr\/journee-cohesion-nationale-et-citoyennete-clermont-ferrand-le-26-avril-2016\/#breadcrumb","itemListElement":[{"@type":"ListItem","position":1,"name":"Accueil","item":"https:\/\/fdd-ihedn.fr\/"},{"@type":"ListItem","position":2,"name":"Journ\u00e9e \u00ab Coh\u00e9sion nationale et citoyennet\u00e9 \u00bb \u2013 Clermont-Ferrand, le 26 avril 2016"}]},{"@type":"WebSite","@id":"https:\/\/fdd-ihedn.fr\/#website","url":"https:\/\/fdd-ihedn.fr\/","name":"IHEDN Endowment Fund","description":"Innovative projects developed for IHEDN thanks to sponsorship","publisher":{"@id":"https:\/\/fdd-ihedn.fr\/#organization"},"potentialAction":[{"@type":"SearchAction","target":{"@type":"EntryPoint","urlTemplate":"https:\/\/fdd-ihedn.fr\/?s={search_term_string}"},"query-input":{"@type":"PropertyValueSpecification","valueRequired":true,"valueName":"search_term_string"}}],"inLanguage":"en-GB"},{"@type":"Organization","@id":"https:\/\/fdd-ihedn.fr\/#organization","name":"Chair in Defence Economics - IHEDN","url":"https:\/\/fdd-ihedn.fr\/","logo":{"@type":"ImageObject","inLanguage":"en-GB","@id":"https:\/\/fdd-ihedn.fr\/#\/schema\/logo\/image\/","url":"https:\/\/fdd-ihedn.fr\/wp-content\/uploads\/2020\/04\/logoEcodef9.jpg","contentUrl":"https:\/\/fdd-ihedn.fr\/wp-content\/uploads\/2020\/04\/logoEcodef9.jpg","width":410,"height":212,"caption":"Chaire \u00c9conomie de d\u00e9fense - IHEDN"},"image":{"@id":"https:\/\/fdd-ihedn.fr\/#\/schema\/logo\/image\/"},"sameAs":["https:\/\/x.com\/Chaire_Ecodef","https:\/\/www.linkedin.com\/company\/chaire-ecodef-ihedn\/"]},{"@type":"Person","@id":"https:\/\/fdd-ihedn.fr\/#\/schema\/person\/9fdc5a3e2e544ff0f51c5e0732af0c12","name":"dev","image":{"@type":"ImageObject","inLanguage":"en-GB","@id":"https:\/\/secure.gravatar.com\/avatar\/f1ffcac9ca2fa95ad3ec33e9be3ade82f752acb0cabe541e56c5889225afa88a?s=96&d=mm&r=g","url":"https:\/\/secure.gravatar.com\/avatar\/f1ffcac9ca2fa95ad3ec33e9be3ade82f752acb0cabe541e56c5889225afa88a?s=96&d=mm&r=g","contentUrl":"https:\/\/secure.gravatar.com\/avatar\/f1ffcac9ca2fa95ad3ec33e9be3ade82f752acb0cabe541e56c5889225afa88a?s=96&d=mm&r=g","caption":"dev"},"url":"https:\/\/fdd-ihedn.fr\/en\/author\/dev\/"}]}},"_links":{"self":[{"href":"https:\/\/fdd-ihedn.fr\/en\/wp-json\/wp\/v2\/posts\/4124","targetHints":{"allow":["GET"]}}],"collection":[{"href":"https:\/\/fdd-ihedn.fr\/en\/wp-json\/wp\/v2\/posts"}],"about":[{"href":"https:\/\/fdd-ihedn.fr\/en\/wp-json\/wp\/v2\/types\/post"}],"author":[{"embeddable":true,"href":"https:\/\/fdd-ihedn.fr\/en\/wp-json\/wp\/v2\/users\/1"}],"replies":[{"embeddable":true,"href":"https:\/\/fdd-ihedn.fr\/en\/wp-json\/wp\/v2\/comments?post=4124"}],"version-history":[{"count":1,"href":"https:\/\/fdd-ihedn.fr\/en\/wp-json\/wp\/v2\/posts\/4124\/revisions"}],"predecessor-version":[{"id":4182,"href":"https:\/\/fdd-ihedn.fr\/en\/wp-json\/wp\/v2\/posts\/4124\/revisions\/4182"}],"wp:featuredmedia":[{"embeddable":true,"href":"https:\/\/fdd-ihedn.fr\/en\/wp-json\/wp\/v2\/media\/4223"}],"wp:attachment":[{"href":"https:\/\/fdd-ihedn.fr\/en\/wp-json\/wp\/v2\/media?parent=4124"}],"wp:term":[{"taxonomy":"category","embeddable":true,"href":"https:\/\/fdd-ihedn.fr\/en\/wp-json\/wp\/v2\/categories?post=4124"},{"taxonomy":"post_tag","embeddable":true,"href":"https:\/\/fdd-ihedn.fr\/en\/wp-json\/wp\/v2\/tags?post=4124"}],"curies":[{"name":"wp","href":"https:\/\/api.w.org\/{rel}","templated":true}]}}