{"id":4121,"date":"2015-12-01T13:57:30","date_gmt":"2015-12-01T12:57:30","guid":{"rendered":"https:\/\/fdd.concilium.click\/16-decembre-colloque-industrie-de-defense-de-la-chaire-economie-de-defense\/"},"modified":"2022-02-04T14:20:03","modified_gmt":"2022-02-04T13:20:03","slug":"16-decembre-colloque-industrie-de-defense-de-la-chaire-economie-de-defense","status":"publish","type":"post","link":"https:\/\/fdd-ihedn.fr\/en\/16-decembre-colloque-industrie-de-defense-de-la-chaire-economie-de-defense\/","title":{"rendered":"[Chaire ECODEF] Colloque \u00ab\u00a0Industrie de d\u00e9fense\u00a0\u00bb le 16 d\u00e9cembre"},"content":{"rendered":"<p>La <a href=\"http:\/\/economie-defense.fr\/\">chaire \u00c9conomie de d\u00e9fense<\/a>\u00a0du Fonds de dotation\u00a0de l\u2019IHEDN\u00a0vous invite\u00a0le 16 d\u00e9cembre prochain \u00e0 assister \u00e0 son colloque \u00ab\u00a0les industries de d\u00e9fense face aux enjeux internationaux\u00a0\u00bb.<\/p>\n<p>Cet \u00e9v\u00e9nement est organis\u00e9 en partenariat avec le Minist\u00e8re de la D\u00e9fense et l&rsquo;Universit\u00e9 Paris 1 Panth\u00e9on-Sorbonne.<\/p>\n<p>Inscription en cliquant <a href=\"http:\/\/prod1-mindef-dreamv.integra.fr\/index.php\/748452?lang=fr\" target=\"_blank\" rel=\"noopener\">here<\/a>\u00a0ou sur le programme ci-dessous.<\/p>\n<p>Pour plus d&rsquo;informations : <a href=\"mailto:chaire.ecodef@fdd-ihedn.fr\" target=\"_blank\" rel=\"noopener\">chaire.ecodef@fdd-ihedn.fr<\/a><\/p>\n<p><a href=\"http:\/\/prod1-mindef-dreamv.integra.fr\/index.php\/748452?lang=fr\" target=\"_blank\" rel=\"noopener\"><img loading=\"lazy\" decoding=\"async\" class=\"aligncenter wp-image-1052\" src=\"https:\/\/fdd-ihedn.fr\/wp-content\/uploads\/2021\/04\/INVITATION-chaire-Economie-de-Defense-colloque-Industries-de-defense.png\" alt=\"INVITATION - chaire Economie de D\u00e9fense - colloque Industries de d\u00e9fense\" width=\"605\" height=\"1979\" \/><\/a><\/p>","protected":false},"excerpt":{"rendered":"<p>La chaire \u00c9conomie de d\u00e9fense\u00a0du Fonds de dotation\u00a0de l\u2019IHEDN\u00a0vous invite\u00a0le 16 d\u00e9cembre prochain \u00e0 assister \u00e0 son colloque \u00ab\u00a0les industries de d\u00e9fense face aux enjeux internationaux\u00a0\u00bb. Cet \u00e9v\u00e9nement est organis\u00e9 en partenariat avec le Minist\u00e8re de la D\u00e9fense et l&rsquo;Universit\u00e9 Paris 1 Panth\u00e9on-Sorbonne. Inscription en cliquant ici\u00a0ou sur le programme ci-dessous. Pour plus d&rsquo;informations : [&hellip;]<\/p>\n","protected":false},"author":1,"featured_media":4226,"comment_status":"open","ping_status":"open","sticky":false,"template":"","format":"standard","meta":{"footnotes":""},"categories":[34,438],"tags":[],"class_list":{"0":"post-4121","1":"post","2":"type-post","3":"status-publish","4":"format-standard","5":"has-post-thumbnail","7":"category-activites","8":"category-chaire-economie-de-defense"},"yoast_head":"<!-- This site is optimized with the Yoast SEO plugin v27.4 - https:\/\/yoast.com\/product\/yoast-seo-wordpress\/ -->\n<title>[Chaire ECODEF] Colloque &quot;Industrie de d\u00e9fense&quot; le 16 d\u00e9cembre - Fonds de dotation de l&#039;IHEDN<\/title>\n<meta name=\"robots\" content=\"index, follow, max-snippet:-1, max-image-preview:large, max-video-preview:-1\" \/>\n<link rel=\"canonical\" href=\"https:\/\/fdd-ihedn.fr\/en\/16-decembre-colloque-industrie-de-defense-de-la-chaire-economie-de-defense\/\" \/>\n<meta property=\"og:locale\" content=\"en_GB\" \/>\n<meta property=\"og:type\" content=\"article\" \/>\n<meta property=\"og:title\" content=\"[Chaire ECODEF] Colloque &quot;Industrie de d\u00e9fense&quot; le 16 d\u00e9cembre - Fonds de dotation de l&#039;IHEDN\" \/>\n<meta property=\"og:description\" content=\"La chaire \u00c9conomie de d\u00e9fense\u00a0du Fonds de dotation\u00a0de l\u2019IHEDN\u00a0vous invite\u00a0le 16 d\u00e9cembre prochain \u00e0 assister \u00e0 son colloque \u00ab\u00a0les industries de d\u00e9fense face aux enjeux internationaux\u00a0\u00bb. Cet \u00e9v\u00e9nement est organis\u00e9 en partenariat avec le Minist\u00e8re de la D\u00e9fense et l&rsquo;Universit\u00e9 Paris 1 Panth\u00e9on-Sorbonne. Inscription en cliquant ici\u00a0ou sur le programme ci-dessous. Pour plus d&rsquo;informations : [&hellip;]\" \/>\n<meta property=\"og:url\" content=\"https:\/\/fdd-ihedn.fr\/en\/16-decembre-colloque-industrie-de-defense-de-la-chaire-economie-de-defense\/\" \/>\n<meta property=\"og:site_name\" content=\"Fonds de dotation de l&#039;IHEDN\" \/>\n<meta property=\"article:published_time\" content=\"2015-12-01T12:57:30+00:00\" \/>\n<meta property=\"article:modified_time\" content=\"2022-02-04T13:20:03+00:00\" \/>\n<meta property=\"og:image\" content=\"https:\/\/fdd-ihedn.fr\/wp-content\/uploads\/2015\/12\/RVB-LogEcoDeDef-220x300-1.png\" \/>\n\t<meta property=\"og:image:width\" content=\"220\" \/>\n\t<meta property=\"og:image:height\" content=\"300\" \/>\n\t<meta property=\"og:image:type\" content=\"image\/png\" \/>\n<meta name=\"author\" content=\"dev\" \/>\n<meta name=\"twitter:card\" content=\"summary_large_image\" \/>\n<meta name=\"twitter:creator\" content=\"@Chaire_Ecodef\" \/>\n<meta name=\"twitter:site\" content=\"@Chaire_Ecodef\" \/>\n<meta name=\"twitter:label1\" content=\"Written by\" \/>\n\t<meta name=\"twitter:data1\" content=\"dev\" \/>\n\t<meta name=\"twitter:label2\" content=\"Estimated reading time\" \/>\n\t<meta name=\"twitter:data2\" content=\"1 minute\" \/>\n<script type=\"application\/ld+json\" class=\"yoast-schema-graph\">{\"@context\":\"https:\\\/\\\/schema.org\",\"@graph\":[{\"@type\":\"Article\",\"@id\":\"https:\\\/\\\/fdd-ihedn.fr\\\/16-decembre-colloque-industrie-de-defense-de-la-chaire-economie-de-defense\\\/#article\",\"isPartOf\":{\"@id\":\"https:\\\/\\\/fdd-ihedn.fr\\\/16-decembre-colloque-industrie-de-defense-de-la-chaire-economie-de-defense\\\/\"},\"author\":{\"name\":\"dev\",\"@id\":\"https:\\\/\\\/fdd-ihedn.fr\\\/#\\\/schema\\\/person\\\/9fdc5a3e2e544ff0f51c5e0732af0c12\"},\"headline\":\"[Chaire ECODEF] Colloque \u00ab\u00a0Industrie de d\u00e9fense\u00a0\u00bb le 16 d\u00e9cembre\",\"datePublished\":\"2015-12-01T12:57:30+00:00\",\"dateModified\":\"2022-02-04T13:20:03+00:00\",\"mainEntityOfPage\":{\"@id\":\"https:\\\/\\\/fdd-ihedn.fr\\\/16-decembre-colloque-industrie-de-defense-de-la-chaire-economie-de-defense\\\/\"},\"wordCount\":79,\"commentCount\":0,\"publisher\":{\"@id\":\"https:\\\/\\\/fdd-ihedn.fr\\\/#organization\"},\"image\":{\"@id\":\"https:\\\/\\\/fdd-ihedn.fr\\\/16-decembre-colloque-industrie-de-defense-de-la-chaire-economie-de-defense\\\/#primaryimage\"},\"thumbnailUrl\":\"https:\\\/\\\/fdd-ihedn.fr\\\/wp-content\\\/uploads\\\/2015\\\/12\\\/RVB-LogEcoDeDef-220x300-1.png\",\"articleSection\":[\"Activit\u00e9s\",\"Chaire \u00c9conomie de d\u00e9fense\"],\"inLanguage\":\"en-GB\",\"potentialAction\":[{\"@type\":\"CommentAction\",\"name\":\"Comment\",\"target\":[\"https:\\\/\\\/fdd-ihedn.fr\\\/16-decembre-colloque-industrie-de-defense-de-la-chaire-economie-de-defense\\\/#respond\"]}]},{\"@type\":\"WebPage\",\"@id\":\"https:\\\/\\\/fdd-ihedn.fr\\\/16-decembre-colloque-industrie-de-defense-de-la-chaire-economie-de-defense\\\/\",\"url\":\"https:\\\/\\\/fdd-ihedn.fr\\\/16-decembre-colloque-industrie-de-defense-de-la-chaire-economie-de-defense\\\/\",\"name\":\"[Chaire ECODEF] Colloque \\\"Industrie de d\u00e9fense\\\" le 16 d\u00e9cembre - Fonds de dotation de l&#039;IHEDN\",\"isPartOf\":{\"@id\":\"https:\\\/\\\/fdd-ihedn.fr\\\/#website\"},\"primaryImageOfPage\":{\"@id\":\"https:\\\/\\\/fdd-ihedn.fr\\\/16-decembre-colloque-industrie-de-defense-de-la-chaire-economie-de-defense\\\/#primaryimage\"},\"image\":{\"@id\":\"https:\\\/\\\/fdd-ihedn.fr\\\/16-decembre-colloque-industrie-de-defense-de-la-chaire-economie-de-defense\\\/#primaryimage\"},\"thumbnailUrl\":\"https:\\\/\\\/fdd-ihedn.fr\\\/wp-content\\\/uploads\\\/2015\\\/12\\\/RVB-LogEcoDeDef-220x300-1.png\",\"datePublished\":\"2015-12-01T12:57:30+00:00\",\"dateModified\":\"2022-02-04T13:20:03+00:00\",\"breadcrumb\":{\"@id\":\"https:\\\/\\\/fdd-ihedn.fr\\\/16-decembre-colloque-industrie-de-defense-de-la-chaire-economie-de-defense\\\/#breadcrumb\"},\"inLanguage\":\"en-GB\",\"potentialAction\":[{\"@type\":\"ReadAction\",\"target\":[\"https:\\\/\\\/fdd-ihedn.fr\\\/16-decembre-colloque-industrie-de-defense-de-la-chaire-economie-de-defense\\\/\"]}]},{\"@type\":\"ImageObject\",\"inLanguage\":\"en-GB\",\"@id\":\"https:\\\/\\\/fdd-ihedn.fr\\\/16-decembre-colloque-industrie-de-defense-de-la-chaire-economie-de-defense\\\/#primaryimage\",\"url\":\"https:\\\/\\\/fdd-ihedn.fr\\\/wp-content\\\/uploads\\\/2015\\\/12\\\/RVB-LogEcoDeDef-220x300-1.png\",\"contentUrl\":\"https:\\\/\\\/fdd-ihedn.fr\\\/wp-content\\\/uploads\\\/2015\\\/12\\\/RVB-LogEcoDeDef-220x300-1.png\",\"width\":220,\"height\":300},{\"@type\":\"BreadcrumbList\",\"@id\":\"https:\\\/\\\/fdd-ihedn.fr\\\/16-decembre-colloque-industrie-de-defense-de-la-chaire-economie-de-defense\\\/#breadcrumb\",\"itemListElement\":[{\"@type\":\"ListItem\",\"position\":1,\"name\":\"Accueil\",\"item\":\"https:\\\/\\\/fdd-ihedn.fr\\\/\"},{\"@type\":\"ListItem\",\"position\":2,\"name\":\"[Chaire ECODEF] Colloque &#8220;Industrie de d\u00e9fense&#8221; le 16 d\u00e9cembre\"}]},{\"@type\":\"WebSite\",\"@id\":\"https:\\\/\\\/fdd-ihedn.fr\\\/#website\",\"url\":\"https:\\\/\\\/fdd-ihedn.fr\\\/\",\"name\":\"Fonds de dotation de l&#039;IHEDN\",\"description\":\"Des projets innovants d\u00e9velopp\u00e9s pour l&#039;IHEDN gr\u00e2ce au m\u00e9c\u00e9nat\",\"publisher\":{\"@id\":\"https:\\\/\\\/fdd-ihedn.fr\\\/#organization\"},\"potentialAction\":[{\"@type\":\"SearchAction\",\"target\":{\"@type\":\"EntryPoint\",\"urlTemplate\":\"https:\\\/\\\/fdd-ihedn.fr\\\/?s={search_term_string}\"},\"query-input\":{\"@type\":\"PropertyValueSpecification\",\"valueRequired\":true,\"valueName\":\"search_term_string\"}}],\"inLanguage\":\"en-GB\"},{\"@type\":\"Organization\",\"@id\":\"https:\\\/\\\/fdd-ihedn.fr\\\/#organization\",\"name\":\"Chaire \u00c9conomie de d\u00e9fense - IHEDN\",\"url\":\"https:\\\/\\\/fdd-ihedn.fr\\\/\",\"logo\":{\"@type\":\"ImageObject\",\"inLanguage\":\"en-GB\",\"@id\":\"https:\\\/\\\/fdd-ihedn.fr\\\/#\\\/schema\\\/logo\\\/image\\\/\",\"url\":\"https:\\\/\\\/fdd-ihedn.fr\\\/wp-content\\\/uploads\\\/2020\\\/04\\\/logoEcodef9.jpg\",\"contentUrl\":\"https:\\\/\\\/fdd-ihedn.fr\\\/wp-content\\\/uploads\\\/2020\\\/04\\\/logoEcodef9.jpg\",\"width\":410,\"height\":212,\"caption\":\"Chaire \u00c9conomie de d\u00e9fense - IHEDN\"},\"image\":{\"@id\":\"https:\\\/\\\/fdd-ihedn.fr\\\/#\\\/schema\\\/logo\\\/image\\\/\"},\"sameAs\":[\"https:\\\/\\\/x.com\\\/Chaire_Ecodef\",\"https:\\\/\\\/www.linkedin.com\\\/company\\\/chaire-ecodef-ihedn\\\/\"]},{\"@type\":\"Person\",\"@id\":\"https:\\\/\\\/fdd-ihedn.fr\\\/#\\\/schema\\\/person\\\/9fdc5a3e2e544ff0f51c5e0732af0c12\",\"name\":\"dev\",\"image\":{\"@type\":\"ImageObject\",\"inLanguage\":\"en-GB\",\"@id\":\"https:\\\/\\\/secure.gravatar.com\\\/avatar\\\/f1ffcac9ca2fa95ad3ec33e9be3ade82f752acb0cabe541e56c5889225afa88a?s=96&d=mm&r=g\",\"url\":\"https:\\\/\\\/secure.gravatar.com\\\/avatar\\\/f1ffcac9ca2fa95ad3ec33e9be3ade82f752acb0cabe541e56c5889225afa88a?s=96&d=mm&r=g\",\"contentUrl\":\"https:\\\/\\\/secure.gravatar.com\\\/avatar\\\/f1ffcac9ca2fa95ad3ec33e9be3ade82f752acb0cabe541e56c5889225afa88a?s=96&d=mm&r=g\",\"caption\":\"dev\"},\"url\":\"https:\\\/\\\/fdd-ihedn.fr\\\/en\\\/author\\\/dev\\\/\"}]}<\/script>\n<!-- \/ Yoast SEO plugin. -->","yoast_head_json":{"title":"[Chaire ECODEF] Colloque \"Industrie de d\u00e9fense\" le 16 d\u00e9cembre - Fonds de dotation de l&#039;IHEDN","robots":{"index":"index","follow":"follow","max-snippet":"max-snippet:-1","max-image-preview":"max-image-preview:large","max-video-preview":"max-video-preview:-1"},"canonical":"https:\/\/fdd-ihedn.fr\/en\/16-decembre-colloque-industrie-de-defense-de-la-chaire-economie-de-defense\/","og_locale":"en_GB","og_type":"article","og_title":"[Chaire ECODEF] Colloque \"Industrie de d\u00e9fense\" le 16 d\u00e9cembre - Fonds de dotation de l&#039;IHEDN","og_description":"La chaire \u00c9conomie de d\u00e9fense\u00a0du Fonds de dotation\u00a0de l\u2019IHEDN\u00a0vous invite\u00a0le 16 d\u00e9cembre prochain \u00e0 assister \u00e0 son colloque \u00ab\u00a0les industries de d\u00e9fense face aux enjeux internationaux\u00a0\u00bb. Cet \u00e9v\u00e9nement est organis\u00e9 en partenariat avec le Minist\u00e8re de la D\u00e9fense et l&rsquo;Universit\u00e9 Paris 1 Panth\u00e9on-Sorbonne. Inscription en cliquant ici\u00a0ou sur le programme ci-dessous. Pour plus d&rsquo;informations : [&hellip;]","og_url":"https:\/\/fdd-ihedn.fr\/en\/16-decembre-colloque-industrie-de-defense-de-la-chaire-economie-de-defense\/","og_site_name":"Fonds de dotation de l&#039;IHEDN","article_published_time":"2015-12-01T12:57:30+00:00","article_modified_time":"2022-02-04T13:20:03+00:00","og_image":[{"width":220,"height":300,"url":"https:\/\/fdd-ihedn.fr\/wp-content\/uploads\/2015\/12\/RVB-LogEcoDeDef-220x300-1.png","type":"image\/png"}],"author":"dev","twitter_card":"summary_large_image","twitter_creator":"@Chaire_Ecodef","twitter_site":"@Chaire_Ecodef","twitter_misc":{"Written by":"dev","Estimated reading time":"1 minute"},"schema":{"@context":"https:\/\/schema.org","@graph":[{"@type":"Article","@id":"https:\/\/fdd-ihedn.fr\/16-decembre-colloque-industrie-de-defense-de-la-chaire-economie-de-defense\/#article","isPartOf":{"@id":"https:\/\/fdd-ihedn.fr\/16-decembre-colloque-industrie-de-defense-de-la-chaire-economie-de-defense\/"},"author":{"name":"dev","@id":"https:\/\/fdd-ihedn.fr\/#\/schema\/person\/9fdc5a3e2e544ff0f51c5e0732af0c12"},"headline":"[Chaire ECODEF] Colloque \u00ab\u00a0Industrie de d\u00e9fense\u00a0\u00bb le 16 d\u00e9cembre","datePublished":"2015-12-01T12:57:30+00:00","dateModified":"2022-02-04T13:20:03+00:00","mainEntityOfPage":{"@id":"https:\/\/fdd-ihedn.fr\/16-decembre-colloque-industrie-de-defense-de-la-chaire-economie-de-defense\/"},"wordCount":79,"commentCount":0,"publisher":{"@id":"https:\/\/fdd-ihedn.fr\/#organization"},"image":{"@id":"https:\/\/fdd-ihedn.fr\/16-decembre-colloque-industrie-de-defense-de-la-chaire-economie-de-defense\/#primaryimage"},"thumbnailUrl":"https:\/\/fdd-ihedn.fr\/wp-content\/uploads\/2015\/12\/RVB-LogEcoDeDef-220x300-1.png","articleSection":["Activit\u00e9s","Chaire \u00c9conomie de d\u00e9fense"],"inLanguage":"en-GB","potentialAction":[{"@type":"CommentAction","name":"Comment","target":["https:\/\/fdd-ihedn.fr\/16-decembre-colloque-industrie-de-defense-de-la-chaire-economie-de-defense\/#respond"]}]},{"@type":"WebPage","@id":"https:\/\/fdd-ihedn.fr\/16-decembre-colloque-industrie-de-defense-de-la-chaire-economie-de-defense\/","url":"https:\/\/fdd-ihedn.fr\/16-decembre-colloque-industrie-de-defense-de-la-chaire-economie-de-defense\/","name":"[Chaire ECODEF] Colloque \"Industrie de d\u00e9fense\" le 16 d\u00e9cembre - Fonds de dotation de l&#039;IHEDN","isPartOf":{"@id":"https:\/\/fdd-ihedn.fr\/#website"},"primaryImageOfPage":{"@id":"https:\/\/fdd-ihedn.fr\/16-decembre-colloque-industrie-de-defense-de-la-chaire-economie-de-defense\/#primaryimage"},"image":{"@id":"https:\/\/fdd-ihedn.fr\/16-decembre-colloque-industrie-de-defense-de-la-chaire-economie-de-defense\/#primaryimage"},"thumbnailUrl":"https:\/\/fdd-ihedn.fr\/wp-content\/uploads\/2015\/12\/RVB-LogEcoDeDef-220x300-1.png","datePublished":"2015-12-01T12:57:30+00:00","dateModified":"2022-02-04T13:20:03+00:00","breadcrumb":{"@id":"https:\/\/fdd-ihedn.fr\/16-decembre-colloque-industrie-de-defense-de-la-chaire-economie-de-defense\/#breadcrumb"},"inLanguage":"en-GB","potentialAction":[{"@type":"ReadAction","target":["https:\/\/fdd-ihedn.fr\/16-decembre-colloque-industrie-de-defense-de-la-chaire-economie-de-defense\/"]}]},{"@type":"ImageObject","inLanguage":"en-GB","@id":"https:\/\/fdd-ihedn.fr\/16-decembre-colloque-industrie-de-defense-de-la-chaire-economie-de-defense\/#primaryimage","url":"https:\/\/fdd-ihedn.fr\/wp-content\/uploads\/2015\/12\/RVB-LogEcoDeDef-220x300-1.png","contentUrl":"https:\/\/fdd-ihedn.fr\/wp-content\/uploads\/2015\/12\/RVB-LogEcoDeDef-220x300-1.png","width":220,"height":300},{"@type":"BreadcrumbList","@id":"https:\/\/fdd-ihedn.fr\/16-decembre-colloque-industrie-de-defense-de-la-chaire-economie-de-defense\/#breadcrumb","itemListElement":[{"@type":"ListItem","position":1,"name":"Accueil","item":"https:\/\/fdd-ihedn.fr\/"},{"@type":"ListItem","position":2,"name":"[Chaire ECODEF] Colloque &#8220;Industrie de d\u00e9fense&#8221; le 16 d\u00e9cembre"}]},{"@type":"WebSite","@id":"https:\/\/fdd-ihedn.fr\/#website","url":"https:\/\/fdd-ihedn.fr\/","name":"IHEDN Endowment Fund","description":"Innovative projects developed for IHEDN thanks to sponsorship","publisher":{"@id":"https:\/\/fdd-ihedn.fr\/#organization"},"potentialAction":[{"@type":"SearchAction","target":{"@type":"EntryPoint","urlTemplate":"https:\/\/fdd-ihedn.fr\/?s={search_term_string}"},"query-input":{"@type":"PropertyValueSpecification","valueRequired":true,"valueName":"search_term_string"}}],"inLanguage":"en-GB"},{"@type":"Organization","@id":"https:\/\/fdd-ihedn.fr\/#organization","name":"Chair in Defence Economics - IHEDN","url":"https:\/\/fdd-ihedn.fr\/","logo":{"@type":"ImageObject","inLanguage":"en-GB","@id":"https:\/\/fdd-ihedn.fr\/#\/schema\/logo\/image\/","url":"https:\/\/fdd-ihedn.fr\/wp-content\/uploads\/2020\/04\/logoEcodef9.jpg","contentUrl":"https:\/\/fdd-ihedn.fr\/wp-content\/uploads\/2020\/04\/logoEcodef9.jpg","width":410,"height":212,"caption":"Chaire \u00c9conomie de d\u00e9fense - IHEDN"},"image":{"@id":"https:\/\/fdd-ihedn.fr\/#\/schema\/logo\/image\/"},"sameAs":["https:\/\/x.com\/Chaire_Ecodef","https:\/\/www.linkedin.com\/company\/chaire-ecodef-ihedn\/"]},{"@type":"Person","@id":"https:\/\/fdd-ihedn.fr\/#\/schema\/person\/9fdc5a3e2e544ff0f51c5e0732af0c12","name":"dev","image":{"@type":"ImageObject","inLanguage":"en-GB","@id":"https:\/\/secure.gravatar.com\/avatar\/f1ffcac9ca2fa95ad3ec33e9be3ade82f752acb0cabe541e56c5889225afa88a?s=96&d=mm&r=g","url":"https:\/\/secure.gravatar.com\/avatar\/f1ffcac9ca2fa95ad3ec33e9be3ade82f752acb0cabe541e56c5889225afa88a?s=96&d=mm&r=g","contentUrl":"https:\/\/secure.gravatar.com\/avatar\/f1ffcac9ca2fa95ad3ec33e9be3ade82f752acb0cabe541e56c5889225afa88a?s=96&d=mm&r=g","caption":"dev"},"url":"https:\/\/fdd-ihedn.fr\/en\/author\/dev\/"}]}},"_links":{"self":[{"href":"https:\/\/fdd-ihedn.fr\/en\/wp-json\/wp\/v2\/posts\/4121","targetHints":{"allow":["GET"]}}],"collection":[{"href":"https:\/\/fdd-ihedn.fr\/en\/wp-json\/wp\/v2\/posts"}],"about":[{"href":"https:\/\/fdd-ihedn.fr\/en\/wp-json\/wp\/v2\/types\/post"}],"author":[{"embeddable":true,"href":"https:\/\/fdd-ihedn.fr\/en\/wp-json\/wp\/v2\/users\/1"}],"replies":[{"embeddable":true,"href":"https:\/\/fdd-ihedn.fr\/en\/wp-json\/wp\/v2\/comments?post=4121"}],"version-history":[{"count":5,"href":"https:\/\/fdd-ihedn.fr\/en\/wp-json\/wp\/v2\/posts\/4121\/revisions"}],"predecessor-version":[{"id":4706,"href":"https:\/\/fdd-ihedn.fr\/en\/wp-json\/wp\/v2\/posts\/4121\/revisions\/4706"}],"wp:featuredmedia":[{"embeddable":true,"href":"https:\/\/fdd-ihedn.fr\/en\/wp-json\/wp\/v2\/media\/4226"}],"wp:attachment":[{"href":"https:\/\/fdd-ihedn.fr\/en\/wp-json\/wp\/v2\/media?parent=4121"}],"wp:term":[{"taxonomy":"category","embeddable":true,"href":"https:\/\/fdd-ihedn.fr\/en\/wp-json\/wp\/v2\/categories?post=4121"},{"taxonomy":"post_tag","embeddable":true,"href":"https:\/\/fdd-ihedn.fr\/en\/wp-json\/wp\/v2\/tags?post=4121"}],"curies":[{"name":"wp","href":"https:\/\/api.w.org\/{rel}","templated":true}]}}