{"id":4120,"date":"2015-11-25T12:31:34","date_gmt":"2015-11-25T12:31:34","guid":{"rendered":"https:\/\/fdd.concilium.click\/face-aux-attentats-la-meilleure-reponse-est-lengagement-de-tous\/"},"modified":"2021-04-23T12:55:58","modified_gmt":"2021-04-23T12:55:58","slug":"face-aux-attentats-la-meilleure-reponse-est-lengagement-de-tous","status":"publish","type":"post","link":"https:\/\/fdd-ihedn.fr\/en\/face-aux-attentats-la-meilleure-reponse-est-lengagement-de-tous\/","title":{"rendered":"In the face of the attacks, the best response is for everyone to get involved"},"content":{"rendered":"<p><em><strong>Comment r\u00e9pondre aux attentats ?<\/strong><\/em><br \/>\n<em><strong>S\u2019engager pour la d\u00e9fense des valeurs r\u00e9publicaines et la coh\u00e9sion de la Nation.<\/strong><\/em><\/p>\n<p style=\"text-align: justify;\"><b><\/b>La France a subi en janvier et en novembre 2015 deux s\u00e9ries d\u2019attentats abjectes sur son territoire. Ce ne sont malheureusement pas les premiers qui touchent notre pays et il serait na\u00eff de croire qu\u2019ils pourraient \u00eatre les derniers.<\/p>\n<p style=\"text-align: justify;\">Suite \u00e0 ces \u00e9v\u00e9nements, la nation se rel\u00e8ve et la communaut\u00e9 internationale a solidairement apport\u00e9 son soutien aux victimes et \u00e0 notre pays. Des forces de l\u2019ordre applaudies spontan\u00e9ment dans la rue \u00e0 la Marseillaise jou\u00e9e dans tous les stades \u00e0 l\u2019\u00e9tranger, en passant par des monuments \u00e9clair\u00e9s de Bleu-Blanc-Rouge \u00e0 travers le monde, au lendemain du 13 novembre 2015, le monde s\u2019unifie face \u00e0 une menace commune.<\/p>\n<p style=\"text-align: justify;\">Par ces attaques, ce sont les valeurs de la R\u00e9publique et le socle de notre unit\u00e9 nationale qui sont vis\u00e9s par des individus qui pr\u00e9tendent parler au nom d\u2019une religion qu\u2019ils ne connaissent pas. Leur objectif est de nous diviser, de nous confronter et nous forcer \u00e0 renoncer aux valeurs qui font la force de notre Nation : Libert\u00e9, Egalit\u00e9, Fraternit\u00e9.<\/p>\n<p style=\"text-align: justify;\">Depuis de nombreuses ann\u00e9es, l\u2019ANAJ-IHEDN et l\u2019ensemble de la communaut\u00e9 IHEDN travaillent sur les probl\u00e9matiques de D\u00e9fense, de S\u00e9curit\u00e9, de Citoyennet\u00e9 et de Coh\u00e9sion nationale. A travers nos activit\u00e9s, nous avons pour objectif, humblement, de participer \u00e0 cet Esprit de D\u00e9fense au b\u00e9n\u00e9fice de nos citoyens.<\/p>\n<p style=\"text-align: justify;\">Il est aujourd\u2019hui n\u00e9cessaire que chaque citoyen, et en premier lieu vous qui faites partie de cette communaut\u00e9 D\u00e9fense, s\u2019engage activement pour la d\u00e9fense de nos valeurs et l\u2019unit\u00e9 de notre Nation, pour faire que ces moments de coh\u00e9sion nationale et de solidarit\u00e9 post-attentats ne soient pas \u00e9ph\u00e9m\u00e8res mais durables.<\/p>\n<p style=\"text-align: justify;\">De son c\u00f4t\u00e9, en plus de ses activit\u00e9s quotidienne, l\u2019ANAJ-IHEDN va prochainement lancer un groupe de r\u00e9flexion et d\u2019\u00e9tude sur les cons\u00e9quences des attentats de 2015 o\u00f9 chaque membre aura sa place. Afin de ne pas r\u00e9agir \u00ab \u00e0 chaud \u00bb et de prendre du recul sur ces \u00e9v\u00e9nements, les conclusions seront rendues dans quelques mois sous forme d\u2019une publication ou d\u2019un \u00e9v\u00e9nement.<\/p>\n<p style=\"text-align: justify;\">Nous ne pourrons mieux r\u00e9pondre qu\u2019en partant d\u2019une \u00e9nergie cr\u00e9atrice. L\u2019\u0153uvre d\u2019une communaut\u00e9 nationale \u00e0 laquelle nous contribuons dans un effort qui engage la volont\u00e9.<\/p>\n<p style=\"text-align: justify;\">Face \u00e0 ces attaques, le meilleure r\u00e9ponse \u00e0 donner est de nous engager en d\u00e9montrant la r\u00e9silience de notre pays face \u00e0 de telles attaques.<\/p>\n<p style=\"text-align: justify;\">Comme le disait Georges-Jacques Danton : \u00ab Une nation se sauve, elle ne se venge pas. \u00bb<\/p>\n<p style=\"text-align: justify;\">Fran\u00e7ois Mattens<br \/>\nPr\u00e9sident de l\u2019ANAJ-IHEDN<br \/>\n62e S\u00e9minaire-Jeunes de l\u2019IHEDN \u2013 Marly-le-Roi 2009<\/p>\n<p style=\"text-align: justify;\"><a href=\"http:\/\/www.anaj-ihedn.org\" target=\"_blank\" rel=\"noopener\"><img loading=\"lazy\" decoding=\"async\" class=\"aligncenter wp-image-1017\" title=\"www.anaj-ihedn.org\" src=\"https:\/\/fdd-ihedn.fr\/wp-content\/uploads\/2021\/04\/log_anaj_ihedn.jpg\" alt=\"\" width=\"600\" height=\"101\"><\/a><\/p>","protected":false},"excerpt":{"rendered":"<p>Comment r\u00e9pondre aux attentats ? S\u2019engager pour la d\u00e9fense des valeurs r\u00e9publicaines et la coh\u00e9sion de la Nation. La France a subi en janvier et en novembre 2015 deux s\u00e9ries d\u2019attentats abjectes sur son territoire. Ce ne sont malheureusement pas les premiers qui touchent notre pays et il serait na\u00eff de croire qu\u2019ils pourraient \u00eatre [&hellip;]<\/p>\n","protected":false},"author":1,"featured_media":4228,"comment_status":"open","ping_status":"open","sticky":false,"template":"","format":"standard","meta":{"footnotes":""},"categories":[425],"tags":[],"class_list":{"0":"post-4120","1":"post","2":"type-post","3":"status-publish","4":"format-standard","5":"has-post-thumbnail","7":"category-actualites"},"yoast_head":"<!-- This site is optimized with the Yoast SEO plugin v27.4 - https:\/\/yoast.com\/product\/yoast-seo-wordpress\/ -->\n<title>Face aux attentats, la meilleure r\u00e9ponse est l\u2019engagement de tous - Fonds de dotation de l&#039;IHEDN<\/title>\n<meta name=\"robots\" content=\"index, follow, max-snippet:-1, max-image-preview:large, max-video-preview:-1\" \/>\n<link rel=\"canonical\" href=\"https:\/\/fdd-ihedn.fr\/en\/face-aux-attentats-la-meilleure-reponse-est-lengagement-de-tous\/\" \/>\n<meta property=\"og:locale\" content=\"en_GB\" \/>\n<meta property=\"og:type\" content=\"article\" \/>\n<meta property=\"og:title\" content=\"Face aux attentats, la meilleure r\u00e9ponse est l\u2019engagement de tous - Fonds de dotation de l&#039;IHEDN\" \/>\n<meta property=\"og:description\" content=\"Comment r\u00e9pondre aux attentats ? S\u2019engager pour la d\u00e9fense des valeurs r\u00e9publicaines et la coh\u00e9sion de la Nation. La France a subi en janvier et en novembre 2015 deux s\u00e9ries d\u2019attentats abjectes sur son territoire. Ce ne sont malheureusement pas les premiers qui touchent notre pays et il serait na\u00eff de croire qu\u2019ils pourraient \u00eatre [&hellip;]\" \/>\n<meta property=\"og:url\" content=\"https:\/\/fdd-ihedn.fr\/en\/face-aux-attentats-la-meilleure-reponse-est-lengagement-de-tous\/\" \/>\n<meta property=\"og:site_name\" content=\"Fonds de dotation de l&#039;IHEDN\" \/>\n<meta property=\"article:published_time\" content=\"2015-11-25T12:31:34+00:00\" \/>\n<meta property=\"article:modified_time\" content=\"2021-04-23T12:55:58+00:00\" \/>\n<meta property=\"og:image\" content=\"https:\/\/fdd-ihedn.fr\/wp-content\/uploads\/2015\/11\/memepaspeur.jpg\" \/>\n\t<meta property=\"og:image:width\" content=\"550\" \/>\n\t<meta property=\"og:image:height\" content=\"312\" \/>\n\t<meta property=\"og:image:type\" content=\"image\/jpeg\" \/>\n<meta name=\"author\" content=\"dev\" \/>\n<meta name=\"twitter:card\" content=\"summary_large_image\" \/>\n<meta name=\"twitter:creator\" content=\"@Chaire_Ecodef\" \/>\n<meta name=\"twitter:site\" content=\"@Chaire_Ecodef\" \/>\n<meta name=\"twitter:label1\" content=\"Written by\" \/>\n\t<meta name=\"twitter:data1\" content=\"dev\" \/>\n\t<meta name=\"twitter:label2\" content=\"Estimated reading time\" \/>\n\t<meta name=\"twitter:data2\" content=\"2 minutes\" \/>\n<script type=\"application\/ld+json\" class=\"yoast-schema-graph\">{\"@context\":\"https:\\\/\\\/schema.org\",\"@graph\":[{\"@type\":\"Article\",\"@id\":\"https:\\\/\\\/fdd-ihedn.fr\\\/face-aux-attentats-la-meilleure-reponse-est-lengagement-de-tous\\\/#article\",\"isPartOf\":{\"@id\":\"https:\\\/\\\/fdd-ihedn.fr\\\/face-aux-attentats-la-meilleure-reponse-est-lengagement-de-tous\\\/\"},\"author\":{\"name\":\"dev\",\"@id\":\"https:\\\/\\\/fdd-ihedn.fr\\\/#\\\/schema\\\/person\\\/9fdc5a3e2e544ff0f51c5e0732af0c12\"},\"headline\":\"Face aux attentats, la meilleure r\u00e9ponse est l\u2019engagement de tous\",\"datePublished\":\"2015-11-25T12:31:34+00:00\",\"dateModified\":\"2021-04-23T12:55:58+00:00\",\"mainEntityOfPage\":{\"@id\":\"https:\\\/\\\/fdd-ihedn.fr\\\/face-aux-attentats-la-meilleure-reponse-est-lengagement-de-tous\\\/\"},\"wordCount\":477,\"commentCount\":0,\"publisher\":{\"@id\":\"https:\\\/\\\/fdd-ihedn.fr\\\/#organization\"},\"image\":{\"@id\":\"https:\\\/\\\/fdd-ihedn.fr\\\/face-aux-attentats-la-meilleure-reponse-est-lengagement-de-tous\\\/#primaryimage\"},\"thumbnailUrl\":\"https:\\\/\\\/fdd-ihedn.fr\\\/wp-content\\\/uploads\\\/2015\\\/11\\\/memepaspeur.jpg\",\"articleSection\":[\"Actualit\u00e9s\"],\"inLanguage\":\"en-GB\",\"potentialAction\":[{\"@type\":\"CommentAction\",\"name\":\"Comment\",\"target\":[\"https:\\\/\\\/fdd-ihedn.fr\\\/face-aux-attentats-la-meilleure-reponse-est-lengagement-de-tous\\\/#respond\"]}]},{\"@type\":\"WebPage\",\"@id\":\"https:\\\/\\\/fdd-ihedn.fr\\\/face-aux-attentats-la-meilleure-reponse-est-lengagement-de-tous\\\/\",\"url\":\"https:\\\/\\\/fdd-ihedn.fr\\\/face-aux-attentats-la-meilleure-reponse-est-lengagement-de-tous\\\/\",\"name\":\"Face aux attentats, la meilleure r\u00e9ponse est l\u2019engagement de tous - Fonds de dotation de l&#039;IHEDN\",\"isPartOf\":{\"@id\":\"https:\\\/\\\/fdd-ihedn.fr\\\/#website\"},\"primaryImageOfPage\":{\"@id\":\"https:\\\/\\\/fdd-ihedn.fr\\\/face-aux-attentats-la-meilleure-reponse-est-lengagement-de-tous\\\/#primaryimage\"},\"image\":{\"@id\":\"https:\\\/\\\/fdd-ihedn.fr\\\/face-aux-attentats-la-meilleure-reponse-est-lengagement-de-tous\\\/#primaryimage\"},\"thumbnailUrl\":\"https:\\\/\\\/fdd-ihedn.fr\\\/wp-content\\\/uploads\\\/2015\\\/11\\\/memepaspeur.jpg\",\"datePublished\":\"2015-11-25T12:31:34+00:00\",\"dateModified\":\"2021-04-23T12:55:58+00:00\",\"breadcrumb\":{\"@id\":\"https:\\\/\\\/fdd-ihedn.fr\\\/face-aux-attentats-la-meilleure-reponse-est-lengagement-de-tous\\\/#breadcrumb\"},\"inLanguage\":\"en-GB\",\"potentialAction\":[{\"@type\":\"ReadAction\",\"target\":[\"https:\\\/\\\/fdd-ihedn.fr\\\/face-aux-attentats-la-meilleure-reponse-est-lengagement-de-tous\\\/\"]}]},{\"@type\":\"ImageObject\",\"inLanguage\":\"en-GB\",\"@id\":\"https:\\\/\\\/fdd-ihedn.fr\\\/face-aux-attentats-la-meilleure-reponse-est-lengagement-de-tous\\\/#primaryimage\",\"url\":\"https:\\\/\\\/fdd-ihedn.fr\\\/wp-content\\\/uploads\\\/2015\\\/11\\\/memepaspeur.jpg\",\"contentUrl\":\"https:\\\/\\\/fdd-ihedn.fr\\\/wp-content\\\/uploads\\\/2015\\\/11\\\/memepaspeur.jpg\",\"width\":550,\"height\":312},{\"@type\":\"BreadcrumbList\",\"@id\":\"https:\\\/\\\/fdd-ihedn.fr\\\/face-aux-attentats-la-meilleure-reponse-est-lengagement-de-tous\\\/#breadcrumb\",\"itemListElement\":[{\"@type\":\"ListItem\",\"position\":1,\"name\":\"Accueil\",\"item\":\"https:\\\/\\\/fdd-ihedn.fr\\\/\"},{\"@type\":\"ListItem\",\"position\":2,\"name\":\"Face aux attentats, la meilleure r\u00e9ponse est l\u2019engagement de tous\"}]},{\"@type\":\"WebSite\",\"@id\":\"https:\\\/\\\/fdd-ihedn.fr\\\/#website\",\"url\":\"https:\\\/\\\/fdd-ihedn.fr\\\/\",\"name\":\"Fonds de dotation de l&#039;IHEDN\",\"description\":\"Des projets innovants d\u00e9velopp\u00e9s pour l&#039;IHEDN gr\u00e2ce au m\u00e9c\u00e9nat\",\"publisher\":{\"@id\":\"https:\\\/\\\/fdd-ihedn.fr\\\/#organization\"},\"potentialAction\":[{\"@type\":\"SearchAction\",\"target\":{\"@type\":\"EntryPoint\",\"urlTemplate\":\"https:\\\/\\\/fdd-ihedn.fr\\\/?s={search_term_string}\"},\"query-input\":{\"@type\":\"PropertyValueSpecification\",\"valueRequired\":true,\"valueName\":\"search_term_string\"}}],\"inLanguage\":\"en-GB\"},{\"@type\":\"Organization\",\"@id\":\"https:\\\/\\\/fdd-ihedn.fr\\\/#organization\",\"name\":\"Chaire \u00c9conomie de d\u00e9fense - IHEDN\",\"url\":\"https:\\\/\\\/fdd-ihedn.fr\\\/\",\"logo\":{\"@type\":\"ImageObject\",\"inLanguage\":\"en-GB\",\"@id\":\"https:\\\/\\\/fdd-ihedn.fr\\\/#\\\/schema\\\/logo\\\/image\\\/\",\"url\":\"https:\\\/\\\/fdd-ihedn.fr\\\/wp-content\\\/uploads\\\/2020\\\/04\\\/logoEcodef9.jpg\",\"contentUrl\":\"https:\\\/\\\/fdd-ihedn.fr\\\/wp-content\\\/uploads\\\/2020\\\/04\\\/logoEcodef9.jpg\",\"width\":410,\"height\":212,\"caption\":\"Chaire \u00c9conomie de d\u00e9fense - IHEDN\"},\"image\":{\"@id\":\"https:\\\/\\\/fdd-ihedn.fr\\\/#\\\/schema\\\/logo\\\/image\\\/\"},\"sameAs\":[\"https:\\\/\\\/x.com\\\/Chaire_Ecodef\",\"https:\\\/\\\/www.linkedin.com\\\/company\\\/chaire-ecodef-ihedn\\\/\"]},{\"@type\":\"Person\",\"@id\":\"https:\\\/\\\/fdd-ihedn.fr\\\/#\\\/schema\\\/person\\\/9fdc5a3e2e544ff0f51c5e0732af0c12\",\"name\":\"dev\",\"image\":{\"@type\":\"ImageObject\",\"inLanguage\":\"en-GB\",\"@id\":\"https:\\\/\\\/secure.gravatar.com\\\/avatar\\\/f1ffcac9ca2fa95ad3ec33e9be3ade82f752acb0cabe541e56c5889225afa88a?s=96&d=mm&r=g\",\"url\":\"https:\\\/\\\/secure.gravatar.com\\\/avatar\\\/f1ffcac9ca2fa95ad3ec33e9be3ade82f752acb0cabe541e56c5889225afa88a?s=96&d=mm&r=g\",\"contentUrl\":\"https:\\\/\\\/secure.gravatar.com\\\/avatar\\\/f1ffcac9ca2fa95ad3ec33e9be3ade82f752acb0cabe541e56c5889225afa88a?s=96&d=mm&r=g\",\"caption\":\"dev\"},\"url\":\"https:\\\/\\\/fdd-ihedn.fr\\\/en\\\/author\\\/dev\\\/\"}]}<\/script>\n<!-- \/ Yoast SEO plugin. -->","yoast_head_json":{"title":"Face aux attentats, la meilleure r\u00e9ponse est l\u2019engagement de tous - Fonds de dotation de l&#039;IHEDN","robots":{"index":"index","follow":"follow","max-snippet":"max-snippet:-1","max-image-preview":"max-image-preview:large","max-video-preview":"max-video-preview:-1"},"canonical":"https:\/\/fdd-ihedn.fr\/en\/face-aux-attentats-la-meilleure-reponse-est-lengagement-de-tous\/","og_locale":"en_GB","og_type":"article","og_title":"Face aux attentats, la meilleure r\u00e9ponse est l\u2019engagement de tous - Fonds de dotation de l&#039;IHEDN","og_description":"Comment r\u00e9pondre aux attentats ? S\u2019engager pour la d\u00e9fense des valeurs r\u00e9publicaines et la coh\u00e9sion de la Nation. La France a subi en janvier et en novembre 2015 deux s\u00e9ries d\u2019attentats abjectes sur son territoire. Ce ne sont malheureusement pas les premiers qui touchent notre pays et il serait na\u00eff de croire qu\u2019ils pourraient \u00eatre [&hellip;]","og_url":"https:\/\/fdd-ihedn.fr\/en\/face-aux-attentats-la-meilleure-reponse-est-lengagement-de-tous\/","og_site_name":"Fonds de dotation de l&#039;IHEDN","article_published_time":"2015-11-25T12:31:34+00:00","article_modified_time":"2021-04-23T12:55:58+00:00","og_image":[{"width":550,"height":312,"url":"https:\/\/fdd-ihedn.fr\/wp-content\/uploads\/2015\/11\/memepaspeur.jpg","type":"image\/jpeg"}],"author":"dev","twitter_card":"summary_large_image","twitter_creator":"@Chaire_Ecodef","twitter_site":"@Chaire_Ecodef","twitter_misc":{"Written by":"dev","Estimated reading time":"2 minutes"},"schema":{"@context":"https:\/\/schema.org","@graph":[{"@type":"Article","@id":"https:\/\/fdd-ihedn.fr\/face-aux-attentats-la-meilleure-reponse-est-lengagement-de-tous\/#article","isPartOf":{"@id":"https:\/\/fdd-ihedn.fr\/face-aux-attentats-la-meilleure-reponse-est-lengagement-de-tous\/"},"author":{"name":"dev","@id":"https:\/\/fdd-ihedn.fr\/#\/schema\/person\/9fdc5a3e2e544ff0f51c5e0732af0c12"},"headline":"Face aux attentats, la meilleure r\u00e9ponse est l\u2019engagement de tous","datePublished":"2015-11-25T12:31:34+00:00","dateModified":"2021-04-23T12:55:58+00:00","mainEntityOfPage":{"@id":"https:\/\/fdd-ihedn.fr\/face-aux-attentats-la-meilleure-reponse-est-lengagement-de-tous\/"},"wordCount":477,"commentCount":0,"publisher":{"@id":"https:\/\/fdd-ihedn.fr\/#organization"},"image":{"@id":"https:\/\/fdd-ihedn.fr\/face-aux-attentats-la-meilleure-reponse-est-lengagement-de-tous\/#primaryimage"},"thumbnailUrl":"https:\/\/fdd-ihedn.fr\/wp-content\/uploads\/2015\/11\/memepaspeur.jpg","articleSection":["Actualit\u00e9s"],"inLanguage":"en-GB","potentialAction":[{"@type":"CommentAction","name":"Comment","target":["https:\/\/fdd-ihedn.fr\/face-aux-attentats-la-meilleure-reponse-est-lengagement-de-tous\/#respond"]}]},{"@type":"WebPage","@id":"https:\/\/fdd-ihedn.fr\/face-aux-attentats-la-meilleure-reponse-est-lengagement-de-tous\/","url":"https:\/\/fdd-ihedn.fr\/face-aux-attentats-la-meilleure-reponse-est-lengagement-de-tous\/","name":"Face aux attentats, la meilleure r\u00e9ponse est l\u2019engagement de tous - Fonds de dotation de l&#039;IHEDN","isPartOf":{"@id":"https:\/\/fdd-ihedn.fr\/#website"},"primaryImageOfPage":{"@id":"https:\/\/fdd-ihedn.fr\/face-aux-attentats-la-meilleure-reponse-est-lengagement-de-tous\/#primaryimage"},"image":{"@id":"https:\/\/fdd-ihedn.fr\/face-aux-attentats-la-meilleure-reponse-est-lengagement-de-tous\/#primaryimage"},"thumbnailUrl":"https:\/\/fdd-ihedn.fr\/wp-content\/uploads\/2015\/11\/memepaspeur.jpg","datePublished":"2015-11-25T12:31:34+00:00","dateModified":"2021-04-23T12:55:58+00:00","breadcrumb":{"@id":"https:\/\/fdd-ihedn.fr\/face-aux-attentats-la-meilleure-reponse-est-lengagement-de-tous\/#breadcrumb"},"inLanguage":"en-GB","potentialAction":[{"@type":"ReadAction","target":["https:\/\/fdd-ihedn.fr\/face-aux-attentats-la-meilleure-reponse-est-lengagement-de-tous\/"]}]},{"@type":"ImageObject","inLanguage":"en-GB","@id":"https:\/\/fdd-ihedn.fr\/face-aux-attentats-la-meilleure-reponse-est-lengagement-de-tous\/#primaryimage","url":"https:\/\/fdd-ihedn.fr\/wp-content\/uploads\/2015\/11\/memepaspeur.jpg","contentUrl":"https:\/\/fdd-ihedn.fr\/wp-content\/uploads\/2015\/11\/memepaspeur.jpg","width":550,"height":312},{"@type":"BreadcrumbList","@id":"https:\/\/fdd-ihedn.fr\/face-aux-attentats-la-meilleure-reponse-est-lengagement-de-tous\/#breadcrumb","itemListElement":[{"@type":"ListItem","position":1,"name":"Accueil","item":"https:\/\/fdd-ihedn.fr\/"},{"@type":"ListItem","position":2,"name":"Face aux attentats, la meilleure r\u00e9ponse est l\u2019engagement de tous"}]},{"@type":"WebSite","@id":"https:\/\/fdd-ihedn.fr\/#website","url":"https:\/\/fdd-ihedn.fr\/","name":"IHEDN Endowment Fund","description":"Innovative projects developed for IHEDN thanks to sponsorship","publisher":{"@id":"https:\/\/fdd-ihedn.fr\/#organization"},"potentialAction":[{"@type":"SearchAction","target":{"@type":"EntryPoint","urlTemplate":"https:\/\/fdd-ihedn.fr\/?s={search_term_string}"},"query-input":{"@type":"PropertyValueSpecification","valueRequired":true,"valueName":"search_term_string"}}],"inLanguage":"en-GB"},{"@type":"Organization","@id":"https:\/\/fdd-ihedn.fr\/#organization","name":"Chair in Defence Economics - IHEDN","url":"https:\/\/fdd-ihedn.fr\/","logo":{"@type":"ImageObject","inLanguage":"en-GB","@id":"https:\/\/fdd-ihedn.fr\/#\/schema\/logo\/image\/","url":"https:\/\/fdd-ihedn.fr\/wp-content\/uploads\/2020\/04\/logoEcodef9.jpg","contentUrl":"https:\/\/fdd-ihedn.fr\/wp-content\/uploads\/2020\/04\/logoEcodef9.jpg","width":410,"height":212,"caption":"Chaire \u00c9conomie de d\u00e9fense - IHEDN"},"image":{"@id":"https:\/\/fdd-ihedn.fr\/#\/schema\/logo\/image\/"},"sameAs":["https:\/\/x.com\/Chaire_Ecodef","https:\/\/www.linkedin.com\/company\/chaire-ecodef-ihedn\/"]},{"@type":"Person","@id":"https:\/\/fdd-ihedn.fr\/#\/schema\/person\/9fdc5a3e2e544ff0f51c5e0732af0c12","name":"dev","image":{"@type":"ImageObject","inLanguage":"en-GB","@id":"https:\/\/secure.gravatar.com\/avatar\/f1ffcac9ca2fa95ad3ec33e9be3ade82f752acb0cabe541e56c5889225afa88a?s=96&d=mm&r=g","url":"https:\/\/secure.gravatar.com\/avatar\/f1ffcac9ca2fa95ad3ec33e9be3ade82f752acb0cabe541e56c5889225afa88a?s=96&d=mm&r=g","contentUrl":"https:\/\/secure.gravatar.com\/avatar\/f1ffcac9ca2fa95ad3ec33e9be3ade82f752acb0cabe541e56c5889225afa88a?s=96&d=mm&r=g","caption":"dev"},"url":"https:\/\/fdd-ihedn.fr\/en\/author\/dev\/"}]}},"_links":{"self":[{"href":"https:\/\/fdd-ihedn.fr\/en\/wp-json\/wp\/v2\/posts\/4120","targetHints":{"allow":["GET"]}}],"collection":[{"href":"https:\/\/fdd-ihedn.fr\/en\/wp-json\/wp\/v2\/posts"}],"about":[{"href":"https:\/\/fdd-ihedn.fr\/en\/wp-json\/wp\/v2\/types\/post"}],"author":[{"embeddable":true,"href":"https:\/\/fdd-ihedn.fr\/en\/wp-json\/wp\/v2\/users\/1"}],"replies":[{"embeddable":true,"href":"https:\/\/fdd-ihedn.fr\/en\/wp-json\/wp\/v2\/comments?post=4120"}],"version-history":[{"count":2,"href":"https:\/\/fdd-ihedn.fr\/en\/wp-json\/wp\/v2\/posts\/4120\/revisions"}],"predecessor-version":[{"id":4229,"href":"https:\/\/fdd-ihedn.fr\/en\/wp-json\/wp\/v2\/posts\/4120\/revisions\/4229"}],"wp:featuredmedia":[{"embeddable":true,"href":"https:\/\/fdd-ihedn.fr\/en\/wp-json\/wp\/v2\/media\/4228"}],"wp:attachment":[{"href":"https:\/\/fdd-ihedn.fr\/en\/wp-json\/wp\/v2\/media?parent=4120"}],"wp:term":[{"taxonomy":"category","embeddable":true,"href":"https:\/\/fdd-ihedn.fr\/en\/wp-json\/wp\/v2\/categories?post=4120"},{"taxonomy":"post_tag","embeddable":true,"href":"https:\/\/fdd-ihedn.fr\/en\/wp-json\/wp\/v2\/tags?post=4120"}],"curies":[{"name":"wp","href":"https:\/\/api.w.org\/{rel}","templated":true}]}}