{"id":4119,"date":"2015-11-06T17:23:57","date_gmt":"2015-11-06T16:23:57","guid":{"rendered":"https:\/\/fdd.concilium.click\/la-chaire-economie-de-defense-sur-linkedin-et-twitter\/"},"modified":"2024-09-24T14:03:25","modified_gmt":"2024-09-24T12:03:25","slug":"la-chaire-economie-de-defense-sur-linkedin-et-twitter","status":"publish","type":"post","link":"https:\/\/fdd-ihedn.fr\/en\/la-chaire-economie-de-defense-sur-linkedin-et-twitter\/","title":{"rendered":"[chaire ECODEF] La Chaire arrive sur Linkedin et Twitter"},"content":{"rendered":"<p>La <a href=\"http:\/\/economie-defense.fr\" target=\"_blank\" rel=\"noopener\">chaire \u00c9conomie de d\u00e9fense<\/a> est maintenant sur <a href=\"https:\/\/twitter.com\/Chaire_Ecodef\" target=\"_blank\" rel=\"noopener\">Twitter <\/a>and <a href=\"https:\/\/fr.linkedin.com\/in\/chaire-economie-de-d%C3%A9fense-12b970105\" target=\"_blank\" rel=\"noopener\">Linkedin<\/a> !<\/p>\n<p>Entrez en contact avec la chaire et venez suivre les actualit\u00e9s, publications et \u00e9v\u00e9nements en rapport avec l\u2019\u00e9conomie de d\u00e9fense ainsi que les parutions des articles de Jean Belin, Julien Malizard et du r\u00e9seau de chercheurs de la Chaire.<\/p>","protected":false},"excerpt":{"rendered":"<p>La chaire \u00c9conomie de d\u00e9fense est maintenant sur Twitter et Linkedin ! Entrez en contact avec la chaire et venez suivre les actualit\u00e9s, publications et \u00e9v\u00e9nements en rapport avec l\u2019\u00e9conomie de d\u00e9fense ainsi que les parutions des articles de Jean Belin, Julien Malizard et du r\u00e9seau de chercheurs de la Chaire.<\/p>","protected":false},"author":1,"featured_media":4226,"comment_status":"open","ping_status":"open","sticky":false,"template":"","format":"standard","meta":{"footnotes":""},"categories":[34,438],"tags":[],"class_list":{"0":"post-4119","1":"post","2":"type-post","3":"status-publish","4":"format-standard","5":"has-post-thumbnail","7":"category-activites","8":"category-chaire-economie-de-defense"},"yoast_head":"<!-- This site is optimized with the Yoast SEO plugin v27.4 - https:\/\/yoast.com\/product\/yoast-seo-wordpress\/ -->\n<title>[chaire ECODEF] La Chaire arrive sur Linkedin et Twitter - Fonds de dotation de l&#039;IHEDN<\/title>\n<meta name=\"robots\" content=\"index, follow, max-snippet:-1, max-image-preview:large, max-video-preview:-1\" \/>\n<link rel=\"canonical\" href=\"https:\/\/fdd-ihedn.fr\/en\/la-chaire-economie-de-defense-sur-linkedin-et-twitter\/\" \/>\n<meta property=\"og:locale\" content=\"en_GB\" \/>\n<meta property=\"og:type\" content=\"article\" \/>\n<meta property=\"og:title\" content=\"[chaire ECODEF] La Chaire arrive sur Linkedin et Twitter - Fonds de dotation de l&#039;IHEDN\" \/>\n<meta property=\"og:description\" content=\"La chaire \u00c9conomie de d\u00e9fense est maintenant sur Twitter et Linkedin ! Entrez en contact avec la chaire et venez suivre les actualit\u00e9s, publications et \u00e9v\u00e9nements en rapport avec l\u2019\u00e9conomie de d\u00e9fense ainsi que les parutions des articles de Jean Belin, Julien Malizard et du r\u00e9seau de chercheurs de la Chaire.\" \/>\n<meta property=\"og:url\" content=\"https:\/\/fdd-ihedn.fr\/en\/la-chaire-economie-de-defense-sur-linkedin-et-twitter\/\" \/>\n<meta property=\"og:site_name\" content=\"Fonds de dotation de l&#039;IHEDN\" \/>\n<meta property=\"article:published_time\" content=\"2015-11-06T16:23:57+00:00\" \/>\n<meta property=\"article:modified_time\" content=\"2024-09-24T12:03:25+00:00\" \/>\n<meta property=\"og:image\" content=\"https:\/\/fdd-ihedn.fr\/wp-content\/uploads\/2015\/12\/RVB-LogEcoDeDef-220x300-1.png\" \/>\n\t<meta property=\"og:image:width\" content=\"220\" \/>\n\t<meta property=\"og:image:height\" content=\"300\" \/>\n\t<meta property=\"og:image:type\" content=\"image\/png\" \/>\n<meta name=\"author\" content=\"dev\" \/>\n<meta name=\"twitter:card\" content=\"summary_large_image\" \/>\n<meta name=\"twitter:creator\" content=\"@Chaire_Ecodef\" \/>\n<meta name=\"twitter:site\" content=\"@Chaire_Ecodef\" \/>\n<meta name=\"twitter:label1\" content=\"Written by\" \/>\n\t<meta name=\"twitter:data1\" content=\"dev\" \/>\n<script type=\"application\/ld+json\" class=\"yoast-schema-graph\">{\"@context\":\"https:\\\/\\\/schema.org\",\"@graph\":[{\"@type\":\"Article\",\"@id\":\"https:\\\/\\\/fdd-ihedn.fr\\\/la-chaire-economie-de-defense-sur-linkedin-et-twitter\\\/#article\",\"isPartOf\":{\"@id\":\"https:\\\/\\\/fdd-ihedn.fr\\\/la-chaire-economie-de-defense-sur-linkedin-et-twitter\\\/\"},\"author\":{\"name\":\"dev\",\"@id\":\"https:\\\/\\\/fdd-ihedn.fr\\\/#\\\/schema\\\/person\\\/9fdc5a3e2e544ff0f51c5e0732af0c12\"},\"headline\":\"[chaire ECODEF] La Chaire arrive sur Linkedin et Twitter\",\"datePublished\":\"2015-11-06T16:23:57+00:00\",\"dateModified\":\"2024-09-24T12:03:25+00:00\",\"mainEntityOfPage\":{\"@id\":\"https:\\\/\\\/fdd-ihedn.fr\\\/la-chaire-economie-de-defense-sur-linkedin-et-twitter\\\/\"},\"wordCount\":65,\"commentCount\":0,\"publisher\":{\"@id\":\"https:\\\/\\\/fdd-ihedn.fr\\\/#organization\"},\"image\":{\"@id\":\"https:\\\/\\\/fdd-ihedn.fr\\\/la-chaire-economie-de-defense-sur-linkedin-et-twitter\\\/#primaryimage\"},\"thumbnailUrl\":\"https:\\\/\\\/fdd-ihedn.fr\\\/wp-content\\\/uploads\\\/2015\\\/12\\\/RVB-LogEcoDeDef-220x300-1.png\",\"articleSection\":[\"Activit\u00e9s\",\"Chaire \u00c9conomie de d\u00e9fense\"],\"inLanguage\":\"en-GB\",\"potentialAction\":[{\"@type\":\"CommentAction\",\"name\":\"Comment\",\"target\":[\"https:\\\/\\\/fdd-ihedn.fr\\\/la-chaire-economie-de-defense-sur-linkedin-et-twitter\\\/#respond\"]}]},{\"@type\":\"WebPage\",\"@id\":\"https:\\\/\\\/fdd-ihedn.fr\\\/la-chaire-economie-de-defense-sur-linkedin-et-twitter\\\/\",\"url\":\"https:\\\/\\\/fdd-ihedn.fr\\\/la-chaire-economie-de-defense-sur-linkedin-et-twitter\\\/\",\"name\":\"[chaire ECODEF] La Chaire arrive sur Linkedin et Twitter - Fonds de dotation de l&#039;IHEDN\",\"isPartOf\":{\"@id\":\"https:\\\/\\\/fdd-ihedn.fr\\\/#website\"},\"primaryImageOfPage\":{\"@id\":\"https:\\\/\\\/fdd-ihedn.fr\\\/la-chaire-economie-de-defense-sur-linkedin-et-twitter\\\/#primaryimage\"},\"image\":{\"@id\":\"https:\\\/\\\/fdd-ihedn.fr\\\/la-chaire-economie-de-defense-sur-linkedin-et-twitter\\\/#primaryimage\"},\"thumbnailUrl\":\"https:\\\/\\\/fdd-ihedn.fr\\\/wp-content\\\/uploads\\\/2015\\\/12\\\/RVB-LogEcoDeDef-220x300-1.png\",\"datePublished\":\"2015-11-06T16:23:57+00:00\",\"dateModified\":\"2024-09-24T12:03:25+00:00\",\"breadcrumb\":{\"@id\":\"https:\\\/\\\/fdd-ihedn.fr\\\/la-chaire-economie-de-defense-sur-linkedin-et-twitter\\\/#breadcrumb\"},\"inLanguage\":\"en-GB\",\"potentialAction\":[{\"@type\":\"ReadAction\",\"target\":[\"https:\\\/\\\/fdd-ihedn.fr\\\/la-chaire-economie-de-defense-sur-linkedin-et-twitter\\\/\"]}]},{\"@type\":\"ImageObject\",\"inLanguage\":\"en-GB\",\"@id\":\"https:\\\/\\\/fdd-ihedn.fr\\\/la-chaire-economie-de-defense-sur-linkedin-et-twitter\\\/#primaryimage\",\"url\":\"https:\\\/\\\/fdd-ihedn.fr\\\/wp-content\\\/uploads\\\/2015\\\/12\\\/RVB-LogEcoDeDef-220x300-1.png\",\"contentUrl\":\"https:\\\/\\\/fdd-ihedn.fr\\\/wp-content\\\/uploads\\\/2015\\\/12\\\/RVB-LogEcoDeDef-220x300-1.png\",\"width\":220,\"height\":300},{\"@type\":\"BreadcrumbList\",\"@id\":\"https:\\\/\\\/fdd-ihedn.fr\\\/la-chaire-economie-de-defense-sur-linkedin-et-twitter\\\/#breadcrumb\",\"itemListElement\":[{\"@type\":\"ListItem\",\"position\":1,\"name\":\"Accueil\",\"item\":\"https:\\\/\\\/fdd-ihedn.fr\\\/\"},{\"@type\":\"ListItem\",\"position\":2,\"name\":\"[chaire ECODEF] La Chaire arrive sur Linkedin et Twitter\"}]},{\"@type\":\"WebSite\",\"@id\":\"https:\\\/\\\/fdd-ihedn.fr\\\/#website\",\"url\":\"https:\\\/\\\/fdd-ihedn.fr\\\/\",\"name\":\"Fonds de dotation de l&#039;IHEDN\",\"description\":\"Des projets innovants d\u00e9velopp\u00e9s pour l&#039;IHEDN gr\u00e2ce au m\u00e9c\u00e9nat\",\"publisher\":{\"@id\":\"https:\\\/\\\/fdd-ihedn.fr\\\/#organization\"},\"potentialAction\":[{\"@type\":\"SearchAction\",\"target\":{\"@type\":\"EntryPoint\",\"urlTemplate\":\"https:\\\/\\\/fdd-ihedn.fr\\\/?s={search_term_string}\"},\"query-input\":{\"@type\":\"PropertyValueSpecification\",\"valueRequired\":true,\"valueName\":\"search_term_string\"}}],\"inLanguage\":\"en-GB\"},{\"@type\":\"Organization\",\"@id\":\"https:\\\/\\\/fdd-ihedn.fr\\\/#organization\",\"name\":\"Chaire \u00c9conomie de d\u00e9fense - IHEDN\",\"url\":\"https:\\\/\\\/fdd-ihedn.fr\\\/\",\"logo\":{\"@type\":\"ImageObject\",\"inLanguage\":\"en-GB\",\"@id\":\"https:\\\/\\\/fdd-ihedn.fr\\\/#\\\/schema\\\/logo\\\/image\\\/\",\"url\":\"https:\\\/\\\/fdd-ihedn.fr\\\/wp-content\\\/uploads\\\/2020\\\/04\\\/logoEcodef9.jpg\",\"contentUrl\":\"https:\\\/\\\/fdd-ihedn.fr\\\/wp-content\\\/uploads\\\/2020\\\/04\\\/logoEcodef9.jpg\",\"width\":410,\"height\":212,\"caption\":\"Chaire \u00c9conomie de d\u00e9fense - IHEDN\"},\"image\":{\"@id\":\"https:\\\/\\\/fdd-ihedn.fr\\\/#\\\/schema\\\/logo\\\/image\\\/\"},\"sameAs\":[\"https:\\\/\\\/x.com\\\/Chaire_Ecodef\",\"https:\\\/\\\/www.linkedin.com\\\/company\\\/chaire-ecodef-ihedn\\\/\"]},{\"@type\":\"Person\",\"@id\":\"https:\\\/\\\/fdd-ihedn.fr\\\/#\\\/schema\\\/person\\\/9fdc5a3e2e544ff0f51c5e0732af0c12\",\"name\":\"dev\",\"image\":{\"@type\":\"ImageObject\",\"inLanguage\":\"en-GB\",\"@id\":\"https:\\\/\\\/secure.gravatar.com\\\/avatar\\\/f1ffcac9ca2fa95ad3ec33e9be3ade82f752acb0cabe541e56c5889225afa88a?s=96&d=mm&r=g\",\"url\":\"https:\\\/\\\/secure.gravatar.com\\\/avatar\\\/f1ffcac9ca2fa95ad3ec33e9be3ade82f752acb0cabe541e56c5889225afa88a?s=96&d=mm&r=g\",\"contentUrl\":\"https:\\\/\\\/secure.gravatar.com\\\/avatar\\\/f1ffcac9ca2fa95ad3ec33e9be3ade82f752acb0cabe541e56c5889225afa88a?s=96&d=mm&r=g\",\"caption\":\"dev\"},\"url\":\"https:\\\/\\\/fdd-ihedn.fr\\\/en\\\/author\\\/dev\\\/\"}]}<\/script>\n<!-- \/ Yoast SEO plugin. -->","yoast_head_json":{"title":"[chaire ECODEF] La Chaire arrive sur Linkedin et Twitter - Fonds de dotation de l&#039;IHEDN","robots":{"index":"index","follow":"follow","max-snippet":"max-snippet:-1","max-image-preview":"max-image-preview:large","max-video-preview":"max-video-preview:-1"},"canonical":"https:\/\/fdd-ihedn.fr\/en\/la-chaire-economie-de-defense-sur-linkedin-et-twitter\/","og_locale":"en_GB","og_type":"article","og_title":"[chaire ECODEF] La Chaire arrive sur Linkedin et Twitter - Fonds de dotation de l&#039;IHEDN","og_description":"La chaire \u00c9conomie de d\u00e9fense est maintenant sur Twitter et Linkedin ! Entrez en contact avec la chaire et venez suivre les actualit\u00e9s, publications et \u00e9v\u00e9nements en rapport avec l\u2019\u00e9conomie de d\u00e9fense ainsi que les parutions des articles de Jean Belin, Julien Malizard et du r\u00e9seau de chercheurs de la Chaire.","og_url":"https:\/\/fdd-ihedn.fr\/en\/la-chaire-economie-de-defense-sur-linkedin-et-twitter\/","og_site_name":"Fonds de dotation de l&#039;IHEDN","article_published_time":"2015-11-06T16:23:57+00:00","article_modified_time":"2024-09-24T12:03:25+00:00","og_image":[{"width":220,"height":300,"url":"https:\/\/fdd-ihedn.fr\/wp-content\/uploads\/2015\/12\/RVB-LogEcoDeDef-220x300-1.png","type":"image\/png"}],"author":"dev","twitter_card":"summary_large_image","twitter_creator":"@Chaire_Ecodef","twitter_site":"@Chaire_Ecodef","twitter_misc":{"Written by":"dev"},"schema":{"@context":"https:\/\/schema.org","@graph":[{"@type":"Article","@id":"https:\/\/fdd-ihedn.fr\/la-chaire-economie-de-defense-sur-linkedin-et-twitter\/#article","isPartOf":{"@id":"https:\/\/fdd-ihedn.fr\/la-chaire-economie-de-defense-sur-linkedin-et-twitter\/"},"author":{"name":"dev","@id":"https:\/\/fdd-ihedn.fr\/#\/schema\/person\/9fdc5a3e2e544ff0f51c5e0732af0c12"},"headline":"[chaire ECODEF] La Chaire arrive sur Linkedin et Twitter","datePublished":"2015-11-06T16:23:57+00:00","dateModified":"2024-09-24T12:03:25+00:00","mainEntityOfPage":{"@id":"https:\/\/fdd-ihedn.fr\/la-chaire-economie-de-defense-sur-linkedin-et-twitter\/"},"wordCount":65,"commentCount":0,"publisher":{"@id":"https:\/\/fdd-ihedn.fr\/#organization"},"image":{"@id":"https:\/\/fdd-ihedn.fr\/la-chaire-economie-de-defense-sur-linkedin-et-twitter\/#primaryimage"},"thumbnailUrl":"https:\/\/fdd-ihedn.fr\/wp-content\/uploads\/2015\/12\/RVB-LogEcoDeDef-220x300-1.png","articleSection":["Activit\u00e9s","Chaire \u00c9conomie de d\u00e9fense"],"inLanguage":"en-GB","potentialAction":[{"@type":"CommentAction","name":"Comment","target":["https:\/\/fdd-ihedn.fr\/la-chaire-economie-de-defense-sur-linkedin-et-twitter\/#respond"]}]},{"@type":"WebPage","@id":"https:\/\/fdd-ihedn.fr\/la-chaire-economie-de-defense-sur-linkedin-et-twitter\/","url":"https:\/\/fdd-ihedn.fr\/la-chaire-economie-de-defense-sur-linkedin-et-twitter\/","name":"[chaire ECODEF] La Chaire arrive sur Linkedin et Twitter - Fonds de dotation de l&#039;IHEDN","isPartOf":{"@id":"https:\/\/fdd-ihedn.fr\/#website"},"primaryImageOfPage":{"@id":"https:\/\/fdd-ihedn.fr\/la-chaire-economie-de-defense-sur-linkedin-et-twitter\/#primaryimage"},"image":{"@id":"https:\/\/fdd-ihedn.fr\/la-chaire-economie-de-defense-sur-linkedin-et-twitter\/#primaryimage"},"thumbnailUrl":"https:\/\/fdd-ihedn.fr\/wp-content\/uploads\/2015\/12\/RVB-LogEcoDeDef-220x300-1.png","datePublished":"2015-11-06T16:23:57+00:00","dateModified":"2024-09-24T12:03:25+00:00","breadcrumb":{"@id":"https:\/\/fdd-ihedn.fr\/la-chaire-economie-de-defense-sur-linkedin-et-twitter\/#breadcrumb"},"inLanguage":"en-GB","potentialAction":[{"@type":"ReadAction","target":["https:\/\/fdd-ihedn.fr\/la-chaire-economie-de-defense-sur-linkedin-et-twitter\/"]}]},{"@type":"ImageObject","inLanguage":"en-GB","@id":"https:\/\/fdd-ihedn.fr\/la-chaire-economie-de-defense-sur-linkedin-et-twitter\/#primaryimage","url":"https:\/\/fdd-ihedn.fr\/wp-content\/uploads\/2015\/12\/RVB-LogEcoDeDef-220x300-1.png","contentUrl":"https:\/\/fdd-ihedn.fr\/wp-content\/uploads\/2015\/12\/RVB-LogEcoDeDef-220x300-1.png","width":220,"height":300},{"@type":"BreadcrumbList","@id":"https:\/\/fdd-ihedn.fr\/la-chaire-economie-de-defense-sur-linkedin-et-twitter\/#breadcrumb","itemListElement":[{"@type":"ListItem","position":1,"name":"Accueil","item":"https:\/\/fdd-ihedn.fr\/"},{"@type":"ListItem","position":2,"name":"[chaire ECODEF] La Chaire arrive sur Linkedin et Twitter"}]},{"@type":"WebSite","@id":"https:\/\/fdd-ihedn.fr\/#website","url":"https:\/\/fdd-ihedn.fr\/","name":"IHEDN Endowment Fund","description":"Innovative projects developed for IHEDN thanks to sponsorship","publisher":{"@id":"https:\/\/fdd-ihedn.fr\/#organization"},"potentialAction":[{"@type":"SearchAction","target":{"@type":"EntryPoint","urlTemplate":"https:\/\/fdd-ihedn.fr\/?s={search_term_string}"},"query-input":{"@type":"PropertyValueSpecification","valueRequired":true,"valueName":"search_term_string"}}],"inLanguage":"en-GB"},{"@type":"Organization","@id":"https:\/\/fdd-ihedn.fr\/#organization","name":"Chair in Defence Economics - IHEDN","url":"https:\/\/fdd-ihedn.fr\/","logo":{"@type":"ImageObject","inLanguage":"en-GB","@id":"https:\/\/fdd-ihedn.fr\/#\/schema\/logo\/image\/","url":"https:\/\/fdd-ihedn.fr\/wp-content\/uploads\/2020\/04\/logoEcodef9.jpg","contentUrl":"https:\/\/fdd-ihedn.fr\/wp-content\/uploads\/2020\/04\/logoEcodef9.jpg","width":410,"height":212,"caption":"Chaire \u00c9conomie de d\u00e9fense - IHEDN"},"image":{"@id":"https:\/\/fdd-ihedn.fr\/#\/schema\/logo\/image\/"},"sameAs":["https:\/\/x.com\/Chaire_Ecodef","https:\/\/www.linkedin.com\/company\/chaire-ecodef-ihedn\/"]},{"@type":"Person","@id":"https:\/\/fdd-ihedn.fr\/#\/schema\/person\/9fdc5a3e2e544ff0f51c5e0732af0c12","name":"dev","image":{"@type":"ImageObject","inLanguage":"en-GB","@id":"https:\/\/secure.gravatar.com\/avatar\/f1ffcac9ca2fa95ad3ec33e9be3ade82f752acb0cabe541e56c5889225afa88a?s=96&d=mm&r=g","url":"https:\/\/secure.gravatar.com\/avatar\/f1ffcac9ca2fa95ad3ec33e9be3ade82f752acb0cabe541e56c5889225afa88a?s=96&d=mm&r=g","contentUrl":"https:\/\/secure.gravatar.com\/avatar\/f1ffcac9ca2fa95ad3ec33e9be3ade82f752acb0cabe541e56c5889225afa88a?s=96&d=mm&r=g","caption":"dev"},"url":"https:\/\/fdd-ihedn.fr\/en\/author\/dev\/"}]}},"_links":{"self":[{"href":"https:\/\/fdd-ihedn.fr\/en\/wp-json\/wp\/v2\/posts\/4119","targetHints":{"allow":["GET"]}}],"collection":[{"href":"https:\/\/fdd-ihedn.fr\/en\/wp-json\/wp\/v2\/posts"}],"about":[{"href":"https:\/\/fdd-ihedn.fr\/en\/wp-json\/wp\/v2\/types\/post"}],"author":[{"embeddable":true,"href":"https:\/\/fdd-ihedn.fr\/en\/wp-json\/wp\/v2\/users\/1"}],"replies":[{"embeddable":true,"href":"https:\/\/fdd-ihedn.fr\/en\/wp-json\/wp\/v2\/comments?post=4119"}],"version-history":[{"count":3,"href":"https:\/\/fdd-ihedn.fr\/en\/wp-json\/wp\/v2\/posts\/4119\/revisions"}],"predecessor-version":[{"id":5676,"href":"https:\/\/fdd-ihedn.fr\/en\/wp-json\/wp\/v2\/posts\/4119\/revisions\/5676"}],"wp:featuredmedia":[{"embeddable":true,"href":"https:\/\/fdd-ihedn.fr\/en\/wp-json\/wp\/v2\/media\/4226"}],"wp:attachment":[{"href":"https:\/\/fdd-ihedn.fr\/en\/wp-json\/wp\/v2\/media?parent=4119"}],"wp:term":[{"taxonomy":"category","embeddable":true,"href":"https:\/\/fdd-ihedn.fr\/en\/wp-json\/wp\/v2\/categories?post=4119"},{"taxonomy":"post_tag","embeddable":true,"href":"https:\/\/fdd-ihedn.fr\/en\/wp-json\/wp\/v2\/tags?post=4119"}],"curies":[{"name":"wp","href":"https:\/\/api.w.org\/{rel}","templated":true}]}}