{"id":4116,"date":"2015-07-10T15:30:31","date_gmt":"2015-07-10T13:30:31","guid":{"rendered":"https:\/\/fdd.concilium.click\/journee-cohesion-nationale-et-citoyennete-paris-le-jeudi-9-juillet-2015\/"},"modified":"2022-02-04T14:20:24","modified_gmt":"2022-02-04T13:20:24","slug":"journee-cohesion-nationale-et-citoyennete-paris-le-jeudi-9-juillet-2015","status":"publish","type":"post","link":"https:\/\/fdd-ihedn.fr\/en\/journee-cohesion-nationale-et-citoyennete-paris-le-jeudi-9-juillet-2015\/","title":{"rendered":"National Cohesion and Citizenship Day - Paris, Thursday 9 July 2015"},"content":{"rendered":"<p>Around sixty people who have taken part in one of the sessions of the \u00abNational Cohesion and Citizenship\u00bb seminar, organised since 2006 in Paris by the IHEDN and extended to the provinces since 2010 by the Cercle des partenaires de l'IHEDN, met on Thursday 9 July at the \u00c9cole militaire (Paris 7e) for the second inter-session day. The first took place on 19 June 2014.<\/p>\n<p>The trainees, who came from various departments in the Paris region, as well as from Amiens, Le Havre, Lille, Lyon and Nantes, included local councillors, managers from the voluntary sector, the French education system, government departments and the armed forces, and provided a further opportunity for them to meet and, in some cases, reacquaint themselves.<\/p>\n<p>This initiative, introduced last year, has helped to initiate exchanges that are as rich as they are convivial between these players in local life who are confronted with similar issues in areas that are far apart.<\/p>\n<p>Guy RUPIED, President of the Cercle, and Prefect Jo\u00ebl BOUCHIT\u00c9, Deputy Director of the IHEDN, gave the welcoming remarks before giving the floor to Yazid KHERFI, consultant in urban prevention, lecturer at the University of Paris X Nanterre and former prisoner. After presenting his background and the work he has been doing for young people for over 25 years, in particular through his nomadic mediation, he gave participants the opportunity to debate and exchange ideas in the best possible conditions.<\/p>\n<p>The afternoon was devoted to a visit to the Cit\u00e9 nationale de l'histoire de l'immigration, where the permanent exhibition \u00abRep\u00e8res\u00bb has recently been renovated. Luc GRUSON, the museum's former director general, gave the group a guided tour of two centuries of immigration history, illustrating his remarks with comparisons with the key periods in France's history since the 19th century.<\/p>\n<p><a href=\"https:\/\/fdd-ihedn.fr\/wp-content\/uploads\/2021\/04\/CNHI.jpg\"><img loading=\"lazy\" decoding=\"async\" class=\"size-full wp-image-944 aligncenter\" src=\"https:\/\/fdd-ihedn.fr\/wp-content\/uploads\/2021\/04\/CNHI.jpg\" alt=\"CNHI\" width=\"460\" height=\"305\" \/><\/a><\/p>","protected":false},"excerpt":{"rendered":"<p>Une soixantaine de personnes ayant particip\u00e9 \u00e0 l\u2019une des sessions du s\u00e9minaire \u00ab Coh\u00e9sion nationale et citoyennet\u00e9 \u00bb,\u00a0 organis\u00e9 depuis 2006 \u00e0 Paris par l\u2019IHEDN\u00a0 et d\u00e9clin\u00e9 en province depuis 2010 par le Cercle des partenaires de l\u2019IHEDN, ont \u00e9t\u00e9 r\u00e9unies ce jeudi 9 juillet \u00e0 l\u2019\u00c9cole militaire (Paris 7e) \u00e0 l\u2019occasion de la seconde [&hellip;]<\/p>\n","protected":false},"author":1,"featured_media":3472,"comment_status":"open","ping_status":"open","sticky":false,"template":"","format":"standard","meta":{"footnotes":""},"categories":[34,450],"tags":[],"class_list":{"0":"post-4116","1":"post","2":"type-post","3":"status-publish","4":"format-standard","5":"has-post-thumbnail","7":"category-activites","8":"category-cnc"},"yoast_head":"<!-- This site is optimized with the Yoast SEO plugin v27.4 - https:\/\/yoast.com\/product\/yoast-seo-wordpress\/ -->\n<title>Journ\u00e9e &quot;Coh\u00e9sion nationale et citoyennet\u00e9&quot; - Paris, le jeudi 9 juillet 2015 - Fonds de dotation de l&#039;IHEDN<\/title>\n<meta name=\"robots\" content=\"index, follow, max-snippet:-1, max-image-preview:large, max-video-preview:-1\" \/>\n<link rel=\"canonical\" href=\"https:\/\/fdd-ihedn.fr\/en\/journee-cohesion-nationale-et-citoyennete-paris-le-jeudi-9-juillet-2015\/\" \/>\n<meta property=\"og:locale\" content=\"en_GB\" \/>\n<meta property=\"og:type\" content=\"article\" \/>\n<meta property=\"og:title\" content=\"Journ\u00e9e &quot;Coh\u00e9sion nationale et citoyennet\u00e9&quot; - Paris, le jeudi 9 juillet 2015 - Fonds de dotation de l&#039;IHEDN\" \/>\n<meta property=\"og:description\" content=\"Une soixantaine de personnes ayant particip\u00e9 \u00e0 l\u2019une des sessions du s\u00e9minaire \u00ab Coh\u00e9sion nationale et citoyennet\u00e9 \u00bb,\u00a0 organis\u00e9 depuis 2006 \u00e0 Paris par l\u2019IHEDN\u00a0 et d\u00e9clin\u00e9 en province depuis 2010 par le Cercle des partenaires de l\u2019IHEDN, ont \u00e9t\u00e9 r\u00e9unies ce jeudi 9 juillet \u00e0 l\u2019\u00c9cole militaire (Paris 7e) \u00e0 l\u2019occasion de la seconde [&hellip;]\" \/>\n<meta property=\"og:url\" content=\"https:\/\/fdd-ihedn.fr\/en\/journee-cohesion-nationale-et-citoyennete-paris-le-jeudi-9-juillet-2015\/\" \/>\n<meta property=\"og:site_name\" content=\"Fonds de dotation de l&#039;IHEDN\" \/>\n<meta property=\"article:published_time\" content=\"2015-07-10T13:30:31+00:00\" \/>\n<meta property=\"article:modified_time\" content=\"2022-02-04T13:20:24+00:00\" \/>\n<meta property=\"og:image\" content=\"https:\/\/fdd-ihedn.fr\/wp-content\/uploads\/2021\/04\/CNHI-1.jpg\" \/>\n\t<meta property=\"og:image:width\" content=\"460\" \/>\n\t<meta property=\"og:image:height\" content=\"305\" \/>\n\t<meta property=\"og:image:type\" content=\"image\/jpeg\" \/>\n<meta name=\"author\" content=\"dev\" \/>\n<meta name=\"twitter:card\" content=\"summary_large_image\" \/>\n<meta name=\"twitter:creator\" content=\"@Chaire_Ecodef\" \/>\n<meta name=\"twitter:site\" content=\"@Chaire_Ecodef\" \/>\n<meta name=\"twitter:label1\" content=\"Written by\" \/>\n\t<meta name=\"twitter:data1\" content=\"dev\" \/>\n\t<meta name=\"twitter:label2\" content=\"Estimated reading time\" \/>\n\t<meta name=\"twitter:data2\" content=\"2 minutes\" \/>\n<script type=\"application\/ld+json\" class=\"yoast-schema-graph\">{\"@context\":\"https:\\\/\\\/schema.org\",\"@graph\":[{\"@type\":\"Article\",\"@id\":\"https:\\\/\\\/fdd-ihedn.fr\\\/journee-cohesion-nationale-et-citoyennete-paris-le-jeudi-9-juillet-2015\\\/#article\",\"isPartOf\":{\"@id\":\"https:\\\/\\\/fdd-ihedn.fr\\\/journee-cohesion-nationale-et-citoyennete-paris-le-jeudi-9-juillet-2015\\\/\"},\"author\":{\"name\":\"dev\",\"@id\":\"https:\\\/\\\/fdd-ihedn.fr\\\/#\\\/schema\\\/person\\\/9fdc5a3e2e544ff0f51c5e0732af0c12\"},\"headline\":\"Journ\u00e9e \u00ab\u00a0Coh\u00e9sion nationale et citoyennet\u00e9\u00a0\u00bb &#8211; Paris, le jeudi 9 juillet 2015\",\"datePublished\":\"2015-07-10T13:30:31+00:00\",\"dateModified\":\"2022-02-04T13:20:24+00:00\",\"mainEntityOfPage\":{\"@id\":\"https:\\\/\\\/fdd-ihedn.fr\\\/journee-cohesion-nationale-et-citoyennete-paris-le-jeudi-9-juillet-2015\\\/\"},\"wordCount\":349,\"commentCount\":0,\"publisher\":{\"@id\":\"https:\\\/\\\/fdd-ihedn.fr\\\/#organization\"},\"image\":{\"@id\":\"https:\\\/\\\/fdd-ihedn.fr\\\/journee-cohesion-nationale-et-citoyennete-paris-le-jeudi-9-juillet-2015\\\/#primaryimage\"},\"thumbnailUrl\":\"https:\\\/\\\/fdd-ihedn.fr\\\/wp-content\\\/uploads\\\/2021\\\/04\\\/CNHI-1.jpg\",\"articleSection\":[\"Activit\u00e9s\",\"CNC\"],\"inLanguage\":\"en-GB\",\"potentialAction\":[{\"@type\":\"CommentAction\",\"name\":\"Comment\",\"target\":[\"https:\\\/\\\/fdd-ihedn.fr\\\/journee-cohesion-nationale-et-citoyennete-paris-le-jeudi-9-juillet-2015\\\/#respond\"]}]},{\"@type\":\"WebPage\",\"@id\":\"https:\\\/\\\/fdd-ihedn.fr\\\/journee-cohesion-nationale-et-citoyennete-paris-le-jeudi-9-juillet-2015\\\/\",\"url\":\"https:\\\/\\\/fdd-ihedn.fr\\\/journee-cohesion-nationale-et-citoyennete-paris-le-jeudi-9-juillet-2015\\\/\",\"name\":\"Journ\u00e9e \\\"Coh\u00e9sion nationale et citoyennet\u00e9\\\" - Paris, le jeudi 9 juillet 2015 - Fonds de dotation de l&#039;IHEDN\",\"isPartOf\":{\"@id\":\"https:\\\/\\\/fdd-ihedn.fr\\\/#website\"},\"primaryImageOfPage\":{\"@id\":\"https:\\\/\\\/fdd-ihedn.fr\\\/journee-cohesion-nationale-et-citoyennete-paris-le-jeudi-9-juillet-2015\\\/#primaryimage\"},\"image\":{\"@id\":\"https:\\\/\\\/fdd-ihedn.fr\\\/journee-cohesion-nationale-et-citoyennete-paris-le-jeudi-9-juillet-2015\\\/#primaryimage\"},\"thumbnailUrl\":\"https:\\\/\\\/fdd-ihedn.fr\\\/wp-content\\\/uploads\\\/2021\\\/04\\\/CNHI-1.jpg\",\"datePublished\":\"2015-07-10T13:30:31+00:00\",\"dateModified\":\"2022-02-04T13:20:24+00:00\",\"breadcrumb\":{\"@id\":\"https:\\\/\\\/fdd-ihedn.fr\\\/journee-cohesion-nationale-et-citoyennete-paris-le-jeudi-9-juillet-2015\\\/#breadcrumb\"},\"inLanguage\":\"en-GB\",\"potentialAction\":[{\"@type\":\"ReadAction\",\"target\":[\"https:\\\/\\\/fdd-ihedn.fr\\\/journee-cohesion-nationale-et-citoyennete-paris-le-jeudi-9-juillet-2015\\\/\"]}]},{\"@type\":\"ImageObject\",\"inLanguage\":\"en-GB\",\"@id\":\"https:\\\/\\\/fdd-ihedn.fr\\\/journee-cohesion-nationale-et-citoyennete-paris-le-jeudi-9-juillet-2015\\\/#primaryimage\",\"url\":\"https:\\\/\\\/fdd-ihedn.fr\\\/wp-content\\\/uploads\\\/2021\\\/04\\\/CNHI-1.jpg\",\"contentUrl\":\"https:\\\/\\\/fdd-ihedn.fr\\\/wp-content\\\/uploads\\\/2021\\\/04\\\/CNHI-1.jpg\",\"width\":460,\"height\":305},{\"@type\":\"BreadcrumbList\",\"@id\":\"https:\\\/\\\/fdd-ihedn.fr\\\/journee-cohesion-nationale-et-citoyennete-paris-le-jeudi-9-juillet-2015\\\/#breadcrumb\",\"itemListElement\":[{\"@type\":\"ListItem\",\"position\":1,\"name\":\"Accueil\",\"item\":\"https:\\\/\\\/fdd-ihedn.fr\\\/\"},{\"@type\":\"ListItem\",\"position\":2,\"name\":\"Journ\u00e9e &#8220;Coh\u00e9sion nationale et citoyennet\u00e9&#8221; &#8211; Paris, le jeudi 9 juillet 2015\"}]},{\"@type\":\"WebSite\",\"@id\":\"https:\\\/\\\/fdd-ihedn.fr\\\/#website\",\"url\":\"https:\\\/\\\/fdd-ihedn.fr\\\/\",\"name\":\"Fonds de dotation de l&#039;IHEDN\",\"description\":\"Des projets innovants d\u00e9velopp\u00e9s pour l&#039;IHEDN gr\u00e2ce au m\u00e9c\u00e9nat\",\"publisher\":{\"@id\":\"https:\\\/\\\/fdd-ihedn.fr\\\/#organization\"},\"potentialAction\":[{\"@type\":\"SearchAction\",\"target\":{\"@type\":\"EntryPoint\",\"urlTemplate\":\"https:\\\/\\\/fdd-ihedn.fr\\\/?s={search_term_string}\"},\"query-input\":{\"@type\":\"PropertyValueSpecification\",\"valueRequired\":true,\"valueName\":\"search_term_string\"}}],\"inLanguage\":\"en-GB\"},{\"@type\":\"Organization\",\"@id\":\"https:\\\/\\\/fdd-ihedn.fr\\\/#organization\",\"name\":\"Chaire \u00c9conomie de d\u00e9fense - IHEDN\",\"url\":\"https:\\\/\\\/fdd-ihedn.fr\\\/\",\"logo\":{\"@type\":\"ImageObject\",\"inLanguage\":\"en-GB\",\"@id\":\"https:\\\/\\\/fdd-ihedn.fr\\\/#\\\/schema\\\/logo\\\/image\\\/\",\"url\":\"https:\\\/\\\/fdd-ihedn.fr\\\/wp-content\\\/uploads\\\/2020\\\/04\\\/logoEcodef9.jpg\",\"contentUrl\":\"https:\\\/\\\/fdd-ihedn.fr\\\/wp-content\\\/uploads\\\/2020\\\/04\\\/logoEcodef9.jpg\",\"width\":410,\"height\":212,\"caption\":\"Chaire \u00c9conomie de d\u00e9fense - IHEDN\"},\"image\":{\"@id\":\"https:\\\/\\\/fdd-ihedn.fr\\\/#\\\/schema\\\/logo\\\/image\\\/\"},\"sameAs\":[\"https:\\\/\\\/x.com\\\/Chaire_Ecodef\",\"https:\\\/\\\/www.linkedin.com\\\/company\\\/chaire-ecodef-ihedn\\\/\"]},{\"@type\":\"Person\",\"@id\":\"https:\\\/\\\/fdd-ihedn.fr\\\/#\\\/schema\\\/person\\\/9fdc5a3e2e544ff0f51c5e0732af0c12\",\"name\":\"dev\",\"image\":{\"@type\":\"ImageObject\",\"inLanguage\":\"en-GB\",\"@id\":\"https:\\\/\\\/secure.gravatar.com\\\/avatar\\\/f1ffcac9ca2fa95ad3ec33e9be3ade82f752acb0cabe541e56c5889225afa88a?s=96&d=mm&r=g\",\"url\":\"https:\\\/\\\/secure.gravatar.com\\\/avatar\\\/f1ffcac9ca2fa95ad3ec33e9be3ade82f752acb0cabe541e56c5889225afa88a?s=96&d=mm&r=g\",\"contentUrl\":\"https:\\\/\\\/secure.gravatar.com\\\/avatar\\\/f1ffcac9ca2fa95ad3ec33e9be3ade82f752acb0cabe541e56c5889225afa88a?s=96&d=mm&r=g\",\"caption\":\"dev\"},\"url\":\"https:\\\/\\\/fdd-ihedn.fr\\\/en\\\/author\\\/dev\\\/\"}]}<\/script>\n<!-- \/ Yoast SEO plugin. -->","yoast_head_json":{"title":"Journ\u00e9e \"Coh\u00e9sion nationale et citoyennet\u00e9\" - Paris, le jeudi 9 juillet 2015 - Fonds de dotation de l&#039;IHEDN","robots":{"index":"index","follow":"follow","max-snippet":"max-snippet:-1","max-image-preview":"max-image-preview:large","max-video-preview":"max-video-preview:-1"},"canonical":"https:\/\/fdd-ihedn.fr\/en\/journee-cohesion-nationale-et-citoyennete-paris-le-jeudi-9-juillet-2015\/","og_locale":"en_GB","og_type":"article","og_title":"Journ\u00e9e \"Coh\u00e9sion nationale et citoyennet\u00e9\" - Paris, le jeudi 9 juillet 2015 - Fonds de dotation de l&#039;IHEDN","og_description":"Une soixantaine de personnes ayant particip\u00e9 \u00e0 l\u2019une des sessions du s\u00e9minaire \u00ab Coh\u00e9sion nationale et citoyennet\u00e9 \u00bb,\u00a0 organis\u00e9 depuis 2006 \u00e0 Paris par l\u2019IHEDN\u00a0 et d\u00e9clin\u00e9 en province depuis 2010 par le Cercle des partenaires de l\u2019IHEDN, ont \u00e9t\u00e9 r\u00e9unies ce jeudi 9 juillet \u00e0 l\u2019\u00c9cole militaire (Paris 7e) \u00e0 l\u2019occasion de la seconde [&hellip;]","og_url":"https:\/\/fdd-ihedn.fr\/en\/journee-cohesion-nationale-et-citoyennete-paris-le-jeudi-9-juillet-2015\/","og_site_name":"Fonds de dotation de l&#039;IHEDN","article_published_time":"2015-07-10T13:30:31+00:00","article_modified_time":"2022-02-04T13:20:24+00:00","og_image":[{"width":460,"height":305,"url":"https:\/\/fdd-ihedn.fr\/wp-content\/uploads\/2021\/04\/CNHI-1.jpg","type":"image\/jpeg"}],"author":"dev","twitter_card":"summary_large_image","twitter_creator":"@Chaire_Ecodef","twitter_site":"@Chaire_Ecodef","twitter_misc":{"Written by":"dev","Estimated reading time":"2 minutes"},"schema":{"@context":"https:\/\/schema.org","@graph":[{"@type":"Article","@id":"https:\/\/fdd-ihedn.fr\/journee-cohesion-nationale-et-citoyennete-paris-le-jeudi-9-juillet-2015\/#article","isPartOf":{"@id":"https:\/\/fdd-ihedn.fr\/journee-cohesion-nationale-et-citoyennete-paris-le-jeudi-9-juillet-2015\/"},"author":{"name":"dev","@id":"https:\/\/fdd-ihedn.fr\/#\/schema\/person\/9fdc5a3e2e544ff0f51c5e0732af0c12"},"headline":"Journ\u00e9e \u00ab\u00a0Coh\u00e9sion nationale et citoyennet\u00e9\u00a0\u00bb &#8211; Paris, le jeudi 9 juillet 2015","datePublished":"2015-07-10T13:30:31+00:00","dateModified":"2022-02-04T13:20:24+00:00","mainEntityOfPage":{"@id":"https:\/\/fdd-ihedn.fr\/journee-cohesion-nationale-et-citoyennete-paris-le-jeudi-9-juillet-2015\/"},"wordCount":349,"commentCount":0,"publisher":{"@id":"https:\/\/fdd-ihedn.fr\/#organization"},"image":{"@id":"https:\/\/fdd-ihedn.fr\/journee-cohesion-nationale-et-citoyennete-paris-le-jeudi-9-juillet-2015\/#primaryimage"},"thumbnailUrl":"https:\/\/fdd-ihedn.fr\/wp-content\/uploads\/2021\/04\/CNHI-1.jpg","articleSection":["Activit\u00e9s","CNC"],"inLanguage":"en-GB","potentialAction":[{"@type":"CommentAction","name":"Comment","target":["https:\/\/fdd-ihedn.fr\/journee-cohesion-nationale-et-citoyennete-paris-le-jeudi-9-juillet-2015\/#respond"]}]},{"@type":"WebPage","@id":"https:\/\/fdd-ihedn.fr\/journee-cohesion-nationale-et-citoyennete-paris-le-jeudi-9-juillet-2015\/","url":"https:\/\/fdd-ihedn.fr\/journee-cohesion-nationale-et-citoyennete-paris-le-jeudi-9-juillet-2015\/","name":"Journ\u00e9e \"Coh\u00e9sion nationale et citoyennet\u00e9\" - Paris, le jeudi 9 juillet 2015 - Fonds de dotation de l&#039;IHEDN","isPartOf":{"@id":"https:\/\/fdd-ihedn.fr\/#website"},"primaryImageOfPage":{"@id":"https:\/\/fdd-ihedn.fr\/journee-cohesion-nationale-et-citoyennete-paris-le-jeudi-9-juillet-2015\/#primaryimage"},"image":{"@id":"https:\/\/fdd-ihedn.fr\/journee-cohesion-nationale-et-citoyennete-paris-le-jeudi-9-juillet-2015\/#primaryimage"},"thumbnailUrl":"https:\/\/fdd-ihedn.fr\/wp-content\/uploads\/2021\/04\/CNHI-1.jpg","datePublished":"2015-07-10T13:30:31+00:00","dateModified":"2022-02-04T13:20:24+00:00","breadcrumb":{"@id":"https:\/\/fdd-ihedn.fr\/journee-cohesion-nationale-et-citoyennete-paris-le-jeudi-9-juillet-2015\/#breadcrumb"},"inLanguage":"en-GB","potentialAction":[{"@type":"ReadAction","target":["https:\/\/fdd-ihedn.fr\/journee-cohesion-nationale-et-citoyennete-paris-le-jeudi-9-juillet-2015\/"]}]},{"@type":"ImageObject","inLanguage":"en-GB","@id":"https:\/\/fdd-ihedn.fr\/journee-cohesion-nationale-et-citoyennete-paris-le-jeudi-9-juillet-2015\/#primaryimage","url":"https:\/\/fdd-ihedn.fr\/wp-content\/uploads\/2021\/04\/CNHI-1.jpg","contentUrl":"https:\/\/fdd-ihedn.fr\/wp-content\/uploads\/2021\/04\/CNHI-1.jpg","width":460,"height":305},{"@type":"BreadcrumbList","@id":"https:\/\/fdd-ihedn.fr\/journee-cohesion-nationale-et-citoyennete-paris-le-jeudi-9-juillet-2015\/#breadcrumb","itemListElement":[{"@type":"ListItem","position":1,"name":"Accueil","item":"https:\/\/fdd-ihedn.fr\/"},{"@type":"ListItem","position":2,"name":"Journ\u00e9e &#8220;Coh\u00e9sion nationale et citoyennet\u00e9&#8221; &#8211; Paris, le jeudi 9 juillet 2015"}]},{"@type":"WebSite","@id":"https:\/\/fdd-ihedn.fr\/#website","url":"https:\/\/fdd-ihedn.fr\/","name":"IHEDN Endowment Fund","description":"Innovative projects developed for IHEDN thanks to sponsorship","publisher":{"@id":"https:\/\/fdd-ihedn.fr\/#organization"},"potentialAction":[{"@type":"SearchAction","target":{"@type":"EntryPoint","urlTemplate":"https:\/\/fdd-ihedn.fr\/?s={search_term_string}"},"query-input":{"@type":"PropertyValueSpecification","valueRequired":true,"valueName":"search_term_string"}}],"inLanguage":"en-GB"},{"@type":"Organization","@id":"https:\/\/fdd-ihedn.fr\/#organization","name":"Chair in Defence Economics - IHEDN","url":"https:\/\/fdd-ihedn.fr\/","logo":{"@type":"ImageObject","inLanguage":"en-GB","@id":"https:\/\/fdd-ihedn.fr\/#\/schema\/logo\/image\/","url":"https:\/\/fdd-ihedn.fr\/wp-content\/uploads\/2020\/04\/logoEcodef9.jpg","contentUrl":"https:\/\/fdd-ihedn.fr\/wp-content\/uploads\/2020\/04\/logoEcodef9.jpg","width":410,"height":212,"caption":"Chaire \u00c9conomie de d\u00e9fense - IHEDN"},"image":{"@id":"https:\/\/fdd-ihedn.fr\/#\/schema\/logo\/image\/"},"sameAs":["https:\/\/x.com\/Chaire_Ecodef","https:\/\/www.linkedin.com\/company\/chaire-ecodef-ihedn\/"]},{"@type":"Person","@id":"https:\/\/fdd-ihedn.fr\/#\/schema\/person\/9fdc5a3e2e544ff0f51c5e0732af0c12","name":"dev","image":{"@type":"ImageObject","inLanguage":"en-GB","@id":"https:\/\/secure.gravatar.com\/avatar\/f1ffcac9ca2fa95ad3ec33e9be3ade82f752acb0cabe541e56c5889225afa88a?s=96&d=mm&r=g","url":"https:\/\/secure.gravatar.com\/avatar\/f1ffcac9ca2fa95ad3ec33e9be3ade82f752acb0cabe541e56c5889225afa88a?s=96&d=mm&r=g","contentUrl":"https:\/\/secure.gravatar.com\/avatar\/f1ffcac9ca2fa95ad3ec33e9be3ade82f752acb0cabe541e56c5889225afa88a?s=96&d=mm&r=g","caption":"dev"},"url":"https:\/\/fdd-ihedn.fr\/en\/author\/dev\/"}]}},"_links":{"self":[{"href":"https:\/\/fdd-ihedn.fr\/en\/wp-json\/wp\/v2\/posts\/4116","targetHints":{"allow":["GET"]}}],"collection":[{"href":"https:\/\/fdd-ihedn.fr\/en\/wp-json\/wp\/v2\/posts"}],"about":[{"href":"https:\/\/fdd-ihedn.fr\/en\/wp-json\/wp\/v2\/types\/post"}],"author":[{"embeddable":true,"href":"https:\/\/fdd-ihedn.fr\/en\/wp-json\/wp\/v2\/users\/1"}],"replies":[{"embeddable":true,"href":"https:\/\/fdd-ihedn.fr\/en\/wp-json\/wp\/v2\/comments?post=4116"}],"version-history":[{"count":2,"href":"https:\/\/fdd-ihedn.fr\/en\/wp-json\/wp\/v2\/posts\/4116\/revisions"}],"predecessor-version":[{"id":4320,"href":"https:\/\/fdd-ihedn.fr\/en\/wp-json\/wp\/v2\/posts\/4116\/revisions\/4320"}],"wp:featuredmedia":[{"embeddable":true,"href":"https:\/\/fdd-ihedn.fr\/en\/wp-json\/wp\/v2\/media\/3472"}],"wp:attachment":[{"href":"https:\/\/fdd-ihedn.fr\/en\/wp-json\/wp\/v2\/media?parent=4116"}],"wp:term":[{"taxonomy":"category","embeddable":true,"href":"https:\/\/fdd-ihedn.fr\/en\/wp-json\/wp\/v2\/categories?post=4116"},{"taxonomy":"post_tag","embeddable":true,"href":"https:\/\/fdd-ihedn.fr\/en\/wp-json\/wp\/v2\/tags?post=4116"}],"curies":[{"name":"wp","href":"https:\/\/api.w.org\/{rel}","templated":true}]}}