{"id":4114,"date":"2015-05-29T09:46:04","date_gmt":"2015-05-29T07:46:04","guid":{"rendered":"https:\/\/fdd.concilium.click\/rencontres-ihedn-le-samedi-6-juin-a-lecole-militaire-paris-7e\/"},"modified":"2022-02-04T14:20:32","modified_gmt":"2022-02-04T13:20:32","slug":"rencontres-ihedn-le-samedi-6-juin-a-lecole-militaire-paris-7e","status":"publish","type":"post","link":"https:\/\/fdd-ihedn.fr\/en\/rencontres-ihedn-le-samedi-6-juin-a-lecole-militaire-paris-7e\/","title":{"rendered":"Rencontres IHEDN, Saturday 6 June at the \u00c9cole Militaire"},"content":{"rendered":"<p>La d\u00e9fense est un enjeu trop vital pour \u00eatre le domaine r\u00e9serv\u00e9 d\u2019experts et de professionnels. La d\u00e9fense engage la survie de la Nation. Ses institutions, son territoire, ses int\u00e9r\u00eats vitaux, tout autant que ses valeurs et sa capacit\u00e9 \u00e0 r\u00e9sister \u00e0 l\u2019adversit\u00e9. La d\u00e9fense est bien s\u00fbr une politique. C\u2019est un engagement pour les hommes et les femmes qui ont choisi le m\u00e9tier des armes. Mais c\u2019est aussi l\u2019expression de la volont\u00e9 d\u2019un peuple de rester ma\u00eetre de son destin. <\/p>\n<p>Penser la d\u00e9fense, c\u2019est l\u2019objet de ces \u00ab\u00a0Rencontres IHEDN\u00a0\u00bb organis\u00e9es par l\u2019Institut des hautes \u00e9tudes de d\u00e9fense nationale, le -samedi 6 juin 2015, sur le site de l\u2019\u00c9cole militaire.<\/p>\n<p>Douze tables rondes permettront, ainsi de faire dialoguer penseurs, praticiens et repr\u00e9sentants de la soci\u00e9t\u00e9 civile autour de th\u00e9matiques \u00ab\u00a0citoyennes\u00a0\u00bb destin\u00e9es \u00e0 poser sur la place publique une r\u00e9flexion qui engage notre avenir.<\/p>\n<p>Les d\u00e9bats se d\u00e9rouleront autour de quatre espaces :<\/p>\n<p>&#8211; Terminator, \u00e0 l&rsquo;image de la guerre des machines\u2026Prendre conscience de notre r\u00f4le d&rsquo;acteur de la d\u00e9fense collective.<br \/>\n&#8211; Minotaure, symbole des pulsions destructives de l&rsquo;homme\u2026 S&rsquo;assurer que la d\u00e9fense concerne chaque citoyen.<br \/>\n&#8211; Valmy 2.0, pour imaginer la guerre de demain\u2026 Identifier nos vuln\u00e9rabilit\u00e9s pour faire face aux menaces d&rsquo;aujourd&rsquo;hui.<br \/>\n&#8211; Gladiator, quand le spectacle de la force se d\u00e9ploie dans l&rsquo;ar\u00e8ne\u2026 Penser la d\u00e9fense et anticiper la violence \u00e0 venir.<\/p>\n<p>Informations et inscriptions sur : <a title=\"Informations et inscriptions\" href=\"http:\/\/www.ihedn.fr\/?q=content\/rencontres-ihedn-6-juin-2015\" target=\"_blank\" rel=\"noopener\">http:\/\/www.ihedn.fr\/?q=content\/rencontres-ihedn-6-juin-2015<\/a><\/p>\n<p><a href=\"https:\/\/fdd-ihedn.fr\/wp-content\/uploads\/2021\/04\/AFFICHEFINALE6061.jpg\"><img loading=\"lazy\" decoding=\"async\" class=\"size-large wp-image-914\" src=\"https:\/\/fdd-ihedn.fr\/wp-content\/uploads\/2021\/04\/AFFICHEFINALE6061-724x1024.jpg\" alt=\"Rencontre IHEDN, le samedi 6 juin \u00e0 l'\u00c9cole militaire (Paris 7e)\" width=\"606\" height=\"857\" \/><\/a><\/p>","protected":false},"excerpt":{"rendered":"<p>La d\u00e9fense est un enjeu trop vital pour \u00eatre le domaine r\u00e9serv\u00e9 d\u2019experts et de professionnels. La d\u00e9fense engage la survie de la Nation. Ses institutions, son territoire, ses int\u00e9r\u00eats vitaux, tout autant que ses valeurs et sa capacit\u00e9 \u00e0 r\u00e9sister \u00e0 l\u2019adversit\u00e9. La d\u00e9fense est bien s\u00fbr une politique. C\u2019est un engagement pour les [&hellip;]<\/p>\n","protected":false},"author":1,"featured_media":3466,"comment_status":"open","ping_status":"open","sticky":false,"template":"","format":"standard","meta":{"footnotes":""},"categories":[440],"tags":[],"class_list":{"0":"post-4114","1":"post","2":"type-post","3":"status-publish","4":"format-standard","5":"has-post-thumbnail","7":"category-ihedn"},"yoast_head":"<!-- This site is optimized with the Yoast SEO plugin v27.4 - https:\/\/yoast.com\/product\/yoast-seo-wordpress\/ -->\n<title>Rencontres IHEDN, le samedi 6 juin \u00e0 l&#039;\u00c9cole militaire - Fonds de dotation de l&#039;IHEDN<\/title>\n<meta name=\"robots\" content=\"index, follow, max-snippet:-1, max-image-preview:large, max-video-preview:-1\" \/>\n<link rel=\"canonical\" href=\"https:\/\/fdd-ihedn.fr\/en\/rencontres-ihedn-le-samedi-6-juin-a-lecole-militaire-paris-7e\/\" \/>\n<meta property=\"og:locale\" content=\"en_GB\" \/>\n<meta property=\"og:type\" content=\"article\" \/>\n<meta property=\"og:title\" content=\"Rencontres IHEDN, le samedi 6 juin \u00e0 l&#039;\u00c9cole militaire - Fonds de dotation de l&#039;IHEDN\" \/>\n<meta property=\"og:description\" content=\"La d\u00e9fense est un enjeu trop vital pour \u00eatre le domaine r\u00e9serv\u00e9 d\u2019experts et de professionnels. La d\u00e9fense engage la survie de la Nation. Ses institutions, son territoire, ses int\u00e9r\u00eats vitaux, tout autant que ses valeurs et sa capacit\u00e9 \u00e0 r\u00e9sister \u00e0 l\u2019adversit\u00e9. La d\u00e9fense est bien s\u00fbr une politique. C\u2019est un engagement pour les [&hellip;]\" \/>\n<meta property=\"og:url\" content=\"https:\/\/fdd-ihedn.fr\/en\/rencontres-ihedn-le-samedi-6-juin-a-lecole-militaire-paris-7e\/\" \/>\n<meta property=\"og:site_name\" content=\"Fonds de dotation de l&#039;IHEDN\" \/>\n<meta property=\"article:published_time\" content=\"2015-05-29T07:46:04+00:00\" \/>\n<meta property=\"article:modified_time\" content=\"2022-02-04T13:20:32+00:00\" \/>\n<meta property=\"og:image\" content=\"https:\/\/fdd-ihedn.fr\/wp-content\/uploads\/2021\/04\/AFFICHEFINALE6061-1.jpg\" \/>\n\t<meta property=\"og:image:width\" content=\"842\" \/>\n\t<meta property=\"og:image:height\" content=\"1191\" \/>\n\t<meta property=\"og:image:type\" content=\"image\/jpeg\" \/>\n<meta name=\"author\" content=\"dev\" \/>\n<meta name=\"twitter:card\" content=\"summary_large_image\" \/>\n<meta name=\"twitter:creator\" content=\"@Chaire_Ecodef\" \/>\n<meta name=\"twitter:site\" content=\"@Chaire_Ecodef\" \/>\n<meta name=\"twitter:label1\" content=\"Written by\" \/>\n\t<meta name=\"twitter:data1\" content=\"dev\" \/>\n\t<meta name=\"twitter:label2\" content=\"Estimated reading time\" \/>\n\t<meta name=\"twitter:data2\" content=\"1 minute\" \/>\n<script type=\"application\/ld+json\" class=\"yoast-schema-graph\">{\"@context\":\"https:\\\/\\\/schema.org\",\"@graph\":[{\"@type\":\"Article\",\"@id\":\"https:\\\/\\\/fdd-ihedn.fr\\\/rencontres-ihedn-le-samedi-6-juin-a-lecole-militaire-paris-7e\\\/#article\",\"isPartOf\":{\"@id\":\"https:\\\/\\\/fdd-ihedn.fr\\\/rencontres-ihedn-le-samedi-6-juin-a-lecole-militaire-paris-7e\\\/\"},\"author\":{\"name\":\"dev\",\"@id\":\"https:\\\/\\\/fdd-ihedn.fr\\\/#\\\/schema\\\/person\\\/9fdc5a3e2e544ff0f51c5e0732af0c12\"},\"headline\":\"Rencontres IHEDN, le samedi 6 juin \u00e0 l&rsquo;\u00c9cole militaire\",\"datePublished\":\"2015-05-29T07:46:04+00:00\",\"dateModified\":\"2022-02-04T13:20:32+00:00\",\"mainEntityOfPage\":{\"@id\":\"https:\\\/\\\/fdd-ihedn.fr\\\/rencontres-ihedn-le-samedi-6-juin-a-lecole-militaire-paris-7e\\\/\"},\"wordCount\":281,\"commentCount\":0,\"publisher\":{\"@id\":\"https:\\\/\\\/fdd-ihedn.fr\\\/#organization\"},\"image\":{\"@id\":\"https:\\\/\\\/fdd-ihedn.fr\\\/rencontres-ihedn-le-samedi-6-juin-a-lecole-militaire-paris-7e\\\/#primaryimage\"},\"thumbnailUrl\":\"https:\\\/\\\/fdd-ihedn.fr\\\/wp-content\\\/uploads\\\/2021\\\/04\\\/AFFICHEFINALE6061-1.jpg\",\"articleSection\":[\"IHEDN\"],\"inLanguage\":\"en-GB\",\"potentialAction\":[{\"@type\":\"CommentAction\",\"name\":\"Comment\",\"target\":[\"https:\\\/\\\/fdd-ihedn.fr\\\/rencontres-ihedn-le-samedi-6-juin-a-lecole-militaire-paris-7e\\\/#respond\"]}]},{\"@type\":\"WebPage\",\"@id\":\"https:\\\/\\\/fdd-ihedn.fr\\\/rencontres-ihedn-le-samedi-6-juin-a-lecole-militaire-paris-7e\\\/\",\"url\":\"https:\\\/\\\/fdd-ihedn.fr\\\/rencontres-ihedn-le-samedi-6-juin-a-lecole-militaire-paris-7e\\\/\",\"name\":\"Rencontres IHEDN, le samedi 6 juin \u00e0 l'\u00c9cole militaire - Fonds de dotation de l&#039;IHEDN\",\"isPartOf\":{\"@id\":\"https:\\\/\\\/fdd-ihedn.fr\\\/#website\"},\"primaryImageOfPage\":{\"@id\":\"https:\\\/\\\/fdd-ihedn.fr\\\/rencontres-ihedn-le-samedi-6-juin-a-lecole-militaire-paris-7e\\\/#primaryimage\"},\"image\":{\"@id\":\"https:\\\/\\\/fdd-ihedn.fr\\\/rencontres-ihedn-le-samedi-6-juin-a-lecole-militaire-paris-7e\\\/#primaryimage\"},\"thumbnailUrl\":\"https:\\\/\\\/fdd-ihedn.fr\\\/wp-content\\\/uploads\\\/2021\\\/04\\\/AFFICHEFINALE6061-1.jpg\",\"datePublished\":\"2015-05-29T07:46:04+00:00\",\"dateModified\":\"2022-02-04T13:20:32+00:00\",\"breadcrumb\":{\"@id\":\"https:\\\/\\\/fdd-ihedn.fr\\\/rencontres-ihedn-le-samedi-6-juin-a-lecole-militaire-paris-7e\\\/#breadcrumb\"},\"inLanguage\":\"en-GB\",\"potentialAction\":[{\"@type\":\"ReadAction\",\"target\":[\"https:\\\/\\\/fdd-ihedn.fr\\\/rencontres-ihedn-le-samedi-6-juin-a-lecole-militaire-paris-7e\\\/\"]}]},{\"@type\":\"ImageObject\",\"inLanguage\":\"en-GB\",\"@id\":\"https:\\\/\\\/fdd-ihedn.fr\\\/rencontres-ihedn-le-samedi-6-juin-a-lecole-militaire-paris-7e\\\/#primaryimage\",\"url\":\"https:\\\/\\\/fdd-ihedn.fr\\\/wp-content\\\/uploads\\\/2021\\\/04\\\/AFFICHEFINALE6061-1.jpg\",\"contentUrl\":\"https:\\\/\\\/fdd-ihedn.fr\\\/wp-content\\\/uploads\\\/2021\\\/04\\\/AFFICHEFINALE6061-1.jpg\",\"width\":842,\"height\":1191},{\"@type\":\"BreadcrumbList\",\"@id\":\"https:\\\/\\\/fdd-ihedn.fr\\\/rencontres-ihedn-le-samedi-6-juin-a-lecole-militaire-paris-7e\\\/#breadcrumb\",\"itemListElement\":[{\"@type\":\"ListItem\",\"position\":1,\"name\":\"Accueil\",\"item\":\"https:\\\/\\\/fdd-ihedn.fr\\\/\"},{\"@type\":\"ListItem\",\"position\":2,\"name\":\"Rencontres IHEDN, le samedi 6 juin \u00e0 l&#8217;\u00c9cole militaire\"}]},{\"@type\":\"WebSite\",\"@id\":\"https:\\\/\\\/fdd-ihedn.fr\\\/#website\",\"url\":\"https:\\\/\\\/fdd-ihedn.fr\\\/\",\"name\":\"Fonds de dotation de l&#039;IHEDN\",\"description\":\"Des projets innovants d\u00e9velopp\u00e9s pour l&#039;IHEDN gr\u00e2ce au m\u00e9c\u00e9nat\",\"publisher\":{\"@id\":\"https:\\\/\\\/fdd-ihedn.fr\\\/#organization\"},\"potentialAction\":[{\"@type\":\"SearchAction\",\"target\":{\"@type\":\"EntryPoint\",\"urlTemplate\":\"https:\\\/\\\/fdd-ihedn.fr\\\/?s={search_term_string}\"},\"query-input\":{\"@type\":\"PropertyValueSpecification\",\"valueRequired\":true,\"valueName\":\"search_term_string\"}}],\"inLanguage\":\"en-GB\"},{\"@type\":\"Organization\",\"@id\":\"https:\\\/\\\/fdd-ihedn.fr\\\/#organization\",\"name\":\"Chaire \u00c9conomie de d\u00e9fense - IHEDN\",\"url\":\"https:\\\/\\\/fdd-ihedn.fr\\\/\",\"logo\":{\"@type\":\"ImageObject\",\"inLanguage\":\"en-GB\",\"@id\":\"https:\\\/\\\/fdd-ihedn.fr\\\/#\\\/schema\\\/logo\\\/image\\\/\",\"url\":\"https:\\\/\\\/fdd-ihedn.fr\\\/wp-content\\\/uploads\\\/2020\\\/04\\\/logoEcodef9.jpg\",\"contentUrl\":\"https:\\\/\\\/fdd-ihedn.fr\\\/wp-content\\\/uploads\\\/2020\\\/04\\\/logoEcodef9.jpg\",\"width\":410,\"height\":212,\"caption\":\"Chaire \u00c9conomie de d\u00e9fense - IHEDN\"},\"image\":{\"@id\":\"https:\\\/\\\/fdd-ihedn.fr\\\/#\\\/schema\\\/logo\\\/image\\\/\"},\"sameAs\":[\"https:\\\/\\\/x.com\\\/Chaire_Ecodef\",\"https:\\\/\\\/www.linkedin.com\\\/company\\\/chaire-ecodef-ihedn\\\/\"]},{\"@type\":\"Person\",\"@id\":\"https:\\\/\\\/fdd-ihedn.fr\\\/#\\\/schema\\\/person\\\/9fdc5a3e2e544ff0f51c5e0732af0c12\",\"name\":\"dev\",\"image\":{\"@type\":\"ImageObject\",\"inLanguage\":\"en-GB\",\"@id\":\"https:\\\/\\\/secure.gravatar.com\\\/avatar\\\/f1ffcac9ca2fa95ad3ec33e9be3ade82f752acb0cabe541e56c5889225afa88a?s=96&d=mm&r=g\",\"url\":\"https:\\\/\\\/secure.gravatar.com\\\/avatar\\\/f1ffcac9ca2fa95ad3ec33e9be3ade82f752acb0cabe541e56c5889225afa88a?s=96&d=mm&r=g\",\"contentUrl\":\"https:\\\/\\\/secure.gravatar.com\\\/avatar\\\/f1ffcac9ca2fa95ad3ec33e9be3ade82f752acb0cabe541e56c5889225afa88a?s=96&d=mm&r=g\",\"caption\":\"dev\"},\"url\":\"https:\\\/\\\/fdd-ihedn.fr\\\/en\\\/author\\\/dev\\\/\"}]}<\/script>\n<!-- \/ Yoast SEO plugin. -->","yoast_head_json":{"title":"Rencontres IHEDN, le samedi 6 juin \u00e0 l'\u00c9cole militaire - Fonds de dotation de l&#039;IHEDN","robots":{"index":"index","follow":"follow","max-snippet":"max-snippet:-1","max-image-preview":"max-image-preview:large","max-video-preview":"max-video-preview:-1"},"canonical":"https:\/\/fdd-ihedn.fr\/en\/rencontres-ihedn-le-samedi-6-juin-a-lecole-militaire-paris-7e\/","og_locale":"en_GB","og_type":"article","og_title":"Rencontres IHEDN, le samedi 6 juin \u00e0 l'\u00c9cole militaire - Fonds de dotation de l&#039;IHEDN","og_description":"La d\u00e9fense est un enjeu trop vital pour \u00eatre le domaine r\u00e9serv\u00e9 d\u2019experts et de professionnels. La d\u00e9fense engage la survie de la Nation. Ses institutions, son territoire, ses int\u00e9r\u00eats vitaux, tout autant que ses valeurs et sa capacit\u00e9 \u00e0 r\u00e9sister \u00e0 l\u2019adversit\u00e9. La d\u00e9fense est bien s\u00fbr une politique. C\u2019est un engagement pour les [&hellip;]","og_url":"https:\/\/fdd-ihedn.fr\/en\/rencontres-ihedn-le-samedi-6-juin-a-lecole-militaire-paris-7e\/","og_site_name":"Fonds de dotation de l&#039;IHEDN","article_published_time":"2015-05-29T07:46:04+00:00","article_modified_time":"2022-02-04T13:20:32+00:00","og_image":[{"width":842,"height":1191,"url":"https:\/\/fdd-ihedn.fr\/wp-content\/uploads\/2021\/04\/AFFICHEFINALE6061-1.jpg","type":"image\/jpeg"}],"author":"dev","twitter_card":"summary_large_image","twitter_creator":"@Chaire_Ecodef","twitter_site":"@Chaire_Ecodef","twitter_misc":{"Written by":"dev","Estimated reading time":"1 minute"},"schema":{"@context":"https:\/\/schema.org","@graph":[{"@type":"Article","@id":"https:\/\/fdd-ihedn.fr\/rencontres-ihedn-le-samedi-6-juin-a-lecole-militaire-paris-7e\/#article","isPartOf":{"@id":"https:\/\/fdd-ihedn.fr\/rencontres-ihedn-le-samedi-6-juin-a-lecole-militaire-paris-7e\/"},"author":{"name":"dev","@id":"https:\/\/fdd-ihedn.fr\/#\/schema\/person\/9fdc5a3e2e544ff0f51c5e0732af0c12"},"headline":"Rencontres IHEDN, le samedi 6 juin \u00e0 l&rsquo;\u00c9cole militaire","datePublished":"2015-05-29T07:46:04+00:00","dateModified":"2022-02-04T13:20:32+00:00","mainEntityOfPage":{"@id":"https:\/\/fdd-ihedn.fr\/rencontres-ihedn-le-samedi-6-juin-a-lecole-militaire-paris-7e\/"},"wordCount":281,"commentCount":0,"publisher":{"@id":"https:\/\/fdd-ihedn.fr\/#organization"},"image":{"@id":"https:\/\/fdd-ihedn.fr\/rencontres-ihedn-le-samedi-6-juin-a-lecole-militaire-paris-7e\/#primaryimage"},"thumbnailUrl":"https:\/\/fdd-ihedn.fr\/wp-content\/uploads\/2021\/04\/AFFICHEFINALE6061-1.jpg","articleSection":["IHEDN"],"inLanguage":"en-GB","potentialAction":[{"@type":"CommentAction","name":"Comment","target":["https:\/\/fdd-ihedn.fr\/rencontres-ihedn-le-samedi-6-juin-a-lecole-militaire-paris-7e\/#respond"]}]},{"@type":"WebPage","@id":"https:\/\/fdd-ihedn.fr\/rencontres-ihedn-le-samedi-6-juin-a-lecole-militaire-paris-7e\/","url":"https:\/\/fdd-ihedn.fr\/rencontres-ihedn-le-samedi-6-juin-a-lecole-militaire-paris-7e\/","name":"Rencontres IHEDN, le samedi 6 juin \u00e0 l'\u00c9cole militaire - Fonds de dotation de l&#039;IHEDN","isPartOf":{"@id":"https:\/\/fdd-ihedn.fr\/#website"},"primaryImageOfPage":{"@id":"https:\/\/fdd-ihedn.fr\/rencontres-ihedn-le-samedi-6-juin-a-lecole-militaire-paris-7e\/#primaryimage"},"image":{"@id":"https:\/\/fdd-ihedn.fr\/rencontres-ihedn-le-samedi-6-juin-a-lecole-militaire-paris-7e\/#primaryimage"},"thumbnailUrl":"https:\/\/fdd-ihedn.fr\/wp-content\/uploads\/2021\/04\/AFFICHEFINALE6061-1.jpg","datePublished":"2015-05-29T07:46:04+00:00","dateModified":"2022-02-04T13:20:32+00:00","breadcrumb":{"@id":"https:\/\/fdd-ihedn.fr\/rencontres-ihedn-le-samedi-6-juin-a-lecole-militaire-paris-7e\/#breadcrumb"},"inLanguage":"en-GB","potentialAction":[{"@type":"ReadAction","target":["https:\/\/fdd-ihedn.fr\/rencontres-ihedn-le-samedi-6-juin-a-lecole-militaire-paris-7e\/"]}]},{"@type":"ImageObject","inLanguage":"en-GB","@id":"https:\/\/fdd-ihedn.fr\/rencontres-ihedn-le-samedi-6-juin-a-lecole-militaire-paris-7e\/#primaryimage","url":"https:\/\/fdd-ihedn.fr\/wp-content\/uploads\/2021\/04\/AFFICHEFINALE6061-1.jpg","contentUrl":"https:\/\/fdd-ihedn.fr\/wp-content\/uploads\/2021\/04\/AFFICHEFINALE6061-1.jpg","width":842,"height":1191},{"@type":"BreadcrumbList","@id":"https:\/\/fdd-ihedn.fr\/rencontres-ihedn-le-samedi-6-juin-a-lecole-militaire-paris-7e\/#breadcrumb","itemListElement":[{"@type":"ListItem","position":1,"name":"Accueil","item":"https:\/\/fdd-ihedn.fr\/"},{"@type":"ListItem","position":2,"name":"Rencontres IHEDN, le samedi 6 juin \u00e0 l&#8217;\u00c9cole militaire"}]},{"@type":"WebSite","@id":"https:\/\/fdd-ihedn.fr\/#website","url":"https:\/\/fdd-ihedn.fr\/","name":"IHEDN Endowment Fund","description":"Innovative projects developed for IHEDN thanks to sponsorship","publisher":{"@id":"https:\/\/fdd-ihedn.fr\/#organization"},"potentialAction":[{"@type":"SearchAction","target":{"@type":"EntryPoint","urlTemplate":"https:\/\/fdd-ihedn.fr\/?s={search_term_string}"},"query-input":{"@type":"PropertyValueSpecification","valueRequired":true,"valueName":"search_term_string"}}],"inLanguage":"en-GB"},{"@type":"Organization","@id":"https:\/\/fdd-ihedn.fr\/#organization","name":"Chair in Defence Economics - IHEDN","url":"https:\/\/fdd-ihedn.fr\/","logo":{"@type":"ImageObject","inLanguage":"en-GB","@id":"https:\/\/fdd-ihedn.fr\/#\/schema\/logo\/image\/","url":"https:\/\/fdd-ihedn.fr\/wp-content\/uploads\/2020\/04\/logoEcodef9.jpg","contentUrl":"https:\/\/fdd-ihedn.fr\/wp-content\/uploads\/2020\/04\/logoEcodef9.jpg","width":410,"height":212,"caption":"Chaire \u00c9conomie de d\u00e9fense - IHEDN"},"image":{"@id":"https:\/\/fdd-ihedn.fr\/#\/schema\/logo\/image\/"},"sameAs":["https:\/\/x.com\/Chaire_Ecodef","https:\/\/www.linkedin.com\/company\/chaire-ecodef-ihedn\/"]},{"@type":"Person","@id":"https:\/\/fdd-ihedn.fr\/#\/schema\/person\/9fdc5a3e2e544ff0f51c5e0732af0c12","name":"dev","image":{"@type":"ImageObject","inLanguage":"en-GB","@id":"https:\/\/secure.gravatar.com\/avatar\/f1ffcac9ca2fa95ad3ec33e9be3ade82f752acb0cabe541e56c5889225afa88a?s=96&d=mm&r=g","url":"https:\/\/secure.gravatar.com\/avatar\/f1ffcac9ca2fa95ad3ec33e9be3ade82f752acb0cabe541e56c5889225afa88a?s=96&d=mm&r=g","contentUrl":"https:\/\/secure.gravatar.com\/avatar\/f1ffcac9ca2fa95ad3ec33e9be3ade82f752acb0cabe541e56c5889225afa88a?s=96&d=mm&r=g","caption":"dev"},"url":"https:\/\/fdd-ihedn.fr\/en\/author\/dev\/"}]}},"_links":{"self":[{"href":"https:\/\/fdd-ihedn.fr\/en\/wp-json\/wp\/v2\/posts\/4114","targetHints":{"allow":["GET"]}}],"collection":[{"href":"https:\/\/fdd-ihedn.fr\/en\/wp-json\/wp\/v2\/posts"}],"about":[{"href":"https:\/\/fdd-ihedn.fr\/en\/wp-json\/wp\/v2\/types\/post"}],"author":[{"embeddable":true,"href":"https:\/\/fdd-ihedn.fr\/en\/wp-json\/wp\/v2\/users\/1"}],"replies":[{"embeddable":true,"href":"https:\/\/fdd-ihedn.fr\/en\/wp-json\/wp\/v2\/comments?post=4114"}],"version-history":[{"count":3,"href":"https:\/\/fdd-ihedn.fr\/en\/wp-json\/wp\/v2\/posts\/4114\/revisions"}],"predecessor-version":[{"id":4354,"href":"https:\/\/fdd-ihedn.fr\/en\/wp-json\/wp\/v2\/posts\/4114\/revisions\/4354"}],"wp:featuredmedia":[{"embeddable":true,"href":"https:\/\/fdd-ihedn.fr\/en\/wp-json\/wp\/v2\/media\/3466"}],"wp:attachment":[{"href":"https:\/\/fdd-ihedn.fr\/en\/wp-json\/wp\/v2\/media?parent=4114"}],"wp:term":[{"taxonomy":"category","embeddable":true,"href":"https:\/\/fdd-ihedn.fr\/en\/wp-json\/wp\/v2\/categories?post=4114"},{"taxonomy":"post_tag","embeddable":true,"href":"https:\/\/fdd-ihedn.fr\/en\/wp-json\/wp\/v2\/tags?post=4114"}],"curies":[{"name":"wp","href":"https:\/\/api.w.org\/{rel}","templated":true}]}}