{"id":4113,"date":"2015-05-05T09:23:15","date_gmt":"2015-05-05T07:23:15","guid":{"rendered":"https:\/\/fdd.concilium.click\/chaire-econoimie-de-defense-conference-defense-rd-and-innovation-28-29-mai-bordeaux\/"},"modified":"2024-09-24T14:03:38","modified_gmt":"2024-09-24T12:03:38","slug":"chaire-econoimie-de-defense-conference-defense-rd-and-innovation-28-29-mai-bordeaux","status":"publish","type":"post","link":"https:\/\/fdd-ihedn.fr\/en\/chaire-econoimie-de-defense-conference-defense-rd-and-innovation-28-29-mai-bordeaux\/","title":{"rendered":"[chaire ECODEF] Conf\u00e9rence \u00ab Defense R&#038;D and Innovation \u00bb \u2013 28-29 mai \u2013 Bordeaux"},"content":{"rendered":"<p>Les 28 et 29 mai prochains, la Chaire Economie de d\u00e9fense, en collaboration avec la Chaire Innovation (Gretha \u2013 Universit\u00e9 de Bordeaux), organise une conf\u00e9rence sur le th\u00e8me \u00ab Defense R&#038;D and Innovation \u00bb.<\/p>\n<p>Cette conf\u00e9rence se d\u00e9roulera \u00e0 l\u2019Universit\u00e9 de Bordeaux, dans les locaux de la facult\u00e9 de droit, place Pey-Berland.<\/p>\n<p>Plusieurs chercheurs interviendront pendant la conf\u00e9rence :<br \/>\n\u2013 Marianne Guille (Univ. Panth\u00e9on-Assas)<br \/>\n\u2013 Keith Hartley (University of York, GB)<br \/>\n\u2013 Martin Kenney (University of California Davis, USA)<br \/>\n\u2013 Nathalie Lazaric (GREDEG, CNRS-University of Nice, France)<br \/>\n\u2013 Martin Lundmark (FOI, Swedish Defence Research Agency)<br \/>\n\u2013 Val\u00e9rie M\u00e9rindol (Paris School of Business)<br \/>\n\u2013 Knut Sogner (BI Norwegian Business School, Oslo, Norway)<br \/>\n\u2013 Jean Belin (Chaire Economie de d\u00e9fense)<\/p>\n<p>Une table ronde r\u00e9unissant chercheurs, d\u00e9cideurs publics et priv\u00e9s se d\u00e9roulera le vendredi 29 dans la matin\u00e9e.<\/p>\n<p>Plus d&rsquo;informations : <a title=\"Plus d'informations\" href=\"http:\/\/economie-defense.fr\/conference-defense-rd-and-innovation-28-29-mai-bordeaux\" target=\"_blank\" rel=\"noopener\">http:\/\/economie-defense.fr\/conference-defense-rd-and-innovation-28-29-mai-bordeaux<\/a><\/p>","protected":false},"excerpt":{"rendered":"<p>Les 28 et 29 mai prochains, la Chaire Economie de d\u00e9fense, en collaboration avec la Chaire Innovation (Gretha \u2013 Universit\u00e9 de Bordeaux), organise une conf\u00e9rence sur le th\u00e8me \u00ab Defense R&#038;D and Innovation \u00bb. Cette conf\u00e9rence se d\u00e9roulera \u00e0 l\u2019Universit\u00e9 de Bordeaux, dans les locaux de la facult\u00e9 de droit, place Pey-Berland. Plusieurs chercheurs interviendront [&hellip;]<\/p>\n","protected":false},"author":1,"featured_media":564,"comment_status":"open","ping_status":"open","sticky":false,"template":"","format":"standard","meta":{"footnotes":""},"categories":[34,438],"tags":[],"class_list":{"0":"post-4113","1":"post","2":"type-post","3":"status-publish","4":"format-standard","5":"has-post-thumbnail","7":"category-activites","8":"category-chaire-economie-de-defense"},"yoast_head":"<!-- This site is optimized with the Yoast SEO plugin v27.4 - https:\/\/yoast.com\/product\/yoast-seo-wordpress\/ -->\n<title>[chaire ECODEF] Conf\u00e9rence \u00ab Defense R&amp;D and Innovation \u00bb \u2013 28-29 mai \u2013 Bordeaux - Fonds de dotation de l&#039;IHEDN<\/title>\n<meta name=\"robots\" content=\"index, follow, max-snippet:-1, max-image-preview:large, max-video-preview:-1\" \/>\n<link rel=\"canonical\" href=\"https:\/\/fdd-ihedn.fr\/en\/chaire-econoimie-de-defense-conference-defense-rd-and-innovation-28-29-mai-bordeaux\/\" \/>\n<meta property=\"og:locale\" content=\"en_GB\" \/>\n<meta property=\"og:type\" content=\"article\" \/>\n<meta property=\"og:title\" content=\"[chaire ECODEF] Conf\u00e9rence \u00ab Defense R&amp;D and Innovation \u00bb \u2013 28-29 mai \u2013 Bordeaux - Fonds de dotation de l&#039;IHEDN\" \/>\n<meta property=\"og:description\" content=\"Les 28 et 29 mai prochains, la Chaire Economie de d\u00e9fense, en collaboration avec la Chaire Innovation (Gretha \u2013 Universit\u00e9 de Bordeaux), organise une conf\u00e9rence sur le th\u00e8me \u00ab Defense R&#038;D and Innovation \u00bb. Cette conf\u00e9rence se d\u00e9roulera \u00e0 l\u2019Universit\u00e9 de Bordeaux, dans les locaux de la facult\u00e9 de droit, place Pey-Berland. Plusieurs chercheurs interviendront [&hellip;]\" \/>\n<meta property=\"og:url\" content=\"https:\/\/fdd-ihedn.fr\/en\/chaire-econoimie-de-defense-conference-defense-rd-and-innovation-28-29-mai-bordeaux\/\" \/>\n<meta property=\"og:site_name\" content=\"Fonds de dotation de l&#039;IHEDN\" \/>\n<meta property=\"article:published_time\" content=\"2015-05-05T07:23:15+00:00\" \/>\n<meta property=\"article:modified_time\" content=\"2024-09-24T12:03:38+00:00\" \/>\n<meta name=\"author\" content=\"dev\" \/>\n<meta name=\"twitter:card\" content=\"summary_large_image\" \/>\n<meta name=\"twitter:creator\" content=\"@Chaire_Ecodef\" \/>\n<meta name=\"twitter:site\" content=\"@Chaire_Ecodef\" \/>\n<meta name=\"twitter:label1\" content=\"Written by\" \/>\n\t<meta name=\"twitter:data1\" content=\"dev\" \/>\n\t<meta name=\"twitter:label2\" content=\"Estimated reading time\" \/>\n\t<meta name=\"twitter:data2\" content=\"1 minute\" \/>\n<script type=\"application\/ld+json\" class=\"yoast-schema-graph\">{\"@context\":\"https:\\\/\\\/schema.org\",\"@graph\":[{\"@type\":\"Article\",\"@id\":\"https:\\\/\\\/fdd-ihedn.fr\\\/chaire-econoimie-de-defense-conference-defense-rd-and-innovation-28-29-mai-bordeaux\\\/#article\",\"isPartOf\":{\"@id\":\"https:\\\/\\\/fdd-ihedn.fr\\\/chaire-econoimie-de-defense-conference-defense-rd-and-innovation-28-29-mai-bordeaux\\\/\"},\"author\":{\"name\":\"dev\",\"@id\":\"https:\\\/\\\/fdd-ihedn.fr\\\/#\\\/schema\\\/person\\\/9fdc5a3e2e544ff0f51c5e0732af0c12\"},\"headline\":\"[chaire ECODEF] Conf\u00e9rence \u00ab Defense R&#038;D and Innovation \u00bb \u2013 28-29 mai \u2013 Bordeaux\",\"datePublished\":\"2015-05-05T07:23:15+00:00\",\"dateModified\":\"2024-09-24T12:03:38+00:00\",\"mainEntityOfPage\":{\"@id\":\"https:\\\/\\\/fdd-ihedn.fr\\\/chaire-econoimie-de-defense-conference-defense-rd-and-innovation-28-29-mai-bordeaux\\\/\"},\"wordCount\":157,\"commentCount\":0,\"publisher\":{\"@id\":\"https:\\\/\\\/fdd-ihedn.fr\\\/#organization\"},\"image\":{\"@id\":\"https:\\\/\\\/fdd-ihedn.fr\\\/chaire-econoimie-de-defense-conference-defense-rd-and-innovation-28-29-mai-bordeaux\\\/#primaryimage\"},\"thumbnailUrl\":\"\",\"articleSection\":[\"Activit\u00e9s\",\"Chaire \u00c9conomie de d\u00e9fense\"],\"inLanguage\":\"en-GB\",\"potentialAction\":[{\"@type\":\"CommentAction\",\"name\":\"Comment\",\"target\":[\"https:\\\/\\\/fdd-ihedn.fr\\\/chaire-econoimie-de-defense-conference-defense-rd-and-innovation-28-29-mai-bordeaux\\\/#respond\"]}]},{\"@type\":\"WebPage\",\"@id\":\"https:\\\/\\\/fdd-ihedn.fr\\\/chaire-econoimie-de-defense-conference-defense-rd-and-innovation-28-29-mai-bordeaux\\\/\",\"url\":\"https:\\\/\\\/fdd-ihedn.fr\\\/chaire-econoimie-de-defense-conference-defense-rd-and-innovation-28-29-mai-bordeaux\\\/\",\"name\":\"[chaire ECODEF] Conf\u00e9rence \u00ab Defense R&D and Innovation \u00bb \u2013 28-29 mai \u2013 Bordeaux - Fonds de dotation de l&#039;IHEDN\",\"isPartOf\":{\"@id\":\"https:\\\/\\\/fdd-ihedn.fr\\\/#website\"},\"primaryImageOfPage\":{\"@id\":\"https:\\\/\\\/fdd-ihedn.fr\\\/chaire-econoimie-de-defense-conference-defense-rd-and-innovation-28-29-mai-bordeaux\\\/#primaryimage\"},\"image\":{\"@id\":\"https:\\\/\\\/fdd-ihedn.fr\\\/chaire-econoimie-de-defense-conference-defense-rd-and-innovation-28-29-mai-bordeaux\\\/#primaryimage\"},\"thumbnailUrl\":\"\",\"datePublished\":\"2015-05-05T07:23:15+00:00\",\"dateModified\":\"2024-09-24T12:03:38+00:00\",\"breadcrumb\":{\"@id\":\"https:\\\/\\\/fdd-ihedn.fr\\\/chaire-econoimie-de-defense-conference-defense-rd-and-innovation-28-29-mai-bordeaux\\\/#breadcrumb\"},\"inLanguage\":\"en-GB\",\"potentialAction\":[{\"@type\":\"ReadAction\",\"target\":[\"https:\\\/\\\/fdd-ihedn.fr\\\/chaire-econoimie-de-defense-conference-defense-rd-and-innovation-28-29-mai-bordeaux\\\/\"]}]},{\"@type\":\"ImageObject\",\"inLanguage\":\"en-GB\",\"@id\":\"https:\\\/\\\/fdd-ihedn.fr\\\/chaire-econoimie-de-defense-conference-defense-rd-and-innovation-28-29-mai-bordeaux\\\/#primaryimage\",\"url\":\"\",\"contentUrl\":\"\"},{\"@type\":\"BreadcrumbList\",\"@id\":\"https:\\\/\\\/fdd-ihedn.fr\\\/chaire-econoimie-de-defense-conference-defense-rd-and-innovation-28-29-mai-bordeaux\\\/#breadcrumb\",\"itemListElement\":[{\"@type\":\"ListItem\",\"position\":1,\"name\":\"Accueil\",\"item\":\"https:\\\/\\\/fdd-ihedn.fr\\\/\"},{\"@type\":\"ListItem\",\"position\":2,\"name\":\"[chaire ECODEF] Conf\u00e9rence \u00ab Defense R&#038;D and Innovation \u00bb \u2013 28-29 mai \u2013 Bordeaux\"}]},{\"@type\":\"WebSite\",\"@id\":\"https:\\\/\\\/fdd-ihedn.fr\\\/#website\",\"url\":\"https:\\\/\\\/fdd-ihedn.fr\\\/\",\"name\":\"Fonds de dotation de l&#039;IHEDN\",\"description\":\"Des projets innovants d\u00e9velopp\u00e9s pour l&#039;IHEDN gr\u00e2ce au m\u00e9c\u00e9nat\",\"publisher\":{\"@id\":\"https:\\\/\\\/fdd-ihedn.fr\\\/#organization\"},\"potentialAction\":[{\"@type\":\"SearchAction\",\"target\":{\"@type\":\"EntryPoint\",\"urlTemplate\":\"https:\\\/\\\/fdd-ihedn.fr\\\/?s={search_term_string}\"},\"query-input\":{\"@type\":\"PropertyValueSpecification\",\"valueRequired\":true,\"valueName\":\"search_term_string\"}}],\"inLanguage\":\"en-GB\"},{\"@type\":\"Organization\",\"@id\":\"https:\\\/\\\/fdd-ihedn.fr\\\/#organization\",\"name\":\"Chaire \u00c9conomie de d\u00e9fense - IHEDN\",\"url\":\"https:\\\/\\\/fdd-ihedn.fr\\\/\",\"logo\":{\"@type\":\"ImageObject\",\"inLanguage\":\"en-GB\",\"@id\":\"https:\\\/\\\/fdd-ihedn.fr\\\/#\\\/schema\\\/logo\\\/image\\\/\",\"url\":\"https:\\\/\\\/fdd-ihedn.fr\\\/wp-content\\\/uploads\\\/2020\\\/04\\\/logoEcodef9.jpg\",\"contentUrl\":\"https:\\\/\\\/fdd-ihedn.fr\\\/wp-content\\\/uploads\\\/2020\\\/04\\\/logoEcodef9.jpg\",\"width\":410,\"height\":212,\"caption\":\"Chaire \u00c9conomie de d\u00e9fense - IHEDN\"},\"image\":{\"@id\":\"https:\\\/\\\/fdd-ihedn.fr\\\/#\\\/schema\\\/logo\\\/image\\\/\"},\"sameAs\":[\"https:\\\/\\\/x.com\\\/Chaire_Ecodef\",\"https:\\\/\\\/www.linkedin.com\\\/company\\\/chaire-ecodef-ihedn\\\/\"]},{\"@type\":\"Person\",\"@id\":\"https:\\\/\\\/fdd-ihedn.fr\\\/#\\\/schema\\\/person\\\/9fdc5a3e2e544ff0f51c5e0732af0c12\",\"name\":\"dev\",\"image\":{\"@type\":\"ImageObject\",\"inLanguage\":\"en-GB\",\"@id\":\"https:\\\/\\\/secure.gravatar.com\\\/avatar\\\/f1ffcac9ca2fa95ad3ec33e9be3ade82f752acb0cabe541e56c5889225afa88a?s=96&d=mm&r=g\",\"url\":\"https:\\\/\\\/secure.gravatar.com\\\/avatar\\\/f1ffcac9ca2fa95ad3ec33e9be3ade82f752acb0cabe541e56c5889225afa88a?s=96&d=mm&r=g\",\"contentUrl\":\"https:\\\/\\\/secure.gravatar.com\\\/avatar\\\/f1ffcac9ca2fa95ad3ec33e9be3ade82f752acb0cabe541e56c5889225afa88a?s=96&d=mm&r=g\",\"caption\":\"dev\"},\"url\":\"https:\\\/\\\/fdd-ihedn.fr\\\/en\\\/author\\\/dev\\\/\"}]}<\/script>\n<!-- \/ Yoast SEO plugin. -->","yoast_head_json":{"title":"[chaire ECODEF] Conf\u00e9rence \u00ab Defense R&D and Innovation \u00bb \u2013 28-29 mai \u2013 Bordeaux - Fonds de dotation de l&#039;IHEDN","robots":{"index":"index","follow":"follow","max-snippet":"max-snippet:-1","max-image-preview":"max-image-preview:large","max-video-preview":"max-video-preview:-1"},"canonical":"https:\/\/fdd-ihedn.fr\/en\/chaire-econoimie-de-defense-conference-defense-rd-and-innovation-28-29-mai-bordeaux\/","og_locale":"en_GB","og_type":"article","og_title":"[chaire ECODEF] Conf\u00e9rence \u00ab Defense R&D and Innovation \u00bb \u2013 28-29 mai \u2013 Bordeaux - Fonds de dotation de l&#039;IHEDN","og_description":"Les 28 et 29 mai prochains, la Chaire Economie de d\u00e9fense, en collaboration avec la Chaire Innovation (Gretha \u2013 Universit\u00e9 de Bordeaux), organise une conf\u00e9rence sur le th\u00e8me \u00ab Defense R&#038;D and Innovation \u00bb. Cette conf\u00e9rence se d\u00e9roulera \u00e0 l\u2019Universit\u00e9 de Bordeaux, dans les locaux de la facult\u00e9 de droit, place Pey-Berland. Plusieurs chercheurs interviendront [&hellip;]","og_url":"https:\/\/fdd-ihedn.fr\/en\/chaire-econoimie-de-defense-conference-defense-rd-and-innovation-28-29-mai-bordeaux\/","og_site_name":"Fonds de dotation de l&#039;IHEDN","article_published_time":"2015-05-05T07:23:15+00:00","article_modified_time":"2024-09-24T12:03:38+00:00","author":"dev","twitter_card":"summary_large_image","twitter_creator":"@Chaire_Ecodef","twitter_site":"@Chaire_Ecodef","twitter_misc":{"Written by":"dev","Estimated reading time":"1 minute"},"schema":{"@context":"https:\/\/schema.org","@graph":[{"@type":"Article","@id":"https:\/\/fdd-ihedn.fr\/chaire-econoimie-de-defense-conference-defense-rd-and-innovation-28-29-mai-bordeaux\/#article","isPartOf":{"@id":"https:\/\/fdd-ihedn.fr\/chaire-econoimie-de-defense-conference-defense-rd-and-innovation-28-29-mai-bordeaux\/"},"author":{"name":"dev","@id":"https:\/\/fdd-ihedn.fr\/#\/schema\/person\/9fdc5a3e2e544ff0f51c5e0732af0c12"},"headline":"[chaire ECODEF] Conf\u00e9rence \u00ab Defense R&#038;D and Innovation \u00bb \u2013 28-29 mai \u2013 Bordeaux","datePublished":"2015-05-05T07:23:15+00:00","dateModified":"2024-09-24T12:03:38+00:00","mainEntityOfPage":{"@id":"https:\/\/fdd-ihedn.fr\/chaire-econoimie-de-defense-conference-defense-rd-and-innovation-28-29-mai-bordeaux\/"},"wordCount":157,"commentCount":0,"publisher":{"@id":"https:\/\/fdd-ihedn.fr\/#organization"},"image":{"@id":"https:\/\/fdd-ihedn.fr\/chaire-econoimie-de-defense-conference-defense-rd-and-innovation-28-29-mai-bordeaux\/#primaryimage"},"thumbnailUrl":"","articleSection":["Activit\u00e9s","Chaire \u00c9conomie de d\u00e9fense"],"inLanguage":"en-GB","potentialAction":[{"@type":"CommentAction","name":"Comment","target":["https:\/\/fdd-ihedn.fr\/chaire-econoimie-de-defense-conference-defense-rd-and-innovation-28-29-mai-bordeaux\/#respond"]}]},{"@type":"WebPage","@id":"https:\/\/fdd-ihedn.fr\/chaire-econoimie-de-defense-conference-defense-rd-and-innovation-28-29-mai-bordeaux\/","url":"https:\/\/fdd-ihedn.fr\/chaire-econoimie-de-defense-conference-defense-rd-and-innovation-28-29-mai-bordeaux\/","name":"[chaire ECODEF] Conf\u00e9rence \u00ab Defense R&D and Innovation \u00bb \u2013 28-29 mai \u2013 Bordeaux - Fonds de dotation de l&#039;IHEDN","isPartOf":{"@id":"https:\/\/fdd-ihedn.fr\/#website"},"primaryImageOfPage":{"@id":"https:\/\/fdd-ihedn.fr\/chaire-econoimie-de-defense-conference-defense-rd-and-innovation-28-29-mai-bordeaux\/#primaryimage"},"image":{"@id":"https:\/\/fdd-ihedn.fr\/chaire-econoimie-de-defense-conference-defense-rd-and-innovation-28-29-mai-bordeaux\/#primaryimage"},"thumbnailUrl":"","datePublished":"2015-05-05T07:23:15+00:00","dateModified":"2024-09-24T12:03:38+00:00","breadcrumb":{"@id":"https:\/\/fdd-ihedn.fr\/chaire-econoimie-de-defense-conference-defense-rd-and-innovation-28-29-mai-bordeaux\/#breadcrumb"},"inLanguage":"en-GB","potentialAction":[{"@type":"ReadAction","target":["https:\/\/fdd-ihedn.fr\/chaire-econoimie-de-defense-conference-defense-rd-and-innovation-28-29-mai-bordeaux\/"]}]},{"@type":"ImageObject","inLanguage":"en-GB","@id":"https:\/\/fdd-ihedn.fr\/chaire-econoimie-de-defense-conference-defense-rd-and-innovation-28-29-mai-bordeaux\/#primaryimage","url":"","contentUrl":""},{"@type":"BreadcrumbList","@id":"https:\/\/fdd-ihedn.fr\/chaire-econoimie-de-defense-conference-defense-rd-and-innovation-28-29-mai-bordeaux\/#breadcrumb","itemListElement":[{"@type":"ListItem","position":1,"name":"Accueil","item":"https:\/\/fdd-ihedn.fr\/"},{"@type":"ListItem","position":2,"name":"[chaire ECODEF] Conf\u00e9rence \u00ab Defense R&#038;D and Innovation \u00bb \u2013 28-29 mai \u2013 Bordeaux"}]},{"@type":"WebSite","@id":"https:\/\/fdd-ihedn.fr\/#website","url":"https:\/\/fdd-ihedn.fr\/","name":"IHEDN Endowment Fund","description":"Innovative projects developed for IHEDN thanks to sponsorship","publisher":{"@id":"https:\/\/fdd-ihedn.fr\/#organization"},"potentialAction":[{"@type":"SearchAction","target":{"@type":"EntryPoint","urlTemplate":"https:\/\/fdd-ihedn.fr\/?s={search_term_string}"},"query-input":{"@type":"PropertyValueSpecification","valueRequired":true,"valueName":"search_term_string"}}],"inLanguage":"en-GB"},{"@type":"Organization","@id":"https:\/\/fdd-ihedn.fr\/#organization","name":"Chair in Defence Economics - IHEDN","url":"https:\/\/fdd-ihedn.fr\/","logo":{"@type":"ImageObject","inLanguage":"en-GB","@id":"https:\/\/fdd-ihedn.fr\/#\/schema\/logo\/image\/","url":"https:\/\/fdd-ihedn.fr\/wp-content\/uploads\/2020\/04\/logoEcodef9.jpg","contentUrl":"https:\/\/fdd-ihedn.fr\/wp-content\/uploads\/2020\/04\/logoEcodef9.jpg","width":410,"height":212,"caption":"Chaire \u00c9conomie de d\u00e9fense - IHEDN"},"image":{"@id":"https:\/\/fdd-ihedn.fr\/#\/schema\/logo\/image\/"},"sameAs":["https:\/\/x.com\/Chaire_Ecodef","https:\/\/www.linkedin.com\/company\/chaire-ecodef-ihedn\/"]},{"@type":"Person","@id":"https:\/\/fdd-ihedn.fr\/#\/schema\/person\/9fdc5a3e2e544ff0f51c5e0732af0c12","name":"dev","image":{"@type":"ImageObject","inLanguage":"en-GB","@id":"https:\/\/secure.gravatar.com\/avatar\/f1ffcac9ca2fa95ad3ec33e9be3ade82f752acb0cabe541e56c5889225afa88a?s=96&d=mm&r=g","url":"https:\/\/secure.gravatar.com\/avatar\/f1ffcac9ca2fa95ad3ec33e9be3ade82f752acb0cabe541e56c5889225afa88a?s=96&d=mm&r=g","contentUrl":"https:\/\/secure.gravatar.com\/avatar\/f1ffcac9ca2fa95ad3ec33e9be3ade82f752acb0cabe541e56c5889225afa88a?s=96&d=mm&r=g","caption":"dev"},"url":"https:\/\/fdd-ihedn.fr\/en\/author\/dev\/"}]}},"_links":{"self":[{"href":"https:\/\/fdd-ihedn.fr\/en\/wp-json\/wp\/v2\/posts\/4113","targetHints":{"allow":["GET"]}}],"collection":[{"href":"https:\/\/fdd-ihedn.fr\/en\/wp-json\/wp\/v2\/posts"}],"about":[{"href":"https:\/\/fdd-ihedn.fr\/en\/wp-json\/wp\/v2\/types\/post"}],"author":[{"embeddable":true,"href":"https:\/\/fdd-ihedn.fr\/en\/wp-json\/wp\/v2\/users\/1"}],"replies":[{"embeddable":true,"href":"https:\/\/fdd-ihedn.fr\/en\/wp-json\/wp\/v2\/comments?post=4113"}],"version-history":[{"count":3,"href":"https:\/\/fdd-ihedn.fr\/en\/wp-json\/wp\/v2\/posts\/4113\/revisions"}],"predecessor-version":[{"id":5677,"href":"https:\/\/fdd-ihedn.fr\/en\/wp-json\/wp\/v2\/posts\/4113\/revisions\/5677"}],"wp:featuredmedia":[{"embeddable":true,"href":"https:\/\/fdd-ihedn.fr\/en\/wp-json\/"}],"wp:attachment":[{"href":"https:\/\/fdd-ihedn.fr\/en\/wp-json\/wp\/v2\/media?parent=4113"}],"wp:term":[{"taxonomy":"category","embeddable":true,"href":"https:\/\/fdd-ihedn.fr\/en\/wp-json\/wp\/v2\/categories?post=4113"},{"taxonomy":"post_tag","embeddable":true,"href":"https:\/\/fdd-ihedn.fr\/en\/wp-json\/wp\/v2\/tags?post=4113"}],"curies":[{"name":"wp","href":"https:\/\/api.w.org\/{rel}","templated":true}]}}