{"id":4111,"date":"2015-03-30T18:00:39","date_gmt":"2015-03-30T16:00:39","guid":{"rendered":"https:\/\/fdd.concilium.click\/seminaire-decouverte-2015-en-partenariat-avec-la-sncf\/"},"modified":"2024-09-24T14:03:47","modified_gmt":"2024-09-24T12:03:47","slug":"seminaire-decouverte-2015-en-partenariat-avec-la-sncf","status":"publish","type":"post","link":"https:\/\/fdd-ihedn.fr\/en\/seminaire-decouverte-2015-en-partenariat-avec-la-sncf\/","title":{"rendered":"[cycle D\u00e9couverte] Retour sur l&rsquo;\u00e9dition 2015"},"content":{"rendered":"<p>Port\u00e9e par le m\u00e9c\u00e9nat de la SNCF, la 5<sup>e<\/sup> \u00e9dition du s\u00e9minaire\u00a0\u00ab\u00a0D\u00e9couverte\u00a0\u00bb s\u2019est d\u00e9roul\u00e9e du mardi 24 au jeudi 26 mars 2015 et a rassembl\u00e9 20 jeunes adultes en formation professionnelle post-bac issus de BTS, Licences et Masters professionnels de la r\u00e9gion parisienne.<\/p>\n<p>Ce s\u00e9minaire a offert aux participants une information approfondie sur notre D\u00e9fense ainsi que sur la s\u00fbret\u00e9 \u00e0 la SNCF. Apr\u00e8s une matin\u00e9e de conf\u00e9rences de pr\u00e9sentation \u00e0 l\u2019\u00c9cole militaire (Paris 7e), la session a altern\u00e9 les visites de postes de commandement de la SNCF et la d\u00e9couverte du 516e r\u00e9giment du train, stationn\u00e9 \u00e0 Toul, dans la r\u00e9gion de Nancy.<\/p>\n<p><a href=\"https:\/\/fdd-ihedn.fr\/wp-content\/uploads\/2021\/04\/DECOUVERTE2015-1.jpg\"><img loading=\"lazy\" decoding=\"async\" class=\"aligncenter size-large wp-image-873\" src=\"https:\/\/fdd-ihedn.fr\/wp-content\/uploads\/2021\/04\/DECOUVERTE2015-1-1024x682.jpg\" alt=\"DECOUVERTE2015-1\" width=\"606\" height=\"404\" \/><\/a><br \/>\n<a href=\"https:\/\/fdd-ihedn.fr\/wp-content\/uploads\/2021\/04\/DECOUVERTE2015-2.jpg\"><img loading=\"lazy\" decoding=\"async\" class=\"aligncenter size-large wp-image-874\" src=\"https:\/\/fdd-ihedn.fr\/wp-content\/uploads\/2021\/04\/DECOUVERTE2015-2-1024x682.jpg\" alt=\"DECOUVERTE2015-2\" width=\"606\" height=\"404\" \/><\/a><br \/>\n<a href=\"https:\/\/fdd-ihedn.fr\/wp-content\/uploads\/2021\/04\/DECOUVERTE2015-4.jpg\"><img loading=\"lazy\" decoding=\"async\" class=\"aligncenter size-large wp-image-875\" src=\"https:\/\/fdd-ihedn.fr\/wp-content\/uploads\/2021\/04\/DECOUVERTE2015-4-1024x682.jpg\" alt=\"DECOUVERTE2015-4\" width=\"606\" height=\"404\" \/><\/a><\/p>\n<p>La s\u00e9ance de restitution, \u00e0 la fin de la derni\u00e8re journ\u00e9e et en pr\u00e9sence d\u2019autorit\u00e9s de la SNCF et de l\u2019IHEDN, a \u00e9t\u00e9 consacr\u00e9e \u00e0 la pr\u00e9sentation de la r\u00e9flexion men\u00e9e par les stagiaires pendant ces trois journ\u00e9es et qui cette ann\u00e9e portait sur la notion d\u2019esprit de D\u00e9fense.<\/p>\n<p>Il se sont ensuite vus remettre une attestation de participation par le g\u00e9n\u00e9ral de Courr\u00e8ges d&rsquo;Ustou, directeur de l&rsquo;IHEDN et de l&rsquo;Enseignement militaire sup\u00e9rieur (EMS).<\/p>\n<p><a href=\"https:\/\/fdd-ihedn.fr\/wp-content\/uploads\/2021\/04\/DECOUVERTE2015-5.jpg\"><img loading=\"lazy\" decoding=\"async\" class=\"aligncenter size-large wp-image-876\" src=\"https:\/\/fdd-ihedn.fr\/wp-content\/uploads\/2021\/04\/DECOUVERTE2015-5-1024x768.jpg\" alt=\"DECOUVERTE2015-5\" width=\"606\" height=\"455\" \/><\/a><br \/>\n<a href=\"https:\/\/fdd-ihedn.fr\/wp-content\/uploads\/2021\/04\/DECOUVERTE2015-7.jpg\"><img loading=\"lazy\" decoding=\"async\" class=\"aligncenter size-large wp-image-878\" src=\"https:\/\/fdd-ihedn.fr\/wp-content\/uploads\/2021\/04\/DECOUVERTE2015-7.jpg\" alt=\"DECOUVERTE2015-7\" width=\"606\" height=\"808\" \/><\/a><\/p>","protected":false},"excerpt":{"rendered":"<p>Port\u00e9e par le m\u00e9c\u00e9nat de la SNCF, la 5e \u00e9dition du s\u00e9minaire\u00a0\u00ab\u00a0D\u00e9couverte\u00a0\u00bb s\u2019est d\u00e9roul\u00e9e du mardi 24 au jeudi 26 mars 2015 et a rassembl\u00e9 20 jeunes adultes en formation professionnelle post-bac issus de BTS, Licences et Masters professionnels de la r\u00e9gion parisienne. Ce s\u00e9minaire a offert aux participants une information approfondie sur notre D\u00e9fense [&hellip;]<\/p>\n","protected":false},"author":1,"featured_media":3455,"comment_status":"open","ping_status":"open","sticky":false,"template":"","format":"standard","meta":{"footnotes":""},"categories":[34,449],"tags":[],"class_list":{"0":"post-4111","1":"post","2":"type-post","3":"status-publish","4":"format-standard","5":"has-post-thumbnail","7":"category-activites","8":"category-decouverte"},"yoast_head":"<!-- This site is optimized with the Yoast SEO plugin v27.4 - https:\/\/yoast.com\/product\/yoast-seo-wordpress\/ -->\n<title>[cycle D\u00e9couverte] Retour sur l&#039;\u00e9dition 2015 - Fonds de dotation de l&#039;IHEDN<\/title>\n<meta name=\"robots\" content=\"index, follow, max-snippet:-1, max-image-preview:large, max-video-preview:-1\" \/>\n<link rel=\"canonical\" href=\"https:\/\/fdd-ihedn.fr\/en\/seminaire-decouverte-2015-en-partenariat-avec-la-sncf\/\" \/>\n<meta property=\"og:locale\" content=\"en_GB\" \/>\n<meta property=\"og:type\" content=\"article\" \/>\n<meta property=\"og:title\" content=\"[cycle D\u00e9couverte] Retour sur l&#039;\u00e9dition 2015 - Fonds de dotation de l&#039;IHEDN\" \/>\n<meta property=\"og:description\" content=\"Port\u00e9e par le m\u00e9c\u00e9nat de la SNCF, la 5e \u00e9dition du s\u00e9minaire\u00a0\u00ab\u00a0D\u00e9couverte\u00a0\u00bb s\u2019est d\u00e9roul\u00e9e du mardi 24 au jeudi 26 mars 2015 et a rassembl\u00e9 20 jeunes adultes en formation professionnelle post-bac issus de BTS, Licences et Masters professionnels de la r\u00e9gion parisienne. Ce s\u00e9minaire a offert aux participants une information approfondie sur notre D\u00e9fense [&hellip;]\" \/>\n<meta property=\"og:url\" content=\"https:\/\/fdd-ihedn.fr\/en\/seminaire-decouverte-2015-en-partenariat-avec-la-sncf\/\" \/>\n<meta property=\"og:site_name\" content=\"Fonds de dotation de l&#039;IHEDN\" \/>\n<meta property=\"article:published_time\" content=\"2015-03-30T16:00:39+00:00\" \/>\n<meta property=\"article:modified_time\" content=\"2024-09-24T12:03:47+00:00\" \/>\n<meta property=\"og:image\" content=\"https:\/\/fdd-ihedn.fr\/wp-content\/uploads\/2021\/04\/DECOUVERTE2015-1-1.jpg\" \/>\n\t<meta property=\"og:image:width\" content=\"1280\" \/>\n\t<meta property=\"og:image:height\" content=\"853\" \/>\n\t<meta property=\"og:image:type\" content=\"image\/jpeg\" \/>\n<meta name=\"author\" content=\"dev\" \/>\n<meta name=\"twitter:card\" content=\"summary_large_image\" \/>\n<meta name=\"twitter:creator\" content=\"@Chaire_Ecodef\" \/>\n<meta name=\"twitter:site\" content=\"@Chaire_Ecodef\" \/>\n<meta name=\"twitter:label1\" content=\"Written by\" \/>\n\t<meta name=\"twitter:data1\" content=\"dev\" \/>\n\t<meta name=\"twitter:label2\" content=\"Estimated reading time\" \/>\n\t<meta name=\"twitter:data2\" content=\"1 minute\" \/>\n<script type=\"application\/ld+json\" class=\"yoast-schema-graph\">{\"@context\":\"https:\\\/\\\/schema.org\",\"@graph\":[{\"@type\":\"Article\",\"@id\":\"https:\\\/\\\/fdd-ihedn.fr\\\/seminaire-decouverte-2015-en-partenariat-avec-la-sncf\\\/#article\",\"isPartOf\":{\"@id\":\"https:\\\/\\\/fdd-ihedn.fr\\\/seminaire-decouverte-2015-en-partenariat-avec-la-sncf\\\/\"},\"author\":{\"name\":\"dev\",\"@id\":\"https:\\\/\\\/fdd-ihedn.fr\\\/#\\\/schema\\\/person\\\/9fdc5a3e2e544ff0f51c5e0732af0c12\"},\"headline\":\"[cycle D\u00e9couverte] Retour sur l&rsquo;\u00e9dition 2015\",\"datePublished\":\"2015-03-30T16:00:39+00:00\",\"dateModified\":\"2024-09-24T12:03:47+00:00\",\"mainEntityOfPage\":{\"@id\":\"https:\\\/\\\/fdd-ihedn.fr\\\/seminaire-decouverte-2015-en-partenariat-avec-la-sncf\\\/\"},\"wordCount\":219,\"commentCount\":0,\"publisher\":{\"@id\":\"https:\\\/\\\/fdd-ihedn.fr\\\/#organization\"},\"image\":{\"@id\":\"https:\\\/\\\/fdd-ihedn.fr\\\/seminaire-decouverte-2015-en-partenariat-avec-la-sncf\\\/#primaryimage\"},\"thumbnailUrl\":\"https:\\\/\\\/fdd-ihedn.fr\\\/wp-content\\\/uploads\\\/2021\\\/04\\\/DECOUVERTE2015-1-1.jpg\",\"articleSection\":[\"Activit\u00e9s\",\"D\u00e9couverte\"],\"inLanguage\":\"en-GB\",\"potentialAction\":[{\"@type\":\"CommentAction\",\"name\":\"Comment\",\"target\":[\"https:\\\/\\\/fdd-ihedn.fr\\\/seminaire-decouverte-2015-en-partenariat-avec-la-sncf\\\/#respond\"]}]},{\"@type\":\"WebPage\",\"@id\":\"https:\\\/\\\/fdd-ihedn.fr\\\/seminaire-decouverte-2015-en-partenariat-avec-la-sncf\\\/\",\"url\":\"https:\\\/\\\/fdd-ihedn.fr\\\/seminaire-decouverte-2015-en-partenariat-avec-la-sncf\\\/\",\"name\":\"[cycle D\u00e9couverte] Retour sur l'\u00e9dition 2015 - Fonds de dotation de l&#039;IHEDN\",\"isPartOf\":{\"@id\":\"https:\\\/\\\/fdd-ihedn.fr\\\/#website\"},\"primaryImageOfPage\":{\"@id\":\"https:\\\/\\\/fdd-ihedn.fr\\\/seminaire-decouverte-2015-en-partenariat-avec-la-sncf\\\/#primaryimage\"},\"image\":{\"@id\":\"https:\\\/\\\/fdd-ihedn.fr\\\/seminaire-decouverte-2015-en-partenariat-avec-la-sncf\\\/#primaryimage\"},\"thumbnailUrl\":\"https:\\\/\\\/fdd-ihedn.fr\\\/wp-content\\\/uploads\\\/2021\\\/04\\\/DECOUVERTE2015-1-1.jpg\",\"datePublished\":\"2015-03-30T16:00:39+00:00\",\"dateModified\":\"2024-09-24T12:03:47+00:00\",\"breadcrumb\":{\"@id\":\"https:\\\/\\\/fdd-ihedn.fr\\\/seminaire-decouverte-2015-en-partenariat-avec-la-sncf\\\/#breadcrumb\"},\"inLanguage\":\"en-GB\",\"potentialAction\":[{\"@type\":\"ReadAction\",\"target\":[\"https:\\\/\\\/fdd-ihedn.fr\\\/seminaire-decouverte-2015-en-partenariat-avec-la-sncf\\\/\"]}]},{\"@type\":\"ImageObject\",\"inLanguage\":\"en-GB\",\"@id\":\"https:\\\/\\\/fdd-ihedn.fr\\\/seminaire-decouverte-2015-en-partenariat-avec-la-sncf\\\/#primaryimage\",\"url\":\"https:\\\/\\\/fdd-ihedn.fr\\\/wp-content\\\/uploads\\\/2021\\\/04\\\/DECOUVERTE2015-1-1.jpg\",\"contentUrl\":\"https:\\\/\\\/fdd-ihedn.fr\\\/wp-content\\\/uploads\\\/2021\\\/04\\\/DECOUVERTE2015-1-1.jpg\",\"width\":1280,\"height\":853},{\"@type\":\"BreadcrumbList\",\"@id\":\"https:\\\/\\\/fdd-ihedn.fr\\\/seminaire-decouverte-2015-en-partenariat-avec-la-sncf\\\/#breadcrumb\",\"itemListElement\":[{\"@type\":\"ListItem\",\"position\":1,\"name\":\"Accueil\",\"item\":\"https:\\\/\\\/fdd-ihedn.fr\\\/\"},{\"@type\":\"ListItem\",\"position\":2,\"name\":\"[cycle D\u00e9couverte] Retour sur l&#8217;\u00e9dition 2015\"}]},{\"@type\":\"WebSite\",\"@id\":\"https:\\\/\\\/fdd-ihedn.fr\\\/#website\",\"url\":\"https:\\\/\\\/fdd-ihedn.fr\\\/\",\"name\":\"Fonds de dotation de l&#039;IHEDN\",\"description\":\"Des projets innovants d\u00e9velopp\u00e9s pour l&#039;IHEDN gr\u00e2ce au m\u00e9c\u00e9nat\",\"publisher\":{\"@id\":\"https:\\\/\\\/fdd-ihedn.fr\\\/#organization\"},\"potentialAction\":[{\"@type\":\"SearchAction\",\"target\":{\"@type\":\"EntryPoint\",\"urlTemplate\":\"https:\\\/\\\/fdd-ihedn.fr\\\/?s={search_term_string}\"},\"query-input\":{\"@type\":\"PropertyValueSpecification\",\"valueRequired\":true,\"valueName\":\"search_term_string\"}}],\"inLanguage\":\"en-GB\"},{\"@type\":\"Organization\",\"@id\":\"https:\\\/\\\/fdd-ihedn.fr\\\/#organization\",\"name\":\"Chaire \u00c9conomie de d\u00e9fense - IHEDN\",\"url\":\"https:\\\/\\\/fdd-ihedn.fr\\\/\",\"logo\":{\"@type\":\"ImageObject\",\"inLanguage\":\"en-GB\",\"@id\":\"https:\\\/\\\/fdd-ihedn.fr\\\/#\\\/schema\\\/logo\\\/image\\\/\",\"url\":\"https:\\\/\\\/fdd-ihedn.fr\\\/wp-content\\\/uploads\\\/2020\\\/04\\\/logoEcodef9.jpg\",\"contentUrl\":\"https:\\\/\\\/fdd-ihedn.fr\\\/wp-content\\\/uploads\\\/2020\\\/04\\\/logoEcodef9.jpg\",\"width\":410,\"height\":212,\"caption\":\"Chaire \u00c9conomie de d\u00e9fense - IHEDN\"},\"image\":{\"@id\":\"https:\\\/\\\/fdd-ihedn.fr\\\/#\\\/schema\\\/logo\\\/image\\\/\"},\"sameAs\":[\"https:\\\/\\\/x.com\\\/Chaire_Ecodef\",\"https:\\\/\\\/www.linkedin.com\\\/company\\\/chaire-ecodef-ihedn\\\/\"]},{\"@type\":\"Person\",\"@id\":\"https:\\\/\\\/fdd-ihedn.fr\\\/#\\\/schema\\\/person\\\/9fdc5a3e2e544ff0f51c5e0732af0c12\",\"name\":\"dev\",\"image\":{\"@type\":\"ImageObject\",\"inLanguage\":\"en-GB\",\"@id\":\"https:\\\/\\\/secure.gravatar.com\\\/avatar\\\/f1ffcac9ca2fa95ad3ec33e9be3ade82f752acb0cabe541e56c5889225afa88a?s=96&d=mm&r=g\",\"url\":\"https:\\\/\\\/secure.gravatar.com\\\/avatar\\\/f1ffcac9ca2fa95ad3ec33e9be3ade82f752acb0cabe541e56c5889225afa88a?s=96&d=mm&r=g\",\"contentUrl\":\"https:\\\/\\\/secure.gravatar.com\\\/avatar\\\/f1ffcac9ca2fa95ad3ec33e9be3ade82f752acb0cabe541e56c5889225afa88a?s=96&d=mm&r=g\",\"caption\":\"dev\"},\"url\":\"https:\\\/\\\/fdd-ihedn.fr\\\/en\\\/author\\\/dev\\\/\"}]}<\/script>\n<!-- \/ Yoast SEO plugin. -->","yoast_head_json":{"title":"[cycle D\u00e9couverte] Retour sur l'\u00e9dition 2015 - Fonds de dotation de l&#039;IHEDN","robots":{"index":"index","follow":"follow","max-snippet":"max-snippet:-1","max-image-preview":"max-image-preview:large","max-video-preview":"max-video-preview:-1"},"canonical":"https:\/\/fdd-ihedn.fr\/en\/seminaire-decouverte-2015-en-partenariat-avec-la-sncf\/","og_locale":"en_GB","og_type":"article","og_title":"[cycle D\u00e9couverte] Retour sur l'\u00e9dition 2015 - Fonds de dotation de l&#039;IHEDN","og_description":"Port\u00e9e par le m\u00e9c\u00e9nat de la SNCF, la 5e \u00e9dition du s\u00e9minaire\u00a0\u00ab\u00a0D\u00e9couverte\u00a0\u00bb s\u2019est d\u00e9roul\u00e9e du mardi 24 au jeudi 26 mars 2015 et a rassembl\u00e9 20 jeunes adultes en formation professionnelle post-bac issus de BTS, Licences et Masters professionnels de la r\u00e9gion parisienne. Ce s\u00e9minaire a offert aux participants une information approfondie sur notre D\u00e9fense [&hellip;]","og_url":"https:\/\/fdd-ihedn.fr\/en\/seminaire-decouverte-2015-en-partenariat-avec-la-sncf\/","og_site_name":"Fonds de dotation de l&#039;IHEDN","article_published_time":"2015-03-30T16:00:39+00:00","article_modified_time":"2024-09-24T12:03:47+00:00","og_image":[{"width":1280,"height":853,"url":"https:\/\/fdd-ihedn.fr\/wp-content\/uploads\/2021\/04\/DECOUVERTE2015-1-1.jpg","type":"image\/jpeg"}],"author":"dev","twitter_card":"summary_large_image","twitter_creator":"@Chaire_Ecodef","twitter_site":"@Chaire_Ecodef","twitter_misc":{"Written by":"dev","Estimated reading time":"1 minute"},"schema":{"@context":"https:\/\/schema.org","@graph":[{"@type":"Article","@id":"https:\/\/fdd-ihedn.fr\/seminaire-decouverte-2015-en-partenariat-avec-la-sncf\/#article","isPartOf":{"@id":"https:\/\/fdd-ihedn.fr\/seminaire-decouverte-2015-en-partenariat-avec-la-sncf\/"},"author":{"name":"dev","@id":"https:\/\/fdd-ihedn.fr\/#\/schema\/person\/9fdc5a3e2e544ff0f51c5e0732af0c12"},"headline":"[cycle D\u00e9couverte] Retour sur l&rsquo;\u00e9dition 2015","datePublished":"2015-03-30T16:00:39+00:00","dateModified":"2024-09-24T12:03:47+00:00","mainEntityOfPage":{"@id":"https:\/\/fdd-ihedn.fr\/seminaire-decouverte-2015-en-partenariat-avec-la-sncf\/"},"wordCount":219,"commentCount":0,"publisher":{"@id":"https:\/\/fdd-ihedn.fr\/#organization"},"image":{"@id":"https:\/\/fdd-ihedn.fr\/seminaire-decouverte-2015-en-partenariat-avec-la-sncf\/#primaryimage"},"thumbnailUrl":"https:\/\/fdd-ihedn.fr\/wp-content\/uploads\/2021\/04\/DECOUVERTE2015-1-1.jpg","articleSection":["Activit\u00e9s","D\u00e9couverte"],"inLanguage":"en-GB","potentialAction":[{"@type":"CommentAction","name":"Comment","target":["https:\/\/fdd-ihedn.fr\/seminaire-decouverte-2015-en-partenariat-avec-la-sncf\/#respond"]}]},{"@type":"WebPage","@id":"https:\/\/fdd-ihedn.fr\/seminaire-decouverte-2015-en-partenariat-avec-la-sncf\/","url":"https:\/\/fdd-ihedn.fr\/seminaire-decouverte-2015-en-partenariat-avec-la-sncf\/","name":"[cycle D\u00e9couverte] Retour sur l'\u00e9dition 2015 - Fonds de dotation de l&#039;IHEDN","isPartOf":{"@id":"https:\/\/fdd-ihedn.fr\/#website"},"primaryImageOfPage":{"@id":"https:\/\/fdd-ihedn.fr\/seminaire-decouverte-2015-en-partenariat-avec-la-sncf\/#primaryimage"},"image":{"@id":"https:\/\/fdd-ihedn.fr\/seminaire-decouverte-2015-en-partenariat-avec-la-sncf\/#primaryimage"},"thumbnailUrl":"https:\/\/fdd-ihedn.fr\/wp-content\/uploads\/2021\/04\/DECOUVERTE2015-1-1.jpg","datePublished":"2015-03-30T16:00:39+00:00","dateModified":"2024-09-24T12:03:47+00:00","breadcrumb":{"@id":"https:\/\/fdd-ihedn.fr\/seminaire-decouverte-2015-en-partenariat-avec-la-sncf\/#breadcrumb"},"inLanguage":"en-GB","potentialAction":[{"@type":"ReadAction","target":["https:\/\/fdd-ihedn.fr\/seminaire-decouverte-2015-en-partenariat-avec-la-sncf\/"]}]},{"@type":"ImageObject","inLanguage":"en-GB","@id":"https:\/\/fdd-ihedn.fr\/seminaire-decouverte-2015-en-partenariat-avec-la-sncf\/#primaryimage","url":"https:\/\/fdd-ihedn.fr\/wp-content\/uploads\/2021\/04\/DECOUVERTE2015-1-1.jpg","contentUrl":"https:\/\/fdd-ihedn.fr\/wp-content\/uploads\/2021\/04\/DECOUVERTE2015-1-1.jpg","width":1280,"height":853},{"@type":"BreadcrumbList","@id":"https:\/\/fdd-ihedn.fr\/seminaire-decouverte-2015-en-partenariat-avec-la-sncf\/#breadcrumb","itemListElement":[{"@type":"ListItem","position":1,"name":"Accueil","item":"https:\/\/fdd-ihedn.fr\/"},{"@type":"ListItem","position":2,"name":"[cycle D\u00e9couverte] Retour sur l&#8217;\u00e9dition 2015"}]},{"@type":"WebSite","@id":"https:\/\/fdd-ihedn.fr\/#website","url":"https:\/\/fdd-ihedn.fr\/","name":"IHEDN Endowment Fund","description":"Innovative projects developed for IHEDN thanks to sponsorship","publisher":{"@id":"https:\/\/fdd-ihedn.fr\/#organization"},"potentialAction":[{"@type":"SearchAction","target":{"@type":"EntryPoint","urlTemplate":"https:\/\/fdd-ihedn.fr\/?s={search_term_string}"},"query-input":{"@type":"PropertyValueSpecification","valueRequired":true,"valueName":"search_term_string"}}],"inLanguage":"en-GB"},{"@type":"Organization","@id":"https:\/\/fdd-ihedn.fr\/#organization","name":"Chair in Defence Economics - IHEDN","url":"https:\/\/fdd-ihedn.fr\/","logo":{"@type":"ImageObject","inLanguage":"en-GB","@id":"https:\/\/fdd-ihedn.fr\/#\/schema\/logo\/image\/","url":"https:\/\/fdd-ihedn.fr\/wp-content\/uploads\/2020\/04\/logoEcodef9.jpg","contentUrl":"https:\/\/fdd-ihedn.fr\/wp-content\/uploads\/2020\/04\/logoEcodef9.jpg","width":410,"height":212,"caption":"Chaire \u00c9conomie de d\u00e9fense - IHEDN"},"image":{"@id":"https:\/\/fdd-ihedn.fr\/#\/schema\/logo\/image\/"},"sameAs":["https:\/\/x.com\/Chaire_Ecodef","https:\/\/www.linkedin.com\/company\/chaire-ecodef-ihedn\/"]},{"@type":"Person","@id":"https:\/\/fdd-ihedn.fr\/#\/schema\/person\/9fdc5a3e2e544ff0f51c5e0732af0c12","name":"dev","image":{"@type":"ImageObject","inLanguage":"en-GB","@id":"https:\/\/secure.gravatar.com\/avatar\/f1ffcac9ca2fa95ad3ec33e9be3ade82f752acb0cabe541e56c5889225afa88a?s=96&d=mm&r=g","url":"https:\/\/secure.gravatar.com\/avatar\/f1ffcac9ca2fa95ad3ec33e9be3ade82f752acb0cabe541e56c5889225afa88a?s=96&d=mm&r=g","contentUrl":"https:\/\/secure.gravatar.com\/avatar\/f1ffcac9ca2fa95ad3ec33e9be3ade82f752acb0cabe541e56c5889225afa88a?s=96&d=mm&r=g","caption":"dev"},"url":"https:\/\/fdd-ihedn.fr\/en\/author\/dev\/"}]}},"_links":{"self":[{"href":"https:\/\/fdd-ihedn.fr\/en\/wp-json\/wp\/v2\/posts\/4111","targetHints":{"allow":["GET"]}}],"collection":[{"href":"https:\/\/fdd-ihedn.fr\/en\/wp-json\/wp\/v2\/posts"}],"about":[{"href":"https:\/\/fdd-ihedn.fr\/en\/wp-json\/wp\/v2\/types\/post"}],"author":[{"embeddable":true,"href":"https:\/\/fdd-ihedn.fr\/en\/wp-json\/wp\/v2\/users\/1"}],"replies":[{"embeddable":true,"href":"https:\/\/fdd-ihedn.fr\/en\/wp-json\/wp\/v2\/comments?post=4111"}],"version-history":[{"count":7,"href":"https:\/\/fdd-ihedn.fr\/en\/wp-json\/wp\/v2\/posts\/4111\/revisions"}],"predecessor-version":[{"id":5678,"href":"https:\/\/fdd-ihedn.fr\/en\/wp-json\/wp\/v2\/posts\/4111\/revisions\/5678"}],"wp:featuredmedia":[{"embeddable":true,"href":"https:\/\/fdd-ihedn.fr\/en\/wp-json\/wp\/v2\/media\/3455"}],"wp:attachment":[{"href":"https:\/\/fdd-ihedn.fr\/en\/wp-json\/wp\/v2\/media?parent=4111"}],"wp:term":[{"taxonomy":"category","embeddable":true,"href":"https:\/\/fdd-ihedn.fr\/en\/wp-json\/wp\/v2\/categories?post=4111"},{"taxonomy":"post_tag","embeddable":true,"href":"https:\/\/fdd-ihedn.fr\/en\/wp-json\/wp\/v2\/tags?post=4111"}],"curies":[{"name":"wp","href":"https:\/\/api.w.org\/{rel}","templated":true}]}}