{"id":4108,"date":"2014-11-27T08:32:07","date_gmt":"2014-11-27T07:32:07","guid":{"rendered":"https:\/\/fdd.concilium.click\/journee-cohesion-nationale-et-citoyennete-amiens-le-25-novembre-2014\/"},"modified":"2022-02-04T14:29:01","modified_gmt":"2022-02-04T13:29:01","slug":"journee-cohesion-nationale-et-citoyennete-amiens-le-25-novembre-2014","status":"publish","type":"post","link":"https:\/\/fdd-ihedn.fr\/en\/journee-cohesion-nationale-et-citoyennete-amiens-le-25-novembre-2014\/","title":{"rendered":"[CNC] Journ\u00e9e \u00ab Coh\u00e9sion nationale et citoyennet\u00e9 \u00bb &#8211; Amiens, le 25 novembre 2014"},"content":{"rendered":"<p>Le Cercle des partenaires de l\u2019IHEDN a organis\u00e9 ce 25 novembre \u00e0 Amiens, en partenariat avec la direction r\u00e9gionale de l\u2019Agence nationale pour la coh\u00e9sion sociale et l&rsquo;\u00e9galit\u00e9 des chances (ACS\u00c9), une journ\u00e9e \u00ab Coh\u00e9sion nationale et citoyennet\u00e9 \u00bb sur le th\u00e8me de l\u2019engagement des jeunes. Initi\u00e9 par la pr\u00e9fecture de la Somme, cet \u00e9v\u00e9nement s\u2019inscrit dans le prolongement de la cr\u00e9ation d\u2019une zone de s\u00e9curit\u00e9 prioritaire (ZSP) dans les quartiers Nord d\u2019Amiens, qui ont \u00e9t\u00e9 le th\u00e9\u00e2tre d\u2019\u00e9meutes en ao\u00fbt 2012, et dans le cadre de la mise en place des nouveaux contrats de ville. Il a rassembl\u00e9 une cinquantaine de personnes \u0153uvrant au profit des jeunes ami\u00e9nois dans les quartiers de la politique de la ville : cadres du milieu associatif, enseignants et chefs d\u2019\u00e9tablissement, cadres de la politique de la ville et des collectivit\u00e9s locales, \u00e9lus locaux, militaires, etc.<\/p>\n<p>Three conferences followed by discussions were on the programme:<\/p>\n<p>\u2022 \u00ab La perception de la d\u00e9fense par les jeunes \u00bb, par Corine BOUTEILLE, affect\u00e9e \u00e0 la Direction g\u00e9n\u00e9rale de l&rsquo;enseignement sup\u00e9rieur et de l&rsquo;insertion professionnelle du Minist\u00e8re de l&rsquo;\u00e9ducation nationale, de l&rsquo;enseignement sup\u00e9rieur et de la recherche ;<\/p>\n<p>\u2022 \u00ab Agir pour la remobilisation des quartiers \u00bb, par R\u00e9da DIDI, fondateur et d\u00e9l\u00e9gu\u00e9 g\u00e9n\u00e9ral du think tank Graines de France, et participants \u00e0 l\u2019\u00e9dition 2008 du s\u00e9minaire \u00ab Coh\u00e9sion nationale et citoyennet\u00e9 \u00bb de l\u2019IHEDN ;<\/p>\n<p>\u2022 \u00ab Les formes d\u2019engagement privil\u00e9gi\u00e9es par les jeunes dans la soci\u00e9t\u00e9 civile \u00bb, par Olivier TOCHE, directeur de l\u2019Institut national de la jeunesse et de l\u2019\u00e9ducation populaire (INJEP) ;<\/p>\n<p>Apr\u00e8s Lille, Marseille, Le Havre, Nantes et Lyon, ce d\u00e9placement \u00e0 Amiens constituait le 6e s\u00e9minaire \u00ab Coh\u00e9sion nationale et citoyennet\u00e9 \u00bb organis\u00e9 en province par le Cercle des partenaires de l\u2019IHEDN depuis 2011.<\/p>","protected":false},"excerpt":{"rendered":"<p>Le Cercle des partenaires de l\u2019IHEDN a organis\u00e9 ce 25 novembre \u00e0 Amiens, en partenariat avec la direction r\u00e9gionale de l\u2019Agence nationale pour la coh\u00e9sion sociale et l&rsquo;\u00e9galit\u00e9 des chances (ACS\u00c9), une journ\u00e9e \u00ab Coh\u00e9sion nationale et citoyennet\u00e9 \u00bb sur le th\u00e8me de l\u2019engagement des jeunes. Initi\u00e9 par la pr\u00e9fecture de la Somme, cet \u00e9v\u00e9nement [&hellip;]<\/p>\n","protected":false},"author":1,"featured_media":564,"comment_status":"open","ping_status":"open","sticky":false,"template":"","format":"standard","meta":{"footnotes":""},"categories":[34,450],"tags":[],"class_list":{"0":"post-4108","1":"post","2":"type-post","3":"status-publish","4":"format-standard","5":"has-post-thumbnail","7":"category-activites","8":"category-cnc"},"yoast_head":"<!-- This site is optimized with the Yoast SEO plugin v27.4 - https:\/\/yoast.com\/product\/yoast-seo-wordpress\/ -->\n<title>[CNC] Journ\u00e9e \u00ab Coh\u00e9sion nationale et citoyennet\u00e9 \u00bb - Amiens, le 25 novembre 2014 - Fonds de dotation de l&#039;IHEDN<\/title>\n<meta name=\"robots\" content=\"index, follow, max-snippet:-1, max-image-preview:large, max-video-preview:-1\" \/>\n<link rel=\"canonical\" href=\"https:\/\/fdd-ihedn.fr\/en\/journee-cohesion-nationale-et-citoyennete-amiens-le-25-novembre-2014\/\" \/>\n<meta property=\"og:locale\" content=\"en_GB\" \/>\n<meta property=\"og:type\" content=\"article\" \/>\n<meta property=\"og:title\" content=\"[CNC] Journ\u00e9e \u00ab Coh\u00e9sion nationale et citoyennet\u00e9 \u00bb - Amiens, le 25 novembre 2014 - Fonds de dotation de l&#039;IHEDN\" \/>\n<meta property=\"og:description\" content=\"Le Cercle des partenaires de l\u2019IHEDN a organis\u00e9 ce 25 novembre \u00e0 Amiens, en partenariat avec la direction r\u00e9gionale de l\u2019Agence nationale pour la coh\u00e9sion sociale et l&rsquo;\u00e9galit\u00e9 des chances (ACS\u00c9), une journ\u00e9e \u00ab Coh\u00e9sion nationale et citoyennet\u00e9 \u00bb sur le th\u00e8me de l\u2019engagement des jeunes. Initi\u00e9 par la pr\u00e9fecture de la Somme, cet \u00e9v\u00e9nement [&hellip;]\" \/>\n<meta property=\"og:url\" content=\"https:\/\/fdd-ihedn.fr\/en\/journee-cohesion-nationale-et-citoyennete-amiens-le-25-novembre-2014\/\" \/>\n<meta property=\"og:site_name\" content=\"Fonds de dotation de l&#039;IHEDN\" \/>\n<meta property=\"article:published_time\" content=\"2014-11-27T07:32:07+00:00\" \/>\n<meta property=\"article:modified_time\" content=\"2022-02-04T13:29:01+00:00\" \/>\n<meta name=\"author\" content=\"dev\" \/>\n<meta name=\"twitter:card\" content=\"summary_large_image\" \/>\n<meta name=\"twitter:creator\" content=\"@Chaire_Ecodef\" \/>\n<meta name=\"twitter:site\" content=\"@Chaire_Ecodef\" \/>\n<meta name=\"twitter:label1\" content=\"Written by\" \/>\n\t<meta name=\"twitter:data1\" content=\"dev\" \/>\n\t<meta name=\"twitter:label2\" content=\"Estimated reading time\" \/>\n\t<meta name=\"twitter:data2\" content=\"2 minutes\" \/>\n<script type=\"application\/ld+json\" class=\"yoast-schema-graph\">{\"@context\":\"https:\\\/\\\/schema.org\",\"@graph\":[{\"@type\":\"Article\",\"@id\":\"https:\\\/\\\/fdd-ihedn.fr\\\/journee-cohesion-nationale-et-citoyennete-amiens-le-25-novembre-2014\\\/#article\",\"isPartOf\":{\"@id\":\"https:\\\/\\\/fdd-ihedn.fr\\\/journee-cohesion-nationale-et-citoyennete-amiens-le-25-novembre-2014\\\/\"},\"author\":{\"name\":\"dev\",\"@id\":\"https:\\\/\\\/fdd-ihedn.fr\\\/#\\\/schema\\\/person\\\/9fdc5a3e2e544ff0f51c5e0732af0c12\"},\"headline\":\"[CNC] Journ\u00e9e \u00ab Coh\u00e9sion nationale et citoyennet\u00e9 \u00bb &#8211; Amiens, le 25 novembre 2014\",\"datePublished\":\"2014-11-27T07:32:07+00:00\",\"dateModified\":\"2022-02-04T13:29:01+00:00\",\"mainEntityOfPage\":{\"@id\":\"https:\\\/\\\/fdd-ihedn.fr\\\/journee-cohesion-nationale-et-citoyennete-amiens-le-25-novembre-2014\\\/\"},\"wordCount\":330,\"commentCount\":0,\"publisher\":{\"@id\":\"https:\\\/\\\/fdd-ihedn.fr\\\/#organization\"},\"image\":{\"@id\":\"https:\\\/\\\/fdd-ihedn.fr\\\/journee-cohesion-nationale-et-citoyennete-amiens-le-25-novembre-2014\\\/#primaryimage\"},\"thumbnailUrl\":\"\",\"articleSection\":[\"Activit\u00e9s\",\"CNC\"],\"inLanguage\":\"en-GB\",\"potentialAction\":[{\"@type\":\"CommentAction\",\"name\":\"Comment\",\"target\":[\"https:\\\/\\\/fdd-ihedn.fr\\\/journee-cohesion-nationale-et-citoyennete-amiens-le-25-novembre-2014\\\/#respond\"]}]},{\"@type\":\"WebPage\",\"@id\":\"https:\\\/\\\/fdd-ihedn.fr\\\/journee-cohesion-nationale-et-citoyennete-amiens-le-25-novembre-2014\\\/\",\"url\":\"https:\\\/\\\/fdd-ihedn.fr\\\/journee-cohesion-nationale-et-citoyennete-amiens-le-25-novembre-2014\\\/\",\"name\":\"[CNC] Journ\u00e9e \u00ab Coh\u00e9sion nationale et citoyennet\u00e9 \u00bb - Amiens, le 25 novembre 2014 - Fonds de dotation de l&#039;IHEDN\",\"isPartOf\":{\"@id\":\"https:\\\/\\\/fdd-ihedn.fr\\\/#website\"},\"primaryImageOfPage\":{\"@id\":\"https:\\\/\\\/fdd-ihedn.fr\\\/journee-cohesion-nationale-et-citoyennete-amiens-le-25-novembre-2014\\\/#primaryimage\"},\"image\":{\"@id\":\"https:\\\/\\\/fdd-ihedn.fr\\\/journee-cohesion-nationale-et-citoyennete-amiens-le-25-novembre-2014\\\/#primaryimage\"},\"thumbnailUrl\":\"\",\"datePublished\":\"2014-11-27T07:32:07+00:00\",\"dateModified\":\"2022-02-04T13:29:01+00:00\",\"breadcrumb\":{\"@id\":\"https:\\\/\\\/fdd-ihedn.fr\\\/journee-cohesion-nationale-et-citoyennete-amiens-le-25-novembre-2014\\\/#breadcrumb\"},\"inLanguage\":\"en-GB\",\"potentialAction\":[{\"@type\":\"ReadAction\",\"target\":[\"https:\\\/\\\/fdd-ihedn.fr\\\/journee-cohesion-nationale-et-citoyennete-amiens-le-25-novembre-2014\\\/\"]}]},{\"@type\":\"ImageObject\",\"inLanguage\":\"en-GB\",\"@id\":\"https:\\\/\\\/fdd-ihedn.fr\\\/journee-cohesion-nationale-et-citoyennete-amiens-le-25-novembre-2014\\\/#primaryimage\",\"url\":\"\",\"contentUrl\":\"\"},{\"@type\":\"BreadcrumbList\",\"@id\":\"https:\\\/\\\/fdd-ihedn.fr\\\/journee-cohesion-nationale-et-citoyennete-amiens-le-25-novembre-2014\\\/#breadcrumb\",\"itemListElement\":[{\"@type\":\"ListItem\",\"position\":1,\"name\":\"Accueil\",\"item\":\"https:\\\/\\\/fdd-ihedn.fr\\\/\"},{\"@type\":\"ListItem\",\"position\":2,\"name\":\"[CNC] Journ\u00e9e \u00ab Coh\u00e9sion nationale et citoyennet\u00e9 \u00bb &#8211; Amiens, le 25 novembre 2014\"}]},{\"@type\":\"WebSite\",\"@id\":\"https:\\\/\\\/fdd-ihedn.fr\\\/#website\",\"url\":\"https:\\\/\\\/fdd-ihedn.fr\\\/\",\"name\":\"Fonds de dotation de l&#039;IHEDN\",\"description\":\"Des projets innovants d\u00e9velopp\u00e9s pour l&#039;IHEDN gr\u00e2ce au m\u00e9c\u00e9nat\",\"publisher\":{\"@id\":\"https:\\\/\\\/fdd-ihedn.fr\\\/#organization\"},\"potentialAction\":[{\"@type\":\"SearchAction\",\"target\":{\"@type\":\"EntryPoint\",\"urlTemplate\":\"https:\\\/\\\/fdd-ihedn.fr\\\/?s={search_term_string}\"},\"query-input\":{\"@type\":\"PropertyValueSpecification\",\"valueRequired\":true,\"valueName\":\"search_term_string\"}}],\"inLanguage\":\"en-GB\"},{\"@type\":\"Organization\",\"@id\":\"https:\\\/\\\/fdd-ihedn.fr\\\/#organization\",\"name\":\"Chaire \u00c9conomie de d\u00e9fense - IHEDN\",\"url\":\"https:\\\/\\\/fdd-ihedn.fr\\\/\",\"logo\":{\"@type\":\"ImageObject\",\"inLanguage\":\"en-GB\",\"@id\":\"https:\\\/\\\/fdd-ihedn.fr\\\/#\\\/schema\\\/logo\\\/image\\\/\",\"url\":\"https:\\\/\\\/fdd-ihedn.fr\\\/wp-content\\\/uploads\\\/2020\\\/04\\\/logoEcodef9.jpg\",\"contentUrl\":\"https:\\\/\\\/fdd-ihedn.fr\\\/wp-content\\\/uploads\\\/2020\\\/04\\\/logoEcodef9.jpg\",\"width\":410,\"height\":212,\"caption\":\"Chaire \u00c9conomie de d\u00e9fense - IHEDN\"},\"image\":{\"@id\":\"https:\\\/\\\/fdd-ihedn.fr\\\/#\\\/schema\\\/logo\\\/image\\\/\"},\"sameAs\":[\"https:\\\/\\\/x.com\\\/Chaire_Ecodef\",\"https:\\\/\\\/www.linkedin.com\\\/company\\\/chaire-ecodef-ihedn\\\/\"]},{\"@type\":\"Person\",\"@id\":\"https:\\\/\\\/fdd-ihedn.fr\\\/#\\\/schema\\\/person\\\/9fdc5a3e2e544ff0f51c5e0732af0c12\",\"name\":\"dev\",\"image\":{\"@type\":\"ImageObject\",\"inLanguage\":\"en-GB\",\"@id\":\"https:\\\/\\\/secure.gravatar.com\\\/avatar\\\/f1ffcac9ca2fa95ad3ec33e9be3ade82f752acb0cabe541e56c5889225afa88a?s=96&d=mm&r=g\",\"url\":\"https:\\\/\\\/secure.gravatar.com\\\/avatar\\\/f1ffcac9ca2fa95ad3ec33e9be3ade82f752acb0cabe541e56c5889225afa88a?s=96&d=mm&r=g\",\"contentUrl\":\"https:\\\/\\\/secure.gravatar.com\\\/avatar\\\/f1ffcac9ca2fa95ad3ec33e9be3ade82f752acb0cabe541e56c5889225afa88a?s=96&d=mm&r=g\",\"caption\":\"dev\"},\"url\":\"https:\\\/\\\/fdd-ihedn.fr\\\/en\\\/author\\\/dev\\\/\"}]}<\/script>\n<!-- \/ Yoast SEO plugin. -->","yoast_head_json":{"title":"[CNC] Journ\u00e9e \u00ab Coh\u00e9sion nationale et citoyennet\u00e9 \u00bb - Amiens, le 25 novembre 2014 - Fonds de dotation de l&#039;IHEDN","robots":{"index":"index","follow":"follow","max-snippet":"max-snippet:-1","max-image-preview":"max-image-preview:large","max-video-preview":"max-video-preview:-1"},"canonical":"https:\/\/fdd-ihedn.fr\/en\/journee-cohesion-nationale-et-citoyennete-amiens-le-25-novembre-2014\/","og_locale":"en_GB","og_type":"article","og_title":"[CNC] Journ\u00e9e \u00ab Coh\u00e9sion nationale et citoyennet\u00e9 \u00bb - Amiens, le 25 novembre 2014 - Fonds de dotation de l&#039;IHEDN","og_description":"Le Cercle des partenaires de l\u2019IHEDN a organis\u00e9 ce 25 novembre \u00e0 Amiens, en partenariat avec la direction r\u00e9gionale de l\u2019Agence nationale pour la coh\u00e9sion sociale et l&rsquo;\u00e9galit\u00e9 des chances (ACS\u00c9), une journ\u00e9e \u00ab Coh\u00e9sion nationale et citoyennet\u00e9 \u00bb sur le th\u00e8me de l\u2019engagement des jeunes. Initi\u00e9 par la pr\u00e9fecture de la Somme, cet \u00e9v\u00e9nement [&hellip;]","og_url":"https:\/\/fdd-ihedn.fr\/en\/journee-cohesion-nationale-et-citoyennete-amiens-le-25-novembre-2014\/","og_site_name":"Fonds de dotation de l&#039;IHEDN","article_published_time":"2014-11-27T07:32:07+00:00","article_modified_time":"2022-02-04T13:29:01+00:00","author":"dev","twitter_card":"summary_large_image","twitter_creator":"@Chaire_Ecodef","twitter_site":"@Chaire_Ecodef","twitter_misc":{"Written by":"dev","Estimated reading time":"2 minutes"},"schema":{"@context":"https:\/\/schema.org","@graph":[{"@type":"Article","@id":"https:\/\/fdd-ihedn.fr\/journee-cohesion-nationale-et-citoyennete-amiens-le-25-novembre-2014\/#article","isPartOf":{"@id":"https:\/\/fdd-ihedn.fr\/journee-cohesion-nationale-et-citoyennete-amiens-le-25-novembre-2014\/"},"author":{"name":"dev","@id":"https:\/\/fdd-ihedn.fr\/#\/schema\/person\/9fdc5a3e2e544ff0f51c5e0732af0c12"},"headline":"[CNC] Journ\u00e9e \u00ab Coh\u00e9sion nationale et citoyennet\u00e9 \u00bb &#8211; Amiens, le 25 novembre 2014","datePublished":"2014-11-27T07:32:07+00:00","dateModified":"2022-02-04T13:29:01+00:00","mainEntityOfPage":{"@id":"https:\/\/fdd-ihedn.fr\/journee-cohesion-nationale-et-citoyennete-amiens-le-25-novembre-2014\/"},"wordCount":330,"commentCount":0,"publisher":{"@id":"https:\/\/fdd-ihedn.fr\/#organization"},"image":{"@id":"https:\/\/fdd-ihedn.fr\/journee-cohesion-nationale-et-citoyennete-amiens-le-25-novembre-2014\/#primaryimage"},"thumbnailUrl":"","articleSection":["Activit\u00e9s","CNC"],"inLanguage":"en-GB","potentialAction":[{"@type":"CommentAction","name":"Comment","target":["https:\/\/fdd-ihedn.fr\/journee-cohesion-nationale-et-citoyennete-amiens-le-25-novembre-2014\/#respond"]}]},{"@type":"WebPage","@id":"https:\/\/fdd-ihedn.fr\/journee-cohesion-nationale-et-citoyennete-amiens-le-25-novembre-2014\/","url":"https:\/\/fdd-ihedn.fr\/journee-cohesion-nationale-et-citoyennete-amiens-le-25-novembre-2014\/","name":"[CNC] Journ\u00e9e \u00ab Coh\u00e9sion nationale et citoyennet\u00e9 \u00bb - Amiens, le 25 novembre 2014 - Fonds de dotation de l&#039;IHEDN","isPartOf":{"@id":"https:\/\/fdd-ihedn.fr\/#website"},"primaryImageOfPage":{"@id":"https:\/\/fdd-ihedn.fr\/journee-cohesion-nationale-et-citoyennete-amiens-le-25-novembre-2014\/#primaryimage"},"image":{"@id":"https:\/\/fdd-ihedn.fr\/journee-cohesion-nationale-et-citoyennete-amiens-le-25-novembre-2014\/#primaryimage"},"thumbnailUrl":"","datePublished":"2014-11-27T07:32:07+00:00","dateModified":"2022-02-04T13:29:01+00:00","breadcrumb":{"@id":"https:\/\/fdd-ihedn.fr\/journee-cohesion-nationale-et-citoyennete-amiens-le-25-novembre-2014\/#breadcrumb"},"inLanguage":"en-GB","potentialAction":[{"@type":"ReadAction","target":["https:\/\/fdd-ihedn.fr\/journee-cohesion-nationale-et-citoyennete-amiens-le-25-novembre-2014\/"]}]},{"@type":"ImageObject","inLanguage":"en-GB","@id":"https:\/\/fdd-ihedn.fr\/journee-cohesion-nationale-et-citoyennete-amiens-le-25-novembre-2014\/#primaryimage","url":"","contentUrl":""},{"@type":"BreadcrumbList","@id":"https:\/\/fdd-ihedn.fr\/journee-cohesion-nationale-et-citoyennete-amiens-le-25-novembre-2014\/#breadcrumb","itemListElement":[{"@type":"ListItem","position":1,"name":"Accueil","item":"https:\/\/fdd-ihedn.fr\/"},{"@type":"ListItem","position":2,"name":"[CNC] Journ\u00e9e \u00ab Coh\u00e9sion nationale et citoyennet\u00e9 \u00bb &#8211; Amiens, le 25 novembre 2014"}]},{"@type":"WebSite","@id":"https:\/\/fdd-ihedn.fr\/#website","url":"https:\/\/fdd-ihedn.fr\/","name":"IHEDN Endowment Fund","description":"Innovative projects developed for IHEDN thanks to sponsorship","publisher":{"@id":"https:\/\/fdd-ihedn.fr\/#organization"},"potentialAction":[{"@type":"SearchAction","target":{"@type":"EntryPoint","urlTemplate":"https:\/\/fdd-ihedn.fr\/?s={search_term_string}"},"query-input":{"@type":"PropertyValueSpecification","valueRequired":true,"valueName":"search_term_string"}}],"inLanguage":"en-GB"},{"@type":"Organization","@id":"https:\/\/fdd-ihedn.fr\/#organization","name":"Chair in Defence Economics - IHEDN","url":"https:\/\/fdd-ihedn.fr\/","logo":{"@type":"ImageObject","inLanguage":"en-GB","@id":"https:\/\/fdd-ihedn.fr\/#\/schema\/logo\/image\/","url":"https:\/\/fdd-ihedn.fr\/wp-content\/uploads\/2020\/04\/logoEcodef9.jpg","contentUrl":"https:\/\/fdd-ihedn.fr\/wp-content\/uploads\/2020\/04\/logoEcodef9.jpg","width":410,"height":212,"caption":"Chaire \u00c9conomie de d\u00e9fense - IHEDN"},"image":{"@id":"https:\/\/fdd-ihedn.fr\/#\/schema\/logo\/image\/"},"sameAs":["https:\/\/x.com\/Chaire_Ecodef","https:\/\/www.linkedin.com\/company\/chaire-ecodef-ihedn\/"]},{"@type":"Person","@id":"https:\/\/fdd-ihedn.fr\/#\/schema\/person\/9fdc5a3e2e544ff0f51c5e0732af0c12","name":"dev","image":{"@type":"ImageObject","inLanguage":"en-GB","@id":"https:\/\/secure.gravatar.com\/avatar\/f1ffcac9ca2fa95ad3ec33e9be3ade82f752acb0cabe541e56c5889225afa88a?s=96&d=mm&r=g","url":"https:\/\/secure.gravatar.com\/avatar\/f1ffcac9ca2fa95ad3ec33e9be3ade82f752acb0cabe541e56c5889225afa88a?s=96&d=mm&r=g","contentUrl":"https:\/\/secure.gravatar.com\/avatar\/f1ffcac9ca2fa95ad3ec33e9be3ade82f752acb0cabe541e56c5889225afa88a?s=96&d=mm&r=g","caption":"dev"},"url":"https:\/\/fdd-ihedn.fr\/en\/author\/dev\/"}]}},"_links":{"self":[{"href":"https:\/\/fdd-ihedn.fr\/en\/wp-json\/wp\/v2\/posts\/4108","targetHints":{"allow":["GET"]}}],"collection":[{"href":"https:\/\/fdd-ihedn.fr\/en\/wp-json\/wp\/v2\/posts"}],"about":[{"href":"https:\/\/fdd-ihedn.fr\/en\/wp-json\/wp\/v2\/types\/post"}],"author":[{"embeddable":true,"href":"https:\/\/fdd-ihedn.fr\/en\/wp-json\/wp\/v2\/users\/1"}],"replies":[{"embeddable":true,"href":"https:\/\/fdd-ihedn.fr\/en\/wp-json\/wp\/v2\/comments?post=4108"}],"version-history":[{"count":2,"href":"https:\/\/fdd-ihedn.fr\/en\/wp-json\/wp\/v2\/posts\/4108\/revisions"}],"predecessor-version":[{"id":4980,"href":"https:\/\/fdd-ihedn.fr\/en\/wp-json\/wp\/v2\/posts\/4108\/revisions\/4980"}],"wp:featuredmedia":[{"embeddable":true,"href":"https:\/\/fdd-ihedn.fr\/en\/wp-json\/"}],"wp:attachment":[{"href":"https:\/\/fdd-ihedn.fr\/en\/wp-json\/wp\/v2\/media?parent=4108"}],"wp:term":[{"taxonomy":"category","embeddable":true,"href":"https:\/\/fdd-ihedn.fr\/en\/wp-json\/wp\/v2\/categories?post=4108"},{"taxonomy":"post_tag","embeddable":true,"href":"https:\/\/fdd-ihedn.fr\/en\/wp-json\/wp\/v2\/tags?post=4108"}],"curies":[{"name":"wp","href":"https:\/\/api.w.org\/{rel}","templated":true}]}}