{"id":4107,"date":"2014-09-04T12:08:35","date_gmt":"2014-09-04T10:08:35","guid":{"rendered":"https:\/\/fdd.concilium.click\/chaire-economie-de-defense-8-et-9-septembre-2014\/"},"modified":"2024-09-24T14:03:59","modified_gmt":"2024-09-24T12:03:59","slug":"chaire-economie-de-defense-8-et-9-septembre-2014","status":"publish","type":"post","link":"https:\/\/fdd-ihedn.fr\/en\/chaire-economie-de-defense-8-et-9-septembre-2014\/","title":{"rendered":"[chaire ECODEF] Jean Belin participe \u00e0 la 12\u00e8me Universit\u00e9 d&rsquo;\u00e9t\u00e9 de la d\u00e9fense \u00e0 Bordeaux, les 8 et 9 septembre 2014"},"content":{"rendered":"<p>Le titulaire de la Chaire, M. Jean Belin participe le lundi 8 septembre et le mardi 9 septembre \u00e0 la 12\u00e8me Universit\u00e9 d&rsquo;\u00e9t\u00e9 de la d\u00e9fense \u00e0 Bordeaux.<\/p>\n<p><a title=\"12\u00e8me Universit\u00e9 d'\u00e9t\u00e9 de la d\u00e9fense\" href=\"http:\/\/www.universite-defense.org\/\" target=\"_blank\" rel=\"noopener\">http:\/\/www.universite-defense.org\/<\/a><\/p>","protected":false},"excerpt":{"rendered":"<p>Le titulaire de la Chaire, M. Jean Belin participe le lundi 8 septembre et le mardi 9 septembre \u00e0 la 12\u00e8me Universit\u00e9 d&rsquo;\u00e9t\u00e9 de la d\u00e9fense \u00e0 Bordeaux. http:\/\/www.universite-defense.org\/<\/p>","protected":false},"author":1,"featured_media":564,"comment_status":"open","ping_status":"open","sticky":false,"template":"","format":"standard","meta":{"footnotes":""},"categories":[34,438],"tags":[],"class_list":{"0":"post-4107","1":"post","2":"type-post","3":"status-publish","4":"format-standard","5":"has-post-thumbnail","7":"category-activites","8":"category-chaire-economie-de-defense"},"yoast_head":"<!-- This site is optimized with the Yoast SEO plugin v27.4 - https:\/\/yoast.com\/product\/yoast-seo-wordpress\/ -->\n<title>[chaire ECODEF] Jean Belin participe \u00e0 la 12\u00e8me Universit\u00e9 d&#039;\u00e9t\u00e9 de la d\u00e9fense \u00e0 Bordeaux, les 8 et 9 septembre 2014 - Fonds de dotation de l&#039;IHEDN<\/title>\n<meta name=\"robots\" content=\"index, follow, max-snippet:-1, max-image-preview:large, max-video-preview:-1\" \/>\n<link rel=\"canonical\" href=\"https:\/\/fdd-ihedn.fr\/en\/chaire-economie-de-defense-8-et-9-septembre-2014\/\" \/>\n<meta property=\"og:locale\" content=\"en_GB\" \/>\n<meta property=\"og:type\" content=\"article\" \/>\n<meta property=\"og:title\" content=\"[chaire ECODEF] Jean Belin participe \u00e0 la 12\u00e8me Universit\u00e9 d&#039;\u00e9t\u00e9 de la d\u00e9fense \u00e0 Bordeaux, les 8 et 9 septembre 2014 - Fonds de dotation de l&#039;IHEDN\" \/>\n<meta property=\"og:description\" content=\"Le titulaire de la Chaire, M. Jean Belin participe le lundi 8 septembre et le mardi 9 septembre \u00e0 la 12\u00e8me Universit\u00e9 d&rsquo;\u00e9t\u00e9 de la d\u00e9fense \u00e0 Bordeaux. http:\/\/www.universite-defense.org\/\" \/>\n<meta property=\"og:url\" content=\"https:\/\/fdd-ihedn.fr\/en\/chaire-economie-de-defense-8-et-9-septembre-2014\/\" \/>\n<meta property=\"og:site_name\" content=\"Fonds de dotation de l&#039;IHEDN\" \/>\n<meta property=\"article:published_time\" content=\"2014-09-04T10:08:35+00:00\" \/>\n<meta property=\"article:modified_time\" content=\"2024-09-24T12:03:59+00:00\" \/>\n<meta name=\"author\" content=\"dev\" \/>\n<meta name=\"twitter:card\" content=\"summary_large_image\" \/>\n<meta name=\"twitter:creator\" content=\"@Chaire_Ecodef\" \/>\n<meta name=\"twitter:site\" content=\"@Chaire_Ecodef\" \/>\n<meta name=\"twitter:label1\" content=\"Written by\" \/>\n\t<meta name=\"twitter:data1\" content=\"dev\" \/>\n<script type=\"application\/ld+json\" class=\"yoast-schema-graph\">{\"@context\":\"https:\\\/\\\/schema.org\",\"@graph\":[{\"@type\":\"Article\",\"@id\":\"https:\\\/\\\/fdd-ihedn.fr\\\/chaire-economie-de-defense-8-et-9-septembre-2014\\\/#article\",\"isPartOf\":{\"@id\":\"https:\\\/\\\/fdd-ihedn.fr\\\/chaire-economie-de-defense-8-et-9-septembre-2014\\\/\"},\"author\":{\"name\":\"dev\",\"@id\":\"https:\\\/\\\/fdd-ihedn.fr\\\/#\\\/schema\\\/person\\\/9fdc5a3e2e544ff0f51c5e0732af0c12\"},\"headline\":\"[chaire ECODEF] Jean Belin participe \u00e0 la 12\u00e8me Universit\u00e9 d&rsquo;\u00e9t\u00e9 de la d\u00e9fense \u00e0 Bordeaux, les 8 et 9 septembre 2014\",\"datePublished\":\"2014-09-04T10:08:35+00:00\",\"dateModified\":\"2024-09-24T12:03:59+00:00\",\"mainEntityOfPage\":{\"@id\":\"https:\\\/\\\/fdd-ihedn.fr\\\/chaire-economie-de-defense-8-et-9-septembre-2014\\\/\"},\"wordCount\":48,\"commentCount\":0,\"publisher\":{\"@id\":\"https:\\\/\\\/fdd-ihedn.fr\\\/#organization\"},\"image\":{\"@id\":\"https:\\\/\\\/fdd-ihedn.fr\\\/chaire-economie-de-defense-8-et-9-septembre-2014\\\/#primaryimage\"},\"thumbnailUrl\":\"\",\"articleSection\":[\"Activit\u00e9s\",\"Chaire \u00c9conomie de d\u00e9fense\"],\"inLanguage\":\"en-GB\",\"potentialAction\":[{\"@type\":\"CommentAction\",\"name\":\"Comment\",\"target\":[\"https:\\\/\\\/fdd-ihedn.fr\\\/chaire-economie-de-defense-8-et-9-septembre-2014\\\/#respond\"]}]},{\"@type\":\"WebPage\",\"@id\":\"https:\\\/\\\/fdd-ihedn.fr\\\/chaire-economie-de-defense-8-et-9-septembre-2014\\\/\",\"url\":\"https:\\\/\\\/fdd-ihedn.fr\\\/chaire-economie-de-defense-8-et-9-septembre-2014\\\/\",\"name\":\"[chaire ECODEF] Jean Belin participe \u00e0 la 12\u00e8me Universit\u00e9 d'\u00e9t\u00e9 de la d\u00e9fense \u00e0 Bordeaux, les 8 et 9 septembre 2014 - Fonds de dotation de l&#039;IHEDN\",\"isPartOf\":{\"@id\":\"https:\\\/\\\/fdd-ihedn.fr\\\/#website\"},\"primaryImageOfPage\":{\"@id\":\"https:\\\/\\\/fdd-ihedn.fr\\\/chaire-economie-de-defense-8-et-9-septembre-2014\\\/#primaryimage\"},\"image\":{\"@id\":\"https:\\\/\\\/fdd-ihedn.fr\\\/chaire-economie-de-defense-8-et-9-septembre-2014\\\/#primaryimage\"},\"thumbnailUrl\":\"\",\"datePublished\":\"2014-09-04T10:08:35+00:00\",\"dateModified\":\"2024-09-24T12:03:59+00:00\",\"breadcrumb\":{\"@id\":\"https:\\\/\\\/fdd-ihedn.fr\\\/chaire-economie-de-defense-8-et-9-septembre-2014\\\/#breadcrumb\"},\"inLanguage\":\"en-GB\",\"potentialAction\":[{\"@type\":\"ReadAction\",\"target\":[\"https:\\\/\\\/fdd-ihedn.fr\\\/chaire-economie-de-defense-8-et-9-septembre-2014\\\/\"]}]},{\"@type\":\"ImageObject\",\"inLanguage\":\"en-GB\",\"@id\":\"https:\\\/\\\/fdd-ihedn.fr\\\/chaire-economie-de-defense-8-et-9-septembre-2014\\\/#primaryimage\",\"url\":\"\",\"contentUrl\":\"\"},{\"@type\":\"BreadcrumbList\",\"@id\":\"https:\\\/\\\/fdd-ihedn.fr\\\/chaire-economie-de-defense-8-et-9-septembre-2014\\\/#breadcrumb\",\"itemListElement\":[{\"@type\":\"ListItem\",\"position\":1,\"name\":\"Accueil\",\"item\":\"https:\\\/\\\/fdd-ihedn.fr\\\/\"},{\"@type\":\"ListItem\",\"position\":2,\"name\":\"[chaire ECODEF] Jean Belin participe \u00e0 la 12\u00e8me Universit\u00e9 d&#8217;\u00e9t\u00e9 de la d\u00e9fense \u00e0 Bordeaux, les 8 et 9 septembre 2014\"}]},{\"@type\":\"WebSite\",\"@id\":\"https:\\\/\\\/fdd-ihedn.fr\\\/#website\",\"url\":\"https:\\\/\\\/fdd-ihedn.fr\\\/\",\"name\":\"Fonds de dotation de l&#039;IHEDN\",\"description\":\"Des projets innovants d\u00e9velopp\u00e9s pour l&#039;IHEDN gr\u00e2ce au m\u00e9c\u00e9nat\",\"publisher\":{\"@id\":\"https:\\\/\\\/fdd-ihedn.fr\\\/#organization\"},\"potentialAction\":[{\"@type\":\"SearchAction\",\"target\":{\"@type\":\"EntryPoint\",\"urlTemplate\":\"https:\\\/\\\/fdd-ihedn.fr\\\/?s={search_term_string}\"},\"query-input\":{\"@type\":\"PropertyValueSpecification\",\"valueRequired\":true,\"valueName\":\"search_term_string\"}}],\"inLanguage\":\"en-GB\"},{\"@type\":\"Organization\",\"@id\":\"https:\\\/\\\/fdd-ihedn.fr\\\/#organization\",\"name\":\"Chaire \u00c9conomie de d\u00e9fense - IHEDN\",\"url\":\"https:\\\/\\\/fdd-ihedn.fr\\\/\",\"logo\":{\"@type\":\"ImageObject\",\"inLanguage\":\"en-GB\",\"@id\":\"https:\\\/\\\/fdd-ihedn.fr\\\/#\\\/schema\\\/logo\\\/image\\\/\",\"url\":\"https:\\\/\\\/fdd-ihedn.fr\\\/wp-content\\\/uploads\\\/2020\\\/04\\\/logoEcodef9.jpg\",\"contentUrl\":\"https:\\\/\\\/fdd-ihedn.fr\\\/wp-content\\\/uploads\\\/2020\\\/04\\\/logoEcodef9.jpg\",\"width\":410,\"height\":212,\"caption\":\"Chaire \u00c9conomie de d\u00e9fense - IHEDN\"},\"image\":{\"@id\":\"https:\\\/\\\/fdd-ihedn.fr\\\/#\\\/schema\\\/logo\\\/image\\\/\"},\"sameAs\":[\"https:\\\/\\\/x.com\\\/Chaire_Ecodef\",\"https:\\\/\\\/www.linkedin.com\\\/company\\\/chaire-ecodef-ihedn\\\/\"]},{\"@type\":\"Person\",\"@id\":\"https:\\\/\\\/fdd-ihedn.fr\\\/#\\\/schema\\\/person\\\/9fdc5a3e2e544ff0f51c5e0732af0c12\",\"name\":\"dev\",\"image\":{\"@type\":\"ImageObject\",\"inLanguage\":\"en-GB\",\"@id\":\"https:\\\/\\\/secure.gravatar.com\\\/avatar\\\/f1ffcac9ca2fa95ad3ec33e9be3ade82f752acb0cabe541e56c5889225afa88a?s=96&d=mm&r=g\",\"url\":\"https:\\\/\\\/secure.gravatar.com\\\/avatar\\\/f1ffcac9ca2fa95ad3ec33e9be3ade82f752acb0cabe541e56c5889225afa88a?s=96&d=mm&r=g\",\"contentUrl\":\"https:\\\/\\\/secure.gravatar.com\\\/avatar\\\/f1ffcac9ca2fa95ad3ec33e9be3ade82f752acb0cabe541e56c5889225afa88a?s=96&d=mm&r=g\",\"caption\":\"dev\"},\"url\":\"https:\\\/\\\/fdd-ihedn.fr\\\/en\\\/author\\\/dev\\\/\"}]}<\/script>\n<!-- \/ Yoast SEO plugin. -->","yoast_head_json":{"title":"[chaire ECODEF] Jean Belin participe \u00e0 la 12\u00e8me Universit\u00e9 d'\u00e9t\u00e9 de la d\u00e9fense \u00e0 Bordeaux, les 8 et 9 septembre 2014 - Fonds de dotation de l&#039;IHEDN","robots":{"index":"index","follow":"follow","max-snippet":"max-snippet:-1","max-image-preview":"max-image-preview:large","max-video-preview":"max-video-preview:-1"},"canonical":"https:\/\/fdd-ihedn.fr\/en\/chaire-economie-de-defense-8-et-9-septembre-2014\/","og_locale":"en_GB","og_type":"article","og_title":"[chaire ECODEF] Jean Belin participe \u00e0 la 12\u00e8me Universit\u00e9 d'\u00e9t\u00e9 de la d\u00e9fense \u00e0 Bordeaux, les 8 et 9 septembre 2014 - Fonds de dotation de l&#039;IHEDN","og_description":"Le titulaire de la Chaire, M. Jean Belin participe le lundi 8 septembre et le mardi 9 septembre \u00e0 la 12\u00e8me Universit\u00e9 d&rsquo;\u00e9t\u00e9 de la d\u00e9fense \u00e0 Bordeaux. http:\/\/www.universite-defense.org\/","og_url":"https:\/\/fdd-ihedn.fr\/en\/chaire-economie-de-defense-8-et-9-septembre-2014\/","og_site_name":"Fonds de dotation de l&#039;IHEDN","article_published_time":"2014-09-04T10:08:35+00:00","article_modified_time":"2024-09-24T12:03:59+00:00","author":"dev","twitter_card":"summary_large_image","twitter_creator":"@Chaire_Ecodef","twitter_site":"@Chaire_Ecodef","twitter_misc":{"Written by":"dev"},"schema":{"@context":"https:\/\/schema.org","@graph":[{"@type":"Article","@id":"https:\/\/fdd-ihedn.fr\/chaire-economie-de-defense-8-et-9-septembre-2014\/#article","isPartOf":{"@id":"https:\/\/fdd-ihedn.fr\/chaire-economie-de-defense-8-et-9-septembre-2014\/"},"author":{"name":"dev","@id":"https:\/\/fdd-ihedn.fr\/#\/schema\/person\/9fdc5a3e2e544ff0f51c5e0732af0c12"},"headline":"[chaire ECODEF] Jean Belin participe \u00e0 la 12\u00e8me Universit\u00e9 d&rsquo;\u00e9t\u00e9 de la d\u00e9fense \u00e0 Bordeaux, les 8 et 9 septembre 2014","datePublished":"2014-09-04T10:08:35+00:00","dateModified":"2024-09-24T12:03:59+00:00","mainEntityOfPage":{"@id":"https:\/\/fdd-ihedn.fr\/chaire-economie-de-defense-8-et-9-septembre-2014\/"},"wordCount":48,"commentCount":0,"publisher":{"@id":"https:\/\/fdd-ihedn.fr\/#organization"},"image":{"@id":"https:\/\/fdd-ihedn.fr\/chaire-economie-de-defense-8-et-9-septembre-2014\/#primaryimage"},"thumbnailUrl":"","articleSection":["Activit\u00e9s","Chaire \u00c9conomie de d\u00e9fense"],"inLanguage":"en-GB","potentialAction":[{"@type":"CommentAction","name":"Comment","target":["https:\/\/fdd-ihedn.fr\/chaire-economie-de-defense-8-et-9-septembre-2014\/#respond"]}]},{"@type":"WebPage","@id":"https:\/\/fdd-ihedn.fr\/chaire-economie-de-defense-8-et-9-septembre-2014\/","url":"https:\/\/fdd-ihedn.fr\/chaire-economie-de-defense-8-et-9-septembre-2014\/","name":"[chaire ECODEF] Jean Belin participe \u00e0 la 12\u00e8me Universit\u00e9 d'\u00e9t\u00e9 de la d\u00e9fense \u00e0 Bordeaux, les 8 et 9 septembre 2014 - Fonds de dotation de l&#039;IHEDN","isPartOf":{"@id":"https:\/\/fdd-ihedn.fr\/#website"},"primaryImageOfPage":{"@id":"https:\/\/fdd-ihedn.fr\/chaire-economie-de-defense-8-et-9-septembre-2014\/#primaryimage"},"image":{"@id":"https:\/\/fdd-ihedn.fr\/chaire-economie-de-defense-8-et-9-septembre-2014\/#primaryimage"},"thumbnailUrl":"","datePublished":"2014-09-04T10:08:35+00:00","dateModified":"2024-09-24T12:03:59+00:00","breadcrumb":{"@id":"https:\/\/fdd-ihedn.fr\/chaire-economie-de-defense-8-et-9-septembre-2014\/#breadcrumb"},"inLanguage":"en-GB","potentialAction":[{"@type":"ReadAction","target":["https:\/\/fdd-ihedn.fr\/chaire-economie-de-defense-8-et-9-septembre-2014\/"]}]},{"@type":"ImageObject","inLanguage":"en-GB","@id":"https:\/\/fdd-ihedn.fr\/chaire-economie-de-defense-8-et-9-septembre-2014\/#primaryimage","url":"","contentUrl":""},{"@type":"BreadcrumbList","@id":"https:\/\/fdd-ihedn.fr\/chaire-economie-de-defense-8-et-9-septembre-2014\/#breadcrumb","itemListElement":[{"@type":"ListItem","position":1,"name":"Accueil","item":"https:\/\/fdd-ihedn.fr\/"},{"@type":"ListItem","position":2,"name":"[chaire ECODEF] Jean Belin participe \u00e0 la 12\u00e8me Universit\u00e9 d&#8217;\u00e9t\u00e9 de la d\u00e9fense \u00e0 Bordeaux, les 8 et 9 septembre 2014"}]},{"@type":"WebSite","@id":"https:\/\/fdd-ihedn.fr\/#website","url":"https:\/\/fdd-ihedn.fr\/","name":"IHEDN Endowment Fund","description":"Innovative projects developed for IHEDN thanks to sponsorship","publisher":{"@id":"https:\/\/fdd-ihedn.fr\/#organization"},"potentialAction":[{"@type":"SearchAction","target":{"@type":"EntryPoint","urlTemplate":"https:\/\/fdd-ihedn.fr\/?s={search_term_string}"},"query-input":{"@type":"PropertyValueSpecification","valueRequired":true,"valueName":"search_term_string"}}],"inLanguage":"en-GB"},{"@type":"Organization","@id":"https:\/\/fdd-ihedn.fr\/#organization","name":"Chair in Defence Economics - IHEDN","url":"https:\/\/fdd-ihedn.fr\/","logo":{"@type":"ImageObject","inLanguage":"en-GB","@id":"https:\/\/fdd-ihedn.fr\/#\/schema\/logo\/image\/","url":"https:\/\/fdd-ihedn.fr\/wp-content\/uploads\/2020\/04\/logoEcodef9.jpg","contentUrl":"https:\/\/fdd-ihedn.fr\/wp-content\/uploads\/2020\/04\/logoEcodef9.jpg","width":410,"height":212,"caption":"Chaire \u00c9conomie de d\u00e9fense - IHEDN"},"image":{"@id":"https:\/\/fdd-ihedn.fr\/#\/schema\/logo\/image\/"},"sameAs":["https:\/\/x.com\/Chaire_Ecodef","https:\/\/www.linkedin.com\/company\/chaire-ecodef-ihedn\/"]},{"@type":"Person","@id":"https:\/\/fdd-ihedn.fr\/#\/schema\/person\/9fdc5a3e2e544ff0f51c5e0732af0c12","name":"dev","image":{"@type":"ImageObject","inLanguage":"en-GB","@id":"https:\/\/secure.gravatar.com\/avatar\/f1ffcac9ca2fa95ad3ec33e9be3ade82f752acb0cabe541e56c5889225afa88a?s=96&d=mm&r=g","url":"https:\/\/secure.gravatar.com\/avatar\/f1ffcac9ca2fa95ad3ec33e9be3ade82f752acb0cabe541e56c5889225afa88a?s=96&d=mm&r=g","contentUrl":"https:\/\/secure.gravatar.com\/avatar\/f1ffcac9ca2fa95ad3ec33e9be3ade82f752acb0cabe541e56c5889225afa88a?s=96&d=mm&r=g","caption":"dev"},"url":"https:\/\/fdd-ihedn.fr\/en\/author\/dev\/"}]}},"_links":{"self":[{"href":"https:\/\/fdd-ihedn.fr\/en\/wp-json\/wp\/v2\/posts\/4107","targetHints":{"allow":["GET"]}}],"collection":[{"href":"https:\/\/fdd-ihedn.fr\/en\/wp-json\/wp\/v2\/posts"}],"about":[{"href":"https:\/\/fdd-ihedn.fr\/en\/wp-json\/wp\/v2\/types\/post"}],"author":[{"embeddable":true,"href":"https:\/\/fdd-ihedn.fr\/en\/wp-json\/wp\/v2\/users\/1"}],"replies":[{"embeddable":true,"href":"https:\/\/fdd-ihedn.fr\/en\/wp-json\/wp\/v2\/comments?post=4107"}],"version-history":[{"count":4,"href":"https:\/\/fdd-ihedn.fr\/en\/wp-json\/wp\/v2\/posts\/4107\/revisions"}],"predecessor-version":[{"id":5679,"href":"https:\/\/fdd-ihedn.fr\/en\/wp-json\/wp\/v2\/posts\/4107\/revisions\/5679"}],"wp:featuredmedia":[{"embeddable":true,"href":"https:\/\/fdd-ihedn.fr\/en\/wp-json\/"}],"wp:attachment":[{"href":"https:\/\/fdd-ihedn.fr\/en\/wp-json\/wp\/v2\/media?parent=4107"}],"wp:term":[{"taxonomy":"category","embeddable":true,"href":"https:\/\/fdd-ihedn.fr\/en\/wp-json\/wp\/v2\/categories?post=4107"},{"taxonomy":"post_tag","embeddable":true,"href":"https:\/\/fdd-ihedn.fr\/en\/wp-json\/wp\/v2\/tags?post=4107"}],"curies":[{"name":"wp","href":"https:\/\/api.w.org\/{rel}","templated":true}]}}