{"id":4106,"date":"2014-06-19T12:45:48","date_gmt":"2014-06-19T10:45:48","guid":{"rendered":"https:\/\/fdd.concilium.click\/journee-cohesion-nationale-et-citoyennete-paris-jeudi-19-juin-2014\/"},"modified":"2022-02-04T14:28:51","modified_gmt":"2022-02-04T13:28:51","slug":"journee-cohesion-nationale-et-citoyennete-paris-jeudi-19-juin-2014","status":"publish","type":"post","link":"https:\/\/fdd-ihedn.fr\/en\/journee-cohesion-nationale-et-citoyennete-paris-jeudi-19-juin-2014\/","title":{"rendered":"[CNC] Journ\u00e9e \u00ab\u00a0Coh\u00e9sion nationale et citoyennet\u00e9\u00a0\u00bb &#8211; Paris, le jeudi 19 juin 2014"},"content":{"rendered":"<p>Une quarantaine de personnes ayant particip\u00e9 \u00e0 l\u2019une des sessions du s\u00e9minaire \u00ab Coh\u00e9sion nationale et citoyennet\u00e9 \u00bb, organis\u00e9 depuis 2006 \u00e0 Paris par l\u2019IHEDN et d\u00e9clin\u00e9 en province depuis 2010 par le Cercle des partenaires de l\u2019IHEDN, ont \u00e9t\u00e9 r\u00e9unies ce jeudi 19 juin \u00e0 l\u2019\u00c9cole militaire (Paris 7e) \u00e0 l\u2019occasion de la premi\u00e8re journ\u00e9e intersessions.<\/p>\n<p>Venus des diff\u00e9rents d\u00e9partements de la r\u00e9gion parisienne, ainsi que de Lyon, du Havre ou encore de Nantes, les stagiaires (\u00e9lus locaux, cadres du secteur associatif, de l\u2019Education nationale, des services de l\u2019\u00c9tat, des arm\u00e9es, etc.) y ont trouv\u00e9 l\u2019occasion de se de se rencontrer, et pour certains de se retrouver.<\/p>\n<p>Cette initiative \u00e9tait la premi\u00e8re du genre et a contribu\u00e9 \u00e0 initier des \u00e9changes riches et conviviaux entre ces acteurs de la vie locale confront\u00e9s \u00e0 des enjeux similaires sur des territoires pourtant tr\u00e8s distants.<\/p>\n<p>Guy RUPIED, pr\u00e9sident du Cercle, et le pr\u00e9fet Jo\u00ebl BOUCHIT\u00c9, directeur adjoint de l\u2019IHEDN, ont prononc\u00e9 les mots d\u2019accueil avant de laisser la parole \u00e0 Jean-Pierre BOIS, historien (professeur des Universit\u00e9s \u00e9m\u00e9rite) et Guillaume BERNARD, docteur en droit (ma\u00eetre de conf\u00e9rences), tous deux sp\u00e9cialistes des questions de citoyennet\u00e9.<\/p>\n<p>Deux sujets de fond ont \u00e9t\u00e9 abord\u00e9s :<\/p>\n<p>\u2022 \u00a0 \u00a0 L\u2019 \u00ab approche historique du patriotisme fran\u00e7ais \u00bb, par Jean-Pierre BOIS ;<br \/>\n\u2022 \u00a0 \u00a0\u00a0Les concepts d\u2019\u00ab Identit\u00e9 et (de) sociabilit\u00e9 \u00bb par Guillaume BERNARD.<\/p>\n<p>L\u2019apr\u00e8s-midi a \u00e9t\u00e9 consacr\u00e9 \u00e0 la visite de l\u2019exposition \u00ab Moi, Auguste, empereur de Rome \u00bb au Grand Palais, qui a permis aux participants de remonter aux origines de nos soci\u00e9t\u00e9s modernes et notamment de la notion de citoyennet\u00e9.<\/p>","protected":false},"excerpt":{"rendered":"<p>Une quarantaine de personnes ayant particip\u00e9 \u00e0 l\u2019une des sessions du s\u00e9minaire \u00ab Coh\u00e9sion nationale et citoyennet\u00e9 \u00bb, organis\u00e9 depuis 2006 \u00e0 Paris par l\u2019IHEDN et d\u00e9clin\u00e9 en province depuis 2010 par le Cercle des partenaires de l\u2019IHEDN, ont \u00e9t\u00e9 r\u00e9unies ce jeudi 19 juin \u00e0 l\u2019\u00c9cole militaire (Paris 7e) \u00e0 l\u2019occasion de la premi\u00e8re [&hellip;]<\/p>\n","protected":false},"author":1,"featured_media":564,"comment_status":"open","ping_status":"open","sticky":false,"template":"","format":"standard","meta":{"footnotes":""},"categories":[34,450],"tags":[],"class_list":{"0":"post-4106","1":"post","2":"type-post","3":"status-publish","4":"format-standard","5":"has-post-thumbnail","7":"category-activites","8":"category-cnc"},"yoast_head":"<!-- This site is optimized with the Yoast SEO plugin v27.4 - https:\/\/yoast.com\/product\/yoast-seo-wordpress\/ -->\n<title>[CNC] Journ\u00e9e &quot;Coh\u00e9sion nationale et citoyennet\u00e9&quot; - Paris, le jeudi 19 juin 2014 - Fonds de dotation de l&#039;IHEDN<\/title>\n<meta name=\"robots\" content=\"index, follow, max-snippet:-1, max-image-preview:large, max-video-preview:-1\" \/>\n<link rel=\"canonical\" href=\"https:\/\/fdd-ihedn.fr\/en\/journee-cohesion-nationale-et-citoyennete-paris-jeudi-19-juin-2014\/\" \/>\n<meta property=\"og:locale\" content=\"en_GB\" \/>\n<meta property=\"og:type\" content=\"article\" \/>\n<meta property=\"og:title\" content=\"[CNC] Journ\u00e9e &quot;Coh\u00e9sion nationale et citoyennet\u00e9&quot; - Paris, le jeudi 19 juin 2014 - Fonds de dotation de l&#039;IHEDN\" \/>\n<meta property=\"og:description\" content=\"Une quarantaine de personnes ayant particip\u00e9 \u00e0 l\u2019une des sessions du s\u00e9minaire \u00ab Coh\u00e9sion nationale et citoyennet\u00e9 \u00bb, organis\u00e9 depuis 2006 \u00e0 Paris par l\u2019IHEDN et d\u00e9clin\u00e9 en province depuis 2010 par le Cercle des partenaires de l\u2019IHEDN, ont \u00e9t\u00e9 r\u00e9unies ce jeudi 19 juin \u00e0 l\u2019\u00c9cole militaire (Paris 7e) \u00e0 l\u2019occasion de la premi\u00e8re [&hellip;]\" \/>\n<meta property=\"og:url\" content=\"https:\/\/fdd-ihedn.fr\/en\/journee-cohesion-nationale-et-citoyennete-paris-jeudi-19-juin-2014\/\" \/>\n<meta property=\"og:site_name\" content=\"Fonds de dotation de l&#039;IHEDN\" \/>\n<meta property=\"article:published_time\" content=\"2014-06-19T10:45:48+00:00\" \/>\n<meta property=\"article:modified_time\" content=\"2022-02-04T13:28:51+00:00\" \/>\n<meta name=\"author\" content=\"dev\" \/>\n<meta name=\"twitter:card\" content=\"summary_large_image\" \/>\n<meta name=\"twitter:creator\" content=\"@Chaire_Ecodef\" \/>\n<meta name=\"twitter:site\" content=\"@Chaire_Ecodef\" \/>\n<meta name=\"twitter:label1\" content=\"Written by\" \/>\n\t<meta name=\"twitter:data1\" content=\"dev\" \/>\n\t<meta name=\"twitter:label2\" content=\"Estimated reading time\" \/>\n\t<meta name=\"twitter:data2\" content=\"1 minute\" \/>\n<script type=\"application\/ld+json\" class=\"yoast-schema-graph\">{\"@context\":\"https:\\\/\\\/schema.org\",\"@graph\":[{\"@type\":\"Article\",\"@id\":\"https:\\\/\\\/fdd-ihedn.fr\\\/journee-cohesion-nationale-et-citoyennete-paris-jeudi-19-juin-2014\\\/#article\",\"isPartOf\":{\"@id\":\"https:\\\/\\\/fdd-ihedn.fr\\\/journee-cohesion-nationale-et-citoyennete-paris-jeudi-19-juin-2014\\\/\"},\"author\":{\"name\":\"dev\",\"@id\":\"https:\\\/\\\/fdd-ihedn.fr\\\/#\\\/schema\\\/person\\\/9fdc5a3e2e544ff0f51c5e0732af0c12\"},\"headline\":\"[CNC] Journ\u00e9e \u00ab\u00a0Coh\u00e9sion nationale et citoyennet\u00e9\u00a0\u00bb &#8211; Paris, le jeudi 19 juin 2014\",\"datePublished\":\"2014-06-19T10:45:48+00:00\",\"dateModified\":\"2022-02-04T13:28:51+00:00\",\"mainEntityOfPage\":{\"@id\":\"https:\\\/\\\/fdd-ihedn.fr\\\/journee-cohesion-nationale-et-citoyennete-paris-jeudi-19-juin-2014\\\/\"},\"wordCount\":292,\"commentCount\":0,\"publisher\":{\"@id\":\"https:\\\/\\\/fdd-ihedn.fr\\\/#organization\"},\"image\":{\"@id\":\"https:\\\/\\\/fdd-ihedn.fr\\\/journee-cohesion-nationale-et-citoyennete-paris-jeudi-19-juin-2014\\\/#primaryimage\"},\"thumbnailUrl\":\"\",\"articleSection\":[\"Activit\u00e9s\",\"CNC\"],\"inLanguage\":\"en-GB\",\"potentialAction\":[{\"@type\":\"CommentAction\",\"name\":\"Comment\",\"target\":[\"https:\\\/\\\/fdd-ihedn.fr\\\/journee-cohesion-nationale-et-citoyennete-paris-jeudi-19-juin-2014\\\/#respond\"]}]},{\"@type\":\"WebPage\",\"@id\":\"https:\\\/\\\/fdd-ihedn.fr\\\/journee-cohesion-nationale-et-citoyennete-paris-jeudi-19-juin-2014\\\/\",\"url\":\"https:\\\/\\\/fdd-ihedn.fr\\\/journee-cohesion-nationale-et-citoyennete-paris-jeudi-19-juin-2014\\\/\",\"name\":\"[CNC] Journ\u00e9e \\\"Coh\u00e9sion nationale et citoyennet\u00e9\\\" - Paris, le jeudi 19 juin 2014 - Fonds de dotation de l&#039;IHEDN\",\"isPartOf\":{\"@id\":\"https:\\\/\\\/fdd-ihedn.fr\\\/#website\"},\"primaryImageOfPage\":{\"@id\":\"https:\\\/\\\/fdd-ihedn.fr\\\/journee-cohesion-nationale-et-citoyennete-paris-jeudi-19-juin-2014\\\/#primaryimage\"},\"image\":{\"@id\":\"https:\\\/\\\/fdd-ihedn.fr\\\/journee-cohesion-nationale-et-citoyennete-paris-jeudi-19-juin-2014\\\/#primaryimage\"},\"thumbnailUrl\":\"\",\"datePublished\":\"2014-06-19T10:45:48+00:00\",\"dateModified\":\"2022-02-04T13:28:51+00:00\",\"breadcrumb\":{\"@id\":\"https:\\\/\\\/fdd-ihedn.fr\\\/journee-cohesion-nationale-et-citoyennete-paris-jeudi-19-juin-2014\\\/#breadcrumb\"},\"inLanguage\":\"en-GB\",\"potentialAction\":[{\"@type\":\"ReadAction\",\"target\":[\"https:\\\/\\\/fdd-ihedn.fr\\\/journee-cohesion-nationale-et-citoyennete-paris-jeudi-19-juin-2014\\\/\"]}]},{\"@type\":\"ImageObject\",\"inLanguage\":\"en-GB\",\"@id\":\"https:\\\/\\\/fdd-ihedn.fr\\\/journee-cohesion-nationale-et-citoyennete-paris-jeudi-19-juin-2014\\\/#primaryimage\",\"url\":\"\",\"contentUrl\":\"\"},{\"@type\":\"BreadcrumbList\",\"@id\":\"https:\\\/\\\/fdd-ihedn.fr\\\/journee-cohesion-nationale-et-citoyennete-paris-jeudi-19-juin-2014\\\/#breadcrumb\",\"itemListElement\":[{\"@type\":\"ListItem\",\"position\":1,\"name\":\"Accueil\",\"item\":\"https:\\\/\\\/fdd-ihedn.fr\\\/\"},{\"@type\":\"ListItem\",\"position\":2,\"name\":\"[CNC] Journ\u00e9e &#8220;Coh\u00e9sion nationale et citoyennet\u00e9&#8221; &#8211; Paris, le jeudi 19 juin 2014\"}]},{\"@type\":\"WebSite\",\"@id\":\"https:\\\/\\\/fdd-ihedn.fr\\\/#website\",\"url\":\"https:\\\/\\\/fdd-ihedn.fr\\\/\",\"name\":\"Fonds de dotation de l&#039;IHEDN\",\"description\":\"Des projets innovants d\u00e9velopp\u00e9s pour l&#039;IHEDN gr\u00e2ce au m\u00e9c\u00e9nat\",\"publisher\":{\"@id\":\"https:\\\/\\\/fdd-ihedn.fr\\\/#organization\"},\"potentialAction\":[{\"@type\":\"SearchAction\",\"target\":{\"@type\":\"EntryPoint\",\"urlTemplate\":\"https:\\\/\\\/fdd-ihedn.fr\\\/?s={search_term_string}\"},\"query-input\":{\"@type\":\"PropertyValueSpecification\",\"valueRequired\":true,\"valueName\":\"search_term_string\"}}],\"inLanguage\":\"en-GB\"},{\"@type\":\"Organization\",\"@id\":\"https:\\\/\\\/fdd-ihedn.fr\\\/#organization\",\"name\":\"Chaire \u00c9conomie de d\u00e9fense - IHEDN\",\"url\":\"https:\\\/\\\/fdd-ihedn.fr\\\/\",\"logo\":{\"@type\":\"ImageObject\",\"inLanguage\":\"en-GB\",\"@id\":\"https:\\\/\\\/fdd-ihedn.fr\\\/#\\\/schema\\\/logo\\\/image\\\/\",\"url\":\"https:\\\/\\\/fdd-ihedn.fr\\\/wp-content\\\/uploads\\\/2020\\\/04\\\/logoEcodef9.jpg\",\"contentUrl\":\"https:\\\/\\\/fdd-ihedn.fr\\\/wp-content\\\/uploads\\\/2020\\\/04\\\/logoEcodef9.jpg\",\"width\":410,\"height\":212,\"caption\":\"Chaire \u00c9conomie de d\u00e9fense - IHEDN\"},\"image\":{\"@id\":\"https:\\\/\\\/fdd-ihedn.fr\\\/#\\\/schema\\\/logo\\\/image\\\/\"},\"sameAs\":[\"https:\\\/\\\/x.com\\\/Chaire_Ecodef\",\"https:\\\/\\\/www.linkedin.com\\\/company\\\/chaire-ecodef-ihedn\\\/\"]},{\"@type\":\"Person\",\"@id\":\"https:\\\/\\\/fdd-ihedn.fr\\\/#\\\/schema\\\/person\\\/9fdc5a3e2e544ff0f51c5e0732af0c12\",\"name\":\"dev\",\"image\":{\"@type\":\"ImageObject\",\"inLanguage\":\"en-GB\",\"@id\":\"https:\\\/\\\/secure.gravatar.com\\\/avatar\\\/f1ffcac9ca2fa95ad3ec33e9be3ade82f752acb0cabe541e56c5889225afa88a?s=96&d=mm&r=g\",\"url\":\"https:\\\/\\\/secure.gravatar.com\\\/avatar\\\/f1ffcac9ca2fa95ad3ec33e9be3ade82f752acb0cabe541e56c5889225afa88a?s=96&d=mm&r=g\",\"contentUrl\":\"https:\\\/\\\/secure.gravatar.com\\\/avatar\\\/f1ffcac9ca2fa95ad3ec33e9be3ade82f752acb0cabe541e56c5889225afa88a?s=96&d=mm&r=g\",\"caption\":\"dev\"},\"url\":\"https:\\\/\\\/fdd-ihedn.fr\\\/en\\\/author\\\/dev\\\/\"}]}<\/script>\n<!-- \/ Yoast SEO plugin. -->","yoast_head_json":{"title":"[CNC] Journ\u00e9e \"Coh\u00e9sion nationale et citoyennet\u00e9\" - Paris, le jeudi 19 juin 2014 - Fonds de dotation de l&#039;IHEDN","robots":{"index":"index","follow":"follow","max-snippet":"max-snippet:-1","max-image-preview":"max-image-preview:large","max-video-preview":"max-video-preview:-1"},"canonical":"https:\/\/fdd-ihedn.fr\/en\/journee-cohesion-nationale-et-citoyennete-paris-jeudi-19-juin-2014\/","og_locale":"en_GB","og_type":"article","og_title":"[CNC] Journ\u00e9e \"Coh\u00e9sion nationale et citoyennet\u00e9\" - Paris, le jeudi 19 juin 2014 - Fonds de dotation de l&#039;IHEDN","og_description":"Une quarantaine de personnes ayant particip\u00e9 \u00e0 l\u2019une des sessions du s\u00e9minaire \u00ab Coh\u00e9sion nationale et citoyennet\u00e9 \u00bb, organis\u00e9 depuis 2006 \u00e0 Paris par l\u2019IHEDN et d\u00e9clin\u00e9 en province depuis 2010 par le Cercle des partenaires de l\u2019IHEDN, ont \u00e9t\u00e9 r\u00e9unies ce jeudi 19 juin \u00e0 l\u2019\u00c9cole militaire (Paris 7e) \u00e0 l\u2019occasion de la premi\u00e8re [&hellip;]","og_url":"https:\/\/fdd-ihedn.fr\/en\/journee-cohesion-nationale-et-citoyennete-paris-jeudi-19-juin-2014\/","og_site_name":"Fonds de dotation de l&#039;IHEDN","article_published_time":"2014-06-19T10:45:48+00:00","article_modified_time":"2022-02-04T13:28:51+00:00","author":"dev","twitter_card":"summary_large_image","twitter_creator":"@Chaire_Ecodef","twitter_site":"@Chaire_Ecodef","twitter_misc":{"Written by":"dev","Estimated reading time":"1 minute"},"schema":{"@context":"https:\/\/schema.org","@graph":[{"@type":"Article","@id":"https:\/\/fdd-ihedn.fr\/journee-cohesion-nationale-et-citoyennete-paris-jeudi-19-juin-2014\/#article","isPartOf":{"@id":"https:\/\/fdd-ihedn.fr\/journee-cohesion-nationale-et-citoyennete-paris-jeudi-19-juin-2014\/"},"author":{"name":"dev","@id":"https:\/\/fdd-ihedn.fr\/#\/schema\/person\/9fdc5a3e2e544ff0f51c5e0732af0c12"},"headline":"[CNC] Journ\u00e9e \u00ab\u00a0Coh\u00e9sion nationale et citoyennet\u00e9\u00a0\u00bb &#8211; Paris, le jeudi 19 juin 2014","datePublished":"2014-06-19T10:45:48+00:00","dateModified":"2022-02-04T13:28:51+00:00","mainEntityOfPage":{"@id":"https:\/\/fdd-ihedn.fr\/journee-cohesion-nationale-et-citoyennete-paris-jeudi-19-juin-2014\/"},"wordCount":292,"commentCount":0,"publisher":{"@id":"https:\/\/fdd-ihedn.fr\/#organization"},"image":{"@id":"https:\/\/fdd-ihedn.fr\/journee-cohesion-nationale-et-citoyennete-paris-jeudi-19-juin-2014\/#primaryimage"},"thumbnailUrl":"","articleSection":["Activit\u00e9s","CNC"],"inLanguage":"en-GB","potentialAction":[{"@type":"CommentAction","name":"Comment","target":["https:\/\/fdd-ihedn.fr\/journee-cohesion-nationale-et-citoyennete-paris-jeudi-19-juin-2014\/#respond"]}]},{"@type":"WebPage","@id":"https:\/\/fdd-ihedn.fr\/journee-cohesion-nationale-et-citoyennete-paris-jeudi-19-juin-2014\/","url":"https:\/\/fdd-ihedn.fr\/journee-cohesion-nationale-et-citoyennete-paris-jeudi-19-juin-2014\/","name":"[CNC] Journ\u00e9e \"Coh\u00e9sion nationale et citoyennet\u00e9\" - Paris, le jeudi 19 juin 2014 - Fonds de dotation de l&#039;IHEDN","isPartOf":{"@id":"https:\/\/fdd-ihedn.fr\/#website"},"primaryImageOfPage":{"@id":"https:\/\/fdd-ihedn.fr\/journee-cohesion-nationale-et-citoyennete-paris-jeudi-19-juin-2014\/#primaryimage"},"image":{"@id":"https:\/\/fdd-ihedn.fr\/journee-cohesion-nationale-et-citoyennete-paris-jeudi-19-juin-2014\/#primaryimage"},"thumbnailUrl":"","datePublished":"2014-06-19T10:45:48+00:00","dateModified":"2022-02-04T13:28:51+00:00","breadcrumb":{"@id":"https:\/\/fdd-ihedn.fr\/journee-cohesion-nationale-et-citoyennete-paris-jeudi-19-juin-2014\/#breadcrumb"},"inLanguage":"en-GB","potentialAction":[{"@type":"ReadAction","target":["https:\/\/fdd-ihedn.fr\/journee-cohesion-nationale-et-citoyennete-paris-jeudi-19-juin-2014\/"]}]},{"@type":"ImageObject","inLanguage":"en-GB","@id":"https:\/\/fdd-ihedn.fr\/journee-cohesion-nationale-et-citoyennete-paris-jeudi-19-juin-2014\/#primaryimage","url":"","contentUrl":""},{"@type":"BreadcrumbList","@id":"https:\/\/fdd-ihedn.fr\/journee-cohesion-nationale-et-citoyennete-paris-jeudi-19-juin-2014\/#breadcrumb","itemListElement":[{"@type":"ListItem","position":1,"name":"Accueil","item":"https:\/\/fdd-ihedn.fr\/"},{"@type":"ListItem","position":2,"name":"[CNC] Journ\u00e9e &#8220;Coh\u00e9sion nationale et citoyennet\u00e9&#8221; &#8211; Paris, le jeudi 19 juin 2014"}]},{"@type":"WebSite","@id":"https:\/\/fdd-ihedn.fr\/#website","url":"https:\/\/fdd-ihedn.fr\/","name":"IHEDN Endowment Fund","description":"Innovative projects developed for IHEDN thanks to sponsorship","publisher":{"@id":"https:\/\/fdd-ihedn.fr\/#organization"},"potentialAction":[{"@type":"SearchAction","target":{"@type":"EntryPoint","urlTemplate":"https:\/\/fdd-ihedn.fr\/?s={search_term_string}"},"query-input":{"@type":"PropertyValueSpecification","valueRequired":true,"valueName":"search_term_string"}}],"inLanguage":"en-GB"},{"@type":"Organization","@id":"https:\/\/fdd-ihedn.fr\/#organization","name":"Chair in Defence Economics - IHEDN","url":"https:\/\/fdd-ihedn.fr\/","logo":{"@type":"ImageObject","inLanguage":"en-GB","@id":"https:\/\/fdd-ihedn.fr\/#\/schema\/logo\/image\/","url":"https:\/\/fdd-ihedn.fr\/wp-content\/uploads\/2020\/04\/logoEcodef9.jpg","contentUrl":"https:\/\/fdd-ihedn.fr\/wp-content\/uploads\/2020\/04\/logoEcodef9.jpg","width":410,"height":212,"caption":"Chaire \u00c9conomie de d\u00e9fense - IHEDN"},"image":{"@id":"https:\/\/fdd-ihedn.fr\/#\/schema\/logo\/image\/"},"sameAs":["https:\/\/x.com\/Chaire_Ecodef","https:\/\/www.linkedin.com\/company\/chaire-ecodef-ihedn\/"]},{"@type":"Person","@id":"https:\/\/fdd-ihedn.fr\/#\/schema\/person\/9fdc5a3e2e544ff0f51c5e0732af0c12","name":"dev","image":{"@type":"ImageObject","inLanguage":"en-GB","@id":"https:\/\/secure.gravatar.com\/avatar\/f1ffcac9ca2fa95ad3ec33e9be3ade82f752acb0cabe541e56c5889225afa88a?s=96&d=mm&r=g","url":"https:\/\/secure.gravatar.com\/avatar\/f1ffcac9ca2fa95ad3ec33e9be3ade82f752acb0cabe541e56c5889225afa88a?s=96&d=mm&r=g","contentUrl":"https:\/\/secure.gravatar.com\/avatar\/f1ffcac9ca2fa95ad3ec33e9be3ade82f752acb0cabe541e56c5889225afa88a?s=96&d=mm&r=g","caption":"dev"},"url":"https:\/\/fdd-ihedn.fr\/en\/author\/dev\/"}]}},"_links":{"self":[{"href":"https:\/\/fdd-ihedn.fr\/en\/wp-json\/wp\/v2\/posts\/4106","targetHints":{"allow":["GET"]}}],"collection":[{"href":"https:\/\/fdd-ihedn.fr\/en\/wp-json\/wp\/v2\/posts"}],"about":[{"href":"https:\/\/fdd-ihedn.fr\/en\/wp-json\/wp\/v2\/types\/post"}],"author":[{"embeddable":true,"href":"https:\/\/fdd-ihedn.fr\/en\/wp-json\/wp\/v2\/users\/1"}],"replies":[{"embeddable":true,"href":"https:\/\/fdd-ihedn.fr\/en\/wp-json\/wp\/v2\/comments?post=4106"}],"version-history":[{"count":2,"href":"https:\/\/fdd-ihedn.fr\/en\/wp-json\/wp\/v2\/posts\/4106\/revisions"}],"predecessor-version":[{"id":4979,"href":"https:\/\/fdd-ihedn.fr\/en\/wp-json\/wp\/v2\/posts\/4106\/revisions\/4979"}],"wp:featuredmedia":[{"embeddable":true,"href":"https:\/\/fdd-ihedn.fr\/en\/wp-json\/"}],"wp:attachment":[{"href":"https:\/\/fdd-ihedn.fr\/en\/wp-json\/wp\/v2\/media?parent=4106"}],"wp:term":[{"taxonomy":"category","embeddable":true,"href":"https:\/\/fdd-ihedn.fr\/en\/wp-json\/wp\/v2\/categories?post=4106"},{"taxonomy":"post_tag","embeddable":true,"href":"https:\/\/fdd-ihedn.fr\/en\/wp-json\/wp\/v2\/tags?post=4106"}],"curies":[{"name":"wp","href":"https:\/\/api.w.org\/{rel}","templated":true}]}}