{"id":4105,"date":"2014-03-24T11:01:19","date_gmt":"2014-03-24T10:01:19","guid":{"rendered":"https:\/\/fdd.concilium.click\/seminaire-decouverte-mardi-11-mercredi-12-et-jeudi-13-mars-2014-en-partenariat-avec-la-sncf\/"},"modified":"2024-09-24T14:04:06","modified_gmt":"2024-09-24T12:04:06","slug":"seminaire-decouverte-mardi-11-mercredi-12-et-jeudi-13-mars-2014-en-partenariat-avec-la-sncf","status":"publish","type":"post","link":"https:\/\/fdd-ihedn.fr\/en\/seminaire-decouverte-mardi-11-mercredi-12-et-jeudi-13-mars-2014-en-partenariat-avec-la-sncf\/","title":{"rendered":"[cycle D\u00e9couverte] Retour sur l&rsquo;\u00e9dition 2014"},"content":{"rendered":"<p>Sponsored for the fourth year running by the SNCF, the \u00abDiscovery\u00bb seminar took place in Paris from Tuesday 11 to Thursday 13 March.<\/p>\n<p>The aim of the seminar was to give young adults in post-baccalaureate vocational training the opportunity to find out about the world of defence and the SNCF's security-related activities. The seminar brought together 24 students aged between 18 and 24, all from vocational diplomas (BTS, DUT, licences and masters) in the Paris region.<\/p>\n<p>In particular, they were given privileged access to SNCF command posts in Paris, such as the Call Management Centre (CGA), the Operational Traffic Management Centre (COGC) and the National Safety Headquarters (PCNS).<\/p>\n<p>The group was also received in Ch\u00e2lons-en-Champagne (Marne, 51) for a visit to the 1st marine artillery regiment (1er RAMa).<\/p>\n<p>Alongside these activities, the participants were asked to reflect in committee on the concept of public service in the service of the national community. The trainees presented the fruits of their reflection during the closing afternoon at the Ecole Militaire, before the presentation of certificates by St\u00e9phane VOLANT, General Secretary of the SNCF, and Lieutenant General Jean-Marc DUQUESNE, Director of the IHEDN, in the Salon des Mar\u00e9chaux.<\/p>","protected":false},"excerpt":{"rendered":"<p>Port\u00e9 pour la quatri\u00e8me ann\u00e9e cons\u00e9cutive par le m\u00e9c\u00e9nat de la SNCF, le s\u00e9minaire \u00ab D\u00e9couverte \u00bb a eu lieu du mardi 11 au jeudi 13 mars derniers \u00e0 Paris. Avec pour objectif d\u2019offrir \u00e0 de jeunes adultes en formation professionnelle post bac l\u2019opportunit\u00e9 de d\u00e9couvrir le monde de la D\u00e9fense ainsi que les activit\u00e9s [&hellip;]<\/p>\n","protected":false},"author":1,"featured_media":4234,"comment_status":"open","ping_status":"open","sticky":false,"template":"","format":"standard","meta":{"footnotes":""},"categories":[34,449],"tags":[],"class_list":{"0":"post-4105","1":"post","2":"type-post","3":"status-publish","4":"format-standard","5":"has-post-thumbnail","7":"category-activites","8":"category-decouverte"},"yoast_head":"<!-- This site is optimized with the Yoast SEO plugin v27.4 - https:\/\/yoast.com\/product\/yoast-seo-wordpress\/ -->\n<title>[cycle D\u00e9couverte] Retour sur l&#039;\u00e9dition 2014 - Fonds de dotation de l&#039;IHEDN<\/title>\n<meta name=\"robots\" content=\"index, follow, max-snippet:-1, max-image-preview:large, max-video-preview:-1\" \/>\n<link rel=\"canonical\" href=\"https:\/\/fdd-ihedn.fr\/en\/seminaire-decouverte-mardi-11-mercredi-12-et-jeudi-13-mars-2014-en-partenariat-avec-la-sncf\/\" \/>\n<meta property=\"og:locale\" content=\"en_GB\" \/>\n<meta property=\"og:type\" content=\"article\" \/>\n<meta property=\"og:title\" content=\"[cycle D\u00e9couverte] Retour sur l&#039;\u00e9dition 2014 - Fonds de dotation de l&#039;IHEDN\" \/>\n<meta property=\"og:description\" content=\"Port\u00e9 pour la quatri\u00e8me ann\u00e9e cons\u00e9cutive par le m\u00e9c\u00e9nat de la SNCF, le s\u00e9minaire \u00ab D\u00e9couverte \u00bb a eu lieu du mardi 11 au jeudi 13 mars derniers \u00e0 Paris. Avec pour objectif d\u2019offrir \u00e0 de jeunes adultes en formation professionnelle post bac l\u2019opportunit\u00e9 de d\u00e9couvrir le monde de la D\u00e9fense ainsi que les activit\u00e9s [&hellip;]\" \/>\n<meta property=\"og:url\" content=\"https:\/\/fdd-ihedn.fr\/en\/seminaire-decouverte-mardi-11-mercredi-12-et-jeudi-13-mars-2014-en-partenariat-avec-la-sncf\/\" \/>\n<meta property=\"og:site_name\" content=\"Fonds de dotation de l&#039;IHEDN\" \/>\n<meta property=\"article:published_time\" content=\"2014-03-24T10:01:19+00:00\" \/>\n<meta property=\"article:modified_time\" content=\"2024-09-24T12:04:06+00:00\" \/>\n<meta property=\"og:image\" content=\"https:\/\/fdd-ihedn.fr\/wp-content\/uploads\/2014\/03\/Cercle-Partenaires-IHEDN-Seminaire-decouverte-2014-05-e1707212430950.jpg\" \/>\n\t<meta property=\"og:image:width\" content=\"979\" \/>\n\t<meta property=\"og:image:height\" content=\"700\" \/>\n\t<meta property=\"og:image:type\" content=\"image\/jpeg\" \/>\n<meta name=\"author\" content=\"dev\" \/>\n<meta name=\"twitter:card\" content=\"summary_large_image\" \/>\n<meta name=\"twitter:creator\" content=\"@Chaire_Ecodef\" \/>\n<meta name=\"twitter:site\" content=\"@Chaire_Ecodef\" \/>\n<meta name=\"twitter:label1\" content=\"Written by\" \/>\n\t<meta name=\"twitter:data1\" content=\"dev\" \/>\n\t<meta name=\"twitter:label2\" content=\"Estimated reading time\" \/>\n\t<meta name=\"twitter:data2\" content=\"1 minute\" \/>\n<script type=\"application\/ld+json\" class=\"yoast-schema-graph\">{\"@context\":\"https:\\\/\\\/schema.org\",\"@graph\":[{\"@type\":\"Article\",\"@id\":\"https:\\\/\\\/fdd-ihedn.fr\\\/seminaire-decouverte-mardi-11-mercredi-12-et-jeudi-13-mars-2014-en-partenariat-avec-la-sncf\\\/#article\",\"isPartOf\":{\"@id\":\"https:\\\/\\\/fdd-ihedn.fr\\\/seminaire-decouverte-mardi-11-mercredi-12-et-jeudi-13-mars-2014-en-partenariat-avec-la-sncf\\\/\"},\"author\":{\"name\":\"dev\",\"@id\":\"https:\\\/\\\/fdd-ihedn.fr\\\/#\\\/schema\\\/person\\\/9fdc5a3e2e544ff0f51c5e0732af0c12\"},\"headline\":\"[cycle D\u00e9couverte] Retour sur l&rsquo;\u00e9dition 2014\",\"datePublished\":\"2014-03-24T10:01:19+00:00\",\"dateModified\":\"2024-09-24T12:04:06+00:00\",\"mainEntityOfPage\":{\"@id\":\"https:\\\/\\\/fdd-ihedn.fr\\\/seminaire-decouverte-mardi-11-mercredi-12-et-jeudi-13-mars-2014-en-partenariat-avec-la-sncf\\\/\"},\"wordCount\":259,\"commentCount\":0,\"publisher\":{\"@id\":\"https:\\\/\\\/fdd-ihedn.fr\\\/#organization\"},\"image\":{\"@id\":\"https:\\\/\\\/fdd-ihedn.fr\\\/seminaire-decouverte-mardi-11-mercredi-12-et-jeudi-13-mars-2014-en-partenariat-avec-la-sncf\\\/#primaryimage\"},\"thumbnailUrl\":\"https:\\\/\\\/fdd-ihedn.fr\\\/wp-content\\\/uploads\\\/2014\\\/03\\\/Cercle-Partenaires-IHEDN-Seminaire-decouverte-2014-05-e1707212430950.jpg\",\"articleSection\":[\"Activit\u00e9s\",\"D\u00e9couverte\"],\"inLanguage\":\"en-GB\",\"potentialAction\":[{\"@type\":\"CommentAction\",\"name\":\"Comment\",\"target\":[\"https:\\\/\\\/fdd-ihedn.fr\\\/seminaire-decouverte-mardi-11-mercredi-12-et-jeudi-13-mars-2014-en-partenariat-avec-la-sncf\\\/#respond\"]}]},{\"@type\":\"WebPage\",\"@id\":\"https:\\\/\\\/fdd-ihedn.fr\\\/seminaire-decouverte-mardi-11-mercredi-12-et-jeudi-13-mars-2014-en-partenariat-avec-la-sncf\\\/\",\"url\":\"https:\\\/\\\/fdd-ihedn.fr\\\/seminaire-decouverte-mardi-11-mercredi-12-et-jeudi-13-mars-2014-en-partenariat-avec-la-sncf\\\/\",\"name\":\"[cycle D\u00e9couverte] Retour sur l'\u00e9dition 2014 - Fonds de dotation de l&#039;IHEDN\",\"isPartOf\":{\"@id\":\"https:\\\/\\\/fdd-ihedn.fr\\\/#website\"},\"primaryImageOfPage\":{\"@id\":\"https:\\\/\\\/fdd-ihedn.fr\\\/seminaire-decouverte-mardi-11-mercredi-12-et-jeudi-13-mars-2014-en-partenariat-avec-la-sncf\\\/#primaryimage\"},\"image\":{\"@id\":\"https:\\\/\\\/fdd-ihedn.fr\\\/seminaire-decouverte-mardi-11-mercredi-12-et-jeudi-13-mars-2014-en-partenariat-avec-la-sncf\\\/#primaryimage\"},\"thumbnailUrl\":\"https:\\\/\\\/fdd-ihedn.fr\\\/wp-content\\\/uploads\\\/2014\\\/03\\\/Cercle-Partenaires-IHEDN-Seminaire-decouverte-2014-05-e1707212430950.jpg\",\"datePublished\":\"2014-03-24T10:01:19+00:00\",\"dateModified\":\"2024-09-24T12:04:06+00:00\",\"breadcrumb\":{\"@id\":\"https:\\\/\\\/fdd-ihedn.fr\\\/seminaire-decouverte-mardi-11-mercredi-12-et-jeudi-13-mars-2014-en-partenariat-avec-la-sncf\\\/#breadcrumb\"},\"inLanguage\":\"en-GB\",\"potentialAction\":[{\"@type\":\"ReadAction\",\"target\":[\"https:\\\/\\\/fdd-ihedn.fr\\\/seminaire-decouverte-mardi-11-mercredi-12-et-jeudi-13-mars-2014-en-partenariat-avec-la-sncf\\\/\"]}]},{\"@type\":\"ImageObject\",\"inLanguage\":\"en-GB\",\"@id\":\"https:\\\/\\\/fdd-ihedn.fr\\\/seminaire-decouverte-mardi-11-mercredi-12-et-jeudi-13-mars-2014-en-partenariat-avec-la-sncf\\\/#primaryimage\",\"url\":\"https:\\\/\\\/fdd-ihedn.fr\\\/wp-content\\\/uploads\\\/2014\\\/03\\\/Cercle-Partenaires-IHEDN-Seminaire-decouverte-2014-05-e1707212430950.jpg\",\"contentUrl\":\"https:\\\/\\\/fdd-ihedn.fr\\\/wp-content\\\/uploads\\\/2014\\\/03\\\/Cercle-Partenaires-IHEDN-Seminaire-decouverte-2014-05-e1707212430950.jpg\",\"width\":979,\"height\":700},{\"@type\":\"BreadcrumbList\",\"@id\":\"https:\\\/\\\/fdd-ihedn.fr\\\/seminaire-decouverte-mardi-11-mercredi-12-et-jeudi-13-mars-2014-en-partenariat-avec-la-sncf\\\/#breadcrumb\",\"itemListElement\":[{\"@type\":\"ListItem\",\"position\":1,\"name\":\"Accueil\",\"item\":\"https:\\\/\\\/fdd-ihedn.fr\\\/\"},{\"@type\":\"ListItem\",\"position\":2,\"name\":\"[cycle D\u00e9couverte] Retour sur l&#8217;\u00e9dition 2014\"}]},{\"@type\":\"WebSite\",\"@id\":\"https:\\\/\\\/fdd-ihedn.fr\\\/#website\",\"url\":\"https:\\\/\\\/fdd-ihedn.fr\\\/\",\"name\":\"Fonds de dotation de l&#039;IHEDN\",\"description\":\"Des projets innovants d\u00e9velopp\u00e9s pour l&#039;IHEDN gr\u00e2ce au m\u00e9c\u00e9nat\",\"publisher\":{\"@id\":\"https:\\\/\\\/fdd-ihedn.fr\\\/#organization\"},\"potentialAction\":[{\"@type\":\"SearchAction\",\"target\":{\"@type\":\"EntryPoint\",\"urlTemplate\":\"https:\\\/\\\/fdd-ihedn.fr\\\/?s={search_term_string}\"},\"query-input\":{\"@type\":\"PropertyValueSpecification\",\"valueRequired\":true,\"valueName\":\"search_term_string\"}}],\"inLanguage\":\"en-GB\"},{\"@type\":\"Organization\",\"@id\":\"https:\\\/\\\/fdd-ihedn.fr\\\/#organization\",\"name\":\"Chaire \u00c9conomie de d\u00e9fense - IHEDN\",\"url\":\"https:\\\/\\\/fdd-ihedn.fr\\\/\",\"logo\":{\"@type\":\"ImageObject\",\"inLanguage\":\"en-GB\",\"@id\":\"https:\\\/\\\/fdd-ihedn.fr\\\/#\\\/schema\\\/logo\\\/image\\\/\",\"url\":\"https:\\\/\\\/fdd-ihedn.fr\\\/wp-content\\\/uploads\\\/2020\\\/04\\\/logoEcodef9.jpg\",\"contentUrl\":\"https:\\\/\\\/fdd-ihedn.fr\\\/wp-content\\\/uploads\\\/2020\\\/04\\\/logoEcodef9.jpg\",\"width\":410,\"height\":212,\"caption\":\"Chaire \u00c9conomie de d\u00e9fense - IHEDN\"},\"image\":{\"@id\":\"https:\\\/\\\/fdd-ihedn.fr\\\/#\\\/schema\\\/logo\\\/image\\\/\"},\"sameAs\":[\"https:\\\/\\\/x.com\\\/Chaire_Ecodef\",\"https:\\\/\\\/www.linkedin.com\\\/company\\\/chaire-ecodef-ihedn\\\/\"]},{\"@type\":\"Person\",\"@id\":\"https:\\\/\\\/fdd-ihedn.fr\\\/#\\\/schema\\\/person\\\/9fdc5a3e2e544ff0f51c5e0732af0c12\",\"name\":\"dev\",\"image\":{\"@type\":\"ImageObject\",\"inLanguage\":\"en-GB\",\"@id\":\"https:\\\/\\\/secure.gravatar.com\\\/avatar\\\/f1ffcac9ca2fa95ad3ec33e9be3ade82f752acb0cabe541e56c5889225afa88a?s=96&d=mm&r=g\",\"url\":\"https:\\\/\\\/secure.gravatar.com\\\/avatar\\\/f1ffcac9ca2fa95ad3ec33e9be3ade82f752acb0cabe541e56c5889225afa88a?s=96&d=mm&r=g\",\"contentUrl\":\"https:\\\/\\\/secure.gravatar.com\\\/avatar\\\/f1ffcac9ca2fa95ad3ec33e9be3ade82f752acb0cabe541e56c5889225afa88a?s=96&d=mm&r=g\",\"caption\":\"dev\"},\"url\":\"https:\\\/\\\/fdd-ihedn.fr\\\/en\\\/author\\\/dev\\\/\"}]}<\/script>\n<!-- \/ Yoast SEO plugin. -->","yoast_head_json":{"title":"[cycle D\u00e9couverte] Retour sur l'\u00e9dition 2014 - Fonds de dotation de l&#039;IHEDN","robots":{"index":"index","follow":"follow","max-snippet":"max-snippet:-1","max-image-preview":"max-image-preview:large","max-video-preview":"max-video-preview:-1"},"canonical":"https:\/\/fdd-ihedn.fr\/en\/seminaire-decouverte-mardi-11-mercredi-12-et-jeudi-13-mars-2014-en-partenariat-avec-la-sncf\/","og_locale":"en_GB","og_type":"article","og_title":"[cycle D\u00e9couverte] Retour sur l'\u00e9dition 2014 - Fonds de dotation de l&#039;IHEDN","og_description":"Port\u00e9 pour la quatri\u00e8me ann\u00e9e cons\u00e9cutive par le m\u00e9c\u00e9nat de la SNCF, le s\u00e9minaire \u00ab D\u00e9couverte \u00bb a eu lieu du mardi 11 au jeudi 13 mars derniers \u00e0 Paris. Avec pour objectif d\u2019offrir \u00e0 de jeunes adultes en formation professionnelle post bac l\u2019opportunit\u00e9 de d\u00e9couvrir le monde de la D\u00e9fense ainsi que les activit\u00e9s [&hellip;]","og_url":"https:\/\/fdd-ihedn.fr\/en\/seminaire-decouverte-mardi-11-mercredi-12-et-jeudi-13-mars-2014-en-partenariat-avec-la-sncf\/","og_site_name":"Fonds de dotation de l&#039;IHEDN","article_published_time":"2014-03-24T10:01:19+00:00","article_modified_time":"2024-09-24T12:04:06+00:00","og_image":[{"width":979,"height":700,"url":"https:\/\/fdd-ihedn.fr\/wp-content\/uploads\/2014\/03\/Cercle-Partenaires-IHEDN-Seminaire-decouverte-2014-05-e1707212430950.jpg","type":"image\/jpeg"}],"author":"dev","twitter_card":"summary_large_image","twitter_creator":"@Chaire_Ecodef","twitter_site":"@Chaire_Ecodef","twitter_misc":{"Written by":"dev","Estimated reading time":"1 minute"},"schema":{"@context":"https:\/\/schema.org","@graph":[{"@type":"Article","@id":"https:\/\/fdd-ihedn.fr\/seminaire-decouverte-mardi-11-mercredi-12-et-jeudi-13-mars-2014-en-partenariat-avec-la-sncf\/#article","isPartOf":{"@id":"https:\/\/fdd-ihedn.fr\/seminaire-decouverte-mardi-11-mercredi-12-et-jeudi-13-mars-2014-en-partenariat-avec-la-sncf\/"},"author":{"name":"dev","@id":"https:\/\/fdd-ihedn.fr\/#\/schema\/person\/9fdc5a3e2e544ff0f51c5e0732af0c12"},"headline":"[cycle D\u00e9couverte] Retour sur l&rsquo;\u00e9dition 2014","datePublished":"2014-03-24T10:01:19+00:00","dateModified":"2024-09-24T12:04:06+00:00","mainEntityOfPage":{"@id":"https:\/\/fdd-ihedn.fr\/seminaire-decouverte-mardi-11-mercredi-12-et-jeudi-13-mars-2014-en-partenariat-avec-la-sncf\/"},"wordCount":259,"commentCount":0,"publisher":{"@id":"https:\/\/fdd-ihedn.fr\/#organization"},"image":{"@id":"https:\/\/fdd-ihedn.fr\/seminaire-decouverte-mardi-11-mercredi-12-et-jeudi-13-mars-2014-en-partenariat-avec-la-sncf\/#primaryimage"},"thumbnailUrl":"https:\/\/fdd-ihedn.fr\/wp-content\/uploads\/2014\/03\/Cercle-Partenaires-IHEDN-Seminaire-decouverte-2014-05-e1707212430950.jpg","articleSection":["Activit\u00e9s","D\u00e9couverte"],"inLanguage":"en-GB","potentialAction":[{"@type":"CommentAction","name":"Comment","target":["https:\/\/fdd-ihedn.fr\/seminaire-decouverte-mardi-11-mercredi-12-et-jeudi-13-mars-2014-en-partenariat-avec-la-sncf\/#respond"]}]},{"@type":"WebPage","@id":"https:\/\/fdd-ihedn.fr\/seminaire-decouverte-mardi-11-mercredi-12-et-jeudi-13-mars-2014-en-partenariat-avec-la-sncf\/","url":"https:\/\/fdd-ihedn.fr\/seminaire-decouverte-mardi-11-mercredi-12-et-jeudi-13-mars-2014-en-partenariat-avec-la-sncf\/","name":"[cycle D\u00e9couverte] Retour sur l'\u00e9dition 2014 - Fonds de dotation de l&#039;IHEDN","isPartOf":{"@id":"https:\/\/fdd-ihedn.fr\/#website"},"primaryImageOfPage":{"@id":"https:\/\/fdd-ihedn.fr\/seminaire-decouverte-mardi-11-mercredi-12-et-jeudi-13-mars-2014-en-partenariat-avec-la-sncf\/#primaryimage"},"image":{"@id":"https:\/\/fdd-ihedn.fr\/seminaire-decouverte-mardi-11-mercredi-12-et-jeudi-13-mars-2014-en-partenariat-avec-la-sncf\/#primaryimage"},"thumbnailUrl":"https:\/\/fdd-ihedn.fr\/wp-content\/uploads\/2014\/03\/Cercle-Partenaires-IHEDN-Seminaire-decouverte-2014-05-e1707212430950.jpg","datePublished":"2014-03-24T10:01:19+00:00","dateModified":"2024-09-24T12:04:06+00:00","breadcrumb":{"@id":"https:\/\/fdd-ihedn.fr\/seminaire-decouverte-mardi-11-mercredi-12-et-jeudi-13-mars-2014-en-partenariat-avec-la-sncf\/#breadcrumb"},"inLanguage":"en-GB","potentialAction":[{"@type":"ReadAction","target":["https:\/\/fdd-ihedn.fr\/seminaire-decouverte-mardi-11-mercredi-12-et-jeudi-13-mars-2014-en-partenariat-avec-la-sncf\/"]}]},{"@type":"ImageObject","inLanguage":"en-GB","@id":"https:\/\/fdd-ihedn.fr\/seminaire-decouverte-mardi-11-mercredi-12-et-jeudi-13-mars-2014-en-partenariat-avec-la-sncf\/#primaryimage","url":"https:\/\/fdd-ihedn.fr\/wp-content\/uploads\/2014\/03\/Cercle-Partenaires-IHEDN-Seminaire-decouverte-2014-05-e1707212430950.jpg","contentUrl":"https:\/\/fdd-ihedn.fr\/wp-content\/uploads\/2014\/03\/Cercle-Partenaires-IHEDN-Seminaire-decouverte-2014-05-e1707212430950.jpg","width":979,"height":700},{"@type":"BreadcrumbList","@id":"https:\/\/fdd-ihedn.fr\/seminaire-decouverte-mardi-11-mercredi-12-et-jeudi-13-mars-2014-en-partenariat-avec-la-sncf\/#breadcrumb","itemListElement":[{"@type":"ListItem","position":1,"name":"Accueil","item":"https:\/\/fdd-ihedn.fr\/"},{"@type":"ListItem","position":2,"name":"[cycle D\u00e9couverte] Retour sur l&#8217;\u00e9dition 2014"}]},{"@type":"WebSite","@id":"https:\/\/fdd-ihedn.fr\/#website","url":"https:\/\/fdd-ihedn.fr\/","name":"IHEDN Endowment Fund","description":"Innovative projects developed for IHEDN thanks to sponsorship","publisher":{"@id":"https:\/\/fdd-ihedn.fr\/#organization"},"potentialAction":[{"@type":"SearchAction","target":{"@type":"EntryPoint","urlTemplate":"https:\/\/fdd-ihedn.fr\/?s={search_term_string}"},"query-input":{"@type":"PropertyValueSpecification","valueRequired":true,"valueName":"search_term_string"}}],"inLanguage":"en-GB"},{"@type":"Organization","@id":"https:\/\/fdd-ihedn.fr\/#organization","name":"Chair in Defence Economics - IHEDN","url":"https:\/\/fdd-ihedn.fr\/","logo":{"@type":"ImageObject","inLanguage":"en-GB","@id":"https:\/\/fdd-ihedn.fr\/#\/schema\/logo\/image\/","url":"https:\/\/fdd-ihedn.fr\/wp-content\/uploads\/2020\/04\/logoEcodef9.jpg","contentUrl":"https:\/\/fdd-ihedn.fr\/wp-content\/uploads\/2020\/04\/logoEcodef9.jpg","width":410,"height":212,"caption":"Chaire \u00c9conomie de d\u00e9fense - IHEDN"},"image":{"@id":"https:\/\/fdd-ihedn.fr\/#\/schema\/logo\/image\/"},"sameAs":["https:\/\/x.com\/Chaire_Ecodef","https:\/\/www.linkedin.com\/company\/chaire-ecodef-ihedn\/"]},{"@type":"Person","@id":"https:\/\/fdd-ihedn.fr\/#\/schema\/person\/9fdc5a3e2e544ff0f51c5e0732af0c12","name":"dev","image":{"@type":"ImageObject","inLanguage":"en-GB","@id":"https:\/\/secure.gravatar.com\/avatar\/f1ffcac9ca2fa95ad3ec33e9be3ade82f752acb0cabe541e56c5889225afa88a?s=96&d=mm&r=g","url":"https:\/\/secure.gravatar.com\/avatar\/f1ffcac9ca2fa95ad3ec33e9be3ade82f752acb0cabe541e56c5889225afa88a?s=96&d=mm&r=g","contentUrl":"https:\/\/secure.gravatar.com\/avatar\/f1ffcac9ca2fa95ad3ec33e9be3ade82f752acb0cabe541e56c5889225afa88a?s=96&d=mm&r=g","caption":"dev"},"url":"https:\/\/fdd-ihedn.fr\/en\/author\/dev\/"}]}},"_links":{"self":[{"href":"https:\/\/fdd-ihedn.fr\/en\/wp-json\/wp\/v2\/posts\/4105","targetHints":{"allow":["GET"]}}],"collection":[{"href":"https:\/\/fdd-ihedn.fr\/en\/wp-json\/wp\/v2\/posts"}],"about":[{"href":"https:\/\/fdd-ihedn.fr\/en\/wp-json\/wp\/v2\/types\/post"}],"author":[{"embeddable":true,"href":"https:\/\/fdd-ihedn.fr\/en\/wp-json\/wp\/v2\/users\/1"}],"replies":[{"embeddable":true,"href":"https:\/\/fdd-ihedn.fr\/en\/wp-json\/wp\/v2\/comments?post=4105"}],"version-history":[{"count":7,"href":"https:\/\/fdd-ihedn.fr\/en\/wp-json\/wp\/v2\/posts\/4105\/revisions"}],"predecessor-version":[{"id":5680,"href":"https:\/\/fdd-ihedn.fr\/en\/wp-json\/wp\/v2\/posts\/4105\/revisions\/5680"}],"wp:featuredmedia":[{"embeddable":true,"href":"https:\/\/fdd-ihedn.fr\/en\/wp-json\/wp\/v2\/media\/4234"}],"wp:attachment":[{"href":"https:\/\/fdd-ihedn.fr\/en\/wp-json\/wp\/v2\/media?parent=4105"}],"wp:term":[{"taxonomy":"category","embeddable":true,"href":"https:\/\/fdd-ihedn.fr\/en\/wp-json\/wp\/v2\/categories?post=4105"},{"taxonomy":"post_tag","embeddable":true,"href":"https:\/\/fdd-ihedn.fr\/en\/wp-json\/wp\/v2\/tags?post=4105"}],"curies":[{"name":"wp","href":"https:\/\/api.w.org\/{rel}","templated":true}]}}