{"id":4104,"date":"2013-11-29T11:20:40","date_gmt":"2013-11-29T10:20:40","guid":{"rendered":"https:\/\/fdd.concilium.click\/cloture-du-seminaire-cohesion-nationale-citoyennete-de-lyon-en-partenariat-avec-lafarge-edf\/"},"modified":"2022-02-04T14:27:58","modified_gmt":"2022-02-04T13:27:58","slug":"cloture-du-seminaire-cohesion-nationale-citoyennete-de-lyon-en-partenariat-avec-lafarge-edf","status":"publish","type":"post","link":"https:\/\/fdd-ihedn.fr\/en\/cloture-du-seminaire-cohesion-nationale-citoyennete-de-lyon-en-partenariat-avec-lafarge-edf\/","title":{"rendered":"[CNC] Cl\u00f4ture du s\u00e9minaire \u00ab\u00a0Coh\u00e9sion nationale et citoyennet\u00e9\u00a0\u00bb de Lyon, en partenariat avec Lafarge et EDF."},"content":{"rendered":"<p>La cinqui\u00e8me session du s\u00e9minaire \u00ab\u00a0Coh\u00e9sion nationale et citoyennet\u00e9\u00a0\u00bb s&rsquo;est tenue \u00e0 Lyon pendant cinq journ\u00e9es r\u00e9parties entre le 11 octobre et le 29 novembre.<\/p>\n<p>Organis\u00e9 gr\u00e2ce aux m\u00e9c\u00e9nats de Lafarge et d\u2019EDF, ce s\u00e9minaire a rassembl\u00e9 21 stagiaires issus des milieux militaire, institutionnel, scolaire et associatif de la r\u00e9gion lyonnaise, autour du th\u00e8me de \u00ab\u00a0l\u2019engagement de la jeunesse\u00a0\u00bb.<\/p>\n<p>Les participants, tous ayant un r\u00f4le de relais aupr\u00e8s de jeunes expos\u00e9s au risque de marginalisation, ont constitu\u00e9 deux comit\u00e9s appel\u00e9s \u00e0 mener une r\u00e9flexion sur les questions de citoyennet\u00e9, d\u2019insertion et d\u2019int\u00e9gration. Confront\u00e9s \u00e0 des probl\u00e9matiques locales similaires et forts de la diversit\u00e9 de leurs parcours, ils ont ainsi eu l\u2019occasion de mettre en perspective leurs approches pour accompagner les jeunes en difficult\u00e9.<\/p>\n<p>Leur r\u00e9flexion a \u00e9t\u00e9 aliment\u00e9e par une s\u00e9rie de conf\u00e9rences. Les sujets suivants ont ainsi \u00e9t\u00e9 abord\u00e9s :<br \/>\n\u2022 \u00ab\u00a0Que reste-t-il de la citoyennet\u00e9 antique ?\u00a0\u00bb, par Madame Claudia MOATTI, professeur d\u2019histoire romaine \u00e0 l\u2019universit\u00e9 Paris 8 ;<br \/>\n\u2022 \u00ab\u00a0La citoyennet\u00e9 2.0\u00a0\u00bb, par Monsieur St\u00e9phane GRUMBACH, directeur de recherche \u00e0 l\u2019Institut de recherche en informatique et en automatique (INRA) ;<br \/>\n\u2022 \u00ab\u00a0La France, son \u00e9cole et son arm\u00e9e\u00a0\u00bb, par Monsieur Tristan LECOQ, inspecteur g\u00e9n\u00e9ral de l\u2019Education nationale ;<br \/>\n\u2022 \u00ab\u00a0Les freins potentiels \u00e0 l\u2019engagement des jeunes\u00a0\u00bb, par Monsieur Fabien LAFAY, directeur du p\u00f4le universitaire de proximit\u00e9 de l\u2019universit\u00e9 Jean Moulin Lyon 3 ;<br \/>\n\u2022 \u00ab\u00a0La perception de la d\u00e9fense par les jeunes\u00a0\u00bb, par Madame Corine BOUTEILLE, responsable de l\u2019esprit de d\u00e9fense et de s\u00e9curit\u00e9, au service du Haut fonctionnaire de d\u00e9fense et de s\u00e9curit\u00e9 (HFDS) au minist\u00e8re de l\u2019Education nationale ;<br \/>\n\u2022 \u00ab\u00a0L\u2019arm\u00e9e facteur de coh\u00e9sion nationale\u00a0\u00bb, par le g\u00e9n\u00e9ral Benoit ROYAL, commandant l\u2019\u00e9cole d\u2019artillerie de Draguignan, ancien sous-directeur recrutement de l\u2019arm\u00e9e de terre.<\/p>\n<p>La visite du centre EPIDE (Etablissement public d&rsquo;insertion de la D\u00e9fense) de Lyon-Meyzieu est venue compl\u00e9ter le programme de ce s\u00e9minaire.<\/p>\n<p>Lors de la derni\u00e8re journ\u00e9e, le 29 novembre, les participants ont pr\u00e9sent\u00e9, devant un auditoire compos\u00e9 de repr\u00e9sentants des autorit\u00e9s locales, les recommandations issues de leurs travaux, visant \u00e0 renforcer le sentiment de citoyennet\u00e9 chez les jeunes.<\/p>\n<p>Guy RUPIED, pr\u00e9sident du Conseil d\u2019administration du Cercle des partenaires de l\u2019IHEDN, a ensuite prononc\u00e9 le discours de cl\u00f4ture de cette session lyonnaise avant de remettre aux stagiaires une attestation pour leur participation.<\/p>","protected":false},"excerpt":{"rendered":"<p>La cinqui\u00e8me session du s\u00e9minaire \u00ab\u00a0Coh\u00e9sion nationale et citoyennet\u00e9\u00a0\u00bb s&rsquo;est tenue \u00e0 Lyon pendant cinq journ\u00e9es r\u00e9parties entre le 11 octobre et le 29 novembre. Organis\u00e9 gr\u00e2ce aux m\u00e9c\u00e9nats de Lafarge et d\u2019EDF, ce s\u00e9minaire a rassembl\u00e9 21 stagiaires issus des milieux militaire, institutionnel, scolaire et associatif de la r\u00e9gion lyonnaise, autour du th\u00e8me de [&hellip;]<\/p>\n","protected":false},"author":1,"featured_media":564,"comment_status":"open","ping_status":"open","sticky":false,"template":"","format":"standard","meta":{"footnotes":""},"categories":[34,450],"tags":[],"class_list":{"0":"post-4104","1":"post","2":"type-post","3":"status-publish","4":"format-standard","5":"has-post-thumbnail","7":"category-activites","8":"category-cnc"},"yoast_head":"<!-- This site is optimized with the Yoast SEO plugin v27.4 - https:\/\/yoast.com\/product\/yoast-seo-wordpress\/ -->\n<title>[CNC] Cl\u00f4ture du s\u00e9minaire &quot;Coh\u00e9sion nationale et citoyennet\u00e9&quot; de Lyon, en partenariat avec Lafarge et EDF. - Fonds de dotation de l&#039;IHEDN<\/title>\n<meta name=\"robots\" content=\"index, follow, max-snippet:-1, max-image-preview:large, max-video-preview:-1\" \/>\n<link rel=\"canonical\" href=\"https:\/\/fdd-ihedn.fr\/en\/cloture-du-seminaire-cohesion-nationale-citoyennete-de-lyon-en-partenariat-avec-lafarge-edf\/\" \/>\n<meta property=\"og:locale\" content=\"en_GB\" \/>\n<meta property=\"og:type\" content=\"article\" \/>\n<meta property=\"og:title\" content=\"[CNC] Cl\u00f4ture du s\u00e9minaire &quot;Coh\u00e9sion nationale et citoyennet\u00e9&quot; de Lyon, en partenariat avec Lafarge et EDF. - Fonds de dotation de l&#039;IHEDN\" \/>\n<meta property=\"og:description\" content=\"La cinqui\u00e8me session du s\u00e9minaire \u00ab\u00a0Coh\u00e9sion nationale et citoyennet\u00e9\u00a0\u00bb s&rsquo;est tenue \u00e0 Lyon pendant cinq journ\u00e9es r\u00e9parties entre le 11 octobre et le 29 novembre. Organis\u00e9 gr\u00e2ce aux m\u00e9c\u00e9nats de Lafarge et d\u2019EDF, ce s\u00e9minaire a rassembl\u00e9 21 stagiaires issus des milieux militaire, institutionnel, scolaire et associatif de la r\u00e9gion lyonnaise, autour du th\u00e8me de [&hellip;]\" \/>\n<meta property=\"og:url\" content=\"https:\/\/fdd-ihedn.fr\/en\/cloture-du-seminaire-cohesion-nationale-citoyennete-de-lyon-en-partenariat-avec-lafarge-edf\/\" \/>\n<meta property=\"og:site_name\" content=\"Fonds de dotation de l&#039;IHEDN\" \/>\n<meta property=\"article:published_time\" content=\"2013-11-29T10:20:40+00:00\" \/>\n<meta property=\"article:modified_time\" content=\"2022-02-04T13:27:58+00:00\" \/>\n<meta name=\"author\" content=\"dev\" \/>\n<meta name=\"twitter:card\" content=\"summary_large_image\" \/>\n<meta name=\"twitter:creator\" content=\"@Chaire_Ecodef\" \/>\n<meta name=\"twitter:site\" content=\"@Chaire_Ecodef\" \/>\n<meta name=\"twitter:label1\" content=\"Written by\" \/>\n\t<meta name=\"twitter:data1\" content=\"dev\" \/>\n\t<meta name=\"twitter:label2\" content=\"Estimated reading time\" \/>\n\t<meta name=\"twitter:data2\" content=\"2 minutes\" \/>\n<script type=\"application\/ld+json\" class=\"yoast-schema-graph\">{\"@context\":\"https:\\\/\\\/schema.org\",\"@graph\":[{\"@type\":\"Article\",\"@id\":\"https:\\\/\\\/fdd-ihedn.fr\\\/cloture-du-seminaire-cohesion-nationale-citoyennete-de-lyon-en-partenariat-avec-lafarge-edf\\\/#article\",\"isPartOf\":{\"@id\":\"https:\\\/\\\/fdd-ihedn.fr\\\/cloture-du-seminaire-cohesion-nationale-citoyennete-de-lyon-en-partenariat-avec-lafarge-edf\\\/\"},\"author\":{\"name\":\"dev\",\"@id\":\"https:\\\/\\\/fdd-ihedn.fr\\\/#\\\/schema\\\/person\\\/9fdc5a3e2e544ff0f51c5e0732af0c12\"},\"headline\":\"[CNC] Cl\u00f4ture du s\u00e9minaire \u00ab\u00a0Coh\u00e9sion nationale et citoyennet\u00e9\u00a0\u00bb de Lyon, en partenariat avec Lafarge et EDF.\",\"datePublished\":\"2013-11-29T10:20:40+00:00\",\"dateModified\":\"2022-02-04T13:27:58+00:00\",\"mainEntityOfPage\":{\"@id\":\"https:\\\/\\\/fdd-ihedn.fr\\\/cloture-du-seminaire-cohesion-nationale-citoyennete-de-lyon-en-partenariat-avec-lafarge-edf\\\/\"},\"wordCount\":442,\"commentCount\":0,\"publisher\":{\"@id\":\"https:\\\/\\\/fdd-ihedn.fr\\\/#organization\"},\"image\":{\"@id\":\"https:\\\/\\\/fdd-ihedn.fr\\\/cloture-du-seminaire-cohesion-nationale-citoyennete-de-lyon-en-partenariat-avec-lafarge-edf\\\/#primaryimage\"},\"thumbnailUrl\":\"\",\"articleSection\":[\"Activit\u00e9s\",\"CNC\"],\"inLanguage\":\"en-GB\",\"potentialAction\":[{\"@type\":\"CommentAction\",\"name\":\"Comment\",\"target\":[\"https:\\\/\\\/fdd-ihedn.fr\\\/cloture-du-seminaire-cohesion-nationale-citoyennete-de-lyon-en-partenariat-avec-lafarge-edf\\\/#respond\"]}]},{\"@type\":\"WebPage\",\"@id\":\"https:\\\/\\\/fdd-ihedn.fr\\\/cloture-du-seminaire-cohesion-nationale-citoyennete-de-lyon-en-partenariat-avec-lafarge-edf\\\/\",\"url\":\"https:\\\/\\\/fdd-ihedn.fr\\\/cloture-du-seminaire-cohesion-nationale-citoyennete-de-lyon-en-partenariat-avec-lafarge-edf\\\/\",\"name\":\"[CNC] Cl\u00f4ture du s\u00e9minaire \\\"Coh\u00e9sion nationale et citoyennet\u00e9\\\" de Lyon, en partenariat avec Lafarge et EDF. - Fonds de dotation de l&#039;IHEDN\",\"isPartOf\":{\"@id\":\"https:\\\/\\\/fdd-ihedn.fr\\\/#website\"},\"primaryImageOfPage\":{\"@id\":\"https:\\\/\\\/fdd-ihedn.fr\\\/cloture-du-seminaire-cohesion-nationale-citoyennete-de-lyon-en-partenariat-avec-lafarge-edf\\\/#primaryimage\"},\"image\":{\"@id\":\"https:\\\/\\\/fdd-ihedn.fr\\\/cloture-du-seminaire-cohesion-nationale-citoyennete-de-lyon-en-partenariat-avec-lafarge-edf\\\/#primaryimage\"},\"thumbnailUrl\":\"\",\"datePublished\":\"2013-11-29T10:20:40+00:00\",\"dateModified\":\"2022-02-04T13:27:58+00:00\",\"breadcrumb\":{\"@id\":\"https:\\\/\\\/fdd-ihedn.fr\\\/cloture-du-seminaire-cohesion-nationale-citoyennete-de-lyon-en-partenariat-avec-lafarge-edf\\\/#breadcrumb\"},\"inLanguage\":\"en-GB\",\"potentialAction\":[{\"@type\":\"ReadAction\",\"target\":[\"https:\\\/\\\/fdd-ihedn.fr\\\/cloture-du-seminaire-cohesion-nationale-citoyennete-de-lyon-en-partenariat-avec-lafarge-edf\\\/\"]}]},{\"@type\":\"ImageObject\",\"inLanguage\":\"en-GB\",\"@id\":\"https:\\\/\\\/fdd-ihedn.fr\\\/cloture-du-seminaire-cohesion-nationale-citoyennete-de-lyon-en-partenariat-avec-lafarge-edf\\\/#primaryimage\",\"url\":\"\",\"contentUrl\":\"\"},{\"@type\":\"BreadcrumbList\",\"@id\":\"https:\\\/\\\/fdd-ihedn.fr\\\/cloture-du-seminaire-cohesion-nationale-citoyennete-de-lyon-en-partenariat-avec-lafarge-edf\\\/#breadcrumb\",\"itemListElement\":[{\"@type\":\"ListItem\",\"position\":1,\"name\":\"Accueil\",\"item\":\"https:\\\/\\\/fdd-ihedn.fr\\\/\"},{\"@type\":\"ListItem\",\"position\":2,\"name\":\"[CNC] Cl\u00f4ture du s\u00e9minaire &#8220;Coh\u00e9sion nationale et citoyennet\u00e9&#8221; de Lyon, en partenariat avec Lafarge et EDF.\"}]},{\"@type\":\"WebSite\",\"@id\":\"https:\\\/\\\/fdd-ihedn.fr\\\/#website\",\"url\":\"https:\\\/\\\/fdd-ihedn.fr\\\/\",\"name\":\"Fonds de dotation de l&#039;IHEDN\",\"description\":\"Des projets innovants d\u00e9velopp\u00e9s pour l&#039;IHEDN gr\u00e2ce au m\u00e9c\u00e9nat\",\"publisher\":{\"@id\":\"https:\\\/\\\/fdd-ihedn.fr\\\/#organization\"},\"potentialAction\":[{\"@type\":\"SearchAction\",\"target\":{\"@type\":\"EntryPoint\",\"urlTemplate\":\"https:\\\/\\\/fdd-ihedn.fr\\\/?s={search_term_string}\"},\"query-input\":{\"@type\":\"PropertyValueSpecification\",\"valueRequired\":true,\"valueName\":\"search_term_string\"}}],\"inLanguage\":\"en-GB\"},{\"@type\":\"Organization\",\"@id\":\"https:\\\/\\\/fdd-ihedn.fr\\\/#organization\",\"name\":\"Chaire \u00c9conomie de d\u00e9fense - IHEDN\",\"url\":\"https:\\\/\\\/fdd-ihedn.fr\\\/\",\"logo\":{\"@type\":\"ImageObject\",\"inLanguage\":\"en-GB\",\"@id\":\"https:\\\/\\\/fdd-ihedn.fr\\\/#\\\/schema\\\/logo\\\/image\\\/\",\"url\":\"https:\\\/\\\/fdd-ihedn.fr\\\/wp-content\\\/uploads\\\/2020\\\/04\\\/logoEcodef9.jpg\",\"contentUrl\":\"https:\\\/\\\/fdd-ihedn.fr\\\/wp-content\\\/uploads\\\/2020\\\/04\\\/logoEcodef9.jpg\",\"width\":410,\"height\":212,\"caption\":\"Chaire \u00c9conomie de d\u00e9fense - IHEDN\"},\"image\":{\"@id\":\"https:\\\/\\\/fdd-ihedn.fr\\\/#\\\/schema\\\/logo\\\/image\\\/\"},\"sameAs\":[\"https:\\\/\\\/x.com\\\/Chaire_Ecodef\",\"https:\\\/\\\/www.linkedin.com\\\/company\\\/chaire-ecodef-ihedn\\\/\"]},{\"@type\":\"Person\",\"@id\":\"https:\\\/\\\/fdd-ihedn.fr\\\/#\\\/schema\\\/person\\\/9fdc5a3e2e544ff0f51c5e0732af0c12\",\"name\":\"dev\",\"image\":{\"@type\":\"ImageObject\",\"inLanguage\":\"en-GB\",\"@id\":\"https:\\\/\\\/secure.gravatar.com\\\/avatar\\\/f1ffcac9ca2fa95ad3ec33e9be3ade82f752acb0cabe541e56c5889225afa88a?s=96&d=mm&r=g\",\"url\":\"https:\\\/\\\/secure.gravatar.com\\\/avatar\\\/f1ffcac9ca2fa95ad3ec33e9be3ade82f752acb0cabe541e56c5889225afa88a?s=96&d=mm&r=g\",\"contentUrl\":\"https:\\\/\\\/secure.gravatar.com\\\/avatar\\\/f1ffcac9ca2fa95ad3ec33e9be3ade82f752acb0cabe541e56c5889225afa88a?s=96&d=mm&r=g\",\"caption\":\"dev\"},\"url\":\"https:\\\/\\\/fdd-ihedn.fr\\\/en\\\/author\\\/dev\\\/\"}]}<\/script>\n<!-- \/ Yoast SEO plugin. -->","yoast_head_json":{"title":"[CNC] Cl\u00f4ture du s\u00e9minaire \"Coh\u00e9sion nationale et citoyennet\u00e9\" de Lyon, en partenariat avec Lafarge et EDF. - Fonds de dotation de l&#039;IHEDN","robots":{"index":"index","follow":"follow","max-snippet":"max-snippet:-1","max-image-preview":"max-image-preview:large","max-video-preview":"max-video-preview:-1"},"canonical":"https:\/\/fdd-ihedn.fr\/en\/cloture-du-seminaire-cohesion-nationale-citoyennete-de-lyon-en-partenariat-avec-lafarge-edf\/","og_locale":"en_GB","og_type":"article","og_title":"[CNC] Cl\u00f4ture du s\u00e9minaire \"Coh\u00e9sion nationale et citoyennet\u00e9\" de Lyon, en partenariat avec Lafarge et EDF. - Fonds de dotation de l&#039;IHEDN","og_description":"La cinqui\u00e8me session du s\u00e9minaire \u00ab\u00a0Coh\u00e9sion nationale et citoyennet\u00e9\u00a0\u00bb s&rsquo;est tenue \u00e0 Lyon pendant cinq journ\u00e9es r\u00e9parties entre le 11 octobre et le 29 novembre. Organis\u00e9 gr\u00e2ce aux m\u00e9c\u00e9nats de Lafarge et d\u2019EDF, ce s\u00e9minaire a rassembl\u00e9 21 stagiaires issus des milieux militaire, institutionnel, scolaire et associatif de la r\u00e9gion lyonnaise, autour du th\u00e8me de [&hellip;]","og_url":"https:\/\/fdd-ihedn.fr\/en\/cloture-du-seminaire-cohesion-nationale-citoyennete-de-lyon-en-partenariat-avec-lafarge-edf\/","og_site_name":"Fonds de dotation de l&#039;IHEDN","article_published_time":"2013-11-29T10:20:40+00:00","article_modified_time":"2022-02-04T13:27:58+00:00","author":"dev","twitter_card":"summary_large_image","twitter_creator":"@Chaire_Ecodef","twitter_site":"@Chaire_Ecodef","twitter_misc":{"Written by":"dev","Estimated reading time":"2 minutes"},"schema":{"@context":"https:\/\/schema.org","@graph":[{"@type":"Article","@id":"https:\/\/fdd-ihedn.fr\/cloture-du-seminaire-cohesion-nationale-citoyennete-de-lyon-en-partenariat-avec-lafarge-edf\/#article","isPartOf":{"@id":"https:\/\/fdd-ihedn.fr\/cloture-du-seminaire-cohesion-nationale-citoyennete-de-lyon-en-partenariat-avec-lafarge-edf\/"},"author":{"name":"dev","@id":"https:\/\/fdd-ihedn.fr\/#\/schema\/person\/9fdc5a3e2e544ff0f51c5e0732af0c12"},"headline":"[CNC] Cl\u00f4ture du s\u00e9minaire \u00ab\u00a0Coh\u00e9sion nationale et citoyennet\u00e9\u00a0\u00bb de Lyon, en partenariat avec Lafarge et EDF.","datePublished":"2013-11-29T10:20:40+00:00","dateModified":"2022-02-04T13:27:58+00:00","mainEntityOfPage":{"@id":"https:\/\/fdd-ihedn.fr\/cloture-du-seminaire-cohesion-nationale-citoyennete-de-lyon-en-partenariat-avec-lafarge-edf\/"},"wordCount":442,"commentCount":0,"publisher":{"@id":"https:\/\/fdd-ihedn.fr\/#organization"},"image":{"@id":"https:\/\/fdd-ihedn.fr\/cloture-du-seminaire-cohesion-nationale-citoyennete-de-lyon-en-partenariat-avec-lafarge-edf\/#primaryimage"},"thumbnailUrl":"","articleSection":["Activit\u00e9s","CNC"],"inLanguage":"en-GB","potentialAction":[{"@type":"CommentAction","name":"Comment","target":["https:\/\/fdd-ihedn.fr\/cloture-du-seminaire-cohesion-nationale-citoyennete-de-lyon-en-partenariat-avec-lafarge-edf\/#respond"]}]},{"@type":"WebPage","@id":"https:\/\/fdd-ihedn.fr\/cloture-du-seminaire-cohesion-nationale-citoyennete-de-lyon-en-partenariat-avec-lafarge-edf\/","url":"https:\/\/fdd-ihedn.fr\/cloture-du-seminaire-cohesion-nationale-citoyennete-de-lyon-en-partenariat-avec-lafarge-edf\/","name":"[CNC] Cl\u00f4ture du s\u00e9minaire \"Coh\u00e9sion nationale et citoyennet\u00e9\" de Lyon, en partenariat avec Lafarge et EDF. - Fonds de dotation de l&#039;IHEDN","isPartOf":{"@id":"https:\/\/fdd-ihedn.fr\/#website"},"primaryImageOfPage":{"@id":"https:\/\/fdd-ihedn.fr\/cloture-du-seminaire-cohesion-nationale-citoyennete-de-lyon-en-partenariat-avec-lafarge-edf\/#primaryimage"},"image":{"@id":"https:\/\/fdd-ihedn.fr\/cloture-du-seminaire-cohesion-nationale-citoyennete-de-lyon-en-partenariat-avec-lafarge-edf\/#primaryimage"},"thumbnailUrl":"","datePublished":"2013-11-29T10:20:40+00:00","dateModified":"2022-02-04T13:27:58+00:00","breadcrumb":{"@id":"https:\/\/fdd-ihedn.fr\/cloture-du-seminaire-cohesion-nationale-citoyennete-de-lyon-en-partenariat-avec-lafarge-edf\/#breadcrumb"},"inLanguage":"en-GB","potentialAction":[{"@type":"ReadAction","target":["https:\/\/fdd-ihedn.fr\/cloture-du-seminaire-cohesion-nationale-citoyennete-de-lyon-en-partenariat-avec-lafarge-edf\/"]}]},{"@type":"ImageObject","inLanguage":"en-GB","@id":"https:\/\/fdd-ihedn.fr\/cloture-du-seminaire-cohesion-nationale-citoyennete-de-lyon-en-partenariat-avec-lafarge-edf\/#primaryimage","url":"","contentUrl":""},{"@type":"BreadcrumbList","@id":"https:\/\/fdd-ihedn.fr\/cloture-du-seminaire-cohesion-nationale-citoyennete-de-lyon-en-partenariat-avec-lafarge-edf\/#breadcrumb","itemListElement":[{"@type":"ListItem","position":1,"name":"Accueil","item":"https:\/\/fdd-ihedn.fr\/"},{"@type":"ListItem","position":2,"name":"[CNC] Cl\u00f4ture du s\u00e9minaire &#8220;Coh\u00e9sion nationale et citoyennet\u00e9&#8221; de Lyon, en partenariat avec Lafarge et EDF."}]},{"@type":"WebSite","@id":"https:\/\/fdd-ihedn.fr\/#website","url":"https:\/\/fdd-ihedn.fr\/","name":"IHEDN Endowment Fund","description":"Innovative projects developed for IHEDN thanks to sponsorship","publisher":{"@id":"https:\/\/fdd-ihedn.fr\/#organization"},"potentialAction":[{"@type":"SearchAction","target":{"@type":"EntryPoint","urlTemplate":"https:\/\/fdd-ihedn.fr\/?s={search_term_string}"},"query-input":{"@type":"PropertyValueSpecification","valueRequired":true,"valueName":"search_term_string"}}],"inLanguage":"en-GB"},{"@type":"Organization","@id":"https:\/\/fdd-ihedn.fr\/#organization","name":"Chair in Defence Economics - IHEDN","url":"https:\/\/fdd-ihedn.fr\/","logo":{"@type":"ImageObject","inLanguage":"en-GB","@id":"https:\/\/fdd-ihedn.fr\/#\/schema\/logo\/image\/","url":"https:\/\/fdd-ihedn.fr\/wp-content\/uploads\/2020\/04\/logoEcodef9.jpg","contentUrl":"https:\/\/fdd-ihedn.fr\/wp-content\/uploads\/2020\/04\/logoEcodef9.jpg","width":410,"height":212,"caption":"Chaire \u00c9conomie de d\u00e9fense - IHEDN"},"image":{"@id":"https:\/\/fdd-ihedn.fr\/#\/schema\/logo\/image\/"},"sameAs":["https:\/\/x.com\/Chaire_Ecodef","https:\/\/www.linkedin.com\/company\/chaire-ecodef-ihedn\/"]},{"@type":"Person","@id":"https:\/\/fdd-ihedn.fr\/#\/schema\/person\/9fdc5a3e2e544ff0f51c5e0732af0c12","name":"dev","image":{"@type":"ImageObject","inLanguage":"en-GB","@id":"https:\/\/secure.gravatar.com\/avatar\/f1ffcac9ca2fa95ad3ec33e9be3ade82f752acb0cabe541e56c5889225afa88a?s=96&d=mm&r=g","url":"https:\/\/secure.gravatar.com\/avatar\/f1ffcac9ca2fa95ad3ec33e9be3ade82f752acb0cabe541e56c5889225afa88a?s=96&d=mm&r=g","contentUrl":"https:\/\/secure.gravatar.com\/avatar\/f1ffcac9ca2fa95ad3ec33e9be3ade82f752acb0cabe541e56c5889225afa88a?s=96&d=mm&r=g","caption":"dev"},"url":"https:\/\/fdd-ihedn.fr\/en\/author\/dev\/"}]}},"_links":{"self":[{"href":"https:\/\/fdd-ihedn.fr\/en\/wp-json\/wp\/v2\/posts\/4104","targetHints":{"allow":["GET"]}}],"collection":[{"href":"https:\/\/fdd-ihedn.fr\/en\/wp-json\/wp\/v2\/posts"}],"about":[{"href":"https:\/\/fdd-ihedn.fr\/en\/wp-json\/wp\/v2\/types\/post"}],"author":[{"embeddable":true,"href":"https:\/\/fdd-ihedn.fr\/en\/wp-json\/wp\/v2\/users\/1"}],"replies":[{"embeddable":true,"href":"https:\/\/fdd-ihedn.fr\/en\/wp-json\/wp\/v2\/comments?post=4104"}],"version-history":[{"count":2,"href":"https:\/\/fdd-ihedn.fr\/en\/wp-json\/wp\/v2\/posts\/4104\/revisions"}],"predecessor-version":[{"id":4977,"href":"https:\/\/fdd-ihedn.fr\/en\/wp-json\/wp\/v2\/posts\/4104\/revisions\/4977"}],"wp:featuredmedia":[{"embeddable":true,"href":"https:\/\/fdd-ihedn.fr\/en\/wp-json\/"}],"wp:attachment":[{"href":"https:\/\/fdd-ihedn.fr\/en\/wp-json\/wp\/v2\/media?parent=4104"}],"wp:term":[{"taxonomy":"category","embeddable":true,"href":"https:\/\/fdd-ihedn.fr\/en\/wp-json\/wp\/v2\/categories?post=4104"},{"taxonomy":"post_tag","embeddable":true,"href":"https:\/\/fdd-ihedn.fr\/en\/wp-json\/wp\/v2\/tags?post=4104"}],"curies":[{"name":"wp","href":"https:\/\/api.w.org\/{rel}","templated":true}]}}