{"id":4103,"date":"2014-01-13T22:07:20","date_gmt":"2014-01-13T21:07:20","guid":{"rendered":"https:\/\/fdd.concilium.click\/lecon-inaugurale-de-la-chaire-economie-de-defense\/"},"modified":"2024-09-24T14:04:13","modified_gmt":"2024-09-24T12:04:13","slug":"lecon-inaugurale-de-la-chaire-economie-de-defense","status":"publish","type":"post","link":"https:\/\/fdd-ihedn.fr\/en\/lecon-inaugurale-de-la-chaire-economie-de-defense\/","title":{"rendered":"[chaire ECODEF] Vid\u00e9o de la le\u00e7on inaugurale de la Chaire"},"content":{"rendered":"<p>Vendredi s&rsquo;est tenue la le\u00e7on inaugurale de M.Jean BELIN, ma\u00eetre de conf\u00e9rences en \u00e9conomie \u00e0 l&rsquo;universit\u00e9 Bordeaux 4 et titulaire de la Chaire \u00c9conomie de d\u00e9fense \u00e0 l&rsquo;amphith\u00e9atre Foch. Le GCA Duquesne, directeur de l&rsquo;IHEDN et de l&rsquo;EMS, M. Guy RUPIED, pr\u00e9sident du conseil d&rsquo;administration du Cercle des partenaires de l&rsquo;IHDEN, M.le le professeur Christian de BOISSIEU, professeur d&rsquo;\u00e9conomie \u00e0 Paris I Panth\u00e9on Sorbonne ont pris la parole avant le titulaire de la Chaire.<br \/>\nL&rsquo;IGA Robert RANQUET, directeur adjoint de l&rsquo;IHEDN a r\u00e9pondu avec Christian de BOISSIEU et Jean BELIN aux questions des auditeurs \u00e0 l&rsquo;issue de la le\u00e7on.<\/p>\n<p>Les auditeurs des sessions nationales de l&rsquo;IHEDN ainsi que les repr\u00e9sentants des entreprises m\u00e9c\u00e8nes, du Minist\u00e8re de la d\u00e9fense et de nombreux autres invit\u00e9s \u00e9taient pr\u00e9sents.<\/p>\n<p><strong>1\u00e8re partie :<\/strong><br \/>\n<div style=\"width: 640px;\" class=\"wp-video\"><video class=\"wp-video-shortcode\" id=\"video-4103-1\" width=\"640\" height=\"372\" preload=\"metadata\" controls=\"controls\"><source type=\"video\/mp4\" src=\"https:\/\/fdd-ihedn.fr\/wp-content\/uploads\/2014\/01\/IHEDN_10JANV_CHAIRE-partie1.mp4?_=1\" \/><a href=\"https:\/\/fdd-ihedn.fr\/wp-content\/uploads\/2014\/01\/IHEDN_10JANV_CHAIRE-partie1.mp4\">https:\/\/fdd-ihedn.fr\/wp-content\/uploads\/2014\/01\/IHEDN_10JANV_CHAIRE-partie1.mp4<\/a><\/video><\/div><br \/>\n<strong>2\u00e8me partie :<\/strong><\/p>\n<div style=\"width: 640px;\" class=\"wp-video\"><video class=\"wp-video-shortcode\" id=\"video-4103-2\" width=\"640\" height=\"372\" preload=\"metadata\" controls=\"controls\"><source type=\"video\/mp4\" src=\"https:\/\/fdd-ihedn.fr\/wp-content\/uploads\/2014\/01\/IHEDN_10JANV_CHAIRE-partie21.mp4?_=2\" \/><a href=\"https:\/\/fdd-ihedn.fr\/wp-content\/uploads\/2014\/01\/IHEDN_10JANV_CHAIRE-partie21.mp4\">https:\/\/fdd-ihedn.fr\/wp-content\/uploads\/2014\/01\/IHEDN_10JANV_CHAIRE-partie21.mp4<\/a><\/video><\/div>","protected":false},"excerpt":{"rendered":"<p>Vendredi s&rsquo;est tenue la le\u00e7on inaugurale de M.Jean BELIN, ma\u00eetre de conf\u00e9rences en \u00e9conomie \u00e0 l&rsquo;universit\u00e9 Bordeaux 4 et titulaire de la Chaire \u00c9conomie de d\u00e9fense \u00e0 l&rsquo;amphith\u00e9atre Foch. Le GCA Duquesne, directeur de l&rsquo;IHEDN et de l&rsquo;EMS, M. Guy RUPIED, pr\u00e9sident du conseil d&rsquo;administration du Cercle des partenaires de l&rsquo;IHDEN, M.le le professeur Christian [&hellip;]<\/p>\n","protected":false},"author":1,"featured_media":4236,"comment_status":"open","ping_status":"open","sticky":false,"template":"","format":"standard","meta":{"footnotes":""},"categories":[34,438],"tags":[],"class_list":{"0":"post-4103","1":"post","2":"type-post","3":"status-publish","4":"format-standard","5":"has-post-thumbnail","7":"category-activites","8":"category-chaire-economie-de-defense"},"yoast_head":"<!-- This site is optimized with the Yoast SEO plugin v27.4 - https:\/\/yoast.com\/product\/yoast-seo-wordpress\/ -->\n<title>[chaire ECODEF] Vid\u00e9o de la le\u00e7on inaugurale de la Chaire - Fonds de dotation de l&#039;IHEDN<\/title>\n<meta name=\"robots\" content=\"index, follow, max-snippet:-1, max-image-preview:large, max-video-preview:-1\" \/>\n<link rel=\"canonical\" href=\"https:\/\/fdd-ihedn.fr\/en\/lecon-inaugurale-de-la-chaire-economie-de-defense\/\" \/>\n<meta property=\"og:locale\" content=\"en_GB\" \/>\n<meta property=\"og:type\" content=\"article\" \/>\n<meta property=\"og:title\" content=\"[chaire ECODEF] Vid\u00e9o de la le\u00e7on inaugurale de la Chaire - Fonds de dotation de l&#039;IHEDN\" \/>\n<meta property=\"og:description\" content=\"Vendredi s&rsquo;est tenue la le\u00e7on inaugurale de M.Jean BELIN, ma\u00eetre de conf\u00e9rences en \u00e9conomie \u00e0 l&rsquo;universit\u00e9 Bordeaux 4 et titulaire de la Chaire \u00c9conomie de d\u00e9fense \u00e0 l&rsquo;amphith\u00e9atre Foch. Le GCA Duquesne, directeur de l&rsquo;IHEDN et de l&rsquo;EMS, M. Guy RUPIED, pr\u00e9sident du conseil d&rsquo;administration du Cercle des partenaires de l&rsquo;IHDEN, M.le le professeur Christian [&hellip;]\" \/>\n<meta property=\"og:url\" content=\"https:\/\/fdd-ihedn.fr\/en\/lecon-inaugurale-de-la-chaire-economie-de-defense\/\" \/>\n<meta property=\"og:site_name\" content=\"Fonds de dotation de l&#039;IHEDN\" \/>\n<meta property=\"article:published_time\" content=\"2014-01-13T21:07:20+00:00\" \/>\n<meta property=\"article:modified_time\" content=\"2024-09-24T12:04:13+00:00\" \/>\n<meta property=\"og:image\" content=\"https:\/\/fdd-ihedn.fr\/wp-content\/uploads\/2014\/01\/Cercle-des-partenaires-IHEDN-Jean-Belin-9.jpg\" \/>\n\t<meta property=\"og:image:width\" content=\"1100\" \/>\n\t<meta property=\"og:image:height\" content=\"733\" \/>\n\t<meta property=\"og:image:type\" content=\"image\/jpeg\" \/>\n<meta name=\"author\" content=\"dev\" \/>\n<meta name=\"twitter:card\" content=\"summary_large_image\" \/>\n<meta name=\"twitter:creator\" content=\"@Chaire_Ecodef\" \/>\n<meta name=\"twitter:site\" content=\"@Chaire_Ecodef\" \/>\n<meta name=\"twitter:label1\" content=\"Written by\" \/>\n\t<meta name=\"twitter:data1\" content=\"dev\" \/>\n\t<meta name=\"twitter:label2\" content=\"Estimated reading time\" \/>\n\t<meta name=\"twitter:data2\" content=\"1 minute\" \/>\n<script type=\"application\/ld+json\" class=\"yoast-schema-graph\">{\"@context\":\"https:\\\/\\\/schema.org\",\"@graph\":[{\"@type\":\"Article\",\"@id\":\"https:\\\/\\\/fdd-ihedn.fr\\\/lecon-inaugurale-de-la-chaire-economie-de-defense\\\/#article\",\"isPartOf\":{\"@id\":\"https:\\\/\\\/fdd-ihedn.fr\\\/lecon-inaugurale-de-la-chaire-economie-de-defense\\\/\"},\"author\":{\"name\":\"dev\",\"@id\":\"https:\\\/\\\/fdd-ihedn.fr\\\/#\\\/schema\\\/person\\\/9fdc5a3e2e544ff0f51c5e0732af0c12\"},\"headline\":\"[chaire ECODEF] Vid\u00e9o de la le\u00e7on inaugurale de la Chaire\",\"datePublished\":\"2014-01-13T21:07:20+00:00\",\"dateModified\":\"2024-09-24T12:04:13+00:00\",\"mainEntityOfPage\":{\"@id\":\"https:\\\/\\\/fdd-ihedn.fr\\\/lecon-inaugurale-de-la-chaire-economie-de-defense\\\/\"},\"wordCount\":194,\"commentCount\":0,\"publisher\":{\"@id\":\"https:\\\/\\\/fdd-ihedn.fr\\\/#organization\"},\"image\":{\"@id\":\"https:\\\/\\\/fdd-ihedn.fr\\\/lecon-inaugurale-de-la-chaire-economie-de-defense\\\/#primaryimage\"},\"thumbnailUrl\":\"https:\\\/\\\/fdd-ihedn.fr\\\/wp-content\\\/uploads\\\/2014\\\/01\\\/Cercle-des-partenaires-IHEDN-Jean-Belin-9.jpg\",\"articleSection\":[\"Activit\u00e9s\",\"Chaire \u00c9conomie de d\u00e9fense\"],\"inLanguage\":\"en-GB\",\"potentialAction\":[{\"@type\":\"CommentAction\",\"name\":\"Comment\",\"target\":[\"https:\\\/\\\/fdd-ihedn.fr\\\/lecon-inaugurale-de-la-chaire-economie-de-defense\\\/#respond\"]}]},{\"@type\":\"WebPage\",\"@id\":\"https:\\\/\\\/fdd-ihedn.fr\\\/lecon-inaugurale-de-la-chaire-economie-de-defense\\\/\",\"url\":\"https:\\\/\\\/fdd-ihedn.fr\\\/lecon-inaugurale-de-la-chaire-economie-de-defense\\\/\",\"name\":\"[chaire ECODEF] Vid\u00e9o de la le\u00e7on inaugurale de la Chaire - Fonds de dotation de l&#039;IHEDN\",\"isPartOf\":{\"@id\":\"https:\\\/\\\/fdd-ihedn.fr\\\/#website\"},\"primaryImageOfPage\":{\"@id\":\"https:\\\/\\\/fdd-ihedn.fr\\\/lecon-inaugurale-de-la-chaire-economie-de-defense\\\/#primaryimage\"},\"image\":{\"@id\":\"https:\\\/\\\/fdd-ihedn.fr\\\/lecon-inaugurale-de-la-chaire-economie-de-defense\\\/#primaryimage\"},\"thumbnailUrl\":\"https:\\\/\\\/fdd-ihedn.fr\\\/wp-content\\\/uploads\\\/2014\\\/01\\\/Cercle-des-partenaires-IHEDN-Jean-Belin-9.jpg\",\"datePublished\":\"2014-01-13T21:07:20+00:00\",\"dateModified\":\"2024-09-24T12:04:13+00:00\",\"breadcrumb\":{\"@id\":\"https:\\\/\\\/fdd-ihedn.fr\\\/lecon-inaugurale-de-la-chaire-economie-de-defense\\\/#breadcrumb\"},\"inLanguage\":\"en-GB\",\"potentialAction\":[{\"@type\":\"ReadAction\",\"target\":[\"https:\\\/\\\/fdd-ihedn.fr\\\/lecon-inaugurale-de-la-chaire-economie-de-defense\\\/\"]}]},{\"@type\":\"ImageObject\",\"inLanguage\":\"en-GB\",\"@id\":\"https:\\\/\\\/fdd-ihedn.fr\\\/lecon-inaugurale-de-la-chaire-economie-de-defense\\\/#primaryimage\",\"url\":\"https:\\\/\\\/fdd-ihedn.fr\\\/wp-content\\\/uploads\\\/2014\\\/01\\\/Cercle-des-partenaires-IHEDN-Jean-Belin-9.jpg\",\"contentUrl\":\"https:\\\/\\\/fdd-ihedn.fr\\\/wp-content\\\/uploads\\\/2014\\\/01\\\/Cercle-des-partenaires-IHEDN-Jean-Belin-9.jpg\",\"width\":1100,\"height\":733},{\"@type\":\"BreadcrumbList\",\"@id\":\"https:\\\/\\\/fdd-ihedn.fr\\\/lecon-inaugurale-de-la-chaire-economie-de-defense\\\/#breadcrumb\",\"itemListElement\":[{\"@type\":\"ListItem\",\"position\":1,\"name\":\"Accueil\",\"item\":\"https:\\\/\\\/fdd-ihedn.fr\\\/\"},{\"@type\":\"ListItem\",\"position\":2,\"name\":\"[chaire ECODEF] Vid\u00e9o de la le\u00e7on inaugurale de la Chaire\"}]},{\"@type\":\"WebSite\",\"@id\":\"https:\\\/\\\/fdd-ihedn.fr\\\/#website\",\"url\":\"https:\\\/\\\/fdd-ihedn.fr\\\/\",\"name\":\"Fonds de dotation de l&#039;IHEDN\",\"description\":\"Des projets innovants d\u00e9velopp\u00e9s pour l&#039;IHEDN gr\u00e2ce au m\u00e9c\u00e9nat\",\"publisher\":{\"@id\":\"https:\\\/\\\/fdd-ihedn.fr\\\/#organization\"},\"potentialAction\":[{\"@type\":\"SearchAction\",\"target\":{\"@type\":\"EntryPoint\",\"urlTemplate\":\"https:\\\/\\\/fdd-ihedn.fr\\\/?s={search_term_string}\"},\"query-input\":{\"@type\":\"PropertyValueSpecification\",\"valueRequired\":true,\"valueName\":\"search_term_string\"}}],\"inLanguage\":\"en-GB\"},{\"@type\":\"Organization\",\"@id\":\"https:\\\/\\\/fdd-ihedn.fr\\\/#organization\",\"name\":\"Chaire \u00c9conomie de d\u00e9fense - IHEDN\",\"url\":\"https:\\\/\\\/fdd-ihedn.fr\\\/\",\"logo\":{\"@type\":\"ImageObject\",\"inLanguage\":\"en-GB\",\"@id\":\"https:\\\/\\\/fdd-ihedn.fr\\\/#\\\/schema\\\/logo\\\/image\\\/\",\"url\":\"https:\\\/\\\/fdd-ihedn.fr\\\/wp-content\\\/uploads\\\/2020\\\/04\\\/logoEcodef9.jpg\",\"contentUrl\":\"https:\\\/\\\/fdd-ihedn.fr\\\/wp-content\\\/uploads\\\/2020\\\/04\\\/logoEcodef9.jpg\",\"width\":410,\"height\":212,\"caption\":\"Chaire \u00c9conomie de d\u00e9fense - IHEDN\"},\"image\":{\"@id\":\"https:\\\/\\\/fdd-ihedn.fr\\\/#\\\/schema\\\/logo\\\/image\\\/\"},\"sameAs\":[\"https:\\\/\\\/x.com\\\/Chaire_Ecodef\",\"https:\\\/\\\/www.linkedin.com\\\/company\\\/chaire-ecodef-ihedn\\\/\"]},{\"@type\":\"Person\",\"@id\":\"https:\\\/\\\/fdd-ihedn.fr\\\/#\\\/schema\\\/person\\\/9fdc5a3e2e544ff0f51c5e0732af0c12\",\"name\":\"dev\",\"image\":{\"@type\":\"ImageObject\",\"inLanguage\":\"en-GB\",\"@id\":\"https:\\\/\\\/secure.gravatar.com\\\/avatar\\\/f1ffcac9ca2fa95ad3ec33e9be3ade82f752acb0cabe541e56c5889225afa88a?s=96&d=mm&r=g\",\"url\":\"https:\\\/\\\/secure.gravatar.com\\\/avatar\\\/f1ffcac9ca2fa95ad3ec33e9be3ade82f752acb0cabe541e56c5889225afa88a?s=96&d=mm&r=g\",\"contentUrl\":\"https:\\\/\\\/secure.gravatar.com\\\/avatar\\\/f1ffcac9ca2fa95ad3ec33e9be3ade82f752acb0cabe541e56c5889225afa88a?s=96&d=mm&r=g\",\"caption\":\"dev\"},\"url\":\"https:\\\/\\\/fdd-ihedn.fr\\\/en\\\/author\\\/dev\\\/\"}]}<\/script>\n<!-- \/ Yoast SEO plugin. -->","yoast_head_json":{"title":"[chaire ECODEF] Vid\u00e9o de la le\u00e7on inaugurale de la Chaire - Fonds de dotation de l&#039;IHEDN","robots":{"index":"index","follow":"follow","max-snippet":"max-snippet:-1","max-image-preview":"max-image-preview:large","max-video-preview":"max-video-preview:-1"},"canonical":"https:\/\/fdd-ihedn.fr\/en\/lecon-inaugurale-de-la-chaire-economie-de-defense\/","og_locale":"en_GB","og_type":"article","og_title":"[chaire ECODEF] Vid\u00e9o de la le\u00e7on inaugurale de la Chaire - Fonds de dotation de l&#039;IHEDN","og_description":"Vendredi s&rsquo;est tenue la le\u00e7on inaugurale de M.Jean BELIN, ma\u00eetre de conf\u00e9rences en \u00e9conomie \u00e0 l&rsquo;universit\u00e9 Bordeaux 4 et titulaire de la Chaire \u00c9conomie de d\u00e9fense \u00e0 l&rsquo;amphith\u00e9atre Foch. Le GCA Duquesne, directeur de l&rsquo;IHEDN et de l&rsquo;EMS, M. Guy RUPIED, pr\u00e9sident du conseil d&rsquo;administration du Cercle des partenaires de l&rsquo;IHDEN, M.le le professeur Christian [&hellip;]","og_url":"https:\/\/fdd-ihedn.fr\/en\/lecon-inaugurale-de-la-chaire-economie-de-defense\/","og_site_name":"Fonds de dotation de l&#039;IHEDN","article_published_time":"2014-01-13T21:07:20+00:00","article_modified_time":"2024-09-24T12:04:13+00:00","og_image":[{"width":1100,"height":733,"url":"https:\/\/fdd-ihedn.fr\/wp-content\/uploads\/2014\/01\/Cercle-des-partenaires-IHEDN-Jean-Belin-9.jpg","type":"image\/jpeg"}],"author":"dev","twitter_card":"summary_large_image","twitter_creator":"@Chaire_Ecodef","twitter_site":"@Chaire_Ecodef","twitter_misc":{"Written by":"dev","Estimated reading time":"1 minute"},"schema":{"@context":"https:\/\/schema.org","@graph":[{"@type":"Article","@id":"https:\/\/fdd-ihedn.fr\/lecon-inaugurale-de-la-chaire-economie-de-defense\/#article","isPartOf":{"@id":"https:\/\/fdd-ihedn.fr\/lecon-inaugurale-de-la-chaire-economie-de-defense\/"},"author":{"name":"dev","@id":"https:\/\/fdd-ihedn.fr\/#\/schema\/person\/9fdc5a3e2e544ff0f51c5e0732af0c12"},"headline":"[chaire ECODEF] Vid\u00e9o de la le\u00e7on inaugurale de la Chaire","datePublished":"2014-01-13T21:07:20+00:00","dateModified":"2024-09-24T12:04:13+00:00","mainEntityOfPage":{"@id":"https:\/\/fdd-ihedn.fr\/lecon-inaugurale-de-la-chaire-economie-de-defense\/"},"wordCount":194,"commentCount":0,"publisher":{"@id":"https:\/\/fdd-ihedn.fr\/#organization"},"image":{"@id":"https:\/\/fdd-ihedn.fr\/lecon-inaugurale-de-la-chaire-economie-de-defense\/#primaryimage"},"thumbnailUrl":"https:\/\/fdd-ihedn.fr\/wp-content\/uploads\/2014\/01\/Cercle-des-partenaires-IHEDN-Jean-Belin-9.jpg","articleSection":["Activit\u00e9s","Chaire \u00c9conomie de d\u00e9fense"],"inLanguage":"en-GB","potentialAction":[{"@type":"CommentAction","name":"Comment","target":["https:\/\/fdd-ihedn.fr\/lecon-inaugurale-de-la-chaire-economie-de-defense\/#respond"]}]},{"@type":"WebPage","@id":"https:\/\/fdd-ihedn.fr\/lecon-inaugurale-de-la-chaire-economie-de-defense\/","url":"https:\/\/fdd-ihedn.fr\/lecon-inaugurale-de-la-chaire-economie-de-defense\/","name":"[chaire ECODEF] Vid\u00e9o de la le\u00e7on inaugurale de la Chaire - Fonds de dotation de l&#039;IHEDN","isPartOf":{"@id":"https:\/\/fdd-ihedn.fr\/#website"},"primaryImageOfPage":{"@id":"https:\/\/fdd-ihedn.fr\/lecon-inaugurale-de-la-chaire-economie-de-defense\/#primaryimage"},"image":{"@id":"https:\/\/fdd-ihedn.fr\/lecon-inaugurale-de-la-chaire-economie-de-defense\/#primaryimage"},"thumbnailUrl":"https:\/\/fdd-ihedn.fr\/wp-content\/uploads\/2014\/01\/Cercle-des-partenaires-IHEDN-Jean-Belin-9.jpg","datePublished":"2014-01-13T21:07:20+00:00","dateModified":"2024-09-24T12:04:13+00:00","breadcrumb":{"@id":"https:\/\/fdd-ihedn.fr\/lecon-inaugurale-de-la-chaire-economie-de-defense\/#breadcrumb"},"inLanguage":"en-GB","potentialAction":[{"@type":"ReadAction","target":["https:\/\/fdd-ihedn.fr\/lecon-inaugurale-de-la-chaire-economie-de-defense\/"]}]},{"@type":"ImageObject","inLanguage":"en-GB","@id":"https:\/\/fdd-ihedn.fr\/lecon-inaugurale-de-la-chaire-economie-de-defense\/#primaryimage","url":"https:\/\/fdd-ihedn.fr\/wp-content\/uploads\/2014\/01\/Cercle-des-partenaires-IHEDN-Jean-Belin-9.jpg","contentUrl":"https:\/\/fdd-ihedn.fr\/wp-content\/uploads\/2014\/01\/Cercle-des-partenaires-IHEDN-Jean-Belin-9.jpg","width":1100,"height":733},{"@type":"BreadcrumbList","@id":"https:\/\/fdd-ihedn.fr\/lecon-inaugurale-de-la-chaire-economie-de-defense\/#breadcrumb","itemListElement":[{"@type":"ListItem","position":1,"name":"Accueil","item":"https:\/\/fdd-ihedn.fr\/"},{"@type":"ListItem","position":2,"name":"[chaire ECODEF] Vid\u00e9o de la le\u00e7on inaugurale de la Chaire"}]},{"@type":"WebSite","@id":"https:\/\/fdd-ihedn.fr\/#website","url":"https:\/\/fdd-ihedn.fr\/","name":"IHEDN Endowment Fund","description":"Innovative projects developed for IHEDN thanks to sponsorship","publisher":{"@id":"https:\/\/fdd-ihedn.fr\/#organization"},"potentialAction":[{"@type":"SearchAction","target":{"@type":"EntryPoint","urlTemplate":"https:\/\/fdd-ihedn.fr\/?s={search_term_string}"},"query-input":{"@type":"PropertyValueSpecification","valueRequired":true,"valueName":"search_term_string"}}],"inLanguage":"en-GB"},{"@type":"Organization","@id":"https:\/\/fdd-ihedn.fr\/#organization","name":"Chair in Defence Economics - IHEDN","url":"https:\/\/fdd-ihedn.fr\/","logo":{"@type":"ImageObject","inLanguage":"en-GB","@id":"https:\/\/fdd-ihedn.fr\/#\/schema\/logo\/image\/","url":"https:\/\/fdd-ihedn.fr\/wp-content\/uploads\/2020\/04\/logoEcodef9.jpg","contentUrl":"https:\/\/fdd-ihedn.fr\/wp-content\/uploads\/2020\/04\/logoEcodef9.jpg","width":410,"height":212,"caption":"Chaire \u00c9conomie de d\u00e9fense - IHEDN"},"image":{"@id":"https:\/\/fdd-ihedn.fr\/#\/schema\/logo\/image\/"},"sameAs":["https:\/\/x.com\/Chaire_Ecodef","https:\/\/www.linkedin.com\/company\/chaire-ecodef-ihedn\/"]},{"@type":"Person","@id":"https:\/\/fdd-ihedn.fr\/#\/schema\/person\/9fdc5a3e2e544ff0f51c5e0732af0c12","name":"dev","image":{"@type":"ImageObject","inLanguage":"en-GB","@id":"https:\/\/secure.gravatar.com\/avatar\/f1ffcac9ca2fa95ad3ec33e9be3ade82f752acb0cabe541e56c5889225afa88a?s=96&d=mm&r=g","url":"https:\/\/secure.gravatar.com\/avatar\/f1ffcac9ca2fa95ad3ec33e9be3ade82f752acb0cabe541e56c5889225afa88a?s=96&d=mm&r=g","contentUrl":"https:\/\/secure.gravatar.com\/avatar\/f1ffcac9ca2fa95ad3ec33e9be3ade82f752acb0cabe541e56c5889225afa88a?s=96&d=mm&r=g","caption":"dev"},"url":"https:\/\/fdd-ihedn.fr\/en\/author\/dev\/"}]}},"_links":{"self":[{"href":"https:\/\/fdd-ihedn.fr\/en\/wp-json\/wp\/v2\/posts\/4103","targetHints":{"allow":["GET"]}}],"collection":[{"href":"https:\/\/fdd-ihedn.fr\/en\/wp-json\/wp\/v2\/posts"}],"about":[{"href":"https:\/\/fdd-ihedn.fr\/en\/wp-json\/wp\/v2\/types\/post"}],"author":[{"embeddable":true,"href":"https:\/\/fdd-ihedn.fr\/en\/wp-json\/wp\/v2\/users\/1"}],"replies":[{"embeddable":true,"href":"https:\/\/fdd-ihedn.fr\/en\/wp-json\/wp\/v2\/comments?post=4103"}],"version-history":[{"count":4,"href":"https:\/\/fdd-ihedn.fr\/en\/wp-json\/wp\/v2\/posts\/4103\/revisions"}],"predecessor-version":[{"id":5681,"href":"https:\/\/fdd-ihedn.fr\/en\/wp-json\/wp\/v2\/posts\/4103\/revisions\/5681"}],"wp:featuredmedia":[{"embeddable":true,"href":"https:\/\/fdd-ihedn.fr\/en\/wp-json\/wp\/v2\/media\/4236"}],"wp:attachment":[{"href":"https:\/\/fdd-ihedn.fr\/en\/wp-json\/wp\/v2\/media?parent=4103"}],"wp:term":[{"taxonomy":"category","embeddable":true,"href":"https:\/\/fdd-ihedn.fr\/en\/wp-json\/wp\/v2\/categories?post=4103"},{"taxonomy":"post_tag","embeddable":true,"href":"https:\/\/fdd-ihedn.fr\/en\/wp-json\/wp\/v2\/tags?post=4103"}],"curies":[{"name":"wp","href":"https:\/\/api.w.org\/{rel}","templated":true}]}}