{"id":4101,"date":"2013-10-11T20:01:39","date_gmt":"2013-10-11T18:01:39","guid":{"rendered":"https:\/\/fdd.concilium.click\/seminaire-cnc-lyon-claudia-moatti-professeur-dhistoire-romaine-paris-8-intervenue-theme-reste-t-il-du-citoyen-romain\/"},"modified":"2022-02-04T14:27:46","modified_gmt":"2022-02-04T13:27:46","slug":"seminaire-cnc-lyon-claudia-moatti-professeur-dhistoire-romaine-paris-8-intervenue-theme-reste-t-il-du-citoyen-romain","status":"publish","type":"post","link":"https:\/\/fdd-ihedn.fr\/en\/seminaire-cnc-lyon-claudia-moatti-professeur-dhistoire-romaine-paris-8-intervenue-theme-reste-t-il-du-citoyen-romain\/","title":{"rendered":"[CNC] S\u00e9minaire CNC Lyon, Claudia Moatti, professeur d&rsquo;Histoire romaine \u00e0 Paris 8, est intervenue sur le th\u00e8me \u00ab\u00a0Que reste-t-il du citoyen romain?\u00a0\u00bb"},"content":{"rendered":"<p>Revenant ainsi \u00e0 la source de notre citoyennet\u00e9, les auditeurs du CNC ont commenc\u00e9 la session par un expos\u00e9 qui a pu nourrir leur r\u00e9flexion.<\/p>","protected":false},"excerpt":{"rendered":"<p>Revenant ainsi \u00e0 la source de notre citoyennet\u00e9, les auditeurs du CNC ont commenc\u00e9 la session par un expos\u00e9 qui a pu nourrir leur r\u00e9flexion.<\/p>","protected":false},"author":1,"featured_media":4237,"comment_status":"open","ping_status":"open","sticky":false,"template":"","format":"standard","meta":{"footnotes":""},"categories":[34,450],"tags":[],"class_list":{"0":"post-4101","1":"post","2":"type-post","3":"status-publish","4":"format-standard","5":"has-post-thumbnail","7":"category-activites","8":"category-cnc"},"yoast_head":"<!-- This site is optimized with the Yoast SEO plugin v27.4 - https:\/\/yoast.com\/product\/yoast-seo-wordpress\/ -->\n<title>[CNC] S\u00e9minaire CNC Lyon, Claudia Moatti, professeur d&#039;Histoire romaine \u00e0 Paris 8, est intervenue sur le th\u00e8me &quot;Que reste-t-il du citoyen romain?&quot; - Fonds de dotation de l&#039;IHEDN<\/title>\n<meta name=\"robots\" content=\"index, follow, max-snippet:-1, max-image-preview:large, max-video-preview:-1\" \/>\n<link rel=\"canonical\" href=\"https:\/\/fdd-ihedn.fr\/en\/seminaire-cnc-lyon-claudia-moatti-professeur-dhistoire-romaine-paris-8-intervenue-theme-reste-t-il-du-citoyen-romain\/\" \/>\n<meta property=\"og:locale\" content=\"en_GB\" \/>\n<meta property=\"og:type\" content=\"article\" \/>\n<meta property=\"og:title\" content=\"[CNC] S\u00e9minaire CNC Lyon, Claudia Moatti, professeur d&#039;Histoire romaine \u00e0 Paris 8, est intervenue sur le th\u00e8me &quot;Que reste-t-il du citoyen romain?&quot; - Fonds de dotation de l&#039;IHEDN\" \/>\n<meta property=\"og:description\" content=\"Revenant ainsi \u00e0 la source de notre citoyennet\u00e9, les auditeurs du CNC ont commenc\u00e9 la session par un expos\u00e9 qui a pu nourrir leur r\u00e9flexion.\" \/>\n<meta property=\"og:url\" content=\"https:\/\/fdd-ihedn.fr\/en\/seminaire-cnc-lyon-claudia-moatti-professeur-dhistoire-romaine-paris-8-intervenue-theme-reste-t-il-du-citoyen-romain\/\" \/>\n<meta property=\"og:site_name\" content=\"Fonds de dotation de l&#039;IHEDN\" \/>\n<meta property=\"article:published_time\" content=\"2013-10-11T18:01:39+00:00\" \/>\n<meta property=\"article:modified_time\" content=\"2022-02-04T13:27:46+00:00\" \/>\n<meta property=\"og:image\" content=\"https:\/\/fdd-ihedn.fr\/wp-content\/uploads\/2013\/10\/CNC-5-Lyon-Claudia-Moatti-e1382472566909-1024x764-1.jpeg\" \/>\n\t<meta property=\"og:image:width\" content=\"1024\" \/>\n\t<meta property=\"og:image:height\" content=\"764\" \/>\n\t<meta property=\"og:image:type\" content=\"image\/jpeg\" \/>\n<meta name=\"author\" content=\"dev\" \/>\n<meta name=\"twitter:card\" content=\"summary_large_image\" \/>\n<meta name=\"twitter:creator\" content=\"@Chaire_Ecodef\" \/>\n<meta name=\"twitter:site\" content=\"@Chaire_Ecodef\" \/>\n<meta name=\"twitter:label1\" content=\"Written by\" \/>\n\t<meta name=\"twitter:data1\" content=\"dev\" \/>\n<script type=\"application\/ld+json\" class=\"yoast-schema-graph\">{\"@context\":\"https:\\\/\\\/schema.org\",\"@graph\":[{\"@type\":\"Article\",\"@id\":\"https:\\\/\\\/fdd-ihedn.fr\\\/seminaire-cnc-lyon-claudia-moatti-professeur-dhistoire-romaine-paris-8-intervenue-theme-reste-t-il-du-citoyen-romain\\\/#article\",\"isPartOf\":{\"@id\":\"https:\\\/\\\/fdd-ihedn.fr\\\/seminaire-cnc-lyon-claudia-moatti-professeur-dhistoire-romaine-paris-8-intervenue-theme-reste-t-il-du-citoyen-romain\\\/\"},\"author\":{\"name\":\"dev\",\"@id\":\"https:\\\/\\\/fdd-ihedn.fr\\\/#\\\/schema\\\/person\\\/9fdc5a3e2e544ff0f51c5e0732af0c12\"},\"headline\":\"[CNC] S\u00e9minaire CNC Lyon, Claudia Moatti, professeur d&rsquo;Histoire romaine \u00e0 Paris 8, est intervenue sur le th\u00e8me \u00ab\u00a0Que reste-t-il du citoyen romain?\u00a0\u00bb\",\"datePublished\":\"2013-10-11T18:01:39+00:00\",\"dateModified\":\"2022-02-04T13:27:46+00:00\",\"mainEntityOfPage\":{\"@id\":\"https:\\\/\\\/fdd-ihedn.fr\\\/seminaire-cnc-lyon-claudia-moatti-professeur-dhistoire-romaine-paris-8-intervenue-theme-reste-t-il-du-citoyen-romain\\\/\"},\"wordCount\":48,\"commentCount\":0,\"publisher\":{\"@id\":\"https:\\\/\\\/fdd-ihedn.fr\\\/#organization\"},\"image\":{\"@id\":\"https:\\\/\\\/fdd-ihedn.fr\\\/seminaire-cnc-lyon-claudia-moatti-professeur-dhistoire-romaine-paris-8-intervenue-theme-reste-t-il-du-citoyen-romain\\\/#primaryimage\"},\"thumbnailUrl\":\"https:\\\/\\\/fdd-ihedn.fr\\\/wp-content\\\/uploads\\\/2013\\\/10\\\/CNC-5-Lyon-Claudia-Moatti-e1382472566909-1024x764-1.jpeg\",\"articleSection\":[\"Activit\u00e9s\",\"CNC\"],\"inLanguage\":\"en-GB\",\"potentialAction\":[{\"@type\":\"CommentAction\",\"name\":\"Comment\",\"target\":[\"https:\\\/\\\/fdd-ihedn.fr\\\/seminaire-cnc-lyon-claudia-moatti-professeur-dhistoire-romaine-paris-8-intervenue-theme-reste-t-il-du-citoyen-romain\\\/#respond\"]}]},{\"@type\":\"WebPage\",\"@id\":\"https:\\\/\\\/fdd-ihedn.fr\\\/seminaire-cnc-lyon-claudia-moatti-professeur-dhistoire-romaine-paris-8-intervenue-theme-reste-t-il-du-citoyen-romain\\\/\",\"url\":\"https:\\\/\\\/fdd-ihedn.fr\\\/seminaire-cnc-lyon-claudia-moatti-professeur-dhistoire-romaine-paris-8-intervenue-theme-reste-t-il-du-citoyen-romain\\\/\",\"name\":\"[CNC] S\u00e9minaire CNC Lyon, Claudia Moatti, professeur d'Histoire romaine \u00e0 Paris 8, est intervenue sur le th\u00e8me \\\"Que reste-t-il du citoyen romain?\\\" - Fonds de dotation de l&#039;IHEDN\",\"isPartOf\":{\"@id\":\"https:\\\/\\\/fdd-ihedn.fr\\\/#website\"},\"primaryImageOfPage\":{\"@id\":\"https:\\\/\\\/fdd-ihedn.fr\\\/seminaire-cnc-lyon-claudia-moatti-professeur-dhistoire-romaine-paris-8-intervenue-theme-reste-t-il-du-citoyen-romain\\\/#primaryimage\"},\"image\":{\"@id\":\"https:\\\/\\\/fdd-ihedn.fr\\\/seminaire-cnc-lyon-claudia-moatti-professeur-dhistoire-romaine-paris-8-intervenue-theme-reste-t-il-du-citoyen-romain\\\/#primaryimage\"},\"thumbnailUrl\":\"https:\\\/\\\/fdd-ihedn.fr\\\/wp-content\\\/uploads\\\/2013\\\/10\\\/CNC-5-Lyon-Claudia-Moatti-e1382472566909-1024x764-1.jpeg\",\"datePublished\":\"2013-10-11T18:01:39+00:00\",\"dateModified\":\"2022-02-04T13:27:46+00:00\",\"breadcrumb\":{\"@id\":\"https:\\\/\\\/fdd-ihedn.fr\\\/seminaire-cnc-lyon-claudia-moatti-professeur-dhistoire-romaine-paris-8-intervenue-theme-reste-t-il-du-citoyen-romain\\\/#breadcrumb\"},\"inLanguage\":\"en-GB\",\"potentialAction\":[{\"@type\":\"ReadAction\",\"target\":[\"https:\\\/\\\/fdd-ihedn.fr\\\/seminaire-cnc-lyon-claudia-moatti-professeur-dhistoire-romaine-paris-8-intervenue-theme-reste-t-il-du-citoyen-romain\\\/\"]}]},{\"@type\":\"ImageObject\",\"inLanguage\":\"en-GB\",\"@id\":\"https:\\\/\\\/fdd-ihedn.fr\\\/seminaire-cnc-lyon-claudia-moatti-professeur-dhistoire-romaine-paris-8-intervenue-theme-reste-t-il-du-citoyen-romain\\\/#primaryimage\",\"url\":\"https:\\\/\\\/fdd-ihedn.fr\\\/wp-content\\\/uploads\\\/2013\\\/10\\\/CNC-5-Lyon-Claudia-Moatti-e1382472566909-1024x764-1.jpeg\",\"contentUrl\":\"https:\\\/\\\/fdd-ihedn.fr\\\/wp-content\\\/uploads\\\/2013\\\/10\\\/CNC-5-Lyon-Claudia-Moatti-e1382472566909-1024x764-1.jpeg\",\"width\":1024,\"height\":764},{\"@type\":\"BreadcrumbList\",\"@id\":\"https:\\\/\\\/fdd-ihedn.fr\\\/seminaire-cnc-lyon-claudia-moatti-professeur-dhistoire-romaine-paris-8-intervenue-theme-reste-t-il-du-citoyen-romain\\\/#breadcrumb\",\"itemListElement\":[{\"@type\":\"ListItem\",\"position\":1,\"name\":\"Accueil\",\"item\":\"https:\\\/\\\/fdd-ihedn.fr\\\/\"},{\"@type\":\"ListItem\",\"position\":2,\"name\":\"[CNC] S\u00e9minaire CNC Lyon, Claudia Moatti, professeur d&#8217;Histoire romaine \u00e0 Paris 8, est intervenue sur le th\u00e8me &#8220;Que reste-t-il du citoyen romain?&#8221;\"}]},{\"@type\":\"WebSite\",\"@id\":\"https:\\\/\\\/fdd-ihedn.fr\\\/#website\",\"url\":\"https:\\\/\\\/fdd-ihedn.fr\\\/\",\"name\":\"Fonds de dotation de l&#039;IHEDN\",\"description\":\"Des projets innovants d\u00e9velopp\u00e9s pour l&#039;IHEDN gr\u00e2ce au m\u00e9c\u00e9nat\",\"publisher\":{\"@id\":\"https:\\\/\\\/fdd-ihedn.fr\\\/#organization\"},\"potentialAction\":[{\"@type\":\"SearchAction\",\"target\":{\"@type\":\"EntryPoint\",\"urlTemplate\":\"https:\\\/\\\/fdd-ihedn.fr\\\/?s={search_term_string}\"},\"query-input\":{\"@type\":\"PropertyValueSpecification\",\"valueRequired\":true,\"valueName\":\"search_term_string\"}}],\"inLanguage\":\"en-GB\"},{\"@type\":\"Organization\",\"@id\":\"https:\\\/\\\/fdd-ihedn.fr\\\/#organization\",\"name\":\"Chaire \u00c9conomie de d\u00e9fense - IHEDN\",\"url\":\"https:\\\/\\\/fdd-ihedn.fr\\\/\",\"logo\":{\"@type\":\"ImageObject\",\"inLanguage\":\"en-GB\",\"@id\":\"https:\\\/\\\/fdd-ihedn.fr\\\/#\\\/schema\\\/logo\\\/image\\\/\",\"url\":\"https:\\\/\\\/fdd-ihedn.fr\\\/wp-content\\\/uploads\\\/2020\\\/04\\\/logoEcodef9.jpg\",\"contentUrl\":\"https:\\\/\\\/fdd-ihedn.fr\\\/wp-content\\\/uploads\\\/2020\\\/04\\\/logoEcodef9.jpg\",\"width\":410,\"height\":212,\"caption\":\"Chaire \u00c9conomie de d\u00e9fense - IHEDN\"},\"image\":{\"@id\":\"https:\\\/\\\/fdd-ihedn.fr\\\/#\\\/schema\\\/logo\\\/image\\\/\"},\"sameAs\":[\"https:\\\/\\\/x.com\\\/Chaire_Ecodef\",\"https:\\\/\\\/www.linkedin.com\\\/company\\\/chaire-ecodef-ihedn\\\/\"]},{\"@type\":\"Person\",\"@id\":\"https:\\\/\\\/fdd-ihedn.fr\\\/#\\\/schema\\\/person\\\/9fdc5a3e2e544ff0f51c5e0732af0c12\",\"name\":\"dev\",\"image\":{\"@type\":\"ImageObject\",\"inLanguage\":\"en-GB\",\"@id\":\"https:\\\/\\\/secure.gravatar.com\\\/avatar\\\/f1ffcac9ca2fa95ad3ec33e9be3ade82f752acb0cabe541e56c5889225afa88a?s=96&d=mm&r=g\",\"url\":\"https:\\\/\\\/secure.gravatar.com\\\/avatar\\\/f1ffcac9ca2fa95ad3ec33e9be3ade82f752acb0cabe541e56c5889225afa88a?s=96&d=mm&r=g\",\"contentUrl\":\"https:\\\/\\\/secure.gravatar.com\\\/avatar\\\/f1ffcac9ca2fa95ad3ec33e9be3ade82f752acb0cabe541e56c5889225afa88a?s=96&d=mm&r=g\",\"caption\":\"dev\"},\"url\":\"https:\\\/\\\/fdd-ihedn.fr\\\/en\\\/author\\\/dev\\\/\"}]}<\/script>\n<!-- \/ Yoast SEO plugin. -->","yoast_head_json":{"title":"[CNC] S\u00e9minaire CNC Lyon, Claudia Moatti, professeur d'Histoire romaine \u00e0 Paris 8, est intervenue sur le th\u00e8me \"Que reste-t-il du citoyen romain?\" - Fonds de dotation de l&#039;IHEDN","robots":{"index":"index","follow":"follow","max-snippet":"max-snippet:-1","max-image-preview":"max-image-preview:large","max-video-preview":"max-video-preview:-1"},"canonical":"https:\/\/fdd-ihedn.fr\/en\/seminaire-cnc-lyon-claudia-moatti-professeur-dhistoire-romaine-paris-8-intervenue-theme-reste-t-il-du-citoyen-romain\/","og_locale":"en_GB","og_type":"article","og_title":"[CNC] S\u00e9minaire CNC Lyon, Claudia Moatti, professeur d'Histoire romaine \u00e0 Paris 8, est intervenue sur le th\u00e8me \"Que reste-t-il du citoyen romain?\" - Fonds de dotation de l&#039;IHEDN","og_description":"Revenant ainsi \u00e0 la source de notre citoyennet\u00e9, les auditeurs du CNC ont commenc\u00e9 la session par un expos\u00e9 qui a pu nourrir leur r\u00e9flexion.","og_url":"https:\/\/fdd-ihedn.fr\/en\/seminaire-cnc-lyon-claudia-moatti-professeur-dhistoire-romaine-paris-8-intervenue-theme-reste-t-il-du-citoyen-romain\/","og_site_name":"Fonds de dotation de l&#039;IHEDN","article_published_time":"2013-10-11T18:01:39+00:00","article_modified_time":"2022-02-04T13:27:46+00:00","og_image":[{"width":1024,"height":764,"url":"https:\/\/fdd-ihedn.fr\/wp-content\/uploads\/2013\/10\/CNC-5-Lyon-Claudia-Moatti-e1382472566909-1024x764-1.jpeg","type":"image\/jpeg"}],"author":"dev","twitter_card":"summary_large_image","twitter_creator":"@Chaire_Ecodef","twitter_site":"@Chaire_Ecodef","twitter_misc":{"Written by":"dev"},"schema":{"@context":"https:\/\/schema.org","@graph":[{"@type":"Article","@id":"https:\/\/fdd-ihedn.fr\/seminaire-cnc-lyon-claudia-moatti-professeur-dhistoire-romaine-paris-8-intervenue-theme-reste-t-il-du-citoyen-romain\/#article","isPartOf":{"@id":"https:\/\/fdd-ihedn.fr\/seminaire-cnc-lyon-claudia-moatti-professeur-dhistoire-romaine-paris-8-intervenue-theme-reste-t-il-du-citoyen-romain\/"},"author":{"name":"dev","@id":"https:\/\/fdd-ihedn.fr\/#\/schema\/person\/9fdc5a3e2e544ff0f51c5e0732af0c12"},"headline":"[CNC] S\u00e9minaire CNC Lyon, Claudia Moatti, professeur d&rsquo;Histoire romaine \u00e0 Paris 8, est intervenue sur le th\u00e8me \u00ab\u00a0Que reste-t-il du citoyen romain?\u00a0\u00bb","datePublished":"2013-10-11T18:01:39+00:00","dateModified":"2022-02-04T13:27:46+00:00","mainEntityOfPage":{"@id":"https:\/\/fdd-ihedn.fr\/seminaire-cnc-lyon-claudia-moatti-professeur-dhistoire-romaine-paris-8-intervenue-theme-reste-t-il-du-citoyen-romain\/"},"wordCount":48,"commentCount":0,"publisher":{"@id":"https:\/\/fdd-ihedn.fr\/#organization"},"image":{"@id":"https:\/\/fdd-ihedn.fr\/seminaire-cnc-lyon-claudia-moatti-professeur-dhistoire-romaine-paris-8-intervenue-theme-reste-t-il-du-citoyen-romain\/#primaryimage"},"thumbnailUrl":"https:\/\/fdd-ihedn.fr\/wp-content\/uploads\/2013\/10\/CNC-5-Lyon-Claudia-Moatti-e1382472566909-1024x764-1.jpeg","articleSection":["Activit\u00e9s","CNC"],"inLanguage":"en-GB","potentialAction":[{"@type":"CommentAction","name":"Comment","target":["https:\/\/fdd-ihedn.fr\/seminaire-cnc-lyon-claudia-moatti-professeur-dhistoire-romaine-paris-8-intervenue-theme-reste-t-il-du-citoyen-romain\/#respond"]}]},{"@type":"WebPage","@id":"https:\/\/fdd-ihedn.fr\/seminaire-cnc-lyon-claudia-moatti-professeur-dhistoire-romaine-paris-8-intervenue-theme-reste-t-il-du-citoyen-romain\/","url":"https:\/\/fdd-ihedn.fr\/seminaire-cnc-lyon-claudia-moatti-professeur-dhistoire-romaine-paris-8-intervenue-theme-reste-t-il-du-citoyen-romain\/","name":"[CNC] S\u00e9minaire CNC Lyon, Claudia Moatti, professeur d'Histoire romaine \u00e0 Paris 8, est intervenue sur le th\u00e8me \"Que reste-t-il du citoyen romain?\" - Fonds de dotation de l&#039;IHEDN","isPartOf":{"@id":"https:\/\/fdd-ihedn.fr\/#website"},"primaryImageOfPage":{"@id":"https:\/\/fdd-ihedn.fr\/seminaire-cnc-lyon-claudia-moatti-professeur-dhistoire-romaine-paris-8-intervenue-theme-reste-t-il-du-citoyen-romain\/#primaryimage"},"image":{"@id":"https:\/\/fdd-ihedn.fr\/seminaire-cnc-lyon-claudia-moatti-professeur-dhistoire-romaine-paris-8-intervenue-theme-reste-t-il-du-citoyen-romain\/#primaryimage"},"thumbnailUrl":"https:\/\/fdd-ihedn.fr\/wp-content\/uploads\/2013\/10\/CNC-5-Lyon-Claudia-Moatti-e1382472566909-1024x764-1.jpeg","datePublished":"2013-10-11T18:01:39+00:00","dateModified":"2022-02-04T13:27:46+00:00","breadcrumb":{"@id":"https:\/\/fdd-ihedn.fr\/seminaire-cnc-lyon-claudia-moatti-professeur-dhistoire-romaine-paris-8-intervenue-theme-reste-t-il-du-citoyen-romain\/#breadcrumb"},"inLanguage":"en-GB","potentialAction":[{"@type":"ReadAction","target":["https:\/\/fdd-ihedn.fr\/seminaire-cnc-lyon-claudia-moatti-professeur-dhistoire-romaine-paris-8-intervenue-theme-reste-t-il-du-citoyen-romain\/"]}]},{"@type":"ImageObject","inLanguage":"en-GB","@id":"https:\/\/fdd-ihedn.fr\/seminaire-cnc-lyon-claudia-moatti-professeur-dhistoire-romaine-paris-8-intervenue-theme-reste-t-il-du-citoyen-romain\/#primaryimage","url":"https:\/\/fdd-ihedn.fr\/wp-content\/uploads\/2013\/10\/CNC-5-Lyon-Claudia-Moatti-e1382472566909-1024x764-1.jpeg","contentUrl":"https:\/\/fdd-ihedn.fr\/wp-content\/uploads\/2013\/10\/CNC-5-Lyon-Claudia-Moatti-e1382472566909-1024x764-1.jpeg","width":1024,"height":764},{"@type":"BreadcrumbList","@id":"https:\/\/fdd-ihedn.fr\/seminaire-cnc-lyon-claudia-moatti-professeur-dhistoire-romaine-paris-8-intervenue-theme-reste-t-il-du-citoyen-romain\/#breadcrumb","itemListElement":[{"@type":"ListItem","position":1,"name":"Accueil","item":"https:\/\/fdd-ihedn.fr\/"},{"@type":"ListItem","position":2,"name":"[CNC] S\u00e9minaire CNC Lyon, Claudia Moatti, professeur d&#8217;Histoire romaine \u00e0 Paris 8, est intervenue sur le th\u00e8me &#8220;Que reste-t-il du citoyen romain?&#8221;"}]},{"@type":"WebSite","@id":"https:\/\/fdd-ihedn.fr\/#website","url":"https:\/\/fdd-ihedn.fr\/","name":"IHEDN Endowment Fund","description":"Innovative projects developed for IHEDN thanks to sponsorship","publisher":{"@id":"https:\/\/fdd-ihedn.fr\/#organization"},"potentialAction":[{"@type":"SearchAction","target":{"@type":"EntryPoint","urlTemplate":"https:\/\/fdd-ihedn.fr\/?s={search_term_string}"},"query-input":{"@type":"PropertyValueSpecification","valueRequired":true,"valueName":"search_term_string"}}],"inLanguage":"en-GB"},{"@type":"Organization","@id":"https:\/\/fdd-ihedn.fr\/#organization","name":"Chair in Defence Economics - IHEDN","url":"https:\/\/fdd-ihedn.fr\/","logo":{"@type":"ImageObject","inLanguage":"en-GB","@id":"https:\/\/fdd-ihedn.fr\/#\/schema\/logo\/image\/","url":"https:\/\/fdd-ihedn.fr\/wp-content\/uploads\/2020\/04\/logoEcodef9.jpg","contentUrl":"https:\/\/fdd-ihedn.fr\/wp-content\/uploads\/2020\/04\/logoEcodef9.jpg","width":410,"height":212,"caption":"Chaire \u00c9conomie de d\u00e9fense - IHEDN"},"image":{"@id":"https:\/\/fdd-ihedn.fr\/#\/schema\/logo\/image\/"},"sameAs":["https:\/\/x.com\/Chaire_Ecodef","https:\/\/www.linkedin.com\/company\/chaire-ecodef-ihedn\/"]},{"@type":"Person","@id":"https:\/\/fdd-ihedn.fr\/#\/schema\/person\/9fdc5a3e2e544ff0f51c5e0732af0c12","name":"dev","image":{"@type":"ImageObject","inLanguage":"en-GB","@id":"https:\/\/secure.gravatar.com\/avatar\/f1ffcac9ca2fa95ad3ec33e9be3ade82f752acb0cabe541e56c5889225afa88a?s=96&d=mm&r=g","url":"https:\/\/secure.gravatar.com\/avatar\/f1ffcac9ca2fa95ad3ec33e9be3ade82f752acb0cabe541e56c5889225afa88a?s=96&d=mm&r=g","contentUrl":"https:\/\/secure.gravatar.com\/avatar\/f1ffcac9ca2fa95ad3ec33e9be3ade82f752acb0cabe541e56c5889225afa88a?s=96&d=mm&r=g","caption":"dev"},"url":"https:\/\/fdd-ihedn.fr\/en\/author\/dev\/"}]}},"_links":{"self":[{"href":"https:\/\/fdd-ihedn.fr\/en\/wp-json\/wp\/v2\/posts\/4101","targetHints":{"allow":["GET"]}}],"collection":[{"href":"https:\/\/fdd-ihedn.fr\/en\/wp-json\/wp\/v2\/posts"}],"about":[{"href":"https:\/\/fdd-ihedn.fr\/en\/wp-json\/wp\/v2\/types\/post"}],"author":[{"embeddable":true,"href":"https:\/\/fdd-ihedn.fr\/en\/wp-json\/wp\/v2\/users\/1"}],"replies":[{"embeddable":true,"href":"https:\/\/fdd-ihedn.fr\/en\/wp-json\/wp\/v2\/comments?post=4101"}],"version-history":[{"count":2,"href":"https:\/\/fdd-ihedn.fr\/en\/wp-json\/wp\/v2\/posts\/4101\/revisions"}],"predecessor-version":[{"id":4976,"href":"https:\/\/fdd-ihedn.fr\/en\/wp-json\/wp\/v2\/posts\/4101\/revisions\/4976"}],"wp:featuredmedia":[{"embeddable":true,"href":"https:\/\/fdd-ihedn.fr\/en\/wp-json\/wp\/v2\/media\/4237"}],"wp:attachment":[{"href":"https:\/\/fdd-ihedn.fr\/en\/wp-json\/wp\/v2\/media?parent=4101"}],"wp:term":[{"taxonomy":"category","embeddable":true,"href":"https:\/\/fdd-ihedn.fr\/en\/wp-json\/wp\/v2\/categories?post=4101"},{"taxonomy":"post_tag","embeddable":true,"href":"https:\/\/fdd-ihedn.fr\/en\/wp-json\/wp\/v2\/tags?post=4101"}],"curies":[{"name":"wp","href":"https:\/\/api.w.org\/{rel}","templated":true}]}}