{"id":4098,"date":"2013-06-19T09:41:03","date_gmt":"2013-06-19T07:41:03","guid":{"rendered":"https:\/\/fdd.concilium.click\/inscriptions-au-seminaire-cohesion-nationale-et-citoyennete-lyon-2013-en-partenariat-avec-lafarge-et-edf\/"},"modified":"2022-02-04T14:27:34","modified_gmt":"2022-02-04T13:27:34","slug":"inscriptions-au-seminaire-cohesion-nationale-et-citoyennete-lyon-2013-en-partenariat-avec-lafarge-et-edf","status":"publish","type":"post","link":"https:\/\/fdd-ihedn.fr\/en\/inscriptions-au-seminaire-cohesion-nationale-et-citoyennete-lyon-2013-en-partenariat-avec-lafarge-et-edf\/","title":{"rendered":"[CNC] Inscriptions au s\u00e9minaire Coh\u00e9sion nationale et citoyennet\u00e9 Lyon 2013, en partenariat avec Lafarge et EDF."},"content":{"rendered":"<p>Le <em>IHEDN Partners' Circle<\/em> is organising the next \u00abNational Cohesion and Citizenship\u00bb seminar in Lyon from 11 October at the Novotel Lyon La Part-Dieu.<\/p>\n<p><strong>Download the registration form :<\/strong><br \/>\n<a href=\"https:\/\/fdd-ihedn.fr\/wp-content\/uploads\/2013\/05\/CNC-5-Lyon.-Fiche-dinscription.xls\">CNC Lyon Registration form<\/a><br \/>\n(If the download does not start: right-click then \u00abSave link as...\u00bb)<\/p>\n<p>Once you have downloaded the form, please return the table in MICROSOFT EXCEL format as an attachment to an e-mail sent to :\u00a0<b>seminaires@ihednpartenaires.fr<\/b><\/p>\n<p>&nbsp;<\/p>\n<p>&nbsp;<\/p>","protected":false},"excerpt":{"rendered":"<p>Le Cercle des partenaires de l\u2019IHEDN organise le prochain s\u00e9minaire \u00ab Coh\u00e9sion nationale et citoyennet\u00e9 \u00bb \u00e0 Lyon \u00e0 partir du 11 octobre au\u00a0Novotel Lyon La Part-Dieu. T\u00e9l\u00e9charger la fiche d&rsquo;inscription : CNC Lyon Fiche d&rsquo;inscription (Si le t\u00e9l\u00e9chargement ne d\u00e9marre pas : clic droit puis \u00ab\u00a0Enregistrer le lien sous&#8230;\u00a0\u00bb) Une fois la fiche t\u00e9l\u00e9charg\u00e9e, [&hellip;]<\/p>\n","protected":false},"author":1,"featured_media":564,"comment_status":"open","ping_status":"open","sticky":false,"template":"","format":"standard","meta":{"footnotes":""},"categories":[34,450],"tags":[],"class_list":{"0":"post-4098","1":"post","2":"type-post","3":"status-publish","4":"format-standard","5":"has-post-thumbnail","7":"category-activites","8":"category-cnc"},"yoast_head":"<!-- This site is optimized with the Yoast SEO plugin v27.4 - https:\/\/yoast.com\/product\/yoast-seo-wordpress\/ -->\n<title>[CNC] Inscriptions au s\u00e9minaire Coh\u00e9sion nationale et citoyennet\u00e9 Lyon 2013, en partenariat avec Lafarge et EDF. - Fonds de dotation de l&#039;IHEDN<\/title>\n<meta name=\"robots\" content=\"index, follow, max-snippet:-1, max-image-preview:large, max-video-preview:-1\" \/>\n<link rel=\"canonical\" href=\"https:\/\/fdd-ihedn.fr\/en\/inscriptions-au-seminaire-cohesion-nationale-et-citoyennete-lyon-2013-en-partenariat-avec-lafarge-et-edf\/\" \/>\n<meta property=\"og:locale\" content=\"en_GB\" \/>\n<meta property=\"og:type\" content=\"article\" \/>\n<meta property=\"og:title\" content=\"[CNC] Inscriptions au s\u00e9minaire Coh\u00e9sion nationale et citoyennet\u00e9 Lyon 2013, en partenariat avec Lafarge et EDF. - Fonds de dotation de l&#039;IHEDN\" \/>\n<meta property=\"og:description\" content=\"Le Cercle des partenaires de l\u2019IHEDN organise le prochain s\u00e9minaire \u00ab Coh\u00e9sion nationale et citoyennet\u00e9 \u00bb \u00e0 Lyon \u00e0 partir du 11 octobre au\u00a0Novotel Lyon La Part-Dieu. T\u00e9l\u00e9charger la fiche d&rsquo;inscription : CNC Lyon Fiche d&rsquo;inscription (Si le t\u00e9l\u00e9chargement ne d\u00e9marre pas : clic droit puis \u00ab\u00a0Enregistrer le lien sous&#8230;\u00a0\u00bb) Une fois la fiche t\u00e9l\u00e9charg\u00e9e, [&hellip;]\" \/>\n<meta property=\"og:url\" content=\"https:\/\/fdd-ihedn.fr\/en\/inscriptions-au-seminaire-cohesion-nationale-et-citoyennete-lyon-2013-en-partenariat-avec-lafarge-et-edf\/\" \/>\n<meta property=\"og:site_name\" content=\"Fonds de dotation de l&#039;IHEDN\" \/>\n<meta property=\"article:published_time\" content=\"2013-06-19T07:41:03+00:00\" \/>\n<meta property=\"article:modified_time\" content=\"2022-02-04T13:27:34+00:00\" \/>\n<meta name=\"author\" content=\"dev\" \/>\n<meta name=\"twitter:card\" content=\"summary_large_image\" \/>\n<meta name=\"twitter:creator\" content=\"@Chaire_Ecodef\" \/>\n<meta name=\"twitter:site\" content=\"@Chaire_Ecodef\" \/>\n<meta name=\"twitter:label1\" content=\"Written by\" \/>\n\t<meta name=\"twitter:data1\" content=\"dev\" \/>\n<script type=\"application\/ld+json\" class=\"yoast-schema-graph\">{\"@context\":\"https:\\\/\\\/schema.org\",\"@graph\":[{\"@type\":\"Article\",\"@id\":\"https:\\\/\\\/fdd-ihedn.fr\\\/inscriptions-au-seminaire-cohesion-nationale-et-citoyennete-lyon-2013-en-partenariat-avec-lafarge-et-edf\\\/#article\",\"isPartOf\":{\"@id\":\"https:\\\/\\\/fdd-ihedn.fr\\\/inscriptions-au-seminaire-cohesion-nationale-et-citoyennete-lyon-2013-en-partenariat-avec-lafarge-et-edf\\\/\"},\"author\":{\"name\":\"dev\",\"@id\":\"https:\\\/\\\/fdd-ihedn.fr\\\/#\\\/schema\\\/person\\\/9fdc5a3e2e544ff0f51c5e0732af0c12\"},\"headline\":\"[CNC] Inscriptions au s\u00e9minaire Coh\u00e9sion nationale et citoyennet\u00e9 Lyon 2013, en partenariat avec Lafarge et EDF.\",\"datePublished\":\"2013-06-19T07:41:03+00:00\",\"dateModified\":\"2022-02-04T13:27:34+00:00\",\"mainEntityOfPage\":{\"@id\":\"https:\\\/\\\/fdd-ihedn.fr\\\/inscriptions-au-seminaire-cohesion-nationale-et-citoyennete-lyon-2013-en-partenariat-avec-lafarge-et-edf\\\/\"},\"wordCount\":101,\"commentCount\":0,\"publisher\":{\"@id\":\"https:\\\/\\\/fdd-ihedn.fr\\\/#organization\"},\"image\":{\"@id\":\"https:\\\/\\\/fdd-ihedn.fr\\\/inscriptions-au-seminaire-cohesion-nationale-et-citoyennete-lyon-2013-en-partenariat-avec-lafarge-et-edf\\\/#primaryimage\"},\"thumbnailUrl\":\"\",\"articleSection\":[\"Activit\u00e9s\",\"CNC\"],\"inLanguage\":\"en-GB\",\"potentialAction\":[{\"@type\":\"CommentAction\",\"name\":\"Comment\",\"target\":[\"https:\\\/\\\/fdd-ihedn.fr\\\/inscriptions-au-seminaire-cohesion-nationale-et-citoyennete-lyon-2013-en-partenariat-avec-lafarge-et-edf\\\/#respond\"]}]},{\"@type\":\"WebPage\",\"@id\":\"https:\\\/\\\/fdd-ihedn.fr\\\/inscriptions-au-seminaire-cohesion-nationale-et-citoyennete-lyon-2013-en-partenariat-avec-lafarge-et-edf\\\/\",\"url\":\"https:\\\/\\\/fdd-ihedn.fr\\\/inscriptions-au-seminaire-cohesion-nationale-et-citoyennete-lyon-2013-en-partenariat-avec-lafarge-et-edf\\\/\",\"name\":\"[CNC] Inscriptions au s\u00e9minaire Coh\u00e9sion nationale et citoyennet\u00e9 Lyon 2013, en partenariat avec Lafarge et EDF. - Fonds de dotation de l&#039;IHEDN\",\"isPartOf\":{\"@id\":\"https:\\\/\\\/fdd-ihedn.fr\\\/#website\"},\"primaryImageOfPage\":{\"@id\":\"https:\\\/\\\/fdd-ihedn.fr\\\/inscriptions-au-seminaire-cohesion-nationale-et-citoyennete-lyon-2013-en-partenariat-avec-lafarge-et-edf\\\/#primaryimage\"},\"image\":{\"@id\":\"https:\\\/\\\/fdd-ihedn.fr\\\/inscriptions-au-seminaire-cohesion-nationale-et-citoyennete-lyon-2013-en-partenariat-avec-lafarge-et-edf\\\/#primaryimage\"},\"thumbnailUrl\":\"\",\"datePublished\":\"2013-06-19T07:41:03+00:00\",\"dateModified\":\"2022-02-04T13:27:34+00:00\",\"breadcrumb\":{\"@id\":\"https:\\\/\\\/fdd-ihedn.fr\\\/inscriptions-au-seminaire-cohesion-nationale-et-citoyennete-lyon-2013-en-partenariat-avec-lafarge-et-edf\\\/#breadcrumb\"},\"inLanguage\":\"en-GB\",\"potentialAction\":[{\"@type\":\"ReadAction\",\"target\":[\"https:\\\/\\\/fdd-ihedn.fr\\\/inscriptions-au-seminaire-cohesion-nationale-et-citoyennete-lyon-2013-en-partenariat-avec-lafarge-et-edf\\\/\"]}]},{\"@type\":\"ImageObject\",\"inLanguage\":\"en-GB\",\"@id\":\"https:\\\/\\\/fdd-ihedn.fr\\\/inscriptions-au-seminaire-cohesion-nationale-et-citoyennete-lyon-2013-en-partenariat-avec-lafarge-et-edf\\\/#primaryimage\",\"url\":\"\",\"contentUrl\":\"\"},{\"@type\":\"BreadcrumbList\",\"@id\":\"https:\\\/\\\/fdd-ihedn.fr\\\/inscriptions-au-seminaire-cohesion-nationale-et-citoyennete-lyon-2013-en-partenariat-avec-lafarge-et-edf\\\/#breadcrumb\",\"itemListElement\":[{\"@type\":\"ListItem\",\"position\":1,\"name\":\"Accueil\",\"item\":\"https:\\\/\\\/fdd-ihedn.fr\\\/\"},{\"@type\":\"ListItem\",\"position\":2,\"name\":\"[CNC] Inscriptions au s\u00e9minaire Coh\u00e9sion nationale et citoyennet\u00e9 Lyon 2013, en partenariat avec Lafarge et EDF.\"}]},{\"@type\":\"WebSite\",\"@id\":\"https:\\\/\\\/fdd-ihedn.fr\\\/#website\",\"url\":\"https:\\\/\\\/fdd-ihedn.fr\\\/\",\"name\":\"Fonds de dotation de l&#039;IHEDN\",\"description\":\"Des projets innovants d\u00e9velopp\u00e9s pour l&#039;IHEDN gr\u00e2ce au m\u00e9c\u00e9nat\",\"publisher\":{\"@id\":\"https:\\\/\\\/fdd-ihedn.fr\\\/#organization\"},\"potentialAction\":[{\"@type\":\"SearchAction\",\"target\":{\"@type\":\"EntryPoint\",\"urlTemplate\":\"https:\\\/\\\/fdd-ihedn.fr\\\/?s={search_term_string}\"},\"query-input\":{\"@type\":\"PropertyValueSpecification\",\"valueRequired\":true,\"valueName\":\"search_term_string\"}}],\"inLanguage\":\"en-GB\"},{\"@type\":\"Organization\",\"@id\":\"https:\\\/\\\/fdd-ihedn.fr\\\/#organization\",\"name\":\"Chaire \u00c9conomie de d\u00e9fense - IHEDN\",\"url\":\"https:\\\/\\\/fdd-ihedn.fr\\\/\",\"logo\":{\"@type\":\"ImageObject\",\"inLanguage\":\"en-GB\",\"@id\":\"https:\\\/\\\/fdd-ihedn.fr\\\/#\\\/schema\\\/logo\\\/image\\\/\",\"url\":\"https:\\\/\\\/fdd-ihedn.fr\\\/wp-content\\\/uploads\\\/2020\\\/04\\\/logoEcodef9.jpg\",\"contentUrl\":\"https:\\\/\\\/fdd-ihedn.fr\\\/wp-content\\\/uploads\\\/2020\\\/04\\\/logoEcodef9.jpg\",\"width\":410,\"height\":212,\"caption\":\"Chaire \u00c9conomie de d\u00e9fense - IHEDN\"},\"image\":{\"@id\":\"https:\\\/\\\/fdd-ihedn.fr\\\/#\\\/schema\\\/logo\\\/image\\\/\"},\"sameAs\":[\"https:\\\/\\\/x.com\\\/Chaire_Ecodef\",\"https:\\\/\\\/www.linkedin.com\\\/company\\\/chaire-ecodef-ihedn\\\/\"]},{\"@type\":\"Person\",\"@id\":\"https:\\\/\\\/fdd-ihedn.fr\\\/#\\\/schema\\\/person\\\/9fdc5a3e2e544ff0f51c5e0732af0c12\",\"name\":\"dev\",\"image\":{\"@type\":\"ImageObject\",\"inLanguage\":\"en-GB\",\"@id\":\"https:\\\/\\\/secure.gravatar.com\\\/avatar\\\/f1ffcac9ca2fa95ad3ec33e9be3ade82f752acb0cabe541e56c5889225afa88a?s=96&d=mm&r=g\",\"url\":\"https:\\\/\\\/secure.gravatar.com\\\/avatar\\\/f1ffcac9ca2fa95ad3ec33e9be3ade82f752acb0cabe541e56c5889225afa88a?s=96&d=mm&r=g\",\"contentUrl\":\"https:\\\/\\\/secure.gravatar.com\\\/avatar\\\/f1ffcac9ca2fa95ad3ec33e9be3ade82f752acb0cabe541e56c5889225afa88a?s=96&d=mm&r=g\",\"caption\":\"dev\"},\"url\":\"https:\\\/\\\/fdd-ihedn.fr\\\/en\\\/author\\\/dev\\\/\"}]}<\/script>\n<!-- \/ Yoast SEO plugin. -->","yoast_head_json":{"title":"[CNC] Inscriptions au s\u00e9minaire Coh\u00e9sion nationale et citoyennet\u00e9 Lyon 2013, en partenariat avec Lafarge et EDF. - Fonds de dotation de l&#039;IHEDN","robots":{"index":"index","follow":"follow","max-snippet":"max-snippet:-1","max-image-preview":"max-image-preview:large","max-video-preview":"max-video-preview:-1"},"canonical":"https:\/\/fdd-ihedn.fr\/en\/inscriptions-au-seminaire-cohesion-nationale-et-citoyennete-lyon-2013-en-partenariat-avec-lafarge-et-edf\/","og_locale":"en_GB","og_type":"article","og_title":"[CNC] Inscriptions au s\u00e9minaire Coh\u00e9sion nationale et citoyennet\u00e9 Lyon 2013, en partenariat avec Lafarge et EDF. - Fonds de dotation de l&#039;IHEDN","og_description":"Le Cercle des partenaires de l\u2019IHEDN organise le prochain s\u00e9minaire \u00ab Coh\u00e9sion nationale et citoyennet\u00e9 \u00bb \u00e0 Lyon \u00e0 partir du 11 octobre au\u00a0Novotel Lyon La Part-Dieu. T\u00e9l\u00e9charger la fiche d&rsquo;inscription : CNC Lyon Fiche d&rsquo;inscription (Si le t\u00e9l\u00e9chargement ne d\u00e9marre pas : clic droit puis \u00ab\u00a0Enregistrer le lien sous&#8230;\u00a0\u00bb) Une fois la fiche t\u00e9l\u00e9charg\u00e9e, [&hellip;]","og_url":"https:\/\/fdd-ihedn.fr\/en\/inscriptions-au-seminaire-cohesion-nationale-et-citoyennete-lyon-2013-en-partenariat-avec-lafarge-et-edf\/","og_site_name":"Fonds de dotation de l&#039;IHEDN","article_published_time":"2013-06-19T07:41:03+00:00","article_modified_time":"2022-02-04T13:27:34+00:00","author":"dev","twitter_card":"summary_large_image","twitter_creator":"@Chaire_Ecodef","twitter_site":"@Chaire_Ecodef","twitter_misc":{"Written by":"dev"},"schema":{"@context":"https:\/\/schema.org","@graph":[{"@type":"Article","@id":"https:\/\/fdd-ihedn.fr\/inscriptions-au-seminaire-cohesion-nationale-et-citoyennete-lyon-2013-en-partenariat-avec-lafarge-et-edf\/#article","isPartOf":{"@id":"https:\/\/fdd-ihedn.fr\/inscriptions-au-seminaire-cohesion-nationale-et-citoyennete-lyon-2013-en-partenariat-avec-lafarge-et-edf\/"},"author":{"name":"dev","@id":"https:\/\/fdd-ihedn.fr\/#\/schema\/person\/9fdc5a3e2e544ff0f51c5e0732af0c12"},"headline":"[CNC] Inscriptions au s\u00e9minaire Coh\u00e9sion nationale et citoyennet\u00e9 Lyon 2013, en partenariat avec Lafarge et EDF.","datePublished":"2013-06-19T07:41:03+00:00","dateModified":"2022-02-04T13:27:34+00:00","mainEntityOfPage":{"@id":"https:\/\/fdd-ihedn.fr\/inscriptions-au-seminaire-cohesion-nationale-et-citoyennete-lyon-2013-en-partenariat-avec-lafarge-et-edf\/"},"wordCount":101,"commentCount":0,"publisher":{"@id":"https:\/\/fdd-ihedn.fr\/#organization"},"image":{"@id":"https:\/\/fdd-ihedn.fr\/inscriptions-au-seminaire-cohesion-nationale-et-citoyennete-lyon-2013-en-partenariat-avec-lafarge-et-edf\/#primaryimage"},"thumbnailUrl":"","articleSection":["Activit\u00e9s","CNC"],"inLanguage":"en-GB","potentialAction":[{"@type":"CommentAction","name":"Comment","target":["https:\/\/fdd-ihedn.fr\/inscriptions-au-seminaire-cohesion-nationale-et-citoyennete-lyon-2013-en-partenariat-avec-lafarge-et-edf\/#respond"]}]},{"@type":"WebPage","@id":"https:\/\/fdd-ihedn.fr\/inscriptions-au-seminaire-cohesion-nationale-et-citoyennete-lyon-2013-en-partenariat-avec-lafarge-et-edf\/","url":"https:\/\/fdd-ihedn.fr\/inscriptions-au-seminaire-cohesion-nationale-et-citoyennete-lyon-2013-en-partenariat-avec-lafarge-et-edf\/","name":"[CNC] Inscriptions au s\u00e9minaire Coh\u00e9sion nationale et citoyennet\u00e9 Lyon 2013, en partenariat avec Lafarge et EDF. - Fonds de dotation de l&#039;IHEDN","isPartOf":{"@id":"https:\/\/fdd-ihedn.fr\/#website"},"primaryImageOfPage":{"@id":"https:\/\/fdd-ihedn.fr\/inscriptions-au-seminaire-cohesion-nationale-et-citoyennete-lyon-2013-en-partenariat-avec-lafarge-et-edf\/#primaryimage"},"image":{"@id":"https:\/\/fdd-ihedn.fr\/inscriptions-au-seminaire-cohesion-nationale-et-citoyennete-lyon-2013-en-partenariat-avec-lafarge-et-edf\/#primaryimage"},"thumbnailUrl":"","datePublished":"2013-06-19T07:41:03+00:00","dateModified":"2022-02-04T13:27:34+00:00","breadcrumb":{"@id":"https:\/\/fdd-ihedn.fr\/inscriptions-au-seminaire-cohesion-nationale-et-citoyennete-lyon-2013-en-partenariat-avec-lafarge-et-edf\/#breadcrumb"},"inLanguage":"en-GB","potentialAction":[{"@type":"ReadAction","target":["https:\/\/fdd-ihedn.fr\/inscriptions-au-seminaire-cohesion-nationale-et-citoyennete-lyon-2013-en-partenariat-avec-lafarge-et-edf\/"]}]},{"@type":"ImageObject","inLanguage":"en-GB","@id":"https:\/\/fdd-ihedn.fr\/inscriptions-au-seminaire-cohesion-nationale-et-citoyennete-lyon-2013-en-partenariat-avec-lafarge-et-edf\/#primaryimage","url":"","contentUrl":""},{"@type":"BreadcrumbList","@id":"https:\/\/fdd-ihedn.fr\/inscriptions-au-seminaire-cohesion-nationale-et-citoyennete-lyon-2013-en-partenariat-avec-lafarge-et-edf\/#breadcrumb","itemListElement":[{"@type":"ListItem","position":1,"name":"Accueil","item":"https:\/\/fdd-ihedn.fr\/"},{"@type":"ListItem","position":2,"name":"[CNC] Inscriptions au s\u00e9minaire Coh\u00e9sion nationale et citoyennet\u00e9 Lyon 2013, en partenariat avec Lafarge et EDF."}]},{"@type":"WebSite","@id":"https:\/\/fdd-ihedn.fr\/#website","url":"https:\/\/fdd-ihedn.fr\/","name":"IHEDN Endowment Fund","description":"Innovative projects developed for IHEDN thanks to sponsorship","publisher":{"@id":"https:\/\/fdd-ihedn.fr\/#organization"},"potentialAction":[{"@type":"SearchAction","target":{"@type":"EntryPoint","urlTemplate":"https:\/\/fdd-ihedn.fr\/?s={search_term_string}"},"query-input":{"@type":"PropertyValueSpecification","valueRequired":true,"valueName":"search_term_string"}}],"inLanguage":"en-GB"},{"@type":"Organization","@id":"https:\/\/fdd-ihedn.fr\/#organization","name":"Chair in Defence Economics - IHEDN","url":"https:\/\/fdd-ihedn.fr\/","logo":{"@type":"ImageObject","inLanguage":"en-GB","@id":"https:\/\/fdd-ihedn.fr\/#\/schema\/logo\/image\/","url":"https:\/\/fdd-ihedn.fr\/wp-content\/uploads\/2020\/04\/logoEcodef9.jpg","contentUrl":"https:\/\/fdd-ihedn.fr\/wp-content\/uploads\/2020\/04\/logoEcodef9.jpg","width":410,"height":212,"caption":"Chaire \u00c9conomie de d\u00e9fense - IHEDN"},"image":{"@id":"https:\/\/fdd-ihedn.fr\/#\/schema\/logo\/image\/"},"sameAs":["https:\/\/x.com\/Chaire_Ecodef","https:\/\/www.linkedin.com\/company\/chaire-ecodef-ihedn\/"]},{"@type":"Person","@id":"https:\/\/fdd-ihedn.fr\/#\/schema\/person\/9fdc5a3e2e544ff0f51c5e0732af0c12","name":"dev","image":{"@type":"ImageObject","inLanguage":"en-GB","@id":"https:\/\/secure.gravatar.com\/avatar\/f1ffcac9ca2fa95ad3ec33e9be3ade82f752acb0cabe541e56c5889225afa88a?s=96&d=mm&r=g","url":"https:\/\/secure.gravatar.com\/avatar\/f1ffcac9ca2fa95ad3ec33e9be3ade82f752acb0cabe541e56c5889225afa88a?s=96&d=mm&r=g","contentUrl":"https:\/\/secure.gravatar.com\/avatar\/f1ffcac9ca2fa95ad3ec33e9be3ade82f752acb0cabe541e56c5889225afa88a?s=96&d=mm&r=g","caption":"dev"},"url":"https:\/\/fdd-ihedn.fr\/en\/author\/dev\/"}]}},"_links":{"self":[{"href":"https:\/\/fdd-ihedn.fr\/en\/wp-json\/wp\/v2\/posts\/4098","targetHints":{"allow":["GET"]}}],"collection":[{"href":"https:\/\/fdd-ihedn.fr\/en\/wp-json\/wp\/v2\/posts"}],"about":[{"href":"https:\/\/fdd-ihedn.fr\/en\/wp-json\/wp\/v2\/types\/post"}],"author":[{"embeddable":true,"href":"https:\/\/fdd-ihedn.fr\/en\/wp-json\/wp\/v2\/users\/1"}],"replies":[{"embeddable":true,"href":"https:\/\/fdd-ihedn.fr\/en\/wp-json\/wp\/v2\/comments?post=4098"}],"version-history":[{"count":2,"href":"https:\/\/fdd-ihedn.fr\/en\/wp-json\/wp\/v2\/posts\/4098\/revisions"}],"predecessor-version":[{"id":4975,"href":"https:\/\/fdd-ihedn.fr\/en\/wp-json\/wp\/v2\/posts\/4098\/revisions\/4975"}],"wp:featuredmedia":[{"embeddable":true,"href":"https:\/\/fdd-ihedn.fr\/en\/wp-json\/"}],"wp:attachment":[{"href":"https:\/\/fdd-ihedn.fr\/en\/wp-json\/wp\/v2\/media?parent=4098"}],"wp:term":[{"taxonomy":"category","embeddable":true,"href":"https:\/\/fdd-ihedn.fr\/en\/wp-json\/wp\/v2\/categories?post=4098"},{"taxonomy":"post_tag","embeddable":true,"href":"https:\/\/fdd-ihedn.fr\/en\/wp-json\/wp\/v2\/tags?post=4098"}],"curies":[{"name":"wp","href":"https:\/\/api.w.org\/{rel}","templated":true}]}}