{"id":4095,"date":"2013-04-05T18:15:28","date_gmt":"2013-04-05T16:15:28","guid":{"rendered":"https:\/\/fdd.concilium.click\/suivi-du-seminaire-cohesion-nationale-et-citoyennete-nantes-2013-en-partenariat-avec-lafarge-et-edf\/"},"modified":"2022-02-04T14:27:01","modified_gmt":"2022-02-04T13:27:01","slug":"suivi-du-seminaire-cohesion-nationale-et-citoyennete-nantes-2013-en-partenariat-avec-lafarge-et-edf","status":"publish","type":"post","link":"https:\/\/fdd-ihedn.fr\/en\/suivi-du-seminaire-cohesion-nationale-et-citoyennete-nantes-2013-en-partenariat-avec-lafarge-et-edf\/","title":{"rendered":"[CNC]  S\u00e9minaire Coh\u00e9sion nationale et citoyennet\u00e9 Nantes 2013, en partenariat avec Lafarge et EDF."},"content":{"rendered":"<p>Le s\u00e9minaire \u00ab\u00a0Coh\u00e9sion nationale et citoyennet\u00e9\u00a0\u00bb de Nantes, qui se tient gr\u00e2ce aux m\u00e9c\u00e9nats de LAFARGE et d\u2019EDF, s\u2019est ouvert le mercredi 3 avril 2013, \u00e0 l\u2019h\u00f4tel Novotel Centre cit\u00e9 des congr\u00e8s. Le discours d\u2019ouverture du Pr\u00e9fet Jo\u00ebl Bouchit\u00e9, Secr\u00e9taire g\u00e9n\u00e9ral et Directeur-adjoint de l\u2019IHEDN, pr\u00e9c\u00e9d\u00e9 du discours d\u2019accueil du Maire de Nantes, Patrick Rimbert, a donn\u00e9 le coup d\u2019envoi de ce s\u00e9minaire qui porte sur le th\u00e8me de \u00ab\u00a0<em>L\u2019engagement de la jeunesse\u00a0<\/em>\u00bb. La journ\u00e9e du 3 avril s\u2019est poursuivie avec la visite des Chantiers navals de Saint-Nazaire, haut lieu de la construction navale civile et militaire.<\/p>\n<p>Parmi les stagiaires qui participent au s\u00e9minaire CNC de Nantes figurent des \u00e9lus et cadres des collectivit\u00e9s locales, des fonctionnaires de polices, gendarmes et magistrats, ainsi que des cadres de l\u2019Education nationale et du milieu associatif nantais.<\/p>\n<p>5 jours durant, r\u00e9partis entre les mois d\u2019avril et de juin, les 22 stagiaires m\u00e8neront une r\u00e9flexion collective autour de la notion de citoyennet\u00e9 chez les jeunes, au regard du parcours citoyen tel qu\u2019il est actuellement con\u00e7u.<\/p>\n<p style=\"text-align: center;\">&#8212;&#8212;&#8212;&#8212;&#8212;&#8212;&#8212;&#8212;-<\/p>\n<p style=\"text-align: left;\">La journ\u00e9e du 10 avril a marqu\u00e9 le d\u00e9but des travaux de comit\u00e9. R\u00e9partis en deux groupes, les stagiaires du s\u00e9minaire CNC de Nantes ont engag\u00e9 leur r\u00e9flexion autour du th\u00e8me suivant\u00a0:<\/p>\n<p style=\"text-align: left;\">Fran\u00e7ois Hollande, dans son discours sur la d\u00e9fense nationale prononc\u00e9, alors candidat, le 11 mars 2012, d\u00e9clarait\u00a0: \u00ab\u00a0La journ\u00e9e D\u00e9fense et citoyennet\u00e9, qui a \u00e9t\u00e9 r\u00e9duite \u00e0 quelques heures, devra faire l\u2019objet d\u2019un recentrage sur l\u2019esprit de d\u00e9fense. Et pourquoi pas l\u2019allonger un peu et m\u00eame la d\u00e9doubler\u00a0?\u00a0\u00bb.<\/p>\n<p>Plus de 15 ans apr\u00e8s la fin de la conscription, au regard du parcours de citoyennet\u00e9 (recensement, \u00e9ducation \u00e0 la d\u00e9fense et journ\u00e9e d\u00e9fense et citoyennet\u00e9) et des dispositifs d\u00e9j\u00e0 mis en place (service civique, volontariat), proposez des moyens tangibles permettant de renforcer le sentiment de citoyennet\u00e9 des jeunes et de susciter leur adh\u00e9sion \u00e0 la Nation.<\/p>\n<p>Tout au long du s\u00e9minaire, ce sujet fera l\u2019objet d\u2019une r\u00e9flexion collective et les conclusions issues des travaux de comit\u00e9 seront pr\u00e9sent\u00e9es \u00e0 l\u2019occasion de la c\u00e9r\u00e9monie de cl\u00f4ture, qui se tiendra \u00e0 l\u2019H\u00f4tel de ville de Nantes, le 7 juin 2013, \u00e0 partir de 14h30.<\/p>\n<p>Le cycle de conf\u00e9rences du s\u00e9minaire s\u2019est ouvert l\u2019apr\u00e8s-midi du 10 avril avec les interventions successives de Johanna Rolland, Premi\u00e8re adjointe du Maire de Nantes et de Jean-Pierre Bois, professeur \u00e9m\u00e9rite d\u2019histoire moderne. Johanna Rolland a pr\u00e9sent\u00e9 les diff\u00e9rentes politiques de la ville destin\u00e9es \u00e0 susciter l\u2019engagement des jeunes, qui repr\u00e9sentent \u00e0 eux seuls 1\/3 de la population nantaise. Jean-Pierre Bois a quant \u00e0 lui apport\u00e9 un \u00e9clairage historique sur la notion de citoyennet\u00e9 en explicitant l\u2019approche du patriotisme fran\u00e7ais.<\/p>\n<p>La journ\u00e9e du 17 avril verra intervenir le Contr\u00f4leur g\u00e9n\u00e9ral de la Police nationale Philippe Cussac, Directeur d\u00e9partement de la s\u00e9curit\u00e9 publique, autour du th\u00e8me \u00ab\u00a0<em>L\u2019accueil des exclus temporaires par le CLJ de la s\u00e9curit\u00e9 publique\u00a0: Citoyennet\u00e9 et loisirs<\/em>\u00a0\u00bb et Fran\u00e7ois-Xavier Bellamy, agr\u00e9g\u00e9 de philosophie et adjoint au Maire de Versailles sur \u00ab\u00a0<em>La difficile exp\u00e9rience de la responsabilit\u00e9 chez les jeunes aujourd\u2019hui\u00a0<\/em>\u00bb.<\/p>\n<p>Ces conf\u00e9rences permettront d\u2019alimenter les travaux des stagiaires tout au long du s\u00e9minaire.<\/p>","protected":false},"excerpt":{"rendered":"<p>Le s\u00e9minaire \u00ab\u00a0Coh\u00e9sion nationale et citoyennet\u00e9\u00a0\u00bb de Nantes, qui se tient gr\u00e2ce aux m\u00e9c\u00e9nats de LAFARGE et d\u2019EDF, s\u2019est ouvert le mercredi 3 avril 2013, \u00e0 l\u2019h\u00f4tel Novotel Centre cit\u00e9 des congr\u00e8s. Le discours d\u2019ouverture du Pr\u00e9fet Jo\u00ebl Bouchit\u00e9, Secr\u00e9taire g\u00e9n\u00e9ral et Directeur-adjoint de l\u2019IHEDN, pr\u00e9c\u00e9d\u00e9 du discours d\u2019accueil du Maire de Nantes, Patrick Rimbert, [&hellip;]<\/p>\n","protected":false},"author":1,"featured_media":564,"comment_status":"open","ping_status":"open","sticky":false,"template":"","format":"standard","meta":{"footnotes":""},"categories":[34,450],"tags":[],"class_list":{"0":"post-4095","1":"post","2":"type-post","3":"status-publish","4":"format-standard","5":"has-post-thumbnail","7":"category-activites","8":"category-cnc"},"yoast_head":"<!-- This site is optimized with the Yoast SEO plugin v27.4 - https:\/\/yoast.com\/product\/yoast-seo-wordpress\/ -->\n<title>[CNC] S\u00e9minaire Coh\u00e9sion nationale et citoyennet\u00e9 Nantes 2013, en partenariat avec Lafarge et EDF. - Fonds de dotation de l&#039;IHEDN<\/title>\n<meta name=\"robots\" content=\"index, follow, max-snippet:-1, max-image-preview:large, max-video-preview:-1\" \/>\n<link rel=\"canonical\" href=\"https:\/\/fdd-ihedn.fr\/en\/suivi-du-seminaire-cohesion-nationale-et-citoyennete-nantes-2013-en-partenariat-avec-lafarge-et-edf\/\" \/>\n<meta property=\"og:locale\" content=\"en_GB\" \/>\n<meta property=\"og:type\" content=\"article\" \/>\n<meta property=\"og:title\" content=\"[CNC] S\u00e9minaire Coh\u00e9sion nationale et citoyennet\u00e9 Nantes 2013, en partenariat avec Lafarge et EDF. - Fonds de dotation de l&#039;IHEDN\" \/>\n<meta property=\"og:description\" content=\"Le s\u00e9minaire \u00ab\u00a0Coh\u00e9sion nationale et citoyennet\u00e9\u00a0\u00bb de Nantes, qui se tient gr\u00e2ce aux m\u00e9c\u00e9nats de LAFARGE et d\u2019EDF, s\u2019est ouvert le mercredi 3 avril 2013, \u00e0 l\u2019h\u00f4tel Novotel Centre cit\u00e9 des congr\u00e8s. Le discours d\u2019ouverture du Pr\u00e9fet Jo\u00ebl Bouchit\u00e9, Secr\u00e9taire g\u00e9n\u00e9ral et Directeur-adjoint de l\u2019IHEDN, pr\u00e9c\u00e9d\u00e9 du discours d\u2019accueil du Maire de Nantes, Patrick Rimbert, [&hellip;]\" \/>\n<meta property=\"og:url\" content=\"https:\/\/fdd-ihedn.fr\/en\/suivi-du-seminaire-cohesion-nationale-et-citoyennete-nantes-2013-en-partenariat-avec-lafarge-et-edf\/\" \/>\n<meta property=\"og:site_name\" content=\"Fonds de dotation de l&#039;IHEDN\" \/>\n<meta property=\"article:published_time\" content=\"2013-04-05T16:15:28+00:00\" \/>\n<meta property=\"article:modified_time\" content=\"2022-02-04T13:27:01+00:00\" \/>\n<meta name=\"author\" content=\"dev\" \/>\n<meta name=\"twitter:card\" content=\"summary_large_image\" \/>\n<meta name=\"twitter:creator\" content=\"@Chaire_Ecodef\" \/>\n<meta name=\"twitter:site\" content=\"@Chaire_Ecodef\" \/>\n<meta name=\"twitter:label1\" content=\"Written by\" \/>\n\t<meta name=\"twitter:data1\" content=\"dev\" \/>\n\t<meta name=\"twitter:label2\" content=\"Estimated reading time\" \/>\n\t<meta name=\"twitter:data2\" content=\"3 minutes\" \/>\n<script type=\"application\/ld+json\" class=\"yoast-schema-graph\">{\"@context\":\"https:\\\/\\\/schema.org\",\"@graph\":[{\"@type\":\"Article\",\"@id\":\"https:\\\/\\\/fdd-ihedn.fr\\\/suivi-du-seminaire-cohesion-nationale-et-citoyennete-nantes-2013-en-partenariat-avec-lafarge-et-edf\\\/#article\",\"isPartOf\":{\"@id\":\"https:\\\/\\\/fdd-ihedn.fr\\\/suivi-du-seminaire-cohesion-nationale-et-citoyennete-nantes-2013-en-partenariat-avec-lafarge-et-edf\\\/\"},\"author\":{\"name\":\"dev\",\"@id\":\"https:\\\/\\\/fdd-ihedn.fr\\\/#\\\/schema\\\/person\\\/9fdc5a3e2e544ff0f51c5e0732af0c12\"},\"headline\":\"[CNC] S\u00e9minaire Coh\u00e9sion nationale et citoyennet\u00e9 Nantes 2013, en partenariat avec Lafarge et EDF.\",\"datePublished\":\"2013-04-05T16:15:28+00:00\",\"dateModified\":\"2022-02-04T13:27:01+00:00\",\"mainEntityOfPage\":{\"@id\":\"https:\\\/\\\/fdd-ihedn.fr\\\/suivi-du-seminaire-cohesion-nationale-et-citoyennete-nantes-2013-en-partenariat-avec-lafarge-et-edf\\\/\"},\"wordCount\":604,\"commentCount\":0,\"publisher\":{\"@id\":\"https:\\\/\\\/fdd-ihedn.fr\\\/#organization\"},\"image\":{\"@id\":\"https:\\\/\\\/fdd-ihedn.fr\\\/suivi-du-seminaire-cohesion-nationale-et-citoyennete-nantes-2013-en-partenariat-avec-lafarge-et-edf\\\/#primaryimage\"},\"thumbnailUrl\":\"\",\"articleSection\":[\"Activit\u00e9s\",\"CNC\"],\"inLanguage\":\"en-GB\",\"potentialAction\":[{\"@type\":\"CommentAction\",\"name\":\"Comment\",\"target\":[\"https:\\\/\\\/fdd-ihedn.fr\\\/suivi-du-seminaire-cohesion-nationale-et-citoyennete-nantes-2013-en-partenariat-avec-lafarge-et-edf\\\/#respond\"]}]},{\"@type\":\"WebPage\",\"@id\":\"https:\\\/\\\/fdd-ihedn.fr\\\/suivi-du-seminaire-cohesion-nationale-et-citoyennete-nantes-2013-en-partenariat-avec-lafarge-et-edf\\\/\",\"url\":\"https:\\\/\\\/fdd-ihedn.fr\\\/suivi-du-seminaire-cohesion-nationale-et-citoyennete-nantes-2013-en-partenariat-avec-lafarge-et-edf\\\/\",\"name\":\"[CNC] S\u00e9minaire Coh\u00e9sion nationale et citoyennet\u00e9 Nantes 2013, en partenariat avec Lafarge et EDF. - Fonds de dotation de l&#039;IHEDN\",\"isPartOf\":{\"@id\":\"https:\\\/\\\/fdd-ihedn.fr\\\/#website\"},\"primaryImageOfPage\":{\"@id\":\"https:\\\/\\\/fdd-ihedn.fr\\\/suivi-du-seminaire-cohesion-nationale-et-citoyennete-nantes-2013-en-partenariat-avec-lafarge-et-edf\\\/#primaryimage\"},\"image\":{\"@id\":\"https:\\\/\\\/fdd-ihedn.fr\\\/suivi-du-seminaire-cohesion-nationale-et-citoyennete-nantes-2013-en-partenariat-avec-lafarge-et-edf\\\/#primaryimage\"},\"thumbnailUrl\":\"\",\"datePublished\":\"2013-04-05T16:15:28+00:00\",\"dateModified\":\"2022-02-04T13:27:01+00:00\",\"breadcrumb\":{\"@id\":\"https:\\\/\\\/fdd-ihedn.fr\\\/suivi-du-seminaire-cohesion-nationale-et-citoyennete-nantes-2013-en-partenariat-avec-lafarge-et-edf\\\/#breadcrumb\"},\"inLanguage\":\"en-GB\",\"potentialAction\":[{\"@type\":\"ReadAction\",\"target\":[\"https:\\\/\\\/fdd-ihedn.fr\\\/suivi-du-seminaire-cohesion-nationale-et-citoyennete-nantes-2013-en-partenariat-avec-lafarge-et-edf\\\/\"]}]},{\"@type\":\"ImageObject\",\"inLanguage\":\"en-GB\",\"@id\":\"https:\\\/\\\/fdd-ihedn.fr\\\/suivi-du-seminaire-cohesion-nationale-et-citoyennete-nantes-2013-en-partenariat-avec-lafarge-et-edf\\\/#primaryimage\",\"url\":\"\",\"contentUrl\":\"\"},{\"@type\":\"BreadcrumbList\",\"@id\":\"https:\\\/\\\/fdd-ihedn.fr\\\/suivi-du-seminaire-cohesion-nationale-et-citoyennete-nantes-2013-en-partenariat-avec-lafarge-et-edf\\\/#breadcrumb\",\"itemListElement\":[{\"@type\":\"ListItem\",\"position\":1,\"name\":\"Accueil\",\"item\":\"https:\\\/\\\/fdd-ihedn.fr\\\/\"},{\"@type\":\"ListItem\",\"position\":2,\"name\":\"[CNC] S\u00e9minaire Coh\u00e9sion nationale et citoyennet\u00e9 Nantes 2013, en partenariat avec Lafarge et EDF.\"}]},{\"@type\":\"WebSite\",\"@id\":\"https:\\\/\\\/fdd-ihedn.fr\\\/#website\",\"url\":\"https:\\\/\\\/fdd-ihedn.fr\\\/\",\"name\":\"Fonds de dotation de l&#039;IHEDN\",\"description\":\"Des projets innovants d\u00e9velopp\u00e9s pour l&#039;IHEDN gr\u00e2ce au m\u00e9c\u00e9nat\",\"publisher\":{\"@id\":\"https:\\\/\\\/fdd-ihedn.fr\\\/#organization\"},\"potentialAction\":[{\"@type\":\"SearchAction\",\"target\":{\"@type\":\"EntryPoint\",\"urlTemplate\":\"https:\\\/\\\/fdd-ihedn.fr\\\/?s={search_term_string}\"},\"query-input\":{\"@type\":\"PropertyValueSpecification\",\"valueRequired\":true,\"valueName\":\"search_term_string\"}}],\"inLanguage\":\"en-GB\"},{\"@type\":\"Organization\",\"@id\":\"https:\\\/\\\/fdd-ihedn.fr\\\/#organization\",\"name\":\"Chaire \u00c9conomie de d\u00e9fense - IHEDN\",\"url\":\"https:\\\/\\\/fdd-ihedn.fr\\\/\",\"logo\":{\"@type\":\"ImageObject\",\"inLanguage\":\"en-GB\",\"@id\":\"https:\\\/\\\/fdd-ihedn.fr\\\/#\\\/schema\\\/logo\\\/image\\\/\",\"url\":\"https:\\\/\\\/fdd-ihedn.fr\\\/wp-content\\\/uploads\\\/2020\\\/04\\\/logoEcodef9.jpg\",\"contentUrl\":\"https:\\\/\\\/fdd-ihedn.fr\\\/wp-content\\\/uploads\\\/2020\\\/04\\\/logoEcodef9.jpg\",\"width\":410,\"height\":212,\"caption\":\"Chaire \u00c9conomie de d\u00e9fense - IHEDN\"},\"image\":{\"@id\":\"https:\\\/\\\/fdd-ihedn.fr\\\/#\\\/schema\\\/logo\\\/image\\\/\"},\"sameAs\":[\"https:\\\/\\\/x.com\\\/Chaire_Ecodef\",\"https:\\\/\\\/www.linkedin.com\\\/company\\\/chaire-ecodef-ihedn\\\/\"]},{\"@type\":\"Person\",\"@id\":\"https:\\\/\\\/fdd-ihedn.fr\\\/#\\\/schema\\\/person\\\/9fdc5a3e2e544ff0f51c5e0732af0c12\",\"name\":\"dev\",\"image\":{\"@type\":\"ImageObject\",\"inLanguage\":\"en-GB\",\"@id\":\"https:\\\/\\\/secure.gravatar.com\\\/avatar\\\/f1ffcac9ca2fa95ad3ec33e9be3ade82f752acb0cabe541e56c5889225afa88a?s=96&d=mm&r=g\",\"url\":\"https:\\\/\\\/secure.gravatar.com\\\/avatar\\\/f1ffcac9ca2fa95ad3ec33e9be3ade82f752acb0cabe541e56c5889225afa88a?s=96&d=mm&r=g\",\"contentUrl\":\"https:\\\/\\\/secure.gravatar.com\\\/avatar\\\/f1ffcac9ca2fa95ad3ec33e9be3ade82f752acb0cabe541e56c5889225afa88a?s=96&d=mm&r=g\",\"caption\":\"dev\"},\"url\":\"https:\\\/\\\/fdd-ihedn.fr\\\/en\\\/author\\\/dev\\\/\"}]}<\/script>\n<!-- \/ Yoast SEO plugin. -->","yoast_head_json":{"title":"[CNC] S\u00e9minaire Coh\u00e9sion nationale et citoyennet\u00e9 Nantes 2013, en partenariat avec Lafarge et EDF. - Fonds de dotation de l&#039;IHEDN","robots":{"index":"index","follow":"follow","max-snippet":"max-snippet:-1","max-image-preview":"max-image-preview:large","max-video-preview":"max-video-preview:-1"},"canonical":"https:\/\/fdd-ihedn.fr\/en\/suivi-du-seminaire-cohesion-nationale-et-citoyennete-nantes-2013-en-partenariat-avec-lafarge-et-edf\/","og_locale":"en_GB","og_type":"article","og_title":"[CNC] S\u00e9minaire Coh\u00e9sion nationale et citoyennet\u00e9 Nantes 2013, en partenariat avec Lafarge et EDF. - Fonds de dotation de l&#039;IHEDN","og_description":"Le s\u00e9minaire \u00ab\u00a0Coh\u00e9sion nationale et citoyennet\u00e9\u00a0\u00bb de Nantes, qui se tient gr\u00e2ce aux m\u00e9c\u00e9nats de LAFARGE et d\u2019EDF, s\u2019est ouvert le mercredi 3 avril 2013, \u00e0 l\u2019h\u00f4tel Novotel Centre cit\u00e9 des congr\u00e8s. Le discours d\u2019ouverture du Pr\u00e9fet Jo\u00ebl Bouchit\u00e9, Secr\u00e9taire g\u00e9n\u00e9ral et Directeur-adjoint de l\u2019IHEDN, pr\u00e9c\u00e9d\u00e9 du discours d\u2019accueil du Maire de Nantes, Patrick Rimbert, [&hellip;]","og_url":"https:\/\/fdd-ihedn.fr\/en\/suivi-du-seminaire-cohesion-nationale-et-citoyennete-nantes-2013-en-partenariat-avec-lafarge-et-edf\/","og_site_name":"Fonds de dotation de l&#039;IHEDN","article_published_time":"2013-04-05T16:15:28+00:00","article_modified_time":"2022-02-04T13:27:01+00:00","author":"dev","twitter_card":"summary_large_image","twitter_creator":"@Chaire_Ecodef","twitter_site":"@Chaire_Ecodef","twitter_misc":{"Written by":"dev","Estimated reading time":"3 minutes"},"schema":{"@context":"https:\/\/schema.org","@graph":[{"@type":"Article","@id":"https:\/\/fdd-ihedn.fr\/suivi-du-seminaire-cohesion-nationale-et-citoyennete-nantes-2013-en-partenariat-avec-lafarge-et-edf\/#article","isPartOf":{"@id":"https:\/\/fdd-ihedn.fr\/suivi-du-seminaire-cohesion-nationale-et-citoyennete-nantes-2013-en-partenariat-avec-lafarge-et-edf\/"},"author":{"name":"dev","@id":"https:\/\/fdd-ihedn.fr\/#\/schema\/person\/9fdc5a3e2e544ff0f51c5e0732af0c12"},"headline":"[CNC] S\u00e9minaire Coh\u00e9sion nationale et citoyennet\u00e9 Nantes 2013, en partenariat avec Lafarge et EDF.","datePublished":"2013-04-05T16:15:28+00:00","dateModified":"2022-02-04T13:27:01+00:00","mainEntityOfPage":{"@id":"https:\/\/fdd-ihedn.fr\/suivi-du-seminaire-cohesion-nationale-et-citoyennete-nantes-2013-en-partenariat-avec-lafarge-et-edf\/"},"wordCount":604,"commentCount":0,"publisher":{"@id":"https:\/\/fdd-ihedn.fr\/#organization"},"image":{"@id":"https:\/\/fdd-ihedn.fr\/suivi-du-seminaire-cohesion-nationale-et-citoyennete-nantes-2013-en-partenariat-avec-lafarge-et-edf\/#primaryimage"},"thumbnailUrl":"","articleSection":["Activit\u00e9s","CNC"],"inLanguage":"en-GB","potentialAction":[{"@type":"CommentAction","name":"Comment","target":["https:\/\/fdd-ihedn.fr\/suivi-du-seminaire-cohesion-nationale-et-citoyennete-nantes-2013-en-partenariat-avec-lafarge-et-edf\/#respond"]}]},{"@type":"WebPage","@id":"https:\/\/fdd-ihedn.fr\/suivi-du-seminaire-cohesion-nationale-et-citoyennete-nantes-2013-en-partenariat-avec-lafarge-et-edf\/","url":"https:\/\/fdd-ihedn.fr\/suivi-du-seminaire-cohesion-nationale-et-citoyennete-nantes-2013-en-partenariat-avec-lafarge-et-edf\/","name":"[CNC] S\u00e9minaire Coh\u00e9sion nationale et citoyennet\u00e9 Nantes 2013, en partenariat avec Lafarge et EDF. - Fonds de dotation de l&#039;IHEDN","isPartOf":{"@id":"https:\/\/fdd-ihedn.fr\/#website"},"primaryImageOfPage":{"@id":"https:\/\/fdd-ihedn.fr\/suivi-du-seminaire-cohesion-nationale-et-citoyennete-nantes-2013-en-partenariat-avec-lafarge-et-edf\/#primaryimage"},"image":{"@id":"https:\/\/fdd-ihedn.fr\/suivi-du-seminaire-cohesion-nationale-et-citoyennete-nantes-2013-en-partenariat-avec-lafarge-et-edf\/#primaryimage"},"thumbnailUrl":"","datePublished":"2013-04-05T16:15:28+00:00","dateModified":"2022-02-04T13:27:01+00:00","breadcrumb":{"@id":"https:\/\/fdd-ihedn.fr\/suivi-du-seminaire-cohesion-nationale-et-citoyennete-nantes-2013-en-partenariat-avec-lafarge-et-edf\/#breadcrumb"},"inLanguage":"en-GB","potentialAction":[{"@type":"ReadAction","target":["https:\/\/fdd-ihedn.fr\/suivi-du-seminaire-cohesion-nationale-et-citoyennete-nantes-2013-en-partenariat-avec-lafarge-et-edf\/"]}]},{"@type":"ImageObject","inLanguage":"en-GB","@id":"https:\/\/fdd-ihedn.fr\/suivi-du-seminaire-cohesion-nationale-et-citoyennete-nantes-2013-en-partenariat-avec-lafarge-et-edf\/#primaryimage","url":"","contentUrl":""},{"@type":"BreadcrumbList","@id":"https:\/\/fdd-ihedn.fr\/suivi-du-seminaire-cohesion-nationale-et-citoyennete-nantes-2013-en-partenariat-avec-lafarge-et-edf\/#breadcrumb","itemListElement":[{"@type":"ListItem","position":1,"name":"Accueil","item":"https:\/\/fdd-ihedn.fr\/"},{"@type":"ListItem","position":2,"name":"[CNC] S\u00e9minaire Coh\u00e9sion nationale et citoyennet\u00e9 Nantes 2013, en partenariat avec Lafarge et EDF."}]},{"@type":"WebSite","@id":"https:\/\/fdd-ihedn.fr\/#website","url":"https:\/\/fdd-ihedn.fr\/","name":"IHEDN Endowment Fund","description":"Innovative projects developed for IHEDN thanks to sponsorship","publisher":{"@id":"https:\/\/fdd-ihedn.fr\/#organization"},"potentialAction":[{"@type":"SearchAction","target":{"@type":"EntryPoint","urlTemplate":"https:\/\/fdd-ihedn.fr\/?s={search_term_string}"},"query-input":{"@type":"PropertyValueSpecification","valueRequired":true,"valueName":"search_term_string"}}],"inLanguage":"en-GB"},{"@type":"Organization","@id":"https:\/\/fdd-ihedn.fr\/#organization","name":"Chair in Defence Economics - IHEDN","url":"https:\/\/fdd-ihedn.fr\/","logo":{"@type":"ImageObject","inLanguage":"en-GB","@id":"https:\/\/fdd-ihedn.fr\/#\/schema\/logo\/image\/","url":"https:\/\/fdd-ihedn.fr\/wp-content\/uploads\/2020\/04\/logoEcodef9.jpg","contentUrl":"https:\/\/fdd-ihedn.fr\/wp-content\/uploads\/2020\/04\/logoEcodef9.jpg","width":410,"height":212,"caption":"Chaire \u00c9conomie de d\u00e9fense - IHEDN"},"image":{"@id":"https:\/\/fdd-ihedn.fr\/#\/schema\/logo\/image\/"},"sameAs":["https:\/\/x.com\/Chaire_Ecodef","https:\/\/www.linkedin.com\/company\/chaire-ecodef-ihedn\/"]},{"@type":"Person","@id":"https:\/\/fdd-ihedn.fr\/#\/schema\/person\/9fdc5a3e2e544ff0f51c5e0732af0c12","name":"dev","image":{"@type":"ImageObject","inLanguage":"en-GB","@id":"https:\/\/secure.gravatar.com\/avatar\/f1ffcac9ca2fa95ad3ec33e9be3ade82f752acb0cabe541e56c5889225afa88a?s=96&d=mm&r=g","url":"https:\/\/secure.gravatar.com\/avatar\/f1ffcac9ca2fa95ad3ec33e9be3ade82f752acb0cabe541e56c5889225afa88a?s=96&d=mm&r=g","contentUrl":"https:\/\/secure.gravatar.com\/avatar\/f1ffcac9ca2fa95ad3ec33e9be3ade82f752acb0cabe541e56c5889225afa88a?s=96&d=mm&r=g","caption":"dev"},"url":"https:\/\/fdd-ihedn.fr\/en\/author\/dev\/"}]}},"_links":{"self":[{"href":"https:\/\/fdd-ihedn.fr\/en\/wp-json\/wp\/v2\/posts\/4095","targetHints":{"allow":["GET"]}}],"collection":[{"href":"https:\/\/fdd-ihedn.fr\/en\/wp-json\/wp\/v2\/posts"}],"about":[{"href":"https:\/\/fdd-ihedn.fr\/en\/wp-json\/wp\/v2\/types\/post"}],"author":[{"embeddable":true,"href":"https:\/\/fdd-ihedn.fr\/en\/wp-json\/wp\/v2\/users\/1"}],"replies":[{"embeddable":true,"href":"https:\/\/fdd-ihedn.fr\/en\/wp-json\/wp\/v2\/comments?post=4095"}],"version-history":[{"count":2,"href":"https:\/\/fdd-ihedn.fr\/en\/wp-json\/wp\/v2\/posts\/4095\/revisions"}],"predecessor-version":[{"id":4974,"href":"https:\/\/fdd-ihedn.fr\/en\/wp-json\/wp\/v2\/posts\/4095\/revisions\/4974"}],"wp:featuredmedia":[{"embeddable":true,"href":"https:\/\/fdd-ihedn.fr\/en\/wp-json\/"}],"wp:attachment":[{"href":"https:\/\/fdd-ihedn.fr\/en\/wp-json\/wp\/v2\/media?parent=4095"}],"wp:term":[{"taxonomy":"category","embeddable":true,"href":"https:\/\/fdd-ihedn.fr\/en\/wp-json\/wp\/v2\/categories?post=4095"},{"taxonomy":"post_tag","embeddable":true,"href":"https:\/\/fdd-ihedn.fr\/en\/wp-json\/wp\/v2\/tags?post=4095"}],"curies":[{"name":"wp","href":"https:\/\/api.w.org\/{rel}","templated":true}]}}