{"id":4093,"date":"2013-01-11T15:26:43","date_gmt":"2013-01-11T14:26:43","guid":{"rendered":"https:\/\/fdd.concilium.click\/seminaire-cohesion-nationale-et-citoyennete-nantes-2013\/"},"modified":"2022-02-04T14:26:32","modified_gmt":"2022-02-04T13:26:32","slug":"seminaire-cohesion-nationale-et-citoyennete-nantes-2013","status":"publish","type":"post","link":"https:\/\/fdd-ihedn.fr\/en\/seminaire-cohesion-nationale-et-citoyennete-nantes-2013\/","title":{"rendered":"[CNC] S\u00e9minaire  \u00ab\u00a0Coh\u00e9sion nationale et citoyennet\u00e9\u00a0\u00bb Nantes 2013, en partenariat avec Lafarge et EDF."},"content":{"rendered":"<p><strong>Download the registration form :<\/strong>\u00a0<a href=\"https:\/\/fdd-ihedn.fr\/wp-content\/uploads\/2013\/01\/CNC-4-Nantes-Fiche-dinscription-CNC-Nantes.xls\">CNC Nantes &#8211; Fiche d&rsquo;inscription<\/a><\/p>\n<p>Le <em>IHEDN Partners' Circle<\/em>, organise le prochain s\u00e9minaire \u00ab\u00a0Coh\u00e9sion nationale et citoyennet\u00e9\u00a0\u00bb \u00e0 Nantes, les\u00a0:<\/p>\n<ul>\n<li><strong>Mercredi 3, 10 et 17 avril\u00a0;<\/strong><\/li>\n<li><strong>Mercredi 15 mai\u00a0;<\/strong><\/li>\n<li><strong>Vendredi 7 juin 2013.<\/strong><\/li>\n<\/ul>\n<p><strong>Lieu du s\u00e9minaire\u00a0:<\/strong><br \/>\nH\u00f4tel Novotel Centre cit\u00e9 des congr\u00e8s, 3 Rue de Valmy, 44000 Nantes.<\/p>\n<p>Ce s\u00e9minaire est \u00e0 l\u2019attention de trente personnes\u00a0: acteurs du milieu associatif, institutionnel et scolaire de la r\u00e9gion nantaise, ayant un r\u00f4le de relais aupr\u00e8s de jeunes expos\u00e9s au risque de marginalisation. L\u2019objectif est de susciter un \u00e9change sur la notion de citoyennet\u00e9 chez les jeunes.<\/p>\n<p>Le programme comprend des conf\u00e9rences, tables rondes, visite et travaux de comit\u00e9. Tout au long du s\u00e9minaire, des th\u00e8mes aussi vari\u00e9s que l\u2019insertion professionnelle des jeunes, les d\u00e9fis auxquels fait face la coh\u00e9sion nationale ou l\u2019adh\u00e9sion de la jeunesse \u00e0 la nation seront \u00e0 l\u2019\u00e9tude, faisant ainsi l\u2019objet d\u2019une r\u00e9flexion collective.<\/p>\n<p>R\u00e9partis dans deux comit\u00e9s, les stagiaires du s\u00e9minaire auront \u00e0 mener une r\u00e9flexion autour des questions de citoyennet\u00e9, de coh\u00e9sion sociale, d\u2019insertion et d\u2019int\u00e9gration des jeunes. Les travaux de comit\u00e9 occupant une place centrale dans le s\u00e9minaire, les auditeurs y participant exposeront, lors des restitutions finales, une synth\u00e8se de leurs r\u00e9flexions, ainsi que des id\u00e9es d\u2019instruments effectifs de renforcement de la citoyennet\u00e9.<\/p>\n<p>Confront\u00e9s tous aux m\u00eames probl\u00e9matiques locales, les stagiaires du s\u00e9minaire \u00ab\u00a0Coh\u00e9sion nationale et citoyennet\u00e9\u00a0\u00bb de Nantes auront ainsi l\u2019opportunit\u00e9 de se r\u00e9unir cinq jours durant et de mettre en perspective leurs approches pour accompagner les jeunes en difficult\u00e9. La grande diversit\u00e9 des parcours et des exp\u00e9riences de chacun permettra de cr\u00e9er les conditions de r\u00e9flexions collectives d\u2019une grande richesse.<\/p>\n<p><strong>Informations compl\u00e9mentaires\u00a0:<\/strong><br \/>\nLa formation est gratuite.<\/p>\n<p><strong>Contact \/ Inscription\u00a0:<\/strong><br \/>\nLa demande d\u2019inscription se fait aupr\u00e8s de Mathias Nirman, chef de projet s\u00e9minaires\u00a0: seminaires@ihednpartenaires.fr \/ 01.44.42.43.61.<\/p>","protected":false},"excerpt":{"rendered":"<p>T\u00e9l\u00e9charger la fiche d&rsquo;inscription :\u00a0CNC Nantes &#8211; Fiche d&rsquo;inscription Le Cercle des partenaires de l\u2019IHEDN, organise le prochain s\u00e9minaire \u00ab\u00a0Coh\u00e9sion nationale et citoyennet\u00e9\u00a0\u00bb \u00e0 Nantes, les\u00a0: Mercredi 3, 10 et 17 avril\u00a0; Mercredi 15 mai\u00a0; Vendredi 7 juin 2013. Lieu du s\u00e9minaire\u00a0: H\u00f4tel Novotel Centre cit\u00e9 des congr\u00e8s, 3 Rue de Valmy, 44000 Nantes. Ce [&hellip;]<\/p>\n","protected":false},"author":1,"featured_media":564,"comment_status":"open","ping_status":"open","sticky":false,"template":"","format":"standard","meta":{"footnotes":""},"categories":[34,450],"tags":[],"class_list":{"0":"post-4093","1":"post","2":"type-post","3":"status-publish","4":"format-standard","5":"has-post-thumbnail","7":"category-activites","8":"category-cnc"},"yoast_head":"<!-- This site is optimized with the Yoast SEO plugin v27.4 - https:\/\/yoast.com\/product\/yoast-seo-wordpress\/ -->\n<title>[CNC] S\u00e9minaire \u00ab\u00a0Coh\u00e9sion nationale et citoyennet\u00e9\u00a0\u00bb Nantes 2013, en partenariat avec Lafarge et EDF. - Fonds de dotation de l&#039;IHEDN<\/title>\n<meta name=\"robots\" content=\"index, follow, max-snippet:-1, max-image-preview:large, max-video-preview:-1\" \/>\n<link rel=\"canonical\" href=\"https:\/\/fdd-ihedn.fr\/en\/seminaire-cohesion-nationale-et-citoyennete-nantes-2013\/\" \/>\n<meta property=\"og:locale\" content=\"en_GB\" \/>\n<meta property=\"og:type\" content=\"article\" \/>\n<meta property=\"og:title\" content=\"[CNC] S\u00e9minaire \u00ab\u00a0Coh\u00e9sion nationale et citoyennet\u00e9\u00a0\u00bb Nantes 2013, en partenariat avec Lafarge et EDF. - Fonds de dotation de l&#039;IHEDN\" \/>\n<meta property=\"og:description\" content=\"T\u00e9l\u00e9charger la fiche d&rsquo;inscription :\u00a0CNC Nantes &#8211; Fiche d&rsquo;inscription Le Cercle des partenaires de l\u2019IHEDN, organise le prochain s\u00e9minaire \u00ab\u00a0Coh\u00e9sion nationale et citoyennet\u00e9\u00a0\u00bb \u00e0 Nantes, les\u00a0: Mercredi 3, 10 et 17 avril\u00a0; Mercredi 15 mai\u00a0; Vendredi 7 juin 2013. Lieu du s\u00e9minaire\u00a0: H\u00f4tel Novotel Centre cit\u00e9 des congr\u00e8s, 3 Rue de Valmy, 44000 Nantes. Ce [&hellip;]\" \/>\n<meta property=\"og:url\" content=\"https:\/\/fdd-ihedn.fr\/en\/seminaire-cohesion-nationale-et-citoyennete-nantes-2013\/\" \/>\n<meta property=\"og:site_name\" content=\"Fonds de dotation de l&#039;IHEDN\" \/>\n<meta property=\"article:published_time\" content=\"2013-01-11T14:26:43+00:00\" \/>\n<meta property=\"article:modified_time\" content=\"2022-02-04T13:26:32+00:00\" \/>\n<meta name=\"author\" content=\"dev\" \/>\n<meta name=\"twitter:card\" content=\"summary_large_image\" \/>\n<meta name=\"twitter:creator\" content=\"@Chaire_Ecodef\" \/>\n<meta name=\"twitter:site\" content=\"@Chaire_Ecodef\" \/>\n<meta name=\"twitter:label1\" content=\"Written by\" \/>\n\t<meta name=\"twitter:data1\" content=\"dev\" \/>\n\t<meta name=\"twitter:label2\" content=\"Estimated reading time\" \/>\n\t<meta name=\"twitter:data2\" content=\"2 minutes\" \/>\n<script type=\"application\/ld+json\" class=\"yoast-schema-graph\">{\"@context\":\"https:\\\/\\\/schema.org\",\"@graph\":[{\"@type\":\"Article\",\"@id\":\"https:\\\/\\\/fdd-ihedn.fr\\\/seminaire-cohesion-nationale-et-citoyennete-nantes-2013\\\/#article\",\"isPartOf\":{\"@id\":\"https:\\\/\\\/fdd-ihedn.fr\\\/seminaire-cohesion-nationale-et-citoyennete-nantes-2013\\\/\"},\"author\":{\"name\":\"dev\",\"@id\":\"https:\\\/\\\/fdd-ihedn.fr\\\/#\\\/schema\\\/person\\\/9fdc5a3e2e544ff0f51c5e0732af0c12\"},\"headline\":\"[CNC] S\u00e9minaire \u00ab\u00a0Coh\u00e9sion nationale et citoyennet\u00e9\u00a0\u00bb Nantes 2013, en partenariat avec Lafarge et EDF.\",\"datePublished\":\"2013-01-11T14:26:43+00:00\",\"dateModified\":\"2022-02-04T13:26:32+00:00\",\"mainEntityOfPage\":{\"@id\":\"https:\\\/\\\/fdd-ihedn.fr\\\/seminaire-cohesion-nationale-et-citoyennete-nantes-2013\\\/\"},\"wordCount\":356,\"commentCount\":0,\"publisher\":{\"@id\":\"https:\\\/\\\/fdd-ihedn.fr\\\/#organization\"},\"image\":{\"@id\":\"https:\\\/\\\/fdd-ihedn.fr\\\/seminaire-cohesion-nationale-et-citoyennete-nantes-2013\\\/#primaryimage\"},\"thumbnailUrl\":\"\",\"articleSection\":[\"Activit\u00e9s\",\"CNC\"],\"inLanguage\":\"en-GB\",\"potentialAction\":[{\"@type\":\"CommentAction\",\"name\":\"Comment\",\"target\":[\"https:\\\/\\\/fdd-ihedn.fr\\\/seminaire-cohesion-nationale-et-citoyennete-nantes-2013\\\/#respond\"]}]},{\"@type\":\"WebPage\",\"@id\":\"https:\\\/\\\/fdd-ihedn.fr\\\/seminaire-cohesion-nationale-et-citoyennete-nantes-2013\\\/\",\"url\":\"https:\\\/\\\/fdd-ihedn.fr\\\/seminaire-cohesion-nationale-et-citoyennete-nantes-2013\\\/\",\"name\":\"[CNC] S\u00e9minaire \u00ab\u00a0Coh\u00e9sion nationale et citoyennet\u00e9\u00a0\u00bb Nantes 2013, en partenariat avec Lafarge et EDF. - Fonds de dotation de l&#039;IHEDN\",\"isPartOf\":{\"@id\":\"https:\\\/\\\/fdd-ihedn.fr\\\/#website\"},\"primaryImageOfPage\":{\"@id\":\"https:\\\/\\\/fdd-ihedn.fr\\\/seminaire-cohesion-nationale-et-citoyennete-nantes-2013\\\/#primaryimage\"},\"image\":{\"@id\":\"https:\\\/\\\/fdd-ihedn.fr\\\/seminaire-cohesion-nationale-et-citoyennete-nantes-2013\\\/#primaryimage\"},\"thumbnailUrl\":\"\",\"datePublished\":\"2013-01-11T14:26:43+00:00\",\"dateModified\":\"2022-02-04T13:26:32+00:00\",\"breadcrumb\":{\"@id\":\"https:\\\/\\\/fdd-ihedn.fr\\\/seminaire-cohesion-nationale-et-citoyennete-nantes-2013\\\/#breadcrumb\"},\"inLanguage\":\"en-GB\",\"potentialAction\":[{\"@type\":\"ReadAction\",\"target\":[\"https:\\\/\\\/fdd-ihedn.fr\\\/seminaire-cohesion-nationale-et-citoyennete-nantes-2013\\\/\"]}]},{\"@type\":\"ImageObject\",\"inLanguage\":\"en-GB\",\"@id\":\"https:\\\/\\\/fdd-ihedn.fr\\\/seminaire-cohesion-nationale-et-citoyennete-nantes-2013\\\/#primaryimage\",\"url\":\"\",\"contentUrl\":\"\"},{\"@type\":\"BreadcrumbList\",\"@id\":\"https:\\\/\\\/fdd-ihedn.fr\\\/seminaire-cohesion-nationale-et-citoyennete-nantes-2013\\\/#breadcrumb\",\"itemListElement\":[{\"@type\":\"ListItem\",\"position\":1,\"name\":\"Accueil\",\"item\":\"https:\\\/\\\/fdd-ihedn.fr\\\/\"},{\"@type\":\"ListItem\",\"position\":2,\"name\":\"[CNC] S\u00e9minaire \u00ab\u00a0Coh\u00e9sion nationale et citoyennet\u00e9\u00a0\u00bb Nantes 2013, en partenariat avec Lafarge et EDF.\"}]},{\"@type\":\"WebSite\",\"@id\":\"https:\\\/\\\/fdd-ihedn.fr\\\/#website\",\"url\":\"https:\\\/\\\/fdd-ihedn.fr\\\/\",\"name\":\"Fonds de dotation de l&#039;IHEDN\",\"description\":\"Des projets innovants d\u00e9velopp\u00e9s pour l&#039;IHEDN gr\u00e2ce au m\u00e9c\u00e9nat\",\"publisher\":{\"@id\":\"https:\\\/\\\/fdd-ihedn.fr\\\/#organization\"},\"potentialAction\":[{\"@type\":\"SearchAction\",\"target\":{\"@type\":\"EntryPoint\",\"urlTemplate\":\"https:\\\/\\\/fdd-ihedn.fr\\\/?s={search_term_string}\"},\"query-input\":{\"@type\":\"PropertyValueSpecification\",\"valueRequired\":true,\"valueName\":\"search_term_string\"}}],\"inLanguage\":\"en-GB\"},{\"@type\":\"Organization\",\"@id\":\"https:\\\/\\\/fdd-ihedn.fr\\\/#organization\",\"name\":\"Chaire \u00c9conomie de d\u00e9fense - IHEDN\",\"url\":\"https:\\\/\\\/fdd-ihedn.fr\\\/\",\"logo\":{\"@type\":\"ImageObject\",\"inLanguage\":\"en-GB\",\"@id\":\"https:\\\/\\\/fdd-ihedn.fr\\\/#\\\/schema\\\/logo\\\/image\\\/\",\"url\":\"https:\\\/\\\/fdd-ihedn.fr\\\/wp-content\\\/uploads\\\/2020\\\/04\\\/logoEcodef9.jpg\",\"contentUrl\":\"https:\\\/\\\/fdd-ihedn.fr\\\/wp-content\\\/uploads\\\/2020\\\/04\\\/logoEcodef9.jpg\",\"width\":410,\"height\":212,\"caption\":\"Chaire \u00c9conomie de d\u00e9fense - IHEDN\"},\"image\":{\"@id\":\"https:\\\/\\\/fdd-ihedn.fr\\\/#\\\/schema\\\/logo\\\/image\\\/\"},\"sameAs\":[\"https:\\\/\\\/x.com\\\/Chaire_Ecodef\",\"https:\\\/\\\/www.linkedin.com\\\/company\\\/chaire-ecodef-ihedn\\\/\"]},{\"@type\":\"Person\",\"@id\":\"https:\\\/\\\/fdd-ihedn.fr\\\/#\\\/schema\\\/person\\\/9fdc5a3e2e544ff0f51c5e0732af0c12\",\"name\":\"dev\",\"image\":{\"@type\":\"ImageObject\",\"inLanguage\":\"en-GB\",\"@id\":\"https:\\\/\\\/secure.gravatar.com\\\/avatar\\\/f1ffcac9ca2fa95ad3ec33e9be3ade82f752acb0cabe541e56c5889225afa88a?s=96&d=mm&r=g\",\"url\":\"https:\\\/\\\/secure.gravatar.com\\\/avatar\\\/f1ffcac9ca2fa95ad3ec33e9be3ade82f752acb0cabe541e56c5889225afa88a?s=96&d=mm&r=g\",\"contentUrl\":\"https:\\\/\\\/secure.gravatar.com\\\/avatar\\\/f1ffcac9ca2fa95ad3ec33e9be3ade82f752acb0cabe541e56c5889225afa88a?s=96&d=mm&r=g\",\"caption\":\"dev\"},\"url\":\"https:\\\/\\\/fdd-ihedn.fr\\\/en\\\/author\\\/dev\\\/\"}]}<\/script>\n<!-- \/ Yoast SEO plugin. -->","yoast_head_json":{"title":"[CNC] S\u00e9minaire \u00ab\u00a0Coh\u00e9sion nationale et citoyennet\u00e9\u00a0\u00bb Nantes 2013, en partenariat avec Lafarge et EDF. - Fonds de dotation de l&#039;IHEDN","robots":{"index":"index","follow":"follow","max-snippet":"max-snippet:-1","max-image-preview":"max-image-preview:large","max-video-preview":"max-video-preview:-1"},"canonical":"https:\/\/fdd-ihedn.fr\/en\/seminaire-cohesion-nationale-et-citoyennete-nantes-2013\/","og_locale":"en_GB","og_type":"article","og_title":"[CNC] S\u00e9minaire \u00ab\u00a0Coh\u00e9sion nationale et citoyennet\u00e9\u00a0\u00bb Nantes 2013, en partenariat avec Lafarge et EDF. - Fonds de dotation de l&#039;IHEDN","og_description":"T\u00e9l\u00e9charger la fiche d&rsquo;inscription :\u00a0CNC Nantes &#8211; Fiche d&rsquo;inscription Le Cercle des partenaires de l\u2019IHEDN, organise le prochain s\u00e9minaire \u00ab\u00a0Coh\u00e9sion nationale et citoyennet\u00e9\u00a0\u00bb \u00e0 Nantes, les\u00a0: Mercredi 3, 10 et 17 avril\u00a0; Mercredi 15 mai\u00a0; Vendredi 7 juin 2013. Lieu du s\u00e9minaire\u00a0: H\u00f4tel Novotel Centre cit\u00e9 des congr\u00e8s, 3 Rue de Valmy, 44000 Nantes. Ce [&hellip;]","og_url":"https:\/\/fdd-ihedn.fr\/en\/seminaire-cohesion-nationale-et-citoyennete-nantes-2013\/","og_site_name":"Fonds de dotation de l&#039;IHEDN","article_published_time":"2013-01-11T14:26:43+00:00","article_modified_time":"2022-02-04T13:26:32+00:00","author":"dev","twitter_card":"summary_large_image","twitter_creator":"@Chaire_Ecodef","twitter_site":"@Chaire_Ecodef","twitter_misc":{"Written by":"dev","Estimated reading time":"2 minutes"},"schema":{"@context":"https:\/\/schema.org","@graph":[{"@type":"Article","@id":"https:\/\/fdd-ihedn.fr\/seminaire-cohesion-nationale-et-citoyennete-nantes-2013\/#article","isPartOf":{"@id":"https:\/\/fdd-ihedn.fr\/seminaire-cohesion-nationale-et-citoyennete-nantes-2013\/"},"author":{"name":"dev","@id":"https:\/\/fdd-ihedn.fr\/#\/schema\/person\/9fdc5a3e2e544ff0f51c5e0732af0c12"},"headline":"[CNC] S\u00e9minaire \u00ab\u00a0Coh\u00e9sion nationale et citoyennet\u00e9\u00a0\u00bb Nantes 2013, en partenariat avec Lafarge et EDF.","datePublished":"2013-01-11T14:26:43+00:00","dateModified":"2022-02-04T13:26:32+00:00","mainEntityOfPage":{"@id":"https:\/\/fdd-ihedn.fr\/seminaire-cohesion-nationale-et-citoyennete-nantes-2013\/"},"wordCount":356,"commentCount":0,"publisher":{"@id":"https:\/\/fdd-ihedn.fr\/#organization"},"image":{"@id":"https:\/\/fdd-ihedn.fr\/seminaire-cohesion-nationale-et-citoyennete-nantes-2013\/#primaryimage"},"thumbnailUrl":"","articleSection":["Activit\u00e9s","CNC"],"inLanguage":"en-GB","potentialAction":[{"@type":"CommentAction","name":"Comment","target":["https:\/\/fdd-ihedn.fr\/seminaire-cohesion-nationale-et-citoyennete-nantes-2013\/#respond"]}]},{"@type":"WebPage","@id":"https:\/\/fdd-ihedn.fr\/seminaire-cohesion-nationale-et-citoyennete-nantes-2013\/","url":"https:\/\/fdd-ihedn.fr\/seminaire-cohesion-nationale-et-citoyennete-nantes-2013\/","name":"[CNC] S\u00e9minaire \u00ab\u00a0Coh\u00e9sion nationale et citoyennet\u00e9\u00a0\u00bb Nantes 2013, en partenariat avec Lafarge et EDF. - Fonds de dotation de l&#039;IHEDN","isPartOf":{"@id":"https:\/\/fdd-ihedn.fr\/#website"},"primaryImageOfPage":{"@id":"https:\/\/fdd-ihedn.fr\/seminaire-cohesion-nationale-et-citoyennete-nantes-2013\/#primaryimage"},"image":{"@id":"https:\/\/fdd-ihedn.fr\/seminaire-cohesion-nationale-et-citoyennete-nantes-2013\/#primaryimage"},"thumbnailUrl":"","datePublished":"2013-01-11T14:26:43+00:00","dateModified":"2022-02-04T13:26:32+00:00","breadcrumb":{"@id":"https:\/\/fdd-ihedn.fr\/seminaire-cohesion-nationale-et-citoyennete-nantes-2013\/#breadcrumb"},"inLanguage":"en-GB","potentialAction":[{"@type":"ReadAction","target":["https:\/\/fdd-ihedn.fr\/seminaire-cohesion-nationale-et-citoyennete-nantes-2013\/"]}]},{"@type":"ImageObject","inLanguage":"en-GB","@id":"https:\/\/fdd-ihedn.fr\/seminaire-cohesion-nationale-et-citoyennete-nantes-2013\/#primaryimage","url":"","contentUrl":""},{"@type":"BreadcrumbList","@id":"https:\/\/fdd-ihedn.fr\/seminaire-cohesion-nationale-et-citoyennete-nantes-2013\/#breadcrumb","itemListElement":[{"@type":"ListItem","position":1,"name":"Accueil","item":"https:\/\/fdd-ihedn.fr\/"},{"@type":"ListItem","position":2,"name":"[CNC] S\u00e9minaire \u00ab\u00a0Coh\u00e9sion nationale et citoyennet\u00e9\u00a0\u00bb Nantes 2013, en partenariat avec Lafarge et EDF."}]},{"@type":"WebSite","@id":"https:\/\/fdd-ihedn.fr\/#website","url":"https:\/\/fdd-ihedn.fr\/","name":"IHEDN Endowment Fund","description":"Innovative projects developed for IHEDN thanks to sponsorship","publisher":{"@id":"https:\/\/fdd-ihedn.fr\/#organization"},"potentialAction":[{"@type":"SearchAction","target":{"@type":"EntryPoint","urlTemplate":"https:\/\/fdd-ihedn.fr\/?s={search_term_string}"},"query-input":{"@type":"PropertyValueSpecification","valueRequired":true,"valueName":"search_term_string"}}],"inLanguage":"en-GB"},{"@type":"Organization","@id":"https:\/\/fdd-ihedn.fr\/#organization","name":"Chair in Defence Economics - IHEDN","url":"https:\/\/fdd-ihedn.fr\/","logo":{"@type":"ImageObject","inLanguage":"en-GB","@id":"https:\/\/fdd-ihedn.fr\/#\/schema\/logo\/image\/","url":"https:\/\/fdd-ihedn.fr\/wp-content\/uploads\/2020\/04\/logoEcodef9.jpg","contentUrl":"https:\/\/fdd-ihedn.fr\/wp-content\/uploads\/2020\/04\/logoEcodef9.jpg","width":410,"height":212,"caption":"Chaire \u00c9conomie de d\u00e9fense - IHEDN"},"image":{"@id":"https:\/\/fdd-ihedn.fr\/#\/schema\/logo\/image\/"},"sameAs":["https:\/\/x.com\/Chaire_Ecodef","https:\/\/www.linkedin.com\/company\/chaire-ecodef-ihedn\/"]},{"@type":"Person","@id":"https:\/\/fdd-ihedn.fr\/#\/schema\/person\/9fdc5a3e2e544ff0f51c5e0732af0c12","name":"dev","image":{"@type":"ImageObject","inLanguage":"en-GB","@id":"https:\/\/secure.gravatar.com\/avatar\/f1ffcac9ca2fa95ad3ec33e9be3ade82f752acb0cabe541e56c5889225afa88a?s=96&d=mm&r=g","url":"https:\/\/secure.gravatar.com\/avatar\/f1ffcac9ca2fa95ad3ec33e9be3ade82f752acb0cabe541e56c5889225afa88a?s=96&d=mm&r=g","contentUrl":"https:\/\/secure.gravatar.com\/avatar\/f1ffcac9ca2fa95ad3ec33e9be3ade82f752acb0cabe541e56c5889225afa88a?s=96&d=mm&r=g","caption":"dev"},"url":"https:\/\/fdd-ihedn.fr\/en\/author\/dev\/"}]}},"_links":{"self":[{"href":"https:\/\/fdd-ihedn.fr\/en\/wp-json\/wp\/v2\/posts\/4093","targetHints":{"allow":["GET"]}}],"collection":[{"href":"https:\/\/fdd-ihedn.fr\/en\/wp-json\/wp\/v2\/posts"}],"about":[{"href":"https:\/\/fdd-ihedn.fr\/en\/wp-json\/wp\/v2\/types\/post"}],"author":[{"embeddable":true,"href":"https:\/\/fdd-ihedn.fr\/en\/wp-json\/wp\/v2\/users\/1"}],"replies":[{"embeddable":true,"href":"https:\/\/fdd-ihedn.fr\/en\/wp-json\/wp\/v2\/comments?post=4093"}],"version-history":[{"count":2,"href":"https:\/\/fdd-ihedn.fr\/en\/wp-json\/wp\/v2\/posts\/4093\/revisions"}],"predecessor-version":[{"id":4973,"href":"https:\/\/fdd-ihedn.fr\/en\/wp-json\/wp\/v2\/posts\/4093\/revisions\/4973"}],"wp:featuredmedia":[{"embeddable":true,"href":"https:\/\/fdd-ihedn.fr\/en\/wp-json\/"}],"wp:attachment":[{"href":"https:\/\/fdd-ihedn.fr\/en\/wp-json\/wp\/v2\/media?parent=4093"}],"wp:term":[{"taxonomy":"category","embeddable":true,"href":"https:\/\/fdd-ihedn.fr\/en\/wp-json\/wp\/v2\/categories?post=4093"},{"taxonomy":"post_tag","embeddable":true,"href":"https:\/\/fdd-ihedn.fr\/en\/wp-json\/wp\/v2\/tags?post=4093"}],"curies":[{"name":"wp","href":"https:\/\/api.w.org\/{rel}","templated":true}]}}