{"id":4091,"date":"2012-12-05T15:34:54","date_gmt":"2012-12-05T14:34:54","guid":{"rendered":"https:\/\/fdd.concilium.click\/cloture-du-seminaire-cohesion-nationale-et-citoyennete-lexemple-du-havre\/"},"modified":"2022-02-04T14:26:18","modified_gmt":"2022-02-04T13:26:18","slug":"cloture-du-seminaire-cohesion-nationale-et-citoyennete-lexemple-du-havre","status":"publish","type":"post","link":"https:\/\/fdd-ihedn.fr\/en\/cloture-du-seminaire-cohesion-nationale-et-citoyennete-lexemple-du-havre\/","title":{"rendered":"[CNC] Cl\u00f4ture du s\u00e9minaire \u00ab Coh\u00e9sion nationale et citoyennet\u00e9 \u00bb du Havre, en partenariat avec Lafarge et EDF."},"content":{"rendered":"<p>La c\u00e9r\u00e9monie de cl\u00f4ture du s\u00e9minaire \u00ab Coh\u00e9sion nationale et citoyennet\u00e9 \u00bb, qui s\u2019est tenu gr\u00e2ce aux m\u00e9c\u00e9nats de LAFARGE et d\u2019EDF, s\u2019est d\u00e9roul\u00e9e le 5 d\u00e9cembre 2012, \u00e0 l\u2019H\u00f4tel de ville du Havre, en pr\u00e9sence du pr\u00e9fet Jo\u00ebl Bouchit\u00e9, secr\u00e9taire g\u00e9n\u00e9ral et directeur-adjoint de l\u2019IHEDN et de l\u2019adjoint au Maire, charg\u00e9 des finances, des march\u00e9s et des affaires juridiques, Jean Moulin. A cette occasion, les stagiaires du s\u00e9minaire ont restitu\u00e9 les conclusions tir\u00e9es de leurs travaux devant un auditoire compos\u00e9 de nombreuses personnalit\u00e9s qui \u0153uvrent pour la coh\u00e9sion sociale.<\/p>\n<p>Cinq jours durant, r\u00e9partis entre les mois d\u2019octobre et de d\u00e9cembre 2012, le s\u00e9minaire \u00ab Coh\u00e9sion nationale et citoyennet\u00e9 \u00bb a r\u00e9uni 27 stagiaires, cadres de l\u2019Education nationale, des collectivit\u00e9s locales et du milieu associatif et fonctionnaires de police de la r\u00e9gion havraise, dans l\u2019optique de susciter un \u00e9change autour de la notion de citoyennet\u00e9 chez les jeunes.<\/p>\n<p>Confront\u00e9s tous aux m\u00eames probl\u00e9matiques locales, les stagiaires du s\u00e9minaire \u00ab Coh\u00e9sion nationale et citoyennet\u00e9 \u00bb ont ainsi eu l\u2019occasion de mettre en perspective leurs approches pour accompagner les jeunes en difficult\u00e9.<\/p>\n<p>Tout au long de ce s\u00e9minaire, les stagiaires ont assist\u00e9 \u00e0 une s\u00e9rie de conf\u00e9rences et de tables rondes :<\/p>\n<p>&#8211; Conf\u00e9rence 1 : \u00ab \u00catre citoyen fran\u00e7ais en 2012 : appartenir, aimer, agir \u00bb, par Fr\u00e9d\u00e9ric Pons, R\u00e9dacteur en chef Monde de Valeurs actuelles ;<\/p>\n<p>&#8211; Conf\u00e9rence 2 : \u00ab Police nationale et citoyennet\u00e9 \u00bb, par Michel Lavaud, Commissaire divisionnaire du Havre ;<\/p>\n<p>&#8211; Table ronde 1 : \u00ab La pr\u00e9paration \u00e0 la d\u00e9fense de demain \u00bb, par Agathe Cahierre, Premier adjoint \u00e0 la mairie du Havre, Jean-Luc Inizan, Directeur de l\u2019EPIDE Val-de-<br \/>\nReuil et Dominique Damerval, chef de la cellule partenariats et relations ext\u00e9rieures du centre du service national de Rouen ;<\/p>\n<p>&#8211; Table ronde 2 : \u00ab Les d\u00e9fis et les menaces auxquels fait face la coh\u00e9sion nationale \u00bb, par Francis Nachbar, procureur de la R\u00e9publique du Havre, Thierry Brioude, directeur<br \/>\nde l\u2019Association havraise pour l\u2019accueil, la m\u00e9diation et l\u2019insertion et Nicolas Van Durme, proviseur du lyc\u00e9e Auguste Perret.<\/p>\n<p>&#8211; Conf\u00e9rence 3 : \u00ab La France, son Arm\u00e9e, son Ecole \u00bb, par Tristan Lecoq, Inspecteur g\u00e9n\u00e9ral de l\u2019Education nationale ;<\/p>\n<p>&#8211; Conf\u00e9rence 4 : \u00ab Le patriotisme entre particularisme et universalisme \u00bb, par Michel Lacroix, professeur agr\u00e9g\u00e9 de philosophie.<\/p>\n<p>Ces expos\u00e9s, ainsi que la visite du Grand port maritime du Havre, ont aliment\u00e9 les r\u00e9flexions que les stagiaires ont men\u00e9 au sein des deux comit\u00e9s du s\u00e9minaire \u00ab Coh\u00e9sion nationale et citoyennet\u00e9 \u00bb :<\/p>\n<p>&#8211; Le comit\u00e9 coh\u00e9sion nationale et jeunesse : compos\u00e9 de 14 stagiaires, le comit\u00e9 a recommand\u00e9 la cr\u00e9ation d\u2019un observatoire national de la jeunesse et l\u2019institution<br \/>\nd\u2019un service civique obligatoire pour les jeunes, comme moyens innovants visant \u00e0 renforcer la coh\u00e9sion sociale chez les jeunes.<\/p>\n<p>&#8211; Le comit\u00e9 citoyennet\u00e9 : les treize stagiaires du comit\u00e9 ont soulign\u00e9 les dangers que pose la g\u00e9n\u00e9ralisation des r\u00e9seaux sociaux, en particulier chez les plus jeunes et appel\u00e9 \u00e0 la prise en compte par les pouvoirs publics de la n\u00e9cessit\u00e9 de sensibiliser et de former les jeunes et leurs parents \u00e0 l\u2019utilisation responsable de ces nouveaux outils.<\/p>\n<p>Gr\u00e2ce au pr\u00e9cieux soutien apport\u00e9 par l\u2019association r\u00e9gionale 11 Haute-Normandie, la ville du Havre, l\u2019acad\u00e9mie de Rouen et la Direction d\u00e9partementale de s\u00e9curit\u00e9 publique de Seine-Maritime, le s\u00e9minaire \u00ab Coh\u00e9sion nationale et citoyennet\u00e9 \u00bb a rempli l\u2019objectif qui lui \u00e9tait initialement assign\u00e9, comme en t\u00e9moigne le commentaire de ce stagiaire : \u00ab Un r\u00e9el groupe coh\u00e9sion nationale et citoyennet\u00e9 est n\u00e9 au Havre \u00bb.<\/p>","protected":false},"excerpt":{"rendered":"<p>La c\u00e9r\u00e9monie de cl\u00f4ture du s\u00e9minaire \u00ab Coh\u00e9sion nationale et citoyennet\u00e9 \u00bb, qui s\u2019est tenu gr\u00e2ce aux m\u00e9c\u00e9nats de LAFARGE et d\u2019EDF, s\u2019est d\u00e9roul\u00e9e le 5 d\u00e9cembre 2012, \u00e0 l\u2019H\u00f4tel de ville du Havre, en pr\u00e9sence du pr\u00e9fet Jo\u00ebl Bouchit\u00e9, secr\u00e9taire g\u00e9n\u00e9ral et directeur-adjoint de l\u2019IHEDN et de l\u2019adjoint au Maire, charg\u00e9 des finances, des [&hellip;]<\/p>\n","protected":false},"author":1,"featured_media":4244,"comment_status":"open","ping_status":"open","sticky":false,"template":"","format":"standard","meta":{"footnotes":""},"categories":[34,450],"tags":[],"class_list":{"0":"post-4091","1":"post","2":"type-post","3":"status-publish","4":"format-standard","5":"has-post-thumbnail","7":"category-activites","8":"category-cnc"},"yoast_head":"<!-- This site is optimized with the Yoast SEO plugin v27.4 - https:\/\/yoast.com\/product\/yoast-seo-wordpress\/ -->\n<title>[CNC] Cl\u00f4ture du s\u00e9minaire \u00ab Coh\u00e9sion nationale et citoyennet\u00e9 \u00bb du Havre, en partenariat avec Lafarge et EDF. - Fonds de dotation de l&#039;IHEDN<\/title>\n<meta name=\"robots\" content=\"index, follow, max-snippet:-1, max-image-preview:large, max-video-preview:-1\" \/>\n<link rel=\"canonical\" href=\"https:\/\/fdd-ihedn.fr\/en\/cloture-du-seminaire-cohesion-nationale-et-citoyennete-lexemple-du-havre\/\" \/>\n<meta property=\"og:locale\" content=\"en_GB\" \/>\n<meta property=\"og:type\" content=\"article\" \/>\n<meta property=\"og:title\" content=\"[CNC] Cl\u00f4ture du s\u00e9minaire \u00ab Coh\u00e9sion nationale et citoyennet\u00e9 \u00bb du Havre, en partenariat avec Lafarge et EDF. - Fonds de dotation de l&#039;IHEDN\" \/>\n<meta property=\"og:description\" content=\"La c\u00e9r\u00e9monie de cl\u00f4ture du s\u00e9minaire \u00ab Coh\u00e9sion nationale et citoyennet\u00e9 \u00bb, qui s\u2019est tenu gr\u00e2ce aux m\u00e9c\u00e9nats de LAFARGE et d\u2019EDF, s\u2019est d\u00e9roul\u00e9e le 5 d\u00e9cembre 2012, \u00e0 l\u2019H\u00f4tel de ville du Havre, en pr\u00e9sence du pr\u00e9fet Jo\u00ebl Bouchit\u00e9, secr\u00e9taire g\u00e9n\u00e9ral et directeur-adjoint de l\u2019IHEDN et de l\u2019adjoint au Maire, charg\u00e9 des finances, des [&hellip;]\" \/>\n<meta property=\"og:url\" content=\"https:\/\/fdd-ihedn.fr\/en\/cloture-du-seminaire-cohesion-nationale-et-citoyennete-lexemple-du-havre\/\" \/>\n<meta property=\"og:site_name\" content=\"Fonds de dotation de l&#039;IHEDN\" \/>\n<meta property=\"article:published_time\" content=\"2012-12-05T14:34:54+00:00\" \/>\n<meta property=\"article:modified_time\" content=\"2022-02-04T13:26:18+00:00\" \/>\n<meta property=\"og:image\" content=\"https:\/\/fdd-ihedn.fr\/wp-content\/uploads\/2012\/12\/IMG_8912.jpg\" \/>\n\t<meta property=\"og:image:width\" content=\"1893\" \/>\n\t<meta property=\"og:image:height\" content=\"1262\" \/>\n\t<meta property=\"og:image:type\" content=\"image\/jpeg\" \/>\n<meta name=\"author\" content=\"dev\" \/>\n<meta name=\"twitter:card\" content=\"summary_large_image\" \/>\n<meta name=\"twitter:creator\" content=\"@Chaire_Ecodef\" \/>\n<meta name=\"twitter:site\" content=\"@Chaire_Ecodef\" \/>\n<meta name=\"twitter:label1\" content=\"Written by\" \/>\n\t<meta name=\"twitter:data1\" content=\"dev\" \/>\n\t<meta name=\"twitter:label2\" content=\"Estimated reading time\" \/>\n\t<meta name=\"twitter:data2\" content=\"3 minutes\" \/>\n<script type=\"application\/ld+json\" class=\"yoast-schema-graph\">{\"@context\":\"https:\\\/\\\/schema.org\",\"@graph\":[{\"@type\":\"Article\",\"@id\":\"https:\\\/\\\/fdd-ihedn.fr\\\/cloture-du-seminaire-cohesion-nationale-et-citoyennete-lexemple-du-havre\\\/#article\",\"isPartOf\":{\"@id\":\"https:\\\/\\\/fdd-ihedn.fr\\\/cloture-du-seminaire-cohesion-nationale-et-citoyennete-lexemple-du-havre\\\/\"},\"author\":{\"name\":\"dev\",\"@id\":\"https:\\\/\\\/fdd-ihedn.fr\\\/#\\\/schema\\\/person\\\/9fdc5a3e2e544ff0f51c5e0732af0c12\"},\"headline\":\"[CNC] Cl\u00f4ture du s\u00e9minaire \u00ab Coh\u00e9sion nationale et citoyennet\u00e9 \u00bb du Havre, en partenariat avec Lafarge et EDF.\",\"datePublished\":\"2012-12-05T14:34:54+00:00\",\"dateModified\":\"2022-02-04T13:26:18+00:00\",\"mainEntityOfPage\":{\"@id\":\"https:\\\/\\\/fdd-ihedn.fr\\\/cloture-du-seminaire-cohesion-nationale-et-citoyennete-lexemple-du-havre\\\/\"},\"wordCount\":646,\"commentCount\":0,\"publisher\":{\"@id\":\"https:\\\/\\\/fdd-ihedn.fr\\\/#organization\"},\"image\":{\"@id\":\"https:\\\/\\\/fdd-ihedn.fr\\\/cloture-du-seminaire-cohesion-nationale-et-citoyennete-lexemple-du-havre\\\/#primaryimage\"},\"thumbnailUrl\":\"https:\\\/\\\/fdd-ihedn.fr\\\/wp-content\\\/uploads\\\/2012\\\/12\\\/IMG_8912.jpg\",\"articleSection\":[\"Activit\u00e9s\",\"CNC\"],\"inLanguage\":\"en-GB\",\"potentialAction\":[{\"@type\":\"CommentAction\",\"name\":\"Comment\",\"target\":[\"https:\\\/\\\/fdd-ihedn.fr\\\/cloture-du-seminaire-cohesion-nationale-et-citoyennete-lexemple-du-havre\\\/#respond\"]}]},{\"@type\":\"WebPage\",\"@id\":\"https:\\\/\\\/fdd-ihedn.fr\\\/cloture-du-seminaire-cohesion-nationale-et-citoyennete-lexemple-du-havre\\\/\",\"url\":\"https:\\\/\\\/fdd-ihedn.fr\\\/cloture-du-seminaire-cohesion-nationale-et-citoyennete-lexemple-du-havre\\\/\",\"name\":\"[CNC] Cl\u00f4ture du s\u00e9minaire \u00ab Coh\u00e9sion nationale et citoyennet\u00e9 \u00bb du Havre, en partenariat avec Lafarge et EDF. - Fonds de dotation de l&#039;IHEDN\",\"isPartOf\":{\"@id\":\"https:\\\/\\\/fdd-ihedn.fr\\\/#website\"},\"primaryImageOfPage\":{\"@id\":\"https:\\\/\\\/fdd-ihedn.fr\\\/cloture-du-seminaire-cohesion-nationale-et-citoyennete-lexemple-du-havre\\\/#primaryimage\"},\"image\":{\"@id\":\"https:\\\/\\\/fdd-ihedn.fr\\\/cloture-du-seminaire-cohesion-nationale-et-citoyennete-lexemple-du-havre\\\/#primaryimage\"},\"thumbnailUrl\":\"https:\\\/\\\/fdd-ihedn.fr\\\/wp-content\\\/uploads\\\/2012\\\/12\\\/IMG_8912.jpg\",\"datePublished\":\"2012-12-05T14:34:54+00:00\",\"dateModified\":\"2022-02-04T13:26:18+00:00\",\"breadcrumb\":{\"@id\":\"https:\\\/\\\/fdd-ihedn.fr\\\/cloture-du-seminaire-cohesion-nationale-et-citoyennete-lexemple-du-havre\\\/#breadcrumb\"},\"inLanguage\":\"en-GB\",\"potentialAction\":[{\"@type\":\"ReadAction\",\"target\":[\"https:\\\/\\\/fdd-ihedn.fr\\\/cloture-du-seminaire-cohesion-nationale-et-citoyennete-lexemple-du-havre\\\/\"]}]},{\"@type\":\"ImageObject\",\"inLanguage\":\"en-GB\",\"@id\":\"https:\\\/\\\/fdd-ihedn.fr\\\/cloture-du-seminaire-cohesion-nationale-et-citoyennete-lexemple-du-havre\\\/#primaryimage\",\"url\":\"https:\\\/\\\/fdd-ihedn.fr\\\/wp-content\\\/uploads\\\/2012\\\/12\\\/IMG_8912.jpg\",\"contentUrl\":\"https:\\\/\\\/fdd-ihedn.fr\\\/wp-content\\\/uploads\\\/2012\\\/12\\\/IMG_8912.jpg\",\"width\":1893,\"height\":1262},{\"@type\":\"BreadcrumbList\",\"@id\":\"https:\\\/\\\/fdd-ihedn.fr\\\/cloture-du-seminaire-cohesion-nationale-et-citoyennete-lexemple-du-havre\\\/#breadcrumb\",\"itemListElement\":[{\"@type\":\"ListItem\",\"position\":1,\"name\":\"Accueil\",\"item\":\"https:\\\/\\\/fdd-ihedn.fr\\\/\"},{\"@type\":\"ListItem\",\"position\":2,\"name\":\"[CNC] Cl\u00f4ture du s\u00e9minaire \u00ab Coh\u00e9sion nationale et citoyennet\u00e9 \u00bb du Havre, en partenariat avec Lafarge et EDF.\"}]},{\"@type\":\"WebSite\",\"@id\":\"https:\\\/\\\/fdd-ihedn.fr\\\/#website\",\"url\":\"https:\\\/\\\/fdd-ihedn.fr\\\/\",\"name\":\"Fonds de dotation de l&#039;IHEDN\",\"description\":\"Des projets innovants d\u00e9velopp\u00e9s pour l&#039;IHEDN gr\u00e2ce au m\u00e9c\u00e9nat\",\"publisher\":{\"@id\":\"https:\\\/\\\/fdd-ihedn.fr\\\/#organization\"},\"potentialAction\":[{\"@type\":\"SearchAction\",\"target\":{\"@type\":\"EntryPoint\",\"urlTemplate\":\"https:\\\/\\\/fdd-ihedn.fr\\\/?s={search_term_string}\"},\"query-input\":{\"@type\":\"PropertyValueSpecification\",\"valueRequired\":true,\"valueName\":\"search_term_string\"}}],\"inLanguage\":\"en-GB\"},{\"@type\":\"Organization\",\"@id\":\"https:\\\/\\\/fdd-ihedn.fr\\\/#organization\",\"name\":\"Chaire \u00c9conomie de d\u00e9fense - IHEDN\",\"url\":\"https:\\\/\\\/fdd-ihedn.fr\\\/\",\"logo\":{\"@type\":\"ImageObject\",\"inLanguage\":\"en-GB\",\"@id\":\"https:\\\/\\\/fdd-ihedn.fr\\\/#\\\/schema\\\/logo\\\/image\\\/\",\"url\":\"https:\\\/\\\/fdd-ihedn.fr\\\/wp-content\\\/uploads\\\/2020\\\/04\\\/logoEcodef9.jpg\",\"contentUrl\":\"https:\\\/\\\/fdd-ihedn.fr\\\/wp-content\\\/uploads\\\/2020\\\/04\\\/logoEcodef9.jpg\",\"width\":410,\"height\":212,\"caption\":\"Chaire \u00c9conomie de d\u00e9fense - IHEDN\"},\"image\":{\"@id\":\"https:\\\/\\\/fdd-ihedn.fr\\\/#\\\/schema\\\/logo\\\/image\\\/\"},\"sameAs\":[\"https:\\\/\\\/x.com\\\/Chaire_Ecodef\",\"https:\\\/\\\/www.linkedin.com\\\/company\\\/chaire-ecodef-ihedn\\\/\"]},{\"@type\":\"Person\",\"@id\":\"https:\\\/\\\/fdd-ihedn.fr\\\/#\\\/schema\\\/person\\\/9fdc5a3e2e544ff0f51c5e0732af0c12\",\"name\":\"dev\",\"image\":{\"@type\":\"ImageObject\",\"inLanguage\":\"en-GB\",\"@id\":\"https:\\\/\\\/secure.gravatar.com\\\/avatar\\\/f1ffcac9ca2fa95ad3ec33e9be3ade82f752acb0cabe541e56c5889225afa88a?s=96&d=mm&r=g\",\"url\":\"https:\\\/\\\/secure.gravatar.com\\\/avatar\\\/f1ffcac9ca2fa95ad3ec33e9be3ade82f752acb0cabe541e56c5889225afa88a?s=96&d=mm&r=g\",\"contentUrl\":\"https:\\\/\\\/secure.gravatar.com\\\/avatar\\\/f1ffcac9ca2fa95ad3ec33e9be3ade82f752acb0cabe541e56c5889225afa88a?s=96&d=mm&r=g\",\"caption\":\"dev\"},\"url\":\"https:\\\/\\\/fdd-ihedn.fr\\\/en\\\/author\\\/dev\\\/\"}]}<\/script>\n<!-- \/ Yoast SEO plugin. -->","yoast_head_json":{"title":"[CNC] Cl\u00f4ture du s\u00e9minaire \u00ab Coh\u00e9sion nationale et citoyennet\u00e9 \u00bb du Havre, en partenariat avec Lafarge et EDF. - Fonds de dotation de l&#039;IHEDN","robots":{"index":"index","follow":"follow","max-snippet":"max-snippet:-1","max-image-preview":"max-image-preview:large","max-video-preview":"max-video-preview:-1"},"canonical":"https:\/\/fdd-ihedn.fr\/en\/cloture-du-seminaire-cohesion-nationale-et-citoyennete-lexemple-du-havre\/","og_locale":"en_GB","og_type":"article","og_title":"[CNC] Cl\u00f4ture du s\u00e9minaire \u00ab Coh\u00e9sion nationale et citoyennet\u00e9 \u00bb du Havre, en partenariat avec Lafarge et EDF. - Fonds de dotation de l&#039;IHEDN","og_description":"La c\u00e9r\u00e9monie de cl\u00f4ture du s\u00e9minaire \u00ab Coh\u00e9sion nationale et citoyennet\u00e9 \u00bb, qui s\u2019est tenu gr\u00e2ce aux m\u00e9c\u00e9nats de LAFARGE et d\u2019EDF, s\u2019est d\u00e9roul\u00e9e le 5 d\u00e9cembre 2012, \u00e0 l\u2019H\u00f4tel de ville du Havre, en pr\u00e9sence du pr\u00e9fet Jo\u00ebl Bouchit\u00e9, secr\u00e9taire g\u00e9n\u00e9ral et directeur-adjoint de l\u2019IHEDN et de l\u2019adjoint au Maire, charg\u00e9 des finances, des [&hellip;]","og_url":"https:\/\/fdd-ihedn.fr\/en\/cloture-du-seminaire-cohesion-nationale-et-citoyennete-lexemple-du-havre\/","og_site_name":"Fonds de dotation de l&#039;IHEDN","article_published_time":"2012-12-05T14:34:54+00:00","article_modified_time":"2022-02-04T13:26:18+00:00","og_image":[{"width":1893,"height":1262,"url":"https:\/\/fdd-ihedn.fr\/wp-content\/uploads\/2012\/12\/IMG_8912.jpg","type":"image\/jpeg"}],"author":"dev","twitter_card":"summary_large_image","twitter_creator":"@Chaire_Ecodef","twitter_site":"@Chaire_Ecodef","twitter_misc":{"Written by":"dev","Estimated reading time":"3 minutes"},"schema":{"@context":"https:\/\/schema.org","@graph":[{"@type":"Article","@id":"https:\/\/fdd-ihedn.fr\/cloture-du-seminaire-cohesion-nationale-et-citoyennete-lexemple-du-havre\/#article","isPartOf":{"@id":"https:\/\/fdd-ihedn.fr\/cloture-du-seminaire-cohesion-nationale-et-citoyennete-lexemple-du-havre\/"},"author":{"name":"dev","@id":"https:\/\/fdd-ihedn.fr\/#\/schema\/person\/9fdc5a3e2e544ff0f51c5e0732af0c12"},"headline":"[CNC] Cl\u00f4ture du s\u00e9minaire \u00ab Coh\u00e9sion nationale et citoyennet\u00e9 \u00bb du Havre, en partenariat avec Lafarge et EDF.","datePublished":"2012-12-05T14:34:54+00:00","dateModified":"2022-02-04T13:26:18+00:00","mainEntityOfPage":{"@id":"https:\/\/fdd-ihedn.fr\/cloture-du-seminaire-cohesion-nationale-et-citoyennete-lexemple-du-havre\/"},"wordCount":646,"commentCount":0,"publisher":{"@id":"https:\/\/fdd-ihedn.fr\/#organization"},"image":{"@id":"https:\/\/fdd-ihedn.fr\/cloture-du-seminaire-cohesion-nationale-et-citoyennete-lexemple-du-havre\/#primaryimage"},"thumbnailUrl":"https:\/\/fdd-ihedn.fr\/wp-content\/uploads\/2012\/12\/IMG_8912.jpg","articleSection":["Activit\u00e9s","CNC"],"inLanguage":"en-GB","potentialAction":[{"@type":"CommentAction","name":"Comment","target":["https:\/\/fdd-ihedn.fr\/cloture-du-seminaire-cohesion-nationale-et-citoyennete-lexemple-du-havre\/#respond"]}]},{"@type":"WebPage","@id":"https:\/\/fdd-ihedn.fr\/cloture-du-seminaire-cohesion-nationale-et-citoyennete-lexemple-du-havre\/","url":"https:\/\/fdd-ihedn.fr\/cloture-du-seminaire-cohesion-nationale-et-citoyennete-lexemple-du-havre\/","name":"[CNC] Cl\u00f4ture du s\u00e9minaire \u00ab Coh\u00e9sion nationale et citoyennet\u00e9 \u00bb du Havre, en partenariat avec Lafarge et EDF. - Fonds de dotation de l&#039;IHEDN","isPartOf":{"@id":"https:\/\/fdd-ihedn.fr\/#website"},"primaryImageOfPage":{"@id":"https:\/\/fdd-ihedn.fr\/cloture-du-seminaire-cohesion-nationale-et-citoyennete-lexemple-du-havre\/#primaryimage"},"image":{"@id":"https:\/\/fdd-ihedn.fr\/cloture-du-seminaire-cohesion-nationale-et-citoyennete-lexemple-du-havre\/#primaryimage"},"thumbnailUrl":"https:\/\/fdd-ihedn.fr\/wp-content\/uploads\/2012\/12\/IMG_8912.jpg","datePublished":"2012-12-05T14:34:54+00:00","dateModified":"2022-02-04T13:26:18+00:00","breadcrumb":{"@id":"https:\/\/fdd-ihedn.fr\/cloture-du-seminaire-cohesion-nationale-et-citoyennete-lexemple-du-havre\/#breadcrumb"},"inLanguage":"en-GB","potentialAction":[{"@type":"ReadAction","target":["https:\/\/fdd-ihedn.fr\/cloture-du-seminaire-cohesion-nationale-et-citoyennete-lexemple-du-havre\/"]}]},{"@type":"ImageObject","inLanguage":"en-GB","@id":"https:\/\/fdd-ihedn.fr\/cloture-du-seminaire-cohesion-nationale-et-citoyennete-lexemple-du-havre\/#primaryimage","url":"https:\/\/fdd-ihedn.fr\/wp-content\/uploads\/2012\/12\/IMG_8912.jpg","contentUrl":"https:\/\/fdd-ihedn.fr\/wp-content\/uploads\/2012\/12\/IMG_8912.jpg","width":1893,"height":1262},{"@type":"BreadcrumbList","@id":"https:\/\/fdd-ihedn.fr\/cloture-du-seminaire-cohesion-nationale-et-citoyennete-lexemple-du-havre\/#breadcrumb","itemListElement":[{"@type":"ListItem","position":1,"name":"Accueil","item":"https:\/\/fdd-ihedn.fr\/"},{"@type":"ListItem","position":2,"name":"[CNC] Cl\u00f4ture du s\u00e9minaire \u00ab Coh\u00e9sion nationale et citoyennet\u00e9 \u00bb du Havre, en partenariat avec Lafarge et EDF."}]},{"@type":"WebSite","@id":"https:\/\/fdd-ihedn.fr\/#website","url":"https:\/\/fdd-ihedn.fr\/","name":"IHEDN Endowment Fund","description":"Innovative projects developed for IHEDN thanks to sponsorship","publisher":{"@id":"https:\/\/fdd-ihedn.fr\/#organization"},"potentialAction":[{"@type":"SearchAction","target":{"@type":"EntryPoint","urlTemplate":"https:\/\/fdd-ihedn.fr\/?s={search_term_string}"},"query-input":{"@type":"PropertyValueSpecification","valueRequired":true,"valueName":"search_term_string"}}],"inLanguage":"en-GB"},{"@type":"Organization","@id":"https:\/\/fdd-ihedn.fr\/#organization","name":"Chair in Defence Economics - IHEDN","url":"https:\/\/fdd-ihedn.fr\/","logo":{"@type":"ImageObject","inLanguage":"en-GB","@id":"https:\/\/fdd-ihedn.fr\/#\/schema\/logo\/image\/","url":"https:\/\/fdd-ihedn.fr\/wp-content\/uploads\/2020\/04\/logoEcodef9.jpg","contentUrl":"https:\/\/fdd-ihedn.fr\/wp-content\/uploads\/2020\/04\/logoEcodef9.jpg","width":410,"height":212,"caption":"Chaire \u00c9conomie de d\u00e9fense - IHEDN"},"image":{"@id":"https:\/\/fdd-ihedn.fr\/#\/schema\/logo\/image\/"},"sameAs":["https:\/\/x.com\/Chaire_Ecodef","https:\/\/www.linkedin.com\/company\/chaire-ecodef-ihedn\/"]},{"@type":"Person","@id":"https:\/\/fdd-ihedn.fr\/#\/schema\/person\/9fdc5a3e2e544ff0f51c5e0732af0c12","name":"dev","image":{"@type":"ImageObject","inLanguage":"en-GB","@id":"https:\/\/secure.gravatar.com\/avatar\/f1ffcac9ca2fa95ad3ec33e9be3ade82f752acb0cabe541e56c5889225afa88a?s=96&d=mm&r=g","url":"https:\/\/secure.gravatar.com\/avatar\/f1ffcac9ca2fa95ad3ec33e9be3ade82f752acb0cabe541e56c5889225afa88a?s=96&d=mm&r=g","contentUrl":"https:\/\/secure.gravatar.com\/avatar\/f1ffcac9ca2fa95ad3ec33e9be3ade82f752acb0cabe541e56c5889225afa88a?s=96&d=mm&r=g","caption":"dev"},"url":"https:\/\/fdd-ihedn.fr\/en\/author\/dev\/"}]}},"_links":{"self":[{"href":"https:\/\/fdd-ihedn.fr\/en\/wp-json\/wp\/v2\/posts\/4091","targetHints":{"allow":["GET"]}}],"collection":[{"href":"https:\/\/fdd-ihedn.fr\/en\/wp-json\/wp\/v2\/posts"}],"about":[{"href":"https:\/\/fdd-ihedn.fr\/en\/wp-json\/wp\/v2\/types\/post"}],"author":[{"embeddable":true,"href":"https:\/\/fdd-ihedn.fr\/en\/wp-json\/wp\/v2\/users\/1"}],"replies":[{"embeddable":true,"href":"https:\/\/fdd-ihedn.fr\/en\/wp-json\/wp\/v2\/comments?post=4091"}],"version-history":[{"count":2,"href":"https:\/\/fdd-ihedn.fr\/en\/wp-json\/wp\/v2\/posts\/4091\/revisions"}],"predecessor-version":[{"id":4972,"href":"https:\/\/fdd-ihedn.fr\/en\/wp-json\/wp\/v2\/posts\/4091\/revisions\/4972"}],"wp:featuredmedia":[{"embeddable":true,"href":"https:\/\/fdd-ihedn.fr\/en\/wp-json\/wp\/v2\/media\/4244"}],"wp:attachment":[{"href":"https:\/\/fdd-ihedn.fr\/en\/wp-json\/wp\/v2\/media?parent=4091"}],"wp:term":[{"taxonomy":"category","embeddable":true,"href":"https:\/\/fdd-ihedn.fr\/en\/wp-json\/wp\/v2\/categories?post=4091"},{"taxonomy":"post_tag","embeddable":true,"href":"https:\/\/fdd-ihedn.fr\/en\/wp-json\/wp\/v2\/tags?post=4091"}],"curies":[{"name":"wp","href":"https:\/\/api.w.org\/{rel}","templated":true}]}}