{"id":4090,"date":"2011-11-04T08:00:40","date_gmt":"2011-11-04T07:00:40","guid":{"rendered":"https:\/\/fdd.concilium.click\/seminaire-cohesion-nationale-et-citoyennete-a-marcq-en-baroeul\/"},"modified":"2022-02-04T14:25:26","modified_gmt":"2022-02-04T13:25:26","slug":"seminaire-cohesion-nationale-et-citoyennete-a-marcq-en-baroeul","status":"publish","type":"post","link":"https:\/\/fdd-ihedn.fr\/en\/seminaire-cohesion-nationale-et-citoyennete-a-marcq-en-baroeul\/","title":{"rendered":"[CNC] S\u00e9minaire \u00ab\u00a0Coh\u00e9sion nationale et citoyennet\u00e9\u00a0\u00bb \u00e0 Marcq-en-Bar\u0153ul, en partenariat avec Lafarge et EDF."},"content":{"rendered":"<p>The \u00abNational Cohesion and Citizenship-Lille\u00bb seminar organised by the IHEDN Partners' Circle endowment fund came to a close on Friday 4 November 2011.<br \/>\nIn a studious but relaxed atmosphere, Prefect Patrice Molle, Deputy Director of the IHEDN, chaired the closing ceremony in the presence of a number of key figures from the Lille region. Jo\u00eblle Longueval, Regional Councillor for Nord-Pas de Calais, Major General Jean-Jacques Poch, Military Governor of Lille, Commander Denis Leprince, Commander of the Dunkirk Navy, Jacques Grau, representing the Rector of Lille, and Philippe Vandenberghe, in charge of the Lille Eurometropole Defence and Security Mission and representing the Mayor of Lille, were all present.<br \/>\nOn this occasion, the trainees, who were local elected representatives, from the voluntary sector and the national education system, and who work with young people in the Nord Pas-de-Calais region, presented the conclusions of their committee work. Throughout the seminar, the participants were divided into three committees, within which they were given the task of reflecting on themes relating to citizenship, national cohesion and the relationship between defence and these two concepts. Each presentation was followed by a question and answer period, during which the discussions were as rich and dynamic as the seminar itself.<br \/>\nThe day ended with the presentation of course certificates and a friendly reception attended by all the trainees and authorities present, bringing to a close six days of work and reflection.<\/p>","protected":false},"excerpt":{"rendered":"<p>Le s\u00e9minaire \u00ab Coh\u00e9sion nationale et citoyennet\u00e9-Lille \u00bb port\u00e9 par le fonds de dotation Le Cercle des partenaires de l\u2019IHEDN s\u2019est achev\u00e9 vendredi 4 novembre 2011. Dans une ambiance studieuse mais d\u00e9contract\u00e9e, le pr\u00e9fet Patrice Molle, directeur adjoint de l\u2019IHEDN, a pr\u00e9sid\u00e9 la journ\u00e9e de cl\u00f4ture en pr\u00e9sence de plusieurs personnalit\u00e9s de la r\u00e9gion lilloise. [&hellip;]<\/p>\n","protected":false},"author":1,"featured_media":564,"comment_status":"open","ping_status":"open","sticky":false,"template":"","format":"standard","meta":{"footnotes":""},"categories":[34,450],"tags":[],"class_list":{"0":"post-4090","1":"post","2":"type-post","3":"status-publish","4":"format-standard","5":"has-post-thumbnail","7":"category-activites","8":"category-cnc"},"yoast_head":"<!-- This site is optimized with the Yoast SEO plugin v27.4 - https:\/\/yoast.com\/product\/yoast-seo-wordpress\/ -->\n<title>[CNC] S\u00e9minaire &quot;Coh\u00e9sion nationale et citoyennet\u00e9&quot; \u00e0 Marcq-en-Bar\u0153ul, en partenariat avec Lafarge et EDF. - Fonds de dotation de l&#039;IHEDN<\/title>\n<meta name=\"robots\" content=\"index, follow, max-snippet:-1, max-image-preview:large, max-video-preview:-1\" \/>\n<link rel=\"canonical\" href=\"https:\/\/fdd-ihedn.fr\/en\/seminaire-cohesion-nationale-et-citoyennete-a-marcq-en-baroeul\/\" \/>\n<meta property=\"og:locale\" content=\"en_GB\" \/>\n<meta property=\"og:type\" content=\"article\" \/>\n<meta property=\"og:title\" content=\"[CNC] S\u00e9minaire &quot;Coh\u00e9sion nationale et citoyennet\u00e9&quot; \u00e0 Marcq-en-Bar\u0153ul, en partenariat avec Lafarge et EDF. - Fonds de dotation de l&#039;IHEDN\" \/>\n<meta property=\"og:description\" content=\"Le s\u00e9minaire \u00ab Coh\u00e9sion nationale et citoyennet\u00e9-Lille \u00bb port\u00e9 par le fonds de dotation Le Cercle des partenaires de l\u2019IHEDN s\u2019est achev\u00e9 vendredi 4 novembre 2011. Dans une ambiance studieuse mais d\u00e9contract\u00e9e, le pr\u00e9fet Patrice Molle, directeur adjoint de l\u2019IHEDN, a pr\u00e9sid\u00e9 la journ\u00e9e de cl\u00f4ture en pr\u00e9sence de plusieurs personnalit\u00e9s de la r\u00e9gion lilloise. [&hellip;]\" \/>\n<meta property=\"og:url\" content=\"https:\/\/fdd-ihedn.fr\/en\/seminaire-cohesion-nationale-et-citoyennete-a-marcq-en-baroeul\/\" \/>\n<meta property=\"og:site_name\" content=\"Fonds de dotation de l&#039;IHEDN\" \/>\n<meta property=\"article:published_time\" content=\"2011-11-04T07:00:40+00:00\" \/>\n<meta property=\"article:modified_time\" content=\"2022-02-04T13:25:26+00:00\" \/>\n<meta name=\"author\" content=\"dev\" \/>\n<meta name=\"twitter:card\" content=\"summary_large_image\" \/>\n<meta name=\"twitter:creator\" content=\"@Chaire_Ecodef\" \/>\n<meta name=\"twitter:site\" content=\"@Chaire_Ecodef\" \/>\n<meta name=\"twitter:label1\" content=\"Written by\" \/>\n\t<meta name=\"twitter:data1\" content=\"dev\" \/>\n\t<meta name=\"twitter:label2\" content=\"Estimated reading time\" \/>\n\t<meta name=\"twitter:data2\" content=\"2 minutes\" \/>\n<script type=\"application\/ld+json\" class=\"yoast-schema-graph\">{\"@context\":\"https:\\\/\\\/schema.org\",\"@graph\":[{\"@type\":\"Article\",\"@id\":\"https:\\\/\\\/fdd-ihedn.fr\\\/seminaire-cohesion-nationale-et-citoyennete-a-marcq-en-baroeul\\\/#article\",\"isPartOf\":{\"@id\":\"https:\\\/\\\/fdd-ihedn.fr\\\/seminaire-cohesion-nationale-et-citoyennete-a-marcq-en-baroeul\\\/\"},\"author\":{\"name\":\"dev\",\"@id\":\"https:\\\/\\\/fdd-ihedn.fr\\\/#\\\/schema\\\/person\\\/9fdc5a3e2e544ff0f51c5e0732af0c12\"},\"headline\":\"[CNC] S\u00e9minaire \u00ab\u00a0Coh\u00e9sion nationale et citoyennet\u00e9\u00a0\u00bb \u00e0 Marcq-en-Bar\u0153ul, en partenariat avec Lafarge et EDF.\",\"datePublished\":\"2011-11-04T07:00:40+00:00\",\"dateModified\":\"2022-02-04T13:25:26+00:00\",\"mainEntityOfPage\":{\"@id\":\"https:\\\/\\\/fdd-ihedn.fr\\\/seminaire-cohesion-nationale-et-citoyennete-a-marcq-en-baroeul\\\/\"},\"wordCount\":317,\"commentCount\":0,\"publisher\":{\"@id\":\"https:\\\/\\\/fdd-ihedn.fr\\\/#organization\"},\"image\":{\"@id\":\"https:\\\/\\\/fdd-ihedn.fr\\\/seminaire-cohesion-nationale-et-citoyennete-a-marcq-en-baroeul\\\/#primaryimage\"},\"thumbnailUrl\":\"\",\"articleSection\":[\"Activit\u00e9s\",\"CNC\"],\"inLanguage\":\"en-GB\",\"potentialAction\":[{\"@type\":\"CommentAction\",\"name\":\"Comment\",\"target\":[\"https:\\\/\\\/fdd-ihedn.fr\\\/seminaire-cohesion-nationale-et-citoyennete-a-marcq-en-baroeul\\\/#respond\"]}]},{\"@type\":\"WebPage\",\"@id\":\"https:\\\/\\\/fdd-ihedn.fr\\\/seminaire-cohesion-nationale-et-citoyennete-a-marcq-en-baroeul\\\/\",\"url\":\"https:\\\/\\\/fdd-ihedn.fr\\\/seminaire-cohesion-nationale-et-citoyennete-a-marcq-en-baroeul\\\/\",\"name\":\"[CNC] S\u00e9minaire \\\"Coh\u00e9sion nationale et citoyennet\u00e9\\\" \u00e0 Marcq-en-Bar\u0153ul, en partenariat avec Lafarge et EDF. - Fonds de dotation de l&#039;IHEDN\",\"isPartOf\":{\"@id\":\"https:\\\/\\\/fdd-ihedn.fr\\\/#website\"},\"primaryImageOfPage\":{\"@id\":\"https:\\\/\\\/fdd-ihedn.fr\\\/seminaire-cohesion-nationale-et-citoyennete-a-marcq-en-baroeul\\\/#primaryimage\"},\"image\":{\"@id\":\"https:\\\/\\\/fdd-ihedn.fr\\\/seminaire-cohesion-nationale-et-citoyennete-a-marcq-en-baroeul\\\/#primaryimage\"},\"thumbnailUrl\":\"\",\"datePublished\":\"2011-11-04T07:00:40+00:00\",\"dateModified\":\"2022-02-04T13:25:26+00:00\",\"breadcrumb\":{\"@id\":\"https:\\\/\\\/fdd-ihedn.fr\\\/seminaire-cohesion-nationale-et-citoyennete-a-marcq-en-baroeul\\\/#breadcrumb\"},\"inLanguage\":\"en-GB\",\"potentialAction\":[{\"@type\":\"ReadAction\",\"target\":[\"https:\\\/\\\/fdd-ihedn.fr\\\/seminaire-cohesion-nationale-et-citoyennete-a-marcq-en-baroeul\\\/\"]}]},{\"@type\":\"ImageObject\",\"inLanguage\":\"en-GB\",\"@id\":\"https:\\\/\\\/fdd-ihedn.fr\\\/seminaire-cohesion-nationale-et-citoyennete-a-marcq-en-baroeul\\\/#primaryimage\",\"url\":\"\",\"contentUrl\":\"\"},{\"@type\":\"BreadcrumbList\",\"@id\":\"https:\\\/\\\/fdd-ihedn.fr\\\/seminaire-cohesion-nationale-et-citoyennete-a-marcq-en-baroeul\\\/#breadcrumb\",\"itemListElement\":[{\"@type\":\"ListItem\",\"position\":1,\"name\":\"Accueil\",\"item\":\"https:\\\/\\\/fdd-ihedn.fr\\\/\"},{\"@type\":\"ListItem\",\"position\":2,\"name\":\"[CNC] S\u00e9minaire &#8220;Coh\u00e9sion nationale et citoyennet\u00e9&#8221; \u00e0 Marcq-en-Bar\u0153ul, en partenariat avec Lafarge et EDF.\"}]},{\"@type\":\"WebSite\",\"@id\":\"https:\\\/\\\/fdd-ihedn.fr\\\/#website\",\"url\":\"https:\\\/\\\/fdd-ihedn.fr\\\/\",\"name\":\"Fonds de dotation de l&#039;IHEDN\",\"description\":\"Des projets innovants d\u00e9velopp\u00e9s pour l&#039;IHEDN gr\u00e2ce au m\u00e9c\u00e9nat\",\"publisher\":{\"@id\":\"https:\\\/\\\/fdd-ihedn.fr\\\/#organization\"},\"potentialAction\":[{\"@type\":\"SearchAction\",\"target\":{\"@type\":\"EntryPoint\",\"urlTemplate\":\"https:\\\/\\\/fdd-ihedn.fr\\\/?s={search_term_string}\"},\"query-input\":{\"@type\":\"PropertyValueSpecification\",\"valueRequired\":true,\"valueName\":\"search_term_string\"}}],\"inLanguage\":\"en-GB\"},{\"@type\":\"Organization\",\"@id\":\"https:\\\/\\\/fdd-ihedn.fr\\\/#organization\",\"name\":\"Chaire \u00c9conomie de d\u00e9fense - IHEDN\",\"url\":\"https:\\\/\\\/fdd-ihedn.fr\\\/\",\"logo\":{\"@type\":\"ImageObject\",\"inLanguage\":\"en-GB\",\"@id\":\"https:\\\/\\\/fdd-ihedn.fr\\\/#\\\/schema\\\/logo\\\/image\\\/\",\"url\":\"https:\\\/\\\/fdd-ihedn.fr\\\/wp-content\\\/uploads\\\/2020\\\/04\\\/logoEcodef9.jpg\",\"contentUrl\":\"https:\\\/\\\/fdd-ihedn.fr\\\/wp-content\\\/uploads\\\/2020\\\/04\\\/logoEcodef9.jpg\",\"width\":410,\"height\":212,\"caption\":\"Chaire \u00c9conomie de d\u00e9fense - IHEDN\"},\"image\":{\"@id\":\"https:\\\/\\\/fdd-ihedn.fr\\\/#\\\/schema\\\/logo\\\/image\\\/\"},\"sameAs\":[\"https:\\\/\\\/x.com\\\/Chaire_Ecodef\",\"https:\\\/\\\/www.linkedin.com\\\/company\\\/chaire-ecodef-ihedn\\\/\"]},{\"@type\":\"Person\",\"@id\":\"https:\\\/\\\/fdd-ihedn.fr\\\/#\\\/schema\\\/person\\\/9fdc5a3e2e544ff0f51c5e0732af0c12\",\"name\":\"dev\",\"image\":{\"@type\":\"ImageObject\",\"inLanguage\":\"en-GB\",\"@id\":\"https:\\\/\\\/secure.gravatar.com\\\/avatar\\\/f1ffcac9ca2fa95ad3ec33e9be3ade82f752acb0cabe541e56c5889225afa88a?s=96&d=mm&r=g\",\"url\":\"https:\\\/\\\/secure.gravatar.com\\\/avatar\\\/f1ffcac9ca2fa95ad3ec33e9be3ade82f752acb0cabe541e56c5889225afa88a?s=96&d=mm&r=g\",\"contentUrl\":\"https:\\\/\\\/secure.gravatar.com\\\/avatar\\\/f1ffcac9ca2fa95ad3ec33e9be3ade82f752acb0cabe541e56c5889225afa88a?s=96&d=mm&r=g\",\"caption\":\"dev\"},\"url\":\"https:\\\/\\\/fdd-ihedn.fr\\\/en\\\/author\\\/dev\\\/\"}]}<\/script>\n<!-- \/ Yoast SEO plugin. -->","yoast_head_json":{"title":"[CNC] S\u00e9minaire \"Coh\u00e9sion nationale et citoyennet\u00e9\" \u00e0 Marcq-en-Bar\u0153ul, en partenariat avec Lafarge et EDF. - Fonds de dotation de l&#039;IHEDN","robots":{"index":"index","follow":"follow","max-snippet":"max-snippet:-1","max-image-preview":"max-image-preview:large","max-video-preview":"max-video-preview:-1"},"canonical":"https:\/\/fdd-ihedn.fr\/en\/seminaire-cohesion-nationale-et-citoyennete-a-marcq-en-baroeul\/","og_locale":"en_GB","og_type":"article","og_title":"[CNC] S\u00e9minaire \"Coh\u00e9sion nationale et citoyennet\u00e9\" \u00e0 Marcq-en-Bar\u0153ul, en partenariat avec Lafarge et EDF. - Fonds de dotation de l&#039;IHEDN","og_description":"Le s\u00e9minaire \u00ab Coh\u00e9sion nationale et citoyennet\u00e9-Lille \u00bb port\u00e9 par le fonds de dotation Le Cercle des partenaires de l\u2019IHEDN s\u2019est achev\u00e9 vendredi 4 novembre 2011. Dans une ambiance studieuse mais d\u00e9contract\u00e9e, le pr\u00e9fet Patrice Molle, directeur adjoint de l\u2019IHEDN, a pr\u00e9sid\u00e9 la journ\u00e9e de cl\u00f4ture en pr\u00e9sence de plusieurs personnalit\u00e9s de la r\u00e9gion lilloise. [&hellip;]","og_url":"https:\/\/fdd-ihedn.fr\/en\/seminaire-cohesion-nationale-et-citoyennete-a-marcq-en-baroeul\/","og_site_name":"Fonds de dotation de l&#039;IHEDN","article_published_time":"2011-11-04T07:00:40+00:00","article_modified_time":"2022-02-04T13:25:26+00:00","author":"dev","twitter_card":"summary_large_image","twitter_creator":"@Chaire_Ecodef","twitter_site":"@Chaire_Ecodef","twitter_misc":{"Written by":"dev","Estimated reading time":"2 minutes"},"schema":{"@context":"https:\/\/schema.org","@graph":[{"@type":"Article","@id":"https:\/\/fdd-ihedn.fr\/seminaire-cohesion-nationale-et-citoyennete-a-marcq-en-baroeul\/#article","isPartOf":{"@id":"https:\/\/fdd-ihedn.fr\/seminaire-cohesion-nationale-et-citoyennete-a-marcq-en-baroeul\/"},"author":{"name":"dev","@id":"https:\/\/fdd-ihedn.fr\/#\/schema\/person\/9fdc5a3e2e544ff0f51c5e0732af0c12"},"headline":"[CNC] S\u00e9minaire \u00ab\u00a0Coh\u00e9sion nationale et citoyennet\u00e9\u00a0\u00bb \u00e0 Marcq-en-Bar\u0153ul, en partenariat avec Lafarge et EDF.","datePublished":"2011-11-04T07:00:40+00:00","dateModified":"2022-02-04T13:25:26+00:00","mainEntityOfPage":{"@id":"https:\/\/fdd-ihedn.fr\/seminaire-cohesion-nationale-et-citoyennete-a-marcq-en-baroeul\/"},"wordCount":317,"commentCount":0,"publisher":{"@id":"https:\/\/fdd-ihedn.fr\/#organization"},"image":{"@id":"https:\/\/fdd-ihedn.fr\/seminaire-cohesion-nationale-et-citoyennete-a-marcq-en-baroeul\/#primaryimage"},"thumbnailUrl":"","articleSection":["Activit\u00e9s","CNC"],"inLanguage":"en-GB","potentialAction":[{"@type":"CommentAction","name":"Comment","target":["https:\/\/fdd-ihedn.fr\/seminaire-cohesion-nationale-et-citoyennete-a-marcq-en-baroeul\/#respond"]}]},{"@type":"WebPage","@id":"https:\/\/fdd-ihedn.fr\/seminaire-cohesion-nationale-et-citoyennete-a-marcq-en-baroeul\/","url":"https:\/\/fdd-ihedn.fr\/seminaire-cohesion-nationale-et-citoyennete-a-marcq-en-baroeul\/","name":"[CNC] S\u00e9minaire \"Coh\u00e9sion nationale et citoyennet\u00e9\" \u00e0 Marcq-en-Bar\u0153ul, en partenariat avec Lafarge et EDF. - Fonds de dotation de l&#039;IHEDN","isPartOf":{"@id":"https:\/\/fdd-ihedn.fr\/#website"},"primaryImageOfPage":{"@id":"https:\/\/fdd-ihedn.fr\/seminaire-cohesion-nationale-et-citoyennete-a-marcq-en-baroeul\/#primaryimage"},"image":{"@id":"https:\/\/fdd-ihedn.fr\/seminaire-cohesion-nationale-et-citoyennete-a-marcq-en-baroeul\/#primaryimage"},"thumbnailUrl":"","datePublished":"2011-11-04T07:00:40+00:00","dateModified":"2022-02-04T13:25:26+00:00","breadcrumb":{"@id":"https:\/\/fdd-ihedn.fr\/seminaire-cohesion-nationale-et-citoyennete-a-marcq-en-baroeul\/#breadcrumb"},"inLanguage":"en-GB","potentialAction":[{"@type":"ReadAction","target":["https:\/\/fdd-ihedn.fr\/seminaire-cohesion-nationale-et-citoyennete-a-marcq-en-baroeul\/"]}]},{"@type":"ImageObject","inLanguage":"en-GB","@id":"https:\/\/fdd-ihedn.fr\/seminaire-cohesion-nationale-et-citoyennete-a-marcq-en-baroeul\/#primaryimage","url":"","contentUrl":""},{"@type":"BreadcrumbList","@id":"https:\/\/fdd-ihedn.fr\/seminaire-cohesion-nationale-et-citoyennete-a-marcq-en-baroeul\/#breadcrumb","itemListElement":[{"@type":"ListItem","position":1,"name":"Accueil","item":"https:\/\/fdd-ihedn.fr\/"},{"@type":"ListItem","position":2,"name":"[CNC] S\u00e9minaire &#8220;Coh\u00e9sion nationale et citoyennet\u00e9&#8221; \u00e0 Marcq-en-Bar\u0153ul, en partenariat avec Lafarge et EDF."}]},{"@type":"WebSite","@id":"https:\/\/fdd-ihedn.fr\/#website","url":"https:\/\/fdd-ihedn.fr\/","name":"IHEDN Endowment Fund","description":"Innovative projects developed for IHEDN thanks to sponsorship","publisher":{"@id":"https:\/\/fdd-ihedn.fr\/#organization"},"potentialAction":[{"@type":"SearchAction","target":{"@type":"EntryPoint","urlTemplate":"https:\/\/fdd-ihedn.fr\/?s={search_term_string}"},"query-input":{"@type":"PropertyValueSpecification","valueRequired":true,"valueName":"search_term_string"}}],"inLanguage":"en-GB"},{"@type":"Organization","@id":"https:\/\/fdd-ihedn.fr\/#organization","name":"Chair in Defence Economics - IHEDN","url":"https:\/\/fdd-ihedn.fr\/","logo":{"@type":"ImageObject","inLanguage":"en-GB","@id":"https:\/\/fdd-ihedn.fr\/#\/schema\/logo\/image\/","url":"https:\/\/fdd-ihedn.fr\/wp-content\/uploads\/2020\/04\/logoEcodef9.jpg","contentUrl":"https:\/\/fdd-ihedn.fr\/wp-content\/uploads\/2020\/04\/logoEcodef9.jpg","width":410,"height":212,"caption":"Chaire \u00c9conomie de d\u00e9fense - IHEDN"},"image":{"@id":"https:\/\/fdd-ihedn.fr\/#\/schema\/logo\/image\/"},"sameAs":["https:\/\/x.com\/Chaire_Ecodef","https:\/\/www.linkedin.com\/company\/chaire-ecodef-ihedn\/"]},{"@type":"Person","@id":"https:\/\/fdd-ihedn.fr\/#\/schema\/person\/9fdc5a3e2e544ff0f51c5e0732af0c12","name":"dev","image":{"@type":"ImageObject","inLanguage":"en-GB","@id":"https:\/\/secure.gravatar.com\/avatar\/f1ffcac9ca2fa95ad3ec33e9be3ade82f752acb0cabe541e56c5889225afa88a?s=96&d=mm&r=g","url":"https:\/\/secure.gravatar.com\/avatar\/f1ffcac9ca2fa95ad3ec33e9be3ade82f752acb0cabe541e56c5889225afa88a?s=96&d=mm&r=g","contentUrl":"https:\/\/secure.gravatar.com\/avatar\/f1ffcac9ca2fa95ad3ec33e9be3ade82f752acb0cabe541e56c5889225afa88a?s=96&d=mm&r=g","caption":"dev"},"url":"https:\/\/fdd-ihedn.fr\/en\/author\/dev\/"}]}},"_links":{"self":[{"href":"https:\/\/fdd-ihedn.fr\/en\/wp-json\/wp\/v2\/posts\/4090","targetHints":{"allow":["GET"]}}],"collection":[{"href":"https:\/\/fdd-ihedn.fr\/en\/wp-json\/wp\/v2\/posts"}],"about":[{"href":"https:\/\/fdd-ihedn.fr\/en\/wp-json\/wp\/v2\/types\/post"}],"author":[{"embeddable":true,"href":"https:\/\/fdd-ihedn.fr\/en\/wp-json\/wp\/v2\/users\/1"}],"replies":[{"embeddable":true,"href":"https:\/\/fdd-ihedn.fr\/en\/wp-json\/wp\/v2\/comments?post=4090"}],"version-history":[{"count":2,"href":"https:\/\/fdd-ihedn.fr\/en\/wp-json\/wp\/v2\/posts\/4090\/revisions"}],"predecessor-version":[{"id":4969,"href":"https:\/\/fdd-ihedn.fr\/en\/wp-json\/wp\/v2\/posts\/4090\/revisions\/4969"}],"wp:featuredmedia":[{"embeddable":true,"href":"https:\/\/fdd-ihedn.fr\/en\/wp-json\/"}],"wp:attachment":[{"href":"https:\/\/fdd-ihedn.fr\/en\/wp-json\/wp\/v2\/media?parent=4090"}],"wp:term":[{"taxonomy":"category","embeddable":true,"href":"https:\/\/fdd-ihedn.fr\/en\/wp-json\/wp\/v2\/categories?post=4090"},{"taxonomy":"post_tag","embeddable":true,"href":"https:\/\/fdd-ihedn.fr\/en\/wp-json\/wp\/v2\/tags?post=4090"}],"curies":[{"name":"wp","href":"https:\/\/api.w.org\/{rel}","templated":true}]}}