{"id":4089,"date":"2012-06-14T16:22:38","date_gmt":"2012-06-14T14:22:38","guid":{"rendered":"https:\/\/fdd.concilium.click\/seminaire-cohesion-nationale-et-citoyennete-etre-un-citoyen-francais-en-2012\/"},"modified":"2022-02-04T14:25:53","modified_gmt":"2022-02-04T13:25:53","slug":"seminaire-cohesion-nationale-et-citoyennete-etre-un-citoyen-francais-en-2012","status":"publish","type":"post","link":"https:\/\/fdd-ihedn.fr\/en\/seminaire-cohesion-nationale-et-citoyennete-etre-un-citoyen-francais-en-2012\/","title":{"rendered":"[CNC] Clot\u00fbre du s\u00e9minaire \u00ab Coh\u00e9sion nationale et citoyennet\u00e9, \u00catre un citoyen fran\u00e7ais en 2012 \u00bb \u00e0 Marseille, en partenariat avec Lafarge et EDF."},"content":{"rendered":"<p>Le s\u00e9minaire \u00ab Coh\u00e9sion nationale et citoyennet\u00e9 \u00bb, port\u00e9 le Cercle des partenaires de l\u2019IHEDN, s\u2019est tenu pour sa deuxi\u00e8me session au lyc\u00e9e Honor\u00e9 Daumier \u00e0 Marseille (13008), durant cinq jours, r\u00e9partis du 3 mai au 14 juin 2012.<\/p>\n<p>Cette formation, destin\u00e9e \u00e0 des cadres ayant un r\u00f4le de relais aupr\u00e8s des jeunes en difficult\u00e9, avait pour objectif de susciter une r\u00e9flexion collective et des \u00e9changes sur les probl\u00e9matiques de citoyennet\u00e9 et de diffusion de l\u2019esprit de d\u00e9fense, autour de la th\u00e9matique centrale \u00ab \u00catre un citoyen Fran\u00e7ais en 2012 \u00bb.<\/p>\n<p>Quatre conf\u00e9rences ont \u00e9t\u00e9 donn\u00e9es :<\/p>\n<p>&#8211; M. le professeur Jean-Fran\u00e7ois Matt\u00e9i, philosophe (et Marseillais) : \u00ab Qu\u2019est-ce qu\u2019\u00eatre un citoyen Fran\u00e7ais \u00bb,<br \/>\n&#8211; M. le vice-procureur du Tribunal de grande instance de Marseille J\u00e9r\u00f4me Bourrier : \u00ab Citoyennet\u00e9 et autorit\u00e9 judiciaire, deux concepts corollaires \u00bb,<br \/>\n&#8211; \u00ab D\u00e9linquance et citoyennet\u00e9 \u00bb par le lieutenant-colonel Alain Dequaire du centre de coordination pour la lutte anti-drogue en M\u00e9diterran\u00e9e,<br \/>\n&#8211; et celle donn\u00e9e par M. Michel Lacroix, philosophe, intitul\u00e9e \u00ab Le patriotisme entre particularisme et universalisme \u00bb.<\/p>\n<p>Ces expos\u00e9s compl\u00e9t\u00e9s par des tables rondes et des visites de terrain au Bataillon des Marins-pompiers de Marseille et au M\u00e9morial de la Marseillaise ont permis de nourrir les r\u00e9flexions lors des travaux en comit\u00e9.<\/p>\n<p>Dans une ambiance studieuse mais d\u00e9contract\u00e9e, l\u2019ing\u00e9nieur g\u00e9n\u00e9ral de l\u2019armement Robert Ranquet, directeur adjoint de l\u2019IHEDN, a pr\u00e9sid\u00e9 la journ\u00e9e de cl\u00f4ture en pr\u00e9sence du vice-procureur du Tribunal de grande instance de Marseille, J\u00e9r\u00f4me Bourrier et du directeur ex\u00e9cutif du Cercle des Partenaires de l\u2019IHEDN, Laurence Varaut. \u00c0 l\u2019occasion de cette journ\u00e9e, les treize stagiaires, essentiellement venus du monde associatif, ont pr\u00e9sent\u00e9 les conclusions de leurs travaux de comit\u00e9.<\/p>\n<p>Chaque restitution a \u00e9t\u00e9 suivie d\u2019une p\u00e9riode de questions o\u00f9 les \u00e9changes ont \u00e9t\u00e9 riches et dynamiques \u00e0 l\u2019image du s\u00e9minaire. Le monde associatif marseillais a \u00e9t\u00e9 passionn\u00e9 par le s\u00e9minaire.<\/p>\n<p>La journ\u00e9e s\u2019est achev\u00e9e par la c\u00e9r\u00e9monie de remise d\u2019attestations de stages.<\/p>","protected":false},"excerpt":{"rendered":"<p>Le s\u00e9minaire \u00ab Coh\u00e9sion nationale et citoyennet\u00e9 \u00bb, port\u00e9 le Cercle des partenaires de l\u2019IHEDN, s\u2019est tenu pour sa deuxi\u00e8me session au lyc\u00e9e Honor\u00e9 Daumier \u00e0 Marseille (13008), durant cinq jours, r\u00e9partis du 3 mai au 14 juin 2012. Cette formation, destin\u00e9e \u00e0 des cadres ayant un r\u00f4le de relais aupr\u00e8s des jeunes en difficult\u00e9, [&hellip;]<\/p>\n","protected":false},"author":1,"featured_media":4247,"comment_status":"open","ping_status":"open","sticky":false,"template":"","format":"standard","meta":{"footnotes":""},"categories":[34,450],"tags":[],"class_list":{"0":"post-4089","1":"post","2":"type-post","3":"status-publish","4":"format-standard","5":"has-post-thumbnail","7":"category-activites","8":"category-cnc"},"yoast_head":"<!-- This site is optimized with the Yoast SEO plugin v27.4 - https:\/\/yoast.com\/product\/yoast-seo-wordpress\/ -->\n<title>[CNC] Clot\u00fbre du s\u00e9minaire \u00ab Coh\u00e9sion nationale et citoyennet\u00e9, \u00catre un citoyen fran\u00e7ais en 2012 \u00bb \u00e0 Marseille, en partenariat avec Lafarge et EDF. - Fonds de dotation de l&#039;IHEDN<\/title>\n<meta name=\"robots\" content=\"index, follow, max-snippet:-1, max-image-preview:large, max-video-preview:-1\" \/>\n<link rel=\"canonical\" href=\"https:\/\/fdd-ihedn.fr\/en\/seminaire-cohesion-nationale-et-citoyennete-etre-un-citoyen-francais-en-2012\/\" \/>\n<meta property=\"og:locale\" content=\"en_GB\" \/>\n<meta property=\"og:type\" content=\"article\" \/>\n<meta property=\"og:title\" content=\"[CNC] Clot\u00fbre du s\u00e9minaire \u00ab Coh\u00e9sion nationale et citoyennet\u00e9, \u00catre un citoyen fran\u00e7ais en 2012 \u00bb \u00e0 Marseille, en partenariat avec Lafarge et EDF. - Fonds de dotation de l&#039;IHEDN\" \/>\n<meta property=\"og:description\" content=\"Le s\u00e9minaire \u00ab Coh\u00e9sion nationale et citoyennet\u00e9 \u00bb, port\u00e9 le Cercle des partenaires de l\u2019IHEDN, s\u2019est tenu pour sa deuxi\u00e8me session au lyc\u00e9e Honor\u00e9 Daumier \u00e0 Marseille (13008), durant cinq jours, r\u00e9partis du 3 mai au 14 juin 2012. Cette formation, destin\u00e9e \u00e0 des cadres ayant un r\u00f4le de relais aupr\u00e8s des jeunes en difficult\u00e9, [&hellip;]\" \/>\n<meta property=\"og:url\" content=\"https:\/\/fdd-ihedn.fr\/en\/seminaire-cohesion-nationale-et-citoyennete-etre-un-citoyen-francais-en-2012\/\" \/>\n<meta property=\"og:site_name\" content=\"Fonds de dotation de l&#039;IHEDN\" \/>\n<meta property=\"article:published_time\" content=\"2012-06-14T14:22:38+00:00\" \/>\n<meta property=\"article:modified_time\" content=\"2022-02-04T13:25:53+00:00\" \/>\n<meta property=\"og:image\" content=\"https:\/\/fdd-ihedn.fr\/wp-content\/uploads\/2012\/06\/LE-CERCLE-DES-PARTENAIRES-DE-L-IHEDN-REPORTAGE-MARSEILLE-62.jpg\" \/>\n\t<meta property=\"og:image:width\" content=\"1202\" \/>\n\t<meta property=\"og:image:height\" content=\"800\" \/>\n\t<meta property=\"og:image:type\" content=\"image\/jpeg\" \/>\n<meta name=\"author\" content=\"dev\" \/>\n<meta name=\"twitter:card\" content=\"summary_large_image\" \/>\n<meta name=\"twitter:creator\" content=\"@Chaire_Ecodef\" \/>\n<meta name=\"twitter:site\" content=\"@Chaire_Ecodef\" \/>\n<meta name=\"twitter:label1\" content=\"Written by\" \/>\n\t<meta name=\"twitter:data1\" content=\"dev\" \/>\n\t<meta name=\"twitter:label2\" content=\"Estimated reading time\" \/>\n\t<meta name=\"twitter:data2\" content=\"2 minutes\" \/>\n<script type=\"application\/ld+json\" class=\"yoast-schema-graph\">{\"@context\":\"https:\\\/\\\/schema.org\",\"@graph\":[{\"@type\":\"Article\",\"@id\":\"https:\\\/\\\/fdd-ihedn.fr\\\/seminaire-cohesion-nationale-et-citoyennete-etre-un-citoyen-francais-en-2012\\\/#article\",\"isPartOf\":{\"@id\":\"https:\\\/\\\/fdd-ihedn.fr\\\/seminaire-cohesion-nationale-et-citoyennete-etre-un-citoyen-francais-en-2012\\\/\"},\"author\":{\"name\":\"dev\",\"@id\":\"https:\\\/\\\/fdd-ihedn.fr\\\/#\\\/schema\\\/person\\\/9fdc5a3e2e544ff0f51c5e0732af0c12\"},\"headline\":\"[CNC] Clot\u00fbre du s\u00e9minaire \u00ab Coh\u00e9sion nationale et citoyennet\u00e9, \u00catre un citoyen fran\u00e7ais en 2012 \u00bb \u00e0 Marseille, en partenariat avec Lafarge et EDF.\",\"datePublished\":\"2012-06-14T14:22:38+00:00\",\"dateModified\":\"2022-02-04T13:25:53+00:00\",\"mainEntityOfPage\":{\"@id\":\"https:\\\/\\\/fdd-ihedn.fr\\\/seminaire-cohesion-nationale-et-citoyennete-etre-un-citoyen-francais-en-2012\\\/\"},\"wordCount\":388,\"commentCount\":0,\"publisher\":{\"@id\":\"https:\\\/\\\/fdd-ihedn.fr\\\/#organization\"},\"image\":{\"@id\":\"https:\\\/\\\/fdd-ihedn.fr\\\/seminaire-cohesion-nationale-et-citoyennete-etre-un-citoyen-francais-en-2012\\\/#primaryimage\"},\"thumbnailUrl\":\"https:\\\/\\\/fdd-ihedn.fr\\\/wp-content\\\/uploads\\\/2012\\\/06\\\/LE-CERCLE-DES-PARTENAIRES-DE-L-IHEDN-REPORTAGE-MARSEILLE-62.jpg\",\"articleSection\":[\"Activit\u00e9s\",\"CNC\"],\"inLanguage\":\"en-GB\",\"potentialAction\":[{\"@type\":\"CommentAction\",\"name\":\"Comment\",\"target\":[\"https:\\\/\\\/fdd-ihedn.fr\\\/seminaire-cohesion-nationale-et-citoyennete-etre-un-citoyen-francais-en-2012\\\/#respond\"]}]},{\"@type\":\"WebPage\",\"@id\":\"https:\\\/\\\/fdd-ihedn.fr\\\/seminaire-cohesion-nationale-et-citoyennete-etre-un-citoyen-francais-en-2012\\\/\",\"url\":\"https:\\\/\\\/fdd-ihedn.fr\\\/seminaire-cohesion-nationale-et-citoyennete-etre-un-citoyen-francais-en-2012\\\/\",\"name\":\"[CNC] Clot\u00fbre du s\u00e9minaire \u00ab Coh\u00e9sion nationale et citoyennet\u00e9, \u00catre un citoyen fran\u00e7ais en 2012 \u00bb \u00e0 Marseille, en partenariat avec Lafarge et EDF. - Fonds de dotation de l&#039;IHEDN\",\"isPartOf\":{\"@id\":\"https:\\\/\\\/fdd-ihedn.fr\\\/#website\"},\"primaryImageOfPage\":{\"@id\":\"https:\\\/\\\/fdd-ihedn.fr\\\/seminaire-cohesion-nationale-et-citoyennete-etre-un-citoyen-francais-en-2012\\\/#primaryimage\"},\"image\":{\"@id\":\"https:\\\/\\\/fdd-ihedn.fr\\\/seminaire-cohesion-nationale-et-citoyennete-etre-un-citoyen-francais-en-2012\\\/#primaryimage\"},\"thumbnailUrl\":\"https:\\\/\\\/fdd-ihedn.fr\\\/wp-content\\\/uploads\\\/2012\\\/06\\\/LE-CERCLE-DES-PARTENAIRES-DE-L-IHEDN-REPORTAGE-MARSEILLE-62.jpg\",\"datePublished\":\"2012-06-14T14:22:38+00:00\",\"dateModified\":\"2022-02-04T13:25:53+00:00\",\"breadcrumb\":{\"@id\":\"https:\\\/\\\/fdd-ihedn.fr\\\/seminaire-cohesion-nationale-et-citoyennete-etre-un-citoyen-francais-en-2012\\\/#breadcrumb\"},\"inLanguage\":\"en-GB\",\"potentialAction\":[{\"@type\":\"ReadAction\",\"target\":[\"https:\\\/\\\/fdd-ihedn.fr\\\/seminaire-cohesion-nationale-et-citoyennete-etre-un-citoyen-francais-en-2012\\\/\"]}]},{\"@type\":\"ImageObject\",\"inLanguage\":\"en-GB\",\"@id\":\"https:\\\/\\\/fdd-ihedn.fr\\\/seminaire-cohesion-nationale-et-citoyennete-etre-un-citoyen-francais-en-2012\\\/#primaryimage\",\"url\":\"https:\\\/\\\/fdd-ihedn.fr\\\/wp-content\\\/uploads\\\/2012\\\/06\\\/LE-CERCLE-DES-PARTENAIRES-DE-L-IHEDN-REPORTAGE-MARSEILLE-62.jpg\",\"contentUrl\":\"https:\\\/\\\/fdd-ihedn.fr\\\/wp-content\\\/uploads\\\/2012\\\/06\\\/LE-CERCLE-DES-PARTENAIRES-DE-L-IHEDN-REPORTAGE-MARSEILLE-62.jpg\",\"width\":1202,\"height\":800},{\"@type\":\"BreadcrumbList\",\"@id\":\"https:\\\/\\\/fdd-ihedn.fr\\\/seminaire-cohesion-nationale-et-citoyennete-etre-un-citoyen-francais-en-2012\\\/#breadcrumb\",\"itemListElement\":[{\"@type\":\"ListItem\",\"position\":1,\"name\":\"Accueil\",\"item\":\"https:\\\/\\\/fdd-ihedn.fr\\\/\"},{\"@type\":\"ListItem\",\"position\":2,\"name\":\"[CNC] Clot\u00fbre du s\u00e9minaire \u00ab Coh\u00e9sion nationale et citoyennet\u00e9, \u00catre un citoyen fran\u00e7ais en 2012 \u00bb \u00e0 Marseille, en partenariat avec Lafarge et EDF.\"}]},{\"@type\":\"WebSite\",\"@id\":\"https:\\\/\\\/fdd-ihedn.fr\\\/#website\",\"url\":\"https:\\\/\\\/fdd-ihedn.fr\\\/\",\"name\":\"Fonds de dotation de l&#039;IHEDN\",\"description\":\"Des projets innovants d\u00e9velopp\u00e9s pour l&#039;IHEDN gr\u00e2ce au m\u00e9c\u00e9nat\",\"publisher\":{\"@id\":\"https:\\\/\\\/fdd-ihedn.fr\\\/#organization\"},\"potentialAction\":[{\"@type\":\"SearchAction\",\"target\":{\"@type\":\"EntryPoint\",\"urlTemplate\":\"https:\\\/\\\/fdd-ihedn.fr\\\/?s={search_term_string}\"},\"query-input\":{\"@type\":\"PropertyValueSpecification\",\"valueRequired\":true,\"valueName\":\"search_term_string\"}}],\"inLanguage\":\"en-GB\"},{\"@type\":\"Organization\",\"@id\":\"https:\\\/\\\/fdd-ihedn.fr\\\/#organization\",\"name\":\"Chaire \u00c9conomie de d\u00e9fense - IHEDN\",\"url\":\"https:\\\/\\\/fdd-ihedn.fr\\\/\",\"logo\":{\"@type\":\"ImageObject\",\"inLanguage\":\"en-GB\",\"@id\":\"https:\\\/\\\/fdd-ihedn.fr\\\/#\\\/schema\\\/logo\\\/image\\\/\",\"url\":\"https:\\\/\\\/fdd-ihedn.fr\\\/wp-content\\\/uploads\\\/2020\\\/04\\\/logoEcodef9.jpg\",\"contentUrl\":\"https:\\\/\\\/fdd-ihedn.fr\\\/wp-content\\\/uploads\\\/2020\\\/04\\\/logoEcodef9.jpg\",\"width\":410,\"height\":212,\"caption\":\"Chaire \u00c9conomie de d\u00e9fense - IHEDN\"},\"image\":{\"@id\":\"https:\\\/\\\/fdd-ihedn.fr\\\/#\\\/schema\\\/logo\\\/image\\\/\"},\"sameAs\":[\"https:\\\/\\\/x.com\\\/Chaire_Ecodef\",\"https:\\\/\\\/www.linkedin.com\\\/company\\\/chaire-ecodef-ihedn\\\/\"]},{\"@type\":\"Person\",\"@id\":\"https:\\\/\\\/fdd-ihedn.fr\\\/#\\\/schema\\\/person\\\/9fdc5a3e2e544ff0f51c5e0732af0c12\",\"name\":\"dev\",\"image\":{\"@type\":\"ImageObject\",\"inLanguage\":\"en-GB\",\"@id\":\"https:\\\/\\\/secure.gravatar.com\\\/avatar\\\/f1ffcac9ca2fa95ad3ec33e9be3ade82f752acb0cabe541e56c5889225afa88a?s=96&d=mm&r=g\",\"url\":\"https:\\\/\\\/secure.gravatar.com\\\/avatar\\\/f1ffcac9ca2fa95ad3ec33e9be3ade82f752acb0cabe541e56c5889225afa88a?s=96&d=mm&r=g\",\"contentUrl\":\"https:\\\/\\\/secure.gravatar.com\\\/avatar\\\/f1ffcac9ca2fa95ad3ec33e9be3ade82f752acb0cabe541e56c5889225afa88a?s=96&d=mm&r=g\",\"caption\":\"dev\"},\"url\":\"https:\\\/\\\/fdd-ihedn.fr\\\/en\\\/author\\\/dev\\\/\"}]}<\/script>\n<!-- \/ Yoast SEO plugin. -->","yoast_head_json":{"title":"[CNC] Clot\u00fbre du s\u00e9minaire \u00ab Coh\u00e9sion nationale et citoyennet\u00e9, \u00catre un citoyen fran\u00e7ais en 2012 \u00bb \u00e0 Marseille, en partenariat avec Lafarge et EDF. - Fonds de dotation de l&#039;IHEDN","robots":{"index":"index","follow":"follow","max-snippet":"max-snippet:-1","max-image-preview":"max-image-preview:large","max-video-preview":"max-video-preview:-1"},"canonical":"https:\/\/fdd-ihedn.fr\/en\/seminaire-cohesion-nationale-et-citoyennete-etre-un-citoyen-francais-en-2012\/","og_locale":"en_GB","og_type":"article","og_title":"[CNC] Clot\u00fbre du s\u00e9minaire \u00ab Coh\u00e9sion nationale et citoyennet\u00e9, \u00catre un citoyen fran\u00e7ais en 2012 \u00bb \u00e0 Marseille, en partenariat avec Lafarge et EDF. - Fonds de dotation de l&#039;IHEDN","og_description":"Le s\u00e9minaire \u00ab Coh\u00e9sion nationale et citoyennet\u00e9 \u00bb, port\u00e9 le Cercle des partenaires de l\u2019IHEDN, s\u2019est tenu pour sa deuxi\u00e8me session au lyc\u00e9e Honor\u00e9 Daumier \u00e0 Marseille (13008), durant cinq jours, r\u00e9partis du 3 mai au 14 juin 2012. Cette formation, destin\u00e9e \u00e0 des cadres ayant un r\u00f4le de relais aupr\u00e8s des jeunes en difficult\u00e9, [&hellip;]","og_url":"https:\/\/fdd-ihedn.fr\/en\/seminaire-cohesion-nationale-et-citoyennete-etre-un-citoyen-francais-en-2012\/","og_site_name":"Fonds de dotation de l&#039;IHEDN","article_published_time":"2012-06-14T14:22:38+00:00","article_modified_time":"2022-02-04T13:25:53+00:00","og_image":[{"width":1202,"height":800,"url":"https:\/\/fdd-ihedn.fr\/wp-content\/uploads\/2012\/06\/LE-CERCLE-DES-PARTENAIRES-DE-L-IHEDN-REPORTAGE-MARSEILLE-62.jpg","type":"image\/jpeg"}],"author":"dev","twitter_card":"summary_large_image","twitter_creator":"@Chaire_Ecodef","twitter_site":"@Chaire_Ecodef","twitter_misc":{"Written by":"dev","Estimated reading time":"2 minutes"},"schema":{"@context":"https:\/\/schema.org","@graph":[{"@type":"Article","@id":"https:\/\/fdd-ihedn.fr\/seminaire-cohesion-nationale-et-citoyennete-etre-un-citoyen-francais-en-2012\/#article","isPartOf":{"@id":"https:\/\/fdd-ihedn.fr\/seminaire-cohesion-nationale-et-citoyennete-etre-un-citoyen-francais-en-2012\/"},"author":{"name":"dev","@id":"https:\/\/fdd-ihedn.fr\/#\/schema\/person\/9fdc5a3e2e544ff0f51c5e0732af0c12"},"headline":"[CNC] Clot\u00fbre du s\u00e9minaire \u00ab Coh\u00e9sion nationale et citoyennet\u00e9, \u00catre un citoyen fran\u00e7ais en 2012 \u00bb \u00e0 Marseille, en partenariat avec Lafarge et EDF.","datePublished":"2012-06-14T14:22:38+00:00","dateModified":"2022-02-04T13:25:53+00:00","mainEntityOfPage":{"@id":"https:\/\/fdd-ihedn.fr\/seminaire-cohesion-nationale-et-citoyennete-etre-un-citoyen-francais-en-2012\/"},"wordCount":388,"commentCount":0,"publisher":{"@id":"https:\/\/fdd-ihedn.fr\/#organization"},"image":{"@id":"https:\/\/fdd-ihedn.fr\/seminaire-cohesion-nationale-et-citoyennete-etre-un-citoyen-francais-en-2012\/#primaryimage"},"thumbnailUrl":"https:\/\/fdd-ihedn.fr\/wp-content\/uploads\/2012\/06\/LE-CERCLE-DES-PARTENAIRES-DE-L-IHEDN-REPORTAGE-MARSEILLE-62.jpg","articleSection":["Activit\u00e9s","CNC"],"inLanguage":"en-GB","potentialAction":[{"@type":"CommentAction","name":"Comment","target":["https:\/\/fdd-ihedn.fr\/seminaire-cohesion-nationale-et-citoyennete-etre-un-citoyen-francais-en-2012\/#respond"]}]},{"@type":"WebPage","@id":"https:\/\/fdd-ihedn.fr\/seminaire-cohesion-nationale-et-citoyennete-etre-un-citoyen-francais-en-2012\/","url":"https:\/\/fdd-ihedn.fr\/seminaire-cohesion-nationale-et-citoyennete-etre-un-citoyen-francais-en-2012\/","name":"[CNC] Clot\u00fbre du s\u00e9minaire \u00ab Coh\u00e9sion nationale et citoyennet\u00e9, \u00catre un citoyen fran\u00e7ais en 2012 \u00bb \u00e0 Marseille, en partenariat avec Lafarge et EDF. - Fonds de dotation de l&#039;IHEDN","isPartOf":{"@id":"https:\/\/fdd-ihedn.fr\/#website"},"primaryImageOfPage":{"@id":"https:\/\/fdd-ihedn.fr\/seminaire-cohesion-nationale-et-citoyennete-etre-un-citoyen-francais-en-2012\/#primaryimage"},"image":{"@id":"https:\/\/fdd-ihedn.fr\/seminaire-cohesion-nationale-et-citoyennete-etre-un-citoyen-francais-en-2012\/#primaryimage"},"thumbnailUrl":"https:\/\/fdd-ihedn.fr\/wp-content\/uploads\/2012\/06\/LE-CERCLE-DES-PARTENAIRES-DE-L-IHEDN-REPORTAGE-MARSEILLE-62.jpg","datePublished":"2012-06-14T14:22:38+00:00","dateModified":"2022-02-04T13:25:53+00:00","breadcrumb":{"@id":"https:\/\/fdd-ihedn.fr\/seminaire-cohesion-nationale-et-citoyennete-etre-un-citoyen-francais-en-2012\/#breadcrumb"},"inLanguage":"en-GB","potentialAction":[{"@type":"ReadAction","target":["https:\/\/fdd-ihedn.fr\/seminaire-cohesion-nationale-et-citoyennete-etre-un-citoyen-francais-en-2012\/"]}]},{"@type":"ImageObject","inLanguage":"en-GB","@id":"https:\/\/fdd-ihedn.fr\/seminaire-cohesion-nationale-et-citoyennete-etre-un-citoyen-francais-en-2012\/#primaryimage","url":"https:\/\/fdd-ihedn.fr\/wp-content\/uploads\/2012\/06\/LE-CERCLE-DES-PARTENAIRES-DE-L-IHEDN-REPORTAGE-MARSEILLE-62.jpg","contentUrl":"https:\/\/fdd-ihedn.fr\/wp-content\/uploads\/2012\/06\/LE-CERCLE-DES-PARTENAIRES-DE-L-IHEDN-REPORTAGE-MARSEILLE-62.jpg","width":1202,"height":800},{"@type":"BreadcrumbList","@id":"https:\/\/fdd-ihedn.fr\/seminaire-cohesion-nationale-et-citoyennete-etre-un-citoyen-francais-en-2012\/#breadcrumb","itemListElement":[{"@type":"ListItem","position":1,"name":"Accueil","item":"https:\/\/fdd-ihedn.fr\/"},{"@type":"ListItem","position":2,"name":"[CNC] Clot\u00fbre du s\u00e9minaire \u00ab Coh\u00e9sion nationale et citoyennet\u00e9, \u00catre un citoyen fran\u00e7ais en 2012 \u00bb \u00e0 Marseille, en partenariat avec Lafarge et EDF."}]},{"@type":"WebSite","@id":"https:\/\/fdd-ihedn.fr\/#website","url":"https:\/\/fdd-ihedn.fr\/","name":"IHEDN Endowment Fund","description":"Innovative projects developed for IHEDN thanks to sponsorship","publisher":{"@id":"https:\/\/fdd-ihedn.fr\/#organization"},"potentialAction":[{"@type":"SearchAction","target":{"@type":"EntryPoint","urlTemplate":"https:\/\/fdd-ihedn.fr\/?s={search_term_string}"},"query-input":{"@type":"PropertyValueSpecification","valueRequired":true,"valueName":"search_term_string"}}],"inLanguage":"en-GB"},{"@type":"Organization","@id":"https:\/\/fdd-ihedn.fr\/#organization","name":"Chair in Defence Economics - IHEDN","url":"https:\/\/fdd-ihedn.fr\/","logo":{"@type":"ImageObject","inLanguage":"en-GB","@id":"https:\/\/fdd-ihedn.fr\/#\/schema\/logo\/image\/","url":"https:\/\/fdd-ihedn.fr\/wp-content\/uploads\/2020\/04\/logoEcodef9.jpg","contentUrl":"https:\/\/fdd-ihedn.fr\/wp-content\/uploads\/2020\/04\/logoEcodef9.jpg","width":410,"height":212,"caption":"Chaire \u00c9conomie de d\u00e9fense - IHEDN"},"image":{"@id":"https:\/\/fdd-ihedn.fr\/#\/schema\/logo\/image\/"},"sameAs":["https:\/\/x.com\/Chaire_Ecodef","https:\/\/www.linkedin.com\/company\/chaire-ecodef-ihedn\/"]},{"@type":"Person","@id":"https:\/\/fdd-ihedn.fr\/#\/schema\/person\/9fdc5a3e2e544ff0f51c5e0732af0c12","name":"dev","image":{"@type":"ImageObject","inLanguage":"en-GB","@id":"https:\/\/secure.gravatar.com\/avatar\/f1ffcac9ca2fa95ad3ec33e9be3ade82f752acb0cabe541e56c5889225afa88a?s=96&d=mm&r=g","url":"https:\/\/secure.gravatar.com\/avatar\/f1ffcac9ca2fa95ad3ec33e9be3ade82f752acb0cabe541e56c5889225afa88a?s=96&d=mm&r=g","contentUrl":"https:\/\/secure.gravatar.com\/avatar\/f1ffcac9ca2fa95ad3ec33e9be3ade82f752acb0cabe541e56c5889225afa88a?s=96&d=mm&r=g","caption":"dev"},"url":"https:\/\/fdd-ihedn.fr\/en\/author\/dev\/"}]}},"_links":{"self":[{"href":"https:\/\/fdd-ihedn.fr\/en\/wp-json\/wp\/v2\/posts\/4089","targetHints":{"allow":["GET"]}}],"collection":[{"href":"https:\/\/fdd-ihedn.fr\/en\/wp-json\/wp\/v2\/posts"}],"about":[{"href":"https:\/\/fdd-ihedn.fr\/en\/wp-json\/wp\/v2\/types\/post"}],"author":[{"embeddable":true,"href":"https:\/\/fdd-ihedn.fr\/en\/wp-json\/wp\/v2\/users\/1"}],"replies":[{"embeddable":true,"href":"https:\/\/fdd-ihedn.fr\/en\/wp-json\/wp\/v2\/comments?post=4089"}],"version-history":[{"count":2,"href":"https:\/\/fdd-ihedn.fr\/en\/wp-json\/wp\/v2\/posts\/4089\/revisions"}],"predecessor-version":[{"id":4970,"href":"https:\/\/fdd-ihedn.fr\/en\/wp-json\/wp\/v2\/posts\/4089\/revisions\/4970"}],"wp:featuredmedia":[{"embeddable":true,"href":"https:\/\/fdd-ihedn.fr\/en\/wp-json\/wp\/v2\/media\/4247"}],"wp:attachment":[{"href":"https:\/\/fdd-ihedn.fr\/en\/wp-json\/wp\/v2\/media?parent=4089"}],"wp:term":[{"taxonomy":"category","embeddable":true,"href":"https:\/\/fdd-ihedn.fr\/en\/wp-json\/wp\/v2\/categories?post=4089"},{"taxonomy":"post_tag","embeddable":true,"href":"https:\/\/fdd-ihedn.fr\/en\/wp-json\/wp\/v2\/tags?post=4089"}],"curies":[{"name":"wp","href":"https:\/\/api.w.org\/{rel}","templated":true}]}}